{"id":210536,"date":"2023-12-02T12:01:00","date_gmt":"2023-12-02T12:01:00","guid":{"rendered":"https:\/\/www.webdo.tn\/fr\/blog\/240-morts-a-gaza-pour-la-reprise-des-bombardements-israeliens\/210536\/"},"modified":"2025-05-20T21:55:10","modified_gmt":"2025-05-20T21:55:10","slug":"240-morts-a-gaza-pour-la-reprise-des-bombardements-israeliens","status":"publish","type":"post","link":"https:\/\/www.webdo.tn\/fr\/actualite\/international\/240-morts-a-gaza-pour-la-reprise-des-bombardements-israeliens\/210536\/","title":{"rendered":"240 morts \u00e0 Gaza pour la reprise des bombardements isra\u00e9liens"},"content":{"rendered":"<p>Plus de 240 Palestiniens ont \u00e9t\u00e9 tu\u00e9s par l\u2019arm\u00e9e d\u2019occupation isra\u00e9lienne \u00e0 Gaza depuis la fin de la tr\u00eave, vendredi matin entre le Hamas et Isra\u00ebl.<\/p>\n<p>\t\t\t\t\t\t\t\t\tAu moins 240 Palestiniens ont \u00e9t\u00e9 tu\u00e9s dans des bombardements isra\u00e9liens dans la bande de Gaza depuis la fin de la tr\u00eave vendredi matin, selon le minist\u00e8re de la Sant\u00e9 du Hamas, recensant \u00e9galement plus de 650 bless\u00e9s dans l&rsquo;agression isra\u00e9lienne.<\/p>\n<p>La tr\u00eave entre Isra\u00ebl et le Hamas entr\u00e9e en vigueur le 24 novembre dans la bande de Gaza a expir\u00e9 hier. L&rsquo;arm\u00e9e isra\u00e9lienne a annonc\u00e9 dans la foul\u00e9e avoir \u00ab\u00a0repris le combat\u00a0\u00bb.<\/p>\n<p>De son c\u00f4t\u00e9, l&rsquo;entit\u00e9 sioniste a annonc\u00e9 avoir frapp\u00e9, vendredi plus de 200 cibles dans la bande de Gaza.<\/p>\n<p>D&rsquo;apr\u00e8s le gouvernement du Hamas, plus de 15.000 personnes, dont plus de 6150 de moins de 18 ans, ont p\u00e9ri dans les frappes isra\u00e9liennes depuis le 7 octobre.<\/p>\n","protected":false},"excerpt":{"rendered":"<p>Plus de 240 Palestiniens ont \u00e9t\u00e9 tu\u00e9s par l\u2019arm\u00e9e d\u2019occupation isra\u00e9lienne \u00e0 Gaza depuis la fin de la tr\u00eave, vendredi matin entre le Hamas et Isra\u00ebl.<\/p>\n","protected":false},"author":3162,"featured_media":376290,"comment_status":"open","ping_status":"closed","sticky":false,"template":"","format":"standard","meta":{"footnotes":""},"categories":[2598],"tags":[2689,4472,2688],"class_list":["post-210536","post","type-post","status-publish","format-standard","has-post-thumbnail","hentry","category-international","tag-gaza","tag-martyrs","tag-palestine"],"yoast_head":"<!-- This site is optimized with the Yoast SEO Premium plugin v27.5 (Yoast SEO v27.5) - https:\/\/yoast.com\/product\/yoast-seo-premium-wordpress\/ -->\n<title>240 morts \u00e0 Gaza pour la reprise des bombardements isra\u00e9liens<\/title>\n<meta name=\"description\" content=\"Plus de 240 Palestiniens ont \u00e9t\u00e9 tu\u00e9s par l\u2019arm\u00e9e d\u2019occupation isra\u00e9lienne \u00e0 Gaza depuis la fin de la tr\u00eave, vendredi matin entre le Hamas et Isra\u00ebl.\" \/>\n<link rel=\"canonical\" href=\"https:\/\/www.webdo.tn\/fr\/actualite\/international\/240-morts-a-gaza-pour-la-reprise-des-bombardements-israeliens\/210536\/\" \/>\n<meta property=\"og:locale\" content=\"fr_FR\" \/>\n<meta property=\"og:type\" content=\"article\" \/>\n<meta property=\"og:title\" content=\"240 morts \u00e0 Gaza pour la reprise des bombardements isra\u00e9liens\" \/>\n<meta property=\"og:description\" content=\"Plus de 240 Palestiniens ont \u00e9t\u00e9 tu\u00e9s par l\u2019arm\u00e9e d\u2019occupation isra\u00e9lienne \u00e0 Gaza depuis la fin de la tr\u00eave, vendredi matin entre le Hamas et Isra\u00ebl.\" \/>\n<meta property=\"og:url\" content=\"https:\/\/www.webdo.tn\/fr\/actualite\/international\/240-morts-a-gaza-pour-la-reprise-des-bombardements-israeliens\/210536\/\" \/>\n<meta property=\"og:site_name\" content=\"webdo\" \/>\n<meta property=\"article:publisher\" content=\"https:\/\/www.facebook.com\/webdotn\" \/>\n<meta property=\"article:published_time\" content=\"2023-12-02T12:01:00+00:00\" \/>\n<meta property=\"article:modified_time\" content=\"2025-05-20T21:55:10+00:00\" \/>\n<meta name=\"author\" content=\"MC\" \/>\n<meta name=\"twitter:card\" content=\"summary_large_image\" \/>\n<meta name=\"twitter:creator\" content=\"@webdo_tn\" \/>\n<meta name=\"twitter:site\" content=\"@webdo_tn\" \/>\n<meta name=\"twitter:label1\" content=\"\u00c9crit par\" \/>\n\t<meta name=\"twitter:data1\" content=\"MC\" \/>\n\t<meta name=\"twitter:label2\" content=\"Dur\u00e9e de lecture estim\u00e9e\" \/>\n\t<meta name=\"twitter:data2\" content=\"1 minute\" \/>\n<script type=\"application\/ld+json\" class=\"yoast-schema-graph\">{\"@context\":\"https:\\\/\\\/schema.org\",\"@graph\":[{\"@type\":\"NewsArticle\",\"@id\":\"https:\\\/\\\/www.webdo.tn\\\/fr\\\/actualite\\\/international\\\/240-morts-a-gaza-pour-la-reprise-des-bombardements-israeliens\\\/210536\\\/#article\",\"isPartOf\":{\"@id\":\"https:\\\/\\\/www.webdo.tn\\\/fr\\\/actualite\\\/international\\\/240-morts-a-gaza-pour-la-reprise-des-bombardements-israeliens\\\/210536\\\/\"},\"author\":{\"name\":\"MC\",\"@id\":\"https:\\\/\\\/www.webdo.tn\\\/fr\\\/#\\\/schema\\\/person\\\/2c4929cbf5a809e3bd38617c6ce150f6\"},\"headline\":\"240 morts \u00e0 Gaza pour la reprise des bombardements isra\u00e9liens\",\"datePublished\":\"2023-12-02T12:01:00+00:00\",\"dateModified\":\"2025-05-20T21:55:10+00:00\",\"mainEntityOfPage\":{\"@id\":\"https:\\\/\\\/www.webdo.tn\\\/fr\\\/actualite\\\/international\\\/240-morts-a-gaza-pour-la-reprise-des-bombardements-israeliens\\\/210536\\\/\"},\"wordCount\":172,\"commentCount\":0,\"publisher\":{\"@id\":\"https:\\\/\\\/www.webdo.tn\\\/fr\\\/#organization\"},\"image\":{\"@id\":\"https:\\\/\\\/www.webdo.tn\\\/fr\\\/actualite\\\/international\\\/240-morts-a-gaza-pour-la-reprise-des-bombardements-israeliens\\\/210536\\\/#primaryimage\"},\"thumbnailUrl\":\"https:\\\/\\\/www.webdo.tn\\\/fr\\\/wp-content\\\/uploads\\\/2025\\\/06\\\/FireShot-Capture-1063-webdo_default-53-750x375.jpg-750\u00d7375-www.webdo_.tn_.png\",\"keywords\":[\"Gaza\",\"Martyrs\",\"Palestine\"],\"articleSection\":[\"International\"],\"inLanguage\":\"fr-FR\"},{\"@type\":\"WebPage\",\"@id\":\"https:\\\/\\\/www.webdo.tn\\\/fr\\\/actualite\\\/international\\\/240-morts-a-gaza-pour-la-reprise-des-bombardements-israeliens\\\/210536\\\/\",\"url\":\"https:\\\/\\\/www.webdo.tn\\\/fr\\\/actualite\\\/international\\\/240-morts-a-gaza-pour-la-reprise-des-bombardements-israeliens\\\/210536\\\/\",\"name\":\"240 morts \u00e0 Gaza pour la reprise des bombardements isra\u00e9liens\",\"isPartOf\":{\"@id\":\"https:\\\/\\\/www.webdo.tn\\\/fr\\\/#website\"},\"primaryImageOfPage\":{\"@id\":\"https:\\\/\\\/www.webdo.tn\\\/fr\\\/actualite\\\/international\\\/240-morts-a-gaza-pour-la-reprise-des-bombardements-israeliens\\\/210536\\\/#primaryimage\"},\"image\":{\"@id\":\"https:\\\/\\\/www.webdo.tn\\\/fr\\\/actualite\\\/international\\\/240-morts-a-gaza-pour-la-reprise-des-bombardements-israeliens\\\/210536\\\/#primaryimage\"},\"thumbnailUrl\":\"https:\\\/\\\/www.webdo.tn\\\/fr\\\/wp-content\\\/uploads\\\/2025\\\/06\\\/FireShot-Capture-1063-webdo_default-53-750x375.jpg-750\u00d7375-www.webdo_.tn_.png\",\"datePublished\":\"2023-12-02T12:01:00+00:00\",\"dateModified\":\"2025-05-20T21:55:10+00:00\",\"description\":\"Plus de 240 Palestiniens ont \u00e9t\u00e9 tu\u00e9s par l\u2019arm\u00e9e d\u2019occupation isra\u00e9lienne \u00e0 Gaza depuis la fin de la tr\u00eave, vendredi matin entre le Hamas et Isra\u00ebl.\",\"breadcrumb\":{\"@id\":\"https:\\\/\\\/www.webdo.tn\\\/fr\\\/actualite\\\/international\\\/240-morts-a-gaza-pour-la-reprise-des-bombardements-israeliens\\\/210536\\\/#breadcrumb\"},\"inLanguage\":\"fr-FR\",\"potentialAction\":[{\"@type\":\"ReadAction\",\"target\":[\"https:\\\/\\\/www.webdo.tn\\\/fr\\\/actualite\\\/international\\\/240-morts-a-gaza-pour-la-reprise-des-bombardements-israeliens\\\/210536\\\/\"]}]},{\"@type\":\"ImageObject\",\"inLanguage\":\"fr-FR\",\"@id\":\"https:\\\/\\\/www.webdo.tn\\\/fr\\\/actualite\\\/international\\\/240-morts-a-gaza-pour-la-reprise-des-bombardements-israeliens\\\/210536\\\/#primaryimage\",\"url\":\"https:\\\/\\\/www.webdo.tn\\\/fr\\\/wp-content\\\/uploads\\\/2025\\\/06\\\/FireShot-Capture-1063-webdo_default-53-750x375.jpg-750\u00d7375-www.webdo_.tn_.png\",\"contentUrl\":\"https:\\\/\\\/www.webdo.tn\\\/fr\\\/wp-content\\\/uploads\\\/2025\\\/06\\\/FireShot-Capture-1063-webdo_default-53-750x375.jpg-750\u00d7375-www.webdo_.tn_.png\",\"width\":746,\"height\":371},{\"@type\":\"BreadcrumbList\",\"@id\":\"https:\\\/\\\/www.webdo.tn\\\/fr\\\/actualite\\\/international\\\/240-morts-a-gaza-pour-la-reprise-des-bombardements-israeliens\\\/210536\\\/#breadcrumb\",\"itemListElement\":[{\"@type\":\"ListItem\",\"position\":1,\"name\":\"Accueil\",\"item\":\"https:\\\/\\\/www.webdo.tn\\\/fr\\\/\"},{\"@type\":\"ListItem\",\"position\":2,\"name\":\"240 morts \u00e0 Gaza pour la reprise des bombardements isra\u00e9liens\"}]},{\"@type\":\"WebSite\",\"@id\":\"https:\\\/\\\/www.webdo.tn\\\/fr\\\/#website\",\"url\":\"https:\\\/\\\/www.webdo.tn\\\/fr\\\/\",\"name\":\"webdo\",\"description\":\"Tunisie - News en Tunisie et \u00e0 l&#039;international sur Webdo.tn\",\"publisher\":{\"@id\":\"https:\\\/\\\/www.webdo.tn\\\/fr\\\/#organization\"},\"potentialAction\":[{\"@type\":\"SearchAction\",\"target\":{\"@type\":\"EntryPoint\",\"urlTemplate\":\"https:\\\/\\\/www.webdo.tn\\\/fr\\\/?s={search_term_string}\"},\"query-input\":{\"@type\":\"PropertyValueSpecification\",\"valueRequired\":true,\"valueName\":\"search_term_string\"}}],\"inLanguage\":\"fr-FR\"},{\"@type\":\"Organization\",\"@id\":\"https:\\\/\\\/www.webdo.tn\\\/fr\\\/#organization\",\"name\":\"Webdo\",\"alternateName\":\"Webdo.tn\",\"url\":\"https:\\\/\\\/www.webdo.tn\\\/fr\\\/\",\"logo\":{\"@type\":\"ImageObject\",\"inLanguage\":\"fr-FR\",\"@id\":\"https:\\\/\\\/www.webdo.tn\\\/fr\\\/#\\\/schema\\\/logo\\\/image\\\/\",\"url\":\"https:\\\/\\\/www.webdo.tn\\\/fr\\\/wp-content\\\/uploads\\\/2025\\\/06\\\/Webdo-Tunisie_168377.jpg\",\"contentUrl\":\"https:\\\/\\\/www.webdo.tn\\\/fr\\\/wp-content\\\/uploads\\\/2025\\\/06\\\/Webdo-Tunisie_168377.jpg\",\"width\":301,\"height\":301,\"caption\":\"Webdo\"},\"image\":{\"@id\":\"https:\\\/\\\/www.webdo.tn\\\/fr\\\/#\\\/schema\\\/logo\\\/image\\\/\"},\"sameAs\":[\"https:\\\/\\\/www.facebook.com\\\/webdotn\",\"https:\\\/\\\/x.com\\\/webdo_tn\"],\"description\":\"Webdo est un m\u00e9dia num\u00e9rique tunisien fond\u00e9 en 2010, sp\u00e9cialis\u00e9 dans l\u2019actualit\u00e9 nationale et internationale, l\u2019\u00e9conomie, la soci\u00e9t\u00e9 et les analyses politiques. Le site s\u2019adresse \u00e0 un large public francophone et couvre l\u2019information tunisienne en temps r\u00e9el.\",\"email\":\"redac@webdo.tn\",\"legalName\":\"YNJ SARL\",\"foundingDate\":\"2010-09-06\",\"numberOfEmployees\":{\"@type\":\"QuantitativeValue\",\"minValue\":\"11\",\"maxValue\":\"50\"}},{\"@type\":\"Person\",\"@id\":\"https:\\\/\\\/www.webdo.tn\\\/fr\\\/#\\\/schema\\\/person\\\/2c4929cbf5a809e3bd38617c6ce150f6\",\"name\":\"MC\",\"image\":{\"@type\":\"ImageObject\",\"inLanguage\":\"fr-FR\",\"@id\":\"https:\\\/\\\/secure.gravatar.com\\\/avatar\\\/a545bbb6f84efdd5553dbbc2895e3ca8f1d12c5215e00a041c9670b54aa9b18a?s=96&d=mm&r=g\",\"url\":\"https:\\\/\\\/secure.gravatar.com\\\/avatar\\\/a545bbb6f84efdd5553dbbc2895e3ca8f1d12c5215e00a041c9670b54aa9b18a?s=96&d=mm&r=g\",\"contentUrl\":\"https:\\\/\\\/secure.gravatar.com\\\/avatar\\\/a545bbb6f84efdd5553dbbc2895e3ca8f1d12c5215e00a041c9670b54aa9b18a?s=96&d=mm&r=g\",\"caption\":\"MC\"},\"url\":\"https:\\\/\\\/www.webdo.tn\\\/fr\\\/actualite\\\/author\\\/mc\\\/\"}]}<\/script>\n<!-- \/ Yoast SEO Premium plugin. -->","yoast_head_json":{"title":"240 morts \u00e0 Gaza pour la reprise des bombardements isra\u00e9liens","description":"Plus de 240 Palestiniens ont \u00e9t\u00e9 tu\u00e9s par l\u2019arm\u00e9e d\u2019occupation isra\u00e9lienne \u00e0 Gaza depuis la fin de la tr\u00eave, vendredi matin entre le Hamas et Isra\u00ebl.","canonical":"https:\/\/www.webdo.tn\/fr\/actualite\/international\/240-morts-a-gaza-pour-la-reprise-des-bombardements-israeliens\/210536\/","og_locale":"fr_FR","og_type":"article","og_title":"240 morts \u00e0 Gaza pour la reprise des bombardements isra\u00e9liens","og_description":"Plus de 240 Palestiniens ont \u00e9t\u00e9 tu\u00e9s par l\u2019arm\u00e9e d\u2019occupation isra\u00e9lienne \u00e0 Gaza depuis la fin de la tr\u00eave, vendredi matin entre le Hamas et Isra\u00ebl.","og_url":"https:\/\/www.webdo.tn\/fr\/actualite\/international\/240-morts-a-gaza-pour-la-reprise-des-bombardements-israeliens\/210536\/","og_site_name":"webdo","article_publisher":"https:\/\/www.facebook.com\/webdotn","article_published_time":"2023-12-02T12:01:00+00:00","article_modified_time":"2025-05-20T21:55:10+00:00","author":"MC","twitter_card":"summary_large_image","twitter_creator":"@webdo_tn","twitter_site":"@webdo_tn","twitter_misc":{"\u00c9crit par":"MC","Dur\u00e9e de lecture estim\u00e9e":"1 minute"},"schema":{"@context":"https:\/\/schema.org","@graph":[{"@type":"NewsArticle","@id":"https:\/\/www.webdo.tn\/fr\/actualite\/international\/240-morts-a-gaza-pour-la-reprise-des-bombardements-israeliens\/210536\/#article","isPartOf":{"@id":"https:\/\/www.webdo.tn\/fr\/actualite\/international\/240-morts-a-gaza-pour-la-reprise-des-bombardements-israeliens\/210536\/"},"author":{"name":"MC","@id":"https:\/\/www.webdo.tn\/fr\/#\/schema\/person\/2c4929cbf5a809e3bd38617c6ce150f6"},"headline":"240 morts \u00e0 Gaza pour la reprise des bombardements isra\u00e9liens","datePublished":"2023-12-02T12:01:00+00:00","dateModified":"2025-05-20T21:55:10+00:00","mainEntityOfPage":{"@id":"https:\/\/www.webdo.tn\/fr\/actualite\/international\/240-morts-a-gaza-pour-la-reprise-des-bombardements-israeliens\/210536\/"},"wordCount":172,"commentCount":0,"publisher":{"@id":"https:\/\/www.webdo.tn\/fr\/#organization"},"image":{"@id":"https:\/\/www.webdo.tn\/fr\/actualite\/international\/240-morts-a-gaza-pour-la-reprise-des-bombardements-israeliens\/210536\/#primaryimage"},"thumbnailUrl":"https:\/\/www.webdo.tn\/fr\/wp-content\/uploads\/2025\/06\/FireShot-Capture-1063-webdo_default-53-750x375.jpg-750\u00d7375-www.webdo_.tn_.png","keywords":["Gaza","Martyrs","Palestine"],"articleSection":["International"],"inLanguage":"fr-FR"},{"@type":"WebPage","@id":"https:\/\/www.webdo.tn\/fr\/actualite\/international\/240-morts-a-gaza-pour-la-reprise-des-bombardements-israeliens\/210536\/","url":"https:\/\/www.webdo.tn\/fr\/actualite\/international\/240-morts-a-gaza-pour-la-reprise-des-bombardements-israeliens\/210536\/","name":"240 morts \u00e0 Gaza pour la reprise des bombardements isra\u00e9liens","isPartOf":{"@id":"https:\/\/www.webdo.tn\/fr\/#website"},"primaryImageOfPage":{"@id":"https:\/\/www.webdo.tn\/fr\/actualite\/international\/240-morts-a-gaza-pour-la-reprise-des-bombardements-israeliens\/210536\/#primaryimage"},"image":{"@id":"https:\/\/www.webdo.tn\/fr\/actualite\/international\/240-morts-a-gaza-pour-la-reprise-des-bombardements-israeliens\/210536\/#primaryimage"},"thumbnailUrl":"https:\/\/www.webdo.tn\/fr\/wp-content\/uploads\/2025\/06\/FireShot-Capture-1063-webdo_default-53-750x375.jpg-750\u00d7375-www.webdo_.tn_.png","datePublished":"2023-12-02T12:01:00+00:00","dateModified":"2025-05-20T21:55:10+00:00","description":"Plus de 240 Palestiniens ont \u00e9t\u00e9 tu\u00e9s par l\u2019arm\u00e9e d\u2019occupation isra\u00e9lienne \u00e0 Gaza depuis la fin de la tr\u00eave, vendredi matin entre le Hamas et Isra\u00ebl.","breadcrumb":{"@id":"https:\/\/www.webdo.tn\/fr\/actualite\/international\/240-morts-a-gaza-pour-la-reprise-des-bombardements-israeliens\/210536\/#breadcrumb"},"inLanguage":"fr-FR","potentialAction":[{"@type":"ReadAction","target":["https:\/\/www.webdo.tn\/fr\/actualite\/international\/240-morts-a-gaza-pour-la-reprise-des-bombardements-israeliens\/210536\/"]}]},{"@type":"ImageObject","inLanguage":"fr-FR","@id":"https:\/\/www.webdo.tn\/fr\/actualite\/international\/240-morts-a-gaza-pour-la-reprise-des-bombardements-israeliens\/210536\/#primaryimage","url":"https:\/\/www.webdo.tn\/fr\/wp-content\/uploads\/2025\/06\/FireShot-Capture-1063-webdo_default-53-750x375.jpg-750\u00d7375-www.webdo_.tn_.png","contentUrl":"https:\/\/www.webdo.tn\/fr\/wp-content\/uploads\/2025\/06\/FireShot-Capture-1063-webdo_default-53-750x375.jpg-750\u00d7375-www.webdo_.tn_.png","width":746,"height":371},{"@type":"BreadcrumbList","@id":"https:\/\/www.webdo.tn\/fr\/actualite\/international\/240-morts-a-gaza-pour-la-reprise-des-bombardements-israeliens\/210536\/#breadcrumb","itemListElement":[{"@type":"ListItem","position":1,"name":"Accueil","item":"https:\/\/www.webdo.tn\/fr\/"},{"@type":"ListItem","position":2,"name":"240 morts \u00e0 Gaza pour la reprise des bombardements isra\u00e9liens"}]},{"@type":"WebSite","@id":"https:\/\/www.webdo.tn\/fr\/#website","url":"https:\/\/www.webdo.tn\/fr\/","name":"webdo","description":"Tunisie - News en Tunisie et \u00e0 l&#039;international sur Webdo.tn","publisher":{"@id":"https:\/\/www.webdo.tn\/fr\/#organization"},"potentialAction":[{"@type":"SearchAction","target":{"@type":"EntryPoint","urlTemplate":"https:\/\/www.webdo.tn\/fr\/?s={search_term_string}"},"query-input":{"@type":"PropertyValueSpecification","valueRequired":true,"valueName":"search_term_string"}}],"inLanguage":"fr-FR"},{"@type":"Organization","@id":"https:\/\/www.webdo.tn\/fr\/#organization","name":"Webdo","alternateName":"Webdo.tn","url":"https:\/\/www.webdo.tn\/fr\/","logo":{"@type":"ImageObject","inLanguage":"fr-FR","@id":"https:\/\/www.webdo.tn\/fr\/#\/schema\/logo\/image\/","url":"https:\/\/www.webdo.tn\/fr\/wp-content\/uploads\/2025\/06\/Webdo-Tunisie_168377.jpg","contentUrl":"https:\/\/www.webdo.tn\/fr\/wp-content\/uploads\/2025\/06\/Webdo-Tunisie_168377.jpg","width":301,"height":301,"caption":"Webdo"},"image":{"@id":"https:\/\/www.webdo.tn\/fr\/#\/schema\/logo\/image\/"},"sameAs":["https:\/\/www.facebook.com\/webdotn","https:\/\/x.com\/webdo_tn"],"description":"Webdo est un m\u00e9dia num\u00e9rique tunisien fond\u00e9 en 2010, sp\u00e9cialis\u00e9 dans l\u2019actualit\u00e9 nationale et internationale, l\u2019\u00e9conomie, la soci\u00e9t\u00e9 et les analyses politiques. Le site s\u2019adresse \u00e0 un large public francophone et couvre l\u2019information tunisienne en temps r\u00e9el.","email":"redac@webdo.tn","legalName":"YNJ SARL","foundingDate":"2010-09-06","numberOfEmployees":{"@type":"QuantitativeValue","minValue":"11","maxValue":"50"}},{"@type":"Person","@id":"https:\/\/www.webdo.tn\/fr\/#\/schema\/person\/2c4929cbf5a809e3bd38617c6ce150f6","name":"MC","image":{"@type":"ImageObject","inLanguage":"fr-FR","@id":"https:\/\/secure.gravatar.com\/avatar\/a545bbb6f84efdd5553dbbc2895e3ca8f1d12c5215e00a041c9670b54aa9b18a?s=96&d=mm&r=g","url":"https:\/\/secure.gravatar.com\/avatar\/a545bbb6f84efdd5553dbbc2895e3ca8f1d12c5215e00a041c9670b54aa9b18a?s=96&d=mm&r=g","contentUrl":"https:\/\/secure.gravatar.com\/avatar\/a545bbb6f84efdd5553dbbc2895e3ca8f1d12c5215e00a041c9670b54aa9b18a?s=96&d=mm&r=g","caption":"MC"},"url":"https:\/\/www.webdo.tn\/fr\/actualite\/author\/mc\/"}]}},"_links":{"self":[{"href":"https:\/\/www.webdo.tn\/fr\/wp-json\/wp\/v2\/posts\/210536","targetHints":{"allow":["GET"]}}],"collection":[{"href":"https:\/\/www.webdo.tn\/fr\/wp-json\/wp\/v2\/posts"}],"about":[{"href":"https:\/\/www.webdo.tn\/fr\/wp-json\/wp\/v2\/types\/post"}],"author":[{"embeddable":true,"href":"https:\/\/www.webdo.tn\/fr\/wp-json\/wp\/v2\/users\/3162"}],"replies":[{"embeddable":true,"href":"https:\/\/www.webdo.tn\/fr\/wp-json\/wp\/v2\/comments?post=210536"}],"version-history":[{"count":0,"href":"https:\/\/www.webdo.tn\/fr\/wp-json\/wp\/v2\/posts\/210536\/revisions"}],"wp:featuredmedia":[{"embeddable":true,"href":"https:\/\/www.webdo.tn\/fr\/wp-json\/wp\/v2\/media\/376290"}],"wp:attachment":[{"href":"https:\/\/www.webdo.tn\/fr\/wp-json\/wp\/v2\/media?parent=210536"}],"wp:term":[{"taxonomy":"category","embeddable":true,"href":"https:\/\/www.webdo.tn\/fr\/wp-json\/wp\/v2\/categories?post=210536"},{"taxonomy":"post_tag","embeddable":true,"href":"https:\/\/www.webdo.tn\/fr\/wp-json\/wp\/v2\/tags?post=210536"}],"curies":[{"name":"wp","href":"https:\/\/api.w.org\/{rel}","templated":true}]}}