{"id":210531,"date":"2023-12-02T09:59:00","date_gmt":"2023-12-02T09:59:00","guid":{"rendered":"https:\/\/www.webdo.tn\/fr\/blog\/le-stade-chedly-zouiten-va-enfin-rouvrir-ses-portes\/210531\/"},"modified":"2025-05-20T21:55:11","modified_gmt":"2025-05-20T21:55:11","slug":"le-stade-chedly-zouiten-va-enfin-rouvrir-ses-portes","status":"publish","type":"post","link":"https:\/\/www.webdo.tn\/fr\/actualite\/sport\/le-stade-chedly-zouiten-va-enfin-rouvrir-ses-portes\/210531\/","title":{"rendered":"Le stade Chedly Zouiten va enfin rouvrir ses portes"},"content":{"rendered":"<p>Il aura fallu l\u2019intervention \u00ab\u00a0muscl\u00e9e\u00a0\u00bb du pr\u00e9sident de la R\u00e9publique pour que l\u2019on puisse daigner se pencher s\u00e9rieusement sur le probl\u00e8me de ce stade mythique et balayer les accrocs qui emp\u00eachaient sa r\u00e9ouverture.<\/p>\n<p>\t\t\t\t\t\t\t\t\tKais Saied s\u2019\u00e9tait d\u00e9plac\u00e9, le 16 novembre dernier sur le chantier du stade olympique de\u2019El-Menzah pour \u00e9valuer l\u2019avanc\u00e9e des travaux et surtout constater l\u2019immense retard pris dans la r\u00e9novation de l\u2019ar\u00e8ne.<\/p>\n<p>Ce jour-l\u00e0, le Chef de l\u2019Etat passe un savon \u00e0 son ministre des Sports, Kamel Deguiche quant aux diff\u00e9rents d\u00e9passements relatifs au chantier du stade d\u2019El-Menzah et lui donne aussit\u00f4t un ultimatum quant \u00e0 la r\u00e9ouverture du stade Chedly Zouiten.<\/p>\n<p>Sans fioritures, il exhorte son ministre \u00e0 rouvrir imm\u00e9diatement l\u2019enceinte mythique situ\u00e9e pr\u00e8s du Belv\u00e9d\u00e8re. Et c\u2019est donc sur instruction du pr\u00e9sident de la R\u00e9publique que le stade Chedly Zouiten va de nouveau accueillir des matchs officiels, et ce \u00e0 partir du 15 janvier 2024.<\/p>\n<p>La capacit\u00e9 d&rsquo;accueil du stade sera d\u00e9termin\u00e9e ult\u00e9rieurement en concertation la commission d&rsquo;homologation des stades et des autorit\u00e9s s\u00e9curitaires.<\/p>\n<p>Une s\u00e9ance de travail, pr\u00e9sid\u00e9e par le directeur du cabinet du ministre de la Jeunesse et du sport, en pr\u00e9sence des parties concern\u00e9es, a planch\u00e9 hier, sur les mesures n\u00e9cessaires \u00e0 la r\u00e9ouverture du stade.<\/p>\n<p>La s\u00e9ance a \u00e9t\u00e9 l&rsquo;occasion de passer en revue les r\u00e9sultats de la visite de terrain faite jeudi par une d\u00e9l\u00e9gation compos\u00e9e des repr\u00e9sentants de la municipalit\u00e9 de Tunis, du minist\u00e8re de l&rsquo;Equipement, des autorit\u00e9s s\u00e9curitaires et de la Protection civile.<br \/>\nLes parties prenantes ont convenu de rouvrir les portes du stade \u00e0 partir du 15 janvier prochain, la municipalit\u00e9 de Tunis s\u2019\u00e9tant engag\u00e9e \u00e0 h\u00e2ter l&rsquo;obtention des agr\u00e9ments n\u00e9cessaires attestant du bon \u00e9tat de la structure du stade.<\/p>\n","protected":false},"excerpt":{"rendered":"<p>Les parties prenantes ont convenu de rouvrir les portes du stade \u00e0 partir du 15 janvier prochain, la municipalit\u00e9 de Tunis s\u2019\u00e9tant engag\u00e9e \u00e0 h\u00e2ter l&rsquo;obtention d&#8230;<\/p>\n","protected":false},"author":3162,"featured_media":248646,"comment_status":"open","ping_status":"closed","sticky":false,"template":"","format":"standard","meta":{"footnotes":""},"categories":[2593],"tags":[7183,2622,5754],"class_list":["post-210531","post","type-post","status-publish","format-standard","has-post-thumbnail","hentry","category-sport","tag-chedly-zouiten","tag-football","tag-stade"],"yoast_head":"<!-- This site is optimized with the Yoast SEO Premium plugin v27.4 (Yoast SEO v27.5) - https:\/\/yoast.com\/product\/yoast-seo-premium-wordpress\/ -->\n<title>Le stade Chedly Zouiten va enfin rouvrir ses portes<\/title>\n<meta name=\"description\" content=\"Les parties prenantes ont convenu de rouvrir les portes du stade \u00e0 partir du 15 janvier prochain, la municipalit\u00e9 de Tunis s\u2019\u00e9tant engag\u00e9e \u00e0 h\u00e2ter l&#039;obtention d...\" \/>\n<link rel=\"canonical\" href=\"https:\/\/www.webdo.tn\/fr\/actualite\/sport\/le-stade-chedly-zouiten-va-enfin-rouvrir-ses-portes\/210531\/\" \/>\n<meta property=\"og:locale\" content=\"fr_FR\" \/>\n<meta property=\"og:type\" content=\"article\" \/>\n<meta property=\"og:title\" content=\"Le stade Chedly Zouiten va enfin rouvrir ses portes\" \/>\n<meta property=\"og:description\" content=\"Les parties prenantes ont convenu de rouvrir les portes du stade \u00e0 partir du 15 janvier prochain, la municipalit\u00e9 de Tunis s\u2019\u00e9tant engag\u00e9e \u00e0 h\u00e2ter l&#039;obtention d...\" \/>\n<meta property=\"og:url\" content=\"https:\/\/www.webdo.tn\/fr\/actualite\/sport\/le-stade-chedly-zouiten-va-enfin-rouvrir-ses-portes\/210531\/\" \/>\n<meta property=\"og:site_name\" content=\"webdo\" \/>\n<meta property=\"article:publisher\" content=\"https:\/\/www.facebook.com\/webdotn\" \/>\n<meta property=\"article:published_time\" content=\"2023-12-02T09:59:00+00:00\" \/>\n<meta property=\"article:modified_time\" content=\"2025-05-20T21:55:11+00:00\" \/>\n<meta property=\"og:image\" content=\"https:\/\/www.webdo.tn\/fr\/wp-content\/uploads\/2023\/12\/d3fe7662a44c220e86cb7f3957eed609.jpg\" \/>\n\t<meta property=\"og:image:width\" content=\"750\" \/>\n\t<meta property=\"og:image:height\" content=\"400\" \/>\n\t<meta property=\"og:image:type\" content=\"image\/jpeg\" \/>\n<meta name=\"author\" content=\"MC\" \/>\n<meta name=\"twitter:card\" content=\"summary_large_image\" \/>\n<meta name=\"twitter:creator\" content=\"@webdo_tn\" \/>\n<meta name=\"twitter:site\" content=\"@webdo_tn\" \/>\n<meta name=\"twitter:label1\" content=\"\u00c9crit par\" \/>\n\t<meta name=\"twitter:data1\" content=\"MC\" \/>\n\t<meta name=\"twitter:label2\" content=\"Dur\u00e9e de lecture estim\u00e9e\" \/>\n\t<meta name=\"twitter:data2\" content=\"2 minutes\" \/>\n<script type=\"application\/ld+json\" class=\"yoast-schema-graph\">{\"@context\":\"https:\\\/\\\/schema.org\",\"@graph\":[{\"@type\":\"NewsArticle\",\"@id\":\"https:\\\/\\\/www.webdo.tn\\\/fr\\\/actualite\\\/sport\\\/le-stade-chedly-zouiten-va-enfin-rouvrir-ses-portes\\\/210531\\\/#article\",\"isPartOf\":{\"@id\":\"https:\\\/\\\/www.webdo.tn\\\/fr\\\/actualite\\\/sport\\\/le-stade-chedly-zouiten-va-enfin-rouvrir-ses-portes\\\/210531\\\/\"},\"author\":{\"name\":\"MC\",\"@id\":\"https:\\\/\\\/www.webdo.tn\\\/fr\\\/#\\\/schema\\\/person\\\/2c4929cbf5a809e3bd38617c6ce150f6\"},\"headline\":\"Le stade Chedly Zouiten va enfin rouvrir ses portes\",\"datePublished\":\"2023-12-02T09:59:00+00:00\",\"dateModified\":\"2025-05-20T21:55:11+00:00\",\"mainEntityOfPage\":{\"@id\":\"https:\\\/\\\/www.webdo.tn\\\/fr\\\/actualite\\\/sport\\\/le-stade-chedly-zouiten-va-enfin-rouvrir-ses-portes\\\/210531\\\/\"},\"wordCount\":344,\"commentCount\":0,\"publisher\":{\"@id\":\"https:\\\/\\\/www.webdo.tn\\\/fr\\\/#organization\"},\"image\":{\"@id\":\"https:\\\/\\\/www.webdo.tn\\\/fr\\\/actualite\\\/sport\\\/le-stade-chedly-zouiten-va-enfin-rouvrir-ses-portes\\\/210531\\\/#primaryimage\"},\"thumbnailUrl\":\"https:\\\/\\\/www.webdo.tn\\\/fr\\\/wp-content\\\/uploads\\\/2023\\\/12\\\/d3fe7662a44c220e86cb7f3957eed609.jpg\",\"keywords\":[\"chedly zouiten\",\"football\",\"stade\"],\"articleSection\":[\"Sport\"],\"inLanguage\":\"fr-FR\"},{\"@type\":\"WebPage\",\"@id\":\"https:\\\/\\\/www.webdo.tn\\\/fr\\\/actualite\\\/sport\\\/le-stade-chedly-zouiten-va-enfin-rouvrir-ses-portes\\\/210531\\\/\",\"url\":\"https:\\\/\\\/www.webdo.tn\\\/fr\\\/actualite\\\/sport\\\/le-stade-chedly-zouiten-va-enfin-rouvrir-ses-portes\\\/210531\\\/\",\"name\":\"Le stade Chedly Zouiten va enfin rouvrir ses portes\",\"isPartOf\":{\"@id\":\"https:\\\/\\\/www.webdo.tn\\\/fr\\\/#website\"},\"primaryImageOfPage\":{\"@id\":\"https:\\\/\\\/www.webdo.tn\\\/fr\\\/actualite\\\/sport\\\/le-stade-chedly-zouiten-va-enfin-rouvrir-ses-portes\\\/210531\\\/#primaryimage\"},\"image\":{\"@id\":\"https:\\\/\\\/www.webdo.tn\\\/fr\\\/actualite\\\/sport\\\/le-stade-chedly-zouiten-va-enfin-rouvrir-ses-portes\\\/210531\\\/#primaryimage\"},\"thumbnailUrl\":\"https:\\\/\\\/www.webdo.tn\\\/fr\\\/wp-content\\\/uploads\\\/2023\\\/12\\\/d3fe7662a44c220e86cb7f3957eed609.jpg\",\"datePublished\":\"2023-12-02T09:59:00+00:00\",\"dateModified\":\"2025-05-20T21:55:11+00:00\",\"description\":\"Les parties prenantes ont convenu de rouvrir les portes du stade \u00e0 partir du 15 janvier prochain, la municipalit\u00e9 de Tunis s\u2019\u00e9tant engag\u00e9e \u00e0 h\u00e2ter l'obtention d...\",\"breadcrumb\":{\"@id\":\"https:\\\/\\\/www.webdo.tn\\\/fr\\\/actualite\\\/sport\\\/le-stade-chedly-zouiten-va-enfin-rouvrir-ses-portes\\\/210531\\\/#breadcrumb\"},\"inLanguage\":\"fr-FR\",\"potentialAction\":[{\"@type\":\"ReadAction\",\"target\":[\"https:\\\/\\\/www.webdo.tn\\\/fr\\\/actualite\\\/sport\\\/le-stade-chedly-zouiten-va-enfin-rouvrir-ses-portes\\\/210531\\\/\"]}]},{\"@type\":\"ImageObject\",\"inLanguage\":\"fr-FR\",\"@id\":\"https:\\\/\\\/www.webdo.tn\\\/fr\\\/actualite\\\/sport\\\/le-stade-chedly-zouiten-va-enfin-rouvrir-ses-portes\\\/210531\\\/#primaryimage\",\"url\":\"https:\\\/\\\/www.webdo.tn\\\/fr\\\/wp-content\\\/uploads\\\/2023\\\/12\\\/d3fe7662a44c220e86cb7f3957eed609.jpg\",\"contentUrl\":\"https:\\\/\\\/www.webdo.tn\\\/fr\\\/wp-content\\\/uploads\\\/2023\\\/12\\\/d3fe7662a44c220e86cb7f3957eed609.jpg\",\"width\":750,\"height\":400,\"caption\":\"Le stade Chedly Zouiten va enfin rouvrir ses portes\"},{\"@type\":\"BreadcrumbList\",\"@id\":\"https:\\\/\\\/www.webdo.tn\\\/fr\\\/actualite\\\/sport\\\/le-stade-chedly-zouiten-va-enfin-rouvrir-ses-portes\\\/210531\\\/#breadcrumb\",\"itemListElement\":[{\"@type\":\"ListItem\",\"position\":1,\"name\":\"Accueil\",\"item\":\"https:\\\/\\\/www.webdo.tn\\\/fr\\\/\"},{\"@type\":\"ListItem\",\"position\":2,\"name\":\"Le stade Chedly Zouiten va enfin rouvrir ses portes\"}]},{\"@type\":\"WebSite\",\"@id\":\"https:\\\/\\\/www.webdo.tn\\\/fr\\\/#website\",\"url\":\"https:\\\/\\\/www.webdo.tn\\\/fr\\\/\",\"name\":\"webdo\",\"description\":\"Tunisie - News en Tunisie et \u00e0 l&#039;international sur Webdo.tn\",\"publisher\":{\"@id\":\"https:\\\/\\\/www.webdo.tn\\\/fr\\\/#organization\"},\"potentialAction\":[{\"@type\":\"SearchAction\",\"target\":{\"@type\":\"EntryPoint\",\"urlTemplate\":\"https:\\\/\\\/www.webdo.tn\\\/fr\\\/?s={search_term_string}\"},\"query-input\":{\"@type\":\"PropertyValueSpecification\",\"valueRequired\":true,\"valueName\":\"search_term_string\"}}],\"inLanguage\":\"fr-FR\"},{\"@type\":\"Organization\",\"@id\":\"https:\\\/\\\/www.webdo.tn\\\/fr\\\/#organization\",\"name\":\"Webdo\",\"alternateName\":\"Webdo.tn\",\"url\":\"https:\\\/\\\/www.webdo.tn\\\/fr\\\/\",\"logo\":{\"@type\":\"ImageObject\",\"inLanguage\":\"fr-FR\",\"@id\":\"https:\\\/\\\/www.webdo.tn\\\/fr\\\/#\\\/schema\\\/logo\\\/image\\\/\",\"url\":\"https:\\\/\\\/www.webdo.tn\\\/fr\\\/wp-content\\\/uploads\\\/2025\\\/06\\\/Webdo-Tunisie_168377.jpg\",\"contentUrl\":\"https:\\\/\\\/www.webdo.tn\\\/fr\\\/wp-content\\\/uploads\\\/2025\\\/06\\\/Webdo-Tunisie_168377.jpg\",\"width\":301,\"height\":301,\"caption\":\"Webdo\"},\"image\":{\"@id\":\"https:\\\/\\\/www.webdo.tn\\\/fr\\\/#\\\/schema\\\/logo\\\/image\\\/\"},\"sameAs\":[\"https:\\\/\\\/www.facebook.com\\\/webdotn\",\"https:\\\/\\\/x.com\\\/webdo_tn\"],\"description\":\"Webdo est un m\u00e9dia num\u00e9rique tunisien fond\u00e9 en 2010, sp\u00e9cialis\u00e9 dans l\u2019actualit\u00e9 nationale et internationale, l\u2019\u00e9conomie, la soci\u00e9t\u00e9 et les analyses politiques. Le site s\u2019adresse \u00e0 un large public francophone et couvre l\u2019information tunisienne en temps r\u00e9el.\",\"email\":\"redac@webdo.tn\",\"legalName\":\"YNJ SARL\",\"foundingDate\":\"2010-09-06\",\"numberOfEmployees\":{\"@type\":\"QuantitativeValue\",\"minValue\":\"11\",\"maxValue\":\"50\"}},{\"@type\":\"Person\",\"@id\":\"https:\\\/\\\/www.webdo.tn\\\/fr\\\/#\\\/schema\\\/person\\\/2c4929cbf5a809e3bd38617c6ce150f6\",\"name\":\"MC\",\"image\":{\"@type\":\"ImageObject\",\"inLanguage\":\"fr-FR\",\"@id\":\"https:\\\/\\\/secure.gravatar.com\\\/avatar\\\/a545bbb6f84efdd5553dbbc2895e3ca8f1d12c5215e00a041c9670b54aa9b18a?s=96&d=mm&r=g\",\"url\":\"https:\\\/\\\/secure.gravatar.com\\\/avatar\\\/a545bbb6f84efdd5553dbbc2895e3ca8f1d12c5215e00a041c9670b54aa9b18a?s=96&d=mm&r=g\",\"contentUrl\":\"https:\\\/\\\/secure.gravatar.com\\\/avatar\\\/a545bbb6f84efdd5553dbbc2895e3ca8f1d12c5215e00a041c9670b54aa9b18a?s=96&d=mm&r=g\",\"caption\":\"MC\"},\"url\":\"https:\\\/\\\/www.webdo.tn\\\/fr\\\/actualite\\\/author\\\/mc\\\/\"}]}<\/script>\n<!-- \/ Yoast SEO Premium plugin. -->","yoast_head_json":{"title":"Le stade Chedly Zouiten va enfin rouvrir ses portes","description":"Les parties prenantes ont convenu de rouvrir les portes du stade \u00e0 partir du 15 janvier prochain, la municipalit\u00e9 de Tunis s\u2019\u00e9tant engag\u00e9e \u00e0 h\u00e2ter l'obtention d...","canonical":"https:\/\/www.webdo.tn\/fr\/actualite\/sport\/le-stade-chedly-zouiten-va-enfin-rouvrir-ses-portes\/210531\/","og_locale":"fr_FR","og_type":"article","og_title":"Le stade Chedly Zouiten va enfin rouvrir ses portes","og_description":"Les parties prenantes ont convenu de rouvrir les portes du stade \u00e0 partir du 15 janvier prochain, la municipalit\u00e9 de Tunis s\u2019\u00e9tant engag\u00e9e \u00e0 h\u00e2ter l'obtention d...","og_url":"https:\/\/www.webdo.tn\/fr\/actualite\/sport\/le-stade-chedly-zouiten-va-enfin-rouvrir-ses-portes\/210531\/","og_site_name":"webdo","article_publisher":"https:\/\/www.facebook.com\/webdotn","article_published_time":"2023-12-02T09:59:00+00:00","article_modified_time":"2025-05-20T21:55:11+00:00","og_image":[{"width":750,"height":400,"url":"https:\/\/www.webdo.tn\/fr\/wp-content\/uploads\/2023\/12\/d3fe7662a44c220e86cb7f3957eed609.jpg","type":"image\/jpeg"}],"author":"MC","twitter_card":"summary_large_image","twitter_creator":"@webdo_tn","twitter_site":"@webdo_tn","twitter_misc":{"\u00c9crit par":"MC","Dur\u00e9e de lecture estim\u00e9e":"2 minutes"},"schema":{"@context":"https:\/\/schema.org","@graph":[{"@type":"NewsArticle","@id":"https:\/\/www.webdo.tn\/fr\/actualite\/sport\/le-stade-chedly-zouiten-va-enfin-rouvrir-ses-portes\/210531\/#article","isPartOf":{"@id":"https:\/\/www.webdo.tn\/fr\/actualite\/sport\/le-stade-chedly-zouiten-va-enfin-rouvrir-ses-portes\/210531\/"},"author":{"name":"MC","@id":"https:\/\/www.webdo.tn\/fr\/#\/schema\/person\/2c4929cbf5a809e3bd38617c6ce150f6"},"headline":"Le stade Chedly Zouiten va enfin rouvrir ses portes","datePublished":"2023-12-02T09:59:00+00:00","dateModified":"2025-05-20T21:55:11+00:00","mainEntityOfPage":{"@id":"https:\/\/www.webdo.tn\/fr\/actualite\/sport\/le-stade-chedly-zouiten-va-enfin-rouvrir-ses-portes\/210531\/"},"wordCount":344,"commentCount":0,"publisher":{"@id":"https:\/\/www.webdo.tn\/fr\/#organization"},"image":{"@id":"https:\/\/www.webdo.tn\/fr\/actualite\/sport\/le-stade-chedly-zouiten-va-enfin-rouvrir-ses-portes\/210531\/#primaryimage"},"thumbnailUrl":"https:\/\/www.webdo.tn\/fr\/wp-content\/uploads\/2023\/12\/d3fe7662a44c220e86cb7f3957eed609.jpg","keywords":["chedly zouiten","football","stade"],"articleSection":["Sport"],"inLanguage":"fr-FR"},{"@type":"WebPage","@id":"https:\/\/www.webdo.tn\/fr\/actualite\/sport\/le-stade-chedly-zouiten-va-enfin-rouvrir-ses-portes\/210531\/","url":"https:\/\/www.webdo.tn\/fr\/actualite\/sport\/le-stade-chedly-zouiten-va-enfin-rouvrir-ses-portes\/210531\/","name":"Le stade Chedly Zouiten va enfin rouvrir ses portes","isPartOf":{"@id":"https:\/\/www.webdo.tn\/fr\/#website"},"primaryImageOfPage":{"@id":"https:\/\/www.webdo.tn\/fr\/actualite\/sport\/le-stade-chedly-zouiten-va-enfin-rouvrir-ses-portes\/210531\/#primaryimage"},"image":{"@id":"https:\/\/www.webdo.tn\/fr\/actualite\/sport\/le-stade-chedly-zouiten-va-enfin-rouvrir-ses-portes\/210531\/#primaryimage"},"thumbnailUrl":"https:\/\/www.webdo.tn\/fr\/wp-content\/uploads\/2023\/12\/d3fe7662a44c220e86cb7f3957eed609.jpg","datePublished":"2023-12-02T09:59:00+00:00","dateModified":"2025-05-20T21:55:11+00:00","description":"Les parties prenantes ont convenu de rouvrir les portes du stade \u00e0 partir du 15 janvier prochain, la municipalit\u00e9 de Tunis s\u2019\u00e9tant engag\u00e9e \u00e0 h\u00e2ter l'obtention d...","breadcrumb":{"@id":"https:\/\/www.webdo.tn\/fr\/actualite\/sport\/le-stade-chedly-zouiten-va-enfin-rouvrir-ses-portes\/210531\/#breadcrumb"},"inLanguage":"fr-FR","potentialAction":[{"@type":"ReadAction","target":["https:\/\/www.webdo.tn\/fr\/actualite\/sport\/le-stade-chedly-zouiten-va-enfin-rouvrir-ses-portes\/210531\/"]}]},{"@type":"ImageObject","inLanguage":"fr-FR","@id":"https:\/\/www.webdo.tn\/fr\/actualite\/sport\/le-stade-chedly-zouiten-va-enfin-rouvrir-ses-portes\/210531\/#primaryimage","url":"https:\/\/www.webdo.tn\/fr\/wp-content\/uploads\/2023\/12\/d3fe7662a44c220e86cb7f3957eed609.jpg","contentUrl":"https:\/\/www.webdo.tn\/fr\/wp-content\/uploads\/2023\/12\/d3fe7662a44c220e86cb7f3957eed609.jpg","width":750,"height":400,"caption":"Le stade Chedly Zouiten va enfin rouvrir ses portes"},{"@type":"BreadcrumbList","@id":"https:\/\/www.webdo.tn\/fr\/actualite\/sport\/le-stade-chedly-zouiten-va-enfin-rouvrir-ses-portes\/210531\/#breadcrumb","itemListElement":[{"@type":"ListItem","position":1,"name":"Accueil","item":"https:\/\/www.webdo.tn\/fr\/"},{"@type":"ListItem","position":2,"name":"Le stade Chedly Zouiten va enfin rouvrir ses portes"}]},{"@type":"WebSite","@id":"https:\/\/www.webdo.tn\/fr\/#website","url":"https:\/\/www.webdo.tn\/fr\/","name":"webdo","description":"Tunisie - News en Tunisie et \u00e0 l&#039;international sur Webdo.tn","publisher":{"@id":"https:\/\/www.webdo.tn\/fr\/#organization"},"potentialAction":[{"@type":"SearchAction","target":{"@type":"EntryPoint","urlTemplate":"https:\/\/www.webdo.tn\/fr\/?s={search_term_string}"},"query-input":{"@type":"PropertyValueSpecification","valueRequired":true,"valueName":"search_term_string"}}],"inLanguage":"fr-FR"},{"@type":"Organization","@id":"https:\/\/www.webdo.tn\/fr\/#organization","name":"Webdo","alternateName":"Webdo.tn","url":"https:\/\/www.webdo.tn\/fr\/","logo":{"@type":"ImageObject","inLanguage":"fr-FR","@id":"https:\/\/www.webdo.tn\/fr\/#\/schema\/logo\/image\/","url":"https:\/\/www.webdo.tn\/fr\/wp-content\/uploads\/2025\/06\/Webdo-Tunisie_168377.jpg","contentUrl":"https:\/\/www.webdo.tn\/fr\/wp-content\/uploads\/2025\/06\/Webdo-Tunisie_168377.jpg","width":301,"height":301,"caption":"Webdo"},"image":{"@id":"https:\/\/www.webdo.tn\/fr\/#\/schema\/logo\/image\/"},"sameAs":["https:\/\/www.facebook.com\/webdotn","https:\/\/x.com\/webdo_tn"],"description":"Webdo est un m\u00e9dia num\u00e9rique tunisien fond\u00e9 en 2010, sp\u00e9cialis\u00e9 dans l\u2019actualit\u00e9 nationale et internationale, l\u2019\u00e9conomie, la soci\u00e9t\u00e9 et les analyses politiques. Le site s\u2019adresse \u00e0 un large public francophone et couvre l\u2019information tunisienne en temps r\u00e9el.","email":"redac@webdo.tn","legalName":"YNJ SARL","foundingDate":"2010-09-06","numberOfEmployees":{"@type":"QuantitativeValue","minValue":"11","maxValue":"50"}},{"@type":"Person","@id":"https:\/\/www.webdo.tn\/fr\/#\/schema\/person\/2c4929cbf5a809e3bd38617c6ce150f6","name":"MC","image":{"@type":"ImageObject","inLanguage":"fr-FR","@id":"https:\/\/secure.gravatar.com\/avatar\/a545bbb6f84efdd5553dbbc2895e3ca8f1d12c5215e00a041c9670b54aa9b18a?s=96&d=mm&r=g","url":"https:\/\/secure.gravatar.com\/avatar\/a545bbb6f84efdd5553dbbc2895e3ca8f1d12c5215e00a041c9670b54aa9b18a?s=96&d=mm&r=g","contentUrl":"https:\/\/secure.gravatar.com\/avatar\/a545bbb6f84efdd5553dbbc2895e3ca8f1d12c5215e00a041c9670b54aa9b18a?s=96&d=mm&r=g","caption":"MC"},"url":"https:\/\/www.webdo.tn\/fr\/actualite\/author\/mc\/"}]}},"_links":{"self":[{"href":"https:\/\/www.webdo.tn\/fr\/wp-json\/wp\/v2\/posts\/210531","targetHints":{"allow":["GET"]}}],"collection":[{"href":"https:\/\/www.webdo.tn\/fr\/wp-json\/wp\/v2\/posts"}],"about":[{"href":"https:\/\/www.webdo.tn\/fr\/wp-json\/wp\/v2\/types\/post"}],"author":[{"embeddable":true,"href":"https:\/\/www.webdo.tn\/fr\/wp-json\/wp\/v2\/users\/3162"}],"replies":[{"embeddable":true,"href":"https:\/\/www.webdo.tn\/fr\/wp-json\/wp\/v2\/comments?post=210531"}],"version-history":[{"count":0,"href":"https:\/\/www.webdo.tn\/fr\/wp-json\/wp\/v2\/posts\/210531\/revisions"}],"wp:featuredmedia":[{"embeddable":true,"href":"https:\/\/www.webdo.tn\/fr\/wp-json\/wp\/v2\/media\/248646"}],"wp:attachment":[{"href":"https:\/\/www.webdo.tn\/fr\/wp-json\/wp\/v2\/media?parent=210531"}],"wp:term":[{"taxonomy":"category","embeddable":true,"href":"https:\/\/www.webdo.tn\/fr\/wp-json\/wp\/v2\/categories?post=210531"},{"taxonomy":"post_tag","embeddable":true,"href":"https:\/\/www.webdo.tn\/fr\/wp-json\/wp\/v2\/tags?post=210531"}],"curies":[{"name":"wp","href":"https:\/\/api.w.org\/{rel}","templated":true}]}}