{"id":210523,"date":"2023-12-01T20:46:00","date_gmt":"2023-12-01T20:46:00","guid":{"rendered":"https:\/\/www.webdo.tn\/fr\/blog\/ftf-constitution-d-un-comite-de-defense-independant-pour-les-affaires-impliquant-wadii-jary\/210523\/"},"modified":"2023-12-01T20:46:00","modified_gmt":"2023-12-01T20:46:00","slug":"ftf-constitution-d-un-comite-de-defense-independant-pour-les-affaires-impliquant-wadii-jary","status":"publish","type":"post","link":"https:\/\/www.webdo.tn\/fr\/actualite\/sport\/ftf-constitution-d-un-comite-de-defense-independant-pour-les-affaires-impliquant-wadii-jary\/210523\/","title":{"rendered":"Constitution d&rsquo;un comit\u00e9 de d\u00e9fense ind\u00e9pendant pour les affaires impliquant Wadii Jary"},"content":{"rendered":"<p>Un comit\u00e9 de d\u00e9fense ind\u00e9pendant pour le suivi des affaires impliquant le pr\u00e9sident de l&rsquo;instance du football tunisien, Wadii Jary, vient d&rsquo;\u00eatre constitu\u00e9, selon un communiqu\u00e9 publi\u00e9 par la F\u00e9d\u00e9ration tunisienne de football (FTF), ce vendredi 1er d\u00e9cembre 2023.<\/p>\n<p>\t\t\t\t\t\t\t\t\tCe comit\u00e9 de d\u00e9fense est compos\u00e9 de Habib Oueslati, Nejib Fekih, Ahmed Ben Hassana, Kamel Ben Ja\u00e2far et Walid Arfaoui, selon le m\u00eame communiqu\u00e9.<\/p>\n<p>Par ailleurs, la FTF nous apprend que les membres du Bureau f\u00e9d\u00e9ral coordonneront avec les membres du comit\u00e9 su-mentionn\u00e9s tout en s&rsquo;acquittant normalement de leurs t\u00e2ches au sein de la F\u00e9d\u00e9ration.<\/p>\n<p>Il est \u00e0 rappeler que\u00a0Wadii Jary fait l&rsquo;objet\u00a0de deux mandats de d\u00e9p\u00f4ts dans deux affaires diff\u00e9rentes. Il est d\u00e9tenu depuis le 26 octobre dernier.<\/p>\n","protected":false},"excerpt":{"rendered":"<p>Un comit\u00e9 de d\u00e9fense ind\u00e9pendant pour le suivi des affaires impliquant le pr\u00e9sident de l&rsquo;instance du football tunisien, Wadii Jary, vient d&rsquo;\u00eatre constitu\u00e9, selo&#8230;<\/p>\n","protected":false},"author":3169,"featured_media":248641,"comment_status":"open","ping_status":"closed","sticky":false,"template":"","format":"standard","meta":{"footnotes":""},"categories":[2593],"tags":[2622,3728,2608,3937],"class_list":["post-210523","post","type-post","status-publish","format-standard","has-post-thumbnail","hentry","category-sport","tag-football","tag-ftf","tag-tunisie","tag-wadii-jary"],"yoast_head":"<!-- This site is optimized with the Yoast SEO Premium plugin v27.4 (Yoast SEO v27.5) - https:\/\/yoast.com\/product\/yoast-seo-premium-wordpress\/ -->\n<title>Constitution d&#039;un comit\u00e9 de d\u00e9fense ind\u00e9pendant pour les affaires impliquant Wadii Jary<\/title>\n<meta name=\"description\" content=\"Un comit\u00e9 de d\u00e9fense ind\u00e9pendant pour le suivi des affaires impliquant le pr\u00e9sident de l&#039;instance du football tunisien, Wadii Jary, vient d&#039;\u00eatre constitu\u00e9, selo...\" \/>\n<link rel=\"canonical\" href=\"https:\/\/www.webdo.tn\/fr\/actualite\/sport\/ftf-constitution-d-un-comite-de-defense-independant-pour-les-affaires-impliquant-wadii-jary\/210523\/\" \/>\n<meta property=\"og:locale\" content=\"fr_FR\" \/>\n<meta property=\"og:type\" content=\"article\" \/>\n<meta property=\"og:title\" content=\"Constitution d&#039;un comit\u00e9 de d\u00e9fense ind\u00e9pendant pour les affaires impliquant Wadii Jary\" \/>\n<meta property=\"og:description\" content=\"Un comit\u00e9 de d\u00e9fense ind\u00e9pendant pour le suivi des affaires impliquant le pr\u00e9sident de l&#039;instance du football tunisien, Wadii Jary, vient d&#039;\u00eatre constitu\u00e9, selo...\" \/>\n<meta property=\"og:url\" content=\"https:\/\/www.webdo.tn\/fr\/actualite\/sport\/ftf-constitution-d-un-comite-de-defense-independant-pour-les-affaires-impliquant-wadii-jary\/210523\/\" \/>\n<meta property=\"og:site_name\" content=\"webdo\" \/>\n<meta property=\"article:publisher\" content=\"https:\/\/www.facebook.com\/webdotn\" \/>\n<meta property=\"article:published_time\" content=\"2023-12-01T20:46:00+00:00\" \/>\n<meta property=\"og:image\" content=\"https:\/\/www.webdo.tn\/fr\/wp-content\/uploads\/2023\/12\/e552b262ecb973ee60cfc64f38d12e85.jpg\" \/>\n\t<meta property=\"og:image:width\" content=\"750\" \/>\n\t<meta property=\"og:image:height\" content=\"400\" \/>\n\t<meta property=\"og:image:type\" content=\"image\/jpeg\" \/>\n<meta name=\"author\" content=\"Webdo\" \/>\n<meta name=\"twitter:card\" content=\"summary_large_image\" \/>\n<meta name=\"twitter:creator\" content=\"@webdo_tn\" \/>\n<meta name=\"twitter:site\" content=\"@webdo_tn\" \/>\n<meta name=\"twitter:label1\" content=\"\u00c9crit par\" \/>\n\t<meta name=\"twitter:data1\" content=\"Webdo\" \/>\n\t<meta name=\"twitter:label2\" content=\"Dur\u00e9e de lecture estim\u00e9e\" \/>\n\t<meta name=\"twitter:data2\" content=\"1 minute\" \/>\n<script type=\"application\/ld+json\" class=\"yoast-schema-graph\">{\"@context\":\"https:\\\/\\\/schema.org\",\"@graph\":[{\"@type\":\"NewsArticle\",\"@id\":\"https:\\\/\\\/www.webdo.tn\\\/fr\\\/actualite\\\/sport\\\/ftf-constitution-d-un-comite-de-defense-independant-pour-les-affaires-impliquant-wadii-jary\\\/210523\\\/#article\",\"isPartOf\":{\"@id\":\"https:\\\/\\\/www.webdo.tn\\\/fr\\\/actualite\\\/sport\\\/ftf-constitution-d-un-comite-de-defense-independant-pour-les-affaires-impliquant-wadii-jary\\\/210523\\\/\"},\"author\":{\"name\":\"Webdo\",\"@id\":\"https:\\\/\\\/www.webdo.tn\\\/fr\\\/#\\\/schema\\\/person\\\/1f4e491e0907b413d61089e8eb573acc\"},\"headline\":\"Constitution d&rsquo;un comit\u00e9 de d\u00e9fense ind\u00e9pendant pour les affaires impliquant Wadii Jary\",\"datePublished\":\"2023-12-01T20:46:00+00:00\",\"mainEntityOfPage\":{\"@id\":\"https:\\\/\\\/www.webdo.tn\\\/fr\\\/actualite\\\/sport\\\/ftf-constitution-d-un-comite-de-defense-independant-pour-les-affaires-impliquant-wadii-jary\\\/210523\\\/\"},\"wordCount\":155,\"commentCount\":0,\"publisher\":{\"@id\":\"https:\\\/\\\/www.webdo.tn\\\/fr\\\/#organization\"},\"image\":{\"@id\":\"https:\\\/\\\/www.webdo.tn\\\/fr\\\/actualite\\\/sport\\\/ftf-constitution-d-un-comite-de-defense-independant-pour-les-affaires-impliquant-wadii-jary\\\/210523\\\/#primaryimage\"},\"thumbnailUrl\":\"https:\\\/\\\/www.webdo.tn\\\/fr\\\/wp-content\\\/uploads\\\/2023\\\/12\\\/e552b262ecb973ee60cfc64f38d12e85.jpg\",\"keywords\":[\"football\",\"FTF\",\"Tunisie\",\"wadii jary\"],\"articleSection\":[\"Sport\"],\"inLanguage\":\"fr-FR\"},{\"@type\":\"WebPage\",\"@id\":\"https:\\\/\\\/www.webdo.tn\\\/fr\\\/actualite\\\/sport\\\/ftf-constitution-d-un-comite-de-defense-independant-pour-les-affaires-impliquant-wadii-jary\\\/210523\\\/\",\"url\":\"https:\\\/\\\/www.webdo.tn\\\/fr\\\/actualite\\\/sport\\\/ftf-constitution-d-un-comite-de-defense-independant-pour-les-affaires-impliquant-wadii-jary\\\/210523\\\/\",\"name\":\"Constitution d'un comit\u00e9 de d\u00e9fense ind\u00e9pendant pour les affaires impliquant Wadii Jary\",\"isPartOf\":{\"@id\":\"https:\\\/\\\/www.webdo.tn\\\/fr\\\/#website\"},\"primaryImageOfPage\":{\"@id\":\"https:\\\/\\\/www.webdo.tn\\\/fr\\\/actualite\\\/sport\\\/ftf-constitution-d-un-comite-de-defense-independant-pour-les-affaires-impliquant-wadii-jary\\\/210523\\\/#primaryimage\"},\"image\":{\"@id\":\"https:\\\/\\\/www.webdo.tn\\\/fr\\\/actualite\\\/sport\\\/ftf-constitution-d-un-comite-de-defense-independant-pour-les-affaires-impliquant-wadii-jary\\\/210523\\\/#primaryimage\"},\"thumbnailUrl\":\"https:\\\/\\\/www.webdo.tn\\\/fr\\\/wp-content\\\/uploads\\\/2023\\\/12\\\/e552b262ecb973ee60cfc64f38d12e85.jpg\",\"datePublished\":\"2023-12-01T20:46:00+00:00\",\"description\":\"Un comit\u00e9 de d\u00e9fense ind\u00e9pendant pour le suivi des affaires impliquant le pr\u00e9sident de l'instance du football tunisien, Wadii Jary, vient d'\u00eatre constitu\u00e9, selo...\",\"breadcrumb\":{\"@id\":\"https:\\\/\\\/www.webdo.tn\\\/fr\\\/actualite\\\/sport\\\/ftf-constitution-d-un-comite-de-defense-independant-pour-les-affaires-impliquant-wadii-jary\\\/210523\\\/#breadcrumb\"},\"inLanguage\":\"fr-FR\",\"potentialAction\":[{\"@type\":\"ReadAction\",\"target\":[\"https:\\\/\\\/www.webdo.tn\\\/fr\\\/actualite\\\/sport\\\/ftf-constitution-d-un-comite-de-defense-independant-pour-les-affaires-impliquant-wadii-jary\\\/210523\\\/\"]}]},{\"@type\":\"ImageObject\",\"inLanguage\":\"fr-FR\",\"@id\":\"https:\\\/\\\/www.webdo.tn\\\/fr\\\/actualite\\\/sport\\\/ftf-constitution-d-un-comite-de-defense-independant-pour-les-affaires-impliquant-wadii-jary\\\/210523\\\/#primaryimage\",\"url\":\"https:\\\/\\\/www.webdo.tn\\\/fr\\\/wp-content\\\/uploads\\\/2023\\\/12\\\/e552b262ecb973ee60cfc64f38d12e85.jpg\",\"contentUrl\":\"https:\\\/\\\/www.webdo.tn\\\/fr\\\/wp-content\\\/uploads\\\/2023\\\/12\\\/e552b262ecb973ee60cfc64f38d12e85.jpg\",\"width\":750,\"height\":400,\"caption\":\"Constitution d'un comit\u00e9 de d\u00e9fense ind\u00e9pendant pour les affaires impliquant Wadii Jary\"},{\"@type\":\"BreadcrumbList\",\"@id\":\"https:\\\/\\\/www.webdo.tn\\\/fr\\\/actualite\\\/sport\\\/ftf-constitution-d-un-comite-de-defense-independant-pour-les-affaires-impliquant-wadii-jary\\\/210523\\\/#breadcrumb\",\"itemListElement\":[{\"@type\":\"ListItem\",\"position\":1,\"name\":\"Accueil\",\"item\":\"https:\\\/\\\/www.webdo.tn\\\/fr\\\/\"},{\"@type\":\"ListItem\",\"position\":2,\"name\":\"Constitution d&rsquo;un comit\u00e9 de d\u00e9fense ind\u00e9pendant pour les affaires impliquant Wadii Jary\"}]},{\"@type\":\"WebSite\",\"@id\":\"https:\\\/\\\/www.webdo.tn\\\/fr\\\/#website\",\"url\":\"https:\\\/\\\/www.webdo.tn\\\/fr\\\/\",\"name\":\"webdo\",\"description\":\"Tunisie - News en Tunisie et \u00e0 l&#039;international sur Webdo.tn\",\"publisher\":{\"@id\":\"https:\\\/\\\/www.webdo.tn\\\/fr\\\/#organization\"},\"potentialAction\":[{\"@type\":\"SearchAction\",\"target\":{\"@type\":\"EntryPoint\",\"urlTemplate\":\"https:\\\/\\\/www.webdo.tn\\\/fr\\\/?s={search_term_string}\"},\"query-input\":{\"@type\":\"PropertyValueSpecification\",\"valueRequired\":true,\"valueName\":\"search_term_string\"}}],\"inLanguage\":\"fr-FR\"},{\"@type\":\"Organization\",\"@id\":\"https:\\\/\\\/www.webdo.tn\\\/fr\\\/#organization\",\"name\":\"Webdo\",\"alternateName\":\"Webdo.tn\",\"url\":\"https:\\\/\\\/www.webdo.tn\\\/fr\\\/\",\"logo\":{\"@type\":\"ImageObject\",\"inLanguage\":\"fr-FR\",\"@id\":\"https:\\\/\\\/www.webdo.tn\\\/fr\\\/#\\\/schema\\\/logo\\\/image\\\/\",\"url\":\"https:\\\/\\\/www.webdo.tn\\\/fr\\\/wp-content\\\/uploads\\\/2025\\\/06\\\/Webdo-Tunisie_168377.jpg\",\"contentUrl\":\"https:\\\/\\\/www.webdo.tn\\\/fr\\\/wp-content\\\/uploads\\\/2025\\\/06\\\/Webdo-Tunisie_168377.jpg\",\"width\":301,\"height\":301,\"caption\":\"Webdo\"},\"image\":{\"@id\":\"https:\\\/\\\/www.webdo.tn\\\/fr\\\/#\\\/schema\\\/logo\\\/image\\\/\"},\"sameAs\":[\"https:\\\/\\\/www.facebook.com\\\/webdotn\",\"https:\\\/\\\/x.com\\\/webdo_tn\"],\"description\":\"Webdo est un m\u00e9dia num\u00e9rique tunisien fond\u00e9 en 2010, sp\u00e9cialis\u00e9 dans l\u2019actualit\u00e9 nationale et internationale, l\u2019\u00e9conomie, la soci\u00e9t\u00e9 et les analyses politiques. Le site s\u2019adresse \u00e0 un large public francophone et couvre l\u2019information tunisienne en temps r\u00e9el.\",\"email\":\"redac@webdo.tn\",\"legalName\":\"YNJ SARL\",\"foundingDate\":\"2010-09-06\",\"numberOfEmployees\":{\"@type\":\"QuantitativeValue\",\"minValue\":\"11\",\"maxValue\":\"50\"}},{\"@type\":\"Person\",\"@id\":\"https:\\\/\\\/www.webdo.tn\\\/fr\\\/#\\\/schema\\\/person\\\/1f4e491e0907b413d61089e8eb573acc\",\"name\":\"Webdo\",\"image\":{\"@type\":\"ImageObject\",\"inLanguage\":\"fr-FR\",\"@id\":\"https:\\\/\\\/secure.gravatar.com\\\/avatar\\\/de97aeec1bb80978a9dbb127e47dfc88aaacb2f3c29aac907d8d3222e3495d49?s=96&d=mm&r=g\",\"url\":\"https:\\\/\\\/secure.gravatar.com\\\/avatar\\\/de97aeec1bb80978a9dbb127e47dfc88aaacb2f3c29aac907d8d3222e3495d49?s=96&d=mm&r=g\",\"contentUrl\":\"https:\\\/\\\/secure.gravatar.com\\\/avatar\\\/de97aeec1bb80978a9dbb127e47dfc88aaacb2f3c29aac907d8d3222e3495d49?s=96&d=mm&r=g\",\"caption\":\"Webdo\"},\"url\":\"https:\\\/\\\/www.webdo.tn\\\/fr\\\/actualite\\\/author\\\/webdo\\\/\"}]}<\/script>\n<!-- \/ Yoast SEO Premium plugin. -->","yoast_head_json":{"title":"Constitution d'un comit\u00e9 de d\u00e9fense ind\u00e9pendant pour les affaires impliquant Wadii Jary","description":"Un comit\u00e9 de d\u00e9fense ind\u00e9pendant pour le suivi des affaires impliquant le pr\u00e9sident de l'instance du football tunisien, Wadii Jary, vient d'\u00eatre constitu\u00e9, selo...","canonical":"https:\/\/www.webdo.tn\/fr\/actualite\/sport\/ftf-constitution-d-un-comite-de-defense-independant-pour-les-affaires-impliquant-wadii-jary\/210523\/","og_locale":"fr_FR","og_type":"article","og_title":"Constitution d'un comit\u00e9 de d\u00e9fense ind\u00e9pendant pour les affaires impliquant Wadii Jary","og_description":"Un comit\u00e9 de d\u00e9fense ind\u00e9pendant pour le suivi des affaires impliquant le pr\u00e9sident de l'instance du football tunisien, Wadii Jary, vient d'\u00eatre constitu\u00e9, selo...","og_url":"https:\/\/www.webdo.tn\/fr\/actualite\/sport\/ftf-constitution-d-un-comite-de-defense-independant-pour-les-affaires-impliquant-wadii-jary\/210523\/","og_site_name":"webdo","article_publisher":"https:\/\/www.facebook.com\/webdotn","article_published_time":"2023-12-01T20:46:00+00:00","og_image":[{"width":750,"height":400,"url":"https:\/\/www.webdo.tn\/fr\/wp-content\/uploads\/2023\/12\/e552b262ecb973ee60cfc64f38d12e85.jpg","type":"image\/jpeg"}],"author":"Webdo","twitter_card":"summary_large_image","twitter_creator":"@webdo_tn","twitter_site":"@webdo_tn","twitter_misc":{"\u00c9crit par":"Webdo","Dur\u00e9e de lecture estim\u00e9e":"1 minute"},"schema":{"@context":"https:\/\/schema.org","@graph":[{"@type":"NewsArticle","@id":"https:\/\/www.webdo.tn\/fr\/actualite\/sport\/ftf-constitution-d-un-comite-de-defense-independant-pour-les-affaires-impliquant-wadii-jary\/210523\/#article","isPartOf":{"@id":"https:\/\/www.webdo.tn\/fr\/actualite\/sport\/ftf-constitution-d-un-comite-de-defense-independant-pour-les-affaires-impliquant-wadii-jary\/210523\/"},"author":{"name":"Webdo","@id":"https:\/\/www.webdo.tn\/fr\/#\/schema\/person\/1f4e491e0907b413d61089e8eb573acc"},"headline":"Constitution d&rsquo;un comit\u00e9 de d\u00e9fense ind\u00e9pendant pour les affaires impliquant Wadii Jary","datePublished":"2023-12-01T20:46:00+00:00","mainEntityOfPage":{"@id":"https:\/\/www.webdo.tn\/fr\/actualite\/sport\/ftf-constitution-d-un-comite-de-defense-independant-pour-les-affaires-impliquant-wadii-jary\/210523\/"},"wordCount":155,"commentCount":0,"publisher":{"@id":"https:\/\/www.webdo.tn\/fr\/#organization"},"image":{"@id":"https:\/\/www.webdo.tn\/fr\/actualite\/sport\/ftf-constitution-d-un-comite-de-defense-independant-pour-les-affaires-impliquant-wadii-jary\/210523\/#primaryimage"},"thumbnailUrl":"https:\/\/www.webdo.tn\/fr\/wp-content\/uploads\/2023\/12\/e552b262ecb973ee60cfc64f38d12e85.jpg","keywords":["football","FTF","Tunisie","wadii jary"],"articleSection":["Sport"],"inLanguage":"fr-FR"},{"@type":"WebPage","@id":"https:\/\/www.webdo.tn\/fr\/actualite\/sport\/ftf-constitution-d-un-comite-de-defense-independant-pour-les-affaires-impliquant-wadii-jary\/210523\/","url":"https:\/\/www.webdo.tn\/fr\/actualite\/sport\/ftf-constitution-d-un-comite-de-defense-independant-pour-les-affaires-impliquant-wadii-jary\/210523\/","name":"Constitution d'un comit\u00e9 de d\u00e9fense ind\u00e9pendant pour les affaires impliquant Wadii Jary","isPartOf":{"@id":"https:\/\/www.webdo.tn\/fr\/#website"},"primaryImageOfPage":{"@id":"https:\/\/www.webdo.tn\/fr\/actualite\/sport\/ftf-constitution-d-un-comite-de-defense-independant-pour-les-affaires-impliquant-wadii-jary\/210523\/#primaryimage"},"image":{"@id":"https:\/\/www.webdo.tn\/fr\/actualite\/sport\/ftf-constitution-d-un-comite-de-defense-independant-pour-les-affaires-impliquant-wadii-jary\/210523\/#primaryimage"},"thumbnailUrl":"https:\/\/www.webdo.tn\/fr\/wp-content\/uploads\/2023\/12\/e552b262ecb973ee60cfc64f38d12e85.jpg","datePublished":"2023-12-01T20:46:00+00:00","description":"Un comit\u00e9 de d\u00e9fense ind\u00e9pendant pour le suivi des affaires impliquant le pr\u00e9sident de l'instance du football tunisien, Wadii Jary, vient d'\u00eatre constitu\u00e9, selo...","breadcrumb":{"@id":"https:\/\/www.webdo.tn\/fr\/actualite\/sport\/ftf-constitution-d-un-comite-de-defense-independant-pour-les-affaires-impliquant-wadii-jary\/210523\/#breadcrumb"},"inLanguage":"fr-FR","potentialAction":[{"@type":"ReadAction","target":["https:\/\/www.webdo.tn\/fr\/actualite\/sport\/ftf-constitution-d-un-comite-de-defense-independant-pour-les-affaires-impliquant-wadii-jary\/210523\/"]}]},{"@type":"ImageObject","inLanguage":"fr-FR","@id":"https:\/\/www.webdo.tn\/fr\/actualite\/sport\/ftf-constitution-d-un-comite-de-defense-independant-pour-les-affaires-impliquant-wadii-jary\/210523\/#primaryimage","url":"https:\/\/www.webdo.tn\/fr\/wp-content\/uploads\/2023\/12\/e552b262ecb973ee60cfc64f38d12e85.jpg","contentUrl":"https:\/\/www.webdo.tn\/fr\/wp-content\/uploads\/2023\/12\/e552b262ecb973ee60cfc64f38d12e85.jpg","width":750,"height":400,"caption":"Constitution d'un comit\u00e9 de d\u00e9fense ind\u00e9pendant pour les affaires impliquant Wadii Jary"},{"@type":"BreadcrumbList","@id":"https:\/\/www.webdo.tn\/fr\/actualite\/sport\/ftf-constitution-d-un-comite-de-defense-independant-pour-les-affaires-impliquant-wadii-jary\/210523\/#breadcrumb","itemListElement":[{"@type":"ListItem","position":1,"name":"Accueil","item":"https:\/\/www.webdo.tn\/fr\/"},{"@type":"ListItem","position":2,"name":"Constitution d&rsquo;un comit\u00e9 de d\u00e9fense ind\u00e9pendant pour les affaires impliquant Wadii Jary"}]},{"@type":"WebSite","@id":"https:\/\/www.webdo.tn\/fr\/#website","url":"https:\/\/www.webdo.tn\/fr\/","name":"webdo","description":"Tunisie - News en Tunisie et \u00e0 l&#039;international sur Webdo.tn","publisher":{"@id":"https:\/\/www.webdo.tn\/fr\/#organization"},"potentialAction":[{"@type":"SearchAction","target":{"@type":"EntryPoint","urlTemplate":"https:\/\/www.webdo.tn\/fr\/?s={search_term_string}"},"query-input":{"@type":"PropertyValueSpecification","valueRequired":true,"valueName":"search_term_string"}}],"inLanguage":"fr-FR"},{"@type":"Organization","@id":"https:\/\/www.webdo.tn\/fr\/#organization","name":"Webdo","alternateName":"Webdo.tn","url":"https:\/\/www.webdo.tn\/fr\/","logo":{"@type":"ImageObject","inLanguage":"fr-FR","@id":"https:\/\/www.webdo.tn\/fr\/#\/schema\/logo\/image\/","url":"https:\/\/www.webdo.tn\/fr\/wp-content\/uploads\/2025\/06\/Webdo-Tunisie_168377.jpg","contentUrl":"https:\/\/www.webdo.tn\/fr\/wp-content\/uploads\/2025\/06\/Webdo-Tunisie_168377.jpg","width":301,"height":301,"caption":"Webdo"},"image":{"@id":"https:\/\/www.webdo.tn\/fr\/#\/schema\/logo\/image\/"},"sameAs":["https:\/\/www.facebook.com\/webdotn","https:\/\/x.com\/webdo_tn"],"description":"Webdo est un m\u00e9dia num\u00e9rique tunisien fond\u00e9 en 2010, sp\u00e9cialis\u00e9 dans l\u2019actualit\u00e9 nationale et internationale, l\u2019\u00e9conomie, la soci\u00e9t\u00e9 et les analyses politiques. Le site s\u2019adresse \u00e0 un large public francophone et couvre l\u2019information tunisienne en temps r\u00e9el.","email":"redac@webdo.tn","legalName":"YNJ SARL","foundingDate":"2010-09-06","numberOfEmployees":{"@type":"QuantitativeValue","minValue":"11","maxValue":"50"}},{"@type":"Person","@id":"https:\/\/www.webdo.tn\/fr\/#\/schema\/person\/1f4e491e0907b413d61089e8eb573acc","name":"Webdo","image":{"@type":"ImageObject","inLanguage":"fr-FR","@id":"https:\/\/secure.gravatar.com\/avatar\/de97aeec1bb80978a9dbb127e47dfc88aaacb2f3c29aac907d8d3222e3495d49?s=96&d=mm&r=g","url":"https:\/\/secure.gravatar.com\/avatar\/de97aeec1bb80978a9dbb127e47dfc88aaacb2f3c29aac907d8d3222e3495d49?s=96&d=mm&r=g","contentUrl":"https:\/\/secure.gravatar.com\/avatar\/de97aeec1bb80978a9dbb127e47dfc88aaacb2f3c29aac907d8d3222e3495d49?s=96&d=mm&r=g","caption":"Webdo"},"url":"https:\/\/www.webdo.tn\/fr\/actualite\/author\/webdo\/"}]}},"_links":{"self":[{"href":"https:\/\/www.webdo.tn\/fr\/wp-json\/wp\/v2\/posts\/210523","targetHints":{"allow":["GET"]}}],"collection":[{"href":"https:\/\/www.webdo.tn\/fr\/wp-json\/wp\/v2\/posts"}],"about":[{"href":"https:\/\/www.webdo.tn\/fr\/wp-json\/wp\/v2\/types\/post"}],"author":[{"embeddable":true,"href":"https:\/\/www.webdo.tn\/fr\/wp-json\/wp\/v2\/users\/3169"}],"replies":[{"embeddable":true,"href":"https:\/\/www.webdo.tn\/fr\/wp-json\/wp\/v2\/comments?post=210523"}],"version-history":[{"count":0,"href":"https:\/\/www.webdo.tn\/fr\/wp-json\/wp\/v2\/posts\/210523\/revisions"}],"wp:featuredmedia":[{"embeddable":true,"href":"https:\/\/www.webdo.tn\/fr\/wp-json\/wp\/v2\/media\/248641"}],"wp:attachment":[{"href":"https:\/\/www.webdo.tn\/fr\/wp-json\/wp\/v2\/media?parent=210523"}],"wp:term":[{"taxonomy":"category","embeddable":true,"href":"https:\/\/www.webdo.tn\/fr\/wp-json\/wp\/v2\/categories?post=210523"},{"taxonomy":"post_tag","embeddable":true,"href":"https:\/\/www.webdo.tn\/fr\/wp-json\/wp\/v2\/tags?post=210523"}],"curies":[{"name":"wp","href":"https:\/\/api.w.org\/{rel}","templated":true}]}}