{"id":210518,"date":"2023-12-01T19:30:00","date_gmt":"2023-12-01T19:30:00","guid":{"rendered":"https:\/\/www.webdo.tn\/fr\/blog\/ligue-des-champions-l-est-chute-face-au-hilal\/210518\/"},"modified":"2023-12-01T19:30:00","modified_gmt":"2023-12-01T19:30:00","slug":"ligue-des-champions-l-est-chute-face-au-hilal","status":"publish","type":"post","link":"https:\/\/www.webdo.tn\/fr\/actualite\/sport\/ligue-des-champions-l-est-chute-face-au-hilal\/210518\/","title":{"rendered":"Ligue des Champions : L&rsquo;EST chute face au Hilal"},"content":{"rendered":"<p>Al Hilal a enregistr\u00e9 sa plus large victoire, en comp\u00e9titions africaines, face \u00e0 l&rsquo;Esp\u00e9rance, ce vendredi 1er d\u00e9cembre 2023, \u00e0 Dar Salem, dans le cadre de la 2\u00e8me journ\u00e9e de la Ligue des Champions africaine.<\/p>\n<p>\t\t\t\t\t\t\t\t\tLes Sang et Or ont \u00e9t\u00e9 les auteurs d&rsquo;un d\u00e9but de match catastrophique marqu\u00e9 par deux erreurs monumentales de Tougai. Le d\u00e9fenseur central est directement impliqu\u00e9 sur les 2 premiers buts d&rsquo;Al Hilal.<\/p>\n<p>A peine un quart d&rsquo;heure de jeu et voil\u00e0 l&rsquo;Esp\u00e9rance men\u00e9 de deux buts. Malgr\u00e9 un mieux au retour des vestiaires, qui a vu notamment Sewe r\u00e9duire la marque sur un tir rat\u00e9 de Tka, l&rsquo;EST n&rsquo;arrive pas \u00e0 \u00e9galiser et encaissera m\u00eame un troisi\u00e8me but sur une \u00e9ni\u00e8me erreur de&#8230; Tougai, qui se fait avoir comme un amateur sur une talonnade du meneur de jeu soudanais.<\/p>\n<p>Al Hilal revient \u00e0 la hauteur de l&rsquo;Esp\u00e9rance au classement en attendant l&rsquo;autre rencontre du groupe, entre Petro et l&rsquo;ESS.<\/p>\n","protected":false},"excerpt":{"rendered":"<p>Al Hilal a enregistr\u00e9 sa plus large victoire, en comp\u00e9titions africaines, face \u00e0 l&rsquo;Esp\u00e9rance, ce vendredi 1er d\u00e9cembre 2023, \u00e0 Dar Salem, dans le cadre de la 2\u00e8&#8230;<\/p>\n","protected":false},"author":3169,"featured_media":248640,"comment_status":"open","ping_status":"closed","sticky":false,"template":"","format":"standard","meta":{"footnotes":""},"categories":[2593],"tags":[3135,3436,2622,3136,2608],"class_list":["post-210518","post","type-post","status-publish","format-standard","has-post-thumbnail","hentry","category-sport","tag-caf","tag-est","tag-football","tag-ligue-des-champions","tag-tunisie"],"yoast_head":"<!-- This site is optimized with the Yoast SEO Premium plugin v27.4 (Yoast SEO v27.5) - https:\/\/yoast.com\/product\/yoast-seo-premium-wordpress\/ -->\n<title>Ligue des Champions : L&#039;EST chute face au Hilal<\/title>\n<meta name=\"description\" content=\"Al Hilal a enregistr\u00e9 sa plus large victoire, en comp\u00e9titions africaines, face \u00e0 l&#039;Esp\u00e9rance, ce vendredi 1er d\u00e9cembre 2023, \u00e0 Dar Salem, dans le cadre de la 2\u00e8...\" \/>\n<link rel=\"canonical\" href=\"https:\/\/www.webdo.tn\/fr\/actualite\/sport\/ligue-des-champions-l-est-chute-face-au-hilal\/210518\/\" \/>\n<meta property=\"og:locale\" content=\"fr_FR\" \/>\n<meta property=\"og:type\" content=\"article\" \/>\n<meta property=\"og:title\" content=\"Ligue des Champions : L&#039;EST chute face au Hilal\" \/>\n<meta property=\"og:description\" content=\"Al Hilal a enregistr\u00e9 sa plus large victoire, en comp\u00e9titions africaines, face \u00e0 l&#039;Esp\u00e9rance, ce vendredi 1er d\u00e9cembre 2023, \u00e0 Dar Salem, dans le cadre de la 2\u00e8...\" \/>\n<meta property=\"og:url\" content=\"https:\/\/www.webdo.tn\/fr\/actualite\/sport\/ligue-des-champions-l-est-chute-face-au-hilal\/210518\/\" \/>\n<meta property=\"og:site_name\" content=\"webdo\" \/>\n<meta property=\"article:publisher\" content=\"https:\/\/www.facebook.com\/webdotn\" \/>\n<meta property=\"article:published_time\" content=\"2023-12-01T19:30:00+00:00\" \/>\n<meta property=\"og:image\" content=\"https:\/\/www.webdo.tn\/fr\/wp-content\/uploads\/2023\/12\/e9de4aefe5d55c4bc7c83fde59f4e82f.jpg\" \/>\n\t<meta property=\"og:image:width\" content=\"640\" \/>\n\t<meta property=\"og:image:height\" content=\"341\" \/>\n\t<meta property=\"og:image:type\" content=\"image\/jpeg\" \/>\n<meta name=\"author\" content=\"Webdo\" \/>\n<meta name=\"twitter:card\" content=\"summary_large_image\" \/>\n<meta name=\"twitter:creator\" content=\"@webdo_tn\" \/>\n<meta name=\"twitter:site\" content=\"@webdo_tn\" \/>\n<meta name=\"twitter:label1\" content=\"\u00c9crit par\" \/>\n\t<meta name=\"twitter:data1\" content=\"Webdo\" \/>\n\t<meta name=\"twitter:label2\" content=\"Dur\u00e9e de lecture estim\u00e9e\" \/>\n\t<meta name=\"twitter:data2\" content=\"1 minute\" \/>\n<script type=\"application\/ld+json\" class=\"yoast-schema-graph\">{\"@context\":\"https:\\\/\\\/schema.org\",\"@graph\":[{\"@type\":\"NewsArticle\",\"@id\":\"https:\\\/\\\/www.webdo.tn\\\/fr\\\/actualite\\\/sport\\\/ligue-des-champions-l-est-chute-face-au-hilal\\\/210518\\\/#article\",\"isPartOf\":{\"@id\":\"https:\\\/\\\/www.webdo.tn\\\/fr\\\/actualite\\\/sport\\\/ligue-des-champions-l-est-chute-face-au-hilal\\\/210518\\\/\"},\"author\":{\"name\":\"Webdo\",\"@id\":\"https:\\\/\\\/www.webdo.tn\\\/fr\\\/#\\\/schema\\\/person\\\/1f4e491e0907b413d61089e8eb573acc\"},\"headline\":\"Ligue des Champions : L&rsquo;EST chute face au Hilal\",\"datePublished\":\"2023-12-01T19:30:00+00:00\",\"mainEntityOfPage\":{\"@id\":\"https:\\\/\\\/www.webdo.tn\\\/fr\\\/actualite\\\/sport\\\/ligue-des-champions-l-est-chute-face-au-hilal\\\/210518\\\/\"},\"wordCount\":180,\"commentCount\":0,\"publisher\":{\"@id\":\"https:\\\/\\\/www.webdo.tn\\\/fr\\\/#organization\"},\"image\":{\"@id\":\"https:\\\/\\\/www.webdo.tn\\\/fr\\\/actualite\\\/sport\\\/ligue-des-champions-l-est-chute-face-au-hilal\\\/210518\\\/#primaryimage\"},\"thumbnailUrl\":\"https:\\\/\\\/www.webdo.tn\\\/fr\\\/wp-content\\\/uploads\\\/2023\\\/12\\\/e9de4aefe5d55c4bc7c83fde59f4e82f.jpg\",\"keywords\":[\"CAF\",\"EST\",\"football\",\"ligue des champions\",\"Tunisie\"],\"articleSection\":[\"Sport\"],\"inLanguage\":\"fr-FR\"},{\"@type\":\"WebPage\",\"@id\":\"https:\\\/\\\/www.webdo.tn\\\/fr\\\/actualite\\\/sport\\\/ligue-des-champions-l-est-chute-face-au-hilal\\\/210518\\\/\",\"url\":\"https:\\\/\\\/www.webdo.tn\\\/fr\\\/actualite\\\/sport\\\/ligue-des-champions-l-est-chute-face-au-hilal\\\/210518\\\/\",\"name\":\"Ligue des Champions : L'EST chute face au Hilal\",\"isPartOf\":{\"@id\":\"https:\\\/\\\/www.webdo.tn\\\/fr\\\/#website\"},\"primaryImageOfPage\":{\"@id\":\"https:\\\/\\\/www.webdo.tn\\\/fr\\\/actualite\\\/sport\\\/ligue-des-champions-l-est-chute-face-au-hilal\\\/210518\\\/#primaryimage\"},\"image\":{\"@id\":\"https:\\\/\\\/www.webdo.tn\\\/fr\\\/actualite\\\/sport\\\/ligue-des-champions-l-est-chute-face-au-hilal\\\/210518\\\/#primaryimage\"},\"thumbnailUrl\":\"https:\\\/\\\/www.webdo.tn\\\/fr\\\/wp-content\\\/uploads\\\/2023\\\/12\\\/e9de4aefe5d55c4bc7c83fde59f4e82f.jpg\",\"datePublished\":\"2023-12-01T19:30:00+00:00\",\"description\":\"Al Hilal a enregistr\u00e9 sa plus large victoire, en comp\u00e9titions africaines, face \u00e0 l'Esp\u00e9rance, ce vendredi 1er d\u00e9cembre 2023, \u00e0 Dar Salem, dans le cadre de la 2\u00e8...\",\"breadcrumb\":{\"@id\":\"https:\\\/\\\/www.webdo.tn\\\/fr\\\/actualite\\\/sport\\\/ligue-des-champions-l-est-chute-face-au-hilal\\\/210518\\\/#breadcrumb\"},\"inLanguage\":\"fr-FR\",\"potentialAction\":[{\"@type\":\"ReadAction\",\"target\":[\"https:\\\/\\\/www.webdo.tn\\\/fr\\\/actualite\\\/sport\\\/ligue-des-champions-l-est-chute-face-au-hilal\\\/210518\\\/\"]}]},{\"@type\":\"ImageObject\",\"inLanguage\":\"fr-FR\",\"@id\":\"https:\\\/\\\/www.webdo.tn\\\/fr\\\/actualite\\\/sport\\\/ligue-des-champions-l-est-chute-face-au-hilal\\\/210518\\\/#primaryimage\",\"url\":\"https:\\\/\\\/www.webdo.tn\\\/fr\\\/wp-content\\\/uploads\\\/2023\\\/12\\\/e9de4aefe5d55c4bc7c83fde59f4e82f.jpg\",\"contentUrl\":\"https:\\\/\\\/www.webdo.tn\\\/fr\\\/wp-content\\\/uploads\\\/2023\\\/12\\\/e9de4aefe5d55c4bc7c83fde59f4e82f.jpg\",\"width\":640,\"height\":341,\"caption\":\"Ligue des Champions : L'EST chute face au Hilal\"},{\"@type\":\"BreadcrumbList\",\"@id\":\"https:\\\/\\\/www.webdo.tn\\\/fr\\\/actualite\\\/sport\\\/ligue-des-champions-l-est-chute-face-au-hilal\\\/210518\\\/#breadcrumb\",\"itemListElement\":[{\"@type\":\"ListItem\",\"position\":1,\"name\":\"Accueil\",\"item\":\"https:\\\/\\\/www.webdo.tn\\\/fr\\\/\"},{\"@type\":\"ListItem\",\"position\":2,\"name\":\"Ligue des Champions : L&rsquo;EST chute face au Hilal\"}]},{\"@type\":\"WebSite\",\"@id\":\"https:\\\/\\\/www.webdo.tn\\\/fr\\\/#website\",\"url\":\"https:\\\/\\\/www.webdo.tn\\\/fr\\\/\",\"name\":\"webdo\",\"description\":\"Tunisie - News en Tunisie et \u00e0 l&#039;international sur Webdo.tn\",\"publisher\":{\"@id\":\"https:\\\/\\\/www.webdo.tn\\\/fr\\\/#organization\"},\"potentialAction\":[{\"@type\":\"SearchAction\",\"target\":{\"@type\":\"EntryPoint\",\"urlTemplate\":\"https:\\\/\\\/www.webdo.tn\\\/fr\\\/?s={search_term_string}\"},\"query-input\":{\"@type\":\"PropertyValueSpecification\",\"valueRequired\":true,\"valueName\":\"search_term_string\"}}],\"inLanguage\":\"fr-FR\"},{\"@type\":\"Organization\",\"@id\":\"https:\\\/\\\/www.webdo.tn\\\/fr\\\/#organization\",\"name\":\"Webdo\",\"alternateName\":\"Webdo.tn\",\"url\":\"https:\\\/\\\/www.webdo.tn\\\/fr\\\/\",\"logo\":{\"@type\":\"ImageObject\",\"inLanguage\":\"fr-FR\",\"@id\":\"https:\\\/\\\/www.webdo.tn\\\/fr\\\/#\\\/schema\\\/logo\\\/image\\\/\",\"url\":\"https:\\\/\\\/www.webdo.tn\\\/fr\\\/wp-content\\\/uploads\\\/2025\\\/06\\\/Webdo-Tunisie_168377.jpg\",\"contentUrl\":\"https:\\\/\\\/www.webdo.tn\\\/fr\\\/wp-content\\\/uploads\\\/2025\\\/06\\\/Webdo-Tunisie_168377.jpg\",\"width\":301,\"height\":301,\"caption\":\"Webdo\"},\"image\":{\"@id\":\"https:\\\/\\\/www.webdo.tn\\\/fr\\\/#\\\/schema\\\/logo\\\/image\\\/\"},\"sameAs\":[\"https:\\\/\\\/www.facebook.com\\\/webdotn\",\"https:\\\/\\\/x.com\\\/webdo_tn\"],\"description\":\"Webdo est un m\u00e9dia num\u00e9rique tunisien fond\u00e9 en 2010, sp\u00e9cialis\u00e9 dans l\u2019actualit\u00e9 nationale et internationale, l\u2019\u00e9conomie, la soci\u00e9t\u00e9 et les analyses politiques. Le site s\u2019adresse \u00e0 un large public francophone et couvre l\u2019information tunisienne en temps r\u00e9el.\",\"email\":\"redac@webdo.tn\",\"legalName\":\"YNJ SARL\",\"foundingDate\":\"2010-09-06\",\"numberOfEmployees\":{\"@type\":\"QuantitativeValue\",\"minValue\":\"11\",\"maxValue\":\"50\"}},{\"@type\":\"Person\",\"@id\":\"https:\\\/\\\/www.webdo.tn\\\/fr\\\/#\\\/schema\\\/person\\\/1f4e491e0907b413d61089e8eb573acc\",\"name\":\"Webdo\",\"image\":{\"@type\":\"ImageObject\",\"inLanguage\":\"fr-FR\",\"@id\":\"https:\\\/\\\/secure.gravatar.com\\\/avatar\\\/de97aeec1bb80978a9dbb127e47dfc88aaacb2f3c29aac907d8d3222e3495d49?s=96&d=mm&r=g\",\"url\":\"https:\\\/\\\/secure.gravatar.com\\\/avatar\\\/de97aeec1bb80978a9dbb127e47dfc88aaacb2f3c29aac907d8d3222e3495d49?s=96&d=mm&r=g\",\"contentUrl\":\"https:\\\/\\\/secure.gravatar.com\\\/avatar\\\/de97aeec1bb80978a9dbb127e47dfc88aaacb2f3c29aac907d8d3222e3495d49?s=96&d=mm&r=g\",\"caption\":\"Webdo\"},\"url\":\"https:\\\/\\\/www.webdo.tn\\\/fr\\\/actualite\\\/author\\\/webdo\\\/\"}]}<\/script>\n<!-- \/ Yoast SEO Premium plugin. -->","yoast_head_json":{"title":"Ligue des Champions : L'EST chute face au Hilal","description":"Al Hilal a enregistr\u00e9 sa plus large victoire, en comp\u00e9titions africaines, face \u00e0 l'Esp\u00e9rance, ce vendredi 1er d\u00e9cembre 2023, \u00e0 Dar Salem, dans le cadre de la 2\u00e8...","canonical":"https:\/\/www.webdo.tn\/fr\/actualite\/sport\/ligue-des-champions-l-est-chute-face-au-hilal\/210518\/","og_locale":"fr_FR","og_type":"article","og_title":"Ligue des Champions : L'EST chute face au Hilal","og_description":"Al Hilal a enregistr\u00e9 sa plus large victoire, en comp\u00e9titions africaines, face \u00e0 l'Esp\u00e9rance, ce vendredi 1er d\u00e9cembre 2023, \u00e0 Dar Salem, dans le cadre de la 2\u00e8...","og_url":"https:\/\/www.webdo.tn\/fr\/actualite\/sport\/ligue-des-champions-l-est-chute-face-au-hilal\/210518\/","og_site_name":"webdo","article_publisher":"https:\/\/www.facebook.com\/webdotn","article_published_time":"2023-12-01T19:30:00+00:00","og_image":[{"width":640,"height":341,"url":"https:\/\/www.webdo.tn\/fr\/wp-content\/uploads\/2023\/12\/e9de4aefe5d55c4bc7c83fde59f4e82f.jpg","type":"image\/jpeg"}],"author":"Webdo","twitter_card":"summary_large_image","twitter_creator":"@webdo_tn","twitter_site":"@webdo_tn","twitter_misc":{"\u00c9crit par":"Webdo","Dur\u00e9e de lecture estim\u00e9e":"1 minute"},"schema":{"@context":"https:\/\/schema.org","@graph":[{"@type":"NewsArticle","@id":"https:\/\/www.webdo.tn\/fr\/actualite\/sport\/ligue-des-champions-l-est-chute-face-au-hilal\/210518\/#article","isPartOf":{"@id":"https:\/\/www.webdo.tn\/fr\/actualite\/sport\/ligue-des-champions-l-est-chute-face-au-hilal\/210518\/"},"author":{"name":"Webdo","@id":"https:\/\/www.webdo.tn\/fr\/#\/schema\/person\/1f4e491e0907b413d61089e8eb573acc"},"headline":"Ligue des Champions : L&rsquo;EST chute face au Hilal","datePublished":"2023-12-01T19:30:00+00:00","mainEntityOfPage":{"@id":"https:\/\/www.webdo.tn\/fr\/actualite\/sport\/ligue-des-champions-l-est-chute-face-au-hilal\/210518\/"},"wordCount":180,"commentCount":0,"publisher":{"@id":"https:\/\/www.webdo.tn\/fr\/#organization"},"image":{"@id":"https:\/\/www.webdo.tn\/fr\/actualite\/sport\/ligue-des-champions-l-est-chute-face-au-hilal\/210518\/#primaryimage"},"thumbnailUrl":"https:\/\/www.webdo.tn\/fr\/wp-content\/uploads\/2023\/12\/e9de4aefe5d55c4bc7c83fde59f4e82f.jpg","keywords":["CAF","EST","football","ligue des champions","Tunisie"],"articleSection":["Sport"],"inLanguage":"fr-FR"},{"@type":"WebPage","@id":"https:\/\/www.webdo.tn\/fr\/actualite\/sport\/ligue-des-champions-l-est-chute-face-au-hilal\/210518\/","url":"https:\/\/www.webdo.tn\/fr\/actualite\/sport\/ligue-des-champions-l-est-chute-face-au-hilal\/210518\/","name":"Ligue des Champions : L'EST chute face au Hilal","isPartOf":{"@id":"https:\/\/www.webdo.tn\/fr\/#website"},"primaryImageOfPage":{"@id":"https:\/\/www.webdo.tn\/fr\/actualite\/sport\/ligue-des-champions-l-est-chute-face-au-hilal\/210518\/#primaryimage"},"image":{"@id":"https:\/\/www.webdo.tn\/fr\/actualite\/sport\/ligue-des-champions-l-est-chute-face-au-hilal\/210518\/#primaryimage"},"thumbnailUrl":"https:\/\/www.webdo.tn\/fr\/wp-content\/uploads\/2023\/12\/e9de4aefe5d55c4bc7c83fde59f4e82f.jpg","datePublished":"2023-12-01T19:30:00+00:00","description":"Al Hilal a enregistr\u00e9 sa plus large victoire, en comp\u00e9titions africaines, face \u00e0 l'Esp\u00e9rance, ce vendredi 1er d\u00e9cembre 2023, \u00e0 Dar Salem, dans le cadre de la 2\u00e8...","breadcrumb":{"@id":"https:\/\/www.webdo.tn\/fr\/actualite\/sport\/ligue-des-champions-l-est-chute-face-au-hilal\/210518\/#breadcrumb"},"inLanguage":"fr-FR","potentialAction":[{"@type":"ReadAction","target":["https:\/\/www.webdo.tn\/fr\/actualite\/sport\/ligue-des-champions-l-est-chute-face-au-hilal\/210518\/"]}]},{"@type":"ImageObject","inLanguage":"fr-FR","@id":"https:\/\/www.webdo.tn\/fr\/actualite\/sport\/ligue-des-champions-l-est-chute-face-au-hilal\/210518\/#primaryimage","url":"https:\/\/www.webdo.tn\/fr\/wp-content\/uploads\/2023\/12\/e9de4aefe5d55c4bc7c83fde59f4e82f.jpg","contentUrl":"https:\/\/www.webdo.tn\/fr\/wp-content\/uploads\/2023\/12\/e9de4aefe5d55c4bc7c83fde59f4e82f.jpg","width":640,"height":341,"caption":"Ligue des Champions : L'EST chute face au Hilal"},{"@type":"BreadcrumbList","@id":"https:\/\/www.webdo.tn\/fr\/actualite\/sport\/ligue-des-champions-l-est-chute-face-au-hilal\/210518\/#breadcrumb","itemListElement":[{"@type":"ListItem","position":1,"name":"Accueil","item":"https:\/\/www.webdo.tn\/fr\/"},{"@type":"ListItem","position":2,"name":"Ligue des Champions : L&rsquo;EST chute face au Hilal"}]},{"@type":"WebSite","@id":"https:\/\/www.webdo.tn\/fr\/#website","url":"https:\/\/www.webdo.tn\/fr\/","name":"webdo","description":"Tunisie - News en Tunisie et \u00e0 l&#039;international sur Webdo.tn","publisher":{"@id":"https:\/\/www.webdo.tn\/fr\/#organization"},"potentialAction":[{"@type":"SearchAction","target":{"@type":"EntryPoint","urlTemplate":"https:\/\/www.webdo.tn\/fr\/?s={search_term_string}"},"query-input":{"@type":"PropertyValueSpecification","valueRequired":true,"valueName":"search_term_string"}}],"inLanguage":"fr-FR"},{"@type":"Organization","@id":"https:\/\/www.webdo.tn\/fr\/#organization","name":"Webdo","alternateName":"Webdo.tn","url":"https:\/\/www.webdo.tn\/fr\/","logo":{"@type":"ImageObject","inLanguage":"fr-FR","@id":"https:\/\/www.webdo.tn\/fr\/#\/schema\/logo\/image\/","url":"https:\/\/www.webdo.tn\/fr\/wp-content\/uploads\/2025\/06\/Webdo-Tunisie_168377.jpg","contentUrl":"https:\/\/www.webdo.tn\/fr\/wp-content\/uploads\/2025\/06\/Webdo-Tunisie_168377.jpg","width":301,"height":301,"caption":"Webdo"},"image":{"@id":"https:\/\/www.webdo.tn\/fr\/#\/schema\/logo\/image\/"},"sameAs":["https:\/\/www.facebook.com\/webdotn","https:\/\/x.com\/webdo_tn"],"description":"Webdo est un m\u00e9dia num\u00e9rique tunisien fond\u00e9 en 2010, sp\u00e9cialis\u00e9 dans l\u2019actualit\u00e9 nationale et internationale, l\u2019\u00e9conomie, la soci\u00e9t\u00e9 et les analyses politiques. Le site s\u2019adresse \u00e0 un large public francophone et couvre l\u2019information tunisienne en temps r\u00e9el.","email":"redac@webdo.tn","legalName":"YNJ SARL","foundingDate":"2010-09-06","numberOfEmployees":{"@type":"QuantitativeValue","minValue":"11","maxValue":"50"}},{"@type":"Person","@id":"https:\/\/www.webdo.tn\/fr\/#\/schema\/person\/1f4e491e0907b413d61089e8eb573acc","name":"Webdo","image":{"@type":"ImageObject","inLanguage":"fr-FR","@id":"https:\/\/secure.gravatar.com\/avatar\/de97aeec1bb80978a9dbb127e47dfc88aaacb2f3c29aac907d8d3222e3495d49?s=96&d=mm&r=g","url":"https:\/\/secure.gravatar.com\/avatar\/de97aeec1bb80978a9dbb127e47dfc88aaacb2f3c29aac907d8d3222e3495d49?s=96&d=mm&r=g","contentUrl":"https:\/\/secure.gravatar.com\/avatar\/de97aeec1bb80978a9dbb127e47dfc88aaacb2f3c29aac907d8d3222e3495d49?s=96&d=mm&r=g","caption":"Webdo"},"url":"https:\/\/www.webdo.tn\/fr\/actualite\/author\/webdo\/"}]}},"_links":{"self":[{"href":"https:\/\/www.webdo.tn\/fr\/wp-json\/wp\/v2\/posts\/210518","targetHints":{"allow":["GET"]}}],"collection":[{"href":"https:\/\/www.webdo.tn\/fr\/wp-json\/wp\/v2\/posts"}],"about":[{"href":"https:\/\/www.webdo.tn\/fr\/wp-json\/wp\/v2\/types\/post"}],"author":[{"embeddable":true,"href":"https:\/\/www.webdo.tn\/fr\/wp-json\/wp\/v2\/users\/3169"}],"replies":[{"embeddable":true,"href":"https:\/\/www.webdo.tn\/fr\/wp-json\/wp\/v2\/comments?post=210518"}],"version-history":[{"count":0,"href":"https:\/\/www.webdo.tn\/fr\/wp-json\/wp\/v2\/posts\/210518\/revisions"}],"wp:featuredmedia":[{"embeddable":true,"href":"https:\/\/www.webdo.tn\/fr\/wp-json\/wp\/v2\/media\/248640"}],"wp:attachment":[{"href":"https:\/\/www.webdo.tn\/fr\/wp-json\/wp\/v2\/media?parent=210518"}],"wp:term":[{"taxonomy":"category","embeddable":true,"href":"https:\/\/www.webdo.tn\/fr\/wp-json\/wp\/v2\/categories?post=210518"},{"taxonomy":"post_tag","embeddable":true,"href":"https:\/\/www.webdo.tn\/fr\/wp-json\/wp\/v2\/tags?post=210518"}],"curies":[{"name":"wp","href":"https:\/\/api.w.org\/{rel}","templated":true}]}}