{"id":210502,"date":"2023-12-01T10:32:00","date_gmt":"2023-12-01T10:32:00","guid":{"rendered":"https:\/\/www.webdo.tn\/fr\/blog\/affaire-ain-skhouna-deux-accuses-condamnes-a-la-peine-capitale\/210502\/"},"modified":"2025-05-20T21:55:15","modified_gmt":"2025-05-20T21:55:15","slug":"affaire-ain-skhouna-deux-accuses-condamnes-a-la-peine-capitale","status":"publish","type":"post","link":"https:\/\/www.webdo.tn\/fr\/actualite\/divers\/affaire-ain-skhouna-deux-accuses-condamnes-a-la-peine-capitale\/210502\/","title":{"rendered":"Affaire Ain Skhouna : Deux accus\u00e9s condamn\u00e9s \u00e0 la peine capitale"},"content":{"rendered":"<p>La Cour d\u2019Appel du tribunal de Gabes a rendu, la nuit derni\u00e8re, les jugements concernant les accus\u00e9s dans l\u2019affaire dite d\u2019Ain Skhouna, survenue le 12 d\u00e9cembre 2020.<\/p>\n<p>\t\t\t\t\t\t\t\t\tLes jugements ont \u00e9t\u00e9 rendus tard dans la nuit du jeudi 30 novembre 2023, par la Cour d&rsquo;appel du tribunal de Gabes, qui a confirm\u00e9 la peine de mort prononc\u00e9e le 14 mars 2023 contre deux accus\u00e9s pour meurtre avec pr\u00e9m\u00e9ditation dont l\u2019un est actuellement en d\u00e9tention et le deuxi\u00e8me toujours en fuite.<\/p>\n<p>Le 14 mars 2023, le tribunal de premi\u00e8re instance de Gab\u00e8s avait condamn\u00e9 \u00e0 la peine capitale cinq accus\u00e9s et un sixi\u00e8me par contumace, et \u00e0 l&#8217;emprisonnement \u00e0 perp\u00e9tuit\u00e9 d&rsquo;un septi\u00e8me pr\u00e9venu.<\/p>\n<p>Hier, la Cour d\u2019Appel a annul\u00e9 la peine de mort prononc\u00e9e contre quatre accus\u00e9s, qui a \u00e9t\u00e9 commu\u00e9e en une peine de 20 ans de prison. Des peines de prison ont \u00e9t\u00e9 \u00e9galement prononc\u00e9es contre sept autres accus\u00e9s, allant de 4 \u00e0 8 ans d\u2019emprisonnement.<\/p>\n<p>Retour sur les faits<\/p>\n<p>Le 12 d\u00e9cembre 2020, des heurts entre deux \u00ab\u00a0tribus\u00a0\u00bb dans le sud du pays avaient cout\u00e9 la vie \u00e0 trois personnes et caus\u00e9 plus de 60 bless\u00e9s. Des renforts s\u00e9curitaires et militaires avaient \u00e9t\u00e9 d\u00e9p\u00each\u00e9s sur place pour \u00e9viter toute escalade.<\/p>\n<p>Les affrontements dus \u00e0 un \u00ab\u00a0diff\u00e9rend foncier\u00a0\u00bb ont \u00e9clat\u00e9 dans la r\u00e9gion d\u2019Ain Skhouna entre des habitants de Douz (gouvernorat de K\u00e9bili) et B\u00e9ni Khedech (gouvernorat de M\u00e9denine).<\/p>\n<p>14 mandats de d\u00e9p\u00f4t<\/p>\n<p>Le pr\u00e9sident de la R\u00e9publique, Kais Saied, s&rsquo;\u00e9tait m\u00eame d\u00e9plac\u00e9, le 14 d\u00e9cembre 2020 dans la r\u00e9gion d\u2019Ain Skhouna, situ\u00e9e entre les gouvernorats de M\u00e9denine et de K\u00e9bili.<\/p>\n<p>En f\u00e9vrier 2021, le juge d&rsquo;instruction du tribunal de premi\u00e8re instance de M\u00e9denine avait \u00e9mis 14 mandats de d\u00e9p\u00f4t contre sept personnes, \u00e0 raison de deux mandats par personne, dans le cadre de l&rsquo;enqu\u00eate sur les meurtres de Hedi Kardaoui, Salah Yahiaoui et Naoufel Saadaoui durant ces affrontements.<\/p>\n<p>Des mandats de d\u00e9p\u00f4t \u00e9mis pour meurtre avec pr\u00e9m\u00e9ditation et d\u00e9tention d&rsquo;arme \u00e0 feu sans permis portant \u00e0 douze le nombre d\u2019accus\u00e9s.<\/p>\n<p>Peine capitale<\/p>\n<p>Le 14 mars 2023, les verdicts ont \u00e9t\u00e9 prononc\u00e9s dans cette affaire de violence et d\u2019\u00e9change de tirs. La justice avait condamn\u00e9 \u00e0 la peine capitale cinq accus\u00e9s alors qu&rsquo;un sixi\u00e8me a \u00e9galement \u00e9t\u00e9 condamn\u00e9 \u00e0 mort par contumace.<\/p>\n<p>Un septi\u00e8me accus\u00e9 avait \u00e9cop\u00e9 de la prison \u00e0 perp\u00e9tuit\u00e9. Les autres accus\u00e9s ont \u00e9t\u00e9 condamn\u00e9s \u00e0 des peines allant d\u2019un \u00e0 huit ans de prison. Un non-lieu a \u00e9t\u00e9 \u00e9galement prononc\u00e9.<\/p>\n","protected":false},"excerpt":{"rendered":"<p>Les jugements ont \u00e9t\u00e9 rendus tard dans la nuit du jeudi 30 novembre 2023, par la Cour d&rsquo;appel du tribunal de Gabes, qui a confirm\u00e9 la peine de mort prononc\u00e9e le&#8230;<\/p>\n","protected":false},"author":3162,"featured_media":248662,"comment_status":"open","ping_status":"closed","sticky":false,"template":"","format":"standard","meta":{"footnotes":""},"categories":[2839],"tags":[7474,2619,4618],"class_list":["post-210502","post","type-post","status-publish","format-standard","has-post-thumbnail","hentry","category-divers","tag-ain-skhouna","tag-justice","tag-peine-capitale"],"yoast_head":"<!-- This site is optimized with the Yoast SEO Premium plugin v27.5 (Yoast SEO v27.5) - https:\/\/yoast.com\/product\/yoast-seo-premium-wordpress\/ -->\n<title>Affaire Ain Skhouna : Deux accus\u00e9s condamn\u00e9s \u00e0 la peine capitale<\/title>\n<meta name=\"description\" content=\"Les jugements ont \u00e9t\u00e9 rendus tard dans la nuit du jeudi 30 novembre 2023, par la Cour d&#039;appel du tribunal de Gabes, qui a confirm\u00e9 la peine de mort prononc\u00e9e le...\" \/>\n<link rel=\"canonical\" href=\"https:\/\/www.webdo.tn\/fr\/actualite\/divers\/affaire-ain-skhouna-deux-accuses-condamnes-a-la-peine-capitale\/210502\/\" \/>\n<meta property=\"og:locale\" content=\"fr_FR\" \/>\n<meta property=\"og:type\" content=\"article\" \/>\n<meta property=\"og:title\" content=\"Affaire Ain Skhouna : Deux accus\u00e9s condamn\u00e9s \u00e0 la peine capitale\" \/>\n<meta property=\"og:description\" content=\"Les jugements ont \u00e9t\u00e9 rendus tard dans la nuit du jeudi 30 novembre 2023, par la Cour d&#039;appel du tribunal de Gabes, qui a confirm\u00e9 la peine de mort prononc\u00e9e le...\" \/>\n<meta property=\"og:url\" content=\"https:\/\/www.webdo.tn\/fr\/actualite\/divers\/affaire-ain-skhouna-deux-accuses-condamnes-a-la-peine-capitale\/210502\/\" \/>\n<meta property=\"og:site_name\" content=\"webdo\" \/>\n<meta property=\"article:publisher\" content=\"https:\/\/www.facebook.com\/webdotn\" \/>\n<meta property=\"article:published_time\" content=\"2023-12-01T10:32:00+00:00\" \/>\n<meta property=\"article:modified_time\" content=\"2025-05-20T21:55:15+00:00\" \/>\n<meta property=\"og:image\" content=\"https:\/\/www.webdo.tn\/fr\/wp-content\/uploads\/2023\/12\/b8d53cfbd872893989e513927b765462.jpg\" \/>\n\t<meta property=\"og:image:width\" content=\"750\" \/>\n\t<meta property=\"og:image:height\" content=\"400\" \/>\n\t<meta property=\"og:image:type\" content=\"image\/jpeg\" \/>\n<meta name=\"author\" content=\"MC\" \/>\n<meta name=\"twitter:card\" content=\"summary_large_image\" \/>\n<meta name=\"twitter:creator\" content=\"@webdo_tn\" \/>\n<meta name=\"twitter:site\" content=\"@webdo_tn\" \/>\n<meta name=\"twitter:label1\" content=\"\u00c9crit par\" \/>\n\t<meta name=\"twitter:data1\" content=\"MC\" \/>\n\t<meta name=\"twitter:label2\" content=\"Dur\u00e9e de lecture estim\u00e9e\" \/>\n\t<meta name=\"twitter:data2\" content=\"2 minutes\" \/>\n<script type=\"application\/ld+json\" class=\"yoast-schema-graph\">{\"@context\":\"https:\\\/\\\/schema.org\",\"@graph\":[{\"@type\":\"NewsArticle\",\"@id\":\"https:\\\/\\\/www.webdo.tn\\\/fr\\\/actualite\\\/divers\\\/affaire-ain-skhouna-deux-accuses-condamnes-a-la-peine-capitale\\\/210502\\\/#article\",\"isPartOf\":{\"@id\":\"https:\\\/\\\/www.webdo.tn\\\/fr\\\/actualite\\\/divers\\\/affaire-ain-skhouna-deux-accuses-condamnes-a-la-peine-capitale\\\/210502\\\/\"},\"author\":{\"name\":\"MC\",\"@id\":\"https:\\\/\\\/www.webdo.tn\\\/fr\\\/#\\\/schema\\\/person\\\/2c4929cbf5a809e3bd38617c6ce150f6\"},\"headline\":\"Affaire Ain Skhouna : Deux accus\u00e9s condamn\u00e9s \u00e0 la peine capitale\",\"datePublished\":\"2023-12-01T10:32:00+00:00\",\"dateModified\":\"2025-05-20T21:55:15+00:00\",\"mainEntityOfPage\":{\"@id\":\"https:\\\/\\\/www.webdo.tn\\\/fr\\\/actualite\\\/divers\\\/affaire-ain-skhouna-deux-accuses-condamnes-a-la-peine-capitale\\\/210502\\\/\"},\"wordCount\":462,\"commentCount\":0,\"publisher\":{\"@id\":\"https:\\\/\\\/www.webdo.tn\\\/fr\\\/#organization\"},\"image\":{\"@id\":\"https:\\\/\\\/www.webdo.tn\\\/fr\\\/actualite\\\/divers\\\/affaire-ain-skhouna-deux-accuses-condamnes-a-la-peine-capitale\\\/210502\\\/#primaryimage\"},\"thumbnailUrl\":\"https:\\\/\\\/www.webdo.tn\\\/fr\\\/wp-content\\\/uploads\\\/2023\\\/12\\\/b8d53cfbd872893989e513927b765462.jpg\",\"keywords\":[\"ain skhouna\",\"justice\",\"peine capitale\"],\"articleSection\":[\"Divers\"],\"inLanguage\":\"fr-FR\"},{\"@type\":\"WebPage\",\"@id\":\"https:\\\/\\\/www.webdo.tn\\\/fr\\\/actualite\\\/divers\\\/affaire-ain-skhouna-deux-accuses-condamnes-a-la-peine-capitale\\\/210502\\\/\",\"url\":\"https:\\\/\\\/www.webdo.tn\\\/fr\\\/actualite\\\/divers\\\/affaire-ain-skhouna-deux-accuses-condamnes-a-la-peine-capitale\\\/210502\\\/\",\"name\":\"Affaire Ain Skhouna : Deux accus\u00e9s condamn\u00e9s \u00e0 la peine capitale\",\"isPartOf\":{\"@id\":\"https:\\\/\\\/www.webdo.tn\\\/fr\\\/#website\"},\"primaryImageOfPage\":{\"@id\":\"https:\\\/\\\/www.webdo.tn\\\/fr\\\/actualite\\\/divers\\\/affaire-ain-skhouna-deux-accuses-condamnes-a-la-peine-capitale\\\/210502\\\/#primaryimage\"},\"image\":{\"@id\":\"https:\\\/\\\/www.webdo.tn\\\/fr\\\/actualite\\\/divers\\\/affaire-ain-skhouna-deux-accuses-condamnes-a-la-peine-capitale\\\/210502\\\/#primaryimage\"},\"thumbnailUrl\":\"https:\\\/\\\/www.webdo.tn\\\/fr\\\/wp-content\\\/uploads\\\/2023\\\/12\\\/b8d53cfbd872893989e513927b765462.jpg\",\"datePublished\":\"2023-12-01T10:32:00+00:00\",\"dateModified\":\"2025-05-20T21:55:15+00:00\",\"description\":\"Les jugements ont \u00e9t\u00e9 rendus tard dans la nuit du jeudi 30 novembre 2023, par la Cour d'appel du tribunal de Gabes, qui a confirm\u00e9 la peine de mort prononc\u00e9e le...\",\"breadcrumb\":{\"@id\":\"https:\\\/\\\/www.webdo.tn\\\/fr\\\/actualite\\\/divers\\\/affaire-ain-skhouna-deux-accuses-condamnes-a-la-peine-capitale\\\/210502\\\/#breadcrumb\"},\"inLanguage\":\"fr-FR\",\"potentialAction\":[{\"@type\":\"ReadAction\",\"target\":[\"https:\\\/\\\/www.webdo.tn\\\/fr\\\/actualite\\\/divers\\\/affaire-ain-skhouna-deux-accuses-condamnes-a-la-peine-capitale\\\/210502\\\/\"]}]},{\"@type\":\"ImageObject\",\"inLanguage\":\"fr-FR\",\"@id\":\"https:\\\/\\\/www.webdo.tn\\\/fr\\\/actualite\\\/divers\\\/affaire-ain-skhouna-deux-accuses-condamnes-a-la-peine-capitale\\\/210502\\\/#primaryimage\",\"url\":\"https:\\\/\\\/www.webdo.tn\\\/fr\\\/wp-content\\\/uploads\\\/2023\\\/12\\\/b8d53cfbd872893989e513927b765462.jpg\",\"contentUrl\":\"https:\\\/\\\/www.webdo.tn\\\/fr\\\/wp-content\\\/uploads\\\/2023\\\/12\\\/b8d53cfbd872893989e513927b765462.jpg\",\"width\":750,\"height\":400,\"caption\":\"Affaire Ain Skhouna : Deux accus\u00e9s condamn\u00e9s \u00e0 la peine capitale\"},{\"@type\":\"BreadcrumbList\",\"@id\":\"https:\\\/\\\/www.webdo.tn\\\/fr\\\/actualite\\\/divers\\\/affaire-ain-skhouna-deux-accuses-condamnes-a-la-peine-capitale\\\/210502\\\/#breadcrumb\",\"itemListElement\":[{\"@type\":\"ListItem\",\"position\":1,\"name\":\"Accueil\",\"item\":\"https:\\\/\\\/www.webdo.tn\\\/fr\\\/\"},{\"@type\":\"ListItem\",\"position\":2,\"name\":\"Affaire Ain Skhouna : Deux accus\u00e9s condamn\u00e9s \u00e0 la peine capitale\"}]},{\"@type\":\"WebSite\",\"@id\":\"https:\\\/\\\/www.webdo.tn\\\/fr\\\/#website\",\"url\":\"https:\\\/\\\/www.webdo.tn\\\/fr\\\/\",\"name\":\"webdo\",\"description\":\"Tunisie - News en Tunisie et \u00e0 l&#039;international sur Webdo.tn\",\"publisher\":{\"@id\":\"https:\\\/\\\/www.webdo.tn\\\/fr\\\/#organization\"},\"potentialAction\":[{\"@type\":\"SearchAction\",\"target\":{\"@type\":\"EntryPoint\",\"urlTemplate\":\"https:\\\/\\\/www.webdo.tn\\\/fr\\\/?s={search_term_string}\"},\"query-input\":{\"@type\":\"PropertyValueSpecification\",\"valueRequired\":true,\"valueName\":\"search_term_string\"}}],\"inLanguage\":\"fr-FR\"},{\"@type\":\"Organization\",\"@id\":\"https:\\\/\\\/www.webdo.tn\\\/fr\\\/#organization\",\"name\":\"Webdo\",\"alternateName\":\"Webdo.tn\",\"url\":\"https:\\\/\\\/www.webdo.tn\\\/fr\\\/\",\"logo\":{\"@type\":\"ImageObject\",\"inLanguage\":\"fr-FR\",\"@id\":\"https:\\\/\\\/www.webdo.tn\\\/fr\\\/#\\\/schema\\\/logo\\\/image\\\/\",\"url\":\"https:\\\/\\\/www.webdo.tn\\\/fr\\\/wp-content\\\/uploads\\\/2025\\\/06\\\/Webdo-Tunisie_168377.jpg\",\"contentUrl\":\"https:\\\/\\\/www.webdo.tn\\\/fr\\\/wp-content\\\/uploads\\\/2025\\\/06\\\/Webdo-Tunisie_168377.jpg\",\"width\":301,\"height\":301,\"caption\":\"Webdo\"},\"image\":{\"@id\":\"https:\\\/\\\/www.webdo.tn\\\/fr\\\/#\\\/schema\\\/logo\\\/image\\\/\"},\"sameAs\":[\"https:\\\/\\\/www.facebook.com\\\/webdotn\",\"https:\\\/\\\/x.com\\\/webdo_tn\"],\"description\":\"Webdo est un m\u00e9dia num\u00e9rique tunisien fond\u00e9 en 2010, sp\u00e9cialis\u00e9 dans l\u2019actualit\u00e9 nationale et internationale, l\u2019\u00e9conomie, la soci\u00e9t\u00e9 et les analyses politiques. Le site s\u2019adresse \u00e0 un large public francophone et couvre l\u2019information tunisienne en temps r\u00e9el.\",\"email\":\"redac@webdo.tn\",\"legalName\":\"YNJ SARL\",\"foundingDate\":\"2010-09-06\",\"numberOfEmployees\":{\"@type\":\"QuantitativeValue\",\"minValue\":\"11\",\"maxValue\":\"50\"}},{\"@type\":\"Person\",\"@id\":\"https:\\\/\\\/www.webdo.tn\\\/fr\\\/#\\\/schema\\\/person\\\/2c4929cbf5a809e3bd38617c6ce150f6\",\"name\":\"MC\",\"image\":{\"@type\":\"ImageObject\",\"inLanguage\":\"fr-FR\",\"@id\":\"https:\\\/\\\/secure.gravatar.com\\\/avatar\\\/a545bbb6f84efdd5553dbbc2895e3ca8f1d12c5215e00a041c9670b54aa9b18a?s=96&d=mm&r=g\",\"url\":\"https:\\\/\\\/secure.gravatar.com\\\/avatar\\\/a545bbb6f84efdd5553dbbc2895e3ca8f1d12c5215e00a041c9670b54aa9b18a?s=96&d=mm&r=g\",\"contentUrl\":\"https:\\\/\\\/secure.gravatar.com\\\/avatar\\\/a545bbb6f84efdd5553dbbc2895e3ca8f1d12c5215e00a041c9670b54aa9b18a?s=96&d=mm&r=g\",\"caption\":\"MC\"},\"url\":\"https:\\\/\\\/www.webdo.tn\\\/fr\\\/actualite\\\/author\\\/mc\\\/\"}]}<\/script>\n<!-- \/ Yoast SEO Premium plugin. -->","yoast_head_json":{"title":"Affaire Ain Skhouna : Deux accus\u00e9s condamn\u00e9s \u00e0 la peine capitale","description":"Les jugements ont \u00e9t\u00e9 rendus tard dans la nuit du jeudi 30 novembre 2023, par la Cour d'appel du tribunal de Gabes, qui a confirm\u00e9 la peine de mort prononc\u00e9e le...","canonical":"https:\/\/www.webdo.tn\/fr\/actualite\/divers\/affaire-ain-skhouna-deux-accuses-condamnes-a-la-peine-capitale\/210502\/","og_locale":"fr_FR","og_type":"article","og_title":"Affaire Ain Skhouna : Deux accus\u00e9s condamn\u00e9s \u00e0 la peine capitale","og_description":"Les jugements ont \u00e9t\u00e9 rendus tard dans la nuit du jeudi 30 novembre 2023, par la Cour d'appel du tribunal de Gabes, qui a confirm\u00e9 la peine de mort prononc\u00e9e le...","og_url":"https:\/\/www.webdo.tn\/fr\/actualite\/divers\/affaire-ain-skhouna-deux-accuses-condamnes-a-la-peine-capitale\/210502\/","og_site_name":"webdo","article_publisher":"https:\/\/www.facebook.com\/webdotn","article_published_time":"2023-12-01T10:32:00+00:00","article_modified_time":"2025-05-20T21:55:15+00:00","og_image":[{"width":750,"height":400,"url":"https:\/\/www.webdo.tn\/fr\/wp-content\/uploads\/2023\/12\/b8d53cfbd872893989e513927b765462.jpg","type":"image\/jpeg"}],"author":"MC","twitter_card":"summary_large_image","twitter_creator":"@webdo_tn","twitter_site":"@webdo_tn","twitter_misc":{"\u00c9crit par":"MC","Dur\u00e9e de lecture estim\u00e9e":"2 minutes"},"schema":{"@context":"https:\/\/schema.org","@graph":[{"@type":"NewsArticle","@id":"https:\/\/www.webdo.tn\/fr\/actualite\/divers\/affaire-ain-skhouna-deux-accuses-condamnes-a-la-peine-capitale\/210502\/#article","isPartOf":{"@id":"https:\/\/www.webdo.tn\/fr\/actualite\/divers\/affaire-ain-skhouna-deux-accuses-condamnes-a-la-peine-capitale\/210502\/"},"author":{"name":"MC","@id":"https:\/\/www.webdo.tn\/fr\/#\/schema\/person\/2c4929cbf5a809e3bd38617c6ce150f6"},"headline":"Affaire Ain Skhouna : Deux accus\u00e9s condamn\u00e9s \u00e0 la peine capitale","datePublished":"2023-12-01T10:32:00+00:00","dateModified":"2025-05-20T21:55:15+00:00","mainEntityOfPage":{"@id":"https:\/\/www.webdo.tn\/fr\/actualite\/divers\/affaire-ain-skhouna-deux-accuses-condamnes-a-la-peine-capitale\/210502\/"},"wordCount":462,"commentCount":0,"publisher":{"@id":"https:\/\/www.webdo.tn\/fr\/#organization"},"image":{"@id":"https:\/\/www.webdo.tn\/fr\/actualite\/divers\/affaire-ain-skhouna-deux-accuses-condamnes-a-la-peine-capitale\/210502\/#primaryimage"},"thumbnailUrl":"https:\/\/www.webdo.tn\/fr\/wp-content\/uploads\/2023\/12\/b8d53cfbd872893989e513927b765462.jpg","keywords":["ain skhouna","justice","peine capitale"],"articleSection":["Divers"],"inLanguage":"fr-FR"},{"@type":"WebPage","@id":"https:\/\/www.webdo.tn\/fr\/actualite\/divers\/affaire-ain-skhouna-deux-accuses-condamnes-a-la-peine-capitale\/210502\/","url":"https:\/\/www.webdo.tn\/fr\/actualite\/divers\/affaire-ain-skhouna-deux-accuses-condamnes-a-la-peine-capitale\/210502\/","name":"Affaire Ain Skhouna : Deux accus\u00e9s condamn\u00e9s \u00e0 la peine capitale","isPartOf":{"@id":"https:\/\/www.webdo.tn\/fr\/#website"},"primaryImageOfPage":{"@id":"https:\/\/www.webdo.tn\/fr\/actualite\/divers\/affaire-ain-skhouna-deux-accuses-condamnes-a-la-peine-capitale\/210502\/#primaryimage"},"image":{"@id":"https:\/\/www.webdo.tn\/fr\/actualite\/divers\/affaire-ain-skhouna-deux-accuses-condamnes-a-la-peine-capitale\/210502\/#primaryimage"},"thumbnailUrl":"https:\/\/www.webdo.tn\/fr\/wp-content\/uploads\/2023\/12\/b8d53cfbd872893989e513927b765462.jpg","datePublished":"2023-12-01T10:32:00+00:00","dateModified":"2025-05-20T21:55:15+00:00","description":"Les jugements ont \u00e9t\u00e9 rendus tard dans la nuit du jeudi 30 novembre 2023, par la Cour d'appel du tribunal de Gabes, qui a confirm\u00e9 la peine de mort prononc\u00e9e le...","breadcrumb":{"@id":"https:\/\/www.webdo.tn\/fr\/actualite\/divers\/affaire-ain-skhouna-deux-accuses-condamnes-a-la-peine-capitale\/210502\/#breadcrumb"},"inLanguage":"fr-FR","potentialAction":[{"@type":"ReadAction","target":["https:\/\/www.webdo.tn\/fr\/actualite\/divers\/affaire-ain-skhouna-deux-accuses-condamnes-a-la-peine-capitale\/210502\/"]}]},{"@type":"ImageObject","inLanguage":"fr-FR","@id":"https:\/\/www.webdo.tn\/fr\/actualite\/divers\/affaire-ain-skhouna-deux-accuses-condamnes-a-la-peine-capitale\/210502\/#primaryimage","url":"https:\/\/www.webdo.tn\/fr\/wp-content\/uploads\/2023\/12\/b8d53cfbd872893989e513927b765462.jpg","contentUrl":"https:\/\/www.webdo.tn\/fr\/wp-content\/uploads\/2023\/12\/b8d53cfbd872893989e513927b765462.jpg","width":750,"height":400,"caption":"Affaire Ain Skhouna : Deux accus\u00e9s condamn\u00e9s \u00e0 la peine capitale"},{"@type":"BreadcrumbList","@id":"https:\/\/www.webdo.tn\/fr\/actualite\/divers\/affaire-ain-skhouna-deux-accuses-condamnes-a-la-peine-capitale\/210502\/#breadcrumb","itemListElement":[{"@type":"ListItem","position":1,"name":"Accueil","item":"https:\/\/www.webdo.tn\/fr\/"},{"@type":"ListItem","position":2,"name":"Affaire Ain Skhouna : Deux accus\u00e9s condamn\u00e9s \u00e0 la peine capitale"}]},{"@type":"WebSite","@id":"https:\/\/www.webdo.tn\/fr\/#website","url":"https:\/\/www.webdo.tn\/fr\/","name":"webdo","description":"Tunisie - News en Tunisie et \u00e0 l&#039;international sur Webdo.tn","publisher":{"@id":"https:\/\/www.webdo.tn\/fr\/#organization"},"potentialAction":[{"@type":"SearchAction","target":{"@type":"EntryPoint","urlTemplate":"https:\/\/www.webdo.tn\/fr\/?s={search_term_string}"},"query-input":{"@type":"PropertyValueSpecification","valueRequired":true,"valueName":"search_term_string"}}],"inLanguage":"fr-FR"},{"@type":"Organization","@id":"https:\/\/www.webdo.tn\/fr\/#organization","name":"Webdo","alternateName":"Webdo.tn","url":"https:\/\/www.webdo.tn\/fr\/","logo":{"@type":"ImageObject","inLanguage":"fr-FR","@id":"https:\/\/www.webdo.tn\/fr\/#\/schema\/logo\/image\/","url":"https:\/\/www.webdo.tn\/fr\/wp-content\/uploads\/2025\/06\/Webdo-Tunisie_168377.jpg","contentUrl":"https:\/\/www.webdo.tn\/fr\/wp-content\/uploads\/2025\/06\/Webdo-Tunisie_168377.jpg","width":301,"height":301,"caption":"Webdo"},"image":{"@id":"https:\/\/www.webdo.tn\/fr\/#\/schema\/logo\/image\/"},"sameAs":["https:\/\/www.facebook.com\/webdotn","https:\/\/x.com\/webdo_tn"],"description":"Webdo est un m\u00e9dia num\u00e9rique tunisien fond\u00e9 en 2010, sp\u00e9cialis\u00e9 dans l\u2019actualit\u00e9 nationale et internationale, l\u2019\u00e9conomie, la soci\u00e9t\u00e9 et les analyses politiques. Le site s\u2019adresse \u00e0 un large public francophone et couvre l\u2019information tunisienne en temps r\u00e9el.","email":"redac@webdo.tn","legalName":"YNJ SARL","foundingDate":"2010-09-06","numberOfEmployees":{"@type":"QuantitativeValue","minValue":"11","maxValue":"50"}},{"@type":"Person","@id":"https:\/\/www.webdo.tn\/fr\/#\/schema\/person\/2c4929cbf5a809e3bd38617c6ce150f6","name":"MC","image":{"@type":"ImageObject","inLanguage":"fr-FR","@id":"https:\/\/secure.gravatar.com\/avatar\/a545bbb6f84efdd5553dbbc2895e3ca8f1d12c5215e00a041c9670b54aa9b18a?s=96&d=mm&r=g","url":"https:\/\/secure.gravatar.com\/avatar\/a545bbb6f84efdd5553dbbc2895e3ca8f1d12c5215e00a041c9670b54aa9b18a?s=96&d=mm&r=g","contentUrl":"https:\/\/secure.gravatar.com\/avatar\/a545bbb6f84efdd5553dbbc2895e3ca8f1d12c5215e00a041c9670b54aa9b18a?s=96&d=mm&r=g","caption":"MC"},"url":"https:\/\/www.webdo.tn\/fr\/actualite\/author\/mc\/"}]}},"_links":{"self":[{"href":"https:\/\/www.webdo.tn\/fr\/wp-json\/wp\/v2\/posts\/210502","targetHints":{"allow":["GET"]}}],"collection":[{"href":"https:\/\/www.webdo.tn\/fr\/wp-json\/wp\/v2\/posts"}],"about":[{"href":"https:\/\/www.webdo.tn\/fr\/wp-json\/wp\/v2\/types\/post"}],"author":[{"embeddable":true,"href":"https:\/\/www.webdo.tn\/fr\/wp-json\/wp\/v2\/users\/3162"}],"replies":[{"embeddable":true,"href":"https:\/\/www.webdo.tn\/fr\/wp-json\/wp\/v2\/comments?post=210502"}],"version-history":[{"count":0,"href":"https:\/\/www.webdo.tn\/fr\/wp-json\/wp\/v2\/posts\/210502\/revisions"}],"wp:featuredmedia":[{"embeddable":true,"href":"https:\/\/www.webdo.tn\/fr\/wp-json\/wp\/v2\/media\/248662"}],"wp:attachment":[{"href":"https:\/\/www.webdo.tn\/fr\/wp-json\/wp\/v2\/media?parent=210502"}],"wp:term":[{"taxonomy":"category","embeddable":true,"href":"https:\/\/www.webdo.tn\/fr\/wp-json\/wp\/v2\/categories?post=210502"},{"taxonomy":"post_tag","embeddable":true,"href":"https:\/\/www.webdo.tn\/fr\/wp-json\/wp\/v2\/tags?post=210502"}],"curies":[{"name":"wp","href":"https:\/\/api.w.org\/{rel}","templated":true}]}}