{"id":210500,"date":"2023-12-01T09:53:00","date_gmt":"2023-12-01T09:53:00","guid":{"rendered":"https:\/\/www.webdo.tn\/fr\/blog\/la-tunisie-a-la-28eme-session-de-la-cop28\/210500\/"},"modified":"2025-05-20T22:39:23","modified_gmt":"2025-05-20T22:39:23","slug":"la-tunisie-a-la-28eme-session-de-la-cop28","status":"publish","type":"post","link":"https:\/\/www.webdo.tn\/fr\/actualite\/national\/la-tunisie-a-la-28eme-session-de-la-cop28\/210500\/","title":{"rendered":"La Tunisie \u00e0 la 28\u00e8me session de la COP28"},"content":{"rendered":"<p>La Tunisie, l&rsquo;un des pays les plus vuln\u00e9rables aux effets du changement climatique, participe \u00e0 la 28\u00e8me session de la COP28, qui a \u00e9t\u00e9 lanc\u00e9e, jeudi, au palais des expositions de Duba\u00ef aux Emirats arabes unis.<\/p>\n<p>\t\t\t\t\t\t\t\t\tLa Tunisie, signataire de l&rsquo;Accord de Paris et de divers accords et protocoles visant \u00e0 att\u00e9nuer les effets du changement climatique, enregistre sa participation avec une d\u00e9l\u00e9gation qui regroupe des repr\u00e9sentants de plusieurs minist\u00e8res et composantes de la soci\u00e9t\u00e9 civile.<\/p>\n<p>Une r\u00e9union de coordination ayant regroup\u00e9 les membres de la d\u00e9l\u00e9gation tunisienne qui a particip\u00e9 jeudi \u00e0 la 28\u00e8me Conf\u00e9rence des Parties sur le Climat de l&rsquo;ONU (COP 28) \u00e0 Duba\u00ef, a permis d&rsquo;examiner les impacts des r\u00e9sultats des n\u00e9gociations du sommet du climat sur l&rsquo;\u00e9conomie nationale, notamment les exportations tunisiennes et les pr\u00e9paratifs \u00e0 m\u00eame de contrecarrer les difficult\u00e9s, notamment l&rsquo;acc\u00e8s aux march\u00e9s.<\/p>\n<p>Les membres de la d\u00e9l\u00e9gation tunisienne ont \u00e9voqu\u00e9 le processus de n\u00e9gociation de la Convention-cadre des Nations Unies sur les changements climatiques, en vue de financer le climat et la transition juste, en termes des M\u00e9canisme d&rsquo;Ajustement Carbone aux Fronti\u00e8res (MACF), et des mesures unilat\u00e9rales dans le domaine des \u00e9changes commerciaux<\/p>\n<p>Cette r\u00e9union s&rsquo;est tenue avec la participation du Pr\u00e9sident de l&rsquo;Union tunisienne de l&rsquo;industrie du commerce et de l&rsquo;artisanat (UTICA), Samir Majoul, le coordinateur national de l&rsquo;unit\u00e9 des changements climatiques, Mohamed Zmerli et des directeurs g\u00e9n\u00e9raux des minist\u00e8res de l&rsquo;Agriculture, des Finances, des Affaires locales, de l&rsquo;Enseignement sup\u00e9rieur, et de l&rsquo;Association des comp\u00e9tences tunisiennes en Emirats arabes unis, a indiqu\u00e9 l&rsquo;UTICA dans un communiqu\u00e9 publi\u00e9 jeudi \u00e0 Tunis.<\/p>\n<p>La conf\u00e9rence \u00ab\u00a0COP28\u00a0\u00bb a \u00e9t\u00e9 lanc\u00e9e au moment o\u00f9 les Nations Unies ont averti contre une \u00ab\u00a0augmentation catastrophique de la temp\u00e9rature \u00e0 2,9 degr\u00e9s, au cours de ce si\u00e8cle\u00a0\u00bb, faute d&rsquo; engagements climatiques suffisants.<\/p>\n","protected":false},"excerpt":{"rendered":"<p>La Tunisie, signataire de l&rsquo;Accord de Paris et de divers accords et protocoles visant \u00e0 att\u00e9nuer les effets du changement climatique, enregistre sa participatio&#8230;<\/p>\n","protected":false},"author":3175,"featured_media":248664,"comment_status":"open","ping_status":"closed","sticky":false,"template":"","format":"standard","meta":{"footnotes":""},"categories":[44],"tags":[4923,7475,2608],"class_list":["post-210500","post","type-post","status-publish","format-standard","has-post-thumbnail","hentry","category-national","tag-climat","tag-cop28","tag-tunisie"],"yoast_head":"<!-- This site is optimized with the Yoast SEO Premium plugin v27.4 (Yoast SEO v27.5) - https:\/\/yoast.com\/product\/yoast-seo-premium-wordpress\/ -->\n<title>La Tunisie \u00e0 la 28\u00e8me session de la COP28<\/title>\n<meta name=\"description\" content=\"La Tunisie, signataire de l&#039;Accord de Paris et de divers accords et protocoles visant \u00e0 att\u00e9nuer les effets du changement climatique, enregistre sa participatio...\" \/>\n<link rel=\"canonical\" href=\"https:\/\/www.webdo.tn\/fr\/actualite\/national\/la-tunisie-a-la-28eme-session-de-la-cop28\/210500\/\" \/>\n<meta property=\"og:locale\" content=\"fr_FR\" \/>\n<meta property=\"og:type\" content=\"article\" \/>\n<meta property=\"og:title\" content=\"La Tunisie \u00e0 la 28\u00e8me session de la COP28\" \/>\n<meta property=\"og:description\" content=\"La Tunisie, signataire de l&#039;Accord de Paris et de divers accords et protocoles visant \u00e0 att\u00e9nuer les effets du changement climatique, enregistre sa participatio...\" \/>\n<meta property=\"og:url\" content=\"https:\/\/www.webdo.tn\/fr\/actualite\/national\/la-tunisie-a-la-28eme-session-de-la-cop28\/210500\/\" \/>\n<meta property=\"og:site_name\" content=\"webdo\" \/>\n<meta property=\"article:publisher\" content=\"https:\/\/www.facebook.com\/webdotn\" \/>\n<meta property=\"article:published_time\" content=\"2023-12-01T09:53:00+00:00\" \/>\n<meta property=\"article:modified_time\" content=\"2025-05-20T22:39:23+00:00\" \/>\n<meta property=\"og:image\" content=\"https:\/\/www.webdo.tn\/fr\/wp-content\/uploads\/2023\/12\/d9c11fce3123c34b255b32fd1bf7beb2.png\" \/>\n\t<meta property=\"og:image:width\" content=\"750\" \/>\n\t<meta property=\"og:image:height\" content=\"400\" \/>\n\t<meta property=\"og:image:type\" content=\"image\/png\" \/>\n<meta name=\"author\" content=\"CL\" \/>\n<meta name=\"twitter:card\" content=\"summary_large_image\" \/>\n<meta name=\"twitter:creator\" content=\"@webdo_tn\" \/>\n<meta name=\"twitter:site\" content=\"@webdo_tn\" \/>\n<meta name=\"twitter:label1\" content=\"\u00c9crit par\" \/>\n\t<meta name=\"twitter:data1\" content=\"CL\" \/>\n\t<meta name=\"twitter:label2\" content=\"Dur\u00e9e de lecture estim\u00e9e\" \/>\n\t<meta name=\"twitter:data2\" content=\"2 minutes\" \/>\n<script type=\"application\/ld+json\" class=\"yoast-schema-graph\">{\"@context\":\"https:\\\/\\\/schema.org\",\"@graph\":[{\"@type\":\"NewsArticle\",\"@id\":\"https:\\\/\\\/www.webdo.tn\\\/fr\\\/actualite\\\/national\\\/la-tunisie-a-la-28eme-session-de-la-cop28\\\/210500\\\/#article\",\"isPartOf\":{\"@id\":\"https:\\\/\\\/www.webdo.tn\\\/fr\\\/actualite\\\/national\\\/la-tunisie-a-la-28eme-session-de-la-cop28\\\/210500\\\/\"},\"author\":{\"name\":\"CL\",\"@id\":\"https:\\\/\\\/www.webdo.tn\\\/fr\\\/#\\\/schema\\\/person\\\/f35b42a42c5e2511bbd282959d6385cc\"},\"headline\":\"La Tunisie \u00e0 la 28\u00e8me session de la COP28\",\"datePublished\":\"2023-12-01T09:53:00+00:00\",\"dateModified\":\"2025-05-20T22:39:23+00:00\",\"mainEntityOfPage\":{\"@id\":\"https:\\\/\\\/www.webdo.tn\\\/fr\\\/actualite\\\/national\\\/la-tunisie-a-la-28eme-session-de-la-cop28\\\/210500\\\/\"},\"wordCount\":345,\"commentCount\":0,\"publisher\":{\"@id\":\"https:\\\/\\\/www.webdo.tn\\\/fr\\\/#organization\"},\"image\":{\"@id\":\"https:\\\/\\\/www.webdo.tn\\\/fr\\\/actualite\\\/national\\\/la-tunisie-a-la-28eme-session-de-la-cop28\\\/210500\\\/#primaryimage\"},\"thumbnailUrl\":\"https:\\\/\\\/www.webdo.tn\\\/fr\\\/wp-content\\\/uploads\\\/2023\\\/12\\\/d9c11fce3123c34b255b32fd1bf7beb2.png\",\"keywords\":[\"climat\",\"COP28\",\"Tunisie\"],\"articleSection\":[\"National\"],\"inLanguage\":\"fr-FR\"},{\"@type\":\"WebPage\",\"@id\":\"https:\\\/\\\/www.webdo.tn\\\/fr\\\/actualite\\\/national\\\/la-tunisie-a-la-28eme-session-de-la-cop28\\\/210500\\\/\",\"url\":\"https:\\\/\\\/www.webdo.tn\\\/fr\\\/actualite\\\/national\\\/la-tunisie-a-la-28eme-session-de-la-cop28\\\/210500\\\/\",\"name\":\"La Tunisie \u00e0 la 28\u00e8me session de la COP28\",\"isPartOf\":{\"@id\":\"https:\\\/\\\/www.webdo.tn\\\/fr\\\/#website\"},\"primaryImageOfPage\":{\"@id\":\"https:\\\/\\\/www.webdo.tn\\\/fr\\\/actualite\\\/national\\\/la-tunisie-a-la-28eme-session-de-la-cop28\\\/210500\\\/#primaryimage\"},\"image\":{\"@id\":\"https:\\\/\\\/www.webdo.tn\\\/fr\\\/actualite\\\/national\\\/la-tunisie-a-la-28eme-session-de-la-cop28\\\/210500\\\/#primaryimage\"},\"thumbnailUrl\":\"https:\\\/\\\/www.webdo.tn\\\/fr\\\/wp-content\\\/uploads\\\/2023\\\/12\\\/d9c11fce3123c34b255b32fd1bf7beb2.png\",\"datePublished\":\"2023-12-01T09:53:00+00:00\",\"dateModified\":\"2025-05-20T22:39:23+00:00\",\"description\":\"La Tunisie, signataire de l'Accord de Paris et de divers accords et protocoles visant \u00e0 att\u00e9nuer les effets du changement climatique, enregistre sa participatio...\",\"breadcrumb\":{\"@id\":\"https:\\\/\\\/www.webdo.tn\\\/fr\\\/actualite\\\/national\\\/la-tunisie-a-la-28eme-session-de-la-cop28\\\/210500\\\/#breadcrumb\"},\"inLanguage\":\"fr-FR\",\"potentialAction\":[{\"@type\":\"ReadAction\",\"target\":[\"https:\\\/\\\/www.webdo.tn\\\/fr\\\/actualite\\\/national\\\/la-tunisie-a-la-28eme-session-de-la-cop28\\\/210500\\\/\"]}]},{\"@type\":\"ImageObject\",\"inLanguage\":\"fr-FR\",\"@id\":\"https:\\\/\\\/www.webdo.tn\\\/fr\\\/actualite\\\/national\\\/la-tunisie-a-la-28eme-session-de-la-cop28\\\/210500\\\/#primaryimage\",\"url\":\"https:\\\/\\\/www.webdo.tn\\\/fr\\\/wp-content\\\/uploads\\\/2023\\\/12\\\/d9c11fce3123c34b255b32fd1bf7beb2.png\",\"contentUrl\":\"https:\\\/\\\/www.webdo.tn\\\/fr\\\/wp-content\\\/uploads\\\/2023\\\/12\\\/d9c11fce3123c34b255b32fd1bf7beb2.png\",\"width\":750,\"height\":400,\"caption\":\"La Tunisie \u00e0 la 28\u00e8me session de la COP28\"},{\"@type\":\"BreadcrumbList\",\"@id\":\"https:\\\/\\\/www.webdo.tn\\\/fr\\\/actualite\\\/national\\\/la-tunisie-a-la-28eme-session-de-la-cop28\\\/210500\\\/#breadcrumb\",\"itemListElement\":[{\"@type\":\"ListItem\",\"position\":1,\"name\":\"Accueil\",\"item\":\"https:\\\/\\\/www.webdo.tn\\\/fr\\\/\"},{\"@type\":\"ListItem\",\"position\":2,\"name\":\"La Tunisie \u00e0 la 28\u00e8me session de la COP28\"}]},{\"@type\":\"WebSite\",\"@id\":\"https:\\\/\\\/www.webdo.tn\\\/fr\\\/#website\",\"url\":\"https:\\\/\\\/www.webdo.tn\\\/fr\\\/\",\"name\":\"webdo\",\"description\":\"Tunisie - News en Tunisie et \u00e0 l&#039;international sur Webdo.tn\",\"publisher\":{\"@id\":\"https:\\\/\\\/www.webdo.tn\\\/fr\\\/#organization\"},\"potentialAction\":[{\"@type\":\"SearchAction\",\"target\":{\"@type\":\"EntryPoint\",\"urlTemplate\":\"https:\\\/\\\/www.webdo.tn\\\/fr\\\/?s={search_term_string}\"},\"query-input\":{\"@type\":\"PropertyValueSpecification\",\"valueRequired\":true,\"valueName\":\"search_term_string\"}}],\"inLanguage\":\"fr-FR\"},{\"@type\":\"Organization\",\"@id\":\"https:\\\/\\\/www.webdo.tn\\\/fr\\\/#organization\",\"name\":\"Webdo\",\"alternateName\":\"Webdo.tn\",\"url\":\"https:\\\/\\\/www.webdo.tn\\\/fr\\\/\",\"logo\":{\"@type\":\"ImageObject\",\"inLanguage\":\"fr-FR\",\"@id\":\"https:\\\/\\\/www.webdo.tn\\\/fr\\\/#\\\/schema\\\/logo\\\/image\\\/\",\"url\":\"https:\\\/\\\/www.webdo.tn\\\/fr\\\/wp-content\\\/uploads\\\/2025\\\/06\\\/Webdo-Tunisie_168377.jpg\",\"contentUrl\":\"https:\\\/\\\/www.webdo.tn\\\/fr\\\/wp-content\\\/uploads\\\/2025\\\/06\\\/Webdo-Tunisie_168377.jpg\",\"width\":301,\"height\":301,\"caption\":\"Webdo\"},\"image\":{\"@id\":\"https:\\\/\\\/www.webdo.tn\\\/fr\\\/#\\\/schema\\\/logo\\\/image\\\/\"},\"sameAs\":[\"https:\\\/\\\/www.facebook.com\\\/webdotn\",\"https:\\\/\\\/x.com\\\/webdo_tn\"],\"description\":\"Webdo est un m\u00e9dia num\u00e9rique tunisien fond\u00e9 en 2010, sp\u00e9cialis\u00e9 dans l\u2019actualit\u00e9 nationale et internationale, l\u2019\u00e9conomie, la soci\u00e9t\u00e9 et les analyses politiques. Le site s\u2019adresse \u00e0 un large public francophone et couvre l\u2019information tunisienne en temps r\u00e9el.\",\"email\":\"redac@webdo.tn\",\"legalName\":\"YNJ SARL\",\"foundingDate\":\"2010-09-06\",\"numberOfEmployees\":{\"@type\":\"QuantitativeValue\",\"minValue\":\"11\",\"maxValue\":\"50\"}},{\"@type\":\"Person\",\"@id\":\"https:\\\/\\\/www.webdo.tn\\\/fr\\\/#\\\/schema\\\/person\\\/f35b42a42c5e2511bbd282959d6385cc\",\"name\":\"CL\",\"image\":{\"@type\":\"ImageObject\",\"inLanguage\":\"fr-FR\",\"@id\":\"https:\\\/\\\/secure.gravatar.com\\\/avatar\\\/1447a49909b67aa657c488aec6512e1dd6143a480c1ecfee9b5b5cd74eb3b59e?s=96&d=mm&r=g\",\"url\":\"https:\\\/\\\/secure.gravatar.com\\\/avatar\\\/1447a49909b67aa657c488aec6512e1dd6143a480c1ecfee9b5b5cd74eb3b59e?s=96&d=mm&r=g\",\"contentUrl\":\"https:\\\/\\\/secure.gravatar.com\\\/avatar\\\/1447a49909b67aa657c488aec6512e1dd6143a480c1ecfee9b5b5cd74eb3b59e?s=96&d=mm&r=g\",\"caption\":\"CL\"},\"url\":\"https:\\\/\\\/www.webdo.tn\\\/fr\\\/actualite\\\/author\\\/cl\\\/\"}]}<\/script>\n<!-- \/ Yoast SEO Premium plugin. -->","yoast_head_json":{"title":"La Tunisie \u00e0 la 28\u00e8me session de la COP28","description":"La Tunisie, signataire de l'Accord de Paris et de divers accords et protocoles visant \u00e0 att\u00e9nuer les effets du changement climatique, enregistre sa participatio...","canonical":"https:\/\/www.webdo.tn\/fr\/actualite\/national\/la-tunisie-a-la-28eme-session-de-la-cop28\/210500\/","og_locale":"fr_FR","og_type":"article","og_title":"La Tunisie \u00e0 la 28\u00e8me session de la COP28","og_description":"La Tunisie, signataire de l'Accord de Paris et de divers accords et protocoles visant \u00e0 att\u00e9nuer les effets du changement climatique, enregistre sa participatio...","og_url":"https:\/\/www.webdo.tn\/fr\/actualite\/national\/la-tunisie-a-la-28eme-session-de-la-cop28\/210500\/","og_site_name":"webdo","article_publisher":"https:\/\/www.facebook.com\/webdotn","article_published_time":"2023-12-01T09:53:00+00:00","article_modified_time":"2025-05-20T22:39:23+00:00","og_image":[{"width":750,"height":400,"url":"https:\/\/www.webdo.tn\/fr\/wp-content\/uploads\/2023\/12\/d9c11fce3123c34b255b32fd1bf7beb2.png","type":"image\/png"}],"author":"CL","twitter_card":"summary_large_image","twitter_creator":"@webdo_tn","twitter_site":"@webdo_tn","twitter_misc":{"\u00c9crit par":"CL","Dur\u00e9e de lecture estim\u00e9e":"2 minutes"},"schema":{"@context":"https:\/\/schema.org","@graph":[{"@type":"NewsArticle","@id":"https:\/\/www.webdo.tn\/fr\/actualite\/national\/la-tunisie-a-la-28eme-session-de-la-cop28\/210500\/#article","isPartOf":{"@id":"https:\/\/www.webdo.tn\/fr\/actualite\/national\/la-tunisie-a-la-28eme-session-de-la-cop28\/210500\/"},"author":{"name":"CL","@id":"https:\/\/www.webdo.tn\/fr\/#\/schema\/person\/f35b42a42c5e2511bbd282959d6385cc"},"headline":"La Tunisie \u00e0 la 28\u00e8me session de la COP28","datePublished":"2023-12-01T09:53:00+00:00","dateModified":"2025-05-20T22:39:23+00:00","mainEntityOfPage":{"@id":"https:\/\/www.webdo.tn\/fr\/actualite\/national\/la-tunisie-a-la-28eme-session-de-la-cop28\/210500\/"},"wordCount":345,"commentCount":0,"publisher":{"@id":"https:\/\/www.webdo.tn\/fr\/#organization"},"image":{"@id":"https:\/\/www.webdo.tn\/fr\/actualite\/national\/la-tunisie-a-la-28eme-session-de-la-cop28\/210500\/#primaryimage"},"thumbnailUrl":"https:\/\/www.webdo.tn\/fr\/wp-content\/uploads\/2023\/12\/d9c11fce3123c34b255b32fd1bf7beb2.png","keywords":["climat","COP28","Tunisie"],"articleSection":["National"],"inLanguage":"fr-FR"},{"@type":"WebPage","@id":"https:\/\/www.webdo.tn\/fr\/actualite\/national\/la-tunisie-a-la-28eme-session-de-la-cop28\/210500\/","url":"https:\/\/www.webdo.tn\/fr\/actualite\/national\/la-tunisie-a-la-28eme-session-de-la-cop28\/210500\/","name":"La Tunisie \u00e0 la 28\u00e8me session de la COP28","isPartOf":{"@id":"https:\/\/www.webdo.tn\/fr\/#website"},"primaryImageOfPage":{"@id":"https:\/\/www.webdo.tn\/fr\/actualite\/national\/la-tunisie-a-la-28eme-session-de-la-cop28\/210500\/#primaryimage"},"image":{"@id":"https:\/\/www.webdo.tn\/fr\/actualite\/national\/la-tunisie-a-la-28eme-session-de-la-cop28\/210500\/#primaryimage"},"thumbnailUrl":"https:\/\/www.webdo.tn\/fr\/wp-content\/uploads\/2023\/12\/d9c11fce3123c34b255b32fd1bf7beb2.png","datePublished":"2023-12-01T09:53:00+00:00","dateModified":"2025-05-20T22:39:23+00:00","description":"La Tunisie, signataire de l'Accord de Paris et de divers accords et protocoles visant \u00e0 att\u00e9nuer les effets du changement climatique, enregistre sa participatio...","breadcrumb":{"@id":"https:\/\/www.webdo.tn\/fr\/actualite\/national\/la-tunisie-a-la-28eme-session-de-la-cop28\/210500\/#breadcrumb"},"inLanguage":"fr-FR","potentialAction":[{"@type":"ReadAction","target":["https:\/\/www.webdo.tn\/fr\/actualite\/national\/la-tunisie-a-la-28eme-session-de-la-cop28\/210500\/"]}]},{"@type":"ImageObject","inLanguage":"fr-FR","@id":"https:\/\/www.webdo.tn\/fr\/actualite\/national\/la-tunisie-a-la-28eme-session-de-la-cop28\/210500\/#primaryimage","url":"https:\/\/www.webdo.tn\/fr\/wp-content\/uploads\/2023\/12\/d9c11fce3123c34b255b32fd1bf7beb2.png","contentUrl":"https:\/\/www.webdo.tn\/fr\/wp-content\/uploads\/2023\/12\/d9c11fce3123c34b255b32fd1bf7beb2.png","width":750,"height":400,"caption":"La Tunisie \u00e0 la 28\u00e8me session de la COP28"},{"@type":"BreadcrumbList","@id":"https:\/\/www.webdo.tn\/fr\/actualite\/national\/la-tunisie-a-la-28eme-session-de-la-cop28\/210500\/#breadcrumb","itemListElement":[{"@type":"ListItem","position":1,"name":"Accueil","item":"https:\/\/www.webdo.tn\/fr\/"},{"@type":"ListItem","position":2,"name":"La Tunisie \u00e0 la 28\u00e8me session de la COP28"}]},{"@type":"WebSite","@id":"https:\/\/www.webdo.tn\/fr\/#website","url":"https:\/\/www.webdo.tn\/fr\/","name":"webdo","description":"Tunisie - News en Tunisie et \u00e0 l&#039;international sur Webdo.tn","publisher":{"@id":"https:\/\/www.webdo.tn\/fr\/#organization"},"potentialAction":[{"@type":"SearchAction","target":{"@type":"EntryPoint","urlTemplate":"https:\/\/www.webdo.tn\/fr\/?s={search_term_string}"},"query-input":{"@type":"PropertyValueSpecification","valueRequired":true,"valueName":"search_term_string"}}],"inLanguage":"fr-FR"},{"@type":"Organization","@id":"https:\/\/www.webdo.tn\/fr\/#organization","name":"Webdo","alternateName":"Webdo.tn","url":"https:\/\/www.webdo.tn\/fr\/","logo":{"@type":"ImageObject","inLanguage":"fr-FR","@id":"https:\/\/www.webdo.tn\/fr\/#\/schema\/logo\/image\/","url":"https:\/\/www.webdo.tn\/fr\/wp-content\/uploads\/2025\/06\/Webdo-Tunisie_168377.jpg","contentUrl":"https:\/\/www.webdo.tn\/fr\/wp-content\/uploads\/2025\/06\/Webdo-Tunisie_168377.jpg","width":301,"height":301,"caption":"Webdo"},"image":{"@id":"https:\/\/www.webdo.tn\/fr\/#\/schema\/logo\/image\/"},"sameAs":["https:\/\/www.facebook.com\/webdotn","https:\/\/x.com\/webdo_tn"],"description":"Webdo est un m\u00e9dia num\u00e9rique tunisien fond\u00e9 en 2010, sp\u00e9cialis\u00e9 dans l\u2019actualit\u00e9 nationale et internationale, l\u2019\u00e9conomie, la soci\u00e9t\u00e9 et les analyses politiques. Le site s\u2019adresse \u00e0 un large public francophone et couvre l\u2019information tunisienne en temps r\u00e9el.","email":"redac@webdo.tn","legalName":"YNJ SARL","foundingDate":"2010-09-06","numberOfEmployees":{"@type":"QuantitativeValue","minValue":"11","maxValue":"50"}},{"@type":"Person","@id":"https:\/\/www.webdo.tn\/fr\/#\/schema\/person\/f35b42a42c5e2511bbd282959d6385cc","name":"CL","image":{"@type":"ImageObject","inLanguage":"fr-FR","@id":"https:\/\/secure.gravatar.com\/avatar\/1447a49909b67aa657c488aec6512e1dd6143a480c1ecfee9b5b5cd74eb3b59e?s=96&d=mm&r=g","url":"https:\/\/secure.gravatar.com\/avatar\/1447a49909b67aa657c488aec6512e1dd6143a480c1ecfee9b5b5cd74eb3b59e?s=96&d=mm&r=g","contentUrl":"https:\/\/secure.gravatar.com\/avatar\/1447a49909b67aa657c488aec6512e1dd6143a480c1ecfee9b5b5cd74eb3b59e?s=96&d=mm&r=g","caption":"CL"},"url":"https:\/\/www.webdo.tn\/fr\/actualite\/author\/cl\/"}]}},"_links":{"self":[{"href":"https:\/\/www.webdo.tn\/fr\/wp-json\/wp\/v2\/posts\/210500","targetHints":{"allow":["GET"]}}],"collection":[{"href":"https:\/\/www.webdo.tn\/fr\/wp-json\/wp\/v2\/posts"}],"about":[{"href":"https:\/\/www.webdo.tn\/fr\/wp-json\/wp\/v2\/types\/post"}],"author":[{"embeddable":true,"href":"https:\/\/www.webdo.tn\/fr\/wp-json\/wp\/v2\/users\/3175"}],"replies":[{"embeddable":true,"href":"https:\/\/www.webdo.tn\/fr\/wp-json\/wp\/v2\/comments?post=210500"}],"version-history":[{"count":0,"href":"https:\/\/www.webdo.tn\/fr\/wp-json\/wp\/v2\/posts\/210500\/revisions"}],"wp:featuredmedia":[{"embeddable":true,"href":"https:\/\/www.webdo.tn\/fr\/wp-json\/wp\/v2\/media\/248664"}],"wp:attachment":[{"href":"https:\/\/www.webdo.tn\/fr\/wp-json\/wp\/v2\/media?parent=210500"}],"wp:term":[{"taxonomy":"category","embeddable":true,"href":"https:\/\/www.webdo.tn\/fr\/wp-json\/wp\/v2\/categories?post=210500"},{"taxonomy":"post_tag","embeddable":true,"href":"https:\/\/www.webdo.tn\/fr\/wp-json\/wp\/v2\/tags?post=210500"}],"curies":[{"name":"wp","href":"https:\/\/api.w.org\/{rel}","templated":true}]}}