{"id":210492,"date":"2023-11-30T20:27:00","date_gmt":"2023-11-30T20:27:00","guid":{"rendered":"https:\/\/www.webdo.tn\/fr\/blog\/les-projets-de-cin-et-de-passeport-biometriques-approuves-en-conseil-des-ministres\/210492\/"},"modified":"2025-05-20T22:39:22","modified_gmt":"2025-05-20T22:39:22","slug":"les-projets-de-cin-et-de-passeport-biometriques-approuves-en-conseil-des-ministres","status":"publish","type":"post","link":"https:\/\/www.webdo.tn\/fr\/actualite\/national\/les-projets-de-cin-et-de-passeport-biometriques-approuves-en-conseil-des-ministres\/210492\/","title":{"rendered":"Les projets de CIN et de passeport biom\u00e9triques approuv\u00e9s en Conseil des ministres"},"content":{"rendered":"<p>Le conseil des ministres a approuv\u00e9 ce jeudi 30 novembre 2023 le projet de la carte d\u2019identit\u00e9 et du passeport biom\u00e9triques.<\/p>\n<p>Dans le but de s\u2019aligner sur les proc\u00e9dures et les normes internationales actuellement en vigueur, il a \u00e9t\u00e9 d\u00e9cid\u00e9 ; en marge de cette s\u00e9ance, d\u2019approuver d\u00e9finitivement ces projets, qui seront pr\u00e9sent\u00e9s \u00e0 l\u2019Assembl\u00e9e des Repr\u00e9sentants du Peuple pour examen.\u00a0<\/p>\n<p>En juillet dernier, le ministre de l\u2019Int\u00e9rieur Kamel Feki avait affirm\u00e9, au cours d\u2019une s\u00e9ance de d\u00e9bat au parlement, que son d\u00e9partement avait finalis\u00e9 l\u2019\u00e9laboration du projet de la carte d\u2019identit\u00e9 et du passeport biom\u00e9triques.<\/p>\n<p>Rappelons dans ce contexte, que l\u2019ancien pr\u00e9sident de l\u2019INPDP Chawki Gaddes avait d\u00e9clar\u00e9 que les Tunisiens risquent d\u2019\u00eatre priv\u00e9s de voyage \u00e0 l\u2019or\u00e9e 2024 faute de passeport biom\u00e9trique. Il avait rappel\u00e9 la d\u00e9cision de L\u2019organisation de l&rsquo;aviation civile internationale (OACI) de ne plus accepter les passeports ordinaires.<\/p>\n","protected":false},"excerpt":{"rendered":"<p>Dans le but de s\u2019aligner sur les proc\u00e9dures et les normes internationales actuellement en vigueur, il a \u00e9t\u00e9 d\u00e9cid\u00e9 ; en marge de cette s\u00e9ance, d\u2019approuver d\u00e9fin&#8230;<\/p>\n","protected":false},"author":3175,"featured_media":248660,"comment_status":"open","ping_status":"closed","sticky":false,"template":"","format":"standard","meta":{"footnotes":""},"categories":[44],"tags":[7473,4658,4628,2608],"class_list":["post-210492","post","type-post","status-publish","format-standard","has-post-thumbnail","hentry","category-national","tag-biometriques","tag-cin","tag-passeport","tag-tunisie"],"yoast_head":"<!-- This site is optimized with the Yoast SEO Premium plugin v27.5 (Yoast SEO v27.5) - https:\/\/yoast.com\/product\/yoast-seo-premium-wordpress\/ -->\n<title>Les projets de CIN et de passeport biom\u00e9triques approuv\u00e9s en Conseil des ministres<\/title>\n<meta name=\"description\" content=\"Dans le but de s\u2019aligner sur les proc\u00e9dures et les normes internationales actuellement en vigueur, il a \u00e9t\u00e9 d\u00e9cid\u00e9 ; en marge de cette s\u00e9ance, d\u2019approuver d\u00e9fin...\" \/>\n<link rel=\"canonical\" href=\"https:\/\/www.webdo.tn\/fr\/actualite\/national\/les-projets-de-cin-et-de-passeport-biometriques-approuves-en-conseil-des-ministres\/210492\/\" \/>\n<meta property=\"og:locale\" content=\"fr_FR\" \/>\n<meta property=\"og:type\" content=\"article\" \/>\n<meta property=\"og:title\" content=\"Les projets de CIN et de passeport biom\u00e9triques approuv\u00e9s en Conseil des ministres\" \/>\n<meta property=\"og:description\" content=\"Dans le but de s\u2019aligner sur les proc\u00e9dures et les normes internationales actuellement en vigueur, il a \u00e9t\u00e9 d\u00e9cid\u00e9 ; en marge de cette s\u00e9ance, d\u2019approuver d\u00e9fin...\" \/>\n<meta property=\"og:url\" content=\"https:\/\/www.webdo.tn\/fr\/actualite\/national\/les-projets-de-cin-et-de-passeport-biometriques-approuves-en-conseil-des-ministres\/210492\/\" \/>\n<meta property=\"og:site_name\" content=\"webdo\" \/>\n<meta property=\"article:publisher\" content=\"https:\/\/www.facebook.com\/webdotn\" \/>\n<meta property=\"article:published_time\" content=\"2023-11-30T20:27:00+00:00\" \/>\n<meta property=\"article:modified_time\" content=\"2025-05-20T22:39:22+00:00\" \/>\n<meta property=\"og:image\" content=\"https:\/\/www.webdo.tn\/fr\/wp-content\/uploads\/2023\/11\/fbae7e0e6419960bf596fd5e89ef0b13.jpg\" \/>\n\t<meta property=\"og:image:width\" content=\"750\" \/>\n\t<meta property=\"og:image:height\" content=\"400\" \/>\n\t<meta property=\"og:image:type\" content=\"image\/jpeg\" \/>\n<meta name=\"author\" content=\"CL\" \/>\n<meta name=\"twitter:card\" content=\"summary_large_image\" \/>\n<meta name=\"twitter:creator\" content=\"@webdo_tn\" \/>\n<meta name=\"twitter:site\" content=\"@webdo_tn\" \/>\n<meta name=\"twitter:label1\" content=\"\u00c9crit par\" \/>\n\t<meta name=\"twitter:data1\" content=\"CL\" \/>\n\t<meta name=\"twitter:label2\" content=\"Dur\u00e9e de lecture estim\u00e9e\" \/>\n\t<meta name=\"twitter:data2\" content=\"1 minute\" \/>\n<script type=\"application\/ld+json\" class=\"yoast-schema-graph\">{\"@context\":\"https:\\\/\\\/schema.org\",\"@graph\":[{\"@type\":\"NewsArticle\",\"@id\":\"https:\\\/\\\/www.webdo.tn\\\/fr\\\/actualite\\\/national\\\/les-projets-de-cin-et-de-passeport-biometriques-approuves-en-conseil-des-ministres\\\/210492\\\/#article\",\"isPartOf\":{\"@id\":\"https:\\\/\\\/www.webdo.tn\\\/fr\\\/actualite\\\/national\\\/les-projets-de-cin-et-de-passeport-biometriques-approuves-en-conseil-des-ministres\\\/210492\\\/\"},\"author\":{\"name\":\"CL\",\"@id\":\"https:\\\/\\\/www.webdo.tn\\\/fr\\\/#\\\/schema\\\/person\\\/f35b42a42c5e2511bbd282959d6385cc\"},\"headline\":\"Les projets de CIN et de passeport biom\u00e9triques approuv\u00e9s en Conseil des ministres\",\"datePublished\":\"2023-11-30T20:27:00+00:00\",\"dateModified\":\"2025-05-20T22:39:22+00:00\",\"mainEntityOfPage\":{\"@id\":\"https:\\\/\\\/www.webdo.tn\\\/fr\\\/actualite\\\/national\\\/les-projets-de-cin-et-de-passeport-biometriques-approuves-en-conseil-des-ministres\\\/210492\\\/\"},\"wordCount\":186,\"commentCount\":0,\"publisher\":{\"@id\":\"https:\\\/\\\/www.webdo.tn\\\/fr\\\/#organization\"},\"image\":{\"@id\":\"https:\\\/\\\/www.webdo.tn\\\/fr\\\/actualite\\\/national\\\/les-projets-de-cin-et-de-passeport-biometriques-approuves-en-conseil-des-ministres\\\/210492\\\/#primaryimage\"},\"thumbnailUrl\":\"https:\\\/\\\/www.webdo.tn\\\/fr\\\/wp-content\\\/uploads\\\/2023\\\/11\\\/fbae7e0e6419960bf596fd5e89ef0b13.jpg\",\"keywords\":[\"Biom\u00e9triques\",\"CIN\",\"passeport\",\"Tunisie\"],\"articleSection\":[\"National\"],\"inLanguage\":\"fr-FR\"},{\"@type\":\"WebPage\",\"@id\":\"https:\\\/\\\/www.webdo.tn\\\/fr\\\/actualite\\\/national\\\/les-projets-de-cin-et-de-passeport-biometriques-approuves-en-conseil-des-ministres\\\/210492\\\/\",\"url\":\"https:\\\/\\\/www.webdo.tn\\\/fr\\\/actualite\\\/national\\\/les-projets-de-cin-et-de-passeport-biometriques-approuves-en-conseil-des-ministres\\\/210492\\\/\",\"name\":\"Les projets de CIN et de passeport biom\u00e9triques approuv\u00e9s en Conseil des ministres\",\"isPartOf\":{\"@id\":\"https:\\\/\\\/www.webdo.tn\\\/fr\\\/#website\"},\"primaryImageOfPage\":{\"@id\":\"https:\\\/\\\/www.webdo.tn\\\/fr\\\/actualite\\\/national\\\/les-projets-de-cin-et-de-passeport-biometriques-approuves-en-conseil-des-ministres\\\/210492\\\/#primaryimage\"},\"image\":{\"@id\":\"https:\\\/\\\/www.webdo.tn\\\/fr\\\/actualite\\\/national\\\/les-projets-de-cin-et-de-passeport-biometriques-approuves-en-conseil-des-ministres\\\/210492\\\/#primaryimage\"},\"thumbnailUrl\":\"https:\\\/\\\/www.webdo.tn\\\/fr\\\/wp-content\\\/uploads\\\/2023\\\/11\\\/fbae7e0e6419960bf596fd5e89ef0b13.jpg\",\"datePublished\":\"2023-11-30T20:27:00+00:00\",\"dateModified\":\"2025-05-20T22:39:22+00:00\",\"description\":\"Dans le but de s\u2019aligner sur les proc\u00e9dures et les normes internationales actuellement en vigueur, il a \u00e9t\u00e9 d\u00e9cid\u00e9 ; en marge de cette s\u00e9ance, d\u2019approuver d\u00e9fin...\",\"breadcrumb\":{\"@id\":\"https:\\\/\\\/www.webdo.tn\\\/fr\\\/actualite\\\/national\\\/les-projets-de-cin-et-de-passeport-biometriques-approuves-en-conseil-des-ministres\\\/210492\\\/#breadcrumb\"},\"inLanguage\":\"fr-FR\",\"potentialAction\":[{\"@type\":\"ReadAction\",\"target\":[\"https:\\\/\\\/www.webdo.tn\\\/fr\\\/actualite\\\/national\\\/les-projets-de-cin-et-de-passeport-biometriques-approuves-en-conseil-des-ministres\\\/210492\\\/\"]}]},{\"@type\":\"ImageObject\",\"inLanguage\":\"fr-FR\",\"@id\":\"https:\\\/\\\/www.webdo.tn\\\/fr\\\/actualite\\\/national\\\/les-projets-de-cin-et-de-passeport-biometriques-approuves-en-conseil-des-ministres\\\/210492\\\/#primaryimage\",\"url\":\"https:\\\/\\\/www.webdo.tn\\\/fr\\\/wp-content\\\/uploads\\\/2023\\\/11\\\/fbae7e0e6419960bf596fd5e89ef0b13.jpg\",\"contentUrl\":\"https:\\\/\\\/www.webdo.tn\\\/fr\\\/wp-content\\\/uploads\\\/2023\\\/11\\\/fbae7e0e6419960bf596fd5e89ef0b13.jpg\",\"width\":750,\"height\":400,\"caption\":\"Les projets de CIN et de passeport biom\u00e9triques approuv\u00e9s en Conseil des ministres\"},{\"@type\":\"BreadcrumbList\",\"@id\":\"https:\\\/\\\/www.webdo.tn\\\/fr\\\/actualite\\\/national\\\/les-projets-de-cin-et-de-passeport-biometriques-approuves-en-conseil-des-ministres\\\/210492\\\/#breadcrumb\",\"itemListElement\":[{\"@type\":\"ListItem\",\"position\":1,\"name\":\"Accueil\",\"item\":\"https:\\\/\\\/www.webdo.tn\\\/fr\\\/\"},{\"@type\":\"ListItem\",\"position\":2,\"name\":\"Les projets de CIN et de passeport biom\u00e9triques approuv\u00e9s en Conseil des ministres\"}]},{\"@type\":\"WebSite\",\"@id\":\"https:\\\/\\\/www.webdo.tn\\\/fr\\\/#website\",\"url\":\"https:\\\/\\\/www.webdo.tn\\\/fr\\\/\",\"name\":\"webdo\",\"description\":\"Tunisie - News en Tunisie et \u00e0 l&#039;international sur Webdo.tn\",\"publisher\":{\"@id\":\"https:\\\/\\\/www.webdo.tn\\\/fr\\\/#organization\"},\"potentialAction\":[{\"@type\":\"SearchAction\",\"target\":{\"@type\":\"EntryPoint\",\"urlTemplate\":\"https:\\\/\\\/www.webdo.tn\\\/fr\\\/?s={search_term_string}\"},\"query-input\":{\"@type\":\"PropertyValueSpecification\",\"valueRequired\":true,\"valueName\":\"search_term_string\"}}],\"inLanguage\":\"fr-FR\"},{\"@type\":\"Organization\",\"@id\":\"https:\\\/\\\/www.webdo.tn\\\/fr\\\/#organization\",\"name\":\"Webdo\",\"alternateName\":\"Webdo.tn\",\"url\":\"https:\\\/\\\/www.webdo.tn\\\/fr\\\/\",\"logo\":{\"@type\":\"ImageObject\",\"inLanguage\":\"fr-FR\",\"@id\":\"https:\\\/\\\/www.webdo.tn\\\/fr\\\/#\\\/schema\\\/logo\\\/image\\\/\",\"url\":\"https:\\\/\\\/www.webdo.tn\\\/fr\\\/wp-content\\\/uploads\\\/2025\\\/06\\\/Webdo-Tunisie_168377.jpg\",\"contentUrl\":\"https:\\\/\\\/www.webdo.tn\\\/fr\\\/wp-content\\\/uploads\\\/2025\\\/06\\\/Webdo-Tunisie_168377.jpg\",\"width\":301,\"height\":301,\"caption\":\"Webdo\"},\"image\":{\"@id\":\"https:\\\/\\\/www.webdo.tn\\\/fr\\\/#\\\/schema\\\/logo\\\/image\\\/\"},\"sameAs\":[\"https:\\\/\\\/www.facebook.com\\\/webdotn\",\"https:\\\/\\\/x.com\\\/webdo_tn\"],\"description\":\"Webdo est un m\u00e9dia num\u00e9rique tunisien fond\u00e9 en 2010, sp\u00e9cialis\u00e9 dans l\u2019actualit\u00e9 nationale et internationale, l\u2019\u00e9conomie, la soci\u00e9t\u00e9 et les analyses politiques. Le site s\u2019adresse \u00e0 un large public francophone et couvre l\u2019information tunisienne en temps r\u00e9el.\",\"email\":\"redac@webdo.tn\",\"legalName\":\"YNJ SARL\",\"foundingDate\":\"2010-09-06\",\"numberOfEmployees\":{\"@type\":\"QuantitativeValue\",\"minValue\":\"11\",\"maxValue\":\"50\"}},{\"@type\":\"Person\",\"@id\":\"https:\\\/\\\/www.webdo.tn\\\/fr\\\/#\\\/schema\\\/person\\\/f35b42a42c5e2511bbd282959d6385cc\",\"name\":\"CL\",\"image\":{\"@type\":\"ImageObject\",\"inLanguage\":\"fr-FR\",\"@id\":\"https:\\\/\\\/secure.gravatar.com\\\/avatar\\\/1447a49909b67aa657c488aec6512e1dd6143a480c1ecfee9b5b5cd74eb3b59e?s=96&d=mm&r=g\",\"url\":\"https:\\\/\\\/secure.gravatar.com\\\/avatar\\\/1447a49909b67aa657c488aec6512e1dd6143a480c1ecfee9b5b5cd74eb3b59e?s=96&d=mm&r=g\",\"contentUrl\":\"https:\\\/\\\/secure.gravatar.com\\\/avatar\\\/1447a49909b67aa657c488aec6512e1dd6143a480c1ecfee9b5b5cd74eb3b59e?s=96&d=mm&r=g\",\"caption\":\"CL\"},\"url\":\"https:\\\/\\\/www.webdo.tn\\\/fr\\\/actualite\\\/author\\\/cl\\\/\"}]}<\/script>\n<!-- \/ Yoast SEO Premium plugin. -->","yoast_head_json":{"title":"Les projets de CIN et de passeport biom\u00e9triques approuv\u00e9s en Conseil des ministres","description":"Dans le but de s\u2019aligner sur les proc\u00e9dures et les normes internationales actuellement en vigueur, il a \u00e9t\u00e9 d\u00e9cid\u00e9 ; en marge de cette s\u00e9ance, d\u2019approuver d\u00e9fin...","canonical":"https:\/\/www.webdo.tn\/fr\/actualite\/national\/les-projets-de-cin-et-de-passeport-biometriques-approuves-en-conseil-des-ministres\/210492\/","og_locale":"fr_FR","og_type":"article","og_title":"Les projets de CIN et de passeport biom\u00e9triques approuv\u00e9s en Conseil des ministres","og_description":"Dans le but de s\u2019aligner sur les proc\u00e9dures et les normes internationales actuellement en vigueur, il a \u00e9t\u00e9 d\u00e9cid\u00e9 ; en marge de cette s\u00e9ance, d\u2019approuver d\u00e9fin...","og_url":"https:\/\/www.webdo.tn\/fr\/actualite\/national\/les-projets-de-cin-et-de-passeport-biometriques-approuves-en-conseil-des-ministres\/210492\/","og_site_name":"webdo","article_publisher":"https:\/\/www.facebook.com\/webdotn","article_published_time":"2023-11-30T20:27:00+00:00","article_modified_time":"2025-05-20T22:39:22+00:00","og_image":[{"width":750,"height":400,"url":"https:\/\/www.webdo.tn\/fr\/wp-content\/uploads\/2023\/11\/fbae7e0e6419960bf596fd5e89ef0b13.jpg","type":"image\/jpeg"}],"author":"CL","twitter_card":"summary_large_image","twitter_creator":"@webdo_tn","twitter_site":"@webdo_tn","twitter_misc":{"\u00c9crit par":"CL","Dur\u00e9e de lecture estim\u00e9e":"1 minute"},"schema":{"@context":"https:\/\/schema.org","@graph":[{"@type":"NewsArticle","@id":"https:\/\/www.webdo.tn\/fr\/actualite\/national\/les-projets-de-cin-et-de-passeport-biometriques-approuves-en-conseil-des-ministres\/210492\/#article","isPartOf":{"@id":"https:\/\/www.webdo.tn\/fr\/actualite\/national\/les-projets-de-cin-et-de-passeport-biometriques-approuves-en-conseil-des-ministres\/210492\/"},"author":{"name":"CL","@id":"https:\/\/www.webdo.tn\/fr\/#\/schema\/person\/f35b42a42c5e2511bbd282959d6385cc"},"headline":"Les projets de CIN et de passeport biom\u00e9triques approuv\u00e9s en Conseil des ministres","datePublished":"2023-11-30T20:27:00+00:00","dateModified":"2025-05-20T22:39:22+00:00","mainEntityOfPage":{"@id":"https:\/\/www.webdo.tn\/fr\/actualite\/national\/les-projets-de-cin-et-de-passeport-biometriques-approuves-en-conseil-des-ministres\/210492\/"},"wordCount":186,"commentCount":0,"publisher":{"@id":"https:\/\/www.webdo.tn\/fr\/#organization"},"image":{"@id":"https:\/\/www.webdo.tn\/fr\/actualite\/national\/les-projets-de-cin-et-de-passeport-biometriques-approuves-en-conseil-des-ministres\/210492\/#primaryimage"},"thumbnailUrl":"https:\/\/www.webdo.tn\/fr\/wp-content\/uploads\/2023\/11\/fbae7e0e6419960bf596fd5e89ef0b13.jpg","keywords":["Biom\u00e9triques","CIN","passeport","Tunisie"],"articleSection":["National"],"inLanguage":"fr-FR"},{"@type":"WebPage","@id":"https:\/\/www.webdo.tn\/fr\/actualite\/national\/les-projets-de-cin-et-de-passeport-biometriques-approuves-en-conseil-des-ministres\/210492\/","url":"https:\/\/www.webdo.tn\/fr\/actualite\/national\/les-projets-de-cin-et-de-passeport-biometriques-approuves-en-conseil-des-ministres\/210492\/","name":"Les projets de CIN et de passeport biom\u00e9triques approuv\u00e9s en Conseil des ministres","isPartOf":{"@id":"https:\/\/www.webdo.tn\/fr\/#website"},"primaryImageOfPage":{"@id":"https:\/\/www.webdo.tn\/fr\/actualite\/national\/les-projets-de-cin-et-de-passeport-biometriques-approuves-en-conseil-des-ministres\/210492\/#primaryimage"},"image":{"@id":"https:\/\/www.webdo.tn\/fr\/actualite\/national\/les-projets-de-cin-et-de-passeport-biometriques-approuves-en-conseil-des-ministres\/210492\/#primaryimage"},"thumbnailUrl":"https:\/\/www.webdo.tn\/fr\/wp-content\/uploads\/2023\/11\/fbae7e0e6419960bf596fd5e89ef0b13.jpg","datePublished":"2023-11-30T20:27:00+00:00","dateModified":"2025-05-20T22:39:22+00:00","description":"Dans le but de s\u2019aligner sur les proc\u00e9dures et les normes internationales actuellement en vigueur, il a \u00e9t\u00e9 d\u00e9cid\u00e9 ; en marge de cette s\u00e9ance, d\u2019approuver d\u00e9fin...","breadcrumb":{"@id":"https:\/\/www.webdo.tn\/fr\/actualite\/national\/les-projets-de-cin-et-de-passeport-biometriques-approuves-en-conseil-des-ministres\/210492\/#breadcrumb"},"inLanguage":"fr-FR","potentialAction":[{"@type":"ReadAction","target":["https:\/\/www.webdo.tn\/fr\/actualite\/national\/les-projets-de-cin-et-de-passeport-biometriques-approuves-en-conseil-des-ministres\/210492\/"]}]},{"@type":"ImageObject","inLanguage":"fr-FR","@id":"https:\/\/www.webdo.tn\/fr\/actualite\/national\/les-projets-de-cin-et-de-passeport-biometriques-approuves-en-conseil-des-ministres\/210492\/#primaryimage","url":"https:\/\/www.webdo.tn\/fr\/wp-content\/uploads\/2023\/11\/fbae7e0e6419960bf596fd5e89ef0b13.jpg","contentUrl":"https:\/\/www.webdo.tn\/fr\/wp-content\/uploads\/2023\/11\/fbae7e0e6419960bf596fd5e89ef0b13.jpg","width":750,"height":400,"caption":"Les projets de CIN et de passeport biom\u00e9triques approuv\u00e9s en Conseil des ministres"},{"@type":"BreadcrumbList","@id":"https:\/\/www.webdo.tn\/fr\/actualite\/national\/les-projets-de-cin-et-de-passeport-biometriques-approuves-en-conseil-des-ministres\/210492\/#breadcrumb","itemListElement":[{"@type":"ListItem","position":1,"name":"Accueil","item":"https:\/\/www.webdo.tn\/fr\/"},{"@type":"ListItem","position":2,"name":"Les projets de CIN et de passeport biom\u00e9triques approuv\u00e9s en Conseil des ministres"}]},{"@type":"WebSite","@id":"https:\/\/www.webdo.tn\/fr\/#website","url":"https:\/\/www.webdo.tn\/fr\/","name":"webdo","description":"Tunisie - News en Tunisie et \u00e0 l&#039;international sur Webdo.tn","publisher":{"@id":"https:\/\/www.webdo.tn\/fr\/#organization"},"potentialAction":[{"@type":"SearchAction","target":{"@type":"EntryPoint","urlTemplate":"https:\/\/www.webdo.tn\/fr\/?s={search_term_string}"},"query-input":{"@type":"PropertyValueSpecification","valueRequired":true,"valueName":"search_term_string"}}],"inLanguage":"fr-FR"},{"@type":"Organization","@id":"https:\/\/www.webdo.tn\/fr\/#organization","name":"Webdo","alternateName":"Webdo.tn","url":"https:\/\/www.webdo.tn\/fr\/","logo":{"@type":"ImageObject","inLanguage":"fr-FR","@id":"https:\/\/www.webdo.tn\/fr\/#\/schema\/logo\/image\/","url":"https:\/\/www.webdo.tn\/fr\/wp-content\/uploads\/2025\/06\/Webdo-Tunisie_168377.jpg","contentUrl":"https:\/\/www.webdo.tn\/fr\/wp-content\/uploads\/2025\/06\/Webdo-Tunisie_168377.jpg","width":301,"height":301,"caption":"Webdo"},"image":{"@id":"https:\/\/www.webdo.tn\/fr\/#\/schema\/logo\/image\/"},"sameAs":["https:\/\/www.facebook.com\/webdotn","https:\/\/x.com\/webdo_tn"],"description":"Webdo est un m\u00e9dia num\u00e9rique tunisien fond\u00e9 en 2010, sp\u00e9cialis\u00e9 dans l\u2019actualit\u00e9 nationale et internationale, l\u2019\u00e9conomie, la soci\u00e9t\u00e9 et les analyses politiques. Le site s\u2019adresse \u00e0 un large public francophone et couvre l\u2019information tunisienne en temps r\u00e9el.","email":"redac@webdo.tn","legalName":"YNJ SARL","foundingDate":"2010-09-06","numberOfEmployees":{"@type":"QuantitativeValue","minValue":"11","maxValue":"50"}},{"@type":"Person","@id":"https:\/\/www.webdo.tn\/fr\/#\/schema\/person\/f35b42a42c5e2511bbd282959d6385cc","name":"CL","image":{"@type":"ImageObject","inLanguage":"fr-FR","@id":"https:\/\/secure.gravatar.com\/avatar\/1447a49909b67aa657c488aec6512e1dd6143a480c1ecfee9b5b5cd74eb3b59e?s=96&d=mm&r=g","url":"https:\/\/secure.gravatar.com\/avatar\/1447a49909b67aa657c488aec6512e1dd6143a480c1ecfee9b5b5cd74eb3b59e?s=96&d=mm&r=g","contentUrl":"https:\/\/secure.gravatar.com\/avatar\/1447a49909b67aa657c488aec6512e1dd6143a480c1ecfee9b5b5cd74eb3b59e?s=96&d=mm&r=g","caption":"CL"},"url":"https:\/\/www.webdo.tn\/fr\/actualite\/author\/cl\/"}]}},"_links":{"self":[{"href":"https:\/\/www.webdo.tn\/fr\/wp-json\/wp\/v2\/posts\/210492","targetHints":{"allow":["GET"]}}],"collection":[{"href":"https:\/\/www.webdo.tn\/fr\/wp-json\/wp\/v2\/posts"}],"about":[{"href":"https:\/\/www.webdo.tn\/fr\/wp-json\/wp\/v2\/types\/post"}],"author":[{"embeddable":true,"href":"https:\/\/www.webdo.tn\/fr\/wp-json\/wp\/v2\/users\/3175"}],"replies":[{"embeddable":true,"href":"https:\/\/www.webdo.tn\/fr\/wp-json\/wp\/v2\/comments?post=210492"}],"version-history":[{"count":0,"href":"https:\/\/www.webdo.tn\/fr\/wp-json\/wp\/v2\/posts\/210492\/revisions"}],"wp:featuredmedia":[{"embeddable":true,"href":"https:\/\/www.webdo.tn\/fr\/wp-json\/wp\/v2\/media\/248660"}],"wp:attachment":[{"href":"https:\/\/www.webdo.tn\/fr\/wp-json\/wp\/v2\/media?parent=210492"}],"wp:term":[{"taxonomy":"category","embeddable":true,"href":"https:\/\/www.webdo.tn\/fr\/wp-json\/wp\/v2\/categories?post=210492"},{"taxonomy":"post_tag","embeddable":true,"href":"https:\/\/www.webdo.tn\/fr\/wp-json\/wp\/v2\/tags?post=210492"}],"curies":[{"name":"wp","href":"https:\/\/api.w.org\/{rel}","templated":true}]}}