{"id":210487,"date":"2023-11-30T18:35:00","date_gmt":"2023-11-30T18:35:00","guid":{"rendered":"https:\/\/www.webdo.tn\/fr\/blog\/l-isie-se-dote-d-un-nouveau-systeme-pour-relever-les-infractions-electorales\/210487\/"},"modified":"2025-05-20T22:39:21","modified_gmt":"2025-05-20T22:39:21","slug":"l-isie-se-dote-d-un-nouveau-systeme-pour-relever-les-infractions-electorales","status":"publish","type":"post","link":"https:\/\/www.webdo.tn\/fr\/actualite\/national\/l-isie-se-dote-d-un-nouveau-systeme-pour-relever-les-infractions-electorales\/210487\/","title":{"rendered":"L\u2019ISIE se dote d\u2019un nouveau syst\u00e8me pour relever les infractions \u00e9lectorales"},"content":{"rendered":"<p>L&rsquo;Instance sup\u00e9rieure ind\u00e9pendante pour les \u00e9lections (ISIE) a mis en place un nouveau syst\u00e8me interne pour relever les infractions li\u00e9es aux crimes \u00e9lectoraux et les soumettre au conseil de l&rsquo;instance instantan\u00e9ment, avant la r\u00e9ception du PV \u00e9crit sur papier, a indiqu\u00e9 Mohamed Tlili Mansri, porte-parole de l&rsquo;ISIE.<\/p>\n<p>Cela permettra \u00e0 l&rsquo;instance centrale de d\u00e9cider, plus tard, le renvoi ou non du PV en question au minist\u00e8re public, a-t-il ajout\u00e9.<\/p>\n<p>Dans une d\u00e9claration \u00e0 la TAP, en marge d&rsquo;une journ\u00e9e d&rsquo;\u00e9tude sur les crimes \u00e9lectoraux et le r\u00f4le du minist\u00e8re public organis\u00e9e, jeudi, par l&rsquo;ISIE, en pr\u00e9sence de repr\u00e9sentants du minist\u00e8re public et de la police judiciaire de Sousse, Monastir, Mahdia, Kairouan et Siliana, Mansri a indiqu\u00e9 que le but de ce nouveau syst\u00e8me est d&rsquo;unifier les efforts et d&rsquo;organiser le travail entre les instances r\u00e9gionales avant de s&rsquo;adresser au minist\u00e8re public.<\/p>\n<p>Le porte-parole a, par ailleurs, fait remarquer que le changement du syst\u00e8me \u00e9lectoral et l&rsquo;adoption du mode de scrutin sur les personnes dans des petites circonscriptions peuvent conduire au discours de haine et \u00e0 la discrimination sociale, r\u00e9gionale ou familiale.<\/p>\n<p>Et de rappeler que de tels agissements sont d\u00e9sormais r\u00e9pr\u00e9hensibles par la loi au sens de l&rsquo;article 161.<\/p>\n<p>\u00a0\u00bb L&rsquo;ISIE invite tous les intervenants dans l&rsquo;op\u00e9ration \u00e9lectorale, plus particuli\u00e8rement la police judiciaire, \u00e0 appuyer les efforts des agents de l&rsquo;instance charg\u00e9s du contr\u00f4le des campagnes \u00e9lectorales, notamment pendant le silence \u00e9lectoral et le jour du scrutin \u00ab\u00a0, a-t-il insist\u00e9.<\/p>\n","protected":false},"excerpt":{"rendered":"<p>Cela permettra \u00e0 l&rsquo;instance centrale de d\u00e9cider, plus tard, le renvoi ou non du PV en question au minist\u00e8re public, a-t-il ajout\u00e9.<\/p>\n","protected":false},"author":3175,"featured_media":248656,"comment_status":"open","ping_status":"closed","sticky":false,"template":"","format":"standard","meta":{"footnotes":""},"categories":[44],"tags":[3809,2967,2608],"class_list":["post-210487","post","type-post","status-publish","format-standard","has-post-thumbnail","hentry","category-national","tag-infractions","tag-isie","tag-tunisie"],"yoast_head":"<!-- This site is optimized with the Yoast SEO Premium plugin v27.4 (Yoast SEO v27.4) - https:\/\/yoast.com\/product\/yoast-seo-premium-wordpress\/ -->\n<title>L\u2019ISIE se dote d\u2019un nouveau syst\u00e8me pour relever les infractions \u00e9lectorales<\/title>\n<meta name=\"description\" content=\"Cela permettra \u00e0 l&#039;instance centrale de d\u00e9cider, plus tard, le renvoi ou non du PV en question au minist\u00e8re public, a-t-il ajout\u00e9.\" \/>\n<link rel=\"canonical\" href=\"https:\/\/www.webdo.tn\/fr\/actualite\/national\/l-isie-se-dote-d-un-nouveau-systeme-pour-relever-les-infractions-electorales\/210487\/\" \/>\n<meta property=\"og:locale\" content=\"fr_FR\" \/>\n<meta property=\"og:type\" content=\"article\" \/>\n<meta property=\"og:title\" content=\"L\u2019ISIE se dote d\u2019un nouveau syst\u00e8me pour relever les infractions \u00e9lectorales\" \/>\n<meta property=\"og:description\" content=\"Cela permettra \u00e0 l&#039;instance centrale de d\u00e9cider, plus tard, le renvoi ou non du PV en question au minist\u00e8re public, a-t-il ajout\u00e9.\" \/>\n<meta property=\"og:url\" content=\"https:\/\/www.webdo.tn\/fr\/actualite\/national\/l-isie-se-dote-d-un-nouveau-systeme-pour-relever-les-infractions-electorales\/210487\/\" \/>\n<meta property=\"og:site_name\" content=\"webdo\" \/>\n<meta property=\"article:publisher\" content=\"https:\/\/www.facebook.com\/webdotn\" \/>\n<meta property=\"article:published_time\" content=\"2023-11-30T18:35:00+00:00\" \/>\n<meta property=\"article:modified_time\" content=\"2025-05-20T22:39:21+00:00\" \/>\n<meta property=\"og:image\" content=\"https:\/\/www.webdo.tn\/fr\/wp-content\/uploads\/2023\/11\/8d317a2cd896c316483df90a0c1cd5b1.jpg\" \/>\n\t<meta property=\"og:image:width\" content=\"750\" \/>\n\t<meta property=\"og:image:height\" content=\"400\" \/>\n\t<meta property=\"og:image:type\" content=\"image\/jpeg\" \/>\n<meta name=\"author\" content=\"CL\" \/>\n<meta name=\"twitter:card\" content=\"summary_large_image\" \/>\n<meta name=\"twitter:creator\" content=\"@webdo_tn\" \/>\n<meta name=\"twitter:site\" content=\"@webdo_tn\" \/>\n<meta name=\"twitter:label1\" content=\"\u00c9crit par\" \/>\n\t<meta name=\"twitter:data1\" content=\"CL\" \/>\n\t<meta name=\"twitter:label2\" content=\"Dur\u00e9e de lecture estim\u00e9e\" \/>\n\t<meta name=\"twitter:data2\" content=\"1 minute\" \/>\n<script type=\"application\/ld+json\" class=\"yoast-schema-graph\">{\"@context\":\"https:\\\/\\\/schema.org\",\"@graph\":[{\"@type\":\"NewsArticle\",\"@id\":\"https:\\\/\\\/www.webdo.tn\\\/fr\\\/actualite\\\/national\\\/l-isie-se-dote-d-un-nouveau-systeme-pour-relever-les-infractions-electorales\\\/210487\\\/#article\",\"isPartOf\":{\"@id\":\"https:\\\/\\\/www.webdo.tn\\\/fr\\\/actualite\\\/national\\\/l-isie-se-dote-d-un-nouveau-systeme-pour-relever-les-infractions-electorales\\\/210487\\\/\"},\"author\":{\"name\":\"CL\",\"@id\":\"https:\\\/\\\/www.webdo.tn\\\/fr\\\/#\\\/schema\\\/person\\\/f35b42a42c5e2511bbd282959d6385cc\"},\"headline\":\"L\u2019ISIE se dote d\u2019un nouveau syst\u00e8me pour relever les infractions \u00e9lectorales\",\"datePublished\":\"2023-11-30T18:35:00+00:00\",\"dateModified\":\"2025-05-20T22:39:21+00:00\",\"mainEntityOfPage\":{\"@id\":\"https:\\\/\\\/www.webdo.tn\\\/fr\\\/actualite\\\/national\\\/l-isie-se-dote-d-un-nouveau-systeme-pour-relever-les-infractions-electorales\\\/210487\\\/\"},\"wordCount\":290,\"commentCount\":0,\"publisher\":{\"@id\":\"https:\\\/\\\/www.webdo.tn\\\/fr\\\/#organization\"},\"image\":{\"@id\":\"https:\\\/\\\/www.webdo.tn\\\/fr\\\/actualite\\\/national\\\/l-isie-se-dote-d-un-nouveau-systeme-pour-relever-les-infractions-electorales\\\/210487\\\/#primaryimage\"},\"thumbnailUrl\":\"https:\\\/\\\/www.webdo.tn\\\/fr\\\/wp-content\\\/uploads\\\/2023\\\/11\\\/8d317a2cd896c316483df90a0c1cd5b1.jpg\",\"keywords\":[\"infractions\",\"ISIE\",\"Tunisie\"],\"articleSection\":[\"National\"],\"inLanguage\":\"fr-FR\"},{\"@type\":\"WebPage\",\"@id\":\"https:\\\/\\\/www.webdo.tn\\\/fr\\\/actualite\\\/national\\\/l-isie-se-dote-d-un-nouveau-systeme-pour-relever-les-infractions-electorales\\\/210487\\\/\",\"url\":\"https:\\\/\\\/www.webdo.tn\\\/fr\\\/actualite\\\/national\\\/l-isie-se-dote-d-un-nouveau-systeme-pour-relever-les-infractions-electorales\\\/210487\\\/\",\"name\":\"L\u2019ISIE se dote d\u2019un nouveau syst\u00e8me pour relever les infractions \u00e9lectorales\",\"isPartOf\":{\"@id\":\"https:\\\/\\\/www.webdo.tn\\\/fr\\\/#website\"},\"primaryImageOfPage\":{\"@id\":\"https:\\\/\\\/www.webdo.tn\\\/fr\\\/actualite\\\/national\\\/l-isie-se-dote-d-un-nouveau-systeme-pour-relever-les-infractions-electorales\\\/210487\\\/#primaryimage\"},\"image\":{\"@id\":\"https:\\\/\\\/www.webdo.tn\\\/fr\\\/actualite\\\/national\\\/l-isie-se-dote-d-un-nouveau-systeme-pour-relever-les-infractions-electorales\\\/210487\\\/#primaryimage\"},\"thumbnailUrl\":\"https:\\\/\\\/www.webdo.tn\\\/fr\\\/wp-content\\\/uploads\\\/2023\\\/11\\\/8d317a2cd896c316483df90a0c1cd5b1.jpg\",\"datePublished\":\"2023-11-30T18:35:00+00:00\",\"dateModified\":\"2025-05-20T22:39:21+00:00\",\"description\":\"Cela permettra \u00e0 l'instance centrale de d\u00e9cider, plus tard, le renvoi ou non du PV en question au minist\u00e8re public, a-t-il ajout\u00e9.\",\"breadcrumb\":{\"@id\":\"https:\\\/\\\/www.webdo.tn\\\/fr\\\/actualite\\\/national\\\/l-isie-se-dote-d-un-nouveau-systeme-pour-relever-les-infractions-electorales\\\/210487\\\/#breadcrumb\"},\"inLanguage\":\"fr-FR\",\"potentialAction\":[{\"@type\":\"ReadAction\",\"target\":[\"https:\\\/\\\/www.webdo.tn\\\/fr\\\/actualite\\\/national\\\/l-isie-se-dote-d-un-nouveau-systeme-pour-relever-les-infractions-electorales\\\/210487\\\/\"]}]},{\"@type\":\"ImageObject\",\"inLanguage\":\"fr-FR\",\"@id\":\"https:\\\/\\\/www.webdo.tn\\\/fr\\\/actualite\\\/national\\\/l-isie-se-dote-d-un-nouveau-systeme-pour-relever-les-infractions-electorales\\\/210487\\\/#primaryimage\",\"url\":\"https:\\\/\\\/www.webdo.tn\\\/fr\\\/wp-content\\\/uploads\\\/2023\\\/11\\\/8d317a2cd896c316483df90a0c1cd5b1.jpg\",\"contentUrl\":\"https:\\\/\\\/www.webdo.tn\\\/fr\\\/wp-content\\\/uploads\\\/2023\\\/11\\\/8d317a2cd896c316483df90a0c1cd5b1.jpg\",\"width\":750,\"height\":400,\"caption\":\"L\u2019ISIE se dote d\u2019un nouveau syst\u00e8me pour relever les infractions \u00e9lectorales\"},{\"@type\":\"BreadcrumbList\",\"@id\":\"https:\\\/\\\/www.webdo.tn\\\/fr\\\/actualite\\\/national\\\/l-isie-se-dote-d-un-nouveau-systeme-pour-relever-les-infractions-electorales\\\/210487\\\/#breadcrumb\",\"itemListElement\":[{\"@type\":\"ListItem\",\"position\":1,\"name\":\"Accueil\",\"item\":\"https:\\\/\\\/www.webdo.tn\\\/fr\\\/\"},{\"@type\":\"ListItem\",\"position\":2,\"name\":\"L\u2019ISIE se dote d\u2019un nouveau syst\u00e8me pour relever les infractions \u00e9lectorales\"}]},{\"@type\":\"WebSite\",\"@id\":\"https:\\\/\\\/www.webdo.tn\\\/fr\\\/#website\",\"url\":\"https:\\\/\\\/www.webdo.tn\\\/fr\\\/\",\"name\":\"webdo\",\"description\":\"Tunisie - News en Tunisie et \u00e0 l&#039;international sur Webdo.tn\",\"publisher\":{\"@id\":\"https:\\\/\\\/www.webdo.tn\\\/fr\\\/#organization\"},\"potentialAction\":[{\"@type\":\"SearchAction\",\"target\":{\"@type\":\"EntryPoint\",\"urlTemplate\":\"https:\\\/\\\/www.webdo.tn\\\/fr\\\/?s={search_term_string}\"},\"query-input\":{\"@type\":\"PropertyValueSpecification\",\"valueRequired\":true,\"valueName\":\"search_term_string\"}}],\"inLanguage\":\"fr-FR\"},{\"@type\":\"Organization\",\"@id\":\"https:\\\/\\\/www.webdo.tn\\\/fr\\\/#organization\",\"name\":\"Webdo\",\"alternateName\":\"Webdo.tn\",\"url\":\"https:\\\/\\\/www.webdo.tn\\\/fr\\\/\",\"logo\":{\"@type\":\"ImageObject\",\"inLanguage\":\"fr-FR\",\"@id\":\"https:\\\/\\\/www.webdo.tn\\\/fr\\\/#\\\/schema\\\/logo\\\/image\\\/\",\"url\":\"https:\\\/\\\/www.webdo.tn\\\/fr\\\/wp-content\\\/uploads\\\/2025\\\/06\\\/Webdo-Tunisie_168377.jpg\",\"contentUrl\":\"https:\\\/\\\/www.webdo.tn\\\/fr\\\/wp-content\\\/uploads\\\/2025\\\/06\\\/Webdo-Tunisie_168377.jpg\",\"width\":301,\"height\":301,\"caption\":\"Webdo\"},\"image\":{\"@id\":\"https:\\\/\\\/www.webdo.tn\\\/fr\\\/#\\\/schema\\\/logo\\\/image\\\/\"},\"sameAs\":[\"https:\\\/\\\/www.facebook.com\\\/webdotn\",\"https:\\\/\\\/x.com\\\/webdo_tn\"],\"description\":\"Webdo est un m\u00e9dia num\u00e9rique tunisien fond\u00e9 en 2010, sp\u00e9cialis\u00e9 dans l\u2019actualit\u00e9 nationale et internationale, l\u2019\u00e9conomie, la soci\u00e9t\u00e9 et les analyses politiques. Le site s\u2019adresse \u00e0 un large public francophone et couvre l\u2019information tunisienne en temps r\u00e9el.\",\"email\":\"redac@webdo.tn\",\"legalName\":\"YNJ SARL\",\"foundingDate\":\"2010-09-06\",\"numberOfEmployees\":{\"@type\":\"QuantitativeValue\",\"minValue\":\"11\",\"maxValue\":\"50\"}},{\"@type\":\"Person\",\"@id\":\"https:\\\/\\\/www.webdo.tn\\\/fr\\\/#\\\/schema\\\/person\\\/f35b42a42c5e2511bbd282959d6385cc\",\"name\":\"CL\",\"image\":{\"@type\":\"ImageObject\",\"inLanguage\":\"fr-FR\",\"@id\":\"https:\\\/\\\/secure.gravatar.com\\\/avatar\\\/1447a49909b67aa657c488aec6512e1dd6143a480c1ecfee9b5b5cd74eb3b59e?s=96&d=mm&r=g\",\"url\":\"https:\\\/\\\/secure.gravatar.com\\\/avatar\\\/1447a49909b67aa657c488aec6512e1dd6143a480c1ecfee9b5b5cd74eb3b59e?s=96&d=mm&r=g\",\"contentUrl\":\"https:\\\/\\\/secure.gravatar.com\\\/avatar\\\/1447a49909b67aa657c488aec6512e1dd6143a480c1ecfee9b5b5cd74eb3b59e?s=96&d=mm&r=g\",\"caption\":\"CL\"},\"url\":\"https:\\\/\\\/www.webdo.tn\\\/fr\\\/actualite\\\/author\\\/cl\\\/\"}]}<\/script>\n<!-- \/ Yoast SEO Premium plugin. -->","yoast_head_json":{"title":"L\u2019ISIE se dote d\u2019un nouveau syst\u00e8me pour relever les infractions \u00e9lectorales","description":"Cela permettra \u00e0 l'instance centrale de d\u00e9cider, plus tard, le renvoi ou non du PV en question au minist\u00e8re public, a-t-il ajout\u00e9.","canonical":"https:\/\/www.webdo.tn\/fr\/actualite\/national\/l-isie-se-dote-d-un-nouveau-systeme-pour-relever-les-infractions-electorales\/210487\/","og_locale":"fr_FR","og_type":"article","og_title":"L\u2019ISIE se dote d\u2019un nouveau syst\u00e8me pour relever les infractions \u00e9lectorales","og_description":"Cela permettra \u00e0 l'instance centrale de d\u00e9cider, plus tard, le renvoi ou non du PV en question au minist\u00e8re public, a-t-il ajout\u00e9.","og_url":"https:\/\/www.webdo.tn\/fr\/actualite\/national\/l-isie-se-dote-d-un-nouveau-systeme-pour-relever-les-infractions-electorales\/210487\/","og_site_name":"webdo","article_publisher":"https:\/\/www.facebook.com\/webdotn","article_published_time":"2023-11-30T18:35:00+00:00","article_modified_time":"2025-05-20T22:39:21+00:00","og_image":[{"width":750,"height":400,"url":"https:\/\/www.webdo.tn\/fr\/wp-content\/uploads\/2023\/11\/8d317a2cd896c316483df90a0c1cd5b1.jpg","type":"image\/jpeg"}],"author":"CL","twitter_card":"summary_large_image","twitter_creator":"@webdo_tn","twitter_site":"@webdo_tn","twitter_misc":{"\u00c9crit par":"CL","Dur\u00e9e de lecture estim\u00e9e":"1 minute"},"schema":{"@context":"https:\/\/schema.org","@graph":[{"@type":"NewsArticle","@id":"https:\/\/www.webdo.tn\/fr\/actualite\/national\/l-isie-se-dote-d-un-nouveau-systeme-pour-relever-les-infractions-electorales\/210487\/#article","isPartOf":{"@id":"https:\/\/www.webdo.tn\/fr\/actualite\/national\/l-isie-se-dote-d-un-nouveau-systeme-pour-relever-les-infractions-electorales\/210487\/"},"author":{"name":"CL","@id":"https:\/\/www.webdo.tn\/fr\/#\/schema\/person\/f35b42a42c5e2511bbd282959d6385cc"},"headline":"L\u2019ISIE se dote d\u2019un nouveau syst\u00e8me pour relever les infractions \u00e9lectorales","datePublished":"2023-11-30T18:35:00+00:00","dateModified":"2025-05-20T22:39:21+00:00","mainEntityOfPage":{"@id":"https:\/\/www.webdo.tn\/fr\/actualite\/national\/l-isie-se-dote-d-un-nouveau-systeme-pour-relever-les-infractions-electorales\/210487\/"},"wordCount":290,"commentCount":0,"publisher":{"@id":"https:\/\/www.webdo.tn\/fr\/#organization"},"image":{"@id":"https:\/\/www.webdo.tn\/fr\/actualite\/national\/l-isie-se-dote-d-un-nouveau-systeme-pour-relever-les-infractions-electorales\/210487\/#primaryimage"},"thumbnailUrl":"https:\/\/www.webdo.tn\/fr\/wp-content\/uploads\/2023\/11\/8d317a2cd896c316483df90a0c1cd5b1.jpg","keywords":["infractions","ISIE","Tunisie"],"articleSection":["National"],"inLanguage":"fr-FR"},{"@type":"WebPage","@id":"https:\/\/www.webdo.tn\/fr\/actualite\/national\/l-isie-se-dote-d-un-nouveau-systeme-pour-relever-les-infractions-electorales\/210487\/","url":"https:\/\/www.webdo.tn\/fr\/actualite\/national\/l-isie-se-dote-d-un-nouveau-systeme-pour-relever-les-infractions-electorales\/210487\/","name":"L\u2019ISIE se dote d\u2019un nouveau syst\u00e8me pour relever les infractions \u00e9lectorales","isPartOf":{"@id":"https:\/\/www.webdo.tn\/fr\/#website"},"primaryImageOfPage":{"@id":"https:\/\/www.webdo.tn\/fr\/actualite\/national\/l-isie-se-dote-d-un-nouveau-systeme-pour-relever-les-infractions-electorales\/210487\/#primaryimage"},"image":{"@id":"https:\/\/www.webdo.tn\/fr\/actualite\/national\/l-isie-se-dote-d-un-nouveau-systeme-pour-relever-les-infractions-electorales\/210487\/#primaryimage"},"thumbnailUrl":"https:\/\/www.webdo.tn\/fr\/wp-content\/uploads\/2023\/11\/8d317a2cd896c316483df90a0c1cd5b1.jpg","datePublished":"2023-11-30T18:35:00+00:00","dateModified":"2025-05-20T22:39:21+00:00","description":"Cela permettra \u00e0 l'instance centrale de d\u00e9cider, plus tard, le renvoi ou non du PV en question au minist\u00e8re public, a-t-il ajout\u00e9.","breadcrumb":{"@id":"https:\/\/www.webdo.tn\/fr\/actualite\/national\/l-isie-se-dote-d-un-nouveau-systeme-pour-relever-les-infractions-electorales\/210487\/#breadcrumb"},"inLanguage":"fr-FR","potentialAction":[{"@type":"ReadAction","target":["https:\/\/www.webdo.tn\/fr\/actualite\/national\/l-isie-se-dote-d-un-nouveau-systeme-pour-relever-les-infractions-electorales\/210487\/"]}]},{"@type":"ImageObject","inLanguage":"fr-FR","@id":"https:\/\/www.webdo.tn\/fr\/actualite\/national\/l-isie-se-dote-d-un-nouveau-systeme-pour-relever-les-infractions-electorales\/210487\/#primaryimage","url":"https:\/\/www.webdo.tn\/fr\/wp-content\/uploads\/2023\/11\/8d317a2cd896c316483df90a0c1cd5b1.jpg","contentUrl":"https:\/\/www.webdo.tn\/fr\/wp-content\/uploads\/2023\/11\/8d317a2cd896c316483df90a0c1cd5b1.jpg","width":750,"height":400,"caption":"L\u2019ISIE se dote d\u2019un nouveau syst\u00e8me pour relever les infractions \u00e9lectorales"},{"@type":"BreadcrumbList","@id":"https:\/\/www.webdo.tn\/fr\/actualite\/national\/l-isie-se-dote-d-un-nouveau-systeme-pour-relever-les-infractions-electorales\/210487\/#breadcrumb","itemListElement":[{"@type":"ListItem","position":1,"name":"Accueil","item":"https:\/\/www.webdo.tn\/fr\/"},{"@type":"ListItem","position":2,"name":"L\u2019ISIE se dote d\u2019un nouveau syst\u00e8me pour relever les infractions \u00e9lectorales"}]},{"@type":"WebSite","@id":"https:\/\/www.webdo.tn\/fr\/#website","url":"https:\/\/www.webdo.tn\/fr\/","name":"webdo","description":"Tunisie - News en Tunisie et \u00e0 l&#039;international sur Webdo.tn","publisher":{"@id":"https:\/\/www.webdo.tn\/fr\/#organization"},"potentialAction":[{"@type":"SearchAction","target":{"@type":"EntryPoint","urlTemplate":"https:\/\/www.webdo.tn\/fr\/?s={search_term_string}"},"query-input":{"@type":"PropertyValueSpecification","valueRequired":true,"valueName":"search_term_string"}}],"inLanguage":"fr-FR"},{"@type":"Organization","@id":"https:\/\/www.webdo.tn\/fr\/#organization","name":"Webdo","alternateName":"Webdo.tn","url":"https:\/\/www.webdo.tn\/fr\/","logo":{"@type":"ImageObject","inLanguage":"fr-FR","@id":"https:\/\/www.webdo.tn\/fr\/#\/schema\/logo\/image\/","url":"https:\/\/www.webdo.tn\/fr\/wp-content\/uploads\/2025\/06\/Webdo-Tunisie_168377.jpg","contentUrl":"https:\/\/www.webdo.tn\/fr\/wp-content\/uploads\/2025\/06\/Webdo-Tunisie_168377.jpg","width":301,"height":301,"caption":"Webdo"},"image":{"@id":"https:\/\/www.webdo.tn\/fr\/#\/schema\/logo\/image\/"},"sameAs":["https:\/\/www.facebook.com\/webdotn","https:\/\/x.com\/webdo_tn"],"description":"Webdo est un m\u00e9dia num\u00e9rique tunisien fond\u00e9 en 2010, sp\u00e9cialis\u00e9 dans l\u2019actualit\u00e9 nationale et internationale, l\u2019\u00e9conomie, la soci\u00e9t\u00e9 et les analyses politiques. Le site s\u2019adresse \u00e0 un large public francophone et couvre l\u2019information tunisienne en temps r\u00e9el.","email":"redac@webdo.tn","legalName":"YNJ SARL","foundingDate":"2010-09-06","numberOfEmployees":{"@type":"QuantitativeValue","minValue":"11","maxValue":"50"}},{"@type":"Person","@id":"https:\/\/www.webdo.tn\/fr\/#\/schema\/person\/f35b42a42c5e2511bbd282959d6385cc","name":"CL","image":{"@type":"ImageObject","inLanguage":"fr-FR","@id":"https:\/\/secure.gravatar.com\/avatar\/1447a49909b67aa657c488aec6512e1dd6143a480c1ecfee9b5b5cd74eb3b59e?s=96&d=mm&r=g","url":"https:\/\/secure.gravatar.com\/avatar\/1447a49909b67aa657c488aec6512e1dd6143a480c1ecfee9b5b5cd74eb3b59e?s=96&d=mm&r=g","contentUrl":"https:\/\/secure.gravatar.com\/avatar\/1447a49909b67aa657c488aec6512e1dd6143a480c1ecfee9b5b5cd74eb3b59e?s=96&d=mm&r=g","caption":"CL"},"url":"https:\/\/www.webdo.tn\/fr\/actualite\/author\/cl\/"}]}},"_links":{"self":[{"href":"https:\/\/www.webdo.tn\/fr\/wp-json\/wp\/v2\/posts\/210487","targetHints":{"allow":["GET"]}}],"collection":[{"href":"https:\/\/www.webdo.tn\/fr\/wp-json\/wp\/v2\/posts"}],"about":[{"href":"https:\/\/www.webdo.tn\/fr\/wp-json\/wp\/v2\/types\/post"}],"author":[{"embeddable":true,"href":"https:\/\/www.webdo.tn\/fr\/wp-json\/wp\/v2\/users\/3175"}],"replies":[{"embeddable":true,"href":"https:\/\/www.webdo.tn\/fr\/wp-json\/wp\/v2\/comments?post=210487"}],"version-history":[{"count":0,"href":"https:\/\/www.webdo.tn\/fr\/wp-json\/wp\/v2\/posts\/210487\/revisions"}],"wp:featuredmedia":[{"embeddable":true,"href":"https:\/\/www.webdo.tn\/fr\/wp-json\/wp\/v2\/media\/248656"}],"wp:attachment":[{"href":"https:\/\/www.webdo.tn\/fr\/wp-json\/wp\/v2\/media?parent=210487"}],"wp:term":[{"taxonomy":"category","embeddable":true,"href":"https:\/\/www.webdo.tn\/fr\/wp-json\/wp\/v2\/categories?post=210487"},{"taxonomy":"post_tag","embeddable":true,"href":"https:\/\/www.webdo.tn\/fr\/wp-json\/wp\/v2\/tags?post=210487"}],"curies":[{"name":"wp","href":"https:\/\/api.w.org\/{rel}","templated":true}]}}