{"id":210476,"date":"2023-11-30T12:31:00","date_gmt":"2023-11-30T12:31:00","guid":{"rendered":"https:\/\/www.webdo.tn\/fr\/blog\/les-enseignants-suppleants-refusent-de-signer-les-nouveaux-contrats\/210476\/"},"modified":"2025-05-20T21:55:12","modified_gmt":"2025-05-20T21:55:12","slug":"les-enseignants-suppleants-refusent-de-signer-les-nouveaux-contrats","status":"publish","type":"post","link":"https:\/\/www.webdo.tn\/fr\/actualite\/national\/les-enseignants-suppleants-refusent-de-signer-les-nouveaux-contrats\/210476\/","title":{"rendered":"Les enseignants suppl\u00e9ants refusent de signer les nouveaux contrats"},"content":{"rendered":"<p>La coordination nationale des enseignants suppl\u00e9ants m\u00e8ne depuis le 20 novembre un boycott des cours et des examens en signe de protestation contre la non r\u00e9gularisation de leur situation.<\/p>\n<p>\t\t\t\t\t\t\t\t\tDans une d\u00e9claration \u00e0 l\u2019agence TAP, Chiheb Mosbah, repr\u00e9sentant de la coordination a soulign\u00e9 que les enseignants suppl\u00e9ants rejettent la nouvelle formule de contrats propos\u00e9e par le minist\u00e8re de l\u2019Education.<\/p>\n<p>\u00ab\u00a0Ces contrats n\u2019ont aucun fondement juridique et il s\u2019agit juste d\u2019une nouvelle mesure prise par le minist\u00e8re de l\u2019Education pour \u00e9viter de s\u2019engager avec les syndicats de l\u2019enseignement de base et du secondaire dans des n\u00e9gociations sur la r\u00e9gularisation de la situation des enseignants suppl\u00e9ants\u00a0\u00bb, a-t-il dit.<\/p>\n<p>Dans ce contexte, il a appel\u00e9 le minist\u00e8re de tutelle \u00e0 appliquer l\u2019accord sign\u00e9 en novembre 2022 avec les syndicats pour r\u00e9gulariser la situation des enseignants suppl\u00e9ants et \u00e0 retirer le nouveau contrat propos\u00e9, qui ne leur garantit pas leurs droits.<\/p>\n<p>Le minist\u00e8re de l&rsquo;Education avait appel\u00e9 hier, mercredi 29 novembre, dans un communiqu\u00e9, les enseignants suppl\u00e9ants \u00e0 signer les nouveaux contrats disponibles qui pr\u00e9voient une augmentation de leurs salaires \u00e0 partir de septembre 2023 \u00e0 1250 dinars contre 750 dinars auparavant.<\/p>\n<p>La coordination pourrait recourir au boycott des examens du premier trimestre outre le boycott partiel ou total des cours, si un accord n&rsquo;est pas trouv\u00e9 avec le minist\u00e8re.<\/p>\n","protected":false},"excerpt":{"rendered":"<p>Les enseignants suppl\u00e9ants rejettent la nouvelle formule de contrats propos\u00e9e par le minist\u00e8re de l\u2019Education<\/p>\n","protected":false},"author":3162,"featured_media":248650,"comment_status":"open","ping_status":"closed","sticky":false,"template":"","format":"standard","meta":{"footnotes":""},"categories":[44],"tags":[2634,3911,4511],"class_list":["post-210476","post","type-post","status-publish","format-standard","has-post-thumbnail","hentry","category-national","tag-education","tag-enseignants","tag-suppleants"],"yoast_head":"<!-- This site is optimized with the Yoast SEO Premium plugin v27.4 (Yoast SEO v27.5) - https:\/\/yoast.com\/product\/yoast-seo-premium-wordpress\/ -->\n<title>Les enseignants suppl\u00e9ants refusent de signer les nouveaux contrats<\/title>\n<meta name=\"description\" content=\"Les enseignants suppl\u00e9ants rejettent la nouvelle formule de contrats propos\u00e9e par le minist\u00e8re de l\u2019Education\" \/>\n<link rel=\"canonical\" href=\"https:\/\/www.webdo.tn\/fr\/actualite\/national\/les-enseignants-suppleants-refusent-de-signer-les-nouveaux-contrats\/210476\/\" \/>\n<meta property=\"og:locale\" content=\"fr_FR\" \/>\n<meta property=\"og:type\" content=\"article\" \/>\n<meta property=\"og:title\" content=\"Les enseignants suppl\u00e9ants refusent de signer les nouveaux contrats\" \/>\n<meta property=\"og:description\" content=\"Les enseignants suppl\u00e9ants rejettent la nouvelle formule de contrats propos\u00e9e par le minist\u00e8re de l\u2019Education\" \/>\n<meta property=\"og:url\" content=\"https:\/\/www.webdo.tn\/fr\/actualite\/national\/les-enseignants-suppleants-refusent-de-signer-les-nouveaux-contrats\/210476\/\" \/>\n<meta property=\"og:site_name\" content=\"webdo\" \/>\n<meta property=\"article:publisher\" content=\"https:\/\/www.facebook.com\/webdotn\" \/>\n<meta property=\"article:published_time\" content=\"2023-11-30T12:31:00+00:00\" \/>\n<meta property=\"article:modified_time\" content=\"2025-05-20T21:55:12+00:00\" \/>\n<meta property=\"og:image\" content=\"https:\/\/www.webdo.tn\/fr\/wp-content\/uploads\/2023\/11\/13542777fc3f23f549f7edc35fa0be61.jpg\" \/>\n\t<meta property=\"og:image:width\" content=\"750\" \/>\n\t<meta property=\"og:image:height\" content=\"400\" \/>\n\t<meta property=\"og:image:type\" content=\"image\/jpeg\" \/>\n<meta name=\"author\" content=\"MC\" \/>\n<meta name=\"twitter:card\" content=\"summary_large_image\" \/>\n<meta name=\"twitter:creator\" content=\"@webdo_tn\" \/>\n<meta name=\"twitter:site\" content=\"@webdo_tn\" \/>\n<meta name=\"twitter:label1\" content=\"\u00c9crit par\" \/>\n\t<meta name=\"twitter:data1\" content=\"MC\" \/>\n\t<meta name=\"twitter:label2\" content=\"Dur\u00e9e de lecture estim\u00e9e\" \/>\n\t<meta name=\"twitter:data2\" content=\"1 minute\" \/>\n<script type=\"application\/ld+json\" class=\"yoast-schema-graph\">{\"@context\":\"https:\\\/\\\/schema.org\",\"@graph\":[{\"@type\":\"NewsArticle\",\"@id\":\"https:\\\/\\\/www.webdo.tn\\\/fr\\\/actualite\\\/national\\\/les-enseignants-suppleants-refusent-de-signer-les-nouveaux-contrats\\\/210476\\\/#article\",\"isPartOf\":{\"@id\":\"https:\\\/\\\/www.webdo.tn\\\/fr\\\/actualite\\\/national\\\/les-enseignants-suppleants-refusent-de-signer-les-nouveaux-contrats\\\/210476\\\/\"},\"author\":{\"name\":\"MC\",\"@id\":\"https:\\\/\\\/www.webdo.tn\\\/fr\\\/#\\\/schema\\\/person\\\/2c4929cbf5a809e3bd38617c6ce150f6\"},\"headline\":\"Les enseignants suppl\u00e9ants refusent de signer les nouveaux contrats\",\"datePublished\":\"2023-11-30T12:31:00+00:00\",\"dateModified\":\"2025-05-20T21:55:12+00:00\",\"mainEntityOfPage\":{\"@id\":\"https:\\\/\\\/www.webdo.tn\\\/fr\\\/actualite\\\/national\\\/les-enseignants-suppleants-refusent-de-signer-les-nouveaux-contrats\\\/210476\\\/\"},\"wordCount\":244,\"commentCount\":0,\"publisher\":{\"@id\":\"https:\\\/\\\/www.webdo.tn\\\/fr\\\/#organization\"},\"image\":{\"@id\":\"https:\\\/\\\/www.webdo.tn\\\/fr\\\/actualite\\\/national\\\/les-enseignants-suppleants-refusent-de-signer-les-nouveaux-contrats\\\/210476\\\/#primaryimage\"},\"thumbnailUrl\":\"https:\\\/\\\/www.webdo.tn\\\/fr\\\/wp-content\\\/uploads\\\/2023\\\/11\\\/13542777fc3f23f549f7edc35fa0be61.jpg\",\"keywords\":[\"\u00e9ducation\",\"enseignants\",\"suppl\u00e9ants\"],\"articleSection\":[\"National\"],\"inLanguage\":\"fr-FR\"},{\"@type\":\"WebPage\",\"@id\":\"https:\\\/\\\/www.webdo.tn\\\/fr\\\/actualite\\\/national\\\/les-enseignants-suppleants-refusent-de-signer-les-nouveaux-contrats\\\/210476\\\/\",\"url\":\"https:\\\/\\\/www.webdo.tn\\\/fr\\\/actualite\\\/national\\\/les-enseignants-suppleants-refusent-de-signer-les-nouveaux-contrats\\\/210476\\\/\",\"name\":\"Les enseignants suppl\u00e9ants refusent de signer les nouveaux contrats\",\"isPartOf\":{\"@id\":\"https:\\\/\\\/www.webdo.tn\\\/fr\\\/#website\"},\"primaryImageOfPage\":{\"@id\":\"https:\\\/\\\/www.webdo.tn\\\/fr\\\/actualite\\\/national\\\/les-enseignants-suppleants-refusent-de-signer-les-nouveaux-contrats\\\/210476\\\/#primaryimage\"},\"image\":{\"@id\":\"https:\\\/\\\/www.webdo.tn\\\/fr\\\/actualite\\\/national\\\/les-enseignants-suppleants-refusent-de-signer-les-nouveaux-contrats\\\/210476\\\/#primaryimage\"},\"thumbnailUrl\":\"https:\\\/\\\/www.webdo.tn\\\/fr\\\/wp-content\\\/uploads\\\/2023\\\/11\\\/13542777fc3f23f549f7edc35fa0be61.jpg\",\"datePublished\":\"2023-11-30T12:31:00+00:00\",\"dateModified\":\"2025-05-20T21:55:12+00:00\",\"description\":\"Les enseignants suppl\u00e9ants rejettent la nouvelle formule de contrats propos\u00e9e par le minist\u00e8re de l\u2019Education\",\"breadcrumb\":{\"@id\":\"https:\\\/\\\/www.webdo.tn\\\/fr\\\/actualite\\\/national\\\/les-enseignants-suppleants-refusent-de-signer-les-nouveaux-contrats\\\/210476\\\/#breadcrumb\"},\"inLanguage\":\"fr-FR\",\"potentialAction\":[{\"@type\":\"ReadAction\",\"target\":[\"https:\\\/\\\/www.webdo.tn\\\/fr\\\/actualite\\\/national\\\/les-enseignants-suppleants-refusent-de-signer-les-nouveaux-contrats\\\/210476\\\/\"]}]},{\"@type\":\"ImageObject\",\"inLanguage\":\"fr-FR\",\"@id\":\"https:\\\/\\\/www.webdo.tn\\\/fr\\\/actualite\\\/national\\\/les-enseignants-suppleants-refusent-de-signer-les-nouveaux-contrats\\\/210476\\\/#primaryimage\",\"url\":\"https:\\\/\\\/www.webdo.tn\\\/fr\\\/wp-content\\\/uploads\\\/2023\\\/11\\\/13542777fc3f23f549f7edc35fa0be61.jpg\",\"contentUrl\":\"https:\\\/\\\/www.webdo.tn\\\/fr\\\/wp-content\\\/uploads\\\/2023\\\/11\\\/13542777fc3f23f549f7edc35fa0be61.jpg\",\"width\":750,\"height\":400,\"caption\":\"Les enseignants suppl\u00e9ants refusent de signer les nouveaux contrats\"},{\"@type\":\"BreadcrumbList\",\"@id\":\"https:\\\/\\\/www.webdo.tn\\\/fr\\\/actualite\\\/national\\\/les-enseignants-suppleants-refusent-de-signer-les-nouveaux-contrats\\\/210476\\\/#breadcrumb\",\"itemListElement\":[{\"@type\":\"ListItem\",\"position\":1,\"name\":\"Accueil\",\"item\":\"https:\\\/\\\/www.webdo.tn\\\/fr\\\/\"},{\"@type\":\"ListItem\",\"position\":2,\"name\":\"Les enseignants suppl\u00e9ants refusent de signer les nouveaux contrats\"}]},{\"@type\":\"WebSite\",\"@id\":\"https:\\\/\\\/www.webdo.tn\\\/fr\\\/#website\",\"url\":\"https:\\\/\\\/www.webdo.tn\\\/fr\\\/\",\"name\":\"webdo\",\"description\":\"Tunisie - News en Tunisie et \u00e0 l&#039;international sur Webdo.tn\",\"publisher\":{\"@id\":\"https:\\\/\\\/www.webdo.tn\\\/fr\\\/#organization\"},\"potentialAction\":[{\"@type\":\"SearchAction\",\"target\":{\"@type\":\"EntryPoint\",\"urlTemplate\":\"https:\\\/\\\/www.webdo.tn\\\/fr\\\/?s={search_term_string}\"},\"query-input\":{\"@type\":\"PropertyValueSpecification\",\"valueRequired\":true,\"valueName\":\"search_term_string\"}}],\"inLanguage\":\"fr-FR\"},{\"@type\":\"Organization\",\"@id\":\"https:\\\/\\\/www.webdo.tn\\\/fr\\\/#organization\",\"name\":\"Webdo\",\"alternateName\":\"Webdo.tn\",\"url\":\"https:\\\/\\\/www.webdo.tn\\\/fr\\\/\",\"logo\":{\"@type\":\"ImageObject\",\"inLanguage\":\"fr-FR\",\"@id\":\"https:\\\/\\\/www.webdo.tn\\\/fr\\\/#\\\/schema\\\/logo\\\/image\\\/\",\"url\":\"https:\\\/\\\/www.webdo.tn\\\/fr\\\/wp-content\\\/uploads\\\/2025\\\/06\\\/Webdo-Tunisie_168377.jpg\",\"contentUrl\":\"https:\\\/\\\/www.webdo.tn\\\/fr\\\/wp-content\\\/uploads\\\/2025\\\/06\\\/Webdo-Tunisie_168377.jpg\",\"width\":301,\"height\":301,\"caption\":\"Webdo\"},\"image\":{\"@id\":\"https:\\\/\\\/www.webdo.tn\\\/fr\\\/#\\\/schema\\\/logo\\\/image\\\/\"},\"sameAs\":[\"https:\\\/\\\/www.facebook.com\\\/webdotn\",\"https:\\\/\\\/x.com\\\/webdo_tn\"],\"description\":\"Webdo est un m\u00e9dia num\u00e9rique tunisien fond\u00e9 en 2010, sp\u00e9cialis\u00e9 dans l\u2019actualit\u00e9 nationale et internationale, l\u2019\u00e9conomie, la soci\u00e9t\u00e9 et les analyses politiques. Le site s\u2019adresse \u00e0 un large public francophone et couvre l\u2019information tunisienne en temps r\u00e9el.\",\"email\":\"redac@webdo.tn\",\"legalName\":\"YNJ SARL\",\"foundingDate\":\"2010-09-06\",\"numberOfEmployees\":{\"@type\":\"QuantitativeValue\",\"minValue\":\"11\",\"maxValue\":\"50\"}},{\"@type\":\"Person\",\"@id\":\"https:\\\/\\\/www.webdo.tn\\\/fr\\\/#\\\/schema\\\/person\\\/2c4929cbf5a809e3bd38617c6ce150f6\",\"name\":\"MC\",\"image\":{\"@type\":\"ImageObject\",\"inLanguage\":\"fr-FR\",\"@id\":\"https:\\\/\\\/secure.gravatar.com\\\/avatar\\\/a545bbb6f84efdd5553dbbc2895e3ca8f1d12c5215e00a041c9670b54aa9b18a?s=96&d=mm&r=g\",\"url\":\"https:\\\/\\\/secure.gravatar.com\\\/avatar\\\/a545bbb6f84efdd5553dbbc2895e3ca8f1d12c5215e00a041c9670b54aa9b18a?s=96&d=mm&r=g\",\"contentUrl\":\"https:\\\/\\\/secure.gravatar.com\\\/avatar\\\/a545bbb6f84efdd5553dbbc2895e3ca8f1d12c5215e00a041c9670b54aa9b18a?s=96&d=mm&r=g\",\"caption\":\"MC\"},\"url\":\"https:\\\/\\\/www.webdo.tn\\\/fr\\\/actualite\\\/author\\\/mc\\\/\"}]}<\/script>\n<!-- \/ Yoast SEO Premium plugin. -->","yoast_head_json":{"title":"Les enseignants suppl\u00e9ants refusent de signer les nouveaux contrats","description":"Les enseignants suppl\u00e9ants rejettent la nouvelle formule de contrats propos\u00e9e par le minist\u00e8re de l\u2019Education","canonical":"https:\/\/www.webdo.tn\/fr\/actualite\/national\/les-enseignants-suppleants-refusent-de-signer-les-nouveaux-contrats\/210476\/","og_locale":"fr_FR","og_type":"article","og_title":"Les enseignants suppl\u00e9ants refusent de signer les nouveaux contrats","og_description":"Les enseignants suppl\u00e9ants rejettent la nouvelle formule de contrats propos\u00e9e par le minist\u00e8re de l\u2019Education","og_url":"https:\/\/www.webdo.tn\/fr\/actualite\/national\/les-enseignants-suppleants-refusent-de-signer-les-nouveaux-contrats\/210476\/","og_site_name":"webdo","article_publisher":"https:\/\/www.facebook.com\/webdotn","article_published_time":"2023-11-30T12:31:00+00:00","article_modified_time":"2025-05-20T21:55:12+00:00","og_image":[{"width":750,"height":400,"url":"https:\/\/www.webdo.tn\/fr\/wp-content\/uploads\/2023\/11\/13542777fc3f23f549f7edc35fa0be61.jpg","type":"image\/jpeg"}],"author":"MC","twitter_card":"summary_large_image","twitter_creator":"@webdo_tn","twitter_site":"@webdo_tn","twitter_misc":{"\u00c9crit par":"MC","Dur\u00e9e de lecture estim\u00e9e":"1 minute"},"schema":{"@context":"https:\/\/schema.org","@graph":[{"@type":"NewsArticle","@id":"https:\/\/www.webdo.tn\/fr\/actualite\/national\/les-enseignants-suppleants-refusent-de-signer-les-nouveaux-contrats\/210476\/#article","isPartOf":{"@id":"https:\/\/www.webdo.tn\/fr\/actualite\/national\/les-enseignants-suppleants-refusent-de-signer-les-nouveaux-contrats\/210476\/"},"author":{"name":"MC","@id":"https:\/\/www.webdo.tn\/fr\/#\/schema\/person\/2c4929cbf5a809e3bd38617c6ce150f6"},"headline":"Les enseignants suppl\u00e9ants refusent de signer les nouveaux contrats","datePublished":"2023-11-30T12:31:00+00:00","dateModified":"2025-05-20T21:55:12+00:00","mainEntityOfPage":{"@id":"https:\/\/www.webdo.tn\/fr\/actualite\/national\/les-enseignants-suppleants-refusent-de-signer-les-nouveaux-contrats\/210476\/"},"wordCount":244,"commentCount":0,"publisher":{"@id":"https:\/\/www.webdo.tn\/fr\/#organization"},"image":{"@id":"https:\/\/www.webdo.tn\/fr\/actualite\/national\/les-enseignants-suppleants-refusent-de-signer-les-nouveaux-contrats\/210476\/#primaryimage"},"thumbnailUrl":"https:\/\/www.webdo.tn\/fr\/wp-content\/uploads\/2023\/11\/13542777fc3f23f549f7edc35fa0be61.jpg","keywords":["\u00e9ducation","enseignants","suppl\u00e9ants"],"articleSection":["National"],"inLanguage":"fr-FR"},{"@type":"WebPage","@id":"https:\/\/www.webdo.tn\/fr\/actualite\/national\/les-enseignants-suppleants-refusent-de-signer-les-nouveaux-contrats\/210476\/","url":"https:\/\/www.webdo.tn\/fr\/actualite\/national\/les-enseignants-suppleants-refusent-de-signer-les-nouveaux-contrats\/210476\/","name":"Les enseignants suppl\u00e9ants refusent de signer les nouveaux contrats","isPartOf":{"@id":"https:\/\/www.webdo.tn\/fr\/#website"},"primaryImageOfPage":{"@id":"https:\/\/www.webdo.tn\/fr\/actualite\/national\/les-enseignants-suppleants-refusent-de-signer-les-nouveaux-contrats\/210476\/#primaryimage"},"image":{"@id":"https:\/\/www.webdo.tn\/fr\/actualite\/national\/les-enseignants-suppleants-refusent-de-signer-les-nouveaux-contrats\/210476\/#primaryimage"},"thumbnailUrl":"https:\/\/www.webdo.tn\/fr\/wp-content\/uploads\/2023\/11\/13542777fc3f23f549f7edc35fa0be61.jpg","datePublished":"2023-11-30T12:31:00+00:00","dateModified":"2025-05-20T21:55:12+00:00","description":"Les enseignants suppl\u00e9ants rejettent la nouvelle formule de contrats propos\u00e9e par le minist\u00e8re de l\u2019Education","breadcrumb":{"@id":"https:\/\/www.webdo.tn\/fr\/actualite\/national\/les-enseignants-suppleants-refusent-de-signer-les-nouveaux-contrats\/210476\/#breadcrumb"},"inLanguage":"fr-FR","potentialAction":[{"@type":"ReadAction","target":["https:\/\/www.webdo.tn\/fr\/actualite\/national\/les-enseignants-suppleants-refusent-de-signer-les-nouveaux-contrats\/210476\/"]}]},{"@type":"ImageObject","inLanguage":"fr-FR","@id":"https:\/\/www.webdo.tn\/fr\/actualite\/national\/les-enseignants-suppleants-refusent-de-signer-les-nouveaux-contrats\/210476\/#primaryimage","url":"https:\/\/www.webdo.tn\/fr\/wp-content\/uploads\/2023\/11\/13542777fc3f23f549f7edc35fa0be61.jpg","contentUrl":"https:\/\/www.webdo.tn\/fr\/wp-content\/uploads\/2023\/11\/13542777fc3f23f549f7edc35fa0be61.jpg","width":750,"height":400,"caption":"Les enseignants suppl\u00e9ants refusent de signer les nouveaux contrats"},{"@type":"BreadcrumbList","@id":"https:\/\/www.webdo.tn\/fr\/actualite\/national\/les-enseignants-suppleants-refusent-de-signer-les-nouveaux-contrats\/210476\/#breadcrumb","itemListElement":[{"@type":"ListItem","position":1,"name":"Accueil","item":"https:\/\/www.webdo.tn\/fr\/"},{"@type":"ListItem","position":2,"name":"Les enseignants suppl\u00e9ants refusent de signer les nouveaux contrats"}]},{"@type":"WebSite","@id":"https:\/\/www.webdo.tn\/fr\/#website","url":"https:\/\/www.webdo.tn\/fr\/","name":"webdo","description":"Tunisie - News en Tunisie et \u00e0 l&#039;international sur Webdo.tn","publisher":{"@id":"https:\/\/www.webdo.tn\/fr\/#organization"},"potentialAction":[{"@type":"SearchAction","target":{"@type":"EntryPoint","urlTemplate":"https:\/\/www.webdo.tn\/fr\/?s={search_term_string}"},"query-input":{"@type":"PropertyValueSpecification","valueRequired":true,"valueName":"search_term_string"}}],"inLanguage":"fr-FR"},{"@type":"Organization","@id":"https:\/\/www.webdo.tn\/fr\/#organization","name":"Webdo","alternateName":"Webdo.tn","url":"https:\/\/www.webdo.tn\/fr\/","logo":{"@type":"ImageObject","inLanguage":"fr-FR","@id":"https:\/\/www.webdo.tn\/fr\/#\/schema\/logo\/image\/","url":"https:\/\/www.webdo.tn\/fr\/wp-content\/uploads\/2025\/06\/Webdo-Tunisie_168377.jpg","contentUrl":"https:\/\/www.webdo.tn\/fr\/wp-content\/uploads\/2025\/06\/Webdo-Tunisie_168377.jpg","width":301,"height":301,"caption":"Webdo"},"image":{"@id":"https:\/\/www.webdo.tn\/fr\/#\/schema\/logo\/image\/"},"sameAs":["https:\/\/www.facebook.com\/webdotn","https:\/\/x.com\/webdo_tn"],"description":"Webdo est un m\u00e9dia num\u00e9rique tunisien fond\u00e9 en 2010, sp\u00e9cialis\u00e9 dans l\u2019actualit\u00e9 nationale et internationale, l\u2019\u00e9conomie, la soci\u00e9t\u00e9 et les analyses politiques. Le site s\u2019adresse \u00e0 un large public francophone et couvre l\u2019information tunisienne en temps r\u00e9el.","email":"redac@webdo.tn","legalName":"YNJ SARL","foundingDate":"2010-09-06","numberOfEmployees":{"@type":"QuantitativeValue","minValue":"11","maxValue":"50"}},{"@type":"Person","@id":"https:\/\/www.webdo.tn\/fr\/#\/schema\/person\/2c4929cbf5a809e3bd38617c6ce150f6","name":"MC","image":{"@type":"ImageObject","inLanguage":"fr-FR","@id":"https:\/\/secure.gravatar.com\/avatar\/a545bbb6f84efdd5553dbbc2895e3ca8f1d12c5215e00a041c9670b54aa9b18a?s=96&d=mm&r=g","url":"https:\/\/secure.gravatar.com\/avatar\/a545bbb6f84efdd5553dbbc2895e3ca8f1d12c5215e00a041c9670b54aa9b18a?s=96&d=mm&r=g","contentUrl":"https:\/\/secure.gravatar.com\/avatar\/a545bbb6f84efdd5553dbbc2895e3ca8f1d12c5215e00a041c9670b54aa9b18a?s=96&d=mm&r=g","caption":"MC"},"url":"https:\/\/www.webdo.tn\/fr\/actualite\/author\/mc\/"}]}},"_links":{"self":[{"href":"https:\/\/www.webdo.tn\/fr\/wp-json\/wp\/v2\/posts\/210476","targetHints":{"allow":["GET"]}}],"collection":[{"href":"https:\/\/www.webdo.tn\/fr\/wp-json\/wp\/v2\/posts"}],"about":[{"href":"https:\/\/www.webdo.tn\/fr\/wp-json\/wp\/v2\/types\/post"}],"author":[{"embeddable":true,"href":"https:\/\/www.webdo.tn\/fr\/wp-json\/wp\/v2\/users\/3162"}],"replies":[{"embeddable":true,"href":"https:\/\/www.webdo.tn\/fr\/wp-json\/wp\/v2\/comments?post=210476"}],"version-history":[{"count":0,"href":"https:\/\/www.webdo.tn\/fr\/wp-json\/wp\/v2\/posts\/210476\/revisions"}],"wp:featuredmedia":[{"embeddable":true,"href":"https:\/\/www.webdo.tn\/fr\/wp-json\/wp\/v2\/media\/248650"}],"wp:attachment":[{"href":"https:\/\/www.webdo.tn\/fr\/wp-json\/wp\/v2\/media?parent=210476"}],"wp:term":[{"taxonomy":"category","embeddable":true,"href":"https:\/\/www.webdo.tn\/fr\/wp-json\/wp\/v2\/categories?post=210476"},{"taxonomy":"post_tag","embeddable":true,"href":"https:\/\/www.webdo.tn\/fr\/wp-json\/wp\/v2\/tags?post=210476"}],"curies":[{"name":"wp","href":"https:\/\/api.w.org\/{rel}","templated":true}]}}