{"id":210464,"date":"2023-11-30T09:46:00","date_gmt":"2023-11-30T09:46:00","guid":{"rendered":"https:\/\/www.webdo.tn\/fr\/blog\/les-ukrainiens-de-beni-mtir-au-nord-ouest-de-la-tunisie\/210464\/"},"modified":"2023-11-30T09:46:00","modified_gmt":"2023-11-30T09:46:00","slug":"les-ukrainiens-de-beni-mtir-au-nord-ouest-de-la-tunisie","status":"publish","type":"post","link":"https:\/\/www.webdo.tn\/fr\/actualite\/chroniques\/les-ukrainiens-de-beni-mtir-au-nord-ouest-de-la-tunisie\/210464\/","title":{"rendered":"Les Ukrainiens de Beni Mtir, au nord-ouest de la Tunisie"},"content":{"rendered":"<p>Trois groupes successifs d&rsquo;Ukrainiens se sont install\u00e9s \u00e0 Beni Mtir \u00e0 partir de septembre 1947. Ils y resteront jusqu&rsquo;au milieu des ann\u00e9es cinquante. Regards sur une communaut\u00e9 peu connue et une page d&rsquo;histoire de la Tunisie.<\/p>\n<p>\t\t\t\t\t\t\t\t\tParfois, les choses vous \u00e9chappent et certaines traces, minuscules, parfois imperceptibles, semblent vous fuir, devenir insaisissables.<\/p>\n<p>C&rsquo;est le cas de cette myst\u00e9rieuse colonie ukrainienne qui v\u00e9cut dans les ann\u00e9es cinquante dans la r\u00e9gion de Ain Draham, pr\u00e9cis\u00e9ment \u00e0 Beni Mtir.<\/p>\n<p>Il existe ainsi de rares mentions de ces Ukrainiens. Ils sont venus travailler sur le barrage de Beni Mtir, construit avec des fonds du Plan Marshall. Ils \u00e9taient dans l&rsquo;attente d&rsquo;un visa pour le Canada puis quitteront la Tunisie pour ce pays et aussi pour la France.<\/p>\n<p>Le 3 septembre 1947, une centaine d&rsquo;Ukrainiens sont arriv\u00e9s \u00e0 Beni Mtir en provenance d&rsquo;Autriche et d&rsquo;Allemagne o\u00f9 ils r\u00e9sidaient en exil. Ils seront suivis par deux autres groupes dont le\u00a0 dernier arrivera le 1et ao\u00fbt 1948. On comptera ainsi jusqu&rsquo;\u00e0 281 personnes d&rsquo;origine ukrainienne \u00e0 Beni Mtir.<\/p>\n<p>Tr\u00e8s soud\u00e9, le groupe s&rsquo;organisera en communaut\u00e9 avec un gouverneur, un pr\u00eatre, un m\u00e9decin, une \u00e9cole, un jardin d&rsquo;enfants et plusieurs organismes.<\/p>\n<p>Beni Mtir avait alors pris l&rsquo;allure d&rsquo;un village ukrainien avec son \u00e9glise et ses nombreux patronages. La vie culturelle \u00e9tait \u00e9galement organis\u00e9e autour d&rsquo;un ballet, d&rsquo;une troupe th\u00e9\u00e2trale et d&rsquo;un ch\u0153ur. Des concerts et des expositions d&rsquo;art avaient r\u00e9guli\u00e8rement lieu alors que la communaut\u00e9 se retrouvait unie \u00e0 chaque f\u00eate nationale ukrainienne.<\/p>\n<p>Puis vint le temps du d\u00e9part. En juin 1953, ils n&rsquo;\u00e9taient plus que 85 personnes qui peu \u00e0 peu quitteront la Tunisie ou se dilueront dans le pays d&rsquo;accueil.<\/p>\n<p>De nos jours, il reste de cette communaut\u00e9 ukrainienne de Beni Mtir, une trace vivace qui prend la forme d&rsquo;une reconnaissance grav\u00e9e sur le marbre et appos\u00e9e aux murs de l&rsquo;\u00e9glise Saint Volodymir \u00e0 Paris.<\/p>\n<p>On peut y lire : \u00ab\u00a0Nous remercions notre Cr\u00e9ateur pour sa gentillesse et sa protection pendant notre s\u00e9jour \u00e0 Beni Mtir de 1947 \u00e0 1954\u00a0\u00bb.<\/p>\n<p>Ils \u00e9taient encore vingt-cinq familles ukrainiennes \u00e0 vivre \u00e0 Beni Mtir en 1956 et priaient dans une chapelle qui avait \u00e9t\u00e9 am\u00e9nag\u00e9e dans ce village en 1952 puis d\u00e9saffect\u00e9e cette m\u00eame ann\u00e9e. Elle accueille aujourd&rsquo;hui, une \u00e9cole. On voit \u00e9galement dans la r\u00e9gion, des volets repeints en rouge et noir, \u00e0 la mode ukrainienne.<\/p>\n<p>C&rsquo;est \u00e0 peu pr\u00e8s tout ce que je sais de cette myst\u00e9rieuse colonie. Dans quel cadre sont-ils venus ? Quel rapport avec la fin de la Deuxi\u00e8me guerre mondiale ? Certains sont-ils rest\u00e9s pour se fondre dans la population ou se d\u00e9placer vers les villes ?<\/p>\n<p>Peu de r\u00e9ponses \u00e0 toutes ces questions ! Ce qui me fait dire que, parfois, le chroniqueur doit se pr\u00e9senter face \u00e0 ses lecteurs avec des interrogations en suspens et le projet de lever le voile sur ce myst\u00e8re de la diversit\u00e9 tunisienne.<\/p>\n<p>Ce n&rsquo;est donc que partie remise et, peut-\u00eatre qu&rsquo;avec la complicit\u00e9 de nos lecteurs, certaines pistes seront-elles d\u00e9frich\u00e9es \u00e0 propos de cet \u00e9pisode peu connu de notre histoire contemporaine.<\/p>\n<p>&#8212;&#8212;&#8212;&#8212;&#8212;&#8212;&#8212;&#8212;&#8212;&#8212;&#8212;&#8212;&#8212;&#8212;&#8212;&#8212;&#8212;&#8212;&#8212;&#8212;&#8211;<\/p>\n<p>Nota Bene : Cette chronique reprend et compl\u00e8te un billet ant\u00e9rieur, paru dans webdo.tn le 28 septembre 2016.<\/p>\n","protected":false},"excerpt":{"rendered":"<p>Le 3 septembre 1947, une centaine d&rsquo;Ukrainiens sont arriv\u00e9s \u00e0 Beni Mtir en provenance d&rsquo;Autriche et d&rsquo;Allemagne o\u00f9 ils r\u00e9sidaient en exil. Ils seront suivis par&#8230;<\/p>\n","protected":false},"author":3229,"featured_media":248680,"comment_status":"open","ping_status":"closed","sticky":false,"template":"","format":"standard","meta":{"footnotes":""},"categories":[2596],"tags":[7483,7484,7485],"class_list":["post-210464","post","type-post","status-publish","format-standard","has-post-thumbnail","hentry","category-chroniques","tag-ain-draham","tag-beni-mtir","tag-ukrainiens"],"yoast_head":"<!-- This site is optimized with the Yoast SEO Premium plugin v27.5 (Yoast SEO v27.5) - https:\/\/yoast.com\/product\/yoast-seo-premium-wordpress\/ -->\n<title>Les Ukrainiens de Beni Mtir, au nord-ouest de la Tunisie<\/title>\n<meta name=\"description\" content=\"Le 3 septembre 1947, une centaine d&#039;Ukrainiens sont arriv\u00e9s \u00e0 Beni Mtir en provenance d&#039;Autriche et d&#039;Allemagne o\u00f9 ils r\u00e9sidaient en exil. Ils seront suivis par...\" \/>\n<link rel=\"canonical\" href=\"https:\/\/www.webdo.tn\/fr\/actualite\/chroniques\/les-ukrainiens-de-beni-mtir-au-nord-ouest-de-la-tunisie\/210464\/\" \/>\n<meta property=\"og:locale\" content=\"fr_FR\" \/>\n<meta property=\"og:type\" content=\"article\" \/>\n<meta property=\"og:title\" content=\"Les Ukrainiens de Beni Mtir, au nord-ouest de la Tunisie\" \/>\n<meta property=\"og:description\" content=\"Le 3 septembre 1947, une centaine d&#039;Ukrainiens sont arriv\u00e9s \u00e0 Beni Mtir en provenance d&#039;Autriche et d&#039;Allemagne o\u00f9 ils r\u00e9sidaient en exil. Ils seront suivis par...\" \/>\n<meta property=\"og:url\" content=\"https:\/\/www.webdo.tn\/fr\/actualite\/chroniques\/les-ukrainiens-de-beni-mtir-au-nord-ouest-de-la-tunisie\/210464\/\" \/>\n<meta property=\"og:site_name\" content=\"webdo\" \/>\n<meta property=\"article:publisher\" content=\"https:\/\/www.facebook.com\/webdotn\" \/>\n<meta property=\"article:author\" content=\"https:\/\/www.facebook.com\/hatem.bourial.2025\" \/>\n<meta property=\"article:published_time\" content=\"2023-11-30T09:46:00+00:00\" \/>\n<meta property=\"og:image\" content=\"https:\/\/www.webdo.tn\/fr\/wp-content\/uploads\/2023\/11\/28004d955e44f4dcdaa4cff816c00b9b.png\" \/>\n\t<meta property=\"og:image:width\" content=\"750\" \/>\n\t<meta property=\"og:image:height\" content=\"400\" \/>\n\t<meta property=\"og:image:type\" content=\"image\/png\" \/>\n<meta name=\"author\" content=\"Hatem Bourial\" \/>\n<meta name=\"twitter:card\" content=\"summary_large_image\" \/>\n<meta name=\"twitter:creator\" content=\"@webdo_tn\" \/>\n<meta name=\"twitter:site\" content=\"@webdo_tn\" \/>\n<meta name=\"twitter:label1\" content=\"\u00c9crit par\" \/>\n\t<meta name=\"twitter:data1\" content=\"Hatem Bourial\" \/>\n\t<meta name=\"twitter:label2\" content=\"Dur\u00e9e de lecture estim\u00e9e\" \/>\n\t<meta name=\"twitter:data2\" content=\"3 minutes\" \/>\n<script type=\"application\/ld+json\" class=\"yoast-schema-graph\">{\"@context\":\"https:\\\/\\\/schema.org\",\"@graph\":[{\"@type\":\"NewsArticle\",\"@id\":\"https:\\\/\\\/www.webdo.tn\\\/fr\\\/actualite\\\/chroniques\\\/les-ukrainiens-de-beni-mtir-au-nord-ouest-de-la-tunisie\\\/210464\\\/#article\",\"isPartOf\":{\"@id\":\"https:\\\/\\\/www.webdo.tn\\\/fr\\\/actualite\\\/chroniques\\\/les-ukrainiens-de-beni-mtir-au-nord-ouest-de-la-tunisie\\\/210464\\\/\"},\"author\":{\"name\":\"Hatem Bourial\",\"@id\":\"https:\\\/\\\/www.webdo.tn\\\/fr\\\/#\\\/schema\\\/person\\\/6bc0beba2cd23aec27cb5df85ca2554f\"},\"headline\":\"Les Ukrainiens de Beni Mtir, au nord-ouest de la Tunisie\",\"datePublished\":\"2023-11-30T09:46:00+00:00\",\"mainEntityOfPage\":{\"@id\":\"https:\\\/\\\/www.webdo.tn\\\/fr\\\/actualite\\\/chroniques\\\/les-ukrainiens-de-beni-mtir-au-nord-ouest-de-la-tunisie\\\/210464\\\/\"},\"wordCount\":571,\"commentCount\":0,\"publisher\":{\"@id\":\"https:\\\/\\\/www.webdo.tn\\\/fr\\\/#organization\"},\"image\":{\"@id\":\"https:\\\/\\\/www.webdo.tn\\\/fr\\\/actualite\\\/chroniques\\\/les-ukrainiens-de-beni-mtir-au-nord-ouest-de-la-tunisie\\\/210464\\\/#primaryimage\"},\"thumbnailUrl\":\"https:\\\/\\\/www.webdo.tn\\\/fr\\\/wp-content\\\/uploads\\\/2023\\\/11\\\/28004d955e44f4dcdaa4cff816c00b9b.png\",\"keywords\":[\"ain draham\",\"beni mtir\",\"ukrainiens\"],\"articleSection\":[\"Chroniques\"],\"inLanguage\":\"fr-FR\"},{\"@type\":\"WebPage\",\"@id\":\"https:\\\/\\\/www.webdo.tn\\\/fr\\\/actualite\\\/chroniques\\\/les-ukrainiens-de-beni-mtir-au-nord-ouest-de-la-tunisie\\\/210464\\\/\",\"url\":\"https:\\\/\\\/www.webdo.tn\\\/fr\\\/actualite\\\/chroniques\\\/les-ukrainiens-de-beni-mtir-au-nord-ouest-de-la-tunisie\\\/210464\\\/\",\"name\":\"Les Ukrainiens de Beni Mtir, au nord-ouest de la Tunisie\",\"isPartOf\":{\"@id\":\"https:\\\/\\\/www.webdo.tn\\\/fr\\\/#website\"},\"primaryImageOfPage\":{\"@id\":\"https:\\\/\\\/www.webdo.tn\\\/fr\\\/actualite\\\/chroniques\\\/les-ukrainiens-de-beni-mtir-au-nord-ouest-de-la-tunisie\\\/210464\\\/#primaryimage\"},\"image\":{\"@id\":\"https:\\\/\\\/www.webdo.tn\\\/fr\\\/actualite\\\/chroniques\\\/les-ukrainiens-de-beni-mtir-au-nord-ouest-de-la-tunisie\\\/210464\\\/#primaryimage\"},\"thumbnailUrl\":\"https:\\\/\\\/www.webdo.tn\\\/fr\\\/wp-content\\\/uploads\\\/2023\\\/11\\\/28004d955e44f4dcdaa4cff816c00b9b.png\",\"datePublished\":\"2023-11-30T09:46:00+00:00\",\"description\":\"Le 3 septembre 1947, une centaine d'Ukrainiens sont arriv\u00e9s \u00e0 Beni Mtir en provenance d'Autriche et d'Allemagne o\u00f9 ils r\u00e9sidaient en exil. Ils seront suivis par...\",\"breadcrumb\":{\"@id\":\"https:\\\/\\\/www.webdo.tn\\\/fr\\\/actualite\\\/chroniques\\\/les-ukrainiens-de-beni-mtir-au-nord-ouest-de-la-tunisie\\\/210464\\\/#breadcrumb\"},\"inLanguage\":\"fr-FR\",\"potentialAction\":[{\"@type\":\"ReadAction\",\"target\":[\"https:\\\/\\\/www.webdo.tn\\\/fr\\\/actualite\\\/chroniques\\\/les-ukrainiens-de-beni-mtir-au-nord-ouest-de-la-tunisie\\\/210464\\\/\"]}]},{\"@type\":\"ImageObject\",\"inLanguage\":\"fr-FR\",\"@id\":\"https:\\\/\\\/www.webdo.tn\\\/fr\\\/actualite\\\/chroniques\\\/les-ukrainiens-de-beni-mtir-au-nord-ouest-de-la-tunisie\\\/210464\\\/#primaryimage\",\"url\":\"https:\\\/\\\/www.webdo.tn\\\/fr\\\/wp-content\\\/uploads\\\/2023\\\/11\\\/28004d955e44f4dcdaa4cff816c00b9b.png\",\"contentUrl\":\"https:\\\/\\\/www.webdo.tn\\\/fr\\\/wp-content\\\/uploads\\\/2023\\\/11\\\/28004d955e44f4dcdaa4cff816c00b9b.png\",\"width\":750,\"height\":400,\"caption\":\"Les Ukrainiens de Beni Mtir, au nord-ouest de la Tunisie\"},{\"@type\":\"BreadcrumbList\",\"@id\":\"https:\\\/\\\/www.webdo.tn\\\/fr\\\/actualite\\\/chroniques\\\/les-ukrainiens-de-beni-mtir-au-nord-ouest-de-la-tunisie\\\/210464\\\/#breadcrumb\",\"itemListElement\":[{\"@type\":\"ListItem\",\"position\":1,\"name\":\"Accueil\",\"item\":\"https:\\\/\\\/www.webdo.tn\\\/fr\\\/\"},{\"@type\":\"ListItem\",\"position\":2,\"name\":\"Les Ukrainiens de Beni Mtir, au nord-ouest de la Tunisie\"}]},{\"@type\":\"WebSite\",\"@id\":\"https:\\\/\\\/www.webdo.tn\\\/fr\\\/#website\",\"url\":\"https:\\\/\\\/www.webdo.tn\\\/fr\\\/\",\"name\":\"webdo\",\"description\":\"Tunisie - News en Tunisie et \u00e0 l&#039;international sur Webdo.tn\",\"publisher\":{\"@id\":\"https:\\\/\\\/www.webdo.tn\\\/fr\\\/#organization\"},\"potentialAction\":[{\"@type\":\"SearchAction\",\"target\":{\"@type\":\"EntryPoint\",\"urlTemplate\":\"https:\\\/\\\/www.webdo.tn\\\/fr\\\/?s={search_term_string}\"},\"query-input\":{\"@type\":\"PropertyValueSpecification\",\"valueRequired\":true,\"valueName\":\"search_term_string\"}}],\"inLanguage\":\"fr-FR\"},{\"@type\":\"Organization\",\"@id\":\"https:\\\/\\\/www.webdo.tn\\\/fr\\\/#organization\",\"name\":\"Webdo\",\"alternateName\":\"Webdo.tn\",\"url\":\"https:\\\/\\\/www.webdo.tn\\\/fr\\\/\",\"logo\":{\"@type\":\"ImageObject\",\"inLanguage\":\"fr-FR\",\"@id\":\"https:\\\/\\\/www.webdo.tn\\\/fr\\\/#\\\/schema\\\/logo\\\/image\\\/\",\"url\":\"https:\\\/\\\/www.webdo.tn\\\/fr\\\/wp-content\\\/uploads\\\/2025\\\/06\\\/Webdo-Tunisie_168377.jpg\",\"contentUrl\":\"https:\\\/\\\/www.webdo.tn\\\/fr\\\/wp-content\\\/uploads\\\/2025\\\/06\\\/Webdo-Tunisie_168377.jpg\",\"width\":301,\"height\":301,\"caption\":\"Webdo\"},\"image\":{\"@id\":\"https:\\\/\\\/www.webdo.tn\\\/fr\\\/#\\\/schema\\\/logo\\\/image\\\/\"},\"sameAs\":[\"https:\\\/\\\/www.facebook.com\\\/webdotn\",\"https:\\\/\\\/x.com\\\/webdo_tn\"],\"description\":\"Webdo est un m\u00e9dia num\u00e9rique tunisien fond\u00e9 en 2010, sp\u00e9cialis\u00e9 dans l\u2019actualit\u00e9 nationale et internationale, l\u2019\u00e9conomie, la soci\u00e9t\u00e9 et les analyses politiques. Le site s\u2019adresse \u00e0 un large public francophone et couvre l\u2019information tunisienne en temps r\u00e9el.\",\"email\":\"redac@webdo.tn\",\"legalName\":\"YNJ SARL\",\"foundingDate\":\"2010-09-06\",\"numberOfEmployees\":{\"@type\":\"QuantitativeValue\",\"minValue\":\"11\",\"maxValue\":\"50\"}},{\"@type\":\"Person\",\"@id\":\"https:\\\/\\\/www.webdo.tn\\\/fr\\\/#\\\/schema\\\/person\\\/6bc0beba2cd23aec27cb5df85ca2554f\",\"name\":\"Hatem Bourial\",\"image\":{\"@type\":\"ImageObject\",\"inLanguage\":\"fr-FR\",\"@id\":\"https:\\\/\\\/www.webdo.tn\\\/fr\\\/wp-content\\\/uploads\\\/2026\\\/04\\\/hatem-bourial_avatar-96x96.jpg\",\"url\":\"https:\\\/\\\/www.webdo.tn\\\/fr\\\/wp-content\\\/uploads\\\/2026\\\/04\\\/hatem-bourial_avatar-96x96.jpg\",\"contentUrl\":\"https:\\\/\\\/www.webdo.tn\\\/fr\\\/wp-content\\\/uploads\\\/2026\\\/04\\\/hatem-bourial_avatar-96x96.jpg\",\"caption\":\"Hatem Bourial\"},\"description\":\"Hatem Bourial est journaliste, \u00e9crivain et chroniqueur tunisien. Actif depuis plusieurs d\u00e9cennies, il s\u2019est impos\u00e9 comme un observateur attentif de la soci\u00e9t\u00e9 tunisienne, m\u00ealant dans ses \u00e9crits m\u00e9moire, culture et analyse du quotidien. Auteur de nombreux ouvrages, il d\u00e9veloppe une \u0153uvre \u00e0 la crois\u00e9e du r\u00e9cit, de la po\u00e9sie et de l\u2019observation sociologique. Parall\u00e8lement \u00e0 ses contributions dans la presse, il intervient r\u00e9guli\u00e8rement \u00e0 la radio et dans des espaces culturels, o\u00f9 il explore les enjeux li\u00e9s au patrimoine, \u00e0 l\u2019identit\u00e9 et aux transformations du monde contemporain. \u00c0 travers ses chroniques, Hatem Bourial propose une lecture sensible et approfondie de l\u2019actualit\u00e9, nourrie par une exp\u00e9rience journalistique et litt\u00e9raire reconnue. \ud83d\udd17 Facebook : https:\\\/\\\/www.facebook.com\\\/hatem.bourial.2025\",\"sameAs\":[\"https:\\\/\\\/www.facebook.com\\\/hatem.bourial.2025\",\"https:\\\/\\\/fr.wikipedia.org\\\/wiki\\\/Fichier:Hatem_Bourial.jpg\"],\"knowsAbout\":[\"Culture & patrimoine tunisien\",\"Chronique soci\u00e9tale\",\"Litt\u00e9rature & m\u00e9moire\",\"Cin\u00e9ma & critique culturelle\",\"Identit\u00e9 & mutations sociales\"],\"knowsLanguage\":[\"Arabe\",\"Fran\u00e7ais\",\"Anglais\",\"Italien\",\"Polonais\"],\"jobTitle\":\"Journaliste, \u00e9crivain et chroniqueur culturel\",\"worksFor\":\"Webdo\",\"url\":\"https:\\\/\\\/www.webdo.tn\\\/fr\\\/actualite\\\/author\\\/hatem-bourial-2\\\/\"}]}<\/script>\n<!-- \/ Yoast SEO Premium plugin. -->","yoast_head_json":{"title":"Les Ukrainiens de Beni Mtir, au nord-ouest de la Tunisie","description":"Le 3 septembre 1947, une centaine d'Ukrainiens sont arriv\u00e9s \u00e0 Beni Mtir en provenance d'Autriche et d'Allemagne o\u00f9 ils r\u00e9sidaient en exil. Ils seront suivis par...","canonical":"https:\/\/www.webdo.tn\/fr\/actualite\/chroniques\/les-ukrainiens-de-beni-mtir-au-nord-ouest-de-la-tunisie\/210464\/","og_locale":"fr_FR","og_type":"article","og_title":"Les Ukrainiens de Beni Mtir, au nord-ouest de la Tunisie","og_description":"Le 3 septembre 1947, une centaine d'Ukrainiens sont arriv\u00e9s \u00e0 Beni Mtir en provenance d'Autriche et d'Allemagne o\u00f9 ils r\u00e9sidaient en exil. Ils seront suivis par...","og_url":"https:\/\/www.webdo.tn\/fr\/actualite\/chroniques\/les-ukrainiens-de-beni-mtir-au-nord-ouest-de-la-tunisie\/210464\/","og_site_name":"webdo","article_publisher":"https:\/\/www.facebook.com\/webdotn","article_author":"https:\/\/www.facebook.com\/hatem.bourial.2025","article_published_time":"2023-11-30T09:46:00+00:00","og_image":[{"width":750,"height":400,"url":"https:\/\/www.webdo.tn\/fr\/wp-content\/uploads\/2023\/11\/28004d955e44f4dcdaa4cff816c00b9b.png","type":"image\/png"}],"author":"Hatem Bourial","twitter_card":"summary_large_image","twitter_creator":"@webdo_tn","twitter_site":"@webdo_tn","twitter_misc":{"\u00c9crit par":"Hatem Bourial","Dur\u00e9e de lecture estim\u00e9e":"3 minutes"},"schema":{"@context":"https:\/\/schema.org","@graph":[{"@type":"NewsArticle","@id":"https:\/\/www.webdo.tn\/fr\/actualite\/chroniques\/les-ukrainiens-de-beni-mtir-au-nord-ouest-de-la-tunisie\/210464\/#article","isPartOf":{"@id":"https:\/\/www.webdo.tn\/fr\/actualite\/chroniques\/les-ukrainiens-de-beni-mtir-au-nord-ouest-de-la-tunisie\/210464\/"},"author":{"name":"Hatem Bourial","@id":"https:\/\/www.webdo.tn\/fr\/#\/schema\/person\/6bc0beba2cd23aec27cb5df85ca2554f"},"headline":"Les Ukrainiens de Beni Mtir, au nord-ouest de la Tunisie","datePublished":"2023-11-30T09:46:00+00:00","mainEntityOfPage":{"@id":"https:\/\/www.webdo.tn\/fr\/actualite\/chroniques\/les-ukrainiens-de-beni-mtir-au-nord-ouest-de-la-tunisie\/210464\/"},"wordCount":571,"commentCount":0,"publisher":{"@id":"https:\/\/www.webdo.tn\/fr\/#organization"},"image":{"@id":"https:\/\/www.webdo.tn\/fr\/actualite\/chroniques\/les-ukrainiens-de-beni-mtir-au-nord-ouest-de-la-tunisie\/210464\/#primaryimage"},"thumbnailUrl":"https:\/\/www.webdo.tn\/fr\/wp-content\/uploads\/2023\/11\/28004d955e44f4dcdaa4cff816c00b9b.png","keywords":["ain draham","beni mtir","ukrainiens"],"articleSection":["Chroniques"],"inLanguage":"fr-FR"},{"@type":"WebPage","@id":"https:\/\/www.webdo.tn\/fr\/actualite\/chroniques\/les-ukrainiens-de-beni-mtir-au-nord-ouest-de-la-tunisie\/210464\/","url":"https:\/\/www.webdo.tn\/fr\/actualite\/chroniques\/les-ukrainiens-de-beni-mtir-au-nord-ouest-de-la-tunisie\/210464\/","name":"Les Ukrainiens de Beni Mtir, au nord-ouest de la Tunisie","isPartOf":{"@id":"https:\/\/www.webdo.tn\/fr\/#website"},"primaryImageOfPage":{"@id":"https:\/\/www.webdo.tn\/fr\/actualite\/chroniques\/les-ukrainiens-de-beni-mtir-au-nord-ouest-de-la-tunisie\/210464\/#primaryimage"},"image":{"@id":"https:\/\/www.webdo.tn\/fr\/actualite\/chroniques\/les-ukrainiens-de-beni-mtir-au-nord-ouest-de-la-tunisie\/210464\/#primaryimage"},"thumbnailUrl":"https:\/\/www.webdo.tn\/fr\/wp-content\/uploads\/2023\/11\/28004d955e44f4dcdaa4cff816c00b9b.png","datePublished":"2023-11-30T09:46:00+00:00","description":"Le 3 septembre 1947, une centaine d'Ukrainiens sont arriv\u00e9s \u00e0 Beni Mtir en provenance d'Autriche et d'Allemagne o\u00f9 ils r\u00e9sidaient en exil. Ils seront suivis par...","breadcrumb":{"@id":"https:\/\/www.webdo.tn\/fr\/actualite\/chroniques\/les-ukrainiens-de-beni-mtir-au-nord-ouest-de-la-tunisie\/210464\/#breadcrumb"},"inLanguage":"fr-FR","potentialAction":[{"@type":"ReadAction","target":["https:\/\/www.webdo.tn\/fr\/actualite\/chroniques\/les-ukrainiens-de-beni-mtir-au-nord-ouest-de-la-tunisie\/210464\/"]}]},{"@type":"ImageObject","inLanguage":"fr-FR","@id":"https:\/\/www.webdo.tn\/fr\/actualite\/chroniques\/les-ukrainiens-de-beni-mtir-au-nord-ouest-de-la-tunisie\/210464\/#primaryimage","url":"https:\/\/www.webdo.tn\/fr\/wp-content\/uploads\/2023\/11\/28004d955e44f4dcdaa4cff816c00b9b.png","contentUrl":"https:\/\/www.webdo.tn\/fr\/wp-content\/uploads\/2023\/11\/28004d955e44f4dcdaa4cff816c00b9b.png","width":750,"height":400,"caption":"Les Ukrainiens de Beni Mtir, au nord-ouest de la Tunisie"},{"@type":"BreadcrumbList","@id":"https:\/\/www.webdo.tn\/fr\/actualite\/chroniques\/les-ukrainiens-de-beni-mtir-au-nord-ouest-de-la-tunisie\/210464\/#breadcrumb","itemListElement":[{"@type":"ListItem","position":1,"name":"Accueil","item":"https:\/\/www.webdo.tn\/fr\/"},{"@type":"ListItem","position":2,"name":"Les Ukrainiens de Beni Mtir, au nord-ouest de la Tunisie"}]},{"@type":"WebSite","@id":"https:\/\/www.webdo.tn\/fr\/#website","url":"https:\/\/www.webdo.tn\/fr\/","name":"webdo","description":"Tunisie - News en Tunisie et \u00e0 l&#039;international sur Webdo.tn","publisher":{"@id":"https:\/\/www.webdo.tn\/fr\/#organization"},"potentialAction":[{"@type":"SearchAction","target":{"@type":"EntryPoint","urlTemplate":"https:\/\/www.webdo.tn\/fr\/?s={search_term_string}"},"query-input":{"@type":"PropertyValueSpecification","valueRequired":true,"valueName":"search_term_string"}}],"inLanguage":"fr-FR"},{"@type":"Organization","@id":"https:\/\/www.webdo.tn\/fr\/#organization","name":"Webdo","alternateName":"Webdo.tn","url":"https:\/\/www.webdo.tn\/fr\/","logo":{"@type":"ImageObject","inLanguage":"fr-FR","@id":"https:\/\/www.webdo.tn\/fr\/#\/schema\/logo\/image\/","url":"https:\/\/www.webdo.tn\/fr\/wp-content\/uploads\/2025\/06\/Webdo-Tunisie_168377.jpg","contentUrl":"https:\/\/www.webdo.tn\/fr\/wp-content\/uploads\/2025\/06\/Webdo-Tunisie_168377.jpg","width":301,"height":301,"caption":"Webdo"},"image":{"@id":"https:\/\/www.webdo.tn\/fr\/#\/schema\/logo\/image\/"},"sameAs":["https:\/\/www.facebook.com\/webdotn","https:\/\/x.com\/webdo_tn"],"description":"Webdo est un m\u00e9dia num\u00e9rique tunisien fond\u00e9 en 2010, sp\u00e9cialis\u00e9 dans l\u2019actualit\u00e9 nationale et internationale, l\u2019\u00e9conomie, la soci\u00e9t\u00e9 et les analyses politiques. Le site s\u2019adresse \u00e0 un large public francophone et couvre l\u2019information tunisienne en temps r\u00e9el.","email":"redac@webdo.tn","legalName":"YNJ SARL","foundingDate":"2010-09-06","numberOfEmployees":{"@type":"QuantitativeValue","minValue":"11","maxValue":"50"}},{"@type":"Person","@id":"https:\/\/www.webdo.tn\/fr\/#\/schema\/person\/6bc0beba2cd23aec27cb5df85ca2554f","name":"Hatem Bourial","image":{"@type":"ImageObject","inLanguage":"fr-FR","@id":"https:\/\/www.webdo.tn\/fr\/wp-content\/uploads\/2026\/04\/hatem-bourial_avatar-96x96.jpg","url":"https:\/\/www.webdo.tn\/fr\/wp-content\/uploads\/2026\/04\/hatem-bourial_avatar-96x96.jpg","contentUrl":"https:\/\/www.webdo.tn\/fr\/wp-content\/uploads\/2026\/04\/hatem-bourial_avatar-96x96.jpg","caption":"Hatem Bourial"},"description":"Hatem Bourial est journaliste, \u00e9crivain et chroniqueur tunisien. Actif depuis plusieurs d\u00e9cennies, il s\u2019est impos\u00e9 comme un observateur attentif de la soci\u00e9t\u00e9 tunisienne, m\u00ealant dans ses \u00e9crits m\u00e9moire, culture et analyse du quotidien. Auteur de nombreux ouvrages, il d\u00e9veloppe une \u0153uvre \u00e0 la crois\u00e9e du r\u00e9cit, de la po\u00e9sie et de l\u2019observation sociologique. Parall\u00e8lement \u00e0 ses contributions dans la presse, il intervient r\u00e9guli\u00e8rement \u00e0 la radio et dans des espaces culturels, o\u00f9 il explore les enjeux li\u00e9s au patrimoine, \u00e0 l\u2019identit\u00e9 et aux transformations du monde contemporain. \u00c0 travers ses chroniques, Hatem Bourial propose une lecture sensible et approfondie de l\u2019actualit\u00e9, nourrie par une exp\u00e9rience journalistique et litt\u00e9raire reconnue. \ud83d\udd17 Facebook : https:\/\/www.facebook.com\/hatem.bourial.2025","sameAs":["https:\/\/www.facebook.com\/hatem.bourial.2025","https:\/\/fr.wikipedia.org\/wiki\/Fichier:Hatem_Bourial.jpg"],"knowsAbout":["Culture & patrimoine tunisien","Chronique soci\u00e9tale","Litt\u00e9rature & m\u00e9moire","Cin\u00e9ma & critique culturelle","Identit\u00e9 & mutations sociales"],"knowsLanguage":["Arabe","Fran\u00e7ais","Anglais","Italien","Polonais"],"jobTitle":"Journaliste, \u00e9crivain et chroniqueur culturel","worksFor":"Webdo","url":"https:\/\/www.webdo.tn\/fr\/actualite\/author\/hatem-bourial-2\/"}]}},"_links":{"self":[{"href":"https:\/\/www.webdo.tn\/fr\/wp-json\/wp\/v2\/posts\/210464","targetHints":{"allow":["GET"]}}],"collection":[{"href":"https:\/\/www.webdo.tn\/fr\/wp-json\/wp\/v2\/posts"}],"about":[{"href":"https:\/\/www.webdo.tn\/fr\/wp-json\/wp\/v2\/types\/post"}],"author":[{"embeddable":true,"href":"https:\/\/www.webdo.tn\/fr\/wp-json\/wp\/v2\/users\/3229"}],"replies":[{"embeddable":true,"href":"https:\/\/www.webdo.tn\/fr\/wp-json\/wp\/v2\/comments?post=210464"}],"version-history":[{"count":0,"href":"https:\/\/www.webdo.tn\/fr\/wp-json\/wp\/v2\/posts\/210464\/revisions"}],"wp:featuredmedia":[{"embeddable":true,"href":"https:\/\/www.webdo.tn\/fr\/wp-json\/wp\/v2\/media\/248680"}],"wp:attachment":[{"href":"https:\/\/www.webdo.tn\/fr\/wp-json\/wp\/v2\/media?parent=210464"}],"wp:term":[{"taxonomy":"category","embeddable":true,"href":"https:\/\/www.webdo.tn\/fr\/wp-json\/wp\/v2\/categories?post=210464"},{"taxonomy":"post_tag","embeddable":true,"href":"https:\/\/www.webdo.tn\/fr\/wp-json\/wp\/v2\/tags?post=210464"}],"curies":[{"name":"wp","href":"https:\/\/api.w.org\/{rel}","templated":true}]}}