{"id":210461,"date":"2023-11-29T22:17:00","date_gmt":"2023-11-29T22:17:00","guid":{"rendered":"https:\/\/www.webdo.tn\/fr\/blog\/le-hamas-pret-a-echanger-tous-les-soldats-israeliens-detenus-contre-tous-les-prisonniers-palestiniens\/210461\/"},"modified":"2025-05-20T21:55:17","modified_gmt":"2025-05-20T21:55:17","slug":"le-hamas-pret-a-echanger-tous-les-soldats-israeliens-detenus-contre-tous-les-prisonniers-palestiniens","status":"publish","type":"post","link":"https:\/\/www.webdo.tn\/fr\/actualite\/international\/le-hamas-pret-a-echanger-tous-les-soldats-israeliens-detenus-contre-tous-les-prisonniers-palestiniens\/210461\/","title":{"rendered":"Le Hamas pr\u00eat \u00e0 \u00e9changer tous les soldats isra\u00e9liens d\u00e9tenus contre tous les prisonniers palestiniens"},"content":{"rendered":"<p>Le Hamas se dit pr\u00eat \u00e0 faire un \u00e9change entre tous les soldats d\u00e9tenus par le mouvement palestinien et les prisonniers palestiniens.<\/p>\n<p>\t\t\t\t\t\t\t\t\tUn haut responsable du Hamas a assur\u00e9, ce mercredi 29 novembre 2023, que le mouvement palestinien \u00e9tait pr\u00eat \u00e0 lib\u00e9rer tous les soldats isra\u00e9liens qu\u2019il d\u00e9tient en \u00e9change de tous les Palestiniens emprisonn\u00e9s en Isra\u00ebl.<\/p>\n<p>\u00ab Nous sommes pr\u00eats \u00e0 lib\u00e9rer tous les soldats en \u00e9change de tous nos prisonniers \u00bb, a d\u00e9clar\u00e9 Bassem Na\u00efm, haut responsable du Hamas et ancien ministre de la Sant\u00e9 \u00e0 Gaza, lors d\u2019une conf\u00e9rence de presse dans la ville sud-africaine du Cap.<\/p>\n<p>Au total, 6700 Palestiniens seraient en prison en Isra\u00ebl, selon le dernier bilan de HaMoked, datant du 1er novembre 2023, mais plusieurs prisonniers sont morts depuis le d\u00e9clenchement de la guerre, le 7 octobre.<\/p>\n<p>Parmi les Palestiniens incarc\u00e9r\u00e9s, 2300 personnes ont \u00e9t\u00e9 condamn\u00e9es, dont 550 \u00e0 la prison \u00e0 perp\u00e9tuit\u00e9, 2300 sont en attente de proc\u00e8s et 2000 sont en d\u00e9tention administrative. Un nombre qui n\u2019a jamais \u00e9t\u00e9 aussi \u00e9lev\u00e9 durant les vingt-cinq derni\u00e8res ann\u00e9es.<\/p>\n","protected":false},"excerpt":{"rendered":"<p>Un haut responsable du Hamas a assur\u00e9, ce mercredi 29 novembre 2023, que le mouvement palestinien \u00e9tait pr\u00eat \u00e0 lib\u00e9rer tous les soldats isra\u00e9liens qu\u2019il d\u00e9tient&#8230;<\/p>\n","protected":false},"author":3162,"featured_media":248679,"comment_status":"open","ping_status":"closed","sticky":false,"template":"","format":"standard","meta":{"footnotes":""},"categories":[2598],"tags":[3349,6250,3917],"class_list":["post-210461","post","type-post","status-publish","format-standard","has-post-thumbnail","hentry","category-international","tag-hamas","tag-palestiniens","tag-prisonniers"],"yoast_head":"<!-- This site is optimized with the Yoast SEO Premium plugin v27.5 (Yoast SEO v27.5) - https:\/\/yoast.com\/product\/yoast-seo-premium-wordpress\/ -->\n<title>Le Hamas pr\u00eat \u00e0 \u00e9changer tous les soldats isra\u00e9liens d\u00e9tenus contre tous les prisonniers palestiniens<\/title>\n<meta name=\"description\" content=\"Un haut responsable du Hamas a assur\u00e9, ce mercredi 29 novembre 2023, que le mouvement palestinien \u00e9tait pr\u00eat \u00e0 lib\u00e9rer tous les soldats isra\u00e9liens qu\u2019il d\u00e9tient...\" \/>\n<link rel=\"canonical\" href=\"https:\/\/www.webdo.tn\/fr\/actualite\/international\/le-hamas-pret-a-echanger-tous-les-soldats-israeliens-detenus-contre-tous-les-prisonniers-palestiniens\/210461\/\" \/>\n<meta property=\"og:locale\" content=\"fr_FR\" \/>\n<meta property=\"og:type\" content=\"article\" \/>\n<meta property=\"og:title\" content=\"Le Hamas pr\u00eat \u00e0 \u00e9changer tous les soldats isra\u00e9liens d\u00e9tenus contre tous les prisonniers palestiniens\" \/>\n<meta property=\"og:description\" content=\"Un haut responsable du Hamas a assur\u00e9, ce mercredi 29 novembre 2023, que le mouvement palestinien \u00e9tait pr\u00eat \u00e0 lib\u00e9rer tous les soldats isra\u00e9liens qu\u2019il d\u00e9tient...\" \/>\n<meta property=\"og:url\" content=\"https:\/\/www.webdo.tn\/fr\/actualite\/international\/le-hamas-pret-a-echanger-tous-les-soldats-israeliens-detenus-contre-tous-les-prisonniers-palestiniens\/210461\/\" \/>\n<meta property=\"og:site_name\" content=\"webdo\" \/>\n<meta property=\"article:publisher\" content=\"https:\/\/www.facebook.com\/webdotn\" \/>\n<meta property=\"article:published_time\" content=\"2023-11-29T22:17:00+00:00\" \/>\n<meta property=\"article:modified_time\" content=\"2025-05-20T21:55:17+00:00\" \/>\n<meta property=\"og:image\" content=\"https:\/\/www.webdo.tn\/fr\/wp-content\/uploads\/2023\/11\/cd02d113d2fbd6c79eb64ebdbb003d10.jpg\" \/>\n\t<meta property=\"og:image:width\" content=\"640\" \/>\n\t<meta property=\"og:image:height\" content=\"341\" \/>\n\t<meta property=\"og:image:type\" content=\"image\/jpeg\" \/>\n<meta name=\"author\" content=\"MC\" \/>\n<meta name=\"twitter:card\" content=\"summary_large_image\" \/>\n<meta name=\"twitter:creator\" content=\"@webdo_tn\" \/>\n<meta name=\"twitter:site\" content=\"@webdo_tn\" \/>\n<meta name=\"twitter:label1\" content=\"\u00c9crit par\" \/>\n\t<meta name=\"twitter:data1\" content=\"MC\" \/>\n\t<meta name=\"twitter:label2\" content=\"Dur\u00e9e de lecture estim\u00e9e\" \/>\n\t<meta name=\"twitter:data2\" content=\"1 minute\" \/>\n<script type=\"application\/ld+json\" class=\"yoast-schema-graph\">{\"@context\":\"https:\\\/\\\/schema.org\",\"@graph\":[{\"@type\":\"NewsArticle\",\"@id\":\"https:\\\/\\\/www.webdo.tn\\\/fr\\\/actualite\\\/international\\\/le-hamas-pret-a-echanger-tous-les-soldats-israeliens-detenus-contre-tous-les-prisonniers-palestiniens\\\/210461\\\/#article\",\"isPartOf\":{\"@id\":\"https:\\\/\\\/www.webdo.tn\\\/fr\\\/actualite\\\/international\\\/le-hamas-pret-a-echanger-tous-les-soldats-israeliens-detenus-contre-tous-les-prisonniers-palestiniens\\\/210461\\\/\"},\"author\":{\"name\":\"MC\",\"@id\":\"https:\\\/\\\/www.webdo.tn\\\/fr\\\/#\\\/schema\\\/person\\\/2c4929cbf5a809e3bd38617c6ce150f6\"},\"headline\":\"Le Hamas pr\u00eat \u00e0 \u00e9changer tous les soldats isra\u00e9liens d\u00e9tenus contre tous les prisonniers palestiniens\",\"datePublished\":\"2023-11-29T22:17:00+00:00\",\"dateModified\":\"2025-05-20T21:55:17+00:00\",\"mainEntityOfPage\":{\"@id\":\"https:\\\/\\\/www.webdo.tn\\\/fr\\\/actualite\\\/international\\\/le-hamas-pret-a-echanger-tous-les-soldats-israeliens-detenus-contre-tous-les-prisonniers-palestiniens\\\/210461\\\/\"},\"wordCount\":201,\"commentCount\":0,\"publisher\":{\"@id\":\"https:\\\/\\\/www.webdo.tn\\\/fr\\\/#organization\"},\"image\":{\"@id\":\"https:\\\/\\\/www.webdo.tn\\\/fr\\\/actualite\\\/international\\\/le-hamas-pret-a-echanger-tous-les-soldats-israeliens-detenus-contre-tous-les-prisonniers-palestiniens\\\/210461\\\/#primaryimage\"},\"thumbnailUrl\":\"https:\\\/\\\/www.webdo.tn\\\/fr\\\/wp-content\\\/uploads\\\/2023\\\/11\\\/cd02d113d2fbd6c79eb64ebdbb003d10.jpg\",\"keywords\":[\"hamas\",\"palestiniens\",\"prisonniers\"],\"articleSection\":[\"International\"],\"inLanguage\":\"fr-FR\"},{\"@type\":\"WebPage\",\"@id\":\"https:\\\/\\\/www.webdo.tn\\\/fr\\\/actualite\\\/international\\\/le-hamas-pret-a-echanger-tous-les-soldats-israeliens-detenus-contre-tous-les-prisonniers-palestiniens\\\/210461\\\/\",\"url\":\"https:\\\/\\\/www.webdo.tn\\\/fr\\\/actualite\\\/international\\\/le-hamas-pret-a-echanger-tous-les-soldats-israeliens-detenus-contre-tous-les-prisonniers-palestiniens\\\/210461\\\/\",\"name\":\"Le Hamas pr\u00eat \u00e0 \u00e9changer tous les soldats isra\u00e9liens d\u00e9tenus contre tous les prisonniers palestiniens\",\"isPartOf\":{\"@id\":\"https:\\\/\\\/www.webdo.tn\\\/fr\\\/#website\"},\"primaryImageOfPage\":{\"@id\":\"https:\\\/\\\/www.webdo.tn\\\/fr\\\/actualite\\\/international\\\/le-hamas-pret-a-echanger-tous-les-soldats-israeliens-detenus-contre-tous-les-prisonniers-palestiniens\\\/210461\\\/#primaryimage\"},\"image\":{\"@id\":\"https:\\\/\\\/www.webdo.tn\\\/fr\\\/actualite\\\/international\\\/le-hamas-pret-a-echanger-tous-les-soldats-israeliens-detenus-contre-tous-les-prisonniers-palestiniens\\\/210461\\\/#primaryimage\"},\"thumbnailUrl\":\"https:\\\/\\\/www.webdo.tn\\\/fr\\\/wp-content\\\/uploads\\\/2023\\\/11\\\/cd02d113d2fbd6c79eb64ebdbb003d10.jpg\",\"datePublished\":\"2023-11-29T22:17:00+00:00\",\"dateModified\":\"2025-05-20T21:55:17+00:00\",\"description\":\"Un haut responsable du Hamas a assur\u00e9, ce mercredi 29 novembre 2023, que le mouvement palestinien \u00e9tait pr\u00eat \u00e0 lib\u00e9rer tous les soldats isra\u00e9liens qu\u2019il d\u00e9tient...\",\"breadcrumb\":{\"@id\":\"https:\\\/\\\/www.webdo.tn\\\/fr\\\/actualite\\\/international\\\/le-hamas-pret-a-echanger-tous-les-soldats-israeliens-detenus-contre-tous-les-prisonniers-palestiniens\\\/210461\\\/#breadcrumb\"},\"inLanguage\":\"fr-FR\",\"potentialAction\":[{\"@type\":\"ReadAction\",\"target\":[\"https:\\\/\\\/www.webdo.tn\\\/fr\\\/actualite\\\/international\\\/le-hamas-pret-a-echanger-tous-les-soldats-israeliens-detenus-contre-tous-les-prisonniers-palestiniens\\\/210461\\\/\"]}]},{\"@type\":\"ImageObject\",\"inLanguage\":\"fr-FR\",\"@id\":\"https:\\\/\\\/www.webdo.tn\\\/fr\\\/actualite\\\/international\\\/le-hamas-pret-a-echanger-tous-les-soldats-israeliens-detenus-contre-tous-les-prisonniers-palestiniens\\\/210461\\\/#primaryimage\",\"url\":\"https:\\\/\\\/www.webdo.tn\\\/fr\\\/wp-content\\\/uploads\\\/2023\\\/11\\\/cd02d113d2fbd6c79eb64ebdbb003d10.jpg\",\"contentUrl\":\"https:\\\/\\\/www.webdo.tn\\\/fr\\\/wp-content\\\/uploads\\\/2023\\\/11\\\/cd02d113d2fbd6c79eb64ebdbb003d10.jpg\",\"width\":640,\"height\":341,\"caption\":\"Le Hamas pr\u00eat \u00e0 \u00e9changer tous les soldats isra\u00e9liens d\u00e9tenus contre tous les prisonniers palestiniens\"},{\"@type\":\"BreadcrumbList\",\"@id\":\"https:\\\/\\\/www.webdo.tn\\\/fr\\\/actualite\\\/international\\\/le-hamas-pret-a-echanger-tous-les-soldats-israeliens-detenus-contre-tous-les-prisonniers-palestiniens\\\/210461\\\/#breadcrumb\",\"itemListElement\":[{\"@type\":\"ListItem\",\"position\":1,\"name\":\"Accueil\",\"item\":\"https:\\\/\\\/www.webdo.tn\\\/fr\\\/\"},{\"@type\":\"ListItem\",\"position\":2,\"name\":\"Le Hamas pr\u00eat \u00e0 \u00e9changer tous les soldats isra\u00e9liens d\u00e9tenus contre tous les prisonniers palestiniens\"}]},{\"@type\":\"WebSite\",\"@id\":\"https:\\\/\\\/www.webdo.tn\\\/fr\\\/#website\",\"url\":\"https:\\\/\\\/www.webdo.tn\\\/fr\\\/\",\"name\":\"webdo\",\"description\":\"Tunisie - News en Tunisie et \u00e0 l&#039;international sur Webdo.tn\",\"publisher\":{\"@id\":\"https:\\\/\\\/www.webdo.tn\\\/fr\\\/#organization\"},\"potentialAction\":[{\"@type\":\"SearchAction\",\"target\":{\"@type\":\"EntryPoint\",\"urlTemplate\":\"https:\\\/\\\/www.webdo.tn\\\/fr\\\/?s={search_term_string}\"},\"query-input\":{\"@type\":\"PropertyValueSpecification\",\"valueRequired\":true,\"valueName\":\"search_term_string\"}}],\"inLanguage\":\"fr-FR\"},{\"@type\":\"Organization\",\"@id\":\"https:\\\/\\\/www.webdo.tn\\\/fr\\\/#organization\",\"name\":\"Webdo\",\"alternateName\":\"Webdo.tn\",\"url\":\"https:\\\/\\\/www.webdo.tn\\\/fr\\\/\",\"logo\":{\"@type\":\"ImageObject\",\"inLanguage\":\"fr-FR\",\"@id\":\"https:\\\/\\\/www.webdo.tn\\\/fr\\\/#\\\/schema\\\/logo\\\/image\\\/\",\"url\":\"https:\\\/\\\/www.webdo.tn\\\/fr\\\/wp-content\\\/uploads\\\/2025\\\/06\\\/Webdo-Tunisie_168377.jpg\",\"contentUrl\":\"https:\\\/\\\/www.webdo.tn\\\/fr\\\/wp-content\\\/uploads\\\/2025\\\/06\\\/Webdo-Tunisie_168377.jpg\",\"width\":301,\"height\":301,\"caption\":\"Webdo\"},\"image\":{\"@id\":\"https:\\\/\\\/www.webdo.tn\\\/fr\\\/#\\\/schema\\\/logo\\\/image\\\/\"},\"sameAs\":[\"https:\\\/\\\/www.facebook.com\\\/webdotn\",\"https:\\\/\\\/x.com\\\/webdo_tn\"],\"description\":\"Webdo est un m\u00e9dia num\u00e9rique tunisien fond\u00e9 en 2010, sp\u00e9cialis\u00e9 dans l\u2019actualit\u00e9 nationale et internationale, l\u2019\u00e9conomie, la soci\u00e9t\u00e9 et les analyses politiques. Le site s\u2019adresse \u00e0 un large public francophone et couvre l\u2019information tunisienne en temps r\u00e9el.\",\"email\":\"redac@webdo.tn\",\"legalName\":\"YNJ SARL\",\"foundingDate\":\"2010-09-06\",\"numberOfEmployees\":{\"@type\":\"QuantitativeValue\",\"minValue\":\"11\",\"maxValue\":\"50\"}},{\"@type\":\"Person\",\"@id\":\"https:\\\/\\\/www.webdo.tn\\\/fr\\\/#\\\/schema\\\/person\\\/2c4929cbf5a809e3bd38617c6ce150f6\",\"name\":\"MC\",\"image\":{\"@type\":\"ImageObject\",\"inLanguage\":\"fr-FR\",\"@id\":\"https:\\\/\\\/secure.gravatar.com\\\/avatar\\\/a545bbb6f84efdd5553dbbc2895e3ca8f1d12c5215e00a041c9670b54aa9b18a?s=96&d=mm&r=g\",\"url\":\"https:\\\/\\\/secure.gravatar.com\\\/avatar\\\/a545bbb6f84efdd5553dbbc2895e3ca8f1d12c5215e00a041c9670b54aa9b18a?s=96&d=mm&r=g\",\"contentUrl\":\"https:\\\/\\\/secure.gravatar.com\\\/avatar\\\/a545bbb6f84efdd5553dbbc2895e3ca8f1d12c5215e00a041c9670b54aa9b18a?s=96&d=mm&r=g\",\"caption\":\"MC\"},\"url\":\"https:\\\/\\\/www.webdo.tn\\\/fr\\\/actualite\\\/author\\\/mc\\\/\"}]}<\/script>\n<!-- \/ Yoast SEO Premium plugin. -->","yoast_head_json":{"title":"Le Hamas pr\u00eat \u00e0 \u00e9changer tous les soldats isra\u00e9liens d\u00e9tenus contre tous les prisonniers palestiniens","description":"Un haut responsable du Hamas a assur\u00e9, ce mercredi 29 novembre 2023, que le mouvement palestinien \u00e9tait pr\u00eat \u00e0 lib\u00e9rer tous les soldats isra\u00e9liens qu\u2019il d\u00e9tient...","canonical":"https:\/\/www.webdo.tn\/fr\/actualite\/international\/le-hamas-pret-a-echanger-tous-les-soldats-israeliens-detenus-contre-tous-les-prisonniers-palestiniens\/210461\/","og_locale":"fr_FR","og_type":"article","og_title":"Le Hamas pr\u00eat \u00e0 \u00e9changer tous les soldats isra\u00e9liens d\u00e9tenus contre tous les prisonniers palestiniens","og_description":"Un haut responsable du Hamas a assur\u00e9, ce mercredi 29 novembre 2023, que le mouvement palestinien \u00e9tait pr\u00eat \u00e0 lib\u00e9rer tous les soldats isra\u00e9liens qu\u2019il d\u00e9tient...","og_url":"https:\/\/www.webdo.tn\/fr\/actualite\/international\/le-hamas-pret-a-echanger-tous-les-soldats-israeliens-detenus-contre-tous-les-prisonniers-palestiniens\/210461\/","og_site_name":"webdo","article_publisher":"https:\/\/www.facebook.com\/webdotn","article_published_time":"2023-11-29T22:17:00+00:00","article_modified_time":"2025-05-20T21:55:17+00:00","og_image":[{"width":640,"height":341,"url":"https:\/\/www.webdo.tn\/fr\/wp-content\/uploads\/2023\/11\/cd02d113d2fbd6c79eb64ebdbb003d10.jpg","type":"image\/jpeg"}],"author":"MC","twitter_card":"summary_large_image","twitter_creator":"@webdo_tn","twitter_site":"@webdo_tn","twitter_misc":{"\u00c9crit par":"MC","Dur\u00e9e de lecture estim\u00e9e":"1 minute"},"schema":{"@context":"https:\/\/schema.org","@graph":[{"@type":"NewsArticle","@id":"https:\/\/www.webdo.tn\/fr\/actualite\/international\/le-hamas-pret-a-echanger-tous-les-soldats-israeliens-detenus-contre-tous-les-prisonniers-palestiniens\/210461\/#article","isPartOf":{"@id":"https:\/\/www.webdo.tn\/fr\/actualite\/international\/le-hamas-pret-a-echanger-tous-les-soldats-israeliens-detenus-contre-tous-les-prisonniers-palestiniens\/210461\/"},"author":{"name":"MC","@id":"https:\/\/www.webdo.tn\/fr\/#\/schema\/person\/2c4929cbf5a809e3bd38617c6ce150f6"},"headline":"Le Hamas pr\u00eat \u00e0 \u00e9changer tous les soldats isra\u00e9liens d\u00e9tenus contre tous les prisonniers palestiniens","datePublished":"2023-11-29T22:17:00+00:00","dateModified":"2025-05-20T21:55:17+00:00","mainEntityOfPage":{"@id":"https:\/\/www.webdo.tn\/fr\/actualite\/international\/le-hamas-pret-a-echanger-tous-les-soldats-israeliens-detenus-contre-tous-les-prisonniers-palestiniens\/210461\/"},"wordCount":201,"commentCount":0,"publisher":{"@id":"https:\/\/www.webdo.tn\/fr\/#organization"},"image":{"@id":"https:\/\/www.webdo.tn\/fr\/actualite\/international\/le-hamas-pret-a-echanger-tous-les-soldats-israeliens-detenus-contre-tous-les-prisonniers-palestiniens\/210461\/#primaryimage"},"thumbnailUrl":"https:\/\/www.webdo.tn\/fr\/wp-content\/uploads\/2023\/11\/cd02d113d2fbd6c79eb64ebdbb003d10.jpg","keywords":["hamas","palestiniens","prisonniers"],"articleSection":["International"],"inLanguage":"fr-FR"},{"@type":"WebPage","@id":"https:\/\/www.webdo.tn\/fr\/actualite\/international\/le-hamas-pret-a-echanger-tous-les-soldats-israeliens-detenus-contre-tous-les-prisonniers-palestiniens\/210461\/","url":"https:\/\/www.webdo.tn\/fr\/actualite\/international\/le-hamas-pret-a-echanger-tous-les-soldats-israeliens-detenus-contre-tous-les-prisonniers-palestiniens\/210461\/","name":"Le Hamas pr\u00eat \u00e0 \u00e9changer tous les soldats isra\u00e9liens d\u00e9tenus contre tous les prisonniers palestiniens","isPartOf":{"@id":"https:\/\/www.webdo.tn\/fr\/#website"},"primaryImageOfPage":{"@id":"https:\/\/www.webdo.tn\/fr\/actualite\/international\/le-hamas-pret-a-echanger-tous-les-soldats-israeliens-detenus-contre-tous-les-prisonniers-palestiniens\/210461\/#primaryimage"},"image":{"@id":"https:\/\/www.webdo.tn\/fr\/actualite\/international\/le-hamas-pret-a-echanger-tous-les-soldats-israeliens-detenus-contre-tous-les-prisonniers-palestiniens\/210461\/#primaryimage"},"thumbnailUrl":"https:\/\/www.webdo.tn\/fr\/wp-content\/uploads\/2023\/11\/cd02d113d2fbd6c79eb64ebdbb003d10.jpg","datePublished":"2023-11-29T22:17:00+00:00","dateModified":"2025-05-20T21:55:17+00:00","description":"Un haut responsable du Hamas a assur\u00e9, ce mercredi 29 novembre 2023, que le mouvement palestinien \u00e9tait pr\u00eat \u00e0 lib\u00e9rer tous les soldats isra\u00e9liens qu\u2019il d\u00e9tient...","breadcrumb":{"@id":"https:\/\/www.webdo.tn\/fr\/actualite\/international\/le-hamas-pret-a-echanger-tous-les-soldats-israeliens-detenus-contre-tous-les-prisonniers-palestiniens\/210461\/#breadcrumb"},"inLanguage":"fr-FR","potentialAction":[{"@type":"ReadAction","target":["https:\/\/www.webdo.tn\/fr\/actualite\/international\/le-hamas-pret-a-echanger-tous-les-soldats-israeliens-detenus-contre-tous-les-prisonniers-palestiniens\/210461\/"]}]},{"@type":"ImageObject","inLanguage":"fr-FR","@id":"https:\/\/www.webdo.tn\/fr\/actualite\/international\/le-hamas-pret-a-echanger-tous-les-soldats-israeliens-detenus-contre-tous-les-prisonniers-palestiniens\/210461\/#primaryimage","url":"https:\/\/www.webdo.tn\/fr\/wp-content\/uploads\/2023\/11\/cd02d113d2fbd6c79eb64ebdbb003d10.jpg","contentUrl":"https:\/\/www.webdo.tn\/fr\/wp-content\/uploads\/2023\/11\/cd02d113d2fbd6c79eb64ebdbb003d10.jpg","width":640,"height":341,"caption":"Le Hamas pr\u00eat \u00e0 \u00e9changer tous les soldats isra\u00e9liens d\u00e9tenus contre tous les prisonniers palestiniens"},{"@type":"BreadcrumbList","@id":"https:\/\/www.webdo.tn\/fr\/actualite\/international\/le-hamas-pret-a-echanger-tous-les-soldats-israeliens-detenus-contre-tous-les-prisonniers-palestiniens\/210461\/#breadcrumb","itemListElement":[{"@type":"ListItem","position":1,"name":"Accueil","item":"https:\/\/www.webdo.tn\/fr\/"},{"@type":"ListItem","position":2,"name":"Le Hamas pr\u00eat \u00e0 \u00e9changer tous les soldats isra\u00e9liens d\u00e9tenus contre tous les prisonniers palestiniens"}]},{"@type":"WebSite","@id":"https:\/\/www.webdo.tn\/fr\/#website","url":"https:\/\/www.webdo.tn\/fr\/","name":"webdo","description":"Tunisie - News en Tunisie et \u00e0 l&#039;international sur Webdo.tn","publisher":{"@id":"https:\/\/www.webdo.tn\/fr\/#organization"},"potentialAction":[{"@type":"SearchAction","target":{"@type":"EntryPoint","urlTemplate":"https:\/\/www.webdo.tn\/fr\/?s={search_term_string}"},"query-input":{"@type":"PropertyValueSpecification","valueRequired":true,"valueName":"search_term_string"}}],"inLanguage":"fr-FR"},{"@type":"Organization","@id":"https:\/\/www.webdo.tn\/fr\/#organization","name":"Webdo","alternateName":"Webdo.tn","url":"https:\/\/www.webdo.tn\/fr\/","logo":{"@type":"ImageObject","inLanguage":"fr-FR","@id":"https:\/\/www.webdo.tn\/fr\/#\/schema\/logo\/image\/","url":"https:\/\/www.webdo.tn\/fr\/wp-content\/uploads\/2025\/06\/Webdo-Tunisie_168377.jpg","contentUrl":"https:\/\/www.webdo.tn\/fr\/wp-content\/uploads\/2025\/06\/Webdo-Tunisie_168377.jpg","width":301,"height":301,"caption":"Webdo"},"image":{"@id":"https:\/\/www.webdo.tn\/fr\/#\/schema\/logo\/image\/"},"sameAs":["https:\/\/www.facebook.com\/webdotn","https:\/\/x.com\/webdo_tn"],"description":"Webdo est un m\u00e9dia num\u00e9rique tunisien fond\u00e9 en 2010, sp\u00e9cialis\u00e9 dans l\u2019actualit\u00e9 nationale et internationale, l\u2019\u00e9conomie, la soci\u00e9t\u00e9 et les analyses politiques. Le site s\u2019adresse \u00e0 un large public francophone et couvre l\u2019information tunisienne en temps r\u00e9el.","email":"redac@webdo.tn","legalName":"YNJ SARL","foundingDate":"2010-09-06","numberOfEmployees":{"@type":"QuantitativeValue","minValue":"11","maxValue":"50"}},{"@type":"Person","@id":"https:\/\/www.webdo.tn\/fr\/#\/schema\/person\/2c4929cbf5a809e3bd38617c6ce150f6","name":"MC","image":{"@type":"ImageObject","inLanguage":"fr-FR","@id":"https:\/\/secure.gravatar.com\/avatar\/a545bbb6f84efdd5553dbbc2895e3ca8f1d12c5215e00a041c9670b54aa9b18a?s=96&d=mm&r=g","url":"https:\/\/secure.gravatar.com\/avatar\/a545bbb6f84efdd5553dbbc2895e3ca8f1d12c5215e00a041c9670b54aa9b18a?s=96&d=mm&r=g","contentUrl":"https:\/\/secure.gravatar.com\/avatar\/a545bbb6f84efdd5553dbbc2895e3ca8f1d12c5215e00a041c9670b54aa9b18a?s=96&d=mm&r=g","caption":"MC"},"url":"https:\/\/www.webdo.tn\/fr\/actualite\/author\/mc\/"}]}},"_links":{"self":[{"href":"https:\/\/www.webdo.tn\/fr\/wp-json\/wp\/v2\/posts\/210461","targetHints":{"allow":["GET"]}}],"collection":[{"href":"https:\/\/www.webdo.tn\/fr\/wp-json\/wp\/v2\/posts"}],"about":[{"href":"https:\/\/www.webdo.tn\/fr\/wp-json\/wp\/v2\/types\/post"}],"author":[{"embeddable":true,"href":"https:\/\/www.webdo.tn\/fr\/wp-json\/wp\/v2\/users\/3162"}],"replies":[{"embeddable":true,"href":"https:\/\/www.webdo.tn\/fr\/wp-json\/wp\/v2\/comments?post=210461"}],"version-history":[{"count":0,"href":"https:\/\/www.webdo.tn\/fr\/wp-json\/wp\/v2\/posts\/210461\/revisions"}],"wp:featuredmedia":[{"embeddable":true,"href":"https:\/\/www.webdo.tn\/fr\/wp-json\/wp\/v2\/media\/248679"}],"wp:attachment":[{"href":"https:\/\/www.webdo.tn\/fr\/wp-json\/wp\/v2\/media?parent=210461"}],"wp:term":[{"taxonomy":"category","embeddable":true,"href":"https:\/\/www.webdo.tn\/fr\/wp-json\/wp\/v2\/categories?post=210461"},{"taxonomy":"post_tag","embeddable":true,"href":"https:\/\/www.webdo.tn\/fr\/wp-json\/wp\/v2\/tags?post=210461"}],"curies":[{"name":"wp","href":"https:\/\/api.w.org\/{rel}","templated":true}]}}