{"id":210459,"date":"2023-11-29T21:43:00","date_gmt":"2023-11-29T21:43:00","guid":{"rendered":"https:\/\/www.webdo.tn\/fr\/blog\/mariem-dabbagh-condamnee-a-quatre-mois-de-prison-ferme\/210459\/"},"modified":"2025-05-20T21:55:15","modified_gmt":"2025-05-20T21:55:15","slug":"mariem-dabbagh-condamnee-a-quatre-mois-de-prison-ferme","status":"publish","type":"post","link":"https:\/\/www.webdo.tn\/fr\/actualite\/divers\/mariem-dabbagh-condamnee-a-quatre-mois-de-prison-ferme\/210459\/","title":{"rendered":"Mariem Dabbagh condamn\u00e9e \u00e0 quatre mois de prison ferme"},"content":{"rendered":"<p>L\u2019influenceuse Mariem Dabbagh a \u00e9t\u00e9 condamn\u00e9e \u00e0 quatre mois de prison ferme par la Chambre criminelle aupr\u00e8s du Tribunal de premi\u00e8re instance de Tunis.<\/p>\n<p>\t\t\t\t\t\t\t\t\tMariem Dabbagh a \u00e9t\u00e9 condamn\u00e9e dans une affaire de diffamation \u00e0 l&rsquo;encontre de\u00a0Hanen Elleuch, rapporte Mosaique fm.<\/p>\n<p>Le 22 novembre dernier, le parquet g\u00e9n\u00e9ral pr\u00e8s le tribunal de premi\u00e8re instance de Tunis avait d\u00e9livr\u00e9 un mandat de d\u00e9p\u00f4t \u00e0 l\u2019encontre de Mariem Dabbagh malgr\u00e9 l\u2019abandon de la plainte pour diffamation de la part de Hanen Elleuch.<\/p>\n<p>L\u2019influenceuse star des r\u00e9seaux sociaux Mariem Dabbagh, avait \u00e9t\u00e9 arr\u00eat\u00e9e lundi 20 novembre 2023 et le minist\u00e8re public avait d\u00e9cid\u00e9 de la maintenir en d\u00e9tention apr\u00e8s l&rsquo;avoir entendue dans le cadre de la plainte d\u00e9pos\u00e9e contre elle par Hanen Elleuch pour \u00ab calomnie et diffamation \u00bb.<\/p>\n<p>Mariem Dabbagh n&rsquo;en est pas \u00e0 sa premi\u00e8re confrontation avec la justice. Le 7 mai dernier, l\u2019instagrameuse avait \u00e9t\u00e9 arr\u00eat\u00e9e \u00e0 l\u2019a\u00e9roport Tunis-Carthage, alors qu&rsquo;elle \u00e9tait condamn\u00e9e par contumace dans des affaires de ch\u00e8ques sans provisions. Elle avait \u00e9t\u00e9 remise en libert\u00e9 par la justice le lendemain.<\/p>\n<p>Mariem Dabbagh, \u00e2g\u00e9e de 37 ans, a connu une ascension en fl\u00e8che. De chroniqueuse \u00e0 influenceuse de mode, elle est devenue une star des r\u00e9seaux sociaux lors de ses dix derni\u00e8res ann\u00e9es, cr\u00e9ant au passage son entreprise de v\u00eatements et devenant m\u00eame chroniqueuse TV avant de s&rsquo;installer en France en 2015. En octobre 2020, elle a m\u00eame rejoint le plateau de l\u2019\u00e9mission Touche pas \u00e0 mon poste, pr\u00e9sent\u00e9e par Cyril Hanouna.<\/p>\n","protected":false},"excerpt":{"rendered":"<p>Mariem Dabbagh a \u00e9t\u00e9 condamn\u00e9e dans une affaire de diffamation \u00e0 l&rsquo;encontre de Hanen Elleuch, rapporte Mosaique fm.<\/p>\n","protected":false},"author":3162,"featured_media":248673,"comment_status":"open","ping_status":"closed","sticky":false,"template":"","format":"standard","meta":{"footnotes":""},"categories":[2839],"tags":[4842,2619,7283,2708],"class_list":["post-210459","post","type-post","status-publish","format-standard","has-post-thumbnail","hentry","category-divers","tag-diffamation","tag-justice","tag-mariem-dabbagh","tag-prison"],"yoast_head":"<!-- This site is optimized with the Yoast SEO Premium plugin v27.5 (Yoast SEO v27.5) - https:\/\/yoast.com\/product\/yoast-seo-premium-wordpress\/ -->\n<title>Mariem Dabbagh condamn\u00e9e \u00e0 quatre mois de prison ferme<\/title>\n<meta name=\"description\" content=\"Mariem Dabbagh a \u00e9t\u00e9 condamn\u00e9e dans une affaire de diffamation \u00e0 l&#039;encontre de Hanen Elleuch, rapporte Mosaique fm.\" \/>\n<link rel=\"canonical\" href=\"https:\/\/www.webdo.tn\/fr\/actualite\/divers\/mariem-dabbagh-condamnee-a-quatre-mois-de-prison-ferme\/210459\/\" \/>\n<meta property=\"og:locale\" content=\"fr_FR\" \/>\n<meta property=\"og:type\" content=\"article\" \/>\n<meta property=\"og:title\" content=\"Mariem Dabbagh condamn\u00e9e \u00e0 quatre mois de prison ferme\" \/>\n<meta property=\"og:description\" content=\"Mariem Dabbagh a \u00e9t\u00e9 condamn\u00e9e dans une affaire de diffamation \u00e0 l&#039;encontre de Hanen Elleuch, rapporte Mosaique fm.\" \/>\n<meta property=\"og:url\" content=\"https:\/\/www.webdo.tn\/fr\/actualite\/divers\/mariem-dabbagh-condamnee-a-quatre-mois-de-prison-ferme\/210459\/\" \/>\n<meta property=\"og:site_name\" content=\"webdo\" \/>\n<meta property=\"article:publisher\" content=\"https:\/\/www.facebook.com\/webdotn\" \/>\n<meta property=\"article:published_time\" content=\"2023-11-29T21:43:00+00:00\" \/>\n<meta property=\"article:modified_time\" content=\"2025-05-20T21:55:15+00:00\" \/>\n<meta property=\"og:image\" content=\"https:\/\/www.webdo.tn\/fr\/wp-content\/uploads\/2023\/11\/4fe53ada41170975d093658515f534dd.jpg\" \/>\n\t<meta property=\"og:image:width\" content=\"750\" \/>\n\t<meta property=\"og:image:height\" content=\"400\" \/>\n\t<meta property=\"og:image:type\" content=\"image\/jpeg\" \/>\n<meta name=\"author\" content=\"MC\" \/>\n<meta name=\"twitter:card\" content=\"summary_large_image\" \/>\n<meta name=\"twitter:creator\" content=\"@webdo_tn\" \/>\n<meta name=\"twitter:site\" content=\"@webdo_tn\" \/>\n<meta name=\"twitter:label1\" content=\"\u00c9crit par\" \/>\n\t<meta name=\"twitter:data1\" content=\"MC\" \/>\n\t<meta name=\"twitter:label2\" content=\"Dur\u00e9e de lecture estim\u00e9e\" \/>\n\t<meta name=\"twitter:data2\" content=\"1 minute\" \/>\n<script type=\"application\/ld+json\" class=\"yoast-schema-graph\">{\"@context\":\"https:\\\/\\\/schema.org\",\"@graph\":[{\"@type\":\"NewsArticle\",\"@id\":\"https:\\\/\\\/www.webdo.tn\\\/fr\\\/actualite\\\/divers\\\/mariem-dabbagh-condamnee-a-quatre-mois-de-prison-ferme\\\/210459\\\/#article\",\"isPartOf\":{\"@id\":\"https:\\\/\\\/www.webdo.tn\\\/fr\\\/actualite\\\/divers\\\/mariem-dabbagh-condamnee-a-quatre-mois-de-prison-ferme\\\/210459\\\/\"},\"author\":{\"name\":\"MC\",\"@id\":\"https:\\\/\\\/www.webdo.tn\\\/fr\\\/#\\\/schema\\\/person\\\/2c4929cbf5a809e3bd38617c6ce150f6\"},\"headline\":\"Mariem Dabbagh condamn\u00e9e \u00e0 quatre mois de prison ferme\",\"datePublished\":\"2023-11-29T21:43:00+00:00\",\"dateModified\":\"2025-05-20T21:55:15+00:00\",\"mainEntityOfPage\":{\"@id\":\"https:\\\/\\\/www.webdo.tn\\\/fr\\\/actualite\\\/divers\\\/mariem-dabbagh-condamnee-a-quatre-mois-de-prison-ferme\\\/210459\\\/\"},\"wordCount\":287,\"commentCount\":0,\"publisher\":{\"@id\":\"https:\\\/\\\/www.webdo.tn\\\/fr\\\/#organization\"},\"image\":{\"@id\":\"https:\\\/\\\/www.webdo.tn\\\/fr\\\/actualite\\\/divers\\\/mariem-dabbagh-condamnee-a-quatre-mois-de-prison-ferme\\\/210459\\\/#primaryimage\"},\"thumbnailUrl\":\"https:\\\/\\\/www.webdo.tn\\\/fr\\\/wp-content\\\/uploads\\\/2023\\\/11\\\/4fe53ada41170975d093658515f534dd.jpg\",\"keywords\":[\"diffamation\",\"justice\",\"mariem dabbagh\",\"Prison\"],\"articleSection\":[\"Divers\"],\"inLanguage\":\"fr-FR\"},{\"@type\":\"WebPage\",\"@id\":\"https:\\\/\\\/www.webdo.tn\\\/fr\\\/actualite\\\/divers\\\/mariem-dabbagh-condamnee-a-quatre-mois-de-prison-ferme\\\/210459\\\/\",\"url\":\"https:\\\/\\\/www.webdo.tn\\\/fr\\\/actualite\\\/divers\\\/mariem-dabbagh-condamnee-a-quatre-mois-de-prison-ferme\\\/210459\\\/\",\"name\":\"Mariem Dabbagh condamn\u00e9e \u00e0 quatre mois de prison ferme\",\"isPartOf\":{\"@id\":\"https:\\\/\\\/www.webdo.tn\\\/fr\\\/#website\"},\"primaryImageOfPage\":{\"@id\":\"https:\\\/\\\/www.webdo.tn\\\/fr\\\/actualite\\\/divers\\\/mariem-dabbagh-condamnee-a-quatre-mois-de-prison-ferme\\\/210459\\\/#primaryimage\"},\"image\":{\"@id\":\"https:\\\/\\\/www.webdo.tn\\\/fr\\\/actualite\\\/divers\\\/mariem-dabbagh-condamnee-a-quatre-mois-de-prison-ferme\\\/210459\\\/#primaryimage\"},\"thumbnailUrl\":\"https:\\\/\\\/www.webdo.tn\\\/fr\\\/wp-content\\\/uploads\\\/2023\\\/11\\\/4fe53ada41170975d093658515f534dd.jpg\",\"datePublished\":\"2023-11-29T21:43:00+00:00\",\"dateModified\":\"2025-05-20T21:55:15+00:00\",\"description\":\"Mariem Dabbagh a \u00e9t\u00e9 condamn\u00e9e dans une affaire de diffamation \u00e0 l'encontre de Hanen Elleuch, rapporte Mosaique fm.\",\"breadcrumb\":{\"@id\":\"https:\\\/\\\/www.webdo.tn\\\/fr\\\/actualite\\\/divers\\\/mariem-dabbagh-condamnee-a-quatre-mois-de-prison-ferme\\\/210459\\\/#breadcrumb\"},\"inLanguage\":\"fr-FR\",\"potentialAction\":[{\"@type\":\"ReadAction\",\"target\":[\"https:\\\/\\\/www.webdo.tn\\\/fr\\\/actualite\\\/divers\\\/mariem-dabbagh-condamnee-a-quatre-mois-de-prison-ferme\\\/210459\\\/\"]}]},{\"@type\":\"ImageObject\",\"inLanguage\":\"fr-FR\",\"@id\":\"https:\\\/\\\/www.webdo.tn\\\/fr\\\/actualite\\\/divers\\\/mariem-dabbagh-condamnee-a-quatre-mois-de-prison-ferme\\\/210459\\\/#primaryimage\",\"url\":\"https:\\\/\\\/www.webdo.tn\\\/fr\\\/wp-content\\\/uploads\\\/2023\\\/11\\\/4fe53ada41170975d093658515f534dd.jpg\",\"contentUrl\":\"https:\\\/\\\/www.webdo.tn\\\/fr\\\/wp-content\\\/uploads\\\/2023\\\/11\\\/4fe53ada41170975d093658515f534dd.jpg\",\"width\":750,\"height\":400,\"caption\":\"Mariem Dabbagh condamn\u00e9e \u00e0 quatre mois de prison ferme\"},{\"@type\":\"BreadcrumbList\",\"@id\":\"https:\\\/\\\/www.webdo.tn\\\/fr\\\/actualite\\\/divers\\\/mariem-dabbagh-condamnee-a-quatre-mois-de-prison-ferme\\\/210459\\\/#breadcrumb\",\"itemListElement\":[{\"@type\":\"ListItem\",\"position\":1,\"name\":\"Accueil\",\"item\":\"https:\\\/\\\/www.webdo.tn\\\/fr\\\/\"},{\"@type\":\"ListItem\",\"position\":2,\"name\":\"Mariem Dabbagh condamn\u00e9e \u00e0 quatre mois de prison ferme\"}]},{\"@type\":\"WebSite\",\"@id\":\"https:\\\/\\\/www.webdo.tn\\\/fr\\\/#website\",\"url\":\"https:\\\/\\\/www.webdo.tn\\\/fr\\\/\",\"name\":\"webdo\",\"description\":\"Tunisie - News en Tunisie et \u00e0 l&#039;international sur Webdo.tn\",\"publisher\":{\"@id\":\"https:\\\/\\\/www.webdo.tn\\\/fr\\\/#organization\"},\"potentialAction\":[{\"@type\":\"SearchAction\",\"target\":{\"@type\":\"EntryPoint\",\"urlTemplate\":\"https:\\\/\\\/www.webdo.tn\\\/fr\\\/?s={search_term_string}\"},\"query-input\":{\"@type\":\"PropertyValueSpecification\",\"valueRequired\":true,\"valueName\":\"search_term_string\"}}],\"inLanguage\":\"fr-FR\"},{\"@type\":\"Organization\",\"@id\":\"https:\\\/\\\/www.webdo.tn\\\/fr\\\/#organization\",\"name\":\"Webdo\",\"alternateName\":\"Webdo.tn\",\"url\":\"https:\\\/\\\/www.webdo.tn\\\/fr\\\/\",\"logo\":{\"@type\":\"ImageObject\",\"inLanguage\":\"fr-FR\",\"@id\":\"https:\\\/\\\/www.webdo.tn\\\/fr\\\/#\\\/schema\\\/logo\\\/image\\\/\",\"url\":\"https:\\\/\\\/www.webdo.tn\\\/fr\\\/wp-content\\\/uploads\\\/2025\\\/06\\\/Webdo-Tunisie_168377.jpg\",\"contentUrl\":\"https:\\\/\\\/www.webdo.tn\\\/fr\\\/wp-content\\\/uploads\\\/2025\\\/06\\\/Webdo-Tunisie_168377.jpg\",\"width\":301,\"height\":301,\"caption\":\"Webdo\"},\"image\":{\"@id\":\"https:\\\/\\\/www.webdo.tn\\\/fr\\\/#\\\/schema\\\/logo\\\/image\\\/\"},\"sameAs\":[\"https:\\\/\\\/www.facebook.com\\\/webdotn\",\"https:\\\/\\\/x.com\\\/webdo_tn\"],\"description\":\"Webdo est un m\u00e9dia num\u00e9rique tunisien fond\u00e9 en 2010, sp\u00e9cialis\u00e9 dans l\u2019actualit\u00e9 nationale et internationale, l\u2019\u00e9conomie, la soci\u00e9t\u00e9 et les analyses politiques. Le site s\u2019adresse \u00e0 un large public francophone et couvre l\u2019information tunisienne en temps r\u00e9el.\",\"email\":\"redac@webdo.tn\",\"legalName\":\"YNJ SARL\",\"foundingDate\":\"2010-09-06\",\"numberOfEmployees\":{\"@type\":\"QuantitativeValue\",\"minValue\":\"11\",\"maxValue\":\"50\"}},{\"@type\":\"Person\",\"@id\":\"https:\\\/\\\/www.webdo.tn\\\/fr\\\/#\\\/schema\\\/person\\\/2c4929cbf5a809e3bd38617c6ce150f6\",\"name\":\"MC\",\"image\":{\"@type\":\"ImageObject\",\"inLanguage\":\"fr-FR\",\"@id\":\"https:\\\/\\\/secure.gravatar.com\\\/avatar\\\/a545bbb6f84efdd5553dbbc2895e3ca8f1d12c5215e00a041c9670b54aa9b18a?s=96&d=mm&r=g\",\"url\":\"https:\\\/\\\/secure.gravatar.com\\\/avatar\\\/a545bbb6f84efdd5553dbbc2895e3ca8f1d12c5215e00a041c9670b54aa9b18a?s=96&d=mm&r=g\",\"contentUrl\":\"https:\\\/\\\/secure.gravatar.com\\\/avatar\\\/a545bbb6f84efdd5553dbbc2895e3ca8f1d12c5215e00a041c9670b54aa9b18a?s=96&d=mm&r=g\",\"caption\":\"MC\"},\"url\":\"https:\\\/\\\/www.webdo.tn\\\/fr\\\/actualite\\\/author\\\/mc\\\/\"}]}<\/script>\n<!-- \/ Yoast SEO Premium plugin. -->","yoast_head_json":{"title":"Mariem Dabbagh condamn\u00e9e \u00e0 quatre mois de prison ferme","description":"Mariem Dabbagh a \u00e9t\u00e9 condamn\u00e9e dans une affaire de diffamation \u00e0 l'encontre de Hanen Elleuch, rapporte Mosaique fm.","canonical":"https:\/\/www.webdo.tn\/fr\/actualite\/divers\/mariem-dabbagh-condamnee-a-quatre-mois-de-prison-ferme\/210459\/","og_locale":"fr_FR","og_type":"article","og_title":"Mariem Dabbagh condamn\u00e9e \u00e0 quatre mois de prison ferme","og_description":"Mariem Dabbagh a \u00e9t\u00e9 condamn\u00e9e dans une affaire de diffamation \u00e0 l'encontre de Hanen Elleuch, rapporte Mosaique fm.","og_url":"https:\/\/www.webdo.tn\/fr\/actualite\/divers\/mariem-dabbagh-condamnee-a-quatre-mois-de-prison-ferme\/210459\/","og_site_name":"webdo","article_publisher":"https:\/\/www.facebook.com\/webdotn","article_published_time":"2023-11-29T21:43:00+00:00","article_modified_time":"2025-05-20T21:55:15+00:00","og_image":[{"width":750,"height":400,"url":"https:\/\/www.webdo.tn\/fr\/wp-content\/uploads\/2023\/11\/4fe53ada41170975d093658515f534dd.jpg","type":"image\/jpeg"}],"author":"MC","twitter_card":"summary_large_image","twitter_creator":"@webdo_tn","twitter_site":"@webdo_tn","twitter_misc":{"\u00c9crit par":"MC","Dur\u00e9e de lecture estim\u00e9e":"1 minute"},"schema":{"@context":"https:\/\/schema.org","@graph":[{"@type":"NewsArticle","@id":"https:\/\/www.webdo.tn\/fr\/actualite\/divers\/mariem-dabbagh-condamnee-a-quatre-mois-de-prison-ferme\/210459\/#article","isPartOf":{"@id":"https:\/\/www.webdo.tn\/fr\/actualite\/divers\/mariem-dabbagh-condamnee-a-quatre-mois-de-prison-ferme\/210459\/"},"author":{"name":"MC","@id":"https:\/\/www.webdo.tn\/fr\/#\/schema\/person\/2c4929cbf5a809e3bd38617c6ce150f6"},"headline":"Mariem Dabbagh condamn\u00e9e \u00e0 quatre mois de prison ferme","datePublished":"2023-11-29T21:43:00+00:00","dateModified":"2025-05-20T21:55:15+00:00","mainEntityOfPage":{"@id":"https:\/\/www.webdo.tn\/fr\/actualite\/divers\/mariem-dabbagh-condamnee-a-quatre-mois-de-prison-ferme\/210459\/"},"wordCount":287,"commentCount":0,"publisher":{"@id":"https:\/\/www.webdo.tn\/fr\/#organization"},"image":{"@id":"https:\/\/www.webdo.tn\/fr\/actualite\/divers\/mariem-dabbagh-condamnee-a-quatre-mois-de-prison-ferme\/210459\/#primaryimage"},"thumbnailUrl":"https:\/\/www.webdo.tn\/fr\/wp-content\/uploads\/2023\/11\/4fe53ada41170975d093658515f534dd.jpg","keywords":["diffamation","justice","mariem dabbagh","Prison"],"articleSection":["Divers"],"inLanguage":"fr-FR"},{"@type":"WebPage","@id":"https:\/\/www.webdo.tn\/fr\/actualite\/divers\/mariem-dabbagh-condamnee-a-quatre-mois-de-prison-ferme\/210459\/","url":"https:\/\/www.webdo.tn\/fr\/actualite\/divers\/mariem-dabbagh-condamnee-a-quatre-mois-de-prison-ferme\/210459\/","name":"Mariem Dabbagh condamn\u00e9e \u00e0 quatre mois de prison ferme","isPartOf":{"@id":"https:\/\/www.webdo.tn\/fr\/#website"},"primaryImageOfPage":{"@id":"https:\/\/www.webdo.tn\/fr\/actualite\/divers\/mariem-dabbagh-condamnee-a-quatre-mois-de-prison-ferme\/210459\/#primaryimage"},"image":{"@id":"https:\/\/www.webdo.tn\/fr\/actualite\/divers\/mariem-dabbagh-condamnee-a-quatre-mois-de-prison-ferme\/210459\/#primaryimage"},"thumbnailUrl":"https:\/\/www.webdo.tn\/fr\/wp-content\/uploads\/2023\/11\/4fe53ada41170975d093658515f534dd.jpg","datePublished":"2023-11-29T21:43:00+00:00","dateModified":"2025-05-20T21:55:15+00:00","description":"Mariem Dabbagh a \u00e9t\u00e9 condamn\u00e9e dans une affaire de diffamation \u00e0 l'encontre de Hanen Elleuch, rapporte Mosaique fm.","breadcrumb":{"@id":"https:\/\/www.webdo.tn\/fr\/actualite\/divers\/mariem-dabbagh-condamnee-a-quatre-mois-de-prison-ferme\/210459\/#breadcrumb"},"inLanguage":"fr-FR","potentialAction":[{"@type":"ReadAction","target":["https:\/\/www.webdo.tn\/fr\/actualite\/divers\/mariem-dabbagh-condamnee-a-quatre-mois-de-prison-ferme\/210459\/"]}]},{"@type":"ImageObject","inLanguage":"fr-FR","@id":"https:\/\/www.webdo.tn\/fr\/actualite\/divers\/mariem-dabbagh-condamnee-a-quatre-mois-de-prison-ferme\/210459\/#primaryimage","url":"https:\/\/www.webdo.tn\/fr\/wp-content\/uploads\/2023\/11\/4fe53ada41170975d093658515f534dd.jpg","contentUrl":"https:\/\/www.webdo.tn\/fr\/wp-content\/uploads\/2023\/11\/4fe53ada41170975d093658515f534dd.jpg","width":750,"height":400,"caption":"Mariem Dabbagh condamn\u00e9e \u00e0 quatre mois de prison ferme"},{"@type":"BreadcrumbList","@id":"https:\/\/www.webdo.tn\/fr\/actualite\/divers\/mariem-dabbagh-condamnee-a-quatre-mois-de-prison-ferme\/210459\/#breadcrumb","itemListElement":[{"@type":"ListItem","position":1,"name":"Accueil","item":"https:\/\/www.webdo.tn\/fr\/"},{"@type":"ListItem","position":2,"name":"Mariem Dabbagh condamn\u00e9e \u00e0 quatre mois de prison ferme"}]},{"@type":"WebSite","@id":"https:\/\/www.webdo.tn\/fr\/#website","url":"https:\/\/www.webdo.tn\/fr\/","name":"webdo","description":"Tunisie - News en Tunisie et \u00e0 l&#039;international sur Webdo.tn","publisher":{"@id":"https:\/\/www.webdo.tn\/fr\/#organization"},"potentialAction":[{"@type":"SearchAction","target":{"@type":"EntryPoint","urlTemplate":"https:\/\/www.webdo.tn\/fr\/?s={search_term_string}"},"query-input":{"@type":"PropertyValueSpecification","valueRequired":true,"valueName":"search_term_string"}}],"inLanguage":"fr-FR"},{"@type":"Organization","@id":"https:\/\/www.webdo.tn\/fr\/#organization","name":"Webdo","alternateName":"Webdo.tn","url":"https:\/\/www.webdo.tn\/fr\/","logo":{"@type":"ImageObject","inLanguage":"fr-FR","@id":"https:\/\/www.webdo.tn\/fr\/#\/schema\/logo\/image\/","url":"https:\/\/www.webdo.tn\/fr\/wp-content\/uploads\/2025\/06\/Webdo-Tunisie_168377.jpg","contentUrl":"https:\/\/www.webdo.tn\/fr\/wp-content\/uploads\/2025\/06\/Webdo-Tunisie_168377.jpg","width":301,"height":301,"caption":"Webdo"},"image":{"@id":"https:\/\/www.webdo.tn\/fr\/#\/schema\/logo\/image\/"},"sameAs":["https:\/\/www.facebook.com\/webdotn","https:\/\/x.com\/webdo_tn"],"description":"Webdo est un m\u00e9dia num\u00e9rique tunisien fond\u00e9 en 2010, sp\u00e9cialis\u00e9 dans l\u2019actualit\u00e9 nationale et internationale, l\u2019\u00e9conomie, la soci\u00e9t\u00e9 et les analyses politiques. Le site s\u2019adresse \u00e0 un large public francophone et couvre l\u2019information tunisienne en temps r\u00e9el.","email":"redac@webdo.tn","legalName":"YNJ SARL","foundingDate":"2010-09-06","numberOfEmployees":{"@type":"QuantitativeValue","minValue":"11","maxValue":"50"}},{"@type":"Person","@id":"https:\/\/www.webdo.tn\/fr\/#\/schema\/person\/2c4929cbf5a809e3bd38617c6ce150f6","name":"MC","image":{"@type":"ImageObject","inLanguage":"fr-FR","@id":"https:\/\/secure.gravatar.com\/avatar\/a545bbb6f84efdd5553dbbc2895e3ca8f1d12c5215e00a041c9670b54aa9b18a?s=96&d=mm&r=g","url":"https:\/\/secure.gravatar.com\/avatar\/a545bbb6f84efdd5553dbbc2895e3ca8f1d12c5215e00a041c9670b54aa9b18a?s=96&d=mm&r=g","contentUrl":"https:\/\/secure.gravatar.com\/avatar\/a545bbb6f84efdd5553dbbc2895e3ca8f1d12c5215e00a041c9670b54aa9b18a?s=96&d=mm&r=g","caption":"MC"},"url":"https:\/\/www.webdo.tn\/fr\/actualite\/author\/mc\/"}]}},"_links":{"self":[{"href":"https:\/\/www.webdo.tn\/fr\/wp-json\/wp\/v2\/posts\/210459","targetHints":{"allow":["GET"]}}],"collection":[{"href":"https:\/\/www.webdo.tn\/fr\/wp-json\/wp\/v2\/posts"}],"about":[{"href":"https:\/\/www.webdo.tn\/fr\/wp-json\/wp\/v2\/types\/post"}],"author":[{"embeddable":true,"href":"https:\/\/www.webdo.tn\/fr\/wp-json\/wp\/v2\/users\/3162"}],"replies":[{"embeddable":true,"href":"https:\/\/www.webdo.tn\/fr\/wp-json\/wp\/v2\/comments?post=210459"}],"version-history":[{"count":0,"href":"https:\/\/www.webdo.tn\/fr\/wp-json\/wp\/v2\/posts\/210459\/revisions"}],"wp:featuredmedia":[{"embeddable":true,"href":"https:\/\/www.webdo.tn\/fr\/wp-json\/wp\/v2\/media\/248673"}],"wp:attachment":[{"href":"https:\/\/www.webdo.tn\/fr\/wp-json\/wp\/v2\/media?parent=210459"}],"wp:term":[{"taxonomy":"category","embeddable":true,"href":"https:\/\/www.webdo.tn\/fr\/wp-json\/wp\/v2\/categories?post=210459"},{"taxonomy":"post_tag","embeddable":true,"href":"https:\/\/www.webdo.tn\/fr\/wp-json\/wp\/v2\/tags?post=210459"}],"curies":[{"name":"wp","href":"https:\/\/api.w.org\/{rel}","templated":true}]}}