{"id":210449,"date":"2023-11-29T14:17:00","date_gmt":"2023-11-29T14:17:00","guid":{"rendered":"https:\/\/www.webdo.tn\/fr\/blog\/france-nouvelles-dispositions-pour-le-retrait-de-titres-de-sejour\/210449\/"},"modified":"2023-11-29T14:17:00","modified_gmt":"2023-11-29T14:17:00","slug":"france-nouvelles-dispositions-pour-le-retrait-de-titres-de-sejour","status":"publish","type":"post","link":"https:\/\/www.webdo.tn\/fr\/actualite\/national\/france-nouvelles-dispositions-pour-le-retrait-de-titres-de-sejour\/210449\/","title":{"rendered":"France : nouvelles dispositions pour le retrait de titres de s\u00e9jour !"},"content":{"rendered":"<p>Des propositions allant de l&rsquo;instauration de quotas \u00e0 la r\u00e9duction des possibilit\u00e9s de r\u00e9unification familiale, le projet de loi sur l&rsquo;immigration et l&rsquo;int\u00e9gration, adopt\u00e9 par le S\u00e9nat fran\u00e7ais le 14 novembre 2023, suscite des r\u00e9actions passionn\u00e9es quant \u00e0 l&rsquo;impact potentiel sur les \u00e9trangers r\u00e9sidant en France.<\/p>\n<p>\t\t\t\t\t\t\t\t\tCe projet de loi marque un tournant dans la politique migratoire de la France par les ajustements notables qu\u2019il comporte, notamment l&rsquo;introduction de quotas migratoires, la r\u00e9vision des conditions d&rsquo;acc\u00e8s au regroupement familial, et la cr\u00e9ation de nouvelles dispositions pour le retrait de titres de s\u00e9jour.<\/p>\n<p>Le renforcement des exigences linguistiques pour l&rsquo;obtention d&rsquo;un titre de s\u00e9jour de longue dur\u00e9e et la suppression de l&rsquo;article permettant la r\u00e9gularisation des \u00e9trangers travaillant dans des secteurs en tension s&rsquo;inscrivent dans un paysage l\u00e9gislatif qui cherche \u00e0 lier \u00e9troitement la r\u00e9sidence r\u00e9guli\u00e8re \u00e0 l&rsquo;obtention de certaines prestations sociales, introduisant, par l\u00e0-m\u00eame, une conditionnalit\u00e9 accrue.<\/p>\n<p>La tendance vers des politiques migratoires plus s\u00e9v\u00e8res est illustr\u00e9e, par ailleurs, par la r\u00e9forme du syst\u00e8me d&rsquo;asile. Celle-ci pr\u00e9voit des limitations sur les possibilit\u00e9s de r\u00e9unification familiale et des obligations de d\u00e9part pour les demandeurs d&rsquo;asile d\u00e9bout\u00e9s.<\/p>\n<p>Dans un contexte mondial o\u00f9 l\u2019immigration \u2013 en provenance notamment des pays du sud de la M\u00e9diterran\u00e9e (Tunisie, Libye et Maroc) \u2013 est \u00e0 son apog\u00e9e, ces nouvelles mesures donnent une id\u00e9e de l\u2019orientation nouvelle que va adopter la France en mati\u00e8re de politique migratoire et qui appelle\u00a0 une r\u00e9flexion approfondie sur les \u00e9quilibres \u00e0 trouver entre s\u00e9curit\u00e9 nationale et protection des droits fondamentaux.<\/p>\n","protected":false},"excerpt":{"rendered":"<p>Ce projet de loi marque un tournant dans la politique migratoire de la France par les ajustements notables qu\u2019il comporte, notamment l&rsquo;introduction de quotas mi&#8230;<\/p>\n","protected":false},"author":3203,"featured_media":248672,"comment_status":"open","ping_status":"closed","sticky":false,"template":"","format":"standard","meta":{"footnotes":""},"categories":[44],"tags":[7479,2998],"class_list":["post-210449","post","type-post","status-publish","format-standard","has-post-thumbnail","hentry","category-national","tag-carte-ce-sejour","tag-france"],"yoast_head":"<!-- This site is optimized with the Yoast SEO Premium plugin v27.5 (Yoast SEO v27.5) - https:\/\/yoast.com\/product\/yoast-seo-premium-wordpress\/ -->\n<title>France : nouvelles dispositions pour le retrait de titres de s\u00e9jour !<\/title>\n<meta name=\"description\" content=\"Ce projet de loi marque un tournant dans la politique migratoire de la France par les ajustements notables qu\u2019il comporte, notamment l&#039;introduction de quotas mi...\" \/>\n<link rel=\"canonical\" href=\"https:\/\/www.webdo.tn\/fr\/actualite\/national\/france-nouvelles-dispositions-pour-le-retrait-de-titres-de-sejour\/210449\/\" \/>\n<meta property=\"og:locale\" content=\"fr_FR\" \/>\n<meta property=\"og:type\" content=\"article\" \/>\n<meta property=\"og:title\" content=\"France : nouvelles dispositions pour le retrait de titres de s\u00e9jour !\" \/>\n<meta property=\"og:description\" content=\"Ce projet de loi marque un tournant dans la politique migratoire de la France par les ajustements notables qu\u2019il comporte, notamment l&#039;introduction de quotas mi...\" \/>\n<meta property=\"og:url\" content=\"https:\/\/www.webdo.tn\/fr\/actualite\/national\/france-nouvelles-dispositions-pour-le-retrait-de-titres-de-sejour\/210449\/\" \/>\n<meta property=\"og:site_name\" content=\"webdo\" \/>\n<meta property=\"article:publisher\" content=\"https:\/\/www.facebook.com\/webdotn\" \/>\n<meta property=\"article:published_time\" content=\"2023-11-29T14:17:00+00:00\" \/>\n<meta property=\"og:image\" content=\"https:\/\/www.webdo.tn\/fr\/wp-content\/uploads\/2023\/11\/b09e51082213b1bd4a1a686c7296f124.jpg\" \/>\n\t<meta property=\"og:image:width\" content=\"628\" \/>\n\t<meta property=\"og:image:height\" content=\"335\" \/>\n\t<meta property=\"og:image:type\" content=\"image\/jpeg\" \/>\n<meta name=\"author\" content=\"Ramzi Haddad\" \/>\n<meta name=\"twitter:card\" content=\"summary_large_image\" \/>\n<meta name=\"twitter:creator\" content=\"@webdo_tn\" \/>\n<meta name=\"twitter:site\" content=\"@webdo_tn\" \/>\n<meta name=\"twitter:label1\" content=\"\u00c9crit par\" \/>\n\t<meta name=\"twitter:data1\" content=\"Ramzi Haddad\" \/>\n\t<meta name=\"twitter:label2\" content=\"Dur\u00e9e de lecture estim\u00e9e\" \/>\n\t<meta name=\"twitter:data2\" content=\"1 minute\" \/>\n<script type=\"application\/ld+json\" class=\"yoast-schema-graph\">{\"@context\":\"https:\\\/\\\/schema.org\",\"@graph\":[{\"@type\":\"NewsArticle\",\"@id\":\"https:\\\/\\\/www.webdo.tn\\\/fr\\\/actualite\\\/national\\\/france-nouvelles-dispositions-pour-le-retrait-de-titres-de-sejour\\\/210449\\\/#article\",\"isPartOf\":{\"@id\":\"https:\\\/\\\/www.webdo.tn\\\/fr\\\/actualite\\\/national\\\/france-nouvelles-dispositions-pour-le-retrait-de-titres-de-sejour\\\/210449\\\/\"},\"author\":{\"name\":\"Ramzi Haddad\",\"@id\":\"https:\\\/\\\/www.webdo.tn\\\/fr\\\/#\\\/schema\\\/person\\\/5663044c25eb36d8f88ba5b653f12f8c\"},\"headline\":\"France : nouvelles dispositions pour le retrait de titres de s\u00e9jour !\",\"datePublished\":\"2023-11-29T14:17:00+00:00\",\"mainEntityOfPage\":{\"@id\":\"https:\\\/\\\/www.webdo.tn\\\/fr\\\/actualite\\\/national\\\/france-nouvelles-dispositions-pour-le-retrait-de-titres-de-sejour\\\/210449\\\/\"},\"wordCount\":306,\"commentCount\":0,\"publisher\":{\"@id\":\"https:\\\/\\\/www.webdo.tn\\\/fr\\\/#organization\"},\"image\":{\"@id\":\"https:\\\/\\\/www.webdo.tn\\\/fr\\\/actualite\\\/national\\\/france-nouvelles-dispositions-pour-le-retrait-de-titres-de-sejour\\\/210449\\\/#primaryimage\"},\"thumbnailUrl\":\"https:\\\/\\\/www.webdo.tn\\\/fr\\\/wp-content\\\/uploads\\\/2023\\\/11\\\/b09e51082213b1bd4a1a686c7296f124.jpg\",\"keywords\":[\"carte ce s\u00e9jour\",\"france\"],\"articleSection\":[\"National\"],\"inLanguage\":\"fr-FR\"},{\"@type\":\"WebPage\",\"@id\":\"https:\\\/\\\/www.webdo.tn\\\/fr\\\/actualite\\\/national\\\/france-nouvelles-dispositions-pour-le-retrait-de-titres-de-sejour\\\/210449\\\/\",\"url\":\"https:\\\/\\\/www.webdo.tn\\\/fr\\\/actualite\\\/national\\\/france-nouvelles-dispositions-pour-le-retrait-de-titres-de-sejour\\\/210449\\\/\",\"name\":\"France : nouvelles dispositions pour le retrait de titres de s\u00e9jour !\",\"isPartOf\":{\"@id\":\"https:\\\/\\\/www.webdo.tn\\\/fr\\\/#website\"},\"primaryImageOfPage\":{\"@id\":\"https:\\\/\\\/www.webdo.tn\\\/fr\\\/actualite\\\/national\\\/france-nouvelles-dispositions-pour-le-retrait-de-titres-de-sejour\\\/210449\\\/#primaryimage\"},\"image\":{\"@id\":\"https:\\\/\\\/www.webdo.tn\\\/fr\\\/actualite\\\/national\\\/france-nouvelles-dispositions-pour-le-retrait-de-titres-de-sejour\\\/210449\\\/#primaryimage\"},\"thumbnailUrl\":\"https:\\\/\\\/www.webdo.tn\\\/fr\\\/wp-content\\\/uploads\\\/2023\\\/11\\\/b09e51082213b1bd4a1a686c7296f124.jpg\",\"datePublished\":\"2023-11-29T14:17:00+00:00\",\"description\":\"Ce projet de loi marque un tournant dans la politique migratoire de la France par les ajustements notables qu\u2019il comporte, notamment l'introduction de quotas mi...\",\"breadcrumb\":{\"@id\":\"https:\\\/\\\/www.webdo.tn\\\/fr\\\/actualite\\\/national\\\/france-nouvelles-dispositions-pour-le-retrait-de-titres-de-sejour\\\/210449\\\/#breadcrumb\"},\"inLanguage\":\"fr-FR\",\"potentialAction\":[{\"@type\":\"ReadAction\",\"target\":[\"https:\\\/\\\/www.webdo.tn\\\/fr\\\/actualite\\\/national\\\/france-nouvelles-dispositions-pour-le-retrait-de-titres-de-sejour\\\/210449\\\/\"]}]},{\"@type\":\"ImageObject\",\"inLanguage\":\"fr-FR\",\"@id\":\"https:\\\/\\\/www.webdo.tn\\\/fr\\\/actualite\\\/national\\\/france-nouvelles-dispositions-pour-le-retrait-de-titres-de-sejour\\\/210449\\\/#primaryimage\",\"url\":\"https:\\\/\\\/www.webdo.tn\\\/fr\\\/wp-content\\\/uploads\\\/2023\\\/11\\\/b09e51082213b1bd4a1a686c7296f124.jpg\",\"contentUrl\":\"https:\\\/\\\/www.webdo.tn\\\/fr\\\/wp-content\\\/uploads\\\/2023\\\/11\\\/b09e51082213b1bd4a1a686c7296f124.jpg\",\"width\":628,\"height\":335,\"caption\":\"France : nouvelles dispositions pour le retrait de titres de s\u00e9jour !\"},{\"@type\":\"BreadcrumbList\",\"@id\":\"https:\\\/\\\/www.webdo.tn\\\/fr\\\/actualite\\\/national\\\/france-nouvelles-dispositions-pour-le-retrait-de-titres-de-sejour\\\/210449\\\/#breadcrumb\",\"itemListElement\":[{\"@type\":\"ListItem\",\"position\":1,\"name\":\"Accueil\",\"item\":\"https:\\\/\\\/www.webdo.tn\\\/fr\\\/\"},{\"@type\":\"ListItem\",\"position\":2,\"name\":\"France : nouvelles dispositions pour le retrait de titres de s\u00e9jour !\"}]},{\"@type\":\"WebSite\",\"@id\":\"https:\\\/\\\/www.webdo.tn\\\/fr\\\/#website\",\"url\":\"https:\\\/\\\/www.webdo.tn\\\/fr\\\/\",\"name\":\"webdo\",\"description\":\"Tunisie - News en Tunisie et \u00e0 l&#039;international sur Webdo.tn\",\"publisher\":{\"@id\":\"https:\\\/\\\/www.webdo.tn\\\/fr\\\/#organization\"},\"potentialAction\":[{\"@type\":\"SearchAction\",\"target\":{\"@type\":\"EntryPoint\",\"urlTemplate\":\"https:\\\/\\\/www.webdo.tn\\\/fr\\\/?s={search_term_string}\"},\"query-input\":{\"@type\":\"PropertyValueSpecification\",\"valueRequired\":true,\"valueName\":\"search_term_string\"}}],\"inLanguage\":\"fr-FR\"},{\"@type\":\"Organization\",\"@id\":\"https:\\\/\\\/www.webdo.tn\\\/fr\\\/#organization\",\"name\":\"Webdo\",\"alternateName\":\"Webdo.tn\",\"url\":\"https:\\\/\\\/www.webdo.tn\\\/fr\\\/\",\"logo\":{\"@type\":\"ImageObject\",\"inLanguage\":\"fr-FR\",\"@id\":\"https:\\\/\\\/www.webdo.tn\\\/fr\\\/#\\\/schema\\\/logo\\\/image\\\/\",\"url\":\"https:\\\/\\\/www.webdo.tn\\\/fr\\\/wp-content\\\/uploads\\\/2025\\\/06\\\/Webdo-Tunisie_168377.jpg\",\"contentUrl\":\"https:\\\/\\\/www.webdo.tn\\\/fr\\\/wp-content\\\/uploads\\\/2025\\\/06\\\/Webdo-Tunisie_168377.jpg\",\"width\":301,\"height\":301,\"caption\":\"Webdo\"},\"image\":{\"@id\":\"https:\\\/\\\/www.webdo.tn\\\/fr\\\/#\\\/schema\\\/logo\\\/image\\\/\"},\"sameAs\":[\"https:\\\/\\\/www.facebook.com\\\/webdotn\",\"https:\\\/\\\/x.com\\\/webdo_tn\"],\"description\":\"Webdo est un m\u00e9dia num\u00e9rique tunisien fond\u00e9 en 2010, sp\u00e9cialis\u00e9 dans l\u2019actualit\u00e9 nationale et internationale, l\u2019\u00e9conomie, la soci\u00e9t\u00e9 et les analyses politiques. Le site s\u2019adresse \u00e0 un large public francophone et couvre l\u2019information tunisienne en temps r\u00e9el.\",\"email\":\"redac@webdo.tn\",\"legalName\":\"YNJ SARL\",\"foundingDate\":\"2010-09-06\",\"numberOfEmployees\":{\"@type\":\"QuantitativeValue\",\"minValue\":\"11\",\"maxValue\":\"50\"}},{\"@type\":\"Person\",\"@id\":\"https:\\\/\\\/www.webdo.tn\\\/fr\\\/#\\\/schema\\\/person\\\/5663044c25eb36d8f88ba5b653f12f8c\",\"name\":\"Ramzi Haddad\",\"image\":{\"@type\":\"ImageObject\",\"inLanguage\":\"fr-FR\",\"@id\":\"https:\\\/\\\/www.webdo.tn\\\/fr\\\/wp-content\\\/uploads\\\/2026\\\/04\\\/ramzi-haddad_avatar-96x96.jpg\",\"url\":\"https:\\\/\\\/www.webdo.tn\\\/fr\\\/wp-content\\\/uploads\\\/2026\\\/04\\\/ramzi-haddad_avatar-96x96.jpg\",\"contentUrl\":\"https:\\\/\\\/www.webdo.tn\\\/fr\\\/wp-content\\\/uploads\\\/2026\\\/04\\\/ramzi-haddad_avatar-96x96.jpg\",\"caption\":\"Ramzi Haddad\"},\"description\":\"Signature \u00e9ditoriale de Walid Ben Youssef Ramzi Haddad est le pseudonyme \u00e9ditorial de Walid Ben Youssef, fondateur et g\u00e9rant de Webdo.tn. Cette signature est d\u00e9di\u00e9e \u00e0 la couverture de l'actualit\u00e9 nationale et internationale, ainsi qu'aux analyses des dynamiques num\u00e9riques. Ce profil b\u00e9n\u00e9ficie de l'expertise de Walid Ben Youssef, pionnier du web en Tunisie depuis 2000 et dipl\u00f4m\u00e9 en Math\u00e9matiques pures de l'Universit\u00e9 d'Oregon. \u00c0 travers cette signature, la r\u00e9daction de Webdo garantit une information structur\u00e9e et v\u00e9rifi\u00e9e, fid\u00e8le aux standards journalistiques du m\u00e9dia.\",\"url\":\"https:\\\/\\\/www.webdo.tn\\\/fr\\\/actualite\\\/author\\\/ramzi-haddad\\\/\"}]}<\/script>\n<!-- \/ Yoast SEO Premium plugin. -->","yoast_head_json":{"title":"France : nouvelles dispositions pour le retrait de titres de s\u00e9jour !","description":"Ce projet de loi marque un tournant dans la politique migratoire de la France par les ajustements notables qu\u2019il comporte, notamment l'introduction de quotas mi...","canonical":"https:\/\/www.webdo.tn\/fr\/actualite\/national\/france-nouvelles-dispositions-pour-le-retrait-de-titres-de-sejour\/210449\/","og_locale":"fr_FR","og_type":"article","og_title":"France : nouvelles dispositions pour le retrait de titres de s\u00e9jour !","og_description":"Ce projet de loi marque un tournant dans la politique migratoire de la France par les ajustements notables qu\u2019il comporte, notamment l'introduction de quotas mi...","og_url":"https:\/\/www.webdo.tn\/fr\/actualite\/national\/france-nouvelles-dispositions-pour-le-retrait-de-titres-de-sejour\/210449\/","og_site_name":"webdo","article_publisher":"https:\/\/www.facebook.com\/webdotn","article_published_time":"2023-11-29T14:17:00+00:00","og_image":[{"width":628,"height":335,"url":"https:\/\/www.webdo.tn\/fr\/wp-content\/uploads\/2023\/11\/b09e51082213b1bd4a1a686c7296f124.jpg","type":"image\/jpeg"}],"author":"Ramzi Haddad","twitter_card":"summary_large_image","twitter_creator":"@webdo_tn","twitter_site":"@webdo_tn","twitter_misc":{"\u00c9crit par":"Ramzi Haddad","Dur\u00e9e de lecture estim\u00e9e":"1 minute"},"schema":{"@context":"https:\/\/schema.org","@graph":[{"@type":"NewsArticle","@id":"https:\/\/www.webdo.tn\/fr\/actualite\/national\/france-nouvelles-dispositions-pour-le-retrait-de-titres-de-sejour\/210449\/#article","isPartOf":{"@id":"https:\/\/www.webdo.tn\/fr\/actualite\/national\/france-nouvelles-dispositions-pour-le-retrait-de-titres-de-sejour\/210449\/"},"author":{"name":"Ramzi Haddad","@id":"https:\/\/www.webdo.tn\/fr\/#\/schema\/person\/5663044c25eb36d8f88ba5b653f12f8c"},"headline":"France : nouvelles dispositions pour le retrait de titres de s\u00e9jour !","datePublished":"2023-11-29T14:17:00+00:00","mainEntityOfPage":{"@id":"https:\/\/www.webdo.tn\/fr\/actualite\/national\/france-nouvelles-dispositions-pour-le-retrait-de-titres-de-sejour\/210449\/"},"wordCount":306,"commentCount":0,"publisher":{"@id":"https:\/\/www.webdo.tn\/fr\/#organization"},"image":{"@id":"https:\/\/www.webdo.tn\/fr\/actualite\/national\/france-nouvelles-dispositions-pour-le-retrait-de-titres-de-sejour\/210449\/#primaryimage"},"thumbnailUrl":"https:\/\/www.webdo.tn\/fr\/wp-content\/uploads\/2023\/11\/b09e51082213b1bd4a1a686c7296f124.jpg","keywords":["carte ce s\u00e9jour","france"],"articleSection":["National"],"inLanguage":"fr-FR"},{"@type":"WebPage","@id":"https:\/\/www.webdo.tn\/fr\/actualite\/national\/france-nouvelles-dispositions-pour-le-retrait-de-titres-de-sejour\/210449\/","url":"https:\/\/www.webdo.tn\/fr\/actualite\/national\/france-nouvelles-dispositions-pour-le-retrait-de-titres-de-sejour\/210449\/","name":"France : nouvelles dispositions pour le retrait de titres de s\u00e9jour !","isPartOf":{"@id":"https:\/\/www.webdo.tn\/fr\/#website"},"primaryImageOfPage":{"@id":"https:\/\/www.webdo.tn\/fr\/actualite\/national\/france-nouvelles-dispositions-pour-le-retrait-de-titres-de-sejour\/210449\/#primaryimage"},"image":{"@id":"https:\/\/www.webdo.tn\/fr\/actualite\/national\/france-nouvelles-dispositions-pour-le-retrait-de-titres-de-sejour\/210449\/#primaryimage"},"thumbnailUrl":"https:\/\/www.webdo.tn\/fr\/wp-content\/uploads\/2023\/11\/b09e51082213b1bd4a1a686c7296f124.jpg","datePublished":"2023-11-29T14:17:00+00:00","description":"Ce projet de loi marque un tournant dans la politique migratoire de la France par les ajustements notables qu\u2019il comporte, notamment l'introduction de quotas mi...","breadcrumb":{"@id":"https:\/\/www.webdo.tn\/fr\/actualite\/national\/france-nouvelles-dispositions-pour-le-retrait-de-titres-de-sejour\/210449\/#breadcrumb"},"inLanguage":"fr-FR","potentialAction":[{"@type":"ReadAction","target":["https:\/\/www.webdo.tn\/fr\/actualite\/national\/france-nouvelles-dispositions-pour-le-retrait-de-titres-de-sejour\/210449\/"]}]},{"@type":"ImageObject","inLanguage":"fr-FR","@id":"https:\/\/www.webdo.tn\/fr\/actualite\/national\/france-nouvelles-dispositions-pour-le-retrait-de-titres-de-sejour\/210449\/#primaryimage","url":"https:\/\/www.webdo.tn\/fr\/wp-content\/uploads\/2023\/11\/b09e51082213b1bd4a1a686c7296f124.jpg","contentUrl":"https:\/\/www.webdo.tn\/fr\/wp-content\/uploads\/2023\/11\/b09e51082213b1bd4a1a686c7296f124.jpg","width":628,"height":335,"caption":"France : nouvelles dispositions pour le retrait de titres de s\u00e9jour !"},{"@type":"BreadcrumbList","@id":"https:\/\/www.webdo.tn\/fr\/actualite\/national\/france-nouvelles-dispositions-pour-le-retrait-de-titres-de-sejour\/210449\/#breadcrumb","itemListElement":[{"@type":"ListItem","position":1,"name":"Accueil","item":"https:\/\/www.webdo.tn\/fr\/"},{"@type":"ListItem","position":2,"name":"France : nouvelles dispositions pour le retrait de titres de s\u00e9jour !"}]},{"@type":"WebSite","@id":"https:\/\/www.webdo.tn\/fr\/#website","url":"https:\/\/www.webdo.tn\/fr\/","name":"webdo","description":"Tunisie - News en Tunisie et \u00e0 l&#039;international sur Webdo.tn","publisher":{"@id":"https:\/\/www.webdo.tn\/fr\/#organization"},"potentialAction":[{"@type":"SearchAction","target":{"@type":"EntryPoint","urlTemplate":"https:\/\/www.webdo.tn\/fr\/?s={search_term_string}"},"query-input":{"@type":"PropertyValueSpecification","valueRequired":true,"valueName":"search_term_string"}}],"inLanguage":"fr-FR"},{"@type":"Organization","@id":"https:\/\/www.webdo.tn\/fr\/#organization","name":"Webdo","alternateName":"Webdo.tn","url":"https:\/\/www.webdo.tn\/fr\/","logo":{"@type":"ImageObject","inLanguage":"fr-FR","@id":"https:\/\/www.webdo.tn\/fr\/#\/schema\/logo\/image\/","url":"https:\/\/www.webdo.tn\/fr\/wp-content\/uploads\/2025\/06\/Webdo-Tunisie_168377.jpg","contentUrl":"https:\/\/www.webdo.tn\/fr\/wp-content\/uploads\/2025\/06\/Webdo-Tunisie_168377.jpg","width":301,"height":301,"caption":"Webdo"},"image":{"@id":"https:\/\/www.webdo.tn\/fr\/#\/schema\/logo\/image\/"},"sameAs":["https:\/\/www.facebook.com\/webdotn","https:\/\/x.com\/webdo_tn"],"description":"Webdo est un m\u00e9dia num\u00e9rique tunisien fond\u00e9 en 2010, sp\u00e9cialis\u00e9 dans l\u2019actualit\u00e9 nationale et internationale, l\u2019\u00e9conomie, la soci\u00e9t\u00e9 et les analyses politiques. Le site s\u2019adresse \u00e0 un large public francophone et couvre l\u2019information tunisienne en temps r\u00e9el.","email":"redac@webdo.tn","legalName":"YNJ SARL","foundingDate":"2010-09-06","numberOfEmployees":{"@type":"QuantitativeValue","minValue":"11","maxValue":"50"}},{"@type":"Person","@id":"https:\/\/www.webdo.tn\/fr\/#\/schema\/person\/5663044c25eb36d8f88ba5b653f12f8c","name":"Ramzi Haddad","image":{"@type":"ImageObject","inLanguage":"fr-FR","@id":"https:\/\/www.webdo.tn\/fr\/wp-content\/uploads\/2026\/04\/ramzi-haddad_avatar-96x96.jpg","url":"https:\/\/www.webdo.tn\/fr\/wp-content\/uploads\/2026\/04\/ramzi-haddad_avatar-96x96.jpg","contentUrl":"https:\/\/www.webdo.tn\/fr\/wp-content\/uploads\/2026\/04\/ramzi-haddad_avatar-96x96.jpg","caption":"Ramzi Haddad"},"description":"Signature \u00e9ditoriale de Walid Ben Youssef Ramzi Haddad est le pseudonyme \u00e9ditorial de Walid Ben Youssef, fondateur et g\u00e9rant de Webdo.tn. Cette signature est d\u00e9di\u00e9e \u00e0 la couverture de l'actualit\u00e9 nationale et internationale, ainsi qu'aux analyses des dynamiques num\u00e9riques. Ce profil b\u00e9n\u00e9ficie de l'expertise de Walid Ben Youssef, pionnier du web en Tunisie depuis 2000 et dipl\u00f4m\u00e9 en Math\u00e9matiques pures de l'Universit\u00e9 d'Oregon. \u00c0 travers cette signature, la r\u00e9daction de Webdo garantit une information structur\u00e9e et v\u00e9rifi\u00e9e, fid\u00e8le aux standards journalistiques du m\u00e9dia.","url":"https:\/\/www.webdo.tn\/fr\/actualite\/author\/ramzi-haddad\/"}]}},"_links":{"self":[{"href":"https:\/\/www.webdo.tn\/fr\/wp-json\/wp\/v2\/posts\/210449","targetHints":{"allow":["GET"]}}],"collection":[{"href":"https:\/\/www.webdo.tn\/fr\/wp-json\/wp\/v2\/posts"}],"about":[{"href":"https:\/\/www.webdo.tn\/fr\/wp-json\/wp\/v2\/types\/post"}],"author":[{"embeddable":true,"href":"https:\/\/www.webdo.tn\/fr\/wp-json\/wp\/v2\/users\/3203"}],"replies":[{"embeddable":true,"href":"https:\/\/www.webdo.tn\/fr\/wp-json\/wp\/v2\/comments?post=210449"}],"version-history":[{"count":0,"href":"https:\/\/www.webdo.tn\/fr\/wp-json\/wp\/v2\/posts\/210449\/revisions"}],"wp:featuredmedia":[{"embeddable":true,"href":"https:\/\/www.webdo.tn\/fr\/wp-json\/wp\/v2\/media\/248672"}],"wp:attachment":[{"href":"https:\/\/www.webdo.tn\/fr\/wp-json\/wp\/v2\/media?parent=210449"}],"wp:term":[{"taxonomy":"category","embeddable":true,"href":"https:\/\/www.webdo.tn\/fr\/wp-json\/wp\/v2\/categories?post=210449"},{"taxonomy":"post_tag","embeddable":true,"href":"https:\/\/www.webdo.tn\/fr\/wp-json\/wp\/v2\/tags?post=210449"}],"curies":[{"name":"wp","href":"https:\/\/api.w.org\/{rel}","templated":true}]}}