{"id":210448,"date":"2023-11-29T14:09:00","date_gmt":"2023-11-29T14:09:00","guid":{"rendered":"https:\/\/www.webdo.tn\/fr\/blog\/ooredoo-revolutionne-les-communications-en-tunisie-avec-le-deploiement-de-la-volte-et-de-l-ipv6\/210448\/"},"modified":"2025-05-20T22:32:37","modified_gmt":"2025-05-20T22:32:37","slug":"ooredoo-revolutionne-les-communications-en-tunisie-avec-le-deploiement-de-la-volte-et-de-l-ipv6","status":"publish","type":"post","link":"https:\/\/www.webdo.tn\/fr\/actualite\/national\/ooredoo-revolutionne-les-communications-en-tunisie-avec-le-deploiement-de-la-volte-et-de-l-ipv6\/210448\/","title":{"rendered":"Ooredoo r\u00e9volutionne les communications en Tunisie avec le d\u00e9ploiement de la VoLTE et de l\u2019IPV6"},"content":{"rendered":"<p>Ooredoo Tunisie, Leader du march\u00e9 des t\u00e9l\u00e9communications, fid\u00e8le \u00e0 ses valeurs notamment d\u2019\u00eatre toujours \u00e0 la pointe de l&rsquo;innovation en mati\u00e8re de t\u00e9l\u00e9communications a annonc\u00e9 lors d&rsquo;une conf\u00e9rence de presse en pr\u00e9sence du ministre des Technologies de la Communication et de l&rsquo;\u00c9conomie num\u00e9rique, M. Nizar Ben N\u00e9ji, le lancement officiel de deux technologies r\u00e9volutionnaires : La Voix sur LTE (VoLTE) et le d\u00e9ploiement d&rsquo;IPv6 \u00e0 travers ses r\u00e9seaux mobiles et fixe pour la premi\u00e8re fois en Tunisie, signalant un saut remarquable dans la communication num\u00e9rique pour la Tunisie.<\/p>\n<p>\t\t\t\t\t\t\t\t\tL&rsquo;introduction de la VoLTE repr\u00e9sente un moment d\u00e9cisif, permettant aux abonn\u00e9s d\u2019Ooredoo de b\u00e9n\u00e9ficier d&rsquo;une qualit\u00e9 audio in\u00e9gal\u00e9e pour les appels nationaux et internationaux. Ainsi, avec le lancement de VoLTE, les clients abonn\u00e9s Ooredoo Tunisie, dot\u00e9s de t\u00e9l\u00e9phones 4G ayant la fonctionnalit\u00e9 voix sur la 4G activ\u00e9e etayant effectu\u00e9 la derni\u00e8re mise \u00e0 jour Software, b\u00e9n\u00e9ficientautomatiquement de ce nouveau service.<\/p>\n<p>Par ailleurs, ce service assure une meilleure autonomie de la batterie, puisque la VoLTE consomme moins d&rsquo;\u00e9nergie que les appels vocaux traditionnels, ce qui am\u00e9liore la dur\u00e9e de vie de la batterie des smartphones.<\/p>\n<p>Pour couronner le tout, VoLTE propose aux abonn\u00e9es Ooredoo une exp\u00e9rience in\u00e9dite, en permettant aux utilisateurs de naviguer sur Internet ou d&rsquo;envoyer des messages pendant un appel vocal, une fonctionnalit\u00e9 qui red\u00e9finit les possibilit\u00e9s de communication mobileet qui n&rsquo;\u00e9tait pas possible avec les anciens r\u00e9seaux.<\/p>\n<p>Se positionnant aujourd\u2019hui comme \u00e9tant la technologie d&rsquo;avenir par excellence, alors que les op\u00e9rateurs \u00e9voluent vers des r\u00e9seaux tout IP (protocole Internet), la VoLTE constitue une \u00e9tape cruciale vers cette transition, ouvrant la voie \u00e0 des services et fonctionnalit\u00e9s de communication plus avanc\u00e9s.<\/p>\n<p>Simultan\u00e9ment, et \u00e0 travers le tout nouveau d\u00e9ploiement de l&rsquo;IPv6, qui est une premi\u00e8re en Tunisie, Ooredoo met \u00e0 la disposition de ses clients des services exclusifs et in\u00e9dits avec le meilleur acc\u00e8s \u00e0 Internet et les services les plus avanc\u00e9s et innovants.<\/p>\n<p>IPv6 dispose d&rsquo;un \u00e9norme espace d&rsquo;adressage, ce qui signifie qu&rsquo;il y a assez d&rsquo;adresses pour connecter presque tous les appareils directement \u00e0 Internet. Cela r\u00e9sout le probl\u00e8me d&rsquo;avoir trop peu d&rsquo;adresses, ce qui est le cas avec l&rsquo;ancienne version, IPv4.<\/p>\n<p>La carte de la s\u00e9curit\u00e9 est aujourd\u2019hui primordiale. C\u2019est pour cela que l\u2019IPv6 dispose d\u2019une s\u00e9curit\u00e9 int\u00e9gr\u00e9e appel\u00e9e IPsec, qui aide \u00e0 prot\u00e9ger les informations pendant qu&rsquo;elles sont envoy\u00e9es sur Internet.<\/p>\n<p>Aussi pr\u00eat pour les nouvelles technologies comme les objets connect\u00e9s (IoT), il assure une connexion fiable pour les nouveaux gadgets qui arrivent sur le march\u00e9.<\/p>\n<p>\u00ab Ces deux innovations r\u00e9volutionnentaujourd\u2019hui le num\u00e9riqueen Tunisie, red\u00e9finissant ainsi les normes de communication pour nos clients.\u00catre\u00e0 l\u2019affut des derni\u00e8res avanc\u00e9es technologiques dans le monde est un instinct chez Ooredoo afin d\u2019en faire profiter tous nos abonn\u00e9es aussit\u00f4t que possible. \u00bb a d\u00e9clar\u00e9 M. Mansoor Rachid Al-Khater, CEO de Ooredoo Tunisie.<\/p>\n<p>Encourageant ses abonn\u00e9s \u00e0 profiter pleinement de ces avanc\u00e9es, Ooredoo Tunisie pr\u00e9conise des mises \u00e0 jour logicielles r\u00e9guli\u00e8res afin de maximiser le potentiel de ces nouvelles fonctionnalit\u00e9s. De plus, Ooredoo collabore \u00e9troitement avec les fabricants pour rationaliser ces mises \u00e0 jour et garantir une exp\u00e9rience optimale.<\/p>\n<p>De son c\u00f4t\u00e9, M. Nizar Ben N\u00e9ji, ministre des Technologies de la Communication, a lou\u00e9 les efforts de la soci\u00e9t\u00e9 Ooredoo pour accomplir cette importante r\u00e9ussite pour l&rsquo;entreprise et pour la Tunisie. Cela a \u00e9t\u00e9 rendu possible gr\u00e2ce \u00e0 un travail colossal et continu visant \u00e0 d\u00e9velopper les technologies de communication et \u00e0 contribuer activement \u00e0 accompagner les progr\u00e8s dans le domaine num\u00e9rique en Tunisie.<\/p>\n<p>Cela m\u00e9rite tout l&rsquo;encouragement et le soutien pour les efforts d\u00e9ploy\u00e9s par nos partenaires afin de faciliter la fourniture d\u2019am\u00e9liorer la qualit\u00e9 de services fournis pour les Tunisiens \u00e0 travers diff\u00e9rents r\u00e9seaux de communication, notamment suite \u00e0 l&rsquo;\u00e9volution importante et rapide de ces r\u00e9seaux. Avec cet engagement, nous pouvons tous contribuer \u00e0 renforcer la position de la Tunisie parmi les pays leaders dans ce domaine.<\/p>\n<p>Cette \u00e9volution technologique vise \u00e0 renforcer l&rsquo;engagement d\u2019Ooredoo \u00e0 am\u00e9liorer le monde de ses clients et \u00e0 am\u00e9liorer la vie num\u00e9rique desTunisiens et Tunisiennes, pla\u00e7ant ainsi la Tunisie \u00e0 l&rsquo;avant-garde de la transformation num\u00e9rique.<\/p>\n","protected":false},"excerpt":{"rendered":"<p>L&rsquo;introduction de la VoLTE repr\u00e9sente un moment d\u00e9cisif, permettant aux abonn\u00e9s d\u2019Ooredoo de b\u00e9n\u00e9ficier d&rsquo;une qualit\u00e9 audio in\u00e9gal\u00e9e pour les appels nationaux e&#8230;<\/p>\n","protected":false},"author":3169,"featured_media":248669,"comment_status":"open","ping_status":"closed","sticky":false,"template":"","format":"standard","meta":{"footnotes":""},"categories":[44],"tags":[4551,4258],"class_list":["post-210448","post","type-post","status-publish","format-standard","has-post-thumbnail","hentry","category-national","tag-ipv6","tag-ooredoo"],"yoast_head":"<!-- This site is optimized with the Yoast SEO Premium plugin v27.5 (Yoast SEO v27.5) - https:\/\/yoast.com\/product\/yoast-seo-premium-wordpress\/ -->\n<title>Ooredoo r\u00e9volutionne les communications en Tunisie avec le d\u00e9ploiement de la VoLTE et de l\u2019IPV6<\/title>\n<meta name=\"description\" content=\"L&#039;introduction de la VoLTE repr\u00e9sente un moment d\u00e9cisif, permettant aux abonn\u00e9s d\u2019Ooredoo de b\u00e9n\u00e9ficier d&#039;une qualit\u00e9 audio in\u00e9gal\u00e9e pour les appels nationaux e...\" \/>\n<link rel=\"canonical\" href=\"https:\/\/www.webdo.tn\/fr\/actualite\/national\/ooredoo-revolutionne-les-communications-en-tunisie-avec-le-deploiement-de-la-volte-et-de-l-ipv6\/210448\/\" \/>\n<meta property=\"og:locale\" content=\"fr_FR\" \/>\n<meta property=\"og:type\" content=\"article\" \/>\n<meta property=\"og:title\" content=\"Ooredoo r\u00e9volutionne les communications en Tunisie avec le d\u00e9ploiement de la VoLTE et de l\u2019IPV6\" \/>\n<meta property=\"og:description\" content=\"L&#039;introduction de la VoLTE repr\u00e9sente un moment d\u00e9cisif, permettant aux abonn\u00e9s d\u2019Ooredoo de b\u00e9n\u00e9ficier d&#039;une qualit\u00e9 audio in\u00e9gal\u00e9e pour les appels nationaux e...\" \/>\n<meta property=\"og:url\" content=\"https:\/\/www.webdo.tn\/fr\/actualite\/national\/ooredoo-revolutionne-les-communications-en-tunisie-avec-le-deploiement-de-la-volte-et-de-l-ipv6\/210448\/\" \/>\n<meta property=\"og:site_name\" content=\"webdo\" \/>\n<meta property=\"article:publisher\" content=\"https:\/\/www.facebook.com\/webdotn\" \/>\n<meta property=\"article:published_time\" content=\"2023-11-29T14:09:00+00:00\" \/>\n<meta property=\"article:modified_time\" content=\"2025-05-20T22:32:37+00:00\" \/>\n<meta property=\"og:image\" content=\"https:\/\/www.webdo.tn\/fr\/wp-content\/uploads\/2023\/11\/e945d5f6fb21f691213ba36a6f2471dc.jpg\" \/>\n\t<meta property=\"og:image:width\" content=\"750\" \/>\n\t<meta property=\"og:image:height\" content=\"400\" \/>\n\t<meta property=\"og:image:type\" content=\"image\/jpeg\" \/>\n<meta name=\"author\" content=\"Webdo\" \/>\n<meta name=\"twitter:card\" content=\"summary_large_image\" \/>\n<meta name=\"twitter:creator\" content=\"@webdo_tn\" \/>\n<meta name=\"twitter:site\" content=\"@webdo_tn\" \/>\n<meta name=\"twitter:label1\" content=\"\u00c9crit par\" \/>\n\t<meta name=\"twitter:data1\" content=\"Webdo\" \/>\n\t<meta name=\"twitter:label2\" content=\"Dur\u00e9e de lecture estim\u00e9e\" \/>\n\t<meta name=\"twitter:data2\" content=\"4 minutes\" \/>\n<script type=\"application\/ld+json\" class=\"yoast-schema-graph\">{\"@context\":\"https:\\\/\\\/schema.org\",\"@graph\":[{\"@type\":\"NewsArticle\",\"@id\":\"https:\\\/\\\/www.webdo.tn\\\/fr\\\/actualite\\\/national\\\/ooredoo-revolutionne-les-communications-en-tunisie-avec-le-deploiement-de-la-volte-et-de-l-ipv6\\\/210448\\\/#article\",\"isPartOf\":{\"@id\":\"https:\\\/\\\/www.webdo.tn\\\/fr\\\/actualite\\\/national\\\/ooredoo-revolutionne-les-communications-en-tunisie-avec-le-deploiement-de-la-volte-et-de-l-ipv6\\\/210448\\\/\"},\"author\":{\"name\":\"Webdo\",\"@id\":\"https:\\\/\\\/www.webdo.tn\\\/fr\\\/#\\\/schema\\\/person\\\/1f4e491e0907b413d61089e8eb573acc\"},\"headline\":\"Ooredoo r\u00e9volutionne les communications en Tunisie avec le d\u00e9ploiement de la VoLTE et de l\u2019IPV6\",\"datePublished\":\"2023-11-29T14:09:00+00:00\",\"dateModified\":\"2025-05-20T22:32:37+00:00\",\"mainEntityOfPage\":{\"@id\":\"https:\\\/\\\/www.webdo.tn\\\/fr\\\/actualite\\\/national\\\/ooredoo-revolutionne-les-communications-en-tunisie-avec-le-deploiement-de-la-volte-et-de-l-ipv6\\\/210448\\\/\"},\"wordCount\":792,\"commentCount\":0,\"publisher\":{\"@id\":\"https:\\\/\\\/www.webdo.tn\\\/fr\\\/#organization\"},\"image\":{\"@id\":\"https:\\\/\\\/www.webdo.tn\\\/fr\\\/actualite\\\/national\\\/ooredoo-revolutionne-les-communications-en-tunisie-avec-le-deploiement-de-la-volte-et-de-l-ipv6\\\/210448\\\/#primaryimage\"},\"thumbnailUrl\":\"https:\\\/\\\/www.webdo.tn\\\/fr\\\/wp-content\\\/uploads\\\/2023\\\/11\\\/e945d5f6fb21f691213ba36a6f2471dc.jpg\",\"keywords\":[\"IPv6\",\"ooredoo\"],\"articleSection\":[\"National\"],\"inLanguage\":\"fr-FR\"},{\"@type\":\"WebPage\",\"@id\":\"https:\\\/\\\/www.webdo.tn\\\/fr\\\/actualite\\\/national\\\/ooredoo-revolutionne-les-communications-en-tunisie-avec-le-deploiement-de-la-volte-et-de-l-ipv6\\\/210448\\\/\",\"url\":\"https:\\\/\\\/www.webdo.tn\\\/fr\\\/actualite\\\/national\\\/ooredoo-revolutionne-les-communications-en-tunisie-avec-le-deploiement-de-la-volte-et-de-l-ipv6\\\/210448\\\/\",\"name\":\"Ooredoo r\u00e9volutionne les communications en Tunisie avec le d\u00e9ploiement de la VoLTE et de l\u2019IPV6\",\"isPartOf\":{\"@id\":\"https:\\\/\\\/www.webdo.tn\\\/fr\\\/#website\"},\"primaryImageOfPage\":{\"@id\":\"https:\\\/\\\/www.webdo.tn\\\/fr\\\/actualite\\\/national\\\/ooredoo-revolutionne-les-communications-en-tunisie-avec-le-deploiement-de-la-volte-et-de-l-ipv6\\\/210448\\\/#primaryimage\"},\"image\":{\"@id\":\"https:\\\/\\\/www.webdo.tn\\\/fr\\\/actualite\\\/national\\\/ooredoo-revolutionne-les-communications-en-tunisie-avec-le-deploiement-de-la-volte-et-de-l-ipv6\\\/210448\\\/#primaryimage\"},\"thumbnailUrl\":\"https:\\\/\\\/www.webdo.tn\\\/fr\\\/wp-content\\\/uploads\\\/2023\\\/11\\\/e945d5f6fb21f691213ba36a6f2471dc.jpg\",\"datePublished\":\"2023-11-29T14:09:00+00:00\",\"dateModified\":\"2025-05-20T22:32:37+00:00\",\"description\":\"L'introduction de la VoLTE repr\u00e9sente un moment d\u00e9cisif, permettant aux abonn\u00e9s d\u2019Ooredoo de b\u00e9n\u00e9ficier d'une qualit\u00e9 audio in\u00e9gal\u00e9e pour les appels nationaux e...\",\"breadcrumb\":{\"@id\":\"https:\\\/\\\/www.webdo.tn\\\/fr\\\/actualite\\\/national\\\/ooredoo-revolutionne-les-communications-en-tunisie-avec-le-deploiement-de-la-volte-et-de-l-ipv6\\\/210448\\\/#breadcrumb\"},\"inLanguage\":\"fr-FR\",\"potentialAction\":[{\"@type\":\"ReadAction\",\"target\":[\"https:\\\/\\\/www.webdo.tn\\\/fr\\\/actualite\\\/national\\\/ooredoo-revolutionne-les-communications-en-tunisie-avec-le-deploiement-de-la-volte-et-de-l-ipv6\\\/210448\\\/\"]}]},{\"@type\":\"ImageObject\",\"inLanguage\":\"fr-FR\",\"@id\":\"https:\\\/\\\/www.webdo.tn\\\/fr\\\/actualite\\\/national\\\/ooredoo-revolutionne-les-communications-en-tunisie-avec-le-deploiement-de-la-volte-et-de-l-ipv6\\\/210448\\\/#primaryimage\",\"url\":\"https:\\\/\\\/www.webdo.tn\\\/fr\\\/wp-content\\\/uploads\\\/2023\\\/11\\\/e945d5f6fb21f691213ba36a6f2471dc.jpg\",\"contentUrl\":\"https:\\\/\\\/www.webdo.tn\\\/fr\\\/wp-content\\\/uploads\\\/2023\\\/11\\\/e945d5f6fb21f691213ba36a6f2471dc.jpg\",\"width\":750,\"height\":400,\"caption\":\"Ooredoo r\u00e9volutionne les communications en Tunisie avec le d\u00e9ploiement de la VoLTE et de l\u2019IPV6\"},{\"@type\":\"BreadcrumbList\",\"@id\":\"https:\\\/\\\/www.webdo.tn\\\/fr\\\/actualite\\\/national\\\/ooredoo-revolutionne-les-communications-en-tunisie-avec-le-deploiement-de-la-volte-et-de-l-ipv6\\\/210448\\\/#breadcrumb\",\"itemListElement\":[{\"@type\":\"ListItem\",\"position\":1,\"name\":\"Accueil\",\"item\":\"https:\\\/\\\/www.webdo.tn\\\/fr\\\/\"},{\"@type\":\"ListItem\",\"position\":2,\"name\":\"Ooredoo r\u00e9volutionne les communications en Tunisie avec le d\u00e9ploiement de la VoLTE et de l\u2019IPV6\"}]},{\"@type\":\"WebSite\",\"@id\":\"https:\\\/\\\/www.webdo.tn\\\/fr\\\/#website\",\"url\":\"https:\\\/\\\/www.webdo.tn\\\/fr\\\/\",\"name\":\"webdo\",\"description\":\"Tunisie - News en Tunisie et \u00e0 l&#039;international sur Webdo.tn\",\"publisher\":{\"@id\":\"https:\\\/\\\/www.webdo.tn\\\/fr\\\/#organization\"},\"potentialAction\":[{\"@type\":\"SearchAction\",\"target\":{\"@type\":\"EntryPoint\",\"urlTemplate\":\"https:\\\/\\\/www.webdo.tn\\\/fr\\\/?s={search_term_string}\"},\"query-input\":{\"@type\":\"PropertyValueSpecification\",\"valueRequired\":true,\"valueName\":\"search_term_string\"}}],\"inLanguage\":\"fr-FR\"},{\"@type\":\"Organization\",\"@id\":\"https:\\\/\\\/www.webdo.tn\\\/fr\\\/#organization\",\"name\":\"Webdo\",\"alternateName\":\"Webdo.tn\",\"url\":\"https:\\\/\\\/www.webdo.tn\\\/fr\\\/\",\"logo\":{\"@type\":\"ImageObject\",\"inLanguage\":\"fr-FR\",\"@id\":\"https:\\\/\\\/www.webdo.tn\\\/fr\\\/#\\\/schema\\\/logo\\\/image\\\/\",\"url\":\"https:\\\/\\\/www.webdo.tn\\\/fr\\\/wp-content\\\/uploads\\\/2025\\\/06\\\/Webdo-Tunisie_168377.jpg\",\"contentUrl\":\"https:\\\/\\\/www.webdo.tn\\\/fr\\\/wp-content\\\/uploads\\\/2025\\\/06\\\/Webdo-Tunisie_168377.jpg\",\"width\":301,\"height\":301,\"caption\":\"Webdo\"},\"image\":{\"@id\":\"https:\\\/\\\/www.webdo.tn\\\/fr\\\/#\\\/schema\\\/logo\\\/image\\\/\"},\"sameAs\":[\"https:\\\/\\\/www.facebook.com\\\/webdotn\",\"https:\\\/\\\/x.com\\\/webdo_tn\"],\"description\":\"Webdo est un m\u00e9dia num\u00e9rique tunisien fond\u00e9 en 2010, sp\u00e9cialis\u00e9 dans l\u2019actualit\u00e9 nationale et internationale, l\u2019\u00e9conomie, la soci\u00e9t\u00e9 et les analyses politiques. Le site s\u2019adresse \u00e0 un large public francophone et couvre l\u2019information tunisienne en temps r\u00e9el.\",\"email\":\"redac@webdo.tn\",\"legalName\":\"YNJ SARL\",\"foundingDate\":\"2010-09-06\",\"numberOfEmployees\":{\"@type\":\"QuantitativeValue\",\"minValue\":\"11\",\"maxValue\":\"50\"}},{\"@type\":\"Person\",\"@id\":\"https:\\\/\\\/www.webdo.tn\\\/fr\\\/#\\\/schema\\\/person\\\/1f4e491e0907b413d61089e8eb573acc\",\"name\":\"Webdo\",\"image\":{\"@type\":\"ImageObject\",\"inLanguage\":\"fr-FR\",\"@id\":\"https:\\\/\\\/secure.gravatar.com\\\/avatar\\\/de97aeec1bb80978a9dbb127e47dfc88aaacb2f3c29aac907d8d3222e3495d49?s=96&d=mm&r=g\",\"url\":\"https:\\\/\\\/secure.gravatar.com\\\/avatar\\\/de97aeec1bb80978a9dbb127e47dfc88aaacb2f3c29aac907d8d3222e3495d49?s=96&d=mm&r=g\",\"contentUrl\":\"https:\\\/\\\/secure.gravatar.com\\\/avatar\\\/de97aeec1bb80978a9dbb127e47dfc88aaacb2f3c29aac907d8d3222e3495d49?s=96&d=mm&r=g\",\"caption\":\"Webdo\"},\"url\":\"https:\\\/\\\/www.webdo.tn\\\/fr\\\/actualite\\\/author\\\/webdo\\\/\"}]}<\/script>\n<!-- \/ Yoast SEO Premium plugin. -->","yoast_head_json":{"title":"Ooredoo r\u00e9volutionne les communications en Tunisie avec le d\u00e9ploiement de la VoLTE et de l\u2019IPV6","description":"L'introduction de la VoLTE repr\u00e9sente un moment d\u00e9cisif, permettant aux abonn\u00e9s d\u2019Ooredoo de b\u00e9n\u00e9ficier d'une qualit\u00e9 audio in\u00e9gal\u00e9e pour les appels nationaux e...","canonical":"https:\/\/www.webdo.tn\/fr\/actualite\/national\/ooredoo-revolutionne-les-communications-en-tunisie-avec-le-deploiement-de-la-volte-et-de-l-ipv6\/210448\/","og_locale":"fr_FR","og_type":"article","og_title":"Ooredoo r\u00e9volutionne les communications en Tunisie avec le d\u00e9ploiement de la VoLTE et de l\u2019IPV6","og_description":"L'introduction de la VoLTE repr\u00e9sente un moment d\u00e9cisif, permettant aux abonn\u00e9s d\u2019Ooredoo de b\u00e9n\u00e9ficier d'une qualit\u00e9 audio in\u00e9gal\u00e9e pour les appels nationaux e...","og_url":"https:\/\/www.webdo.tn\/fr\/actualite\/national\/ooredoo-revolutionne-les-communications-en-tunisie-avec-le-deploiement-de-la-volte-et-de-l-ipv6\/210448\/","og_site_name":"webdo","article_publisher":"https:\/\/www.facebook.com\/webdotn","article_published_time":"2023-11-29T14:09:00+00:00","article_modified_time":"2025-05-20T22:32:37+00:00","og_image":[{"width":750,"height":400,"url":"https:\/\/www.webdo.tn\/fr\/wp-content\/uploads\/2023\/11\/e945d5f6fb21f691213ba36a6f2471dc.jpg","type":"image\/jpeg"}],"author":"Webdo","twitter_card":"summary_large_image","twitter_creator":"@webdo_tn","twitter_site":"@webdo_tn","twitter_misc":{"\u00c9crit par":"Webdo","Dur\u00e9e de lecture estim\u00e9e":"4 minutes"},"schema":{"@context":"https:\/\/schema.org","@graph":[{"@type":"NewsArticle","@id":"https:\/\/www.webdo.tn\/fr\/actualite\/national\/ooredoo-revolutionne-les-communications-en-tunisie-avec-le-deploiement-de-la-volte-et-de-l-ipv6\/210448\/#article","isPartOf":{"@id":"https:\/\/www.webdo.tn\/fr\/actualite\/national\/ooredoo-revolutionne-les-communications-en-tunisie-avec-le-deploiement-de-la-volte-et-de-l-ipv6\/210448\/"},"author":{"name":"Webdo","@id":"https:\/\/www.webdo.tn\/fr\/#\/schema\/person\/1f4e491e0907b413d61089e8eb573acc"},"headline":"Ooredoo r\u00e9volutionne les communications en Tunisie avec le d\u00e9ploiement de la VoLTE et de l\u2019IPV6","datePublished":"2023-11-29T14:09:00+00:00","dateModified":"2025-05-20T22:32:37+00:00","mainEntityOfPage":{"@id":"https:\/\/www.webdo.tn\/fr\/actualite\/national\/ooredoo-revolutionne-les-communications-en-tunisie-avec-le-deploiement-de-la-volte-et-de-l-ipv6\/210448\/"},"wordCount":792,"commentCount":0,"publisher":{"@id":"https:\/\/www.webdo.tn\/fr\/#organization"},"image":{"@id":"https:\/\/www.webdo.tn\/fr\/actualite\/national\/ooredoo-revolutionne-les-communications-en-tunisie-avec-le-deploiement-de-la-volte-et-de-l-ipv6\/210448\/#primaryimage"},"thumbnailUrl":"https:\/\/www.webdo.tn\/fr\/wp-content\/uploads\/2023\/11\/e945d5f6fb21f691213ba36a6f2471dc.jpg","keywords":["IPv6","ooredoo"],"articleSection":["National"],"inLanguage":"fr-FR"},{"@type":"WebPage","@id":"https:\/\/www.webdo.tn\/fr\/actualite\/national\/ooredoo-revolutionne-les-communications-en-tunisie-avec-le-deploiement-de-la-volte-et-de-l-ipv6\/210448\/","url":"https:\/\/www.webdo.tn\/fr\/actualite\/national\/ooredoo-revolutionne-les-communications-en-tunisie-avec-le-deploiement-de-la-volte-et-de-l-ipv6\/210448\/","name":"Ooredoo r\u00e9volutionne les communications en Tunisie avec le d\u00e9ploiement de la VoLTE et de l\u2019IPV6","isPartOf":{"@id":"https:\/\/www.webdo.tn\/fr\/#website"},"primaryImageOfPage":{"@id":"https:\/\/www.webdo.tn\/fr\/actualite\/national\/ooredoo-revolutionne-les-communications-en-tunisie-avec-le-deploiement-de-la-volte-et-de-l-ipv6\/210448\/#primaryimage"},"image":{"@id":"https:\/\/www.webdo.tn\/fr\/actualite\/national\/ooredoo-revolutionne-les-communications-en-tunisie-avec-le-deploiement-de-la-volte-et-de-l-ipv6\/210448\/#primaryimage"},"thumbnailUrl":"https:\/\/www.webdo.tn\/fr\/wp-content\/uploads\/2023\/11\/e945d5f6fb21f691213ba36a6f2471dc.jpg","datePublished":"2023-11-29T14:09:00+00:00","dateModified":"2025-05-20T22:32:37+00:00","description":"L'introduction de la VoLTE repr\u00e9sente un moment d\u00e9cisif, permettant aux abonn\u00e9s d\u2019Ooredoo de b\u00e9n\u00e9ficier d'une qualit\u00e9 audio in\u00e9gal\u00e9e pour les appels nationaux e...","breadcrumb":{"@id":"https:\/\/www.webdo.tn\/fr\/actualite\/national\/ooredoo-revolutionne-les-communications-en-tunisie-avec-le-deploiement-de-la-volte-et-de-l-ipv6\/210448\/#breadcrumb"},"inLanguage":"fr-FR","potentialAction":[{"@type":"ReadAction","target":["https:\/\/www.webdo.tn\/fr\/actualite\/national\/ooredoo-revolutionne-les-communications-en-tunisie-avec-le-deploiement-de-la-volte-et-de-l-ipv6\/210448\/"]}]},{"@type":"ImageObject","inLanguage":"fr-FR","@id":"https:\/\/www.webdo.tn\/fr\/actualite\/national\/ooredoo-revolutionne-les-communications-en-tunisie-avec-le-deploiement-de-la-volte-et-de-l-ipv6\/210448\/#primaryimage","url":"https:\/\/www.webdo.tn\/fr\/wp-content\/uploads\/2023\/11\/e945d5f6fb21f691213ba36a6f2471dc.jpg","contentUrl":"https:\/\/www.webdo.tn\/fr\/wp-content\/uploads\/2023\/11\/e945d5f6fb21f691213ba36a6f2471dc.jpg","width":750,"height":400,"caption":"Ooredoo r\u00e9volutionne les communications en Tunisie avec le d\u00e9ploiement de la VoLTE et de l\u2019IPV6"},{"@type":"BreadcrumbList","@id":"https:\/\/www.webdo.tn\/fr\/actualite\/national\/ooredoo-revolutionne-les-communications-en-tunisie-avec-le-deploiement-de-la-volte-et-de-l-ipv6\/210448\/#breadcrumb","itemListElement":[{"@type":"ListItem","position":1,"name":"Accueil","item":"https:\/\/www.webdo.tn\/fr\/"},{"@type":"ListItem","position":2,"name":"Ooredoo r\u00e9volutionne les communications en Tunisie avec le d\u00e9ploiement de la VoLTE et de l\u2019IPV6"}]},{"@type":"WebSite","@id":"https:\/\/www.webdo.tn\/fr\/#website","url":"https:\/\/www.webdo.tn\/fr\/","name":"webdo","description":"Tunisie - News en Tunisie et \u00e0 l&#039;international sur Webdo.tn","publisher":{"@id":"https:\/\/www.webdo.tn\/fr\/#organization"},"potentialAction":[{"@type":"SearchAction","target":{"@type":"EntryPoint","urlTemplate":"https:\/\/www.webdo.tn\/fr\/?s={search_term_string}"},"query-input":{"@type":"PropertyValueSpecification","valueRequired":true,"valueName":"search_term_string"}}],"inLanguage":"fr-FR"},{"@type":"Organization","@id":"https:\/\/www.webdo.tn\/fr\/#organization","name":"Webdo","alternateName":"Webdo.tn","url":"https:\/\/www.webdo.tn\/fr\/","logo":{"@type":"ImageObject","inLanguage":"fr-FR","@id":"https:\/\/www.webdo.tn\/fr\/#\/schema\/logo\/image\/","url":"https:\/\/www.webdo.tn\/fr\/wp-content\/uploads\/2025\/06\/Webdo-Tunisie_168377.jpg","contentUrl":"https:\/\/www.webdo.tn\/fr\/wp-content\/uploads\/2025\/06\/Webdo-Tunisie_168377.jpg","width":301,"height":301,"caption":"Webdo"},"image":{"@id":"https:\/\/www.webdo.tn\/fr\/#\/schema\/logo\/image\/"},"sameAs":["https:\/\/www.facebook.com\/webdotn","https:\/\/x.com\/webdo_tn"],"description":"Webdo est un m\u00e9dia num\u00e9rique tunisien fond\u00e9 en 2010, sp\u00e9cialis\u00e9 dans l\u2019actualit\u00e9 nationale et internationale, l\u2019\u00e9conomie, la soci\u00e9t\u00e9 et les analyses politiques. Le site s\u2019adresse \u00e0 un large public francophone et couvre l\u2019information tunisienne en temps r\u00e9el.","email":"redac@webdo.tn","legalName":"YNJ SARL","foundingDate":"2010-09-06","numberOfEmployees":{"@type":"QuantitativeValue","minValue":"11","maxValue":"50"}},{"@type":"Person","@id":"https:\/\/www.webdo.tn\/fr\/#\/schema\/person\/1f4e491e0907b413d61089e8eb573acc","name":"Webdo","image":{"@type":"ImageObject","inLanguage":"fr-FR","@id":"https:\/\/secure.gravatar.com\/avatar\/de97aeec1bb80978a9dbb127e47dfc88aaacb2f3c29aac907d8d3222e3495d49?s=96&d=mm&r=g","url":"https:\/\/secure.gravatar.com\/avatar\/de97aeec1bb80978a9dbb127e47dfc88aaacb2f3c29aac907d8d3222e3495d49?s=96&d=mm&r=g","contentUrl":"https:\/\/secure.gravatar.com\/avatar\/de97aeec1bb80978a9dbb127e47dfc88aaacb2f3c29aac907d8d3222e3495d49?s=96&d=mm&r=g","caption":"Webdo"},"url":"https:\/\/www.webdo.tn\/fr\/actualite\/author\/webdo\/"}]}},"_links":{"self":[{"href":"https:\/\/www.webdo.tn\/fr\/wp-json\/wp\/v2\/posts\/210448","targetHints":{"allow":["GET"]}}],"collection":[{"href":"https:\/\/www.webdo.tn\/fr\/wp-json\/wp\/v2\/posts"}],"about":[{"href":"https:\/\/www.webdo.tn\/fr\/wp-json\/wp\/v2\/types\/post"}],"author":[{"embeddable":true,"href":"https:\/\/www.webdo.tn\/fr\/wp-json\/wp\/v2\/users\/3169"}],"replies":[{"embeddable":true,"href":"https:\/\/www.webdo.tn\/fr\/wp-json\/wp\/v2\/comments?post=210448"}],"version-history":[{"count":0,"href":"https:\/\/www.webdo.tn\/fr\/wp-json\/wp\/v2\/posts\/210448\/revisions"}],"wp:featuredmedia":[{"embeddable":true,"href":"https:\/\/www.webdo.tn\/fr\/wp-json\/wp\/v2\/media\/248669"}],"wp:attachment":[{"href":"https:\/\/www.webdo.tn\/fr\/wp-json\/wp\/v2\/media?parent=210448"}],"wp:term":[{"taxonomy":"category","embeddable":true,"href":"https:\/\/www.webdo.tn\/fr\/wp-json\/wp\/v2\/categories?post=210448"},{"taxonomy":"post_tag","embeddable":true,"href":"https:\/\/www.webdo.tn\/fr\/wp-json\/wp\/v2\/tags?post=210448"}],"curies":[{"name":"wp","href":"https:\/\/api.w.org\/{rel}","templated":true}]}}