{"id":210412,"date":"2023-11-28T09:51:00","date_gmt":"2023-11-28T09:51:00","guid":{"rendered":"https:\/\/www.webdo.tn\/fr\/blog\/une-edition-du-festival-du-film-d-el-gouna-dediee-a-la-palestine-du-14-au-21-decembre-2023\/210412\/"},"modified":"2025-05-21T08:56:21","modified_gmt":"2025-05-21T08:56:21","slug":"une-edition-du-festival-du-film-d-el-gouna-dediee-a-la-palestine-du-14-au-21-decembre-2023","status":"publish","type":"post","link":"https:\/\/www.webdo.tn\/fr\/actualite\/culture\/une-edition-du-festival-du-film-d-el-gouna-dediee-a-la-palestine-du-14-au-21-decembre-2023\/210412\/","title":{"rendered":"Une \u00e9dition du Festival du Film d&rsquo;El Gouna, d\u00e9di\u00e9e \u00e0 la Palestine, du 14 au 21 d\u00e9cembre 2023"},"content":{"rendered":"<div class=\"single-body entry-content typography-copy\" itemprop=\"articleBody\">\n<p style=\"font-weight: bold; text-align: justify\">\n\t\t\t\t\t\t\t\t\tEn r\u00e9ponse aux \u00e9v\u00e9nements tragiques qui secouent actuellement Gaza en raison de la guerre\u00a0entre Isra\u00ebl et la Palestine, le Festival du Film d&rsquo;El Gouna annonce une \u00ab\u00a0\u00c9dition Sp\u00e9ciale\u00a0\u00bb qui se tiendra du 14 au 21 d\u00e9cembre.\n\t\t\t\t\t\t\t\t<\/p>\n<div class=\"coprs\" style=\"text-align: center\"><\/div>\n<div class=\"coprs\" style=\"text-align: justify\">\n<p><span><span><span>La sixi\u00e8me \u00e9dition du festival initialement pr\u00e9vue en octobre dernier avait \u00e9t\u00e9 report\u00e9e en raison de la situation d\u00e9licate dans la r\u00e9gion \u00e0 ce moment-l\u00e0.<\/span><\/span><\/span><\/p>\n<p><span><span><span>En octobre dernier, en plus d&rsquo;annoncer le report, <a href=\"https:\/\/www.webdo.tn\/fr\/actualite\/culture\/report-du-festival-du-film-d-el-gouna-en-consideration-des-evenements-tragiques-a-gaza\/209492\">la direction du festival avait r\u00e9v\u00e9l\u00e9 qu&rsquo;une somme de 5 millions de livres \u00e9gyptiennes avait \u00e9t\u00e9 allou\u00e9e pour renforcer la crise humanitaire en cours \u00e0 Gaza.<\/a> Cette contribution significative s&rsquo;est r\u00e9alis\u00e9e en partenariat avec la Fondation Sawiris pour le D\u00e9veloppement Social et la Soci\u00e9t\u00e9 du Croissant-Rouge \u00e9gyptien.<\/span><\/span><\/span><\/p>\n<p><span><span><span>Pour cette \u00c9dition Sp\u00e9ciale, en plus du programme initialement pr\u00e9vu, le festival met en place un programme d\u00e9di\u00e9 au cin\u00e9ma palestinien en collaboration avec l&rsquo;<a href=\"https:\/\/www.palestinefilminstitute.org\/en\/pfp\/archive\">Institut du Film Palestinien<\/a>. L&rsquo;objectif est de sensibiliser le public aux r\u00e9alit\u00e9s de la vie \u00e0 Gaza et aux conditions inhumaines qui y pr\u00e9valent. Le festival organisera \u00e9galement un d\u00eener de collecte de fonds pour soutenir les efforts d&rsquo;aide humanitaire \u00e0 Gaza, en coordination avec le Croissant-Rouge \u00e9gyptien.<\/span><\/span><\/span><\/p>\n<p><span><span><span>Il est soulign\u00e9 que cette \u00e9dition se d\u00e9roulera sans c\u00e9l\u00e9brations festives, soulignant ainsi la solidarit\u00e9 du Festival du Film d&rsquo;El Gouna avec le peuple palestinien. Cette d\u00e9cision t\u00e9moigne de l&rsquo;engagement continu du festival envers la cause humanitaire et son d\u00e9sir de contribuer \u00e0 att\u00e9nuer les souffrances caus\u00e9es par le conflit en cours. En r\u00e9unissant le monde du cin\u00e9ma et en mettant en avant le cin\u00e9ma palestinien, le Festival du Film d&rsquo;El Gouna aspire \u00e0 \u00eatre un catalyseur de changement et d&rsquo;\u00e9veil des consciences face \u00e0 cette r\u00e9alit\u00e9 d\u00e9chirante.<\/p>\n<p><strong>Ne\u00efla Driss<\/strong><\/span><\/span><\/span><\/p>\n<p>\u00a0<\/p>\n<\/p><\/div>\n<div class=\"coprs\" style=\"text-align: center\"><\/div><\/div>\n","protected":false},"excerpt":{"rendered":"<p>En r\u00e9ponse aux \u00e9v\u00e9nements tragiques qui secouent actuellement Gaza en raison de la guerre\u00a0entre Isra\u00ebl et la Palestine, le Festival du Film d&rsquo;El Gouna annonce u&#8230;<\/p>\n","protected":false},"author":3164,"featured_media":248695,"comment_status":"open","ping_status":"closed","sticky":false,"template":"","format":"standard","meta":{"footnotes":""},"categories":[2594],"tags":[6648,7281,3258,3259,7280,2688],"class_list":["post-210412","post","type-post","status-publish","format-standard","has-post-thumbnail","hentry","category-culture","tag-el-gouna","tag-el-gouna-2023","tag-festival-du-film-del-gouna","tag-gff","tag-gff-2023","tag-palestine"],"yoast_head":"<!-- This site is optimized with the Yoast SEO Premium plugin v27.5 (Yoast SEO v27.5) - https:\/\/yoast.com\/product\/yoast-seo-premium-wordpress\/ -->\n<title>Une \u00e9dition du Festival du Film d&#039;El Gouna, d\u00e9di\u00e9e \u00e0 la Palestine, du 14 au 21 d\u00e9cembre 2023<\/title>\n<meta name=\"description\" content=\"En r\u00e9ponse aux \u00e9v\u00e9nements tragiques qui secouent actuellement Gaza en raison de la guerre\u00a0entre Isra\u00ebl et la Palestine, le Festival du Film d&#039;El Gouna annonce u...\" \/>\n<link rel=\"canonical\" href=\"https:\/\/www.webdo.tn\/fr\/actualite\/culture\/une-edition-du-festival-du-film-d-el-gouna-dediee-a-la-palestine-du-14-au-21-decembre-2023\/210412\/\" \/>\n<meta property=\"og:locale\" content=\"fr_FR\" \/>\n<meta property=\"og:type\" content=\"article\" \/>\n<meta property=\"og:title\" content=\"Une \u00e9dition du Festival du Film d&#039;El Gouna, d\u00e9di\u00e9e \u00e0 la Palestine, du 14 au 21 d\u00e9cembre 2023\" \/>\n<meta property=\"og:description\" content=\"En r\u00e9ponse aux \u00e9v\u00e9nements tragiques qui secouent actuellement Gaza en raison de la guerre\u00a0entre Isra\u00ebl et la Palestine, le Festival du Film d&#039;El Gouna annonce u...\" \/>\n<meta property=\"og:url\" content=\"https:\/\/www.webdo.tn\/fr\/actualite\/culture\/une-edition-du-festival-du-film-d-el-gouna-dediee-a-la-palestine-du-14-au-21-decembre-2023\/210412\/\" \/>\n<meta property=\"og:site_name\" content=\"webdo\" \/>\n<meta property=\"article:publisher\" content=\"https:\/\/www.facebook.com\/webdotn\" \/>\n<meta property=\"article:author\" content=\"https:\/\/www.facebook.com\/massir.destiniii\/\" \/>\n<meta property=\"article:published_time\" content=\"2023-11-28T09:51:00+00:00\" \/>\n<meta property=\"article:modified_time\" content=\"2025-05-21T08:56:21+00:00\" \/>\n<meta property=\"og:image\" content=\"https:\/\/www.webdo.tn\/fr\/wp-content\/uploads\/2023\/11\/e1a7289eb11270dad0ba3d9f221ebd82.jpeg\" \/>\n\t<meta property=\"og:image:width\" content=\"750\" \/>\n\t<meta property=\"og:image:height\" content=\"400\" \/>\n\t<meta property=\"og:image:type\" content=\"image\/jpeg\" \/>\n<meta name=\"author\" content=\"Ne\u00efla DRISS\" \/>\n<meta name=\"twitter:card\" content=\"summary_large_image\" \/>\n<meta name=\"twitter:creator\" content=\"@https:\/\/x.com\/MassirDestin\" \/>\n<meta name=\"twitter:site\" content=\"@webdo_tn\" \/>\n<meta name=\"twitter:label1\" content=\"\u00c9crit par\" \/>\n\t<meta name=\"twitter:data1\" content=\"Ne\u00efla DRISS\" \/>\n\t<meta name=\"twitter:label2\" content=\"Dur\u00e9e de lecture estim\u00e9e\" \/>\n\t<meta name=\"twitter:data2\" content=\"2 minutes\" \/>\n<script type=\"application\/ld+json\" class=\"yoast-schema-graph\">{\"@context\":\"https:\\\/\\\/schema.org\",\"@graph\":[{\"@type\":\"NewsArticle\",\"@id\":\"https:\\\/\\\/www.webdo.tn\\\/fr\\\/actualite\\\/culture\\\/une-edition-du-festival-du-film-d-el-gouna-dediee-a-la-palestine-du-14-au-21-decembre-2023\\\/210412\\\/#article\",\"isPartOf\":{\"@id\":\"https:\\\/\\\/www.webdo.tn\\\/fr\\\/actualite\\\/culture\\\/une-edition-du-festival-du-film-d-el-gouna-dediee-a-la-palestine-du-14-au-21-decembre-2023\\\/210412\\\/\"},\"author\":{\"name\":\"Ne\u00efla DRISS\",\"@id\":\"https:\\\/\\\/www.webdo.tn\\\/fr\\\/#\\\/schema\\\/person\\\/60d5ba619ed3f58783b0dc82b7dada80\"},\"headline\":\"Une \u00e9dition du Festival du Film d&rsquo;El Gouna, d\u00e9di\u00e9e \u00e0 la Palestine, du 14 au 21 d\u00e9cembre 2023\",\"datePublished\":\"2023-11-28T09:51:00+00:00\",\"dateModified\":\"2025-05-21T08:56:21+00:00\",\"mainEntityOfPage\":{\"@id\":\"https:\\\/\\\/www.webdo.tn\\\/fr\\\/actualite\\\/culture\\\/une-edition-du-festival-du-film-d-el-gouna-dediee-a-la-palestine-du-14-au-21-decembre-2023\\\/210412\\\/\"},\"wordCount\":337,\"commentCount\":0,\"publisher\":{\"@id\":\"https:\\\/\\\/www.webdo.tn\\\/fr\\\/#organization\"},\"image\":{\"@id\":\"https:\\\/\\\/www.webdo.tn\\\/fr\\\/actualite\\\/culture\\\/une-edition-du-festival-du-film-d-el-gouna-dediee-a-la-palestine-du-14-au-21-decembre-2023\\\/210412\\\/#primaryimage\"},\"thumbnailUrl\":\"https:\\\/\\\/www.webdo.tn\\\/fr\\\/wp-content\\\/uploads\\\/2023\\\/11\\\/e1a7289eb11270dad0ba3d9f221ebd82.jpeg\",\"keywords\":[\"El Gouna\",\"El Gouna 2023\",\"Festival du Film d'El Gouna\",\"GFF\",\"GFF 2023\",\"Palestine\"],\"articleSection\":[\"Culture\"],\"inLanguage\":\"fr-FR\"},{\"@type\":\"WebPage\",\"@id\":\"https:\\\/\\\/www.webdo.tn\\\/fr\\\/actualite\\\/culture\\\/une-edition-du-festival-du-film-d-el-gouna-dediee-a-la-palestine-du-14-au-21-decembre-2023\\\/210412\\\/\",\"url\":\"https:\\\/\\\/www.webdo.tn\\\/fr\\\/actualite\\\/culture\\\/une-edition-du-festival-du-film-d-el-gouna-dediee-a-la-palestine-du-14-au-21-decembre-2023\\\/210412\\\/\",\"name\":\"Une \u00e9dition du Festival du Film d'El Gouna, d\u00e9di\u00e9e \u00e0 la Palestine, du 14 au 21 d\u00e9cembre 2023\",\"isPartOf\":{\"@id\":\"https:\\\/\\\/www.webdo.tn\\\/fr\\\/#website\"},\"primaryImageOfPage\":{\"@id\":\"https:\\\/\\\/www.webdo.tn\\\/fr\\\/actualite\\\/culture\\\/une-edition-du-festival-du-film-d-el-gouna-dediee-a-la-palestine-du-14-au-21-decembre-2023\\\/210412\\\/#primaryimage\"},\"image\":{\"@id\":\"https:\\\/\\\/www.webdo.tn\\\/fr\\\/actualite\\\/culture\\\/une-edition-du-festival-du-film-d-el-gouna-dediee-a-la-palestine-du-14-au-21-decembre-2023\\\/210412\\\/#primaryimage\"},\"thumbnailUrl\":\"https:\\\/\\\/www.webdo.tn\\\/fr\\\/wp-content\\\/uploads\\\/2023\\\/11\\\/e1a7289eb11270dad0ba3d9f221ebd82.jpeg\",\"datePublished\":\"2023-11-28T09:51:00+00:00\",\"dateModified\":\"2025-05-21T08:56:21+00:00\",\"description\":\"En r\u00e9ponse aux \u00e9v\u00e9nements tragiques qui secouent actuellement Gaza en raison de la guerre\u00a0entre Isra\u00ebl et la Palestine, le Festival du Film d'El Gouna annonce u...\",\"breadcrumb\":{\"@id\":\"https:\\\/\\\/www.webdo.tn\\\/fr\\\/actualite\\\/culture\\\/une-edition-du-festival-du-film-d-el-gouna-dediee-a-la-palestine-du-14-au-21-decembre-2023\\\/210412\\\/#breadcrumb\"},\"inLanguage\":\"fr-FR\",\"potentialAction\":[{\"@type\":\"ReadAction\",\"target\":[\"https:\\\/\\\/www.webdo.tn\\\/fr\\\/actualite\\\/culture\\\/une-edition-du-festival-du-film-d-el-gouna-dediee-a-la-palestine-du-14-au-21-decembre-2023\\\/210412\\\/\"]}]},{\"@type\":\"ImageObject\",\"inLanguage\":\"fr-FR\",\"@id\":\"https:\\\/\\\/www.webdo.tn\\\/fr\\\/actualite\\\/culture\\\/une-edition-du-festival-du-film-d-el-gouna-dediee-a-la-palestine-du-14-au-21-decembre-2023\\\/210412\\\/#primaryimage\",\"url\":\"https:\\\/\\\/www.webdo.tn\\\/fr\\\/wp-content\\\/uploads\\\/2023\\\/11\\\/e1a7289eb11270dad0ba3d9f221ebd82.jpeg\",\"contentUrl\":\"https:\\\/\\\/www.webdo.tn\\\/fr\\\/wp-content\\\/uploads\\\/2023\\\/11\\\/e1a7289eb11270dad0ba3d9f221ebd82.jpeg\",\"width\":750,\"height\":400,\"caption\":\"Une \u00e9dition du Festival du Film d'El Gouna, d\u00e9di\u00e9e \u00e0 la Palestine, du 14 au 21 d\u00e9cembre 2023\"},{\"@type\":\"BreadcrumbList\",\"@id\":\"https:\\\/\\\/www.webdo.tn\\\/fr\\\/actualite\\\/culture\\\/une-edition-du-festival-du-film-d-el-gouna-dediee-a-la-palestine-du-14-au-21-decembre-2023\\\/210412\\\/#breadcrumb\",\"itemListElement\":[{\"@type\":\"ListItem\",\"position\":1,\"name\":\"Accueil\",\"item\":\"https:\\\/\\\/www.webdo.tn\\\/fr\\\/\"},{\"@type\":\"ListItem\",\"position\":2,\"name\":\"Une \u00e9dition du Festival du Film d&rsquo;El Gouna, d\u00e9di\u00e9e \u00e0 la Palestine, du 14 au 21 d\u00e9cembre 2023\"}]},{\"@type\":\"WebSite\",\"@id\":\"https:\\\/\\\/www.webdo.tn\\\/fr\\\/#website\",\"url\":\"https:\\\/\\\/www.webdo.tn\\\/fr\\\/\",\"name\":\"webdo\",\"description\":\"Tunisie - News en Tunisie et \u00e0 l&#039;international sur Webdo.tn\",\"publisher\":{\"@id\":\"https:\\\/\\\/www.webdo.tn\\\/fr\\\/#organization\"},\"potentialAction\":[{\"@type\":\"SearchAction\",\"target\":{\"@type\":\"EntryPoint\",\"urlTemplate\":\"https:\\\/\\\/www.webdo.tn\\\/fr\\\/?s={search_term_string}\"},\"query-input\":{\"@type\":\"PropertyValueSpecification\",\"valueRequired\":true,\"valueName\":\"search_term_string\"}}],\"inLanguage\":\"fr-FR\"},{\"@type\":\"Organization\",\"@id\":\"https:\\\/\\\/www.webdo.tn\\\/fr\\\/#organization\",\"name\":\"Webdo\",\"alternateName\":\"Webdo.tn\",\"url\":\"https:\\\/\\\/www.webdo.tn\\\/fr\\\/\",\"logo\":{\"@type\":\"ImageObject\",\"inLanguage\":\"fr-FR\",\"@id\":\"https:\\\/\\\/www.webdo.tn\\\/fr\\\/#\\\/schema\\\/logo\\\/image\\\/\",\"url\":\"https:\\\/\\\/www.webdo.tn\\\/fr\\\/wp-content\\\/uploads\\\/2025\\\/06\\\/Webdo-Tunisie_168377.jpg\",\"contentUrl\":\"https:\\\/\\\/www.webdo.tn\\\/fr\\\/wp-content\\\/uploads\\\/2025\\\/06\\\/Webdo-Tunisie_168377.jpg\",\"width\":301,\"height\":301,\"caption\":\"Webdo\"},\"image\":{\"@id\":\"https:\\\/\\\/www.webdo.tn\\\/fr\\\/#\\\/schema\\\/logo\\\/image\\\/\"},\"sameAs\":[\"https:\\\/\\\/www.facebook.com\\\/webdotn\",\"https:\\\/\\\/x.com\\\/webdo_tn\"],\"description\":\"Webdo est un m\u00e9dia num\u00e9rique tunisien fond\u00e9 en 2010, sp\u00e9cialis\u00e9 dans l\u2019actualit\u00e9 nationale et internationale, l\u2019\u00e9conomie, la soci\u00e9t\u00e9 et les analyses politiques. Le site s\u2019adresse \u00e0 un large public francophone et couvre l\u2019information tunisienne en temps r\u00e9el.\",\"email\":\"redac@webdo.tn\",\"legalName\":\"YNJ SARL\",\"foundingDate\":\"2010-09-06\",\"numberOfEmployees\":{\"@type\":\"QuantitativeValue\",\"minValue\":\"11\",\"maxValue\":\"50\"}},{\"@type\":\"Person\",\"@id\":\"https:\\\/\\\/www.webdo.tn\\\/fr\\\/#\\\/schema\\\/person\\\/60d5ba619ed3f58783b0dc82b7dada80\",\"name\":\"Ne\u00efla DRISS\",\"image\":{\"@type\":\"ImageObject\",\"inLanguage\":\"fr-FR\",\"@id\":\"https:\\\/\\\/www.webdo.tn\\\/fr\\\/wp-content\\\/uploads\\\/2026\\\/04\\\/neila-driss_avatar-96x96.jpg\",\"url\":\"https:\\\/\\\/www.webdo.tn\\\/fr\\\/wp-content\\\/uploads\\\/2026\\\/04\\\/neila-driss_avatar-96x96.jpg\",\"contentUrl\":\"https:\\\/\\\/www.webdo.tn\\\/fr\\\/wp-content\\\/uploads\\\/2026\\\/04\\\/neila-driss_avatar-96x96.jpg\",\"caption\":\"Ne\u00efla DRISS\"},\"description\":\"Ne\u00efla Driss est juriste, journaliste culturelle et critique de cin\u00e9ma tunisienne. Titulaire d\u2019un DEA en droit priv\u00e9 de l\u2019Universit\u00e9 Paris II et d\u2019un DESS de l\u2019IHEC Carthage, elle d\u00e9bute sa carri\u00e8re comme juriste sp\u00e9cialis\u00e9e en gestion de patrimoine immobilier. Elle s\u2019oriente ensuite vers l\u2019\u00e9criture en ligne, o\u00f9 elle se distingue d\u00e8s 2006 aux Tunisia Blog Awards, avant de se consacrer au journalisme culturel, avec une sp\u00e9cialisation dans la critique cin\u00e9matographique. Elle couvre r\u00e9guli\u00e8rement les grands festivals internationaux, notamment le Festival de Cannes, les Journ\u00e9es Cin\u00e9matographiques de Carthage et le Festival du film du Caire. Membre de l\u2019ATPCC et de la FIPRESCI, elle participe \u00e0 des jurys et initiatives internationales de critique. Depuis 2024, elle est \u00e9lectrice internationale aux Golden Globes. Facebook : https:\\\/\\\/www.facebook.com\\\/massir.destiniii\\\/ X : https:\\\/\\\/x.com\\\/MassirDestin\",\"sameAs\":[\"https:\\\/\\\/www.facebook.com\\\/massir.destiniii\\\/\",\"https:\\\/\\\/www.instagram.com\\\/neila.driss\\\/?hl=fr\",\"https:\\\/\\\/www.linkedin.com\\\/in\\\/neila-driss-22606a80\\\/\",\"https:\\\/\\\/x.com\\\/https:\\\/\\\/x.com\\\/MassirDestin\"],\"knowsAbout\":[\"Cin\u00e9ma international\",\"critique cin\u00e9matographique\",\"festivals de cin\u00e9ma\",\"journalisme culturel\"],\"knowsLanguage\":[\"Fran\u00e7ais\",\"Arabe\",\"Anglais\"],\"jobTitle\":\"Journaliste culturelle et critique de cin\u00e9ma\",\"worksFor\":\"Webdo\",\"url\":\"https:\\\/\\\/www.webdo.tn\\\/fr\\\/actualite\\\/author\\\/neila-driss\\\/\"}]}<\/script>\n<!-- \/ Yoast SEO Premium plugin. -->","yoast_head_json":{"title":"Une \u00e9dition du Festival du Film d'El Gouna, d\u00e9di\u00e9e \u00e0 la Palestine, du 14 au 21 d\u00e9cembre 2023","description":"En r\u00e9ponse aux \u00e9v\u00e9nements tragiques qui secouent actuellement Gaza en raison de la guerre\u00a0entre Isra\u00ebl et la Palestine, le Festival du Film d'El Gouna annonce u...","canonical":"https:\/\/www.webdo.tn\/fr\/actualite\/culture\/une-edition-du-festival-du-film-d-el-gouna-dediee-a-la-palestine-du-14-au-21-decembre-2023\/210412\/","og_locale":"fr_FR","og_type":"article","og_title":"Une \u00e9dition du Festival du Film d'El Gouna, d\u00e9di\u00e9e \u00e0 la Palestine, du 14 au 21 d\u00e9cembre 2023","og_description":"En r\u00e9ponse aux \u00e9v\u00e9nements tragiques qui secouent actuellement Gaza en raison de la guerre\u00a0entre Isra\u00ebl et la Palestine, le Festival du Film d'El Gouna annonce u...","og_url":"https:\/\/www.webdo.tn\/fr\/actualite\/culture\/une-edition-du-festival-du-film-d-el-gouna-dediee-a-la-palestine-du-14-au-21-decembre-2023\/210412\/","og_site_name":"webdo","article_publisher":"https:\/\/www.facebook.com\/webdotn","article_author":"https:\/\/www.facebook.com\/massir.destiniii\/","article_published_time":"2023-11-28T09:51:00+00:00","article_modified_time":"2025-05-21T08:56:21+00:00","og_image":[{"width":750,"height":400,"url":"https:\/\/www.webdo.tn\/fr\/wp-content\/uploads\/2023\/11\/e1a7289eb11270dad0ba3d9f221ebd82.jpeg","type":"image\/jpeg"}],"author":"Ne\u00efla DRISS","twitter_card":"summary_large_image","twitter_creator":"@https:\/\/x.com\/MassirDestin","twitter_site":"@webdo_tn","twitter_misc":{"\u00c9crit par":"Ne\u00efla DRISS","Dur\u00e9e de lecture estim\u00e9e":"2 minutes"},"schema":{"@context":"https:\/\/schema.org","@graph":[{"@type":"NewsArticle","@id":"https:\/\/www.webdo.tn\/fr\/actualite\/culture\/une-edition-du-festival-du-film-d-el-gouna-dediee-a-la-palestine-du-14-au-21-decembre-2023\/210412\/#article","isPartOf":{"@id":"https:\/\/www.webdo.tn\/fr\/actualite\/culture\/une-edition-du-festival-du-film-d-el-gouna-dediee-a-la-palestine-du-14-au-21-decembre-2023\/210412\/"},"author":{"name":"Ne\u00efla DRISS","@id":"https:\/\/www.webdo.tn\/fr\/#\/schema\/person\/60d5ba619ed3f58783b0dc82b7dada80"},"headline":"Une \u00e9dition du Festival du Film d&rsquo;El Gouna, d\u00e9di\u00e9e \u00e0 la Palestine, du 14 au 21 d\u00e9cembre 2023","datePublished":"2023-11-28T09:51:00+00:00","dateModified":"2025-05-21T08:56:21+00:00","mainEntityOfPage":{"@id":"https:\/\/www.webdo.tn\/fr\/actualite\/culture\/une-edition-du-festival-du-film-d-el-gouna-dediee-a-la-palestine-du-14-au-21-decembre-2023\/210412\/"},"wordCount":337,"commentCount":0,"publisher":{"@id":"https:\/\/www.webdo.tn\/fr\/#organization"},"image":{"@id":"https:\/\/www.webdo.tn\/fr\/actualite\/culture\/une-edition-du-festival-du-film-d-el-gouna-dediee-a-la-palestine-du-14-au-21-decembre-2023\/210412\/#primaryimage"},"thumbnailUrl":"https:\/\/www.webdo.tn\/fr\/wp-content\/uploads\/2023\/11\/e1a7289eb11270dad0ba3d9f221ebd82.jpeg","keywords":["El Gouna","El Gouna 2023","Festival du Film d'El Gouna","GFF","GFF 2023","Palestine"],"articleSection":["Culture"],"inLanguage":"fr-FR"},{"@type":"WebPage","@id":"https:\/\/www.webdo.tn\/fr\/actualite\/culture\/une-edition-du-festival-du-film-d-el-gouna-dediee-a-la-palestine-du-14-au-21-decembre-2023\/210412\/","url":"https:\/\/www.webdo.tn\/fr\/actualite\/culture\/une-edition-du-festival-du-film-d-el-gouna-dediee-a-la-palestine-du-14-au-21-decembre-2023\/210412\/","name":"Une \u00e9dition du Festival du Film d'El Gouna, d\u00e9di\u00e9e \u00e0 la Palestine, du 14 au 21 d\u00e9cembre 2023","isPartOf":{"@id":"https:\/\/www.webdo.tn\/fr\/#website"},"primaryImageOfPage":{"@id":"https:\/\/www.webdo.tn\/fr\/actualite\/culture\/une-edition-du-festival-du-film-d-el-gouna-dediee-a-la-palestine-du-14-au-21-decembre-2023\/210412\/#primaryimage"},"image":{"@id":"https:\/\/www.webdo.tn\/fr\/actualite\/culture\/une-edition-du-festival-du-film-d-el-gouna-dediee-a-la-palestine-du-14-au-21-decembre-2023\/210412\/#primaryimage"},"thumbnailUrl":"https:\/\/www.webdo.tn\/fr\/wp-content\/uploads\/2023\/11\/e1a7289eb11270dad0ba3d9f221ebd82.jpeg","datePublished":"2023-11-28T09:51:00+00:00","dateModified":"2025-05-21T08:56:21+00:00","description":"En r\u00e9ponse aux \u00e9v\u00e9nements tragiques qui secouent actuellement Gaza en raison de la guerre\u00a0entre Isra\u00ebl et la Palestine, le Festival du Film d'El Gouna annonce u...","breadcrumb":{"@id":"https:\/\/www.webdo.tn\/fr\/actualite\/culture\/une-edition-du-festival-du-film-d-el-gouna-dediee-a-la-palestine-du-14-au-21-decembre-2023\/210412\/#breadcrumb"},"inLanguage":"fr-FR","potentialAction":[{"@type":"ReadAction","target":["https:\/\/www.webdo.tn\/fr\/actualite\/culture\/une-edition-du-festival-du-film-d-el-gouna-dediee-a-la-palestine-du-14-au-21-decembre-2023\/210412\/"]}]},{"@type":"ImageObject","inLanguage":"fr-FR","@id":"https:\/\/www.webdo.tn\/fr\/actualite\/culture\/une-edition-du-festival-du-film-d-el-gouna-dediee-a-la-palestine-du-14-au-21-decembre-2023\/210412\/#primaryimage","url":"https:\/\/www.webdo.tn\/fr\/wp-content\/uploads\/2023\/11\/e1a7289eb11270dad0ba3d9f221ebd82.jpeg","contentUrl":"https:\/\/www.webdo.tn\/fr\/wp-content\/uploads\/2023\/11\/e1a7289eb11270dad0ba3d9f221ebd82.jpeg","width":750,"height":400,"caption":"Une \u00e9dition du Festival du Film d'El Gouna, d\u00e9di\u00e9e \u00e0 la Palestine, du 14 au 21 d\u00e9cembre 2023"},{"@type":"BreadcrumbList","@id":"https:\/\/www.webdo.tn\/fr\/actualite\/culture\/une-edition-du-festival-du-film-d-el-gouna-dediee-a-la-palestine-du-14-au-21-decembre-2023\/210412\/#breadcrumb","itemListElement":[{"@type":"ListItem","position":1,"name":"Accueil","item":"https:\/\/www.webdo.tn\/fr\/"},{"@type":"ListItem","position":2,"name":"Une \u00e9dition du Festival du Film d&rsquo;El Gouna, d\u00e9di\u00e9e \u00e0 la Palestine, du 14 au 21 d\u00e9cembre 2023"}]},{"@type":"WebSite","@id":"https:\/\/www.webdo.tn\/fr\/#website","url":"https:\/\/www.webdo.tn\/fr\/","name":"webdo","description":"Tunisie - News en Tunisie et \u00e0 l&#039;international sur Webdo.tn","publisher":{"@id":"https:\/\/www.webdo.tn\/fr\/#organization"},"potentialAction":[{"@type":"SearchAction","target":{"@type":"EntryPoint","urlTemplate":"https:\/\/www.webdo.tn\/fr\/?s={search_term_string}"},"query-input":{"@type":"PropertyValueSpecification","valueRequired":true,"valueName":"search_term_string"}}],"inLanguage":"fr-FR"},{"@type":"Organization","@id":"https:\/\/www.webdo.tn\/fr\/#organization","name":"Webdo","alternateName":"Webdo.tn","url":"https:\/\/www.webdo.tn\/fr\/","logo":{"@type":"ImageObject","inLanguage":"fr-FR","@id":"https:\/\/www.webdo.tn\/fr\/#\/schema\/logo\/image\/","url":"https:\/\/www.webdo.tn\/fr\/wp-content\/uploads\/2025\/06\/Webdo-Tunisie_168377.jpg","contentUrl":"https:\/\/www.webdo.tn\/fr\/wp-content\/uploads\/2025\/06\/Webdo-Tunisie_168377.jpg","width":301,"height":301,"caption":"Webdo"},"image":{"@id":"https:\/\/www.webdo.tn\/fr\/#\/schema\/logo\/image\/"},"sameAs":["https:\/\/www.facebook.com\/webdotn","https:\/\/x.com\/webdo_tn"],"description":"Webdo est un m\u00e9dia num\u00e9rique tunisien fond\u00e9 en 2010, sp\u00e9cialis\u00e9 dans l\u2019actualit\u00e9 nationale et internationale, l\u2019\u00e9conomie, la soci\u00e9t\u00e9 et les analyses politiques. Le site s\u2019adresse \u00e0 un large public francophone et couvre l\u2019information tunisienne en temps r\u00e9el.","email":"redac@webdo.tn","legalName":"YNJ SARL","foundingDate":"2010-09-06","numberOfEmployees":{"@type":"QuantitativeValue","minValue":"11","maxValue":"50"}},{"@type":"Person","@id":"https:\/\/www.webdo.tn\/fr\/#\/schema\/person\/60d5ba619ed3f58783b0dc82b7dada80","name":"Ne\u00efla DRISS","image":{"@type":"ImageObject","inLanguage":"fr-FR","@id":"https:\/\/www.webdo.tn\/fr\/wp-content\/uploads\/2026\/04\/neila-driss_avatar-96x96.jpg","url":"https:\/\/www.webdo.tn\/fr\/wp-content\/uploads\/2026\/04\/neila-driss_avatar-96x96.jpg","contentUrl":"https:\/\/www.webdo.tn\/fr\/wp-content\/uploads\/2026\/04\/neila-driss_avatar-96x96.jpg","caption":"Ne\u00efla DRISS"},"description":"Ne\u00efla Driss est juriste, journaliste culturelle et critique de cin\u00e9ma tunisienne. Titulaire d\u2019un DEA en droit priv\u00e9 de l\u2019Universit\u00e9 Paris II et d\u2019un DESS de l\u2019IHEC Carthage, elle d\u00e9bute sa carri\u00e8re comme juriste sp\u00e9cialis\u00e9e en gestion de patrimoine immobilier. Elle s\u2019oriente ensuite vers l\u2019\u00e9criture en ligne, o\u00f9 elle se distingue d\u00e8s 2006 aux Tunisia Blog Awards, avant de se consacrer au journalisme culturel, avec une sp\u00e9cialisation dans la critique cin\u00e9matographique. Elle couvre r\u00e9guli\u00e8rement les grands festivals internationaux, notamment le Festival de Cannes, les Journ\u00e9es Cin\u00e9matographiques de Carthage et le Festival du film du Caire. Membre de l\u2019ATPCC et de la FIPRESCI, elle participe \u00e0 des jurys et initiatives internationales de critique. Depuis 2024, elle est \u00e9lectrice internationale aux Golden Globes. Facebook : https:\/\/www.facebook.com\/massir.destiniii\/ X : https:\/\/x.com\/MassirDestin","sameAs":["https:\/\/www.facebook.com\/massir.destiniii\/","https:\/\/www.instagram.com\/neila.driss\/?hl=fr","https:\/\/www.linkedin.com\/in\/neila-driss-22606a80\/","https:\/\/x.com\/https:\/\/x.com\/MassirDestin"],"knowsAbout":["Cin\u00e9ma international","critique cin\u00e9matographique","festivals de cin\u00e9ma","journalisme culturel"],"knowsLanguage":["Fran\u00e7ais","Arabe","Anglais"],"jobTitle":"Journaliste culturelle et critique de cin\u00e9ma","worksFor":"Webdo","url":"https:\/\/www.webdo.tn\/fr\/actualite\/author\/neila-driss\/"}]}},"_links":{"self":[{"href":"https:\/\/www.webdo.tn\/fr\/wp-json\/wp\/v2\/posts\/210412","targetHints":{"allow":["GET"]}}],"collection":[{"href":"https:\/\/www.webdo.tn\/fr\/wp-json\/wp\/v2\/posts"}],"about":[{"href":"https:\/\/www.webdo.tn\/fr\/wp-json\/wp\/v2\/types\/post"}],"author":[{"embeddable":true,"href":"https:\/\/www.webdo.tn\/fr\/wp-json\/wp\/v2\/users\/3164"}],"replies":[{"embeddable":true,"href":"https:\/\/www.webdo.tn\/fr\/wp-json\/wp\/v2\/comments?post=210412"}],"version-history":[{"count":0,"href":"https:\/\/www.webdo.tn\/fr\/wp-json\/wp\/v2\/posts\/210412\/revisions"}],"wp:featuredmedia":[{"embeddable":true,"href":"https:\/\/www.webdo.tn\/fr\/wp-json\/wp\/v2\/media\/248695"}],"wp:attachment":[{"href":"https:\/\/www.webdo.tn\/fr\/wp-json\/wp\/v2\/media?parent=210412"}],"wp:term":[{"taxonomy":"category","embeddable":true,"href":"https:\/\/www.webdo.tn\/fr\/wp-json\/wp\/v2\/categories?post=210412"},{"taxonomy":"post_tag","embeddable":true,"href":"https:\/\/www.webdo.tn\/fr\/wp-json\/wp\/v2\/tags?post=210412"}],"curies":[{"name":"wp","href":"https:\/\/api.w.org\/{rel}","templated":true}]}}