{"id":210405,"date":"2023-11-27T20:04:00","date_gmt":"2023-11-27T20:04:00","guid":{"rendered":"https:\/\/www.webdo.tn\/fr\/blog\/l-acces-au-reseau-starlink-a-gaza-necessitera-l-approbation-d-israel\/210405\/"},"modified":"2025-05-20T22:39:26","modified_gmt":"2025-05-20T22:39:26","slug":"l-acces-au-reseau-starlink-a-gaza-necessitera-l-approbation-d-israel","status":"publish","type":"post","link":"https:\/\/www.webdo.tn\/fr\/actualite\/international\/l-acces-au-reseau-starlink-a-gaza-necessitera-l-approbation-d-israel\/210405\/","title":{"rendered":"L\u2019acc\u00e8s au r\u00e9seau Starlink \u00e0 Gaza n\u00e9cessitera l\u2019approbation d\u2019Isra\u00ebl"},"content":{"rendered":"<p>Le patron de X (ex-Twitter) Elon Musk est en visite officielle en Isra\u00ebl ce lundi 27 novembre, au quatri\u00e8me jour de la tr\u00eave entre l\u2019Etat sioniste et le Hamas.\u00a0<\/p>\n<p>\t\t\t\t\t\t\t\t\tA l\u2019issue de cette visite, le ministre isra\u00e9lien des Communications, Shlomo Karhi, a annonc\u00e9 qu\u2019un accord de principe a \u00e9t\u00e9 trouv\u00e9 avec Elon Musk, le patron de Starlink, stipulant l\u2019approbation de l\u2019entit\u00e9 sioniste pour que la bande de Gaza puisse avoir acc\u00e8s au r\u00e9seau Internet par satellite.<\/p>\n<p>Karhi a \u00e9crit : \u201cElon Musk, je vous f\u00e9licite d&rsquo;avoir conclu un accord pr\u00e9liminaire important avec le minist\u00e8re des Communications sous ma direction [&#8230;] Gr\u00e2ce \u00e0 cet accord important, les unit\u00e9s satellitaires Starlink ne peuvent \u00eatre exploit\u00e9es en Isra\u00ebl qu&rsquo;avec l&rsquo;approbation du minist\u00e8re isra\u00e9lien des Communications, y compris dans la bande de Gaza\u201c.\u00a0<\/p>\n<p>Au d\u00e9but de la guerre, Musk avait annonc\u00e9 que sa compagnie \u00e9tudiait de fournir la bande de Gaza technologie de cette technologie d\u2019internet par satellite.\u00a0<\/p>\n<p>A vrai dire, le voyage d&rsquo;Elon Musk en Isra\u00ebl, intervient alors que l&rsquo;homme d&rsquo;affaires a suscit\u00e9 la pol\u00e9mique plus t\u00f4t ce mois-ci apr\u00e8s avoir publiquement approuv\u00e9 un message antis\u00e9mite sur X affirmant que les membres de la communaut\u00e9 juive entretiennent la haine contre les Blancs.<\/p>\n<p>La Maison blanche a accus\u00e9 Elon Musk de faire une \u00ab\u00a0promotion abjecte de la haine antis\u00e9mite et raciste\u00a0\u00bb en donnant cr\u00e9dit \u00e0 des th\u00e9ories conspirationnistes.<\/p>\n","protected":false},"excerpt":{"rendered":"<p>A l\u2019issue de cette visite, le ministre isra\u00e9lien des Communications, Shlomo Karhi, a annonc\u00e9 qu\u2019un accord de principe a \u00e9t\u00e9 trouv\u00e9 avec Elon Musk, le patron de&#8230;<\/p>\n","protected":false},"author":3175,"featured_media":248690,"comment_status":"open","ping_status":"closed","sticky":false,"template":"","format":"standard","meta":{"footnotes":""},"categories":[2598],"tags":[4134,2689,7493],"class_list":["post-210405","post","type-post","status-publish","format-standard","has-post-thumbnail","hentry","category-international","tag-elon-musk","tag-gaza","tag-starlink"],"yoast_head":"<!-- This site is optimized with the Yoast SEO Premium plugin v27.5 (Yoast SEO v27.5) - https:\/\/yoast.com\/product\/yoast-seo-premium-wordpress\/ -->\n<title>L\u2019acc\u00e8s au r\u00e9seau Starlink \u00e0 Gaza n\u00e9cessitera l\u2019approbation d\u2019Isra\u00ebl<\/title>\n<meta name=\"description\" content=\"A l\u2019issue de cette visite, le ministre isra\u00e9lien des Communications, Shlomo Karhi, a annonc\u00e9 qu\u2019un accord de principe a \u00e9t\u00e9 trouv\u00e9 avec Elon Musk, le patron de...\" \/>\n<link rel=\"canonical\" href=\"https:\/\/www.webdo.tn\/fr\/actualite\/international\/l-acces-au-reseau-starlink-a-gaza-necessitera-l-approbation-d-israel\/210405\/\" \/>\n<meta property=\"og:locale\" content=\"fr_FR\" \/>\n<meta property=\"og:type\" content=\"article\" \/>\n<meta property=\"og:title\" content=\"L\u2019acc\u00e8s au r\u00e9seau Starlink \u00e0 Gaza n\u00e9cessitera l\u2019approbation d\u2019Isra\u00ebl\" \/>\n<meta property=\"og:description\" content=\"A l\u2019issue de cette visite, le ministre isra\u00e9lien des Communications, Shlomo Karhi, a annonc\u00e9 qu\u2019un accord de principe a \u00e9t\u00e9 trouv\u00e9 avec Elon Musk, le patron de...\" \/>\n<meta property=\"og:url\" content=\"https:\/\/www.webdo.tn\/fr\/actualite\/international\/l-acces-au-reseau-starlink-a-gaza-necessitera-l-approbation-d-israel\/210405\/\" \/>\n<meta property=\"og:site_name\" content=\"webdo\" \/>\n<meta property=\"article:publisher\" content=\"https:\/\/www.facebook.com\/webdotn\" \/>\n<meta property=\"article:published_time\" content=\"2023-11-27T20:04:00+00:00\" \/>\n<meta property=\"article:modified_time\" content=\"2025-05-20T22:39:26+00:00\" \/>\n<meta property=\"og:image\" content=\"https:\/\/www.webdo.tn\/fr\/wp-content\/uploads\/2023\/11\/904327c95d28f5297b8ce79e370e0e63.png\" \/>\n\t<meta property=\"og:image:width\" content=\"750\" \/>\n\t<meta property=\"og:image:height\" content=\"400\" \/>\n\t<meta property=\"og:image:type\" content=\"image\/png\" \/>\n<meta name=\"author\" content=\"CL\" \/>\n<meta name=\"twitter:card\" content=\"summary_large_image\" \/>\n<meta name=\"twitter:creator\" content=\"@webdo_tn\" \/>\n<meta name=\"twitter:site\" content=\"@webdo_tn\" \/>\n<meta name=\"twitter:label1\" content=\"\u00c9crit par\" \/>\n\t<meta name=\"twitter:data1\" content=\"CL\" \/>\n\t<meta name=\"twitter:label2\" content=\"Dur\u00e9e de lecture estim\u00e9e\" \/>\n\t<meta name=\"twitter:data2\" content=\"1 minute\" \/>\n<script type=\"application\/ld+json\" class=\"yoast-schema-graph\">{\"@context\":\"https:\\\/\\\/schema.org\",\"@graph\":[{\"@type\":\"NewsArticle\",\"@id\":\"https:\\\/\\\/www.webdo.tn\\\/fr\\\/actualite\\\/international\\\/l-acces-au-reseau-starlink-a-gaza-necessitera-l-approbation-d-israel\\\/210405\\\/#article\",\"isPartOf\":{\"@id\":\"https:\\\/\\\/www.webdo.tn\\\/fr\\\/actualite\\\/international\\\/l-acces-au-reseau-starlink-a-gaza-necessitera-l-approbation-d-israel\\\/210405\\\/\"},\"author\":{\"name\":\"CL\",\"@id\":\"https:\\\/\\\/www.webdo.tn\\\/fr\\\/#\\\/schema\\\/person\\\/f35b42a42c5e2511bbd282959d6385cc\"},\"headline\":\"L\u2019acc\u00e8s au r\u00e9seau Starlink \u00e0 Gaza n\u00e9cessitera l\u2019approbation d\u2019Isra\u00ebl\",\"datePublished\":\"2023-11-27T20:04:00+00:00\",\"dateModified\":\"2025-05-20T22:39:26+00:00\",\"mainEntityOfPage\":{\"@id\":\"https:\\\/\\\/www.webdo.tn\\\/fr\\\/actualite\\\/international\\\/l-acces-au-reseau-starlink-a-gaza-necessitera-l-approbation-d-israel\\\/210405\\\/\"},\"wordCount\":270,\"commentCount\":0,\"publisher\":{\"@id\":\"https:\\\/\\\/www.webdo.tn\\\/fr\\\/#organization\"},\"image\":{\"@id\":\"https:\\\/\\\/www.webdo.tn\\\/fr\\\/actualite\\\/international\\\/l-acces-au-reseau-starlink-a-gaza-necessitera-l-approbation-d-israel\\\/210405\\\/#primaryimage\"},\"thumbnailUrl\":\"https:\\\/\\\/www.webdo.tn\\\/fr\\\/wp-content\\\/uploads\\\/2023\\\/11\\\/904327c95d28f5297b8ce79e370e0e63.png\",\"keywords\":[\"Elon Musk\",\"Gaza\",\"Starlink\"],\"articleSection\":[\"International\"],\"inLanguage\":\"fr-FR\"},{\"@type\":\"WebPage\",\"@id\":\"https:\\\/\\\/www.webdo.tn\\\/fr\\\/actualite\\\/international\\\/l-acces-au-reseau-starlink-a-gaza-necessitera-l-approbation-d-israel\\\/210405\\\/\",\"url\":\"https:\\\/\\\/www.webdo.tn\\\/fr\\\/actualite\\\/international\\\/l-acces-au-reseau-starlink-a-gaza-necessitera-l-approbation-d-israel\\\/210405\\\/\",\"name\":\"L\u2019acc\u00e8s au r\u00e9seau Starlink \u00e0 Gaza n\u00e9cessitera l\u2019approbation d\u2019Isra\u00ebl\",\"isPartOf\":{\"@id\":\"https:\\\/\\\/www.webdo.tn\\\/fr\\\/#website\"},\"primaryImageOfPage\":{\"@id\":\"https:\\\/\\\/www.webdo.tn\\\/fr\\\/actualite\\\/international\\\/l-acces-au-reseau-starlink-a-gaza-necessitera-l-approbation-d-israel\\\/210405\\\/#primaryimage\"},\"image\":{\"@id\":\"https:\\\/\\\/www.webdo.tn\\\/fr\\\/actualite\\\/international\\\/l-acces-au-reseau-starlink-a-gaza-necessitera-l-approbation-d-israel\\\/210405\\\/#primaryimage\"},\"thumbnailUrl\":\"https:\\\/\\\/www.webdo.tn\\\/fr\\\/wp-content\\\/uploads\\\/2023\\\/11\\\/904327c95d28f5297b8ce79e370e0e63.png\",\"datePublished\":\"2023-11-27T20:04:00+00:00\",\"dateModified\":\"2025-05-20T22:39:26+00:00\",\"description\":\"A l\u2019issue de cette visite, le ministre isra\u00e9lien des Communications, Shlomo Karhi, a annonc\u00e9 qu\u2019un accord de principe a \u00e9t\u00e9 trouv\u00e9 avec Elon Musk, le patron de...\",\"breadcrumb\":{\"@id\":\"https:\\\/\\\/www.webdo.tn\\\/fr\\\/actualite\\\/international\\\/l-acces-au-reseau-starlink-a-gaza-necessitera-l-approbation-d-israel\\\/210405\\\/#breadcrumb\"},\"inLanguage\":\"fr-FR\",\"potentialAction\":[{\"@type\":\"ReadAction\",\"target\":[\"https:\\\/\\\/www.webdo.tn\\\/fr\\\/actualite\\\/international\\\/l-acces-au-reseau-starlink-a-gaza-necessitera-l-approbation-d-israel\\\/210405\\\/\"]}]},{\"@type\":\"ImageObject\",\"inLanguage\":\"fr-FR\",\"@id\":\"https:\\\/\\\/www.webdo.tn\\\/fr\\\/actualite\\\/international\\\/l-acces-au-reseau-starlink-a-gaza-necessitera-l-approbation-d-israel\\\/210405\\\/#primaryimage\",\"url\":\"https:\\\/\\\/www.webdo.tn\\\/fr\\\/wp-content\\\/uploads\\\/2023\\\/11\\\/904327c95d28f5297b8ce79e370e0e63.png\",\"contentUrl\":\"https:\\\/\\\/www.webdo.tn\\\/fr\\\/wp-content\\\/uploads\\\/2023\\\/11\\\/904327c95d28f5297b8ce79e370e0e63.png\",\"width\":750,\"height\":400,\"caption\":\"L\u2019acc\u00e8s au r\u00e9seau Starlink \u00e0 Gaza n\u00e9cessitera l\u2019approbation d\u2019Isra\u00ebl\"},{\"@type\":\"BreadcrumbList\",\"@id\":\"https:\\\/\\\/www.webdo.tn\\\/fr\\\/actualite\\\/international\\\/l-acces-au-reseau-starlink-a-gaza-necessitera-l-approbation-d-israel\\\/210405\\\/#breadcrumb\",\"itemListElement\":[{\"@type\":\"ListItem\",\"position\":1,\"name\":\"Accueil\",\"item\":\"https:\\\/\\\/www.webdo.tn\\\/fr\\\/\"},{\"@type\":\"ListItem\",\"position\":2,\"name\":\"L\u2019acc\u00e8s au r\u00e9seau Starlink \u00e0 Gaza n\u00e9cessitera l\u2019approbation d\u2019Isra\u00ebl\"}]},{\"@type\":\"WebSite\",\"@id\":\"https:\\\/\\\/www.webdo.tn\\\/fr\\\/#website\",\"url\":\"https:\\\/\\\/www.webdo.tn\\\/fr\\\/\",\"name\":\"webdo\",\"description\":\"Tunisie - News en Tunisie et \u00e0 l&#039;international sur Webdo.tn\",\"publisher\":{\"@id\":\"https:\\\/\\\/www.webdo.tn\\\/fr\\\/#organization\"},\"potentialAction\":[{\"@type\":\"SearchAction\",\"target\":{\"@type\":\"EntryPoint\",\"urlTemplate\":\"https:\\\/\\\/www.webdo.tn\\\/fr\\\/?s={search_term_string}\"},\"query-input\":{\"@type\":\"PropertyValueSpecification\",\"valueRequired\":true,\"valueName\":\"search_term_string\"}}],\"inLanguage\":\"fr-FR\"},{\"@type\":\"Organization\",\"@id\":\"https:\\\/\\\/www.webdo.tn\\\/fr\\\/#organization\",\"name\":\"Webdo\",\"alternateName\":\"Webdo.tn\",\"url\":\"https:\\\/\\\/www.webdo.tn\\\/fr\\\/\",\"logo\":{\"@type\":\"ImageObject\",\"inLanguage\":\"fr-FR\",\"@id\":\"https:\\\/\\\/www.webdo.tn\\\/fr\\\/#\\\/schema\\\/logo\\\/image\\\/\",\"url\":\"https:\\\/\\\/www.webdo.tn\\\/fr\\\/wp-content\\\/uploads\\\/2025\\\/06\\\/Webdo-Tunisie_168377.jpg\",\"contentUrl\":\"https:\\\/\\\/www.webdo.tn\\\/fr\\\/wp-content\\\/uploads\\\/2025\\\/06\\\/Webdo-Tunisie_168377.jpg\",\"width\":301,\"height\":301,\"caption\":\"Webdo\"},\"image\":{\"@id\":\"https:\\\/\\\/www.webdo.tn\\\/fr\\\/#\\\/schema\\\/logo\\\/image\\\/\"},\"sameAs\":[\"https:\\\/\\\/www.facebook.com\\\/webdotn\",\"https:\\\/\\\/x.com\\\/webdo_tn\"],\"description\":\"Webdo est un m\u00e9dia num\u00e9rique tunisien fond\u00e9 en 2010, sp\u00e9cialis\u00e9 dans l\u2019actualit\u00e9 nationale et internationale, l\u2019\u00e9conomie, la soci\u00e9t\u00e9 et les analyses politiques. Le site s\u2019adresse \u00e0 un large public francophone et couvre l\u2019information tunisienne en temps r\u00e9el.\",\"email\":\"redac@webdo.tn\",\"legalName\":\"YNJ SARL\",\"foundingDate\":\"2010-09-06\",\"numberOfEmployees\":{\"@type\":\"QuantitativeValue\",\"minValue\":\"11\",\"maxValue\":\"50\"}},{\"@type\":\"Person\",\"@id\":\"https:\\\/\\\/www.webdo.tn\\\/fr\\\/#\\\/schema\\\/person\\\/f35b42a42c5e2511bbd282959d6385cc\",\"name\":\"CL\",\"image\":{\"@type\":\"ImageObject\",\"inLanguage\":\"fr-FR\",\"@id\":\"https:\\\/\\\/secure.gravatar.com\\\/avatar\\\/1447a49909b67aa657c488aec6512e1dd6143a480c1ecfee9b5b5cd74eb3b59e?s=96&d=mm&r=g\",\"url\":\"https:\\\/\\\/secure.gravatar.com\\\/avatar\\\/1447a49909b67aa657c488aec6512e1dd6143a480c1ecfee9b5b5cd74eb3b59e?s=96&d=mm&r=g\",\"contentUrl\":\"https:\\\/\\\/secure.gravatar.com\\\/avatar\\\/1447a49909b67aa657c488aec6512e1dd6143a480c1ecfee9b5b5cd74eb3b59e?s=96&d=mm&r=g\",\"caption\":\"CL\"},\"url\":\"https:\\\/\\\/www.webdo.tn\\\/fr\\\/actualite\\\/author\\\/cl\\\/\"}]}<\/script>\n<!-- \/ Yoast SEO Premium plugin. -->","yoast_head_json":{"title":"L\u2019acc\u00e8s au r\u00e9seau Starlink \u00e0 Gaza n\u00e9cessitera l\u2019approbation d\u2019Isra\u00ebl","description":"A l\u2019issue de cette visite, le ministre isra\u00e9lien des Communications, Shlomo Karhi, a annonc\u00e9 qu\u2019un accord de principe a \u00e9t\u00e9 trouv\u00e9 avec Elon Musk, le patron de...","canonical":"https:\/\/www.webdo.tn\/fr\/actualite\/international\/l-acces-au-reseau-starlink-a-gaza-necessitera-l-approbation-d-israel\/210405\/","og_locale":"fr_FR","og_type":"article","og_title":"L\u2019acc\u00e8s au r\u00e9seau Starlink \u00e0 Gaza n\u00e9cessitera l\u2019approbation d\u2019Isra\u00ebl","og_description":"A l\u2019issue de cette visite, le ministre isra\u00e9lien des Communications, Shlomo Karhi, a annonc\u00e9 qu\u2019un accord de principe a \u00e9t\u00e9 trouv\u00e9 avec Elon Musk, le patron de...","og_url":"https:\/\/www.webdo.tn\/fr\/actualite\/international\/l-acces-au-reseau-starlink-a-gaza-necessitera-l-approbation-d-israel\/210405\/","og_site_name":"webdo","article_publisher":"https:\/\/www.facebook.com\/webdotn","article_published_time":"2023-11-27T20:04:00+00:00","article_modified_time":"2025-05-20T22:39:26+00:00","og_image":[{"width":750,"height":400,"url":"https:\/\/www.webdo.tn\/fr\/wp-content\/uploads\/2023\/11\/904327c95d28f5297b8ce79e370e0e63.png","type":"image\/png"}],"author":"CL","twitter_card":"summary_large_image","twitter_creator":"@webdo_tn","twitter_site":"@webdo_tn","twitter_misc":{"\u00c9crit par":"CL","Dur\u00e9e de lecture estim\u00e9e":"1 minute"},"schema":{"@context":"https:\/\/schema.org","@graph":[{"@type":"NewsArticle","@id":"https:\/\/www.webdo.tn\/fr\/actualite\/international\/l-acces-au-reseau-starlink-a-gaza-necessitera-l-approbation-d-israel\/210405\/#article","isPartOf":{"@id":"https:\/\/www.webdo.tn\/fr\/actualite\/international\/l-acces-au-reseau-starlink-a-gaza-necessitera-l-approbation-d-israel\/210405\/"},"author":{"name":"CL","@id":"https:\/\/www.webdo.tn\/fr\/#\/schema\/person\/f35b42a42c5e2511bbd282959d6385cc"},"headline":"L\u2019acc\u00e8s au r\u00e9seau Starlink \u00e0 Gaza n\u00e9cessitera l\u2019approbation d\u2019Isra\u00ebl","datePublished":"2023-11-27T20:04:00+00:00","dateModified":"2025-05-20T22:39:26+00:00","mainEntityOfPage":{"@id":"https:\/\/www.webdo.tn\/fr\/actualite\/international\/l-acces-au-reseau-starlink-a-gaza-necessitera-l-approbation-d-israel\/210405\/"},"wordCount":270,"commentCount":0,"publisher":{"@id":"https:\/\/www.webdo.tn\/fr\/#organization"},"image":{"@id":"https:\/\/www.webdo.tn\/fr\/actualite\/international\/l-acces-au-reseau-starlink-a-gaza-necessitera-l-approbation-d-israel\/210405\/#primaryimage"},"thumbnailUrl":"https:\/\/www.webdo.tn\/fr\/wp-content\/uploads\/2023\/11\/904327c95d28f5297b8ce79e370e0e63.png","keywords":["Elon Musk","Gaza","Starlink"],"articleSection":["International"],"inLanguage":"fr-FR"},{"@type":"WebPage","@id":"https:\/\/www.webdo.tn\/fr\/actualite\/international\/l-acces-au-reseau-starlink-a-gaza-necessitera-l-approbation-d-israel\/210405\/","url":"https:\/\/www.webdo.tn\/fr\/actualite\/international\/l-acces-au-reseau-starlink-a-gaza-necessitera-l-approbation-d-israel\/210405\/","name":"L\u2019acc\u00e8s au r\u00e9seau Starlink \u00e0 Gaza n\u00e9cessitera l\u2019approbation d\u2019Isra\u00ebl","isPartOf":{"@id":"https:\/\/www.webdo.tn\/fr\/#website"},"primaryImageOfPage":{"@id":"https:\/\/www.webdo.tn\/fr\/actualite\/international\/l-acces-au-reseau-starlink-a-gaza-necessitera-l-approbation-d-israel\/210405\/#primaryimage"},"image":{"@id":"https:\/\/www.webdo.tn\/fr\/actualite\/international\/l-acces-au-reseau-starlink-a-gaza-necessitera-l-approbation-d-israel\/210405\/#primaryimage"},"thumbnailUrl":"https:\/\/www.webdo.tn\/fr\/wp-content\/uploads\/2023\/11\/904327c95d28f5297b8ce79e370e0e63.png","datePublished":"2023-11-27T20:04:00+00:00","dateModified":"2025-05-20T22:39:26+00:00","description":"A l\u2019issue de cette visite, le ministre isra\u00e9lien des Communications, Shlomo Karhi, a annonc\u00e9 qu\u2019un accord de principe a \u00e9t\u00e9 trouv\u00e9 avec Elon Musk, le patron de...","breadcrumb":{"@id":"https:\/\/www.webdo.tn\/fr\/actualite\/international\/l-acces-au-reseau-starlink-a-gaza-necessitera-l-approbation-d-israel\/210405\/#breadcrumb"},"inLanguage":"fr-FR","potentialAction":[{"@type":"ReadAction","target":["https:\/\/www.webdo.tn\/fr\/actualite\/international\/l-acces-au-reseau-starlink-a-gaza-necessitera-l-approbation-d-israel\/210405\/"]}]},{"@type":"ImageObject","inLanguage":"fr-FR","@id":"https:\/\/www.webdo.tn\/fr\/actualite\/international\/l-acces-au-reseau-starlink-a-gaza-necessitera-l-approbation-d-israel\/210405\/#primaryimage","url":"https:\/\/www.webdo.tn\/fr\/wp-content\/uploads\/2023\/11\/904327c95d28f5297b8ce79e370e0e63.png","contentUrl":"https:\/\/www.webdo.tn\/fr\/wp-content\/uploads\/2023\/11\/904327c95d28f5297b8ce79e370e0e63.png","width":750,"height":400,"caption":"L\u2019acc\u00e8s au r\u00e9seau Starlink \u00e0 Gaza n\u00e9cessitera l\u2019approbation d\u2019Isra\u00ebl"},{"@type":"BreadcrumbList","@id":"https:\/\/www.webdo.tn\/fr\/actualite\/international\/l-acces-au-reseau-starlink-a-gaza-necessitera-l-approbation-d-israel\/210405\/#breadcrumb","itemListElement":[{"@type":"ListItem","position":1,"name":"Accueil","item":"https:\/\/www.webdo.tn\/fr\/"},{"@type":"ListItem","position":2,"name":"L\u2019acc\u00e8s au r\u00e9seau Starlink \u00e0 Gaza n\u00e9cessitera l\u2019approbation d\u2019Isra\u00ebl"}]},{"@type":"WebSite","@id":"https:\/\/www.webdo.tn\/fr\/#website","url":"https:\/\/www.webdo.tn\/fr\/","name":"webdo","description":"Tunisie - News en Tunisie et \u00e0 l&#039;international sur Webdo.tn","publisher":{"@id":"https:\/\/www.webdo.tn\/fr\/#organization"},"potentialAction":[{"@type":"SearchAction","target":{"@type":"EntryPoint","urlTemplate":"https:\/\/www.webdo.tn\/fr\/?s={search_term_string}"},"query-input":{"@type":"PropertyValueSpecification","valueRequired":true,"valueName":"search_term_string"}}],"inLanguage":"fr-FR"},{"@type":"Organization","@id":"https:\/\/www.webdo.tn\/fr\/#organization","name":"Webdo","alternateName":"Webdo.tn","url":"https:\/\/www.webdo.tn\/fr\/","logo":{"@type":"ImageObject","inLanguage":"fr-FR","@id":"https:\/\/www.webdo.tn\/fr\/#\/schema\/logo\/image\/","url":"https:\/\/www.webdo.tn\/fr\/wp-content\/uploads\/2025\/06\/Webdo-Tunisie_168377.jpg","contentUrl":"https:\/\/www.webdo.tn\/fr\/wp-content\/uploads\/2025\/06\/Webdo-Tunisie_168377.jpg","width":301,"height":301,"caption":"Webdo"},"image":{"@id":"https:\/\/www.webdo.tn\/fr\/#\/schema\/logo\/image\/"},"sameAs":["https:\/\/www.facebook.com\/webdotn","https:\/\/x.com\/webdo_tn"],"description":"Webdo est un m\u00e9dia num\u00e9rique tunisien fond\u00e9 en 2010, sp\u00e9cialis\u00e9 dans l\u2019actualit\u00e9 nationale et internationale, l\u2019\u00e9conomie, la soci\u00e9t\u00e9 et les analyses politiques. Le site s\u2019adresse \u00e0 un large public francophone et couvre l\u2019information tunisienne en temps r\u00e9el.","email":"redac@webdo.tn","legalName":"YNJ SARL","foundingDate":"2010-09-06","numberOfEmployees":{"@type":"QuantitativeValue","minValue":"11","maxValue":"50"}},{"@type":"Person","@id":"https:\/\/www.webdo.tn\/fr\/#\/schema\/person\/f35b42a42c5e2511bbd282959d6385cc","name":"CL","image":{"@type":"ImageObject","inLanguage":"fr-FR","@id":"https:\/\/secure.gravatar.com\/avatar\/1447a49909b67aa657c488aec6512e1dd6143a480c1ecfee9b5b5cd74eb3b59e?s=96&d=mm&r=g","url":"https:\/\/secure.gravatar.com\/avatar\/1447a49909b67aa657c488aec6512e1dd6143a480c1ecfee9b5b5cd74eb3b59e?s=96&d=mm&r=g","contentUrl":"https:\/\/secure.gravatar.com\/avatar\/1447a49909b67aa657c488aec6512e1dd6143a480c1ecfee9b5b5cd74eb3b59e?s=96&d=mm&r=g","caption":"CL"},"url":"https:\/\/www.webdo.tn\/fr\/actualite\/author\/cl\/"}]}},"_links":{"self":[{"href":"https:\/\/www.webdo.tn\/fr\/wp-json\/wp\/v2\/posts\/210405","targetHints":{"allow":["GET"]}}],"collection":[{"href":"https:\/\/www.webdo.tn\/fr\/wp-json\/wp\/v2\/posts"}],"about":[{"href":"https:\/\/www.webdo.tn\/fr\/wp-json\/wp\/v2\/types\/post"}],"author":[{"embeddable":true,"href":"https:\/\/www.webdo.tn\/fr\/wp-json\/wp\/v2\/users\/3175"}],"replies":[{"embeddable":true,"href":"https:\/\/www.webdo.tn\/fr\/wp-json\/wp\/v2\/comments?post=210405"}],"version-history":[{"count":0,"href":"https:\/\/www.webdo.tn\/fr\/wp-json\/wp\/v2\/posts\/210405\/revisions"}],"wp:featuredmedia":[{"embeddable":true,"href":"https:\/\/www.webdo.tn\/fr\/wp-json\/wp\/v2\/media\/248690"}],"wp:attachment":[{"href":"https:\/\/www.webdo.tn\/fr\/wp-json\/wp\/v2\/media?parent=210405"}],"wp:term":[{"taxonomy":"category","embeddable":true,"href":"https:\/\/www.webdo.tn\/fr\/wp-json\/wp\/v2\/categories?post=210405"},{"taxonomy":"post_tag","embeddable":true,"href":"https:\/\/www.webdo.tn\/fr\/wp-json\/wp\/v2\/tags?post=210405"}],"curies":[{"name":"wp","href":"https:\/\/api.w.org\/{rel}","templated":true}]}}