{"id":210403,"date":"2023-11-27T18:39:00","date_gmt":"2023-11-27T18:39:00","guid":{"rendered":"https:\/\/www.webdo.tn\/fr\/blog\/les-docteurs-sans-emploi-protestent-a-la-kasbah\/210403\/"},"modified":"2025-05-20T22:39:26","modified_gmt":"2025-05-20T22:39:26","slug":"les-docteurs-sans-emploi-protestent-a-la-kasbah","status":"publish","type":"post","link":"https:\/\/www.webdo.tn\/fr\/actualite\/national\/les-docteurs-sans-emploi-protestent-a-la-kasbah\/210403\/","title":{"rendered":"Les docteurs sans emploi protestent \u00e0 la Kasbah"},"content":{"rendered":"<p>La porte-parole du mouvement des docteurs et doctorants sans emploi Meriem Dziri a indiqu\u00e9 lundi que la marche \u00ab\u00a0pieds nus\u00a0\u00bb des doctorants- chercheurs au ch\u00f4mage est consid\u00e9r\u00e9e comme un message symbolique adress\u00e9 au pr\u00e9sident de la r\u00e9publique Kais Said pour r\u00e9habiliter les doctorants et leur rendre justice.<\/p>\n<p>\t\t\t\t\t\t\t\t\tElle a soulign\u00e9, au cours d&rsquo;un mouvement de protestation observ\u00e9 lundi matin par les doctorants au ch\u00f4mage devant le palais du gouvernement \u00e0 la Kasbah, qu&rsquo;un nombre de doctorants dans diverses sp\u00e9cialit\u00e9s sont marginalis\u00e9s, priv\u00e9s de couverture sociale et vivent dans des conditions sociales difficiles.<\/p>\n<p>Et d&rsquo;ajouter: \u00ab\u00a0A travers sa politique d&rsquo;exclusion, l&rsquo;\u00e9tat nous pousse \u00e0 quitter le pays, ce qui est inacceptable\u00a0\u00bb.<\/p>\n<p>Les doctorants sans emploi revendiquent la r\u00e9gularisation de leurs dossiers \u00e0 travers une l\u00e9gislation exceptionnelle sur le recrutement et le lancement d&rsquo;une plateforme \u00e9lectronique y aff\u00e9rent, la promulgation d&rsquo;un statut dans le secteur de l&rsquo;enseignement sup\u00e9rieur et l&rsquo;interdiction de toutes formes d&rsquo;enseignement parall\u00e8le dans les universit\u00e9s tunisiennes en fixant les sp\u00e9cialit\u00e9s rares au niveau du sup\u00e9rieur, selon un communiqu\u00e9 publi\u00e9 lundi par le mouvement des doctorants sans emploi.<\/p>\n","protected":false},"excerpt":{"rendered":"<p>Elle a soulign\u00e9, au cours d&rsquo;un mouvement de protestation observ\u00e9 lundi matin par les doctorants au ch\u00f4mage devant le palais du gouvernement \u00e0 la Kasbah, qu&rsquo;un n&#8230;<\/p>\n","protected":false},"author":3175,"featured_media":248689,"comment_status":"open","ping_status":"closed","sticky":false,"template":"","format":"standard","meta":{"footnotes":""},"categories":[44],"tags":[5067,7492,2608],"class_list":["post-210403","post","type-post","status-publish","format-standard","has-post-thumbnail","hentry","category-national","tag-chomage","tag-docteurs","tag-tunisie"],"yoast_head":"<!-- This site is optimized with the Yoast SEO Premium plugin v27.5 (Yoast SEO v27.5) - https:\/\/yoast.com\/product\/yoast-seo-premium-wordpress\/ -->\n<title>Les docteurs sans emploi protestent \u00e0 la Kasbah<\/title>\n<meta name=\"description\" content=\"Elle a soulign\u00e9, au cours d&#039;un mouvement de protestation observ\u00e9 lundi matin par les doctorants au ch\u00f4mage devant le palais du gouvernement \u00e0 la Kasbah, qu&#039;un n...\" \/>\n<link rel=\"canonical\" href=\"https:\/\/www.webdo.tn\/fr\/actualite\/national\/les-docteurs-sans-emploi-protestent-a-la-kasbah\/210403\/\" \/>\n<meta property=\"og:locale\" content=\"fr_FR\" \/>\n<meta property=\"og:type\" content=\"article\" \/>\n<meta property=\"og:title\" content=\"Les docteurs sans emploi protestent \u00e0 la Kasbah\" \/>\n<meta property=\"og:description\" content=\"Elle a soulign\u00e9, au cours d&#039;un mouvement de protestation observ\u00e9 lundi matin par les doctorants au ch\u00f4mage devant le palais du gouvernement \u00e0 la Kasbah, qu&#039;un n...\" \/>\n<meta property=\"og:url\" content=\"https:\/\/www.webdo.tn\/fr\/actualite\/national\/les-docteurs-sans-emploi-protestent-a-la-kasbah\/210403\/\" \/>\n<meta property=\"og:site_name\" content=\"webdo\" \/>\n<meta property=\"article:publisher\" content=\"https:\/\/www.facebook.com\/webdotn\" \/>\n<meta property=\"article:published_time\" content=\"2023-11-27T18:39:00+00:00\" \/>\n<meta property=\"article:modified_time\" content=\"2025-05-20T22:39:26+00:00\" \/>\n<meta property=\"og:image\" content=\"https:\/\/www.webdo.tn\/fr\/wp-content\/uploads\/2023\/11\/27201761c94c8f24cc1c031fbf7377a9.jpg\" \/>\n\t<meta property=\"og:image:width\" content=\"710\" \/>\n\t<meta property=\"og:image:height\" content=\"379\" \/>\n\t<meta property=\"og:image:type\" content=\"image\/jpeg\" \/>\n<meta name=\"author\" content=\"CL\" \/>\n<meta name=\"twitter:card\" content=\"summary_large_image\" \/>\n<meta name=\"twitter:creator\" content=\"@webdo_tn\" \/>\n<meta name=\"twitter:site\" content=\"@webdo_tn\" \/>\n<meta name=\"twitter:label1\" content=\"\u00c9crit par\" \/>\n\t<meta name=\"twitter:data1\" content=\"CL\" \/>\n\t<meta name=\"twitter:label2\" content=\"Dur\u00e9e de lecture estim\u00e9e\" \/>\n\t<meta name=\"twitter:data2\" content=\"1 minute\" \/>\n<script type=\"application\/ld+json\" class=\"yoast-schema-graph\">{\"@context\":\"https:\\\/\\\/schema.org\",\"@graph\":[{\"@type\":\"NewsArticle\",\"@id\":\"https:\\\/\\\/www.webdo.tn\\\/fr\\\/actualite\\\/national\\\/les-docteurs-sans-emploi-protestent-a-la-kasbah\\\/210403\\\/#article\",\"isPartOf\":{\"@id\":\"https:\\\/\\\/www.webdo.tn\\\/fr\\\/actualite\\\/national\\\/les-docteurs-sans-emploi-protestent-a-la-kasbah\\\/210403\\\/\"},\"author\":{\"name\":\"CL\",\"@id\":\"https:\\\/\\\/www.webdo.tn\\\/fr\\\/#\\\/schema\\\/person\\\/f35b42a42c5e2511bbd282959d6385cc\"},\"headline\":\"Les docteurs sans emploi protestent \u00e0 la Kasbah\",\"datePublished\":\"2023-11-27T18:39:00+00:00\",\"dateModified\":\"2025-05-20T22:39:26+00:00\",\"mainEntityOfPage\":{\"@id\":\"https:\\\/\\\/www.webdo.tn\\\/fr\\\/actualite\\\/national\\\/les-docteurs-sans-emploi-protestent-a-la-kasbah\\\/210403\\\/\"},\"wordCount\":212,\"commentCount\":0,\"publisher\":{\"@id\":\"https:\\\/\\\/www.webdo.tn\\\/fr\\\/#organization\"},\"image\":{\"@id\":\"https:\\\/\\\/www.webdo.tn\\\/fr\\\/actualite\\\/national\\\/les-docteurs-sans-emploi-protestent-a-la-kasbah\\\/210403\\\/#primaryimage\"},\"thumbnailUrl\":\"https:\\\/\\\/www.webdo.tn\\\/fr\\\/wp-content\\\/uploads\\\/2023\\\/11\\\/27201761c94c8f24cc1c031fbf7377a9.jpg\",\"keywords\":[\"Ch\u00f4mage\",\"Docteurs\",\"Tunisie\"],\"articleSection\":[\"National\"],\"inLanguage\":\"fr-FR\"},{\"@type\":\"WebPage\",\"@id\":\"https:\\\/\\\/www.webdo.tn\\\/fr\\\/actualite\\\/national\\\/les-docteurs-sans-emploi-protestent-a-la-kasbah\\\/210403\\\/\",\"url\":\"https:\\\/\\\/www.webdo.tn\\\/fr\\\/actualite\\\/national\\\/les-docteurs-sans-emploi-protestent-a-la-kasbah\\\/210403\\\/\",\"name\":\"Les docteurs sans emploi protestent \u00e0 la Kasbah\",\"isPartOf\":{\"@id\":\"https:\\\/\\\/www.webdo.tn\\\/fr\\\/#website\"},\"primaryImageOfPage\":{\"@id\":\"https:\\\/\\\/www.webdo.tn\\\/fr\\\/actualite\\\/national\\\/les-docteurs-sans-emploi-protestent-a-la-kasbah\\\/210403\\\/#primaryimage\"},\"image\":{\"@id\":\"https:\\\/\\\/www.webdo.tn\\\/fr\\\/actualite\\\/national\\\/les-docteurs-sans-emploi-protestent-a-la-kasbah\\\/210403\\\/#primaryimage\"},\"thumbnailUrl\":\"https:\\\/\\\/www.webdo.tn\\\/fr\\\/wp-content\\\/uploads\\\/2023\\\/11\\\/27201761c94c8f24cc1c031fbf7377a9.jpg\",\"datePublished\":\"2023-11-27T18:39:00+00:00\",\"dateModified\":\"2025-05-20T22:39:26+00:00\",\"description\":\"Elle a soulign\u00e9, au cours d'un mouvement de protestation observ\u00e9 lundi matin par les doctorants au ch\u00f4mage devant le palais du gouvernement \u00e0 la Kasbah, qu'un n...\",\"breadcrumb\":{\"@id\":\"https:\\\/\\\/www.webdo.tn\\\/fr\\\/actualite\\\/national\\\/les-docteurs-sans-emploi-protestent-a-la-kasbah\\\/210403\\\/#breadcrumb\"},\"inLanguage\":\"fr-FR\",\"potentialAction\":[{\"@type\":\"ReadAction\",\"target\":[\"https:\\\/\\\/www.webdo.tn\\\/fr\\\/actualite\\\/national\\\/les-docteurs-sans-emploi-protestent-a-la-kasbah\\\/210403\\\/\"]}]},{\"@type\":\"ImageObject\",\"inLanguage\":\"fr-FR\",\"@id\":\"https:\\\/\\\/www.webdo.tn\\\/fr\\\/actualite\\\/national\\\/les-docteurs-sans-emploi-protestent-a-la-kasbah\\\/210403\\\/#primaryimage\",\"url\":\"https:\\\/\\\/www.webdo.tn\\\/fr\\\/wp-content\\\/uploads\\\/2023\\\/11\\\/27201761c94c8f24cc1c031fbf7377a9.jpg\",\"contentUrl\":\"https:\\\/\\\/www.webdo.tn\\\/fr\\\/wp-content\\\/uploads\\\/2023\\\/11\\\/27201761c94c8f24cc1c031fbf7377a9.jpg\",\"width\":710,\"height\":379,\"caption\":\"Les docteurs sans emploi protestent \u00e0 la Kasbah\"},{\"@type\":\"BreadcrumbList\",\"@id\":\"https:\\\/\\\/www.webdo.tn\\\/fr\\\/actualite\\\/national\\\/les-docteurs-sans-emploi-protestent-a-la-kasbah\\\/210403\\\/#breadcrumb\",\"itemListElement\":[{\"@type\":\"ListItem\",\"position\":1,\"name\":\"Accueil\",\"item\":\"https:\\\/\\\/www.webdo.tn\\\/fr\\\/\"},{\"@type\":\"ListItem\",\"position\":2,\"name\":\"Les docteurs sans emploi protestent \u00e0 la Kasbah\"}]},{\"@type\":\"WebSite\",\"@id\":\"https:\\\/\\\/www.webdo.tn\\\/fr\\\/#website\",\"url\":\"https:\\\/\\\/www.webdo.tn\\\/fr\\\/\",\"name\":\"webdo\",\"description\":\"Tunisie - News en Tunisie et \u00e0 l&#039;international sur Webdo.tn\",\"publisher\":{\"@id\":\"https:\\\/\\\/www.webdo.tn\\\/fr\\\/#organization\"},\"potentialAction\":[{\"@type\":\"SearchAction\",\"target\":{\"@type\":\"EntryPoint\",\"urlTemplate\":\"https:\\\/\\\/www.webdo.tn\\\/fr\\\/?s={search_term_string}\"},\"query-input\":{\"@type\":\"PropertyValueSpecification\",\"valueRequired\":true,\"valueName\":\"search_term_string\"}}],\"inLanguage\":\"fr-FR\"},{\"@type\":\"Organization\",\"@id\":\"https:\\\/\\\/www.webdo.tn\\\/fr\\\/#organization\",\"name\":\"Webdo\",\"alternateName\":\"Webdo.tn\",\"url\":\"https:\\\/\\\/www.webdo.tn\\\/fr\\\/\",\"logo\":{\"@type\":\"ImageObject\",\"inLanguage\":\"fr-FR\",\"@id\":\"https:\\\/\\\/www.webdo.tn\\\/fr\\\/#\\\/schema\\\/logo\\\/image\\\/\",\"url\":\"https:\\\/\\\/www.webdo.tn\\\/fr\\\/wp-content\\\/uploads\\\/2025\\\/06\\\/Webdo-Tunisie_168377.jpg\",\"contentUrl\":\"https:\\\/\\\/www.webdo.tn\\\/fr\\\/wp-content\\\/uploads\\\/2025\\\/06\\\/Webdo-Tunisie_168377.jpg\",\"width\":301,\"height\":301,\"caption\":\"Webdo\"},\"image\":{\"@id\":\"https:\\\/\\\/www.webdo.tn\\\/fr\\\/#\\\/schema\\\/logo\\\/image\\\/\"},\"sameAs\":[\"https:\\\/\\\/www.facebook.com\\\/webdotn\",\"https:\\\/\\\/x.com\\\/webdo_tn\"],\"description\":\"Webdo est un m\u00e9dia num\u00e9rique tunisien fond\u00e9 en 2010, sp\u00e9cialis\u00e9 dans l\u2019actualit\u00e9 nationale et internationale, l\u2019\u00e9conomie, la soci\u00e9t\u00e9 et les analyses politiques. Le site s\u2019adresse \u00e0 un large public francophone et couvre l\u2019information tunisienne en temps r\u00e9el.\",\"email\":\"redac@webdo.tn\",\"legalName\":\"YNJ SARL\",\"foundingDate\":\"2010-09-06\",\"numberOfEmployees\":{\"@type\":\"QuantitativeValue\",\"minValue\":\"11\",\"maxValue\":\"50\"}},{\"@type\":\"Person\",\"@id\":\"https:\\\/\\\/www.webdo.tn\\\/fr\\\/#\\\/schema\\\/person\\\/f35b42a42c5e2511bbd282959d6385cc\",\"name\":\"CL\",\"image\":{\"@type\":\"ImageObject\",\"inLanguage\":\"fr-FR\",\"@id\":\"https:\\\/\\\/secure.gravatar.com\\\/avatar\\\/1447a49909b67aa657c488aec6512e1dd6143a480c1ecfee9b5b5cd74eb3b59e?s=96&d=mm&r=g\",\"url\":\"https:\\\/\\\/secure.gravatar.com\\\/avatar\\\/1447a49909b67aa657c488aec6512e1dd6143a480c1ecfee9b5b5cd74eb3b59e?s=96&d=mm&r=g\",\"contentUrl\":\"https:\\\/\\\/secure.gravatar.com\\\/avatar\\\/1447a49909b67aa657c488aec6512e1dd6143a480c1ecfee9b5b5cd74eb3b59e?s=96&d=mm&r=g\",\"caption\":\"CL\"},\"url\":\"https:\\\/\\\/www.webdo.tn\\\/fr\\\/actualite\\\/author\\\/cl\\\/\"}]}<\/script>\n<!-- \/ Yoast SEO Premium plugin. -->","yoast_head_json":{"title":"Les docteurs sans emploi protestent \u00e0 la Kasbah","description":"Elle a soulign\u00e9, au cours d'un mouvement de protestation observ\u00e9 lundi matin par les doctorants au ch\u00f4mage devant le palais du gouvernement \u00e0 la Kasbah, qu'un n...","canonical":"https:\/\/www.webdo.tn\/fr\/actualite\/national\/les-docteurs-sans-emploi-protestent-a-la-kasbah\/210403\/","og_locale":"fr_FR","og_type":"article","og_title":"Les docteurs sans emploi protestent \u00e0 la Kasbah","og_description":"Elle a soulign\u00e9, au cours d'un mouvement de protestation observ\u00e9 lundi matin par les doctorants au ch\u00f4mage devant le palais du gouvernement \u00e0 la Kasbah, qu'un n...","og_url":"https:\/\/www.webdo.tn\/fr\/actualite\/national\/les-docteurs-sans-emploi-protestent-a-la-kasbah\/210403\/","og_site_name":"webdo","article_publisher":"https:\/\/www.facebook.com\/webdotn","article_published_time":"2023-11-27T18:39:00+00:00","article_modified_time":"2025-05-20T22:39:26+00:00","og_image":[{"width":710,"height":379,"url":"https:\/\/www.webdo.tn\/fr\/wp-content\/uploads\/2023\/11\/27201761c94c8f24cc1c031fbf7377a9.jpg","type":"image\/jpeg"}],"author":"CL","twitter_card":"summary_large_image","twitter_creator":"@webdo_tn","twitter_site":"@webdo_tn","twitter_misc":{"\u00c9crit par":"CL","Dur\u00e9e de lecture estim\u00e9e":"1 minute"},"schema":{"@context":"https:\/\/schema.org","@graph":[{"@type":"NewsArticle","@id":"https:\/\/www.webdo.tn\/fr\/actualite\/national\/les-docteurs-sans-emploi-protestent-a-la-kasbah\/210403\/#article","isPartOf":{"@id":"https:\/\/www.webdo.tn\/fr\/actualite\/national\/les-docteurs-sans-emploi-protestent-a-la-kasbah\/210403\/"},"author":{"name":"CL","@id":"https:\/\/www.webdo.tn\/fr\/#\/schema\/person\/f35b42a42c5e2511bbd282959d6385cc"},"headline":"Les docteurs sans emploi protestent \u00e0 la Kasbah","datePublished":"2023-11-27T18:39:00+00:00","dateModified":"2025-05-20T22:39:26+00:00","mainEntityOfPage":{"@id":"https:\/\/www.webdo.tn\/fr\/actualite\/national\/les-docteurs-sans-emploi-protestent-a-la-kasbah\/210403\/"},"wordCount":212,"commentCount":0,"publisher":{"@id":"https:\/\/www.webdo.tn\/fr\/#organization"},"image":{"@id":"https:\/\/www.webdo.tn\/fr\/actualite\/national\/les-docteurs-sans-emploi-protestent-a-la-kasbah\/210403\/#primaryimage"},"thumbnailUrl":"https:\/\/www.webdo.tn\/fr\/wp-content\/uploads\/2023\/11\/27201761c94c8f24cc1c031fbf7377a9.jpg","keywords":["Ch\u00f4mage","Docteurs","Tunisie"],"articleSection":["National"],"inLanguage":"fr-FR"},{"@type":"WebPage","@id":"https:\/\/www.webdo.tn\/fr\/actualite\/national\/les-docteurs-sans-emploi-protestent-a-la-kasbah\/210403\/","url":"https:\/\/www.webdo.tn\/fr\/actualite\/national\/les-docteurs-sans-emploi-protestent-a-la-kasbah\/210403\/","name":"Les docteurs sans emploi protestent \u00e0 la Kasbah","isPartOf":{"@id":"https:\/\/www.webdo.tn\/fr\/#website"},"primaryImageOfPage":{"@id":"https:\/\/www.webdo.tn\/fr\/actualite\/national\/les-docteurs-sans-emploi-protestent-a-la-kasbah\/210403\/#primaryimage"},"image":{"@id":"https:\/\/www.webdo.tn\/fr\/actualite\/national\/les-docteurs-sans-emploi-protestent-a-la-kasbah\/210403\/#primaryimage"},"thumbnailUrl":"https:\/\/www.webdo.tn\/fr\/wp-content\/uploads\/2023\/11\/27201761c94c8f24cc1c031fbf7377a9.jpg","datePublished":"2023-11-27T18:39:00+00:00","dateModified":"2025-05-20T22:39:26+00:00","description":"Elle a soulign\u00e9, au cours d'un mouvement de protestation observ\u00e9 lundi matin par les doctorants au ch\u00f4mage devant le palais du gouvernement \u00e0 la Kasbah, qu'un n...","breadcrumb":{"@id":"https:\/\/www.webdo.tn\/fr\/actualite\/national\/les-docteurs-sans-emploi-protestent-a-la-kasbah\/210403\/#breadcrumb"},"inLanguage":"fr-FR","potentialAction":[{"@type":"ReadAction","target":["https:\/\/www.webdo.tn\/fr\/actualite\/national\/les-docteurs-sans-emploi-protestent-a-la-kasbah\/210403\/"]}]},{"@type":"ImageObject","inLanguage":"fr-FR","@id":"https:\/\/www.webdo.tn\/fr\/actualite\/national\/les-docteurs-sans-emploi-protestent-a-la-kasbah\/210403\/#primaryimage","url":"https:\/\/www.webdo.tn\/fr\/wp-content\/uploads\/2023\/11\/27201761c94c8f24cc1c031fbf7377a9.jpg","contentUrl":"https:\/\/www.webdo.tn\/fr\/wp-content\/uploads\/2023\/11\/27201761c94c8f24cc1c031fbf7377a9.jpg","width":710,"height":379,"caption":"Les docteurs sans emploi protestent \u00e0 la Kasbah"},{"@type":"BreadcrumbList","@id":"https:\/\/www.webdo.tn\/fr\/actualite\/national\/les-docteurs-sans-emploi-protestent-a-la-kasbah\/210403\/#breadcrumb","itemListElement":[{"@type":"ListItem","position":1,"name":"Accueil","item":"https:\/\/www.webdo.tn\/fr\/"},{"@type":"ListItem","position":2,"name":"Les docteurs sans emploi protestent \u00e0 la Kasbah"}]},{"@type":"WebSite","@id":"https:\/\/www.webdo.tn\/fr\/#website","url":"https:\/\/www.webdo.tn\/fr\/","name":"webdo","description":"Tunisie - News en Tunisie et \u00e0 l&#039;international sur Webdo.tn","publisher":{"@id":"https:\/\/www.webdo.tn\/fr\/#organization"},"potentialAction":[{"@type":"SearchAction","target":{"@type":"EntryPoint","urlTemplate":"https:\/\/www.webdo.tn\/fr\/?s={search_term_string}"},"query-input":{"@type":"PropertyValueSpecification","valueRequired":true,"valueName":"search_term_string"}}],"inLanguage":"fr-FR"},{"@type":"Organization","@id":"https:\/\/www.webdo.tn\/fr\/#organization","name":"Webdo","alternateName":"Webdo.tn","url":"https:\/\/www.webdo.tn\/fr\/","logo":{"@type":"ImageObject","inLanguage":"fr-FR","@id":"https:\/\/www.webdo.tn\/fr\/#\/schema\/logo\/image\/","url":"https:\/\/www.webdo.tn\/fr\/wp-content\/uploads\/2025\/06\/Webdo-Tunisie_168377.jpg","contentUrl":"https:\/\/www.webdo.tn\/fr\/wp-content\/uploads\/2025\/06\/Webdo-Tunisie_168377.jpg","width":301,"height":301,"caption":"Webdo"},"image":{"@id":"https:\/\/www.webdo.tn\/fr\/#\/schema\/logo\/image\/"},"sameAs":["https:\/\/www.facebook.com\/webdotn","https:\/\/x.com\/webdo_tn"],"description":"Webdo est un m\u00e9dia num\u00e9rique tunisien fond\u00e9 en 2010, sp\u00e9cialis\u00e9 dans l\u2019actualit\u00e9 nationale et internationale, l\u2019\u00e9conomie, la soci\u00e9t\u00e9 et les analyses politiques. Le site s\u2019adresse \u00e0 un large public francophone et couvre l\u2019information tunisienne en temps r\u00e9el.","email":"redac@webdo.tn","legalName":"YNJ SARL","foundingDate":"2010-09-06","numberOfEmployees":{"@type":"QuantitativeValue","minValue":"11","maxValue":"50"}},{"@type":"Person","@id":"https:\/\/www.webdo.tn\/fr\/#\/schema\/person\/f35b42a42c5e2511bbd282959d6385cc","name":"CL","image":{"@type":"ImageObject","inLanguage":"fr-FR","@id":"https:\/\/secure.gravatar.com\/avatar\/1447a49909b67aa657c488aec6512e1dd6143a480c1ecfee9b5b5cd74eb3b59e?s=96&d=mm&r=g","url":"https:\/\/secure.gravatar.com\/avatar\/1447a49909b67aa657c488aec6512e1dd6143a480c1ecfee9b5b5cd74eb3b59e?s=96&d=mm&r=g","contentUrl":"https:\/\/secure.gravatar.com\/avatar\/1447a49909b67aa657c488aec6512e1dd6143a480c1ecfee9b5b5cd74eb3b59e?s=96&d=mm&r=g","caption":"CL"},"url":"https:\/\/www.webdo.tn\/fr\/actualite\/author\/cl\/"}]}},"_links":{"self":[{"href":"https:\/\/www.webdo.tn\/fr\/wp-json\/wp\/v2\/posts\/210403","targetHints":{"allow":["GET"]}}],"collection":[{"href":"https:\/\/www.webdo.tn\/fr\/wp-json\/wp\/v2\/posts"}],"about":[{"href":"https:\/\/www.webdo.tn\/fr\/wp-json\/wp\/v2\/types\/post"}],"author":[{"embeddable":true,"href":"https:\/\/www.webdo.tn\/fr\/wp-json\/wp\/v2\/users\/3175"}],"replies":[{"embeddable":true,"href":"https:\/\/www.webdo.tn\/fr\/wp-json\/wp\/v2\/comments?post=210403"}],"version-history":[{"count":0,"href":"https:\/\/www.webdo.tn\/fr\/wp-json\/wp\/v2\/posts\/210403\/revisions"}],"wp:featuredmedia":[{"embeddable":true,"href":"https:\/\/www.webdo.tn\/fr\/wp-json\/wp\/v2\/media\/248689"}],"wp:attachment":[{"href":"https:\/\/www.webdo.tn\/fr\/wp-json\/wp\/v2\/media?parent=210403"}],"wp:term":[{"taxonomy":"category","embeddable":true,"href":"https:\/\/www.webdo.tn\/fr\/wp-json\/wp\/v2\/categories?post=210403"},{"taxonomy":"post_tag","embeddable":true,"href":"https:\/\/www.webdo.tn\/fr\/wp-json\/wp\/v2\/tags?post=210403"}],"curies":[{"name":"wp","href":"https:\/\/api.w.org\/{rel}","templated":true}]}}