{"id":210397,"date":"2023-11-27T14:27:00","date_gmt":"2023-11-27T14:27:00","guid":{"rendered":"https:\/\/www.webdo.tn\/fr\/blog\/gaza-des-experts-de-l-onu-veulent-une-enquete-sur-des-crimes-de-guerre\/210397\/"},"modified":"2025-05-20T21:55:18","modified_gmt":"2025-05-20T21:55:18","slug":"gaza-des-experts-de-l-onu-veulent-une-enquete-sur-des-crimes-de-guerre","status":"publish","type":"post","link":"https:\/\/www.webdo.tn\/fr\/actualite\/international\/gaza-des-experts-de-l-onu-veulent-une-enquete-sur-des-crimes-de-guerre\/210397\/","title":{"rendered":"Gaza : Des experts de l&rsquo;ONU veulent une enqu\u00eate sur des crimes de guerre"},"content":{"rendered":"<p>Des experts de l&rsquo;ONU en droits humains ont demand\u00e9, ce lundi 27 novembre 2023, l&rsquo;ouverture d&rsquo;enqu\u00eates ind\u00e9pendantes sur les \u00ab\u00a0all\u00e9gations de crimes de guerre et crimes contre l&rsquo;humanit\u00e9\u00a0\u00bb par toutes les parties depuis le d\u00e9clenchement de la guerre \u00e0 Gaza, le 7 octobre dernier.<\/p>\n<p>\t\t\t\t\t\t\t\t\tDans un communiqu\u00e9, Morris Tidball-Binz, Rapporteur sp\u00e9cial des Nations Unies sur les ex\u00e9cutions extrajudiciaires, et Alice Jill Edwards, Rapporteure sp\u00e9ciale sur la torture, tous deux mandat\u00e9s par le Conseil des droits de l&rsquo;homme de l&rsquo;ONU, soulignent la n\u00e9cessit\u00e9 que ces enqu\u00eates soient \u00ab\u00a0rapides, transparentes et ind\u00e9pendantes\u00a0\u00bb.<\/p>\n<p>\u00ab\u00a0Des enqu\u00eateurs ind\u00e9pendants doivent recevoir les ressources, le soutien et l&rsquo;acc\u00e8s n\u00e9cessaires pour mener des enqu\u00eates rapides, approfondies et impartiales sur les crimes qui auraient \u00e9t\u00e9 commis par toutes les parties au conflit\u00a0\u00bb, ont demand\u00e9 M. Tidball-Binz et Mme Jill Edwards, dans le communiqu\u00e9.<\/p>\n<p>La bande de Gaza est assi\u00e9g\u00e9e et d\u00e9vast\u00e9e par sept semaines de bombardements isra\u00e9liens qui ont fait plus de 15 mille martyrs, dont 6150 \u00e2g\u00e9es de moins de 18 ans, tu\u00e9s par les frappes isra\u00e9liennes.<\/p>\n<p>Les deux rapporteurs de l&rsquo;ONU appellent la communaut\u00e9 internationale \u00e0 veiller \u00e0 ce que tous les responsables des violations les plus graves des droits humains &#8211; en particulier ceux qui sont \u00e0 des postes de commandement &#8211; soient \u00ab\u00a0rapidement traduits en justice\u00a0\u00bb.<\/p>\n","protected":false},"excerpt":{"rendered":"<p>Des experts de l&rsquo;ONU en droits humains ont demand\u00e9 l&rsquo;ouverture d&rsquo;enqu\u00eates ind\u00e9pendantes sur les  all\u00e9gations de crimes de guerre et crimes contre l&rsquo;humanit\u00e9  \u00e0&#8230;<\/p>\n","protected":false},"author":3162,"featured_media":248685,"comment_status":"open","ping_status":"closed","sticky":false,"template":"","format":"standard","meta":{"footnotes":""},"categories":[2598],"tags":[7489,2689,3296,2688],"class_list":["post-210397","post","type-post","status-publish","format-standard","has-post-thumbnail","hentry","category-international","tag-crimes-de-guerre","tag-gaza","tag-onu","tag-palestine"],"yoast_head":"<!-- This site is optimized with the Yoast SEO Premium plugin v27.4 (Yoast SEO v27.5) - https:\/\/yoast.com\/product\/yoast-seo-premium-wordpress\/ -->\n<title>Gaza : Des experts de l&#039;ONU veulent une enqu\u00eate sur des crimes de guerre<\/title>\n<meta name=\"description\" content=\"Des experts de l&#039;ONU en droits humains ont demand\u00e9 l&#039;ouverture d&#039;enqu\u00eates ind\u00e9pendantes sur les all\u00e9gations de crimes de guerre et crimes contre l&#039;humanit\u00e9 \u00e0...\" \/>\n<link rel=\"canonical\" href=\"https:\/\/www.webdo.tn\/fr\/actualite\/international\/gaza-des-experts-de-l-onu-veulent-une-enquete-sur-des-crimes-de-guerre\/210397\/\" \/>\n<meta property=\"og:locale\" content=\"fr_FR\" \/>\n<meta property=\"og:type\" content=\"article\" \/>\n<meta property=\"og:title\" content=\"Gaza : Des experts de l&#039;ONU veulent une enqu\u00eate sur des crimes de guerre\" \/>\n<meta property=\"og:description\" content=\"Des experts de l&#039;ONU en droits humains ont demand\u00e9 l&#039;ouverture d&#039;enqu\u00eates ind\u00e9pendantes sur les all\u00e9gations de crimes de guerre et crimes contre l&#039;humanit\u00e9 \u00e0...\" \/>\n<meta property=\"og:url\" content=\"https:\/\/www.webdo.tn\/fr\/actualite\/international\/gaza-des-experts-de-l-onu-veulent-une-enquete-sur-des-crimes-de-guerre\/210397\/\" \/>\n<meta property=\"og:site_name\" content=\"webdo\" \/>\n<meta property=\"article:publisher\" content=\"https:\/\/www.facebook.com\/webdotn\" \/>\n<meta property=\"article:published_time\" content=\"2023-11-27T14:27:00+00:00\" \/>\n<meta property=\"article:modified_time\" content=\"2025-05-20T21:55:18+00:00\" \/>\n<meta property=\"og:image\" content=\"https:\/\/www.webdo.tn\/fr\/wp-content\/uploads\/2023\/11\/0fd6493ea5a9f977f8d34a839bb0a6c8.jpg\" \/>\n\t<meta property=\"og:image:width\" content=\"750\" \/>\n\t<meta property=\"og:image:height\" content=\"400\" \/>\n\t<meta property=\"og:image:type\" content=\"image\/jpeg\" \/>\n<meta name=\"author\" content=\"MC\" \/>\n<meta name=\"twitter:card\" content=\"summary_large_image\" \/>\n<meta name=\"twitter:creator\" content=\"@webdo_tn\" \/>\n<meta name=\"twitter:site\" content=\"@webdo_tn\" \/>\n<meta name=\"twitter:label1\" content=\"\u00c9crit par\" \/>\n\t<meta name=\"twitter:data1\" content=\"MC\" \/>\n\t<meta name=\"twitter:label2\" content=\"Dur\u00e9e de lecture estim\u00e9e\" \/>\n\t<meta name=\"twitter:data2\" content=\"1 minute\" \/>\n<script type=\"application\/ld+json\" class=\"yoast-schema-graph\">{\"@context\":\"https:\\\/\\\/schema.org\",\"@graph\":[{\"@type\":\"NewsArticle\",\"@id\":\"https:\\\/\\\/www.webdo.tn\\\/fr\\\/actualite\\\/international\\\/gaza-des-experts-de-l-onu-veulent-une-enquete-sur-des-crimes-de-guerre\\\/210397\\\/#article\",\"isPartOf\":{\"@id\":\"https:\\\/\\\/www.webdo.tn\\\/fr\\\/actualite\\\/international\\\/gaza-des-experts-de-l-onu-veulent-une-enquete-sur-des-crimes-de-guerre\\\/210397\\\/\"},\"author\":{\"name\":\"MC\",\"@id\":\"https:\\\/\\\/www.webdo.tn\\\/fr\\\/#\\\/schema\\\/person\\\/2c4929cbf5a809e3bd38617c6ce150f6\"},\"headline\":\"Gaza : Des experts de l&rsquo;ONU veulent une enqu\u00eate sur des crimes de guerre\",\"datePublished\":\"2023-11-27T14:27:00+00:00\",\"dateModified\":\"2025-05-20T21:55:18+00:00\",\"mainEntityOfPage\":{\"@id\":\"https:\\\/\\\/www.webdo.tn\\\/fr\\\/actualite\\\/international\\\/gaza-des-experts-de-l-onu-veulent-une-enquete-sur-des-crimes-de-guerre\\\/210397\\\/\"},\"wordCount\":248,\"commentCount\":0,\"publisher\":{\"@id\":\"https:\\\/\\\/www.webdo.tn\\\/fr\\\/#organization\"},\"image\":{\"@id\":\"https:\\\/\\\/www.webdo.tn\\\/fr\\\/actualite\\\/international\\\/gaza-des-experts-de-l-onu-veulent-une-enquete-sur-des-crimes-de-guerre\\\/210397\\\/#primaryimage\"},\"thumbnailUrl\":\"https:\\\/\\\/www.webdo.tn\\\/fr\\\/wp-content\\\/uploads\\\/2023\\\/11\\\/0fd6493ea5a9f977f8d34a839bb0a6c8.jpg\",\"keywords\":[\"crimes de guerre\",\"Gaza\",\"ONU\",\"Palestine\"],\"articleSection\":[\"International\"],\"inLanguage\":\"fr-FR\"},{\"@type\":\"WebPage\",\"@id\":\"https:\\\/\\\/www.webdo.tn\\\/fr\\\/actualite\\\/international\\\/gaza-des-experts-de-l-onu-veulent-une-enquete-sur-des-crimes-de-guerre\\\/210397\\\/\",\"url\":\"https:\\\/\\\/www.webdo.tn\\\/fr\\\/actualite\\\/international\\\/gaza-des-experts-de-l-onu-veulent-une-enquete-sur-des-crimes-de-guerre\\\/210397\\\/\",\"name\":\"Gaza : Des experts de l'ONU veulent une enqu\u00eate sur des crimes de guerre\",\"isPartOf\":{\"@id\":\"https:\\\/\\\/www.webdo.tn\\\/fr\\\/#website\"},\"primaryImageOfPage\":{\"@id\":\"https:\\\/\\\/www.webdo.tn\\\/fr\\\/actualite\\\/international\\\/gaza-des-experts-de-l-onu-veulent-une-enquete-sur-des-crimes-de-guerre\\\/210397\\\/#primaryimage\"},\"image\":{\"@id\":\"https:\\\/\\\/www.webdo.tn\\\/fr\\\/actualite\\\/international\\\/gaza-des-experts-de-l-onu-veulent-une-enquete-sur-des-crimes-de-guerre\\\/210397\\\/#primaryimage\"},\"thumbnailUrl\":\"https:\\\/\\\/www.webdo.tn\\\/fr\\\/wp-content\\\/uploads\\\/2023\\\/11\\\/0fd6493ea5a9f977f8d34a839bb0a6c8.jpg\",\"datePublished\":\"2023-11-27T14:27:00+00:00\",\"dateModified\":\"2025-05-20T21:55:18+00:00\",\"description\":\"Des experts de l'ONU en droits humains ont demand\u00e9 l'ouverture d'enqu\u00eates ind\u00e9pendantes sur les all\u00e9gations de crimes de guerre et crimes contre l'humanit\u00e9 \u00e0...\",\"breadcrumb\":{\"@id\":\"https:\\\/\\\/www.webdo.tn\\\/fr\\\/actualite\\\/international\\\/gaza-des-experts-de-l-onu-veulent-une-enquete-sur-des-crimes-de-guerre\\\/210397\\\/#breadcrumb\"},\"inLanguage\":\"fr-FR\",\"potentialAction\":[{\"@type\":\"ReadAction\",\"target\":[\"https:\\\/\\\/www.webdo.tn\\\/fr\\\/actualite\\\/international\\\/gaza-des-experts-de-l-onu-veulent-une-enquete-sur-des-crimes-de-guerre\\\/210397\\\/\"]}]},{\"@type\":\"ImageObject\",\"inLanguage\":\"fr-FR\",\"@id\":\"https:\\\/\\\/www.webdo.tn\\\/fr\\\/actualite\\\/international\\\/gaza-des-experts-de-l-onu-veulent-une-enquete-sur-des-crimes-de-guerre\\\/210397\\\/#primaryimage\",\"url\":\"https:\\\/\\\/www.webdo.tn\\\/fr\\\/wp-content\\\/uploads\\\/2023\\\/11\\\/0fd6493ea5a9f977f8d34a839bb0a6c8.jpg\",\"contentUrl\":\"https:\\\/\\\/www.webdo.tn\\\/fr\\\/wp-content\\\/uploads\\\/2023\\\/11\\\/0fd6493ea5a9f977f8d34a839bb0a6c8.jpg\",\"width\":750,\"height\":400,\"caption\":\"Gaza : Des experts de l'ONU veulent une enqu\u00eate sur des crimes de guerre\"},{\"@type\":\"BreadcrumbList\",\"@id\":\"https:\\\/\\\/www.webdo.tn\\\/fr\\\/actualite\\\/international\\\/gaza-des-experts-de-l-onu-veulent-une-enquete-sur-des-crimes-de-guerre\\\/210397\\\/#breadcrumb\",\"itemListElement\":[{\"@type\":\"ListItem\",\"position\":1,\"name\":\"Accueil\",\"item\":\"https:\\\/\\\/www.webdo.tn\\\/fr\\\/\"},{\"@type\":\"ListItem\",\"position\":2,\"name\":\"Gaza : Des experts de l&rsquo;ONU veulent une enqu\u00eate sur des crimes de guerre\"}]},{\"@type\":\"WebSite\",\"@id\":\"https:\\\/\\\/www.webdo.tn\\\/fr\\\/#website\",\"url\":\"https:\\\/\\\/www.webdo.tn\\\/fr\\\/\",\"name\":\"webdo\",\"description\":\"Tunisie - News en Tunisie et \u00e0 l&#039;international sur Webdo.tn\",\"publisher\":{\"@id\":\"https:\\\/\\\/www.webdo.tn\\\/fr\\\/#organization\"},\"potentialAction\":[{\"@type\":\"SearchAction\",\"target\":{\"@type\":\"EntryPoint\",\"urlTemplate\":\"https:\\\/\\\/www.webdo.tn\\\/fr\\\/?s={search_term_string}\"},\"query-input\":{\"@type\":\"PropertyValueSpecification\",\"valueRequired\":true,\"valueName\":\"search_term_string\"}}],\"inLanguage\":\"fr-FR\"},{\"@type\":\"Organization\",\"@id\":\"https:\\\/\\\/www.webdo.tn\\\/fr\\\/#organization\",\"name\":\"Webdo\",\"alternateName\":\"Webdo.tn\",\"url\":\"https:\\\/\\\/www.webdo.tn\\\/fr\\\/\",\"logo\":{\"@type\":\"ImageObject\",\"inLanguage\":\"fr-FR\",\"@id\":\"https:\\\/\\\/www.webdo.tn\\\/fr\\\/#\\\/schema\\\/logo\\\/image\\\/\",\"url\":\"https:\\\/\\\/www.webdo.tn\\\/fr\\\/wp-content\\\/uploads\\\/2025\\\/06\\\/Webdo-Tunisie_168377.jpg\",\"contentUrl\":\"https:\\\/\\\/www.webdo.tn\\\/fr\\\/wp-content\\\/uploads\\\/2025\\\/06\\\/Webdo-Tunisie_168377.jpg\",\"width\":301,\"height\":301,\"caption\":\"Webdo\"},\"image\":{\"@id\":\"https:\\\/\\\/www.webdo.tn\\\/fr\\\/#\\\/schema\\\/logo\\\/image\\\/\"},\"sameAs\":[\"https:\\\/\\\/www.facebook.com\\\/webdotn\",\"https:\\\/\\\/x.com\\\/webdo_tn\"],\"description\":\"Webdo est un m\u00e9dia num\u00e9rique tunisien fond\u00e9 en 2010, sp\u00e9cialis\u00e9 dans l\u2019actualit\u00e9 nationale et internationale, l\u2019\u00e9conomie, la soci\u00e9t\u00e9 et les analyses politiques. Le site s\u2019adresse \u00e0 un large public francophone et couvre l\u2019information tunisienne en temps r\u00e9el.\",\"email\":\"redac@webdo.tn\",\"legalName\":\"YNJ SARL\",\"foundingDate\":\"2010-09-06\",\"numberOfEmployees\":{\"@type\":\"QuantitativeValue\",\"minValue\":\"11\",\"maxValue\":\"50\"}},{\"@type\":\"Person\",\"@id\":\"https:\\\/\\\/www.webdo.tn\\\/fr\\\/#\\\/schema\\\/person\\\/2c4929cbf5a809e3bd38617c6ce150f6\",\"name\":\"MC\",\"image\":{\"@type\":\"ImageObject\",\"inLanguage\":\"fr-FR\",\"@id\":\"https:\\\/\\\/secure.gravatar.com\\\/avatar\\\/a545bbb6f84efdd5553dbbc2895e3ca8f1d12c5215e00a041c9670b54aa9b18a?s=96&d=mm&r=g\",\"url\":\"https:\\\/\\\/secure.gravatar.com\\\/avatar\\\/a545bbb6f84efdd5553dbbc2895e3ca8f1d12c5215e00a041c9670b54aa9b18a?s=96&d=mm&r=g\",\"contentUrl\":\"https:\\\/\\\/secure.gravatar.com\\\/avatar\\\/a545bbb6f84efdd5553dbbc2895e3ca8f1d12c5215e00a041c9670b54aa9b18a?s=96&d=mm&r=g\",\"caption\":\"MC\"},\"url\":\"https:\\\/\\\/www.webdo.tn\\\/fr\\\/actualite\\\/author\\\/mc\\\/\"}]}<\/script>\n<!-- \/ Yoast SEO Premium plugin. -->","yoast_head_json":{"title":"Gaza : Des experts de l'ONU veulent une enqu\u00eate sur des crimes de guerre","description":"Des experts de l'ONU en droits humains ont demand\u00e9 l'ouverture d'enqu\u00eates ind\u00e9pendantes sur les all\u00e9gations de crimes de guerre et crimes contre l'humanit\u00e9 \u00e0...","canonical":"https:\/\/www.webdo.tn\/fr\/actualite\/international\/gaza-des-experts-de-l-onu-veulent-une-enquete-sur-des-crimes-de-guerre\/210397\/","og_locale":"fr_FR","og_type":"article","og_title":"Gaza : Des experts de l'ONU veulent une enqu\u00eate sur des crimes de guerre","og_description":"Des experts de l'ONU en droits humains ont demand\u00e9 l'ouverture d'enqu\u00eates ind\u00e9pendantes sur les all\u00e9gations de crimes de guerre et crimes contre l'humanit\u00e9 \u00e0...","og_url":"https:\/\/www.webdo.tn\/fr\/actualite\/international\/gaza-des-experts-de-l-onu-veulent-une-enquete-sur-des-crimes-de-guerre\/210397\/","og_site_name":"webdo","article_publisher":"https:\/\/www.facebook.com\/webdotn","article_published_time":"2023-11-27T14:27:00+00:00","article_modified_time":"2025-05-20T21:55:18+00:00","og_image":[{"width":750,"height":400,"url":"https:\/\/www.webdo.tn\/fr\/wp-content\/uploads\/2023\/11\/0fd6493ea5a9f977f8d34a839bb0a6c8.jpg","type":"image\/jpeg"}],"author":"MC","twitter_card":"summary_large_image","twitter_creator":"@webdo_tn","twitter_site":"@webdo_tn","twitter_misc":{"\u00c9crit par":"MC","Dur\u00e9e de lecture estim\u00e9e":"1 minute"},"schema":{"@context":"https:\/\/schema.org","@graph":[{"@type":"NewsArticle","@id":"https:\/\/www.webdo.tn\/fr\/actualite\/international\/gaza-des-experts-de-l-onu-veulent-une-enquete-sur-des-crimes-de-guerre\/210397\/#article","isPartOf":{"@id":"https:\/\/www.webdo.tn\/fr\/actualite\/international\/gaza-des-experts-de-l-onu-veulent-une-enquete-sur-des-crimes-de-guerre\/210397\/"},"author":{"name":"MC","@id":"https:\/\/www.webdo.tn\/fr\/#\/schema\/person\/2c4929cbf5a809e3bd38617c6ce150f6"},"headline":"Gaza : Des experts de l&rsquo;ONU veulent une enqu\u00eate sur des crimes de guerre","datePublished":"2023-11-27T14:27:00+00:00","dateModified":"2025-05-20T21:55:18+00:00","mainEntityOfPage":{"@id":"https:\/\/www.webdo.tn\/fr\/actualite\/international\/gaza-des-experts-de-l-onu-veulent-une-enquete-sur-des-crimes-de-guerre\/210397\/"},"wordCount":248,"commentCount":0,"publisher":{"@id":"https:\/\/www.webdo.tn\/fr\/#organization"},"image":{"@id":"https:\/\/www.webdo.tn\/fr\/actualite\/international\/gaza-des-experts-de-l-onu-veulent-une-enquete-sur-des-crimes-de-guerre\/210397\/#primaryimage"},"thumbnailUrl":"https:\/\/www.webdo.tn\/fr\/wp-content\/uploads\/2023\/11\/0fd6493ea5a9f977f8d34a839bb0a6c8.jpg","keywords":["crimes de guerre","Gaza","ONU","Palestine"],"articleSection":["International"],"inLanguage":"fr-FR"},{"@type":"WebPage","@id":"https:\/\/www.webdo.tn\/fr\/actualite\/international\/gaza-des-experts-de-l-onu-veulent-une-enquete-sur-des-crimes-de-guerre\/210397\/","url":"https:\/\/www.webdo.tn\/fr\/actualite\/international\/gaza-des-experts-de-l-onu-veulent-une-enquete-sur-des-crimes-de-guerre\/210397\/","name":"Gaza : Des experts de l'ONU veulent une enqu\u00eate sur des crimes de guerre","isPartOf":{"@id":"https:\/\/www.webdo.tn\/fr\/#website"},"primaryImageOfPage":{"@id":"https:\/\/www.webdo.tn\/fr\/actualite\/international\/gaza-des-experts-de-l-onu-veulent-une-enquete-sur-des-crimes-de-guerre\/210397\/#primaryimage"},"image":{"@id":"https:\/\/www.webdo.tn\/fr\/actualite\/international\/gaza-des-experts-de-l-onu-veulent-une-enquete-sur-des-crimes-de-guerre\/210397\/#primaryimage"},"thumbnailUrl":"https:\/\/www.webdo.tn\/fr\/wp-content\/uploads\/2023\/11\/0fd6493ea5a9f977f8d34a839bb0a6c8.jpg","datePublished":"2023-11-27T14:27:00+00:00","dateModified":"2025-05-20T21:55:18+00:00","description":"Des experts de l'ONU en droits humains ont demand\u00e9 l'ouverture d'enqu\u00eates ind\u00e9pendantes sur les all\u00e9gations de crimes de guerre et crimes contre l'humanit\u00e9 \u00e0...","breadcrumb":{"@id":"https:\/\/www.webdo.tn\/fr\/actualite\/international\/gaza-des-experts-de-l-onu-veulent-une-enquete-sur-des-crimes-de-guerre\/210397\/#breadcrumb"},"inLanguage":"fr-FR","potentialAction":[{"@type":"ReadAction","target":["https:\/\/www.webdo.tn\/fr\/actualite\/international\/gaza-des-experts-de-l-onu-veulent-une-enquete-sur-des-crimes-de-guerre\/210397\/"]}]},{"@type":"ImageObject","inLanguage":"fr-FR","@id":"https:\/\/www.webdo.tn\/fr\/actualite\/international\/gaza-des-experts-de-l-onu-veulent-une-enquete-sur-des-crimes-de-guerre\/210397\/#primaryimage","url":"https:\/\/www.webdo.tn\/fr\/wp-content\/uploads\/2023\/11\/0fd6493ea5a9f977f8d34a839bb0a6c8.jpg","contentUrl":"https:\/\/www.webdo.tn\/fr\/wp-content\/uploads\/2023\/11\/0fd6493ea5a9f977f8d34a839bb0a6c8.jpg","width":750,"height":400,"caption":"Gaza : Des experts de l'ONU veulent une enqu\u00eate sur des crimes de guerre"},{"@type":"BreadcrumbList","@id":"https:\/\/www.webdo.tn\/fr\/actualite\/international\/gaza-des-experts-de-l-onu-veulent-une-enquete-sur-des-crimes-de-guerre\/210397\/#breadcrumb","itemListElement":[{"@type":"ListItem","position":1,"name":"Accueil","item":"https:\/\/www.webdo.tn\/fr\/"},{"@type":"ListItem","position":2,"name":"Gaza : Des experts de l&rsquo;ONU veulent une enqu\u00eate sur des crimes de guerre"}]},{"@type":"WebSite","@id":"https:\/\/www.webdo.tn\/fr\/#website","url":"https:\/\/www.webdo.tn\/fr\/","name":"webdo","description":"Tunisie - News en Tunisie et \u00e0 l&#039;international sur Webdo.tn","publisher":{"@id":"https:\/\/www.webdo.tn\/fr\/#organization"},"potentialAction":[{"@type":"SearchAction","target":{"@type":"EntryPoint","urlTemplate":"https:\/\/www.webdo.tn\/fr\/?s={search_term_string}"},"query-input":{"@type":"PropertyValueSpecification","valueRequired":true,"valueName":"search_term_string"}}],"inLanguage":"fr-FR"},{"@type":"Organization","@id":"https:\/\/www.webdo.tn\/fr\/#organization","name":"Webdo","alternateName":"Webdo.tn","url":"https:\/\/www.webdo.tn\/fr\/","logo":{"@type":"ImageObject","inLanguage":"fr-FR","@id":"https:\/\/www.webdo.tn\/fr\/#\/schema\/logo\/image\/","url":"https:\/\/www.webdo.tn\/fr\/wp-content\/uploads\/2025\/06\/Webdo-Tunisie_168377.jpg","contentUrl":"https:\/\/www.webdo.tn\/fr\/wp-content\/uploads\/2025\/06\/Webdo-Tunisie_168377.jpg","width":301,"height":301,"caption":"Webdo"},"image":{"@id":"https:\/\/www.webdo.tn\/fr\/#\/schema\/logo\/image\/"},"sameAs":["https:\/\/www.facebook.com\/webdotn","https:\/\/x.com\/webdo_tn"],"description":"Webdo est un m\u00e9dia num\u00e9rique tunisien fond\u00e9 en 2010, sp\u00e9cialis\u00e9 dans l\u2019actualit\u00e9 nationale et internationale, l\u2019\u00e9conomie, la soci\u00e9t\u00e9 et les analyses politiques. Le site s\u2019adresse \u00e0 un large public francophone et couvre l\u2019information tunisienne en temps r\u00e9el.","email":"redac@webdo.tn","legalName":"YNJ SARL","foundingDate":"2010-09-06","numberOfEmployees":{"@type":"QuantitativeValue","minValue":"11","maxValue":"50"}},{"@type":"Person","@id":"https:\/\/www.webdo.tn\/fr\/#\/schema\/person\/2c4929cbf5a809e3bd38617c6ce150f6","name":"MC","image":{"@type":"ImageObject","inLanguage":"fr-FR","@id":"https:\/\/secure.gravatar.com\/avatar\/a545bbb6f84efdd5553dbbc2895e3ca8f1d12c5215e00a041c9670b54aa9b18a?s=96&d=mm&r=g","url":"https:\/\/secure.gravatar.com\/avatar\/a545bbb6f84efdd5553dbbc2895e3ca8f1d12c5215e00a041c9670b54aa9b18a?s=96&d=mm&r=g","contentUrl":"https:\/\/secure.gravatar.com\/avatar\/a545bbb6f84efdd5553dbbc2895e3ca8f1d12c5215e00a041c9670b54aa9b18a?s=96&d=mm&r=g","caption":"MC"},"url":"https:\/\/www.webdo.tn\/fr\/actualite\/author\/mc\/"}]}},"_links":{"self":[{"href":"https:\/\/www.webdo.tn\/fr\/wp-json\/wp\/v2\/posts\/210397","targetHints":{"allow":["GET"]}}],"collection":[{"href":"https:\/\/www.webdo.tn\/fr\/wp-json\/wp\/v2\/posts"}],"about":[{"href":"https:\/\/www.webdo.tn\/fr\/wp-json\/wp\/v2\/types\/post"}],"author":[{"embeddable":true,"href":"https:\/\/www.webdo.tn\/fr\/wp-json\/wp\/v2\/users\/3162"}],"replies":[{"embeddable":true,"href":"https:\/\/www.webdo.tn\/fr\/wp-json\/wp\/v2\/comments?post=210397"}],"version-history":[{"count":0,"href":"https:\/\/www.webdo.tn\/fr\/wp-json\/wp\/v2\/posts\/210397\/revisions"}],"wp:featuredmedia":[{"embeddable":true,"href":"https:\/\/www.webdo.tn\/fr\/wp-json\/wp\/v2\/media\/248685"}],"wp:attachment":[{"href":"https:\/\/www.webdo.tn\/fr\/wp-json\/wp\/v2\/media?parent=210397"}],"wp:term":[{"taxonomy":"category","embeddable":true,"href":"https:\/\/www.webdo.tn\/fr\/wp-json\/wp\/v2\/categories?post=210397"},{"taxonomy":"post_tag","embeddable":true,"href":"https:\/\/www.webdo.tn\/fr\/wp-json\/wp\/v2\/tags?post=210397"}],"curies":[{"name":"wp","href":"https:\/\/api.w.org\/{rel}","templated":true}]}}