{"id":210394,"date":"2023-11-27T11:06:00","date_gmt":"2023-11-27T11:06:00","guid":{"rendered":"https:\/\/www.webdo.tn\/fr\/blog\/pres-du-palais-de-carthage-une-mysterieuse-villa-signee-le-corbusier\/210394\/"},"modified":"2023-11-27T11:06:00","modified_gmt":"2023-11-27T11:06:00","slug":"pres-du-palais-de-carthage-une-mysterieuse-villa-signee-le-corbusier","status":"publish","type":"post","link":"https:\/\/www.webdo.tn\/fr\/actualite\/chroniques\/pres-du-palais-de-carthage-une-mysterieuse-villa-signee-le-corbusier\/210394\/","title":{"rendered":"Pr\u00e8s du palais de Carthage, une myst\u00e9rieuse villa sign\u00e9e Le Corbusier"},"content":{"rendered":"<p>Le seul projet architectural de Le Corbusier en Afrique, a \u00e9t\u00e9 r\u00e9alis\u00e9 \u00e0 Carthage, il y a pratiquement un si\u00e8cle.<\/p>\n<p>\t\t\t\t\t\t\t\t\tPr\u00e8s d&rsquo;un si\u00e8cle apr\u00e8s son \u00e9dification, la Villa Baizeau se trouve dans l&rsquo;actualit\u00e9 artistique et architecturale. En effet, une exposition d&rsquo;art contemporain sur la th\u00e9matique de l&rsquo;inaccessible sera organis\u00e9e du 15 janvier au 15 mai 2024 \u00e0 l&rsquo;espace 32 bis.<\/p>\n<p>C&rsquo;est en partenariat avec la Bo\u00eete et sous le commissariat de Roberto Gargiani que se tiendra cette exposition dont le pr\u00e9texte est la fameuse Villa Baizeau.<\/p>\n<p>Afin de mieux conna\u00eetre cet \u00e9difice singulier et d\u00e9couvrir le contexte de sa construction, nous vous invitons \u00e0 relire cette chronique parue dans webdo.tn le 8 janvier 2016.<\/p>\n<p>Du temps de Bourguiba puis de Ben Ali, le sujet \u00e9tait tabou et il \u00e9tait aventureux de l&rsquo;\u00e9voquer. Mais depuis la r\u00e9volution de 2011, les choses ont relativement chang\u00e9.<\/p>\n<p>Des voix, y compris celle de l&rsquo;ancien ministre des Affaires culturelles, Azzeddine Bechaouch, avaient m\u00eame propos\u00e9 une reconnaissance internationale de cette fameuse villa, avec son classement dans la liste du patrimoine mondial de l&rsquo;Unesco.<\/p>\n<p>Cette villa est en effet exceptionnelle. D&rsquo;abord, elle se situe dans le p\u00e9rim\u00e8tre du palais de Carthage auquel elle a \u00e9t\u00e9 int\u00e9gr\u00e9e et abrite actuellement l&rsquo;un des services de la pr\u00e9sidence.<\/p>\n<p>Ensuite, elle est sign\u00e9e Le Corbusier, l&rsquo;un des plus grands architectes du vingti\u00e8me si\u00e8cle, ap\u00f4tre du fonctionnalisme et th\u00e9oricien universellement reconnu.<\/p>\n<p>\u00a0<\/p>\n<p>\u00a0<\/p>\n<p>Cette villa est doublement unique: d&rsquo;une part, c&rsquo;est la seule villa Le Corbusier en Tunisie; d&rsquo;autre part, cet \u00e9difice est l&rsquo;un des tout premiers exemples d&rsquo;adaptation du courant architectural moderniste en M\u00e9diterrann\u00e9e et dans le monde arabe.<\/p>\n<p>L&rsquo;histoire commence en 1928, lorsque l&rsquo;industriel Lucien Baizeau rencontre Le Corbusier \u00e0 Stuttgart, en Allemagne, pendant une foire. Baizeau est un industriel r\u00e9put\u00e9 en Tunisie. Avec son associ\u00e9 Schwick, il est \u00e0 la t\u00eate d&rsquo;une grosse entreprise dans le domaine des mat\u00e9riaux de construction.<\/p>\n<p>Cet entrepreneur convainc l&rsquo;architecte suisse d&rsquo;appliquer ses nouvelles m\u00e9thodes pour les plans d&rsquo;une villa \u00e0 Carthage. Le Corbusier acceptera mais r\u00e9alisera les plans en 1929 sans se rendre sur le site.<\/p>\n<p>Lui et son coll\u00e8gue Pierre Jeanneret travailleront selon les descriptions de Lucien Baizeau et r\u00e9aliseront une \u0153uvre qui porte clairement la griffe de l&rsquo;architecte suisse.<\/p>\n<p>\u00a0<\/p>\n<p>\u00a0<\/p>\n<p>En pleine p\u00e9riode \u00ab\u00a0puriste\u00a0\u00bb, Le Corbusier va se livrer \u00e0 un v\u00e9ritable exercice de style. Il va toutefois devoir pr\u00e9senter deux projets successifs car la premi\u00e8re mouture sera rejet\u00e9e par Baizeau.<\/p>\n<p>C&rsquo;est donc la deuxi\u00e8me mouture int\u00e9grant les recommandations du ma\u00eetre d\u2019\u0153uvre qui sera retenue. M\u00eame si elle demeure peu int\u00e9gr\u00e9e \u00e0 son environnement, la villa Le Corbusier de Carthage a fi\u00e8re allure.<\/p>\n<p>Elle prend pour mod\u00e8le l&rsquo;architecture compacte d&rsquo;une kasbah et la distribution spatiale d&rsquo;une maison traditionnelle de la m\u00e9dina de Tunis.<\/p>\n<p>En d&rsquo;autres termes, les murs aveugles dans la tradition tunisienne permettront de domestiquer le soleil alors que de larges baies vitr\u00e9es s&rsquo;ouvrent sur le golfe de Tunis. Comme un grand bloc rectangulaire, cette villa semble tourn\u00e9e vers elle-m\u00eame.<\/p>\n<p>\u00a0<\/p>\n<p>\u00a0<\/p>\n<p>Le Corbusier int\u00e9grera dans cette demeure un syst\u00e8me de ventilation naturelle qui souligne la qu\u00eate de cet architecte pour un fonctionnalisme tourn\u00e9 vers la qualit\u00e9 de vie.<\/p>\n<p>Unique \u0153uvre tunisienne du plus grand architecte du vingti\u00e8me si\u00e8cle, cette villa Le Corbusier qui se trouve au c\u0153ur du palais de Carthage sera-t-elle un jour class\u00e9e au patrimoine mondial de l&rsquo;Unesco !?<\/p>\n<p>Nul ne saurait le dire m\u00eame s&rsquo;il s&rsquo;agit d&rsquo;un v\u0153u cher aux animateurs de la Fondation internationale Le Corbusier.<\/p>\n","protected":false},"excerpt":{"rendered":"<p>Le seul projet architectural de Le Corbusier en Afrique, a \u00e9t\u00e9 r\u00e9alis\u00e9 \u00e0 Carthage, il y a pratiquement un si\u00e8cle.<\/p>\n","protected":false},"author":3229,"featured_media":248683,"comment_status":"open","ping_status":"closed","sticky":false,"template":"","format":"standard","meta":{"footnotes":""},"categories":[2596],"tags":[3223,7487],"class_list":["post-210394","post","type-post","status-publish","format-standard","has-post-thumbnail","hentry","category-chroniques","tag-carthage","tag-le-corbusier"],"yoast_head":"<!-- This site is optimized with the Yoast SEO Premium plugin v27.5 (Yoast SEO v27.5) - https:\/\/yoast.com\/product\/yoast-seo-premium-wordpress\/ -->\n<title>Pr\u00e8s du palais de Carthage, une myst\u00e9rieuse villa sign\u00e9e Le Corbusier<\/title>\n<meta name=\"description\" content=\"Le seul projet architectural de Le Corbusier en Afrique, a \u00e9t\u00e9 r\u00e9alis\u00e9 \u00e0 Carthage, il y a pratiquement un si\u00e8cle.\" \/>\n<link rel=\"canonical\" href=\"https:\/\/www.webdo.tn\/fr\/actualite\/chroniques\/pres-du-palais-de-carthage-une-mysterieuse-villa-signee-le-corbusier\/210394\/\" \/>\n<meta property=\"og:locale\" content=\"fr_FR\" \/>\n<meta property=\"og:type\" content=\"article\" \/>\n<meta property=\"og:title\" content=\"Pr\u00e8s du palais de Carthage, une myst\u00e9rieuse villa sign\u00e9e Le Corbusier\" \/>\n<meta property=\"og:description\" content=\"Le seul projet architectural de Le Corbusier en Afrique, a \u00e9t\u00e9 r\u00e9alis\u00e9 \u00e0 Carthage, il y a pratiquement un si\u00e8cle.\" \/>\n<meta property=\"og:url\" content=\"https:\/\/www.webdo.tn\/fr\/actualite\/chroniques\/pres-du-palais-de-carthage-une-mysterieuse-villa-signee-le-corbusier\/210394\/\" \/>\n<meta property=\"og:site_name\" content=\"webdo\" \/>\n<meta property=\"article:publisher\" content=\"https:\/\/www.facebook.com\/webdotn\" \/>\n<meta property=\"article:author\" content=\"https:\/\/www.facebook.com\/hatem.bourial.2025\" \/>\n<meta property=\"article:published_time\" content=\"2023-11-27T11:06:00+00:00\" \/>\n<meta property=\"og:image\" content=\"https:\/\/www.webdo.tn\/fr\/wp-content\/uploads\/2023\/11\/a3c1667115d7b9a9c1747487b321552c.jpg\" \/>\n\t<meta property=\"og:image:width\" content=\"706\" \/>\n\t<meta property=\"og:image:height\" content=\"377\" \/>\n\t<meta property=\"og:image:type\" content=\"image\/jpeg\" \/>\n<meta name=\"author\" content=\"Hatem Bourial\" \/>\n<meta name=\"twitter:card\" content=\"summary_large_image\" \/>\n<meta name=\"twitter:creator\" content=\"@webdo_tn\" \/>\n<meta name=\"twitter:site\" content=\"@webdo_tn\" \/>\n<meta name=\"twitter:label1\" content=\"\u00c9crit par\" \/>\n\t<meta name=\"twitter:data1\" content=\"Hatem Bourial\" \/>\n\t<meta name=\"twitter:label2\" content=\"Dur\u00e9e de lecture estim\u00e9e\" \/>\n\t<meta name=\"twitter:data2\" content=\"3 minutes\" \/>\n<script type=\"application\/ld+json\" class=\"yoast-schema-graph\">{\"@context\":\"https:\\\/\\\/schema.org\",\"@graph\":[{\"@type\":\"NewsArticle\",\"@id\":\"https:\\\/\\\/www.webdo.tn\\\/fr\\\/actualite\\\/chroniques\\\/pres-du-palais-de-carthage-une-mysterieuse-villa-signee-le-corbusier\\\/210394\\\/#article\",\"isPartOf\":{\"@id\":\"https:\\\/\\\/www.webdo.tn\\\/fr\\\/actualite\\\/chroniques\\\/pres-du-palais-de-carthage-une-mysterieuse-villa-signee-le-corbusier\\\/210394\\\/\"},\"author\":{\"name\":\"Hatem Bourial\",\"@id\":\"https:\\\/\\\/www.webdo.tn\\\/fr\\\/#\\\/schema\\\/person\\\/6bc0beba2cd23aec27cb5df85ca2554f\"},\"headline\":\"Pr\u00e8s du palais de Carthage, une myst\u00e9rieuse villa sign\u00e9e Le Corbusier\",\"datePublished\":\"2023-11-27T11:06:00+00:00\",\"mainEntityOfPage\":{\"@id\":\"https:\\\/\\\/www.webdo.tn\\\/fr\\\/actualite\\\/chroniques\\\/pres-du-palais-de-carthage-une-mysterieuse-villa-signee-le-corbusier\\\/210394\\\/\"},\"wordCount\":656,\"commentCount\":0,\"publisher\":{\"@id\":\"https:\\\/\\\/www.webdo.tn\\\/fr\\\/#organization\"},\"image\":{\"@id\":\"https:\\\/\\\/www.webdo.tn\\\/fr\\\/actualite\\\/chroniques\\\/pres-du-palais-de-carthage-une-mysterieuse-villa-signee-le-corbusier\\\/210394\\\/#primaryimage\"},\"thumbnailUrl\":\"https:\\\/\\\/www.webdo.tn\\\/fr\\\/wp-content\\\/uploads\\\/2023\\\/11\\\/a3c1667115d7b9a9c1747487b321552c.jpg\",\"keywords\":[\"Carthage\",\"Le Corbusier\"],\"articleSection\":[\"Chroniques\"],\"inLanguage\":\"fr-FR\"},{\"@type\":\"WebPage\",\"@id\":\"https:\\\/\\\/www.webdo.tn\\\/fr\\\/actualite\\\/chroniques\\\/pres-du-palais-de-carthage-une-mysterieuse-villa-signee-le-corbusier\\\/210394\\\/\",\"url\":\"https:\\\/\\\/www.webdo.tn\\\/fr\\\/actualite\\\/chroniques\\\/pres-du-palais-de-carthage-une-mysterieuse-villa-signee-le-corbusier\\\/210394\\\/\",\"name\":\"Pr\u00e8s du palais de Carthage, une myst\u00e9rieuse villa sign\u00e9e Le Corbusier\",\"isPartOf\":{\"@id\":\"https:\\\/\\\/www.webdo.tn\\\/fr\\\/#website\"},\"primaryImageOfPage\":{\"@id\":\"https:\\\/\\\/www.webdo.tn\\\/fr\\\/actualite\\\/chroniques\\\/pres-du-palais-de-carthage-une-mysterieuse-villa-signee-le-corbusier\\\/210394\\\/#primaryimage\"},\"image\":{\"@id\":\"https:\\\/\\\/www.webdo.tn\\\/fr\\\/actualite\\\/chroniques\\\/pres-du-palais-de-carthage-une-mysterieuse-villa-signee-le-corbusier\\\/210394\\\/#primaryimage\"},\"thumbnailUrl\":\"https:\\\/\\\/www.webdo.tn\\\/fr\\\/wp-content\\\/uploads\\\/2023\\\/11\\\/a3c1667115d7b9a9c1747487b321552c.jpg\",\"datePublished\":\"2023-11-27T11:06:00+00:00\",\"description\":\"Le seul projet architectural de Le Corbusier en Afrique, a \u00e9t\u00e9 r\u00e9alis\u00e9 \u00e0 Carthage, il y a pratiquement un si\u00e8cle.\",\"breadcrumb\":{\"@id\":\"https:\\\/\\\/www.webdo.tn\\\/fr\\\/actualite\\\/chroniques\\\/pres-du-palais-de-carthage-une-mysterieuse-villa-signee-le-corbusier\\\/210394\\\/#breadcrumb\"},\"inLanguage\":\"fr-FR\",\"potentialAction\":[{\"@type\":\"ReadAction\",\"target\":[\"https:\\\/\\\/www.webdo.tn\\\/fr\\\/actualite\\\/chroniques\\\/pres-du-palais-de-carthage-une-mysterieuse-villa-signee-le-corbusier\\\/210394\\\/\"]}]},{\"@type\":\"ImageObject\",\"inLanguage\":\"fr-FR\",\"@id\":\"https:\\\/\\\/www.webdo.tn\\\/fr\\\/actualite\\\/chroniques\\\/pres-du-palais-de-carthage-une-mysterieuse-villa-signee-le-corbusier\\\/210394\\\/#primaryimage\",\"url\":\"https:\\\/\\\/www.webdo.tn\\\/fr\\\/wp-content\\\/uploads\\\/2023\\\/11\\\/a3c1667115d7b9a9c1747487b321552c.jpg\",\"contentUrl\":\"https:\\\/\\\/www.webdo.tn\\\/fr\\\/wp-content\\\/uploads\\\/2023\\\/11\\\/a3c1667115d7b9a9c1747487b321552c.jpg\",\"width\":706,\"height\":377,\"caption\":\"Pr\u00e8s du palais de Carthage, une myst\u00e9rieuse villa sign\u00e9e Le Corbusier\"},{\"@type\":\"BreadcrumbList\",\"@id\":\"https:\\\/\\\/www.webdo.tn\\\/fr\\\/actualite\\\/chroniques\\\/pres-du-palais-de-carthage-une-mysterieuse-villa-signee-le-corbusier\\\/210394\\\/#breadcrumb\",\"itemListElement\":[{\"@type\":\"ListItem\",\"position\":1,\"name\":\"Accueil\",\"item\":\"https:\\\/\\\/www.webdo.tn\\\/fr\\\/\"},{\"@type\":\"ListItem\",\"position\":2,\"name\":\"Pr\u00e8s du palais de Carthage, une myst\u00e9rieuse villa sign\u00e9e Le Corbusier\"}]},{\"@type\":\"WebSite\",\"@id\":\"https:\\\/\\\/www.webdo.tn\\\/fr\\\/#website\",\"url\":\"https:\\\/\\\/www.webdo.tn\\\/fr\\\/\",\"name\":\"webdo\",\"description\":\"Tunisie - News en Tunisie et \u00e0 l&#039;international sur Webdo.tn\",\"publisher\":{\"@id\":\"https:\\\/\\\/www.webdo.tn\\\/fr\\\/#organization\"},\"potentialAction\":[{\"@type\":\"SearchAction\",\"target\":{\"@type\":\"EntryPoint\",\"urlTemplate\":\"https:\\\/\\\/www.webdo.tn\\\/fr\\\/?s={search_term_string}\"},\"query-input\":{\"@type\":\"PropertyValueSpecification\",\"valueRequired\":true,\"valueName\":\"search_term_string\"}}],\"inLanguage\":\"fr-FR\"},{\"@type\":\"Organization\",\"@id\":\"https:\\\/\\\/www.webdo.tn\\\/fr\\\/#organization\",\"name\":\"Webdo\",\"alternateName\":\"Webdo.tn\",\"url\":\"https:\\\/\\\/www.webdo.tn\\\/fr\\\/\",\"logo\":{\"@type\":\"ImageObject\",\"inLanguage\":\"fr-FR\",\"@id\":\"https:\\\/\\\/www.webdo.tn\\\/fr\\\/#\\\/schema\\\/logo\\\/image\\\/\",\"url\":\"https:\\\/\\\/www.webdo.tn\\\/fr\\\/wp-content\\\/uploads\\\/2025\\\/06\\\/Webdo-Tunisie_168377.jpg\",\"contentUrl\":\"https:\\\/\\\/www.webdo.tn\\\/fr\\\/wp-content\\\/uploads\\\/2025\\\/06\\\/Webdo-Tunisie_168377.jpg\",\"width\":301,\"height\":301,\"caption\":\"Webdo\"},\"image\":{\"@id\":\"https:\\\/\\\/www.webdo.tn\\\/fr\\\/#\\\/schema\\\/logo\\\/image\\\/\"},\"sameAs\":[\"https:\\\/\\\/www.facebook.com\\\/webdotn\",\"https:\\\/\\\/x.com\\\/webdo_tn\"],\"description\":\"Webdo est un m\u00e9dia num\u00e9rique tunisien fond\u00e9 en 2010, sp\u00e9cialis\u00e9 dans l\u2019actualit\u00e9 nationale et internationale, l\u2019\u00e9conomie, la soci\u00e9t\u00e9 et les analyses politiques. Le site s\u2019adresse \u00e0 un large public francophone et couvre l\u2019information tunisienne en temps r\u00e9el.\",\"email\":\"redac@webdo.tn\",\"legalName\":\"YNJ SARL\",\"foundingDate\":\"2010-09-06\",\"numberOfEmployees\":{\"@type\":\"QuantitativeValue\",\"minValue\":\"11\",\"maxValue\":\"50\"}},{\"@type\":\"Person\",\"@id\":\"https:\\\/\\\/www.webdo.tn\\\/fr\\\/#\\\/schema\\\/person\\\/6bc0beba2cd23aec27cb5df85ca2554f\",\"name\":\"Hatem Bourial\",\"image\":{\"@type\":\"ImageObject\",\"inLanguage\":\"fr-FR\",\"@id\":\"https:\\\/\\\/www.webdo.tn\\\/fr\\\/wp-content\\\/uploads\\\/2026\\\/04\\\/hatem-bourial_avatar-96x96.jpg\",\"url\":\"https:\\\/\\\/www.webdo.tn\\\/fr\\\/wp-content\\\/uploads\\\/2026\\\/04\\\/hatem-bourial_avatar-96x96.jpg\",\"contentUrl\":\"https:\\\/\\\/www.webdo.tn\\\/fr\\\/wp-content\\\/uploads\\\/2026\\\/04\\\/hatem-bourial_avatar-96x96.jpg\",\"caption\":\"Hatem Bourial\"},\"description\":\"Hatem Bourial est journaliste, \u00e9crivain et chroniqueur tunisien. Actif depuis plusieurs d\u00e9cennies, il s\u2019est impos\u00e9 comme un observateur attentif de la soci\u00e9t\u00e9 tunisienne, m\u00ealant dans ses \u00e9crits m\u00e9moire, culture et analyse du quotidien. Auteur de nombreux ouvrages, il d\u00e9veloppe une \u0153uvre \u00e0 la crois\u00e9e du r\u00e9cit, de la po\u00e9sie et de l\u2019observation sociologique. Parall\u00e8lement \u00e0 ses contributions dans la presse, il intervient r\u00e9guli\u00e8rement \u00e0 la radio et dans des espaces culturels, o\u00f9 il explore les enjeux li\u00e9s au patrimoine, \u00e0 l\u2019identit\u00e9 et aux transformations du monde contemporain. \u00c0 travers ses chroniques, Hatem Bourial propose une lecture sensible et approfondie de l\u2019actualit\u00e9, nourrie par une exp\u00e9rience journalistique et litt\u00e9raire reconnue. \ud83d\udd17 Facebook : https:\\\/\\\/www.facebook.com\\\/hatem.bourial.2025\",\"sameAs\":[\"https:\\\/\\\/www.facebook.com\\\/hatem.bourial.2025\",\"https:\\\/\\\/fr.wikipedia.org\\\/wiki\\\/Fichier:Hatem_Bourial.jpg\"],\"knowsAbout\":[\"Culture & patrimoine tunisien\",\"Chronique soci\u00e9tale\",\"Litt\u00e9rature & m\u00e9moire\",\"Cin\u00e9ma & critique culturelle\",\"Identit\u00e9 & mutations sociales\"],\"knowsLanguage\":[\"Arabe\",\"Fran\u00e7ais\",\"Anglais\",\"Italien\",\"Polonais\"],\"jobTitle\":\"Journaliste, \u00e9crivain et chroniqueur culturel\",\"worksFor\":\"Webdo\",\"url\":\"https:\\\/\\\/www.webdo.tn\\\/fr\\\/actualite\\\/author\\\/hatem-bourial-2\\\/\"}]}<\/script>\n<!-- \/ Yoast SEO Premium plugin. -->","yoast_head_json":{"title":"Pr\u00e8s du palais de Carthage, une myst\u00e9rieuse villa sign\u00e9e Le Corbusier","description":"Le seul projet architectural de Le Corbusier en Afrique, a \u00e9t\u00e9 r\u00e9alis\u00e9 \u00e0 Carthage, il y a pratiquement un si\u00e8cle.","canonical":"https:\/\/www.webdo.tn\/fr\/actualite\/chroniques\/pres-du-palais-de-carthage-une-mysterieuse-villa-signee-le-corbusier\/210394\/","og_locale":"fr_FR","og_type":"article","og_title":"Pr\u00e8s du palais de Carthage, une myst\u00e9rieuse villa sign\u00e9e Le Corbusier","og_description":"Le seul projet architectural de Le Corbusier en Afrique, a \u00e9t\u00e9 r\u00e9alis\u00e9 \u00e0 Carthage, il y a pratiquement un si\u00e8cle.","og_url":"https:\/\/www.webdo.tn\/fr\/actualite\/chroniques\/pres-du-palais-de-carthage-une-mysterieuse-villa-signee-le-corbusier\/210394\/","og_site_name":"webdo","article_publisher":"https:\/\/www.facebook.com\/webdotn","article_author":"https:\/\/www.facebook.com\/hatem.bourial.2025","article_published_time":"2023-11-27T11:06:00+00:00","og_image":[{"width":706,"height":377,"url":"https:\/\/www.webdo.tn\/fr\/wp-content\/uploads\/2023\/11\/a3c1667115d7b9a9c1747487b321552c.jpg","type":"image\/jpeg"}],"author":"Hatem Bourial","twitter_card":"summary_large_image","twitter_creator":"@webdo_tn","twitter_site":"@webdo_tn","twitter_misc":{"\u00c9crit par":"Hatem Bourial","Dur\u00e9e de lecture estim\u00e9e":"3 minutes"},"schema":{"@context":"https:\/\/schema.org","@graph":[{"@type":"NewsArticle","@id":"https:\/\/www.webdo.tn\/fr\/actualite\/chroniques\/pres-du-palais-de-carthage-une-mysterieuse-villa-signee-le-corbusier\/210394\/#article","isPartOf":{"@id":"https:\/\/www.webdo.tn\/fr\/actualite\/chroniques\/pres-du-palais-de-carthage-une-mysterieuse-villa-signee-le-corbusier\/210394\/"},"author":{"name":"Hatem Bourial","@id":"https:\/\/www.webdo.tn\/fr\/#\/schema\/person\/6bc0beba2cd23aec27cb5df85ca2554f"},"headline":"Pr\u00e8s du palais de Carthage, une myst\u00e9rieuse villa sign\u00e9e Le Corbusier","datePublished":"2023-11-27T11:06:00+00:00","mainEntityOfPage":{"@id":"https:\/\/www.webdo.tn\/fr\/actualite\/chroniques\/pres-du-palais-de-carthage-une-mysterieuse-villa-signee-le-corbusier\/210394\/"},"wordCount":656,"commentCount":0,"publisher":{"@id":"https:\/\/www.webdo.tn\/fr\/#organization"},"image":{"@id":"https:\/\/www.webdo.tn\/fr\/actualite\/chroniques\/pres-du-palais-de-carthage-une-mysterieuse-villa-signee-le-corbusier\/210394\/#primaryimage"},"thumbnailUrl":"https:\/\/www.webdo.tn\/fr\/wp-content\/uploads\/2023\/11\/a3c1667115d7b9a9c1747487b321552c.jpg","keywords":["Carthage","Le Corbusier"],"articleSection":["Chroniques"],"inLanguage":"fr-FR"},{"@type":"WebPage","@id":"https:\/\/www.webdo.tn\/fr\/actualite\/chroniques\/pres-du-palais-de-carthage-une-mysterieuse-villa-signee-le-corbusier\/210394\/","url":"https:\/\/www.webdo.tn\/fr\/actualite\/chroniques\/pres-du-palais-de-carthage-une-mysterieuse-villa-signee-le-corbusier\/210394\/","name":"Pr\u00e8s du palais de Carthage, une myst\u00e9rieuse villa sign\u00e9e Le Corbusier","isPartOf":{"@id":"https:\/\/www.webdo.tn\/fr\/#website"},"primaryImageOfPage":{"@id":"https:\/\/www.webdo.tn\/fr\/actualite\/chroniques\/pres-du-palais-de-carthage-une-mysterieuse-villa-signee-le-corbusier\/210394\/#primaryimage"},"image":{"@id":"https:\/\/www.webdo.tn\/fr\/actualite\/chroniques\/pres-du-palais-de-carthage-une-mysterieuse-villa-signee-le-corbusier\/210394\/#primaryimage"},"thumbnailUrl":"https:\/\/www.webdo.tn\/fr\/wp-content\/uploads\/2023\/11\/a3c1667115d7b9a9c1747487b321552c.jpg","datePublished":"2023-11-27T11:06:00+00:00","description":"Le seul projet architectural de Le Corbusier en Afrique, a \u00e9t\u00e9 r\u00e9alis\u00e9 \u00e0 Carthage, il y a pratiquement un si\u00e8cle.","breadcrumb":{"@id":"https:\/\/www.webdo.tn\/fr\/actualite\/chroniques\/pres-du-palais-de-carthage-une-mysterieuse-villa-signee-le-corbusier\/210394\/#breadcrumb"},"inLanguage":"fr-FR","potentialAction":[{"@type":"ReadAction","target":["https:\/\/www.webdo.tn\/fr\/actualite\/chroniques\/pres-du-palais-de-carthage-une-mysterieuse-villa-signee-le-corbusier\/210394\/"]}]},{"@type":"ImageObject","inLanguage":"fr-FR","@id":"https:\/\/www.webdo.tn\/fr\/actualite\/chroniques\/pres-du-palais-de-carthage-une-mysterieuse-villa-signee-le-corbusier\/210394\/#primaryimage","url":"https:\/\/www.webdo.tn\/fr\/wp-content\/uploads\/2023\/11\/a3c1667115d7b9a9c1747487b321552c.jpg","contentUrl":"https:\/\/www.webdo.tn\/fr\/wp-content\/uploads\/2023\/11\/a3c1667115d7b9a9c1747487b321552c.jpg","width":706,"height":377,"caption":"Pr\u00e8s du palais de Carthage, une myst\u00e9rieuse villa sign\u00e9e Le Corbusier"},{"@type":"BreadcrumbList","@id":"https:\/\/www.webdo.tn\/fr\/actualite\/chroniques\/pres-du-palais-de-carthage-une-mysterieuse-villa-signee-le-corbusier\/210394\/#breadcrumb","itemListElement":[{"@type":"ListItem","position":1,"name":"Accueil","item":"https:\/\/www.webdo.tn\/fr\/"},{"@type":"ListItem","position":2,"name":"Pr\u00e8s du palais de Carthage, une myst\u00e9rieuse villa sign\u00e9e Le Corbusier"}]},{"@type":"WebSite","@id":"https:\/\/www.webdo.tn\/fr\/#website","url":"https:\/\/www.webdo.tn\/fr\/","name":"webdo","description":"Tunisie - News en Tunisie et \u00e0 l&#039;international sur Webdo.tn","publisher":{"@id":"https:\/\/www.webdo.tn\/fr\/#organization"},"potentialAction":[{"@type":"SearchAction","target":{"@type":"EntryPoint","urlTemplate":"https:\/\/www.webdo.tn\/fr\/?s={search_term_string}"},"query-input":{"@type":"PropertyValueSpecification","valueRequired":true,"valueName":"search_term_string"}}],"inLanguage":"fr-FR"},{"@type":"Organization","@id":"https:\/\/www.webdo.tn\/fr\/#organization","name":"Webdo","alternateName":"Webdo.tn","url":"https:\/\/www.webdo.tn\/fr\/","logo":{"@type":"ImageObject","inLanguage":"fr-FR","@id":"https:\/\/www.webdo.tn\/fr\/#\/schema\/logo\/image\/","url":"https:\/\/www.webdo.tn\/fr\/wp-content\/uploads\/2025\/06\/Webdo-Tunisie_168377.jpg","contentUrl":"https:\/\/www.webdo.tn\/fr\/wp-content\/uploads\/2025\/06\/Webdo-Tunisie_168377.jpg","width":301,"height":301,"caption":"Webdo"},"image":{"@id":"https:\/\/www.webdo.tn\/fr\/#\/schema\/logo\/image\/"},"sameAs":["https:\/\/www.facebook.com\/webdotn","https:\/\/x.com\/webdo_tn"],"description":"Webdo est un m\u00e9dia num\u00e9rique tunisien fond\u00e9 en 2010, sp\u00e9cialis\u00e9 dans l\u2019actualit\u00e9 nationale et internationale, l\u2019\u00e9conomie, la soci\u00e9t\u00e9 et les analyses politiques. Le site s\u2019adresse \u00e0 un large public francophone et couvre l\u2019information tunisienne en temps r\u00e9el.","email":"redac@webdo.tn","legalName":"YNJ SARL","foundingDate":"2010-09-06","numberOfEmployees":{"@type":"QuantitativeValue","minValue":"11","maxValue":"50"}},{"@type":"Person","@id":"https:\/\/www.webdo.tn\/fr\/#\/schema\/person\/6bc0beba2cd23aec27cb5df85ca2554f","name":"Hatem Bourial","image":{"@type":"ImageObject","inLanguage":"fr-FR","@id":"https:\/\/www.webdo.tn\/fr\/wp-content\/uploads\/2026\/04\/hatem-bourial_avatar-96x96.jpg","url":"https:\/\/www.webdo.tn\/fr\/wp-content\/uploads\/2026\/04\/hatem-bourial_avatar-96x96.jpg","contentUrl":"https:\/\/www.webdo.tn\/fr\/wp-content\/uploads\/2026\/04\/hatem-bourial_avatar-96x96.jpg","caption":"Hatem Bourial"},"description":"Hatem Bourial est journaliste, \u00e9crivain et chroniqueur tunisien. Actif depuis plusieurs d\u00e9cennies, il s\u2019est impos\u00e9 comme un observateur attentif de la soci\u00e9t\u00e9 tunisienne, m\u00ealant dans ses \u00e9crits m\u00e9moire, culture et analyse du quotidien. Auteur de nombreux ouvrages, il d\u00e9veloppe une \u0153uvre \u00e0 la crois\u00e9e du r\u00e9cit, de la po\u00e9sie et de l\u2019observation sociologique. Parall\u00e8lement \u00e0 ses contributions dans la presse, il intervient r\u00e9guli\u00e8rement \u00e0 la radio et dans des espaces culturels, o\u00f9 il explore les enjeux li\u00e9s au patrimoine, \u00e0 l\u2019identit\u00e9 et aux transformations du monde contemporain. \u00c0 travers ses chroniques, Hatem Bourial propose une lecture sensible et approfondie de l\u2019actualit\u00e9, nourrie par une exp\u00e9rience journalistique et litt\u00e9raire reconnue. \ud83d\udd17 Facebook : https:\/\/www.facebook.com\/hatem.bourial.2025","sameAs":["https:\/\/www.facebook.com\/hatem.bourial.2025","https:\/\/fr.wikipedia.org\/wiki\/Fichier:Hatem_Bourial.jpg"],"knowsAbout":["Culture & patrimoine tunisien","Chronique soci\u00e9tale","Litt\u00e9rature & m\u00e9moire","Cin\u00e9ma & critique culturelle","Identit\u00e9 & mutations sociales"],"knowsLanguage":["Arabe","Fran\u00e7ais","Anglais","Italien","Polonais"],"jobTitle":"Journaliste, \u00e9crivain et chroniqueur culturel","worksFor":"Webdo","url":"https:\/\/www.webdo.tn\/fr\/actualite\/author\/hatem-bourial-2\/"}]}},"_links":{"self":[{"href":"https:\/\/www.webdo.tn\/fr\/wp-json\/wp\/v2\/posts\/210394","targetHints":{"allow":["GET"]}}],"collection":[{"href":"https:\/\/www.webdo.tn\/fr\/wp-json\/wp\/v2\/posts"}],"about":[{"href":"https:\/\/www.webdo.tn\/fr\/wp-json\/wp\/v2\/types\/post"}],"author":[{"embeddable":true,"href":"https:\/\/www.webdo.tn\/fr\/wp-json\/wp\/v2\/users\/3229"}],"replies":[{"embeddable":true,"href":"https:\/\/www.webdo.tn\/fr\/wp-json\/wp\/v2\/comments?post=210394"}],"version-history":[{"count":0,"href":"https:\/\/www.webdo.tn\/fr\/wp-json\/wp\/v2\/posts\/210394\/revisions"}],"wp:featuredmedia":[{"embeddable":true,"href":"https:\/\/www.webdo.tn\/fr\/wp-json\/wp\/v2\/media\/248683"}],"wp:attachment":[{"href":"https:\/\/www.webdo.tn\/fr\/wp-json\/wp\/v2\/media?parent=210394"}],"wp:term":[{"taxonomy":"category","embeddable":true,"href":"https:\/\/www.webdo.tn\/fr\/wp-json\/wp\/v2\/categories?post=210394"},{"taxonomy":"post_tag","embeddable":true,"href":"https:\/\/www.webdo.tn\/fr\/wp-json\/wp\/v2\/tags?post=210394"}],"curies":[{"name":"wp","href":"https:\/\/api.w.org\/{rel}","templated":true}]}}