{"id":210393,"date":"2023-11-27T10:37:00","date_gmt":"2023-11-27T10:37:00","guid":{"rendered":"https:\/\/www.webdo.tn\/fr\/blog\/la-hausse-de-la-taxe-de-sejour-ne-s-appliquera-pas-sur-les-touristes-maghrebins\/210393\/"},"modified":"2023-11-27T10:37:00","modified_gmt":"2023-11-27T10:37:00","slug":"la-hausse-de-la-taxe-de-sejour-ne-s-appliquera-pas-sur-les-touristes-maghrebins","status":"publish","type":"post","link":"https:\/\/www.webdo.tn\/fr\/actualite\/national\/la-hausse-de-la-taxe-de-sejour-ne-s-appliquera-pas-sur-les-touristes-maghrebins\/210393\/","title":{"rendered":"La hausse de la taxe de s\u00e9jour ne s\u2019appliquera pas sur les touristes maghr\u00e9bins !"},"content":{"rendered":"<p>La hausse de la taxe de s\u00e9jour dans les h\u00f4tels propos\u00e9e dans le PLF 2024 ne sera pas appliqu\u00e9e sur les touristes maghr\u00e9bins. C\u2019est ce qu\u2019a d\u00e9cid\u00e9 la commission des finances et du budget de l\u2019ARP en r\u00e9ponse aux dol\u00e9ances des organisations professionnelles.<\/p>\n<p>\t\t\t\t\t\t\t\t\tLes professionnels du tourisme respirent. La hausse de la taxe de s\u00e9jour, une mesure propos\u00e9e dans le cadre du PLF 2024 et qui devrait entrer en vigueur \u00e0 partir de l\u2019ann\u00e9e prochaine, ne concernera pas les touristes maghr\u00e9bins.<\/p>\n<p>Ladite commission a, en effet, r\u00e9pondu favorablement aux organisations professionnelles qui ont exprim\u00e9 leur inqui\u00e9tude quant \u00e0 cette disposition et les cons\u00e9quences n\u00e9gatives qu\u2019elle est susceptible de produire sur le flux des touristes maghr\u00e9bins.<\/p>\n<p>La Tunisie accueille, bon an mal an, pr\u00e8s de 3 millions de touristes maghr\u00e9bins \u2013 majoritairement des Alg\u00e9riens et des Libyens \u2013 dont une bonne partie est h\u00e9berg\u00e9e dans les h\u00f4tels, les r\u00e9sidences ou les villages touristiques.<\/p>\n<p>Pour les touristes des autres nationalit\u00e9s, la hausse de la taxe de s\u00e9jour est maintenue.<\/p>\n<p>Le projet de LF 2024 pr\u00e9voit une augmentation de la taxe de s\u00e9jour dans les h\u00f4tels, les \u00e9tablissements \u00e0 vocation touristique ainsi que les logements r\u00e9serv\u00e9s \u00e0 cet effet. A partir de 2024, cette taxe passera de :<\/p>\n<p>\t1 dinar \u00e0 4 dinars la nuit\u00e9e dans les h\u00f4tels 2 \u00e9toiles<br \/>\n\t2 dinars \u00e0 8 dinars la nuit\u00e9e dans les h\u00f4tels 3 \u00e9toiles<br \/>\n\t3 dinars \u00e0 12 dinars la nuit\u00e9e dans les h\u00f4tels 4 et 5 \u00e9toiles<\/p>\n<p>Ces tarifs sont applicables pour les touristes \u00e9trangers (except\u00e9s maghr\u00e9bins) sur la base de 15 nuit\u00e9es pass\u00e9es au maximum d\u2019une fa\u00e7on continue au lieu de 7 nuit\u00e9es pr\u00e9c\u00e9demment. Les enfants de -12 ans sont exempt\u00e9s de la taxe de s\u00e9jour.<\/p>\n<p>Pour les touristes tunisiens, la taxe se s\u00e9jour est fix\u00e9e comme suit :<\/p>\n<p>\t1 dinar la nuit\u00e9e dans les h\u00f4tels 2 \u00e9toiles, \u00e9tablissements et r\u00e9sidences de m\u00eame cat\u00e9gorie<br \/>\n\t2 dinars la nuit\u00e9e dans les h\u00f4tels 3 \u00e9toiles<br \/>\n\t3 dinars la nuit\u00e9e dans les h\u00f4tels 4 et 5 \u00e9toiles.<\/p>\n","protected":false},"excerpt":{"rendered":"<p>Les professionnels du tourisme respirent. La hausse de la taxe de s\u00e9jour, une mesure propos\u00e9e dans le cadre du PLF 2024 et qui devrait entrer en vigueur \u00e0 parti&#8230;<\/p>\n","protected":false},"author":3203,"featured_media":248684,"comment_status":"open","ping_status":"closed","sticky":false,"template":"","format":"standard","meta":{"footnotes":""},"categories":[44],"tags":[3407,7488],"class_list":["post-210393","post","type-post","status-publish","format-standard","has-post-thumbnail","hentry","category-national","tag-taxe","tag-touristes-etrangers"],"yoast_head":"<!-- This site is optimized with the Yoast SEO Premium plugin v27.5 (Yoast SEO v27.5) - https:\/\/yoast.com\/product\/yoast-seo-premium-wordpress\/ -->\n<title>La hausse de la taxe de s\u00e9jour ne s\u2019appliquera pas sur les touristes maghr\u00e9bins !<\/title>\n<meta name=\"description\" content=\"Les professionnels du tourisme respirent. La hausse de la taxe de s\u00e9jour, une mesure propos\u00e9e dans le cadre du PLF 2024 et qui devrait entrer en vigueur \u00e0 parti...\" \/>\n<link rel=\"canonical\" href=\"https:\/\/www.webdo.tn\/fr\/actualite\/national\/la-hausse-de-la-taxe-de-sejour-ne-s-appliquera-pas-sur-les-touristes-maghrebins\/210393\/\" \/>\n<meta property=\"og:locale\" content=\"fr_FR\" \/>\n<meta property=\"og:type\" content=\"article\" \/>\n<meta property=\"og:title\" content=\"La hausse de la taxe de s\u00e9jour ne s\u2019appliquera pas sur les touristes maghr\u00e9bins !\" \/>\n<meta property=\"og:description\" content=\"Les professionnels du tourisme respirent. La hausse de la taxe de s\u00e9jour, une mesure propos\u00e9e dans le cadre du PLF 2024 et qui devrait entrer en vigueur \u00e0 parti...\" \/>\n<meta property=\"og:url\" content=\"https:\/\/www.webdo.tn\/fr\/actualite\/national\/la-hausse-de-la-taxe-de-sejour-ne-s-appliquera-pas-sur-les-touristes-maghrebins\/210393\/\" \/>\n<meta property=\"og:site_name\" content=\"webdo\" \/>\n<meta property=\"article:publisher\" content=\"https:\/\/www.facebook.com\/webdotn\" \/>\n<meta property=\"article:published_time\" content=\"2023-11-27T10:37:00+00:00\" \/>\n<meta property=\"og:image\" content=\"https:\/\/www.webdo.tn\/fr\/wp-content\/uploads\/2023\/11\/4c82c039024f4bc85f968ecdbad8f3ce.jpg\" \/>\n\t<meta property=\"og:image:width\" content=\"750\" \/>\n\t<meta property=\"og:image:height\" content=\"400\" \/>\n\t<meta property=\"og:image:type\" content=\"image\/jpeg\" \/>\n<meta name=\"author\" content=\"Ramzi Haddad\" \/>\n<meta name=\"twitter:card\" content=\"summary_large_image\" \/>\n<meta name=\"twitter:creator\" content=\"@webdo_tn\" \/>\n<meta name=\"twitter:site\" content=\"@webdo_tn\" \/>\n<meta name=\"twitter:label1\" content=\"\u00c9crit par\" \/>\n\t<meta name=\"twitter:data1\" content=\"Ramzi Haddad\" \/>\n\t<meta name=\"twitter:label2\" content=\"Dur\u00e9e de lecture estim\u00e9e\" \/>\n\t<meta name=\"twitter:data2\" content=\"2 minutes\" \/>\n<script type=\"application\/ld+json\" class=\"yoast-schema-graph\">{\"@context\":\"https:\\\/\\\/schema.org\",\"@graph\":[{\"@type\":\"NewsArticle\",\"@id\":\"https:\\\/\\\/www.webdo.tn\\\/fr\\\/actualite\\\/national\\\/la-hausse-de-la-taxe-de-sejour-ne-s-appliquera-pas-sur-les-touristes-maghrebins\\\/210393\\\/#article\",\"isPartOf\":{\"@id\":\"https:\\\/\\\/www.webdo.tn\\\/fr\\\/actualite\\\/national\\\/la-hausse-de-la-taxe-de-sejour-ne-s-appliquera-pas-sur-les-touristes-maghrebins\\\/210393\\\/\"},\"author\":{\"name\":\"Ramzi Haddad\",\"@id\":\"https:\\\/\\\/www.webdo.tn\\\/fr\\\/#\\\/schema\\\/person\\\/5663044c25eb36d8f88ba5b653f12f8c\"},\"headline\":\"La hausse de la taxe de s\u00e9jour ne s\u2019appliquera pas sur les touristes maghr\u00e9bins !\",\"datePublished\":\"2023-11-27T10:37:00+00:00\",\"mainEntityOfPage\":{\"@id\":\"https:\\\/\\\/www.webdo.tn\\\/fr\\\/actualite\\\/national\\\/la-hausse-de-la-taxe-de-sejour-ne-s-appliquera-pas-sur-les-touristes-maghrebins\\\/210393\\\/\"},\"wordCount\":377,\"commentCount\":0,\"publisher\":{\"@id\":\"https:\\\/\\\/www.webdo.tn\\\/fr\\\/#organization\"},\"image\":{\"@id\":\"https:\\\/\\\/www.webdo.tn\\\/fr\\\/actualite\\\/national\\\/la-hausse-de-la-taxe-de-sejour-ne-s-appliquera-pas-sur-les-touristes-maghrebins\\\/210393\\\/#primaryimage\"},\"thumbnailUrl\":\"https:\\\/\\\/www.webdo.tn\\\/fr\\\/wp-content\\\/uploads\\\/2023\\\/11\\\/4c82c039024f4bc85f968ecdbad8f3ce.jpg\",\"keywords\":[\"taxe\",\"touristes \u00e9trangers\"],\"articleSection\":[\"National\"],\"inLanguage\":\"fr-FR\"},{\"@type\":\"WebPage\",\"@id\":\"https:\\\/\\\/www.webdo.tn\\\/fr\\\/actualite\\\/national\\\/la-hausse-de-la-taxe-de-sejour-ne-s-appliquera-pas-sur-les-touristes-maghrebins\\\/210393\\\/\",\"url\":\"https:\\\/\\\/www.webdo.tn\\\/fr\\\/actualite\\\/national\\\/la-hausse-de-la-taxe-de-sejour-ne-s-appliquera-pas-sur-les-touristes-maghrebins\\\/210393\\\/\",\"name\":\"La hausse de la taxe de s\u00e9jour ne s\u2019appliquera pas sur les touristes maghr\u00e9bins !\",\"isPartOf\":{\"@id\":\"https:\\\/\\\/www.webdo.tn\\\/fr\\\/#website\"},\"primaryImageOfPage\":{\"@id\":\"https:\\\/\\\/www.webdo.tn\\\/fr\\\/actualite\\\/national\\\/la-hausse-de-la-taxe-de-sejour-ne-s-appliquera-pas-sur-les-touristes-maghrebins\\\/210393\\\/#primaryimage\"},\"image\":{\"@id\":\"https:\\\/\\\/www.webdo.tn\\\/fr\\\/actualite\\\/national\\\/la-hausse-de-la-taxe-de-sejour-ne-s-appliquera-pas-sur-les-touristes-maghrebins\\\/210393\\\/#primaryimage\"},\"thumbnailUrl\":\"https:\\\/\\\/www.webdo.tn\\\/fr\\\/wp-content\\\/uploads\\\/2023\\\/11\\\/4c82c039024f4bc85f968ecdbad8f3ce.jpg\",\"datePublished\":\"2023-11-27T10:37:00+00:00\",\"description\":\"Les professionnels du tourisme respirent. La hausse de la taxe de s\u00e9jour, une mesure propos\u00e9e dans le cadre du PLF 2024 et qui devrait entrer en vigueur \u00e0 parti...\",\"breadcrumb\":{\"@id\":\"https:\\\/\\\/www.webdo.tn\\\/fr\\\/actualite\\\/national\\\/la-hausse-de-la-taxe-de-sejour-ne-s-appliquera-pas-sur-les-touristes-maghrebins\\\/210393\\\/#breadcrumb\"},\"inLanguage\":\"fr-FR\",\"potentialAction\":[{\"@type\":\"ReadAction\",\"target\":[\"https:\\\/\\\/www.webdo.tn\\\/fr\\\/actualite\\\/national\\\/la-hausse-de-la-taxe-de-sejour-ne-s-appliquera-pas-sur-les-touristes-maghrebins\\\/210393\\\/\"]}]},{\"@type\":\"ImageObject\",\"inLanguage\":\"fr-FR\",\"@id\":\"https:\\\/\\\/www.webdo.tn\\\/fr\\\/actualite\\\/national\\\/la-hausse-de-la-taxe-de-sejour-ne-s-appliquera-pas-sur-les-touristes-maghrebins\\\/210393\\\/#primaryimage\",\"url\":\"https:\\\/\\\/www.webdo.tn\\\/fr\\\/wp-content\\\/uploads\\\/2023\\\/11\\\/4c82c039024f4bc85f968ecdbad8f3ce.jpg\",\"contentUrl\":\"https:\\\/\\\/www.webdo.tn\\\/fr\\\/wp-content\\\/uploads\\\/2023\\\/11\\\/4c82c039024f4bc85f968ecdbad8f3ce.jpg\",\"width\":750,\"height\":400,\"caption\":\"La hausse de la taxe de s\u00e9jour ne s\u2019appliquera pas sur les touristes maghr\u00e9bins !\"},{\"@type\":\"BreadcrumbList\",\"@id\":\"https:\\\/\\\/www.webdo.tn\\\/fr\\\/actualite\\\/national\\\/la-hausse-de-la-taxe-de-sejour-ne-s-appliquera-pas-sur-les-touristes-maghrebins\\\/210393\\\/#breadcrumb\",\"itemListElement\":[{\"@type\":\"ListItem\",\"position\":1,\"name\":\"Accueil\",\"item\":\"https:\\\/\\\/www.webdo.tn\\\/fr\\\/\"},{\"@type\":\"ListItem\",\"position\":2,\"name\":\"La hausse de la taxe de s\u00e9jour ne s\u2019appliquera pas sur les touristes maghr\u00e9bins !\"}]},{\"@type\":\"WebSite\",\"@id\":\"https:\\\/\\\/www.webdo.tn\\\/fr\\\/#website\",\"url\":\"https:\\\/\\\/www.webdo.tn\\\/fr\\\/\",\"name\":\"webdo\",\"description\":\"Tunisie - News en Tunisie et \u00e0 l&#039;international sur Webdo.tn\",\"publisher\":{\"@id\":\"https:\\\/\\\/www.webdo.tn\\\/fr\\\/#organization\"},\"potentialAction\":[{\"@type\":\"SearchAction\",\"target\":{\"@type\":\"EntryPoint\",\"urlTemplate\":\"https:\\\/\\\/www.webdo.tn\\\/fr\\\/?s={search_term_string}\"},\"query-input\":{\"@type\":\"PropertyValueSpecification\",\"valueRequired\":true,\"valueName\":\"search_term_string\"}}],\"inLanguage\":\"fr-FR\"},{\"@type\":\"Organization\",\"@id\":\"https:\\\/\\\/www.webdo.tn\\\/fr\\\/#organization\",\"name\":\"Webdo\",\"alternateName\":\"Webdo.tn\",\"url\":\"https:\\\/\\\/www.webdo.tn\\\/fr\\\/\",\"logo\":{\"@type\":\"ImageObject\",\"inLanguage\":\"fr-FR\",\"@id\":\"https:\\\/\\\/www.webdo.tn\\\/fr\\\/#\\\/schema\\\/logo\\\/image\\\/\",\"url\":\"https:\\\/\\\/www.webdo.tn\\\/fr\\\/wp-content\\\/uploads\\\/2025\\\/06\\\/Webdo-Tunisie_168377.jpg\",\"contentUrl\":\"https:\\\/\\\/www.webdo.tn\\\/fr\\\/wp-content\\\/uploads\\\/2025\\\/06\\\/Webdo-Tunisie_168377.jpg\",\"width\":301,\"height\":301,\"caption\":\"Webdo\"},\"image\":{\"@id\":\"https:\\\/\\\/www.webdo.tn\\\/fr\\\/#\\\/schema\\\/logo\\\/image\\\/\"},\"sameAs\":[\"https:\\\/\\\/www.facebook.com\\\/webdotn\",\"https:\\\/\\\/x.com\\\/webdo_tn\"],\"description\":\"Webdo est un m\u00e9dia num\u00e9rique tunisien fond\u00e9 en 2010, sp\u00e9cialis\u00e9 dans l\u2019actualit\u00e9 nationale et internationale, l\u2019\u00e9conomie, la soci\u00e9t\u00e9 et les analyses politiques. Le site s\u2019adresse \u00e0 un large public francophone et couvre l\u2019information tunisienne en temps r\u00e9el.\",\"email\":\"redac@webdo.tn\",\"legalName\":\"YNJ SARL\",\"foundingDate\":\"2010-09-06\",\"numberOfEmployees\":{\"@type\":\"QuantitativeValue\",\"minValue\":\"11\",\"maxValue\":\"50\"}},{\"@type\":\"Person\",\"@id\":\"https:\\\/\\\/www.webdo.tn\\\/fr\\\/#\\\/schema\\\/person\\\/5663044c25eb36d8f88ba5b653f12f8c\",\"name\":\"Ramzi Haddad\",\"image\":{\"@type\":\"ImageObject\",\"inLanguage\":\"fr-FR\",\"@id\":\"https:\\\/\\\/www.webdo.tn\\\/fr\\\/wp-content\\\/uploads\\\/2026\\\/04\\\/ramzi-haddad_avatar-96x96.jpg\",\"url\":\"https:\\\/\\\/www.webdo.tn\\\/fr\\\/wp-content\\\/uploads\\\/2026\\\/04\\\/ramzi-haddad_avatar-96x96.jpg\",\"contentUrl\":\"https:\\\/\\\/www.webdo.tn\\\/fr\\\/wp-content\\\/uploads\\\/2026\\\/04\\\/ramzi-haddad_avatar-96x96.jpg\",\"caption\":\"Ramzi Haddad\"},\"description\":\"Signature \u00e9ditoriale de Walid Ben Youssef Ramzi Haddad est le pseudonyme \u00e9ditorial de Walid Ben Youssef, fondateur et g\u00e9rant de Webdo.tn. Cette signature est d\u00e9di\u00e9e \u00e0 la couverture de l'actualit\u00e9 nationale et internationale, ainsi qu'aux analyses des dynamiques num\u00e9riques. Ce profil b\u00e9n\u00e9ficie de l'expertise de Walid Ben Youssef, pionnier du web en Tunisie depuis 2000 et dipl\u00f4m\u00e9 en Math\u00e9matiques pures de l'Universit\u00e9 d'Oregon. \u00c0 travers cette signature, la r\u00e9daction de Webdo garantit une information structur\u00e9e et v\u00e9rifi\u00e9e, fid\u00e8le aux standards journalistiques du m\u00e9dia.\",\"url\":\"https:\\\/\\\/www.webdo.tn\\\/fr\\\/actualite\\\/author\\\/ramzi-haddad\\\/\"}]}<\/script>\n<!-- \/ Yoast SEO Premium plugin. -->","yoast_head_json":{"title":"La hausse de la taxe de s\u00e9jour ne s\u2019appliquera pas sur les touristes maghr\u00e9bins !","description":"Les professionnels du tourisme respirent. La hausse de la taxe de s\u00e9jour, une mesure propos\u00e9e dans le cadre du PLF 2024 et qui devrait entrer en vigueur \u00e0 parti...","canonical":"https:\/\/www.webdo.tn\/fr\/actualite\/national\/la-hausse-de-la-taxe-de-sejour-ne-s-appliquera-pas-sur-les-touristes-maghrebins\/210393\/","og_locale":"fr_FR","og_type":"article","og_title":"La hausse de la taxe de s\u00e9jour ne s\u2019appliquera pas sur les touristes maghr\u00e9bins !","og_description":"Les professionnels du tourisme respirent. La hausse de la taxe de s\u00e9jour, une mesure propos\u00e9e dans le cadre du PLF 2024 et qui devrait entrer en vigueur \u00e0 parti...","og_url":"https:\/\/www.webdo.tn\/fr\/actualite\/national\/la-hausse-de-la-taxe-de-sejour-ne-s-appliquera-pas-sur-les-touristes-maghrebins\/210393\/","og_site_name":"webdo","article_publisher":"https:\/\/www.facebook.com\/webdotn","article_published_time":"2023-11-27T10:37:00+00:00","og_image":[{"width":750,"height":400,"url":"https:\/\/www.webdo.tn\/fr\/wp-content\/uploads\/2023\/11\/4c82c039024f4bc85f968ecdbad8f3ce.jpg","type":"image\/jpeg"}],"author":"Ramzi Haddad","twitter_card":"summary_large_image","twitter_creator":"@webdo_tn","twitter_site":"@webdo_tn","twitter_misc":{"\u00c9crit par":"Ramzi Haddad","Dur\u00e9e de lecture estim\u00e9e":"2 minutes"},"schema":{"@context":"https:\/\/schema.org","@graph":[{"@type":"NewsArticle","@id":"https:\/\/www.webdo.tn\/fr\/actualite\/national\/la-hausse-de-la-taxe-de-sejour-ne-s-appliquera-pas-sur-les-touristes-maghrebins\/210393\/#article","isPartOf":{"@id":"https:\/\/www.webdo.tn\/fr\/actualite\/national\/la-hausse-de-la-taxe-de-sejour-ne-s-appliquera-pas-sur-les-touristes-maghrebins\/210393\/"},"author":{"name":"Ramzi Haddad","@id":"https:\/\/www.webdo.tn\/fr\/#\/schema\/person\/5663044c25eb36d8f88ba5b653f12f8c"},"headline":"La hausse de la taxe de s\u00e9jour ne s\u2019appliquera pas sur les touristes maghr\u00e9bins !","datePublished":"2023-11-27T10:37:00+00:00","mainEntityOfPage":{"@id":"https:\/\/www.webdo.tn\/fr\/actualite\/national\/la-hausse-de-la-taxe-de-sejour-ne-s-appliquera-pas-sur-les-touristes-maghrebins\/210393\/"},"wordCount":377,"commentCount":0,"publisher":{"@id":"https:\/\/www.webdo.tn\/fr\/#organization"},"image":{"@id":"https:\/\/www.webdo.tn\/fr\/actualite\/national\/la-hausse-de-la-taxe-de-sejour-ne-s-appliquera-pas-sur-les-touristes-maghrebins\/210393\/#primaryimage"},"thumbnailUrl":"https:\/\/www.webdo.tn\/fr\/wp-content\/uploads\/2023\/11\/4c82c039024f4bc85f968ecdbad8f3ce.jpg","keywords":["taxe","touristes \u00e9trangers"],"articleSection":["National"],"inLanguage":"fr-FR"},{"@type":"WebPage","@id":"https:\/\/www.webdo.tn\/fr\/actualite\/national\/la-hausse-de-la-taxe-de-sejour-ne-s-appliquera-pas-sur-les-touristes-maghrebins\/210393\/","url":"https:\/\/www.webdo.tn\/fr\/actualite\/national\/la-hausse-de-la-taxe-de-sejour-ne-s-appliquera-pas-sur-les-touristes-maghrebins\/210393\/","name":"La hausse de la taxe de s\u00e9jour ne s\u2019appliquera pas sur les touristes maghr\u00e9bins !","isPartOf":{"@id":"https:\/\/www.webdo.tn\/fr\/#website"},"primaryImageOfPage":{"@id":"https:\/\/www.webdo.tn\/fr\/actualite\/national\/la-hausse-de-la-taxe-de-sejour-ne-s-appliquera-pas-sur-les-touristes-maghrebins\/210393\/#primaryimage"},"image":{"@id":"https:\/\/www.webdo.tn\/fr\/actualite\/national\/la-hausse-de-la-taxe-de-sejour-ne-s-appliquera-pas-sur-les-touristes-maghrebins\/210393\/#primaryimage"},"thumbnailUrl":"https:\/\/www.webdo.tn\/fr\/wp-content\/uploads\/2023\/11\/4c82c039024f4bc85f968ecdbad8f3ce.jpg","datePublished":"2023-11-27T10:37:00+00:00","description":"Les professionnels du tourisme respirent. La hausse de la taxe de s\u00e9jour, une mesure propos\u00e9e dans le cadre du PLF 2024 et qui devrait entrer en vigueur \u00e0 parti...","breadcrumb":{"@id":"https:\/\/www.webdo.tn\/fr\/actualite\/national\/la-hausse-de-la-taxe-de-sejour-ne-s-appliquera-pas-sur-les-touristes-maghrebins\/210393\/#breadcrumb"},"inLanguage":"fr-FR","potentialAction":[{"@type":"ReadAction","target":["https:\/\/www.webdo.tn\/fr\/actualite\/national\/la-hausse-de-la-taxe-de-sejour-ne-s-appliquera-pas-sur-les-touristes-maghrebins\/210393\/"]}]},{"@type":"ImageObject","inLanguage":"fr-FR","@id":"https:\/\/www.webdo.tn\/fr\/actualite\/national\/la-hausse-de-la-taxe-de-sejour-ne-s-appliquera-pas-sur-les-touristes-maghrebins\/210393\/#primaryimage","url":"https:\/\/www.webdo.tn\/fr\/wp-content\/uploads\/2023\/11\/4c82c039024f4bc85f968ecdbad8f3ce.jpg","contentUrl":"https:\/\/www.webdo.tn\/fr\/wp-content\/uploads\/2023\/11\/4c82c039024f4bc85f968ecdbad8f3ce.jpg","width":750,"height":400,"caption":"La hausse de la taxe de s\u00e9jour ne s\u2019appliquera pas sur les touristes maghr\u00e9bins !"},{"@type":"BreadcrumbList","@id":"https:\/\/www.webdo.tn\/fr\/actualite\/national\/la-hausse-de-la-taxe-de-sejour-ne-s-appliquera-pas-sur-les-touristes-maghrebins\/210393\/#breadcrumb","itemListElement":[{"@type":"ListItem","position":1,"name":"Accueil","item":"https:\/\/www.webdo.tn\/fr\/"},{"@type":"ListItem","position":2,"name":"La hausse de la taxe de s\u00e9jour ne s\u2019appliquera pas sur les touristes maghr\u00e9bins !"}]},{"@type":"WebSite","@id":"https:\/\/www.webdo.tn\/fr\/#website","url":"https:\/\/www.webdo.tn\/fr\/","name":"webdo","description":"Tunisie - News en Tunisie et \u00e0 l&#039;international sur Webdo.tn","publisher":{"@id":"https:\/\/www.webdo.tn\/fr\/#organization"},"potentialAction":[{"@type":"SearchAction","target":{"@type":"EntryPoint","urlTemplate":"https:\/\/www.webdo.tn\/fr\/?s={search_term_string}"},"query-input":{"@type":"PropertyValueSpecification","valueRequired":true,"valueName":"search_term_string"}}],"inLanguage":"fr-FR"},{"@type":"Organization","@id":"https:\/\/www.webdo.tn\/fr\/#organization","name":"Webdo","alternateName":"Webdo.tn","url":"https:\/\/www.webdo.tn\/fr\/","logo":{"@type":"ImageObject","inLanguage":"fr-FR","@id":"https:\/\/www.webdo.tn\/fr\/#\/schema\/logo\/image\/","url":"https:\/\/www.webdo.tn\/fr\/wp-content\/uploads\/2025\/06\/Webdo-Tunisie_168377.jpg","contentUrl":"https:\/\/www.webdo.tn\/fr\/wp-content\/uploads\/2025\/06\/Webdo-Tunisie_168377.jpg","width":301,"height":301,"caption":"Webdo"},"image":{"@id":"https:\/\/www.webdo.tn\/fr\/#\/schema\/logo\/image\/"},"sameAs":["https:\/\/www.facebook.com\/webdotn","https:\/\/x.com\/webdo_tn"],"description":"Webdo est un m\u00e9dia num\u00e9rique tunisien fond\u00e9 en 2010, sp\u00e9cialis\u00e9 dans l\u2019actualit\u00e9 nationale et internationale, l\u2019\u00e9conomie, la soci\u00e9t\u00e9 et les analyses politiques. Le site s\u2019adresse \u00e0 un large public francophone et couvre l\u2019information tunisienne en temps r\u00e9el.","email":"redac@webdo.tn","legalName":"YNJ SARL","foundingDate":"2010-09-06","numberOfEmployees":{"@type":"QuantitativeValue","minValue":"11","maxValue":"50"}},{"@type":"Person","@id":"https:\/\/www.webdo.tn\/fr\/#\/schema\/person\/5663044c25eb36d8f88ba5b653f12f8c","name":"Ramzi Haddad","image":{"@type":"ImageObject","inLanguage":"fr-FR","@id":"https:\/\/www.webdo.tn\/fr\/wp-content\/uploads\/2026\/04\/ramzi-haddad_avatar-96x96.jpg","url":"https:\/\/www.webdo.tn\/fr\/wp-content\/uploads\/2026\/04\/ramzi-haddad_avatar-96x96.jpg","contentUrl":"https:\/\/www.webdo.tn\/fr\/wp-content\/uploads\/2026\/04\/ramzi-haddad_avatar-96x96.jpg","caption":"Ramzi Haddad"},"description":"Signature \u00e9ditoriale de Walid Ben Youssef Ramzi Haddad est le pseudonyme \u00e9ditorial de Walid Ben Youssef, fondateur et g\u00e9rant de Webdo.tn. Cette signature est d\u00e9di\u00e9e \u00e0 la couverture de l'actualit\u00e9 nationale et internationale, ainsi qu'aux analyses des dynamiques num\u00e9riques. Ce profil b\u00e9n\u00e9ficie de l'expertise de Walid Ben Youssef, pionnier du web en Tunisie depuis 2000 et dipl\u00f4m\u00e9 en Math\u00e9matiques pures de l'Universit\u00e9 d'Oregon. \u00c0 travers cette signature, la r\u00e9daction de Webdo garantit une information structur\u00e9e et v\u00e9rifi\u00e9e, fid\u00e8le aux standards journalistiques du m\u00e9dia.","url":"https:\/\/www.webdo.tn\/fr\/actualite\/author\/ramzi-haddad\/"}]}},"_links":{"self":[{"href":"https:\/\/www.webdo.tn\/fr\/wp-json\/wp\/v2\/posts\/210393","targetHints":{"allow":["GET"]}}],"collection":[{"href":"https:\/\/www.webdo.tn\/fr\/wp-json\/wp\/v2\/posts"}],"about":[{"href":"https:\/\/www.webdo.tn\/fr\/wp-json\/wp\/v2\/types\/post"}],"author":[{"embeddable":true,"href":"https:\/\/www.webdo.tn\/fr\/wp-json\/wp\/v2\/users\/3203"}],"replies":[{"embeddable":true,"href":"https:\/\/www.webdo.tn\/fr\/wp-json\/wp\/v2\/comments?post=210393"}],"version-history":[{"count":0,"href":"https:\/\/www.webdo.tn\/fr\/wp-json\/wp\/v2\/posts\/210393\/revisions"}],"wp:featuredmedia":[{"embeddable":true,"href":"https:\/\/www.webdo.tn\/fr\/wp-json\/wp\/v2\/media\/248684"}],"wp:attachment":[{"href":"https:\/\/www.webdo.tn\/fr\/wp-json\/wp\/v2\/media?parent=210393"}],"wp:term":[{"taxonomy":"category","embeddable":true,"href":"https:\/\/www.webdo.tn\/fr\/wp-json\/wp\/v2\/categories?post=210393"},{"taxonomy":"post_tag","embeddable":true,"href":"https:\/\/www.webdo.tn\/fr\/wp-json\/wp\/v2\/tags?post=210393"}],"curies":[{"name":"wp","href":"https:\/\/api.w.org\/{rel}","templated":true}]}}