{"id":210385,"date":"2023-11-26T19:53:00","date_gmt":"2023-11-26T19:53:00","guid":{"rendered":"https:\/\/www.webdo.tn\/fr\/blog\/39-palestiniens-liberes-des-geoles-israeliennes-contre-17-otages-israeliens\/210385\/"},"modified":"2025-05-20T22:10:54","modified_gmt":"2025-05-20T22:10:54","slug":"39-palestiniens-liberes-des-geoles-israeliennes-contre-17-otages-israeliens","status":"publish","type":"post","link":"https:\/\/www.webdo.tn\/fr\/actualite\/international\/39-palestiniens-liberes-des-geoles-israeliennes-contre-17-otages-israeliens\/210385\/","title":{"rendered":"39 Palestiniens lib\u00e9r\u00e9s des ge\u00f4les isra\u00e9liennes contre 17 otages isra\u00e9liens"},"content":{"rendered":"<p>Apr\u00e8s deux premi\u00e8res s\u00e9ries de lib\u00e9rations vendredi et samedi, un nouvel \u00e9change a lieu ce dimanche 26 novembre 2023.<\/p>\n<p>\t\t\t\t\t\t\t\t\tTrente-neuf Palestiniens, tous \u00e2g\u00e9s de moins de 19 ans, ont \u00e9t\u00e9 lib\u00e9r\u00e9s de prison aujourd\u2019hui par les autorit\u00e9s d\u2019occupation en \u00e9change de 17 otages isra\u00e9liens rel\u00e2ch\u00e9s plus t\u00f4t par le Hamas.<\/p>\n<p>Des bus sont sortis de la prison isra\u00e9lienne d&rsquo;Ofer, en Cisjordanie occup\u00e9e, o\u00f9 les prisonniers avaient \u00e9t\u00e9 transf\u00e9r\u00e9s avant leur lib\u00e9ration. Ces prisonniers sont ensuite arriv\u00e9s \u00e0 Beitunia.<\/p>\n<p>L&rsquo;accord, conclu mercredi sous l&rsquo;\u00e9gide du Qatar avec l&rsquo;appui des Etats-Unis et de l&rsquo;Egypte, pr\u00e9voit l&rsquo;\u00e9change de 50 otages parmi les 240 d\u00e9tenus par le Hamas contre 150 Palestiniens d\u00e9tenus dans les prisons isra\u00e9liennes, tout au long des quatre jours de cette tr\u00eave, cens\u00e9e prendre fin demain soir.<\/p>\n<p>Treize otages enlev\u00e9s par le Hamas sont arriv\u00e9s en Isra\u00ebl, quatre autres \u00e9taient en chemin vers le point de passage de Rafah entre la bande de Gaza et l&rsquo;Egypte apr\u00e8s leur lib\u00e9ration.<\/p>\n<p>Les otages isra\u00e9liens rel\u00e2ch\u00e9s dimanche sont quatre femmes et neuf enfants. Trois otages tha\u00eflandais ont \u00e9galement \u00e9t\u00e9 lib\u00e9r\u00e9s ainsi qu&rsquo;un binational russo-isra\u00e9lien.<\/p>\n<p>Cette lib\u00e9ration a eu lieu en dehors de la liste d&rsquo;\u00e9change entre Isra\u00ebl et le Hamas au terme \u00ab\u00a0d&rsquo;un arrangement direct entre les repr\u00e9sentants russes et le Hamas\u00a0\u00bb, a affirm\u00e9 Maria Zakharova, porte-parole du minist\u00e8re russe des Affaires \u00e9trang\u00e8res.<\/p>\n<p>Le Hamas avait indiqu\u00e9 plus t\u00f4t dimanche avoir lib\u00e9r\u00e9 un otage russe \u00ab\u00a0en r\u00e9ponse aux efforts \u00bb du pr\u00e9sident russe Vladimir Poutine et \u00e0 son \u00ab soutien \u00e0 la cause palestinienne\u00a0\u00bb.<\/p>\n<p>Jusqu\u2019\u00e0 maintenant le Hamas a remis vendredi, samedi et dimanche au Comit\u00e9 international de la Croix Rouge (CICR) 58 otages isra\u00e9liens et \u00e9trangers d\u00e9tenus \u00e0 Gaza (24 vendredi, 17 samedi et 17 aujourd&rsquo;hui), pendant qu&rsquo;Isra\u00ebl a lib\u00e9r\u00e9 117 prisonniers palestiniens qui \u00e9taient d\u00e9tenus dans les prisons isra\u00e9liennes (39 vendredi, 39 samedi et 39 aujourd&rsquo;hui).<\/p>\n","protected":false},"excerpt":{"rendered":"<p>Trente-neuf Palestiniens, tous \u00e2g\u00e9s de moins de 19 ans, ont \u00e9t\u00e9 lib\u00e9r\u00e9s de prison aujourd\u2019hui par les autorit\u00e9s d\u2019occupation en \u00e9change de 17 otages isra\u00e9liens&#8230;<\/p>\n","protected":false},"author":3162,"featured_media":289919,"comment_status":"open","ping_status":"closed","sticky":false,"template":"","format":"standard","meta":{"footnotes":""},"categories":[2598],"tags":[2689,3349,4069,6250,3917],"class_list":["post-210385","post","type-post","status-publish","format-standard","has-post-thumbnail","hentry","category-international","tag-gaza","tag-hamas","tag-otages","tag-palestiniens","tag-prisonniers"],"yoast_head":"<!-- This site is optimized with the Yoast SEO Premium plugin v27.5 (Yoast SEO v27.5) - https:\/\/yoast.com\/product\/yoast-seo-premium-wordpress\/ -->\n<title>39 Palestiniens lib\u00e9r\u00e9s des ge\u00f4les isra\u00e9liennes contre 17 otages isra\u00e9liens<\/title>\n<meta name=\"description\" content=\"Trente-neuf Palestiniens, tous \u00e2g\u00e9s de moins de 19 ans, ont \u00e9t\u00e9 lib\u00e9r\u00e9s de prison aujourd\u2019hui par les autorit\u00e9s d\u2019occupation en \u00e9change de 17 otages isra\u00e9liens...\" \/>\n<link rel=\"canonical\" href=\"https:\/\/www.webdo.tn\/fr\/actualite\/international\/39-palestiniens-liberes-des-geoles-israeliennes-contre-17-otages-israeliens\/210385\/\" \/>\n<meta property=\"og:locale\" content=\"fr_FR\" \/>\n<meta property=\"og:type\" content=\"article\" \/>\n<meta property=\"og:title\" content=\"39 Palestiniens lib\u00e9r\u00e9s des ge\u00f4les isra\u00e9liennes contre 17 otages isra\u00e9liens\" \/>\n<meta property=\"og:description\" content=\"Trente-neuf Palestiniens, tous \u00e2g\u00e9s de moins de 19 ans, ont \u00e9t\u00e9 lib\u00e9r\u00e9s de prison aujourd\u2019hui par les autorit\u00e9s d\u2019occupation en \u00e9change de 17 otages isra\u00e9liens...\" \/>\n<meta property=\"og:url\" content=\"https:\/\/www.webdo.tn\/fr\/actualite\/international\/39-palestiniens-liberes-des-geoles-israeliennes-contre-17-otages-israeliens\/210385\/\" \/>\n<meta property=\"og:site_name\" content=\"webdo\" \/>\n<meta property=\"article:publisher\" content=\"https:\/\/www.facebook.com\/webdotn\" \/>\n<meta property=\"article:published_time\" content=\"2023-11-26T19:53:00+00:00\" \/>\n<meta property=\"article:modified_time\" content=\"2025-05-20T22:10:54+00:00\" \/>\n<meta property=\"og:image\" content=\"https:\/\/www.webdo.tn\/fr\/wp-content\/uploads\/2023\/11\/6ccc567f354057501076aff83e134749.jpg\" \/>\n\t<meta property=\"og:image:width\" content=\"750\" \/>\n\t<meta property=\"og:image:height\" content=\"400\" \/>\n\t<meta property=\"og:image:type\" content=\"image\/jpeg\" \/>\n<meta name=\"author\" content=\"MC\" \/>\n<meta name=\"twitter:card\" content=\"summary_large_image\" \/>\n<meta name=\"twitter:creator\" content=\"@webdo_tn\" \/>\n<meta name=\"twitter:site\" content=\"@webdo_tn\" \/>\n<meta name=\"twitter:label1\" content=\"\u00c9crit par\" \/>\n\t<meta name=\"twitter:data1\" content=\"MC\" \/>\n\t<meta name=\"twitter:label2\" content=\"Dur\u00e9e de lecture estim\u00e9e\" \/>\n\t<meta name=\"twitter:data2\" content=\"2 minutes\" \/>\n<script type=\"application\/ld+json\" class=\"yoast-schema-graph\">{\"@context\":\"https:\\\/\\\/schema.org\",\"@graph\":[{\"@type\":\"NewsArticle\",\"@id\":\"https:\\\/\\\/www.webdo.tn\\\/fr\\\/actualite\\\/international\\\/39-palestiniens-liberes-des-geoles-israeliennes-contre-17-otages-israeliens\\\/210385\\\/#article\",\"isPartOf\":{\"@id\":\"https:\\\/\\\/www.webdo.tn\\\/fr\\\/actualite\\\/international\\\/39-palestiniens-liberes-des-geoles-israeliennes-contre-17-otages-israeliens\\\/210385\\\/\"},\"author\":{\"name\":\"MC\",\"@id\":\"https:\\\/\\\/www.webdo.tn\\\/fr\\\/#\\\/schema\\\/person\\\/2c4929cbf5a809e3bd38617c6ce150f6\"},\"headline\":\"39 Palestiniens lib\u00e9r\u00e9s des ge\u00f4les isra\u00e9liennes contre 17 otages isra\u00e9liens\",\"datePublished\":\"2023-11-26T19:53:00+00:00\",\"dateModified\":\"2025-05-20T22:10:54+00:00\",\"mainEntityOfPage\":{\"@id\":\"https:\\\/\\\/www.webdo.tn\\\/fr\\\/actualite\\\/international\\\/39-palestiniens-liberes-des-geoles-israeliennes-contre-17-otages-israeliens\\\/210385\\\/\"},\"wordCount\":362,\"commentCount\":0,\"publisher\":{\"@id\":\"https:\\\/\\\/www.webdo.tn\\\/fr\\\/#organization\"},\"image\":{\"@id\":\"https:\\\/\\\/www.webdo.tn\\\/fr\\\/actualite\\\/international\\\/39-palestiniens-liberes-des-geoles-israeliennes-contre-17-otages-israeliens\\\/210385\\\/#primaryimage\"},\"thumbnailUrl\":\"https:\\\/\\\/www.webdo.tn\\\/fr\\\/wp-content\\\/uploads\\\/2023\\\/11\\\/6ccc567f354057501076aff83e134749.jpg\",\"keywords\":[\"Gaza\",\"hamas\",\"otages\",\"palestiniens\",\"prisonniers\"],\"articleSection\":[\"International\"],\"inLanguage\":\"fr-FR\"},{\"@type\":\"WebPage\",\"@id\":\"https:\\\/\\\/www.webdo.tn\\\/fr\\\/actualite\\\/international\\\/39-palestiniens-liberes-des-geoles-israeliennes-contre-17-otages-israeliens\\\/210385\\\/\",\"url\":\"https:\\\/\\\/www.webdo.tn\\\/fr\\\/actualite\\\/international\\\/39-palestiniens-liberes-des-geoles-israeliennes-contre-17-otages-israeliens\\\/210385\\\/\",\"name\":\"39 Palestiniens lib\u00e9r\u00e9s des ge\u00f4les isra\u00e9liennes contre 17 otages isra\u00e9liens\",\"isPartOf\":{\"@id\":\"https:\\\/\\\/www.webdo.tn\\\/fr\\\/#website\"},\"primaryImageOfPage\":{\"@id\":\"https:\\\/\\\/www.webdo.tn\\\/fr\\\/actualite\\\/international\\\/39-palestiniens-liberes-des-geoles-israeliennes-contre-17-otages-israeliens\\\/210385\\\/#primaryimage\"},\"image\":{\"@id\":\"https:\\\/\\\/www.webdo.tn\\\/fr\\\/actualite\\\/international\\\/39-palestiniens-liberes-des-geoles-israeliennes-contre-17-otages-israeliens\\\/210385\\\/#primaryimage\"},\"thumbnailUrl\":\"https:\\\/\\\/www.webdo.tn\\\/fr\\\/wp-content\\\/uploads\\\/2023\\\/11\\\/6ccc567f354057501076aff83e134749.jpg\",\"datePublished\":\"2023-11-26T19:53:00+00:00\",\"dateModified\":\"2025-05-20T22:10:54+00:00\",\"description\":\"Trente-neuf Palestiniens, tous \u00e2g\u00e9s de moins de 19 ans, ont \u00e9t\u00e9 lib\u00e9r\u00e9s de prison aujourd\u2019hui par les autorit\u00e9s d\u2019occupation en \u00e9change de 17 otages isra\u00e9liens...\",\"breadcrumb\":{\"@id\":\"https:\\\/\\\/www.webdo.tn\\\/fr\\\/actualite\\\/international\\\/39-palestiniens-liberes-des-geoles-israeliennes-contre-17-otages-israeliens\\\/210385\\\/#breadcrumb\"},\"inLanguage\":\"fr-FR\",\"potentialAction\":[{\"@type\":\"ReadAction\",\"target\":[\"https:\\\/\\\/www.webdo.tn\\\/fr\\\/actualite\\\/international\\\/39-palestiniens-liberes-des-geoles-israeliennes-contre-17-otages-israeliens\\\/210385\\\/\"]}]},{\"@type\":\"ImageObject\",\"inLanguage\":\"fr-FR\",\"@id\":\"https:\\\/\\\/www.webdo.tn\\\/fr\\\/actualite\\\/international\\\/39-palestiniens-liberes-des-geoles-israeliennes-contre-17-otages-israeliens\\\/210385\\\/#primaryimage\",\"url\":\"https:\\\/\\\/www.webdo.tn\\\/fr\\\/wp-content\\\/uploads\\\/2023\\\/11\\\/6ccc567f354057501076aff83e134749.jpg\",\"contentUrl\":\"https:\\\/\\\/www.webdo.tn\\\/fr\\\/wp-content\\\/uploads\\\/2023\\\/11\\\/6ccc567f354057501076aff83e134749.jpg\",\"width\":750,\"height\":400,\"caption\":\"39 Palestiniens lib\u00e9r\u00e9s des ge\u00f4les isra\u00e9liennes contre 17 otages isra\u00e9liens\"},{\"@type\":\"BreadcrumbList\",\"@id\":\"https:\\\/\\\/www.webdo.tn\\\/fr\\\/actualite\\\/international\\\/39-palestiniens-liberes-des-geoles-israeliennes-contre-17-otages-israeliens\\\/210385\\\/#breadcrumb\",\"itemListElement\":[{\"@type\":\"ListItem\",\"position\":1,\"name\":\"Accueil\",\"item\":\"https:\\\/\\\/www.webdo.tn\\\/fr\\\/\"},{\"@type\":\"ListItem\",\"position\":2,\"name\":\"39 Palestiniens lib\u00e9r\u00e9s des ge\u00f4les isra\u00e9liennes contre 17 otages isra\u00e9liens\"}]},{\"@type\":\"WebSite\",\"@id\":\"https:\\\/\\\/www.webdo.tn\\\/fr\\\/#website\",\"url\":\"https:\\\/\\\/www.webdo.tn\\\/fr\\\/\",\"name\":\"webdo\",\"description\":\"Tunisie - News en Tunisie et \u00e0 l&#039;international sur Webdo.tn\",\"publisher\":{\"@id\":\"https:\\\/\\\/www.webdo.tn\\\/fr\\\/#organization\"},\"potentialAction\":[{\"@type\":\"SearchAction\",\"target\":{\"@type\":\"EntryPoint\",\"urlTemplate\":\"https:\\\/\\\/www.webdo.tn\\\/fr\\\/?s={search_term_string}\"},\"query-input\":{\"@type\":\"PropertyValueSpecification\",\"valueRequired\":true,\"valueName\":\"search_term_string\"}}],\"inLanguage\":\"fr-FR\"},{\"@type\":\"Organization\",\"@id\":\"https:\\\/\\\/www.webdo.tn\\\/fr\\\/#organization\",\"name\":\"Webdo\",\"alternateName\":\"Webdo.tn\",\"url\":\"https:\\\/\\\/www.webdo.tn\\\/fr\\\/\",\"logo\":{\"@type\":\"ImageObject\",\"inLanguage\":\"fr-FR\",\"@id\":\"https:\\\/\\\/www.webdo.tn\\\/fr\\\/#\\\/schema\\\/logo\\\/image\\\/\",\"url\":\"https:\\\/\\\/www.webdo.tn\\\/fr\\\/wp-content\\\/uploads\\\/2025\\\/06\\\/Webdo-Tunisie_168377.jpg\",\"contentUrl\":\"https:\\\/\\\/www.webdo.tn\\\/fr\\\/wp-content\\\/uploads\\\/2025\\\/06\\\/Webdo-Tunisie_168377.jpg\",\"width\":301,\"height\":301,\"caption\":\"Webdo\"},\"image\":{\"@id\":\"https:\\\/\\\/www.webdo.tn\\\/fr\\\/#\\\/schema\\\/logo\\\/image\\\/\"},\"sameAs\":[\"https:\\\/\\\/www.facebook.com\\\/webdotn\",\"https:\\\/\\\/x.com\\\/webdo_tn\"],\"description\":\"Webdo est un m\u00e9dia num\u00e9rique tunisien fond\u00e9 en 2010, sp\u00e9cialis\u00e9 dans l\u2019actualit\u00e9 nationale et internationale, l\u2019\u00e9conomie, la soci\u00e9t\u00e9 et les analyses politiques. Le site s\u2019adresse \u00e0 un large public francophone et couvre l\u2019information tunisienne en temps r\u00e9el.\",\"email\":\"redac@webdo.tn\",\"legalName\":\"YNJ SARL\",\"foundingDate\":\"2010-09-06\",\"numberOfEmployees\":{\"@type\":\"QuantitativeValue\",\"minValue\":\"11\",\"maxValue\":\"50\"}},{\"@type\":\"Person\",\"@id\":\"https:\\\/\\\/www.webdo.tn\\\/fr\\\/#\\\/schema\\\/person\\\/2c4929cbf5a809e3bd38617c6ce150f6\",\"name\":\"MC\",\"image\":{\"@type\":\"ImageObject\",\"inLanguage\":\"fr-FR\",\"@id\":\"https:\\\/\\\/secure.gravatar.com\\\/avatar\\\/a545bbb6f84efdd5553dbbc2895e3ca8f1d12c5215e00a041c9670b54aa9b18a?s=96&d=mm&r=g\",\"url\":\"https:\\\/\\\/secure.gravatar.com\\\/avatar\\\/a545bbb6f84efdd5553dbbc2895e3ca8f1d12c5215e00a041c9670b54aa9b18a?s=96&d=mm&r=g\",\"contentUrl\":\"https:\\\/\\\/secure.gravatar.com\\\/avatar\\\/a545bbb6f84efdd5553dbbc2895e3ca8f1d12c5215e00a041c9670b54aa9b18a?s=96&d=mm&r=g\",\"caption\":\"MC\"},\"url\":\"https:\\\/\\\/www.webdo.tn\\\/fr\\\/actualite\\\/author\\\/mc\\\/\"}]}<\/script>\n<!-- \/ Yoast SEO Premium plugin. -->","yoast_head_json":{"title":"39 Palestiniens lib\u00e9r\u00e9s des ge\u00f4les isra\u00e9liennes contre 17 otages isra\u00e9liens","description":"Trente-neuf Palestiniens, tous \u00e2g\u00e9s de moins de 19 ans, ont \u00e9t\u00e9 lib\u00e9r\u00e9s de prison aujourd\u2019hui par les autorit\u00e9s d\u2019occupation en \u00e9change de 17 otages isra\u00e9liens...","canonical":"https:\/\/www.webdo.tn\/fr\/actualite\/international\/39-palestiniens-liberes-des-geoles-israeliennes-contre-17-otages-israeliens\/210385\/","og_locale":"fr_FR","og_type":"article","og_title":"39 Palestiniens lib\u00e9r\u00e9s des ge\u00f4les isra\u00e9liennes contre 17 otages isra\u00e9liens","og_description":"Trente-neuf Palestiniens, tous \u00e2g\u00e9s de moins de 19 ans, ont \u00e9t\u00e9 lib\u00e9r\u00e9s de prison aujourd\u2019hui par les autorit\u00e9s d\u2019occupation en \u00e9change de 17 otages isra\u00e9liens...","og_url":"https:\/\/www.webdo.tn\/fr\/actualite\/international\/39-palestiniens-liberes-des-geoles-israeliennes-contre-17-otages-israeliens\/210385\/","og_site_name":"webdo","article_publisher":"https:\/\/www.facebook.com\/webdotn","article_published_time":"2023-11-26T19:53:00+00:00","article_modified_time":"2025-05-20T22:10:54+00:00","og_image":[{"width":750,"height":400,"url":"https:\/\/www.webdo.tn\/fr\/wp-content\/uploads\/2023\/11\/6ccc567f354057501076aff83e134749.jpg","type":"image\/jpeg"}],"author":"MC","twitter_card":"summary_large_image","twitter_creator":"@webdo_tn","twitter_site":"@webdo_tn","twitter_misc":{"\u00c9crit par":"MC","Dur\u00e9e de lecture estim\u00e9e":"2 minutes"},"schema":{"@context":"https:\/\/schema.org","@graph":[{"@type":"NewsArticle","@id":"https:\/\/www.webdo.tn\/fr\/actualite\/international\/39-palestiniens-liberes-des-geoles-israeliennes-contre-17-otages-israeliens\/210385\/#article","isPartOf":{"@id":"https:\/\/www.webdo.tn\/fr\/actualite\/international\/39-palestiniens-liberes-des-geoles-israeliennes-contre-17-otages-israeliens\/210385\/"},"author":{"name":"MC","@id":"https:\/\/www.webdo.tn\/fr\/#\/schema\/person\/2c4929cbf5a809e3bd38617c6ce150f6"},"headline":"39 Palestiniens lib\u00e9r\u00e9s des ge\u00f4les isra\u00e9liennes contre 17 otages isra\u00e9liens","datePublished":"2023-11-26T19:53:00+00:00","dateModified":"2025-05-20T22:10:54+00:00","mainEntityOfPage":{"@id":"https:\/\/www.webdo.tn\/fr\/actualite\/international\/39-palestiniens-liberes-des-geoles-israeliennes-contre-17-otages-israeliens\/210385\/"},"wordCount":362,"commentCount":0,"publisher":{"@id":"https:\/\/www.webdo.tn\/fr\/#organization"},"image":{"@id":"https:\/\/www.webdo.tn\/fr\/actualite\/international\/39-palestiniens-liberes-des-geoles-israeliennes-contre-17-otages-israeliens\/210385\/#primaryimage"},"thumbnailUrl":"https:\/\/www.webdo.tn\/fr\/wp-content\/uploads\/2023\/11\/6ccc567f354057501076aff83e134749.jpg","keywords":["Gaza","hamas","otages","palestiniens","prisonniers"],"articleSection":["International"],"inLanguage":"fr-FR"},{"@type":"WebPage","@id":"https:\/\/www.webdo.tn\/fr\/actualite\/international\/39-palestiniens-liberes-des-geoles-israeliennes-contre-17-otages-israeliens\/210385\/","url":"https:\/\/www.webdo.tn\/fr\/actualite\/international\/39-palestiniens-liberes-des-geoles-israeliennes-contre-17-otages-israeliens\/210385\/","name":"39 Palestiniens lib\u00e9r\u00e9s des ge\u00f4les isra\u00e9liennes contre 17 otages isra\u00e9liens","isPartOf":{"@id":"https:\/\/www.webdo.tn\/fr\/#website"},"primaryImageOfPage":{"@id":"https:\/\/www.webdo.tn\/fr\/actualite\/international\/39-palestiniens-liberes-des-geoles-israeliennes-contre-17-otages-israeliens\/210385\/#primaryimage"},"image":{"@id":"https:\/\/www.webdo.tn\/fr\/actualite\/international\/39-palestiniens-liberes-des-geoles-israeliennes-contre-17-otages-israeliens\/210385\/#primaryimage"},"thumbnailUrl":"https:\/\/www.webdo.tn\/fr\/wp-content\/uploads\/2023\/11\/6ccc567f354057501076aff83e134749.jpg","datePublished":"2023-11-26T19:53:00+00:00","dateModified":"2025-05-20T22:10:54+00:00","description":"Trente-neuf Palestiniens, tous \u00e2g\u00e9s de moins de 19 ans, ont \u00e9t\u00e9 lib\u00e9r\u00e9s de prison aujourd\u2019hui par les autorit\u00e9s d\u2019occupation en \u00e9change de 17 otages isra\u00e9liens...","breadcrumb":{"@id":"https:\/\/www.webdo.tn\/fr\/actualite\/international\/39-palestiniens-liberes-des-geoles-israeliennes-contre-17-otages-israeliens\/210385\/#breadcrumb"},"inLanguage":"fr-FR","potentialAction":[{"@type":"ReadAction","target":["https:\/\/www.webdo.tn\/fr\/actualite\/international\/39-palestiniens-liberes-des-geoles-israeliennes-contre-17-otages-israeliens\/210385\/"]}]},{"@type":"ImageObject","inLanguage":"fr-FR","@id":"https:\/\/www.webdo.tn\/fr\/actualite\/international\/39-palestiniens-liberes-des-geoles-israeliennes-contre-17-otages-israeliens\/210385\/#primaryimage","url":"https:\/\/www.webdo.tn\/fr\/wp-content\/uploads\/2023\/11\/6ccc567f354057501076aff83e134749.jpg","contentUrl":"https:\/\/www.webdo.tn\/fr\/wp-content\/uploads\/2023\/11\/6ccc567f354057501076aff83e134749.jpg","width":750,"height":400,"caption":"39 Palestiniens lib\u00e9r\u00e9s des ge\u00f4les isra\u00e9liennes contre 17 otages isra\u00e9liens"},{"@type":"BreadcrumbList","@id":"https:\/\/www.webdo.tn\/fr\/actualite\/international\/39-palestiniens-liberes-des-geoles-israeliennes-contre-17-otages-israeliens\/210385\/#breadcrumb","itemListElement":[{"@type":"ListItem","position":1,"name":"Accueil","item":"https:\/\/www.webdo.tn\/fr\/"},{"@type":"ListItem","position":2,"name":"39 Palestiniens lib\u00e9r\u00e9s des ge\u00f4les isra\u00e9liennes contre 17 otages isra\u00e9liens"}]},{"@type":"WebSite","@id":"https:\/\/www.webdo.tn\/fr\/#website","url":"https:\/\/www.webdo.tn\/fr\/","name":"webdo","description":"Tunisie - News en Tunisie et \u00e0 l&#039;international sur Webdo.tn","publisher":{"@id":"https:\/\/www.webdo.tn\/fr\/#organization"},"potentialAction":[{"@type":"SearchAction","target":{"@type":"EntryPoint","urlTemplate":"https:\/\/www.webdo.tn\/fr\/?s={search_term_string}"},"query-input":{"@type":"PropertyValueSpecification","valueRequired":true,"valueName":"search_term_string"}}],"inLanguage":"fr-FR"},{"@type":"Organization","@id":"https:\/\/www.webdo.tn\/fr\/#organization","name":"Webdo","alternateName":"Webdo.tn","url":"https:\/\/www.webdo.tn\/fr\/","logo":{"@type":"ImageObject","inLanguage":"fr-FR","@id":"https:\/\/www.webdo.tn\/fr\/#\/schema\/logo\/image\/","url":"https:\/\/www.webdo.tn\/fr\/wp-content\/uploads\/2025\/06\/Webdo-Tunisie_168377.jpg","contentUrl":"https:\/\/www.webdo.tn\/fr\/wp-content\/uploads\/2025\/06\/Webdo-Tunisie_168377.jpg","width":301,"height":301,"caption":"Webdo"},"image":{"@id":"https:\/\/www.webdo.tn\/fr\/#\/schema\/logo\/image\/"},"sameAs":["https:\/\/www.facebook.com\/webdotn","https:\/\/x.com\/webdo_tn"],"description":"Webdo est un m\u00e9dia num\u00e9rique tunisien fond\u00e9 en 2010, sp\u00e9cialis\u00e9 dans l\u2019actualit\u00e9 nationale et internationale, l\u2019\u00e9conomie, la soci\u00e9t\u00e9 et les analyses politiques. Le site s\u2019adresse \u00e0 un large public francophone et couvre l\u2019information tunisienne en temps r\u00e9el.","email":"redac@webdo.tn","legalName":"YNJ SARL","foundingDate":"2010-09-06","numberOfEmployees":{"@type":"QuantitativeValue","minValue":"11","maxValue":"50"}},{"@type":"Person","@id":"https:\/\/www.webdo.tn\/fr\/#\/schema\/person\/2c4929cbf5a809e3bd38617c6ce150f6","name":"MC","image":{"@type":"ImageObject","inLanguage":"fr-FR","@id":"https:\/\/secure.gravatar.com\/avatar\/a545bbb6f84efdd5553dbbc2895e3ca8f1d12c5215e00a041c9670b54aa9b18a?s=96&d=mm&r=g","url":"https:\/\/secure.gravatar.com\/avatar\/a545bbb6f84efdd5553dbbc2895e3ca8f1d12c5215e00a041c9670b54aa9b18a?s=96&d=mm&r=g","contentUrl":"https:\/\/secure.gravatar.com\/avatar\/a545bbb6f84efdd5553dbbc2895e3ca8f1d12c5215e00a041c9670b54aa9b18a?s=96&d=mm&r=g","caption":"MC"},"url":"https:\/\/www.webdo.tn\/fr\/actualite\/author\/mc\/"}]}},"_links":{"self":[{"href":"https:\/\/www.webdo.tn\/fr\/wp-json\/wp\/v2\/posts\/210385","targetHints":{"allow":["GET"]}}],"collection":[{"href":"https:\/\/www.webdo.tn\/fr\/wp-json\/wp\/v2\/posts"}],"about":[{"href":"https:\/\/www.webdo.tn\/fr\/wp-json\/wp\/v2\/types\/post"}],"author":[{"embeddable":true,"href":"https:\/\/www.webdo.tn\/fr\/wp-json\/wp\/v2\/users\/3162"}],"replies":[{"embeddable":true,"href":"https:\/\/www.webdo.tn\/fr\/wp-json\/wp\/v2\/comments?post=210385"}],"version-history":[{"count":0,"href":"https:\/\/www.webdo.tn\/fr\/wp-json\/wp\/v2\/posts\/210385\/revisions"}],"wp:featuredmedia":[{"embeddable":true,"href":"https:\/\/www.webdo.tn\/fr\/wp-json\/wp\/v2\/media\/289919"}],"wp:attachment":[{"href":"https:\/\/www.webdo.tn\/fr\/wp-json\/wp\/v2\/media?parent=210385"}],"wp:term":[{"taxonomy":"category","embeddable":true,"href":"https:\/\/www.webdo.tn\/fr\/wp-json\/wp\/v2\/categories?post=210385"},{"taxonomy":"post_tag","embeddable":true,"href":"https:\/\/www.webdo.tn\/fr\/wp-json\/wp\/v2\/tags?post=210385"}],"curies":[{"name":"wp","href":"https:\/\/api.w.org\/{rel}","templated":true}]}}