{"id":210381,"date":"2023-11-26T16:04:00","date_gmt":"2023-11-26T16:04:00","guid":{"rendered":"https:\/\/www.webdo.tn\/fr\/blog\/coupes-africaines-entree-en-matiere-reussie-pour-le-ca-et-l-est\/210381\/"},"modified":"2025-05-20T22:10:54","modified_gmt":"2025-05-20T22:10:54","slug":"coupes-africaines-entree-en-matiere-reussie-pour-le-ca-et-l-est","status":"publish","type":"post","link":"https:\/\/www.webdo.tn\/fr\/actualite\/sport\/coupes-africaines-entree-en-matiere-reussie-pour-le-ca-et-l-est\/210381\/","title":{"rendered":"Coupes africaines : Entr\u00e9e en mati\u00e8re r\u00e9ussie pour le CA et l\u2019EST"},"content":{"rendered":"<p>Week-end de coupes africaines pour les clubs tunisiens engag\u00e9s. Le CA a bien entam\u00e9 son aventure en battant aujourd\u2019hui Dreams FC 2-0 tout comme l\u2019EST qui a battu l\u2019ESS, hier.<\/p>\n<p>\t\t\t\t\t\t\t\t\tLe Club Africain a battu, ce dimanche 26 novembre 2023 au stade Hammadi Agrebi, l\u2019\u00e9quipe ghan\u00e9enne de Dreams FC sur le score de 2-0 dans un match comptant pour la 1\u00e8re journ\u00e9e de la phase des poules de la Coupe de la Conf\u00e9d\u00e9ration. Les deux buts ont \u00e9t\u00e9 inscrits par Taieb Meziani (5\u2019) et Bassem Srarfi (19\u2019).<\/p>\n<p>Le CA compose le groupe C en compagnie de Dreams FC (Ghana), Rivers United (Nig\u00e9ria) et Academica Lobito (Angola). Lors de la deuxi\u00e8me journ\u00e9e, le CA se d\u00e9placera en Angola pour y affronter Academica do Lobito le 3 d\u00e9cembre prochain.<\/p>\n<p>\u00a0L&rsquo;Esp\u00e9rance ST s&rsquo;impose<\/p>\n<p>En Ligue des Champions, l&rsquo;Esp\u00e9rance ST a r\u00e9ussi l&rsquo;entame de sa nouvelle campagne africaine, en s&rsquo;imposant devant l&rsquo;autre repr\u00e9sentant tunisien dans la comp\u00e9tition, l&rsquo;Etoile du Sahel (2-0), en match comptant pour la premi\u00e8re journ\u00e9e de la phase de poules (Groupe C), disput\u00e9 samedi au stade Hamadi Agrebi de Rad\u00e8s.<\/p>\n<p>Les buts esp\u00e9rantistes ont \u00e9t\u00e9 sign\u00e9s Yann Sasse \u00e0 la 60\u2019 et Yassine Meriah \u00e0 la 64\u2019 sur penalty.<\/p>\n<p>Lors de la deuxi\u00e8me journ\u00e9e, l\u2019EST se d\u00e9placera \u00e0 Oum Dourman pour y affronter Al Hilal du Soudan le 1er d\u00e9cembre prochain, tandis que l\u2019ESS accueillera les Angolais du Petro Luanda le 2 d\u00e9cembre.<\/p>\n","protected":false},"excerpt":{"rendered":"<p>Le CA a bien entam\u00e9 son aventure en battant aujourd\u2019hui Dreams FC 2-0 tout comme l\u2019EST qui a battu l\u2019ESS, hier.<\/p>\n","protected":false},"author":3162,"featured_media":289917,"comment_status":"open","ping_status":"closed","sticky":false,"template":"","format":"standard","meta":{"footnotes":""},"categories":[2593],"tags":[3101,4742,3102,6914,3136],"class_list":["post-210381","post","type-post","status-publish","format-standard","has-post-thumbnail","hentry","category-sport","tag-club-africain","tag-coupe-de-la-confederation","tag-esperance-st","tag-etoile-du-sahel","tag-ligue-des-champions"],"yoast_head":"<!-- This site is optimized with the Yoast SEO Premium plugin v27.5 (Yoast SEO v27.5) - https:\/\/yoast.com\/product\/yoast-seo-premium-wordpress\/ -->\n<title>Coupes africaines : Entr\u00e9e en mati\u00e8re r\u00e9ussie pour le CA et l\u2019EST<\/title>\n<meta name=\"description\" content=\"Le CA a bien entam\u00e9 son aventure en battant aujourd\u2019hui Dreams FC 2-0 tout comme l\u2019EST qui a battu l\u2019ESS, hier.\" \/>\n<link rel=\"canonical\" href=\"https:\/\/www.webdo.tn\/fr\/actualite\/sport\/coupes-africaines-entree-en-matiere-reussie-pour-le-ca-et-l-est\/210381\/\" \/>\n<meta property=\"og:locale\" content=\"fr_FR\" \/>\n<meta property=\"og:type\" content=\"article\" \/>\n<meta property=\"og:title\" content=\"Coupes africaines : Entr\u00e9e en mati\u00e8re r\u00e9ussie pour le CA et l\u2019EST\" \/>\n<meta property=\"og:description\" content=\"Le CA a bien entam\u00e9 son aventure en battant aujourd\u2019hui Dreams FC 2-0 tout comme l\u2019EST qui a battu l\u2019ESS, hier.\" \/>\n<meta property=\"og:url\" content=\"https:\/\/www.webdo.tn\/fr\/actualite\/sport\/coupes-africaines-entree-en-matiere-reussie-pour-le-ca-et-l-est\/210381\/\" \/>\n<meta property=\"og:site_name\" content=\"webdo\" \/>\n<meta property=\"article:publisher\" content=\"https:\/\/www.facebook.com\/webdotn\" \/>\n<meta property=\"article:published_time\" content=\"2023-11-26T16:04:00+00:00\" \/>\n<meta property=\"article:modified_time\" content=\"2025-05-20T22:10:54+00:00\" \/>\n<meta property=\"og:image\" content=\"https:\/\/www.webdo.tn\/fr\/wp-content\/uploads\/2023\/11\/ea2fa25cff27f779a5a22a9484e64a22.jpg\" \/>\n\t<meta property=\"og:image:width\" content=\"750\" \/>\n\t<meta property=\"og:image:height\" content=\"400\" \/>\n\t<meta property=\"og:image:type\" content=\"image\/jpeg\" \/>\n<meta name=\"author\" content=\"MC\" \/>\n<meta name=\"twitter:card\" content=\"summary_large_image\" \/>\n<meta name=\"twitter:creator\" content=\"@webdo_tn\" \/>\n<meta name=\"twitter:site\" content=\"@webdo_tn\" \/>\n<meta name=\"twitter:label1\" content=\"\u00c9crit par\" \/>\n\t<meta name=\"twitter:data1\" content=\"MC\" \/>\n\t<meta name=\"twitter:label2\" content=\"Dur\u00e9e de lecture estim\u00e9e\" \/>\n\t<meta name=\"twitter:data2\" content=\"1 minute\" \/>\n<script type=\"application\/ld+json\" class=\"yoast-schema-graph\">{\"@context\":\"https:\\\/\\\/schema.org\",\"@graph\":[{\"@type\":\"NewsArticle\",\"@id\":\"https:\\\/\\\/www.webdo.tn\\\/fr\\\/actualite\\\/sport\\\/coupes-africaines-entree-en-matiere-reussie-pour-le-ca-et-l-est\\\/210381\\\/#article\",\"isPartOf\":{\"@id\":\"https:\\\/\\\/www.webdo.tn\\\/fr\\\/actualite\\\/sport\\\/coupes-africaines-entree-en-matiere-reussie-pour-le-ca-et-l-est\\\/210381\\\/\"},\"author\":{\"name\":\"MC\",\"@id\":\"https:\\\/\\\/www.webdo.tn\\\/fr\\\/#\\\/schema\\\/person\\\/2c4929cbf5a809e3bd38617c6ce150f6\"},\"headline\":\"Coupes africaines : Entr\u00e9e en mati\u00e8re r\u00e9ussie pour le CA et l\u2019EST\",\"datePublished\":\"2023-11-26T16:04:00+00:00\",\"dateModified\":\"2025-05-20T22:10:54+00:00\",\"mainEntityOfPage\":{\"@id\":\"https:\\\/\\\/www.webdo.tn\\\/fr\\\/actualite\\\/sport\\\/coupes-africaines-entree-en-matiere-reussie-pour-le-ca-et-l-est\\\/210381\\\/\"},\"wordCount\":274,\"commentCount\":0,\"publisher\":{\"@id\":\"https:\\\/\\\/www.webdo.tn\\\/fr\\\/#organization\"},\"image\":{\"@id\":\"https:\\\/\\\/www.webdo.tn\\\/fr\\\/actualite\\\/sport\\\/coupes-africaines-entree-en-matiere-reussie-pour-le-ca-et-l-est\\\/210381\\\/#primaryimage\"},\"thumbnailUrl\":\"https:\\\/\\\/www.webdo.tn\\\/fr\\\/wp-content\\\/uploads\\\/2023\\\/11\\\/ea2fa25cff27f779a5a22a9484e64a22.jpg\",\"keywords\":[\"Club Africain\",\"coupe de la conf\u00e9d\u00e9ration\",\"esp\u00e9rance st\",\"\u00e9toile du sahel\",\"ligue des champions\"],\"articleSection\":[\"Sport\"],\"inLanguage\":\"fr-FR\"},{\"@type\":\"WebPage\",\"@id\":\"https:\\\/\\\/www.webdo.tn\\\/fr\\\/actualite\\\/sport\\\/coupes-africaines-entree-en-matiere-reussie-pour-le-ca-et-l-est\\\/210381\\\/\",\"url\":\"https:\\\/\\\/www.webdo.tn\\\/fr\\\/actualite\\\/sport\\\/coupes-africaines-entree-en-matiere-reussie-pour-le-ca-et-l-est\\\/210381\\\/\",\"name\":\"Coupes africaines : Entr\u00e9e en mati\u00e8re r\u00e9ussie pour le CA et l\u2019EST\",\"isPartOf\":{\"@id\":\"https:\\\/\\\/www.webdo.tn\\\/fr\\\/#website\"},\"primaryImageOfPage\":{\"@id\":\"https:\\\/\\\/www.webdo.tn\\\/fr\\\/actualite\\\/sport\\\/coupes-africaines-entree-en-matiere-reussie-pour-le-ca-et-l-est\\\/210381\\\/#primaryimage\"},\"image\":{\"@id\":\"https:\\\/\\\/www.webdo.tn\\\/fr\\\/actualite\\\/sport\\\/coupes-africaines-entree-en-matiere-reussie-pour-le-ca-et-l-est\\\/210381\\\/#primaryimage\"},\"thumbnailUrl\":\"https:\\\/\\\/www.webdo.tn\\\/fr\\\/wp-content\\\/uploads\\\/2023\\\/11\\\/ea2fa25cff27f779a5a22a9484e64a22.jpg\",\"datePublished\":\"2023-11-26T16:04:00+00:00\",\"dateModified\":\"2025-05-20T22:10:54+00:00\",\"description\":\"Le CA a bien entam\u00e9 son aventure en battant aujourd\u2019hui Dreams FC 2-0 tout comme l\u2019EST qui a battu l\u2019ESS, hier.\",\"breadcrumb\":{\"@id\":\"https:\\\/\\\/www.webdo.tn\\\/fr\\\/actualite\\\/sport\\\/coupes-africaines-entree-en-matiere-reussie-pour-le-ca-et-l-est\\\/210381\\\/#breadcrumb\"},\"inLanguage\":\"fr-FR\",\"potentialAction\":[{\"@type\":\"ReadAction\",\"target\":[\"https:\\\/\\\/www.webdo.tn\\\/fr\\\/actualite\\\/sport\\\/coupes-africaines-entree-en-matiere-reussie-pour-le-ca-et-l-est\\\/210381\\\/\"]}]},{\"@type\":\"ImageObject\",\"inLanguage\":\"fr-FR\",\"@id\":\"https:\\\/\\\/www.webdo.tn\\\/fr\\\/actualite\\\/sport\\\/coupes-africaines-entree-en-matiere-reussie-pour-le-ca-et-l-est\\\/210381\\\/#primaryimage\",\"url\":\"https:\\\/\\\/www.webdo.tn\\\/fr\\\/wp-content\\\/uploads\\\/2023\\\/11\\\/ea2fa25cff27f779a5a22a9484e64a22.jpg\",\"contentUrl\":\"https:\\\/\\\/www.webdo.tn\\\/fr\\\/wp-content\\\/uploads\\\/2023\\\/11\\\/ea2fa25cff27f779a5a22a9484e64a22.jpg\",\"width\":750,\"height\":400,\"caption\":\"Coupes africaines : Entr\u00e9e en mati\u00e8re r\u00e9ussie pour le CA et l\u2019EST\"},{\"@type\":\"BreadcrumbList\",\"@id\":\"https:\\\/\\\/www.webdo.tn\\\/fr\\\/actualite\\\/sport\\\/coupes-africaines-entree-en-matiere-reussie-pour-le-ca-et-l-est\\\/210381\\\/#breadcrumb\",\"itemListElement\":[{\"@type\":\"ListItem\",\"position\":1,\"name\":\"Accueil\",\"item\":\"https:\\\/\\\/www.webdo.tn\\\/fr\\\/\"},{\"@type\":\"ListItem\",\"position\":2,\"name\":\"Coupes africaines : Entr\u00e9e en mati\u00e8re r\u00e9ussie pour le CA et l\u2019EST\"}]},{\"@type\":\"WebSite\",\"@id\":\"https:\\\/\\\/www.webdo.tn\\\/fr\\\/#website\",\"url\":\"https:\\\/\\\/www.webdo.tn\\\/fr\\\/\",\"name\":\"webdo\",\"description\":\"Tunisie - News en Tunisie et \u00e0 l&#039;international sur Webdo.tn\",\"publisher\":{\"@id\":\"https:\\\/\\\/www.webdo.tn\\\/fr\\\/#organization\"},\"potentialAction\":[{\"@type\":\"SearchAction\",\"target\":{\"@type\":\"EntryPoint\",\"urlTemplate\":\"https:\\\/\\\/www.webdo.tn\\\/fr\\\/?s={search_term_string}\"},\"query-input\":{\"@type\":\"PropertyValueSpecification\",\"valueRequired\":true,\"valueName\":\"search_term_string\"}}],\"inLanguage\":\"fr-FR\"},{\"@type\":\"Organization\",\"@id\":\"https:\\\/\\\/www.webdo.tn\\\/fr\\\/#organization\",\"name\":\"Webdo\",\"alternateName\":\"Webdo.tn\",\"url\":\"https:\\\/\\\/www.webdo.tn\\\/fr\\\/\",\"logo\":{\"@type\":\"ImageObject\",\"inLanguage\":\"fr-FR\",\"@id\":\"https:\\\/\\\/www.webdo.tn\\\/fr\\\/#\\\/schema\\\/logo\\\/image\\\/\",\"url\":\"https:\\\/\\\/www.webdo.tn\\\/fr\\\/wp-content\\\/uploads\\\/2025\\\/06\\\/Webdo-Tunisie_168377.jpg\",\"contentUrl\":\"https:\\\/\\\/www.webdo.tn\\\/fr\\\/wp-content\\\/uploads\\\/2025\\\/06\\\/Webdo-Tunisie_168377.jpg\",\"width\":301,\"height\":301,\"caption\":\"Webdo\"},\"image\":{\"@id\":\"https:\\\/\\\/www.webdo.tn\\\/fr\\\/#\\\/schema\\\/logo\\\/image\\\/\"},\"sameAs\":[\"https:\\\/\\\/www.facebook.com\\\/webdotn\",\"https:\\\/\\\/x.com\\\/webdo_tn\"],\"description\":\"Webdo est un m\u00e9dia num\u00e9rique tunisien fond\u00e9 en 2010, sp\u00e9cialis\u00e9 dans l\u2019actualit\u00e9 nationale et internationale, l\u2019\u00e9conomie, la soci\u00e9t\u00e9 et les analyses politiques. Le site s\u2019adresse \u00e0 un large public francophone et couvre l\u2019information tunisienne en temps r\u00e9el.\",\"email\":\"redac@webdo.tn\",\"legalName\":\"YNJ SARL\",\"foundingDate\":\"2010-09-06\",\"numberOfEmployees\":{\"@type\":\"QuantitativeValue\",\"minValue\":\"11\",\"maxValue\":\"50\"}},{\"@type\":\"Person\",\"@id\":\"https:\\\/\\\/www.webdo.tn\\\/fr\\\/#\\\/schema\\\/person\\\/2c4929cbf5a809e3bd38617c6ce150f6\",\"name\":\"MC\",\"image\":{\"@type\":\"ImageObject\",\"inLanguage\":\"fr-FR\",\"@id\":\"https:\\\/\\\/secure.gravatar.com\\\/avatar\\\/a545bbb6f84efdd5553dbbc2895e3ca8f1d12c5215e00a041c9670b54aa9b18a?s=96&d=mm&r=g\",\"url\":\"https:\\\/\\\/secure.gravatar.com\\\/avatar\\\/a545bbb6f84efdd5553dbbc2895e3ca8f1d12c5215e00a041c9670b54aa9b18a?s=96&d=mm&r=g\",\"contentUrl\":\"https:\\\/\\\/secure.gravatar.com\\\/avatar\\\/a545bbb6f84efdd5553dbbc2895e3ca8f1d12c5215e00a041c9670b54aa9b18a?s=96&d=mm&r=g\",\"caption\":\"MC\"},\"url\":\"https:\\\/\\\/www.webdo.tn\\\/fr\\\/actualite\\\/author\\\/mc\\\/\"}]}<\/script>\n<!-- \/ Yoast SEO Premium plugin. -->","yoast_head_json":{"title":"Coupes africaines : Entr\u00e9e en mati\u00e8re r\u00e9ussie pour le CA et l\u2019EST","description":"Le CA a bien entam\u00e9 son aventure en battant aujourd\u2019hui Dreams FC 2-0 tout comme l\u2019EST qui a battu l\u2019ESS, hier.","canonical":"https:\/\/www.webdo.tn\/fr\/actualite\/sport\/coupes-africaines-entree-en-matiere-reussie-pour-le-ca-et-l-est\/210381\/","og_locale":"fr_FR","og_type":"article","og_title":"Coupes africaines : Entr\u00e9e en mati\u00e8re r\u00e9ussie pour le CA et l\u2019EST","og_description":"Le CA a bien entam\u00e9 son aventure en battant aujourd\u2019hui Dreams FC 2-0 tout comme l\u2019EST qui a battu l\u2019ESS, hier.","og_url":"https:\/\/www.webdo.tn\/fr\/actualite\/sport\/coupes-africaines-entree-en-matiere-reussie-pour-le-ca-et-l-est\/210381\/","og_site_name":"webdo","article_publisher":"https:\/\/www.facebook.com\/webdotn","article_published_time":"2023-11-26T16:04:00+00:00","article_modified_time":"2025-05-20T22:10:54+00:00","og_image":[{"width":750,"height":400,"url":"https:\/\/www.webdo.tn\/fr\/wp-content\/uploads\/2023\/11\/ea2fa25cff27f779a5a22a9484e64a22.jpg","type":"image\/jpeg"}],"author":"MC","twitter_card":"summary_large_image","twitter_creator":"@webdo_tn","twitter_site":"@webdo_tn","twitter_misc":{"\u00c9crit par":"MC","Dur\u00e9e de lecture estim\u00e9e":"1 minute"},"schema":{"@context":"https:\/\/schema.org","@graph":[{"@type":"NewsArticle","@id":"https:\/\/www.webdo.tn\/fr\/actualite\/sport\/coupes-africaines-entree-en-matiere-reussie-pour-le-ca-et-l-est\/210381\/#article","isPartOf":{"@id":"https:\/\/www.webdo.tn\/fr\/actualite\/sport\/coupes-africaines-entree-en-matiere-reussie-pour-le-ca-et-l-est\/210381\/"},"author":{"name":"MC","@id":"https:\/\/www.webdo.tn\/fr\/#\/schema\/person\/2c4929cbf5a809e3bd38617c6ce150f6"},"headline":"Coupes africaines : Entr\u00e9e en mati\u00e8re r\u00e9ussie pour le CA et l\u2019EST","datePublished":"2023-11-26T16:04:00+00:00","dateModified":"2025-05-20T22:10:54+00:00","mainEntityOfPage":{"@id":"https:\/\/www.webdo.tn\/fr\/actualite\/sport\/coupes-africaines-entree-en-matiere-reussie-pour-le-ca-et-l-est\/210381\/"},"wordCount":274,"commentCount":0,"publisher":{"@id":"https:\/\/www.webdo.tn\/fr\/#organization"},"image":{"@id":"https:\/\/www.webdo.tn\/fr\/actualite\/sport\/coupes-africaines-entree-en-matiere-reussie-pour-le-ca-et-l-est\/210381\/#primaryimage"},"thumbnailUrl":"https:\/\/www.webdo.tn\/fr\/wp-content\/uploads\/2023\/11\/ea2fa25cff27f779a5a22a9484e64a22.jpg","keywords":["Club Africain","coupe de la conf\u00e9d\u00e9ration","esp\u00e9rance st","\u00e9toile du sahel","ligue des champions"],"articleSection":["Sport"],"inLanguage":"fr-FR"},{"@type":"WebPage","@id":"https:\/\/www.webdo.tn\/fr\/actualite\/sport\/coupes-africaines-entree-en-matiere-reussie-pour-le-ca-et-l-est\/210381\/","url":"https:\/\/www.webdo.tn\/fr\/actualite\/sport\/coupes-africaines-entree-en-matiere-reussie-pour-le-ca-et-l-est\/210381\/","name":"Coupes africaines : Entr\u00e9e en mati\u00e8re r\u00e9ussie pour le CA et l\u2019EST","isPartOf":{"@id":"https:\/\/www.webdo.tn\/fr\/#website"},"primaryImageOfPage":{"@id":"https:\/\/www.webdo.tn\/fr\/actualite\/sport\/coupes-africaines-entree-en-matiere-reussie-pour-le-ca-et-l-est\/210381\/#primaryimage"},"image":{"@id":"https:\/\/www.webdo.tn\/fr\/actualite\/sport\/coupes-africaines-entree-en-matiere-reussie-pour-le-ca-et-l-est\/210381\/#primaryimage"},"thumbnailUrl":"https:\/\/www.webdo.tn\/fr\/wp-content\/uploads\/2023\/11\/ea2fa25cff27f779a5a22a9484e64a22.jpg","datePublished":"2023-11-26T16:04:00+00:00","dateModified":"2025-05-20T22:10:54+00:00","description":"Le CA a bien entam\u00e9 son aventure en battant aujourd\u2019hui Dreams FC 2-0 tout comme l\u2019EST qui a battu l\u2019ESS, hier.","breadcrumb":{"@id":"https:\/\/www.webdo.tn\/fr\/actualite\/sport\/coupes-africaines-entree-en-matiere-reussie-pour-le-ca-et-l-est\/210381\/#breadcrumb"},"inLanguage":"fr-FR","potentialAction":[{"@type":"ReadAction","target":["https:\/\/www.webdo.tn\/fr\/actualite\/sport\/coupes-africaines-entree-en-matiere-reussie-pour-le-ca-et-l-est\/210381\/"]}]},{"@type":"ImageObject","inLanguage":"fr-FR","@id":"https:\/\/www.webdo.tn\/fr\/actualite\/sport\/coupes-africaines-entree-en-matiere-reussie-pour-le-ca-et-l-est\/210381\/#primaryimage","url":"https:\/\/www.webdo.tn\/fr\/wp-content\/uploads\/2023\/11\/ea2fa25cff27f779a5a22a9484e64a22.jpg","contentUrl":"https:\/\/www.webdo.tn\/fr\/wp-content\/uploads\/2023\/11\/ea2fa25cff27f779a5a22a9484e64a22.jpg","width":750,"height":400,"caption":"Coupes africaines : Entr\u00e9e en mati\u00e8re r\u00e9ussie pour le CA et l\u2019EST"},{"@type":"BreadcrumbList","@id":"https:\/\/www.webdo.tn\/fr\/actualite\/sport\/coupes-africaines-entree-en-matiere-reussie-pour-le-ca-et-l-est\/210381\/#breadcrumb","itemListElement":[{"@type":"ListItem","position":1,"name":"Accueil","item":"https:\/\/www.webdo.tn\/fr\/"},{"@type":"ListItem","position":2,"name":"Coupes africaines : Entr\u00e9e en mati\u00e8re r\u00e9ussie pour le CA et l\u2019EST"}]},{"@type":"WebSite","@id":"https:\/\/www.webdo.tn\/fr\/#website","url":"https:\/\/www.webdo.tn\/fr\/","name":"webdo","description":"Tunisie - News en Tunisie et \u00e0 l&#039;international sur Webdo.tn","publisher":{"@id":"https:\/\/www.webdo.tn\/fr\/#organization"},"potentialAction":[{"@type":"SearchAction","target":{"@type":"EntryPoint","urlTemplate":"https:\/\/www.webdo.tn\/fr\/?s={search_term_string}"},"query-input":{"@type":"PropertyValueSpecification","valueRequired":true,"valueName":"search_term_string"}}],"inLanguage":"fr-FR"},{"@type":"Organization","@id":"https:\/\/www.webdo.tn\/fr\/#organization","name":"Webdo","alternateName":"Webdo.tn","url":"https:\/\/www.webdo.tn\/fr\/","logo":{"@type":"ImageObject","inLanguage":"fr-FR","@id":"https:\/\/www.webdo.tn\/fr\/#\/schema\/logo\/image\/","url":"https:\/\/www.webdo.tn\/fr\/wp-content\/uploads\/2025\/06\/Webdo-Tunisie_168377.jpg","contentUrl":"https:\/\/www.webdo.tn\/fr\/wp-content\/uploads\/2025\/06\/Webdo-Tunisie_168377.jpg","width":301,"height":301,"caption":"Webdo"},"image":{"@id":"https:\/\/www.webdo.tn\/fr\/#\/schema\/logo\/image\/"},"sameAs":["https:\/\/www.facebook.com\/webdotn","https:\/\/x.com\/webdo_tn"],"description":"Webdo est un m\u00e9dia num\u00e9rique tunisien fond\u00e9 en 2010, sp\u00e9cialis\u00e9 dans l\u2019actualit\u00e9 nationale et internationale, l\u2019\u00e9conomie, la soci\u00e9t\u00e9 et les analyses politiques. Le site s\u2019adresse \u00e0 un large public francophone et couvre l\u2019information tunisienne en temps r\u00e9el.","email":"redac@webdo.tn","legalName":"YNJ SARL","foundingDate":"2010-09-06","numberOfEmployees":{"@type":"QuantitativeValue","minValue":"11","maxValue":"50"}},{"@type":"Person","@id":"https:\/\/www.webdo.tn\/fr\/#\/schema\/person\/2c4929cbf5a809e3bd38617c6ce150f6","name":"MC","image":{"@type":"ImageObject","inLanguage":"fr-FR","@id":"https:\/\/secure.gravatar.com\/avatar\/a545bbb6f84efdd5553dbbc2895e3ca8f1d12c5215e00a041c9670b54aa9b18a?s=96&d=mm&r=g","url":"https:\/\/secure.gravatar.com\/avatar\/a545bbb6f84efdd5553dbbc2895e3ca8f1d12c5215e00a041c9670b54aa9b18a?s=96&d=mm&r=g","contentUrl":"https:\/\/secure.gravatar.com\/avatar\/a545bbb6f84efdd5553dbbc2895e3ca8f1d12c5215e00a041c9670b54aa9b18a?s=96&d=mm&r=g","caption":"MC"},"url":"https:\/\/www.webdo.tn\/fr\/actualite\/author\/mc\/"}]}},"_links":{"self":[{"href":"https:\/\/www.webdo.tn\/fr\/wp-json\/wp\/v2\/posts\/210381","targetHints":{"allow":["GET"]}}],"collection":[{"href":"https:\/\/www.webdo.tn\/fr\/wp-json\/wp\/v2\/posts"}],"about":[{"href":"https:\/\/www.webdo.tn\/fr\/wp-json\/wp\/v2\/types\/post"}],"author":[{"embeddable":true,"href":"https:\/\/www.webdo.tn\/fr\/wp-json\/wp\/v2\/users\/3162"}],"replies":[{"embeddable":true,"href":"https:\/\/www.webdo.tn\/fr\/wp-json\/wp\/v2\/comments?post=210381"}],"version-history":[{"count":0,"href":"https:\/\/www.webdo.tn\/fr\/wp-json\/wp\/v2\/posts\/210381\/revisions"}],"wp:featuredmedia":[{"embeddable":true,"href":"https:\/\/www.webdo.tn\/fr\/wp-json\/wp\/v2\/media\/289917"}],"wp:attachment":[{"href":"https:\/\/www.webdo.tn\/fr\/wp-json\/wp\/v2\/media?parent=210381"}],"wp:term":[{"taxonomy":"category","embeddable":true,"href":"https:\/\/www.webdo.tn\/fr\/wp-json\/wp\/v2\/categories?post=210381"},{"taxonomy":"post_tag","embeddable":true,"href":"https:\/\/www.webdo.tn\/fr\/wp-json\/wp\/v2\/tags?post=210381"}],"curies":[{"name":"wp","href":"https:\/\/api.w.org\/{rel}","templated":true}]}}