{"id":210373,"date":"2023-11-26T10:41:00","date_gmt":"2023-11-26T10:41:00","guid":{"rendered":"https:\/\/www.webdo.tn\/fr\/blog\/des-centaines-de-femmes-manifestent-a-tunis-en-soutien-aux-palestiniennes\/210373\/"},"modified":"2025-05-20T21:55:25","modified_gmt":"2025-05-20T21:55:25","slug":"des-centaines-de-femmes-manifestent-a-tunis-en-soutien-aux-palestiniennes","status":"publish","type":"post","link":"https:\/\/www.webdo.tn\/fr\/actualite\/national\/des-centaines-de-femmes-manifestent-a-tunis-en-soutien-aux-palestiniennes\/210373\/","title":{"rendered":"Des centaines de femmes manifestent \u00e0 Tunis en soutien aux Palestiniennes"},"content":{"rendered":"<p>Des centaines de femmes ont particip\u00e9 samedi apr\u00e8s-midi \u00e0 Tunis \u00e0 une manifestation en soutien aux femmes palestiniennes.<\/p>\n<p>\t\t\t\t\t\t\t\t\tSous le slogan \u00ab\u00a0Des femmes de la Tunisie aux femmes de Palestine\u00a0\u00bb des centaines de Tunisiennes ont d\u00e9fil\u00e9 au centre-ville de Tunis en signe de solidarit\u00e9 avec le peuple palestinien dans la bande de Gaza.<\/p>\n<p>Cette manifestation a d\u00e9marr\u00e9 par un rassemblement \u00e0 la place des droits de l&rsquo;homme \u00e0 l&rsquo;avenue Mohamed V, suivie d&rsquo;une marche vers l&rsquo;avenue Habib Bourguiba en direction du th\u00e9\u00e2tre municipal avec la participation d&rsquo;environ 500 femmes.<\/p>\n<p>Cr\u00e9dit photo : Webdo<\/p>\n<p>Des drapeaux palestiniens et des banderoles ont \u00e9t\u00e9 mis en avant ainsi qu&rsquo;un drapeau mural g\u00e9ant flottant sur la fa\u00e7ade du th\u00e9\u00e2tre municipal orn\u00e9 de la carte de la Palestine et d\u2019une mage d&rsquo;Al Qods occup\u00e9e.<\/p>\n<p>Un soutien symbolique au r\u00f4le de la femme palestinienne courageuse qui constitue l&rsquo;un des symboles de la r\u00e9sistance.<\/p>\n","protected":false},"excerpt":{"rendered":"<p>Un soutien symbolique au r\u00f4le de la femme palestinienne courageuse qui constitue l&rsquo;un des symboles de la r\u00e9sistance.<\/p>\n","protected":false},"author":3162,"featured_media":248707,"comment_status":"open","ping_status":"closed","sticky":false,"template":"","format":"standard","meta":{"footnotes":""},"categories":[44],"tags":[3700,2689,2817,2688,7505,2640],"class_list":["post-210373","post","type-post","status-publish","format-standard","has-post-thumbnail","hentry","category-national","tag-femmes","tag-gaza","tag-manifestation","tag-palestine","tag-palestiniennes","tag-tunis"],"yoast_head":"<!-- This site is optimized with the Yoast SEO Premium plugin v27.5 (Yoast SEO v27.5) - https:\/\/yoast.com\/product\/yoast-seo-premium-wordpress\/ -->\n<title>Des centaines de femmes manifestent \u00e0 Tunis en soutien aux Palestiniennes<\/title>\n<meta name=\"description\" content=\"Un soutien symbolique au r\u00f4le de la femme palestinienne courageuse qui constitue l&#039;un des symboles de la r\u00e9sistance.\" \/>\n<link rel=\"canonical\" href=\"https:\/\/www.webdo.tn\/fr\/actualite\/national\/des-centaines-de-femmes-manifestent-a-tunis-en-soutien-aux-palestiniennes\/210373\/\" \/>\n<meta property=\"og:locale\" content=\"fr_FR\" \/>\n<meta property=\"og:type\" content=\"article\" \/>\n<meta property=\"og:title\" content=\"Des centaines de femmes manifestent \u00e0 Tunis en soutien aux Palestiniennes\" \/>\n<meta property=\"og:description\" content=\"Un soutien symbolique au r\u00f4le de la femme palestinienne courageuse qui constitue l&#039;un des symboles de la r\u00e9sistance.\" \/>\n<meta property=\"og:url\" content=\"https:\/\/www.webdo.tn\/fr\/actualite\/national\/des-centaines-de-femmes-manifestent-a-tunis-en-soutien-aux-palestiniennes\/210373\/\" \/>\n<meta property=\"og:site_name\" content=\"webdo\" \/>\n<meta property=\"article:publisher\" content=\"https:\/\/www.facebook.com\/webdotn\" \/>\n<meta property=\"article:published_time\" content=\"2023-11-26T10:41:00+00:00\" \/>\n<meta property=\"article:modified_time\" content=\"2025-05-20T21:55:25+00:00\" \/>\n<meta property=\"og:image\" content=\"https:\/\/www.webdo.tn\/fr\/wp-content\/uploads\/2023\/11\/50639b97b843c3053926b635d81da20e.jpg\" \/>\n\t<meta property=\"og:image:width\" content=\"750\" \/>\n\t<meta property=\"og:image:height\" content=\"400\" \/>\n\t<meta property=\"og:image:type\" content=\"image\/jpeg\" \/>\n<meta name=\"author\" content=\"MC\" \/>\n<meta name=\"twitter:card\" content=\"summary_large_image\" \/>\n<meta name=\"twitter:creator\" content=\"@webdo_tn\" \/>\n<meta name=\"twitter:site\" content=\"@webdo_tn\" \/>\n<meta name=\"twitter:label1\" content=\"\u00c9crit par\" \/>\n\t<meta name=\"twitter:data1\" content=\"MC\" \/>\n\t<meta name=\"twitter:label2\" content=\"Dur\u00e9e de lecture estim\u00e9e\" \/>\n\t<meta name=\"twitter:data2\" content=\"1 minute\" \/>\n<script type=\"application\/ld+json\" class=\"yoast-schema-graph\">{\"@context\":\"https:\\\/\\\/schema.org\",\"@graph\":[{\"@type\":\"NewsArticle\",\"@id\":\"https:\\\/\\\/www.webdo.tn\\\/fr\\\/actualite\\\/national\\\/des-centaines-de-femmes-manifestent-a-tunis-en-soutien-aux-palestiniennes\\\/210373\\\/#article\",\"isPartOf\":{\"@id\":\"https:\\\/\\\/www.webdo.tn\\\/fr\\\/actualite\\\/national\\\/des-centaines-de-femmes-manifestent-a-tunis-en-soutien-aux-palestiniennes\\\/210373\\\/\"},\"author\":{\"name\":\"MC\",\"@id\":\"https:\\\/\\\/www.webdo.tn\\\/fr\\\/#\\\/schema\\\/person\\\/2c4929cbf5a809e3bd38617c6ce150f6\"},\"headline\":\"Des centaines de femmes manifestent \u00e0 Tunis en soutien aux Palestiniennes\",\"datePublished\":\"2023-11-26T10:41:00+00:00\",\"dateModified\":\"2025-05-20T21:55:25+00:00\",\"mainEntityOfPage\":{\"@id\":\"https:\\\/\\\/www.webdo.tn\\\/fr\\\/actualite\\\/national\\\/des-centaines-de-femmes-manifestent-a-tunis-en-soutien-aux-palestiniennes\\\/210373\\\/\"},\"wordCount\":171,\"commentCount\":0,\"publisher\":{\"@id\":\"https:\\\/\\\/www.webdo.tn\\\/fr\\\/#organization\"},\"image\":{\"@id\":\"https:\\\/\\\/www.webdo.tn\\\/fr\\\/actualite\\\/national\\\/des-centaines-de-femmes-manifestent-a-tunis-en-soutien-aux-palestiniennes\\\/210373\\\/#primaryimage\"},\"thumbnailUrl\":\"https:\\\/\\\/www.webdo.tn\\\/fr\\\/wp-content\\\/uploads\\\/2023\\\/11\\\/50639b97b843c3053926b635d81da20e.jpg\",\"keywords\":[\"femmes\",\"Gaza\",\"Manifestation\",\"Palestine\",\"palestiniennes\",\"Tunis\"],\"articleSection\":[\"National\"],\"inLanguage\":\"fr-FR\"},{\"@type\":\"WebPage\",\"@id\":\"https:\\\/\\\/www.webdo.tn\\\/fr\\\/actualite\\\/national\\\/des-centaines-de-femmes-manifestent-a-tunis-en-soutien-aux-palestiniennes\\\/210373\\\/\",\"url\":\"https:\\\/\\\/www.webdo.tn\\\/fr\\\/actualite\\\/national\\\/des-centaines-de-femmes-manifestent-a-tunis-en-soutien-aux-palestiniennes\\\/210373\\\/\",\"name\":\"Des centaines de femmes manifestent \u00e0 Tunis en soutien aux Palestiniennes\",\"isPartOf\":{\"@id\":\"https:\\\/\\\/www.webdo.tn\\\/fr\\\/#website\"},\"primaryImageOfPage\":{\"@id\":\"https:\\\/\\\/www.webdo.tn\\\/fr\\\/actualite\\\/national\\\/des-centaines-de-femmes-manifestent-a-tunis-en-soutien-aux-palestiniennes\\\/210373\\\/#primaryimage\"},\"image\":{\"@id\":\"https:\\\/\\\/www.webdo.tn\\\/fr\\\/actualite\\\/national\\\/des-centaines-de-femmes-manifestent-a-tunis-en-soutien-aux-palestiniennes\\\/210373\\\/#primaryimage\"},\"thumbnailUrl\":\"https:\\\/\\\/www.webdo.tn\\\/fr\\\/wp-content\\\/uploads\\\/2023\\\/11\\\/50639b97b843c3053926b635d81da20e.jpg\",\"datePublished\":\"2023-11-26T10:41:00+00:00\",\"dateModified\":\"2025-05-20T21:55:25+00:00\",\"description\":\"Un soutien symbolique au r\u00f4le de la femme palestinienne courageuse qui constitue l'un des symboles de la r\u00e9sistance.\",\"breadcrumb\":{\"@id\":\"https:\\\/\\\/www.webdo.tn\\\/fr\\\/actualite\\\/national\\\/des-centaines-de-femmes-manifestent-a-tunis-en-soutien-aux-palestiniennes\\\/210373\\\/#breadcrumb\"},\"inLanguage\":\"fr-FR\",\"potentialAction\":[{\"@type\":\"ReadAction\",\"target\":[\"https:\\\/\\\/www.webdo.tn\\\/fr\\\/actualite\\\/national\\\/des-centaines-de-femmes-manifestent-a-tunis-en-soutien-aux-palestiniennes\\\/210373\\\/\"]}]},{\"@type\":\"ImageObject\",\"inLanguage\":\"fr-FR\",\"@id\":\"https:\\\/\\\/www.webdo.tn\\\/fr\\\/actualite\\\/national\\\/des-centaines-de-femmes-manifestent-a-tunis-en-soutien-aux-palestiniennes\\\/210373\\\/#primaryimage\",\"url\":\"https:\\\/\\\/www.webdo.tn\\\/fr\\\/wp-content\\\/uploads\\\/2023\\\/11\\\/50639b97b843c3053926b635d81da20e.jpg\",\"contentUrl\":\"https:\\\/\\\/www.webdo.tn\\\/fr\\\/wp-content\\\/uploads\\\/2023\\\/11\\\/50639b97b843c3053926b635d81da20e.jpg\",\"width\":750,\"height\":400,\"caption\":\"Des centaines de femmes manifestent \u00e0 Tunis en soutien aux Palestiniennes\"},{\"@type\":\"BreadcrumbList\",\"@id\":\"https:\\\/\\\/www.webdo.tn\\\/fr\\\/actualite\\\/national\\\/des-centaines-de-femmes-manifestent-a-tunis-en-soutien-aux-palestiniennes\\\/210373\\\/#breadcrumb\",\"itemListElement\":[{\"@type\":\"ListItem\",\"position\":1,\"name\":\"Accueil\",\"item\":\"https:\\\/\\\/www.webdo.tn\\\/fr\\\/\"},{\"@type\":\"ListItem\",\"position\":2,\"name\":\"Des centaines de femmes manifestent \u00e0 Tunis en soutien aux Palestiniennes\"}]},{\"@type\":\"WebSite\",\"@id\":\"https:\\\/\\\/www.webdo.tn\\\/fr\\\/#website\",\"url\":\"https:\\\/\\\/www.webdo.tn\\\/fr\\\/\",\"name\":\"webdo\",\"description\":\"Tunisie - News en Tunisie et \u00e0 l&#039;international sur Webdo.tn\",\"publisher\":{\"@id\":\"https:\\\/\\\/www.webdo.tn\\\/fr\\\/#organization\"},\"potentialAction\":[{\"@type\":\"SearchAction\",\"target\":{\"@type\":\"EntryPoint\",\"urlTemplate\":\"https:\\\/\\\/www.webdo.tn\\\/fr\\\/?s={search_term_string}\"},\"query-input\":{\"@type\":\"PropertyValueSpecification\",\"valueRequired\":true,\"valueName\":\"search_term_string\"}}],\"inLanguage\":\"fr-FR\"},{\"@type\":\"Organization\",\"@id\":\"https:\\\/\\\/www.webdo.tn\\\/fr\\\/#organization\",\"name\":\"Webdo\",\"alternateName\":\"Webdo.tn\",\"url\":\"https:\\\/\\\/www.webdo.tn\\\/fr\\\/\",\"logo\":{\"@type\":\"ImageObject\",\"inLanguage\":\"fr-FR\",\"@id\":\"https:\\\/\\\/www.webdo.tn\\\/fr\\\/#\\\/schema\\\/logo\\\/image\\\/\",\"url\":\"https:\\\/\\\/www.webdo.tn\\\/fr\\\/wp-content\\\/uploads\\\/2025\\\/06\\\/Webdo-Tunisie_168377.jpg\",\"contentUrl\":\"https:\\\/\\\/www.webdo.tn\\\/fr\\\/wp-content\\\/uploads\\\/2025\\\/06\\\/Webdo-Tunisie_168377.jpg\",\"width\":301,\"height\":301,\"caption\":\"Webdo\"},\"image\":{\"@id\":\"https:\\\/\\\/www.webdo.tn\\\/fr\\\/#\\\/schema\\\/logo\\\/image\\\/\"},\"sameAs\":[\"https:\\\/\\\/www.facebook.com\\\/webdotn\",\"https:\\\/\\\/x.com\\\/webdo_tn\"],\"description\":\"Webdo est un m\u00e9dia num\u00e9rique tunisien fond\u00e9 en 2010, sp\u00e9cialis\u00e9 dans l\u2019actualit\u00e9 nationale et internationale, l\u2019\u00e9conomie, la soci\u00e9t\u00e9 et les analyses politiques. Le site s\u2019adresse \u00e0 un large public francophone et couvre l\u2019information tunisienne en temps r\u00e9el.\",\"email\":\"redac@webdo.tn\",\"legalName\":\"YNJ SARL\",\"foundingDate\":\"2010-09-06\",\"numberOfEmployees\":{\"@type\":\"QuantitativeValue\",\"minValue\":\"11\",\"maxValue\":\"50\"}},{\"@type\":\"Person\",\"@id\":\"https:\\\/\\\/www.webdo.tn\\\/fr\\\/#\\\/schema\\\/person\\\/2c4929cbf5a809e3bd38617c6ce150f6\",\"name\":\"MC\",\"image\":{\"@type\":\"ImageObject\",\"inLanguage\":\"fr-FR\",\"@id\":\"https:\\\/\\\/secure.gravatar.com\\\/avatar\\\/a545bbb6f84efdd5553dbbc2895e3ca8f1d12c5215e00a041c9670b54aa9b18a?s=96&d=mm&r=g\",\"url\":\"https:\\\/\\\/secure.gravatar.com\\\/avatar\\\/a545bbb6f84efdd5553dbbc2895e3ca8f1d12c5215e00a041c9670b54aa9b18a?s=96&d=mm&r=g\",\"contentUrl\":\"https:\\\/\\\/secure.gravatar.com\\\/avatar\\\/a545bbb6f84efdd5553dbbc2895e3ca8f1d12c5215e00a041c9670b54aa9b18a?s=96&d=mm&r=g\",\"caption\":\"MC\"},\"url\":\"https:\\\/\\\/www.webdo.tn\\\/fr\\\/actualite\\\/author\\\/mc\\\/\"}]}<\/script>\n<!-- \/ Yoast SEO Premium plugin. -->","yoast_head_json":{"title":"Des centaines de femmes manifestent \u00e0 Tunis en soutien aux Palestiniennes","description":"Un soutien symbolique au r\u00f4le de la femme palestinienne courageuse qui constitue l'un des symboles de la r\u00e9sistance.","canonical":"https:\/\/www.webdo.tn\/fr\/actualite\/national\/des-centaines-de-femmes-manifestent-a-tunis-en-soutien-aux-palestiniennes\/210373\/","og_locale":"fr_FR","og_type":"article","og_title":"Des centaines de femmes manifestent \u00e0 Tunis en soutien aux Palestiniennes","og_description":"Un soutien symbolique au r\u00f4le de la femme palestinienne courageuse qui constitue l'un des symboles de la r\u00e9sistance.","og_url":"https:\/\/www.webdo.tn\/fr\/actualite\/national\/des-centaines-de-femmes-manifestent-a-tunis-en-soutien-aux-palestiniennes\/210373\/","og_site_name":"webdo","article_publisher":"https:\/\/www.facebook.com\/webdotn","article_published_time":"2023-11-26T10:41:00+00:00","article_modified_time":"2025-05-20T21:55:25+00:00","og_image":[{"width":750,"height":400,"url":"https:\/\/www.webdo.tn\/fr\/wp-content\/uploads\/2023\/11\/50639b97b843c3053926b635d81da20e.jpg","type":"image\/jpeg"}],"author":"MC","twitter_card":"summary_large_image","twitter_creator":"@webdo_tn","twitter_site":"@webdo_tn","twitter_misc":{"\u00c9crit par":"MC","Dur\u00e9e de lecture estim\u00e9e":"1 minute"},"schema":{"@context":"https:\/\/schema.org","@graph":[{"@type":"NewsArticle","@id":"https:\/\/www.webdo.tn\/fr\/actualite\/national\/des-centaines-de-femmes-manifestent-a-tunis-en-soutien-aux-palestiniennes\/210373\/#article","isPartOf":{"@id":"https:\/\/www.webdo.tn\/fr\/actualite\/national\/des-centaines-de-femmes-manifestent-a-tunis-en-soutien-aux-palestiniennes\/210373\/"},"author":{"name":"MC","@id":"https:\/\/www.webdo.tn\/fr\/#\/schema\/person\/2c4929cbf5a809e3bd38617c6ce150f6"},"headline":"Des centaines de femmes manifestent \u00e0 Tunis en soutien aux Palestiniennes","datePublished":"2023-11-26T10:41:00+00:00","dateModified":"2025-05-20T21:55:25+00:00","mainEntityOfPage":{"@id":"https:\/\/www.webdo.tn\/fr\/actualite\/national\/des-centaines-de-femmes-manifestent-a-tunis-en-soutien-aux-palestiniennes\/210373\/"},"wordCount":171,"commentCount":0,"publisher":{"@id":"https:\/\/www.webdo.tn\/fr\/#organization"},"image":{"@id":"https:\/\/www.webdo.tn\/fr\/actualite\/national\/des-centaines-de-femmes-manifestent-a-tunis-en-soutien-aux-palestiniennes\/210373\/#primaryimage"},"thumbnailUrl":"https:\/\/www.webdo.tn\/fr\/wp-content\/uploads\/2023\/11\/50639b97b843c3053926b635d81da20e.jpg","keywords":["femmes","Gaza","Manifestation","Palestine","palestiniennes","Tunis"],"articleSection":["National"],"inLanguage":"fr-FR"},{"@type":"WebPage","@id":"https:\/\/www.webdo.tn\/fr\/actualite\/national\/des-centaines-de-femmes-manifestent-a-tunis-en-soutien-aux-palestiniennes\/210373\/","url":"https:\/\/www.webdo.tn\/fr\/actualite\/national\/des-centaines-de-femmes-manifestent-a-tunis-en-soutien-aux-palestiniennes\/210373\/","name":"Des centaines de femmes manifestent \u00e0 Tunis en soutien aux Palestiniennes","isPartOf":{"@id":"https:\/\/www.webdo.tn\/fr\/#website"},"primaryImageOfPage":{"@id":"https:\/\/www.webdo.tn\/fr\/actualite\/national\/des-centaines-de-femmes-manifestent-a-tunis-en-soutien-aux-palestiniennes\/210373\/#primaryimage"},"image":{"@id":"https:\/\/www.webdo.tn\/fr\/actualite\/national\/des-centaines-de-femmes-manifestent-a-tunis-en-soutien-aux-palestiniennes\/210373\/#primaryimage"},"thumbnailUrl":"https:\/\/www.webdo.tn\/fr\/wp-content\/uploads\/2023\/11\/50639b97b843c3053926b635d81da20e.jpg","datePublished":"2023-11-26T10:41:00+00:00","dateModified":"2025-05-20T21:55:25+00:00","description":"Un soutien symbolique au r\u00f4le de la femme palestinienne courageuse qui constitue l'un des symboles de la r\u00e9sistance.","breadcrumb":{"@id":"https:\/\/www.webdo.tn\/fr\/actualite\/national\/des-centaines-de-femmes-manifestent-a-tunis-en-soutien-aux-palestiniennes\/210373\/#breadcrumb"},"inLanguage":"fr-FR","potentialAction":[{"@type":"ReadAction","target":["https:\/\/www.webdo.tn\/fr\/actualite\/national\/des-centaines-de-femmes-manifestent-a-tunis-en-soutien-aux-palestiniennes\/210373\/"]}]},{"@type":"ImageObject","inLanguage":"fr-FR","@id":"https:\/\/www.webdo.tn\/fr\/actualite\/national\/des-centaines-de-femmes-manifestent-a-tunis-en-soutien-aux-palestiniennes\/210373\/#primaryimage","url":"https:\/\/www.webdo.tn\/fr\/wp-content\/uploads\/2023\/11\/50639b97b843c3053926b635d81da20e.jpg","contentUrl":"https:\/\/www.webdo.tn\/fr\/wp-content\/uploads\/2023\/11\/50639b97b843c3053926b635d81da20e.jpg","width":750,"height":400,"caption":"Des centaines de femmes manifestent \u00e0 Tunis en soutien aux Palestiniennes"},{"@type":"BreadcrumbList","@id":"https:\/\/www.webdo.tn\/fr\/actualite\/national\/des-centaines-de-femmes-manifestent-a-tunis-en-soutien-aux-palestiniennes\/210373\/#breadcrumb","itemListElement":[{"@type":"ListItem","position":1,"name":"Accueil","item":"https:\/\/www.webdo.tn\/fr\/"},{"@type":"ListItem","position":2,"name":"Des centaines de femmes manifestent \u00e0 Tunis en soutien aux Palestiniennes"}]},{"@type":"WebSite","@id":"https:\/\/www.webdo.tn\/fr\/#website","url":"https:\/\/www.webdo.tn\/fr\/","name":"webdo","description":"Tunisie - News en Tunisie et \u00e0 l&#039;international sur Webdo.tn","publisher":{"@id":"https:\/\/www.webdo.tn\/fr\/#organization"},"potentialAction":[{"@type":"SearchAction","target":{"@type":"EntryPoint","urlTemplate":"https:\/\/www.webdo.tn\/fr\/?s={search_term_string}"},"query-input":{"@type":"PropertyValueSpecification","valueRequired":true,"valueName":"search_term_string"}}],"inLanguage":"fr-FR"},{"@type":"Organization","@id":"https:\/\/www.webdo.tn\/fr\/#organization","name":"Webdo","alternateName":"Webdo.tn","url":"https:\/\/www.webdo.tn\/fr\/","logo":{"@type":"ImageObject","inLanguage":"fr-FR","@id":"https:\/\/www.webdo.tn\/fr\/#\/schema\/logo\/image\/","url":"https:\/\/www.webdo.tn\/fr\/wp-content\/uploads\/2025\/06\/Webdo-Tunisie_168377.jpg","contentUrl":"https:\/\/www.webdo.tn\/fr\/wp-content\/uploads\/2025\/06\/Webdo-Tunisie_168377.jpg","width":301,"height":301,"caption":"Webdo"},"image":{"@id":"https:\/\/www.webdo.tn\/fr\/#\/schema\/logo\/image\/"},"sameAs":["https:\/\/www.facebook.com\/webdotn","https:\/\/x.com\/webdo_tn"],"description":"Webdo est un m\u00e9dia num\u00e9rique tunisien fond\u00e9 en 2010, sp\u00e9cialis\u00e9 dans l\u2019actualit\u00e9 nationale et internationale, l\u2019\u00e9conomie, la soci\u00e9t\u00e9 et les analyses politiques. Le site s\u2019adresse \u00e0 un large public francophone et couvre l\u2019information tunisienne en temps r\u00e9el.","email":"redac@webdo.tn","legalName":"YNJ SARL","foundingDate":"2010-09-06","numberOfEmployees":{"@type":"QuantitativeValue","minValue":"11","maxValue":"50"}},{"@type":"Person","@id":"https:\/\/www.webdo.tn\/fr\/#\/schema\/person\/2c4929cbf5a809e3bd38617c6ce150f6","name":"MC","image":{"@type":"ImageObject","inLanguage":"fr-FR","@id":"https:\/\/secure.gravatar.com\/avatar\/a545bbb6f84efdd5553dbbc2895e3ca8f1d12c5215e00a041c9670b54aa9b18a?s=96&d=mm&r=g","url":"https:\/\/secure.gravatar.com\/avatar\/a545bbb6f84efdd5553dbbc2895e3ca8f1d12c5215e00a041c9670b54aa9b18a?s=96&d=mm&r=g","contentUrl":"https:\/\/secure.gravatar.com\/avatar\/a545bbb6f84efdd5553dbbc2895e3ca8f1d12c5215e00a041c9670b54aa9b18a?s=96&d=mm&r=g","caption":"MC"},"url":"https:\/\/www.webdo.tn\/fr\/actualite\/author\/mc\/"}]}},"_links":{"self":[{"href":"https:\/\/www.webdo.tn\/fr\/wp-json\/wp\/v2\/posts\/210373","targetHints":{"allow":["GET"]}}],"collection":[{"href":"https:\/\/www.webdo.tn\/fr\/wp-json\/wp\/v2\/posts"}],"about":[{"href":"https:\/\/www.webdo.tn\/fr\/wp-json\/wp\/v2\/types\/post"}],"author":[{"embeddable":true,"href":"https:\/\/www.webdo.tn\/fr\/wp-json\/wp\/v2\/users\/3162"}],"replies":[{"embeddable":true,"href":"https:\/\/www.webdo.tn\/fr\/wp-json\/wp\/v2\/comments?post=210373"}],"version-history":[{"count":0,"href":"https:\/\/www.webdo.tn\/fr\/wp-json\/wp\/v2\/posts\/210373\/revisions"}],"wp:featuredmedia":[{"embeddable":true,"href":"https:\/\/www.webdo.tn\/fr\/wp-json\/wp\/v2\/media\/248707"}],"wp:attachment":[{"href":"https:\/\/www.webdo.tn\/fr\/wp-json\/wp\/v2\/media?parent=210373"}],"wp:term":[{"taxonomy":"category","embeddable":true,"href":"https:\/\/www.webdo.tn\/fr\/wp-json\/wp\/v2\/categories?post=210373"},{"taxonomy":"post_tag","embeddable":true,"href":"https:\/\/www.webdo.tn\/fr\/wp-json\/wp\/v2\/tags?post=210373"}],"curies":[{"name":"wp","href":"https:\/\/api.w.org\/{rel}","templated":true}]}}