{"id":210371,"date":"2023-11-25T12:18:00","date_gmt":"2023-11-25T12:18:00","guid":{"rendered":"https:\/\/www.webdo.tn\/fr\/blog\/ukraine-kiev-ciblee-par-une-attaque-de-drones-russes-la-plus-massive-depuis-le-debut-de-la-guerre\/210371\/"},"modified":"2025-05-20T21:55:24","modified_gmt":"2025-05-20T21:55:24","slug":"ukraine-kiev-ciblee-par-une-attaque-de-drones-russes-la-plus-massive-depuis-le-debut-de-la-guerre","status":"publish","type":"post","link":"https:\/\/www.webdo.tn\/fr\/actualite\/international\/ukraine-kiev-ciblee-par-une-attaque-de-drones-russes-la-plus-massive-depuis-le-debut-de-la-guerre\/210371\/","title":{"rendered":"Ukraine : Kiev cibl\u00e9e par \u00ab\u00a0une attaque de drones russes la plus massive\u00a0\u00bb depuis le d\u00e9but de la guerre"},"content":{"rendered":"<p>L\u2019arm\u00e9e de l\u2019air ukrainienne et le pr\u00e9sident, Volodymyr Zelensky, ont d\u00e9nonc\u00e9 l\u2019envoi de plus de 75 engins lanc\u00e9s du territoire russe. Il a indiqu\u00e9 que la majorit\u00e9 des drones ont \u00e9t\u00e9 abattus.<\/p>\n<p>\t\t\t\t\t\t\t\t\t\u00ab\u00a0La Russie a lanc\u00e9 75 Shahed sur l\u2019Ukraine pr\u00e9cis\u00e9ment \u00e0 la veille de la journ\u00e9e de comm\u00e9moration du g\u00e9nocide de l\u2019Holodomor. Les dirigeants russes semblent fiers de leur capacit\u00e9 \u00e0 tuer des gens\u00a0\u00bb, a d\u00e9clar\u00e9 le pr\u00e9sident Volodymyr Zelensky sur X, en r\u00e9action aux attaques de drones qui ont touch\u00e9 l\u2019Ukraine durant la nuit, et principalement Kiev.<\/p>\n<p>71 drones d\u00e9truits<\/p>\n<p>Juste avant, l\u2019arm\u00e9e de l\u2019air ukrainienne a d\u00e9clar\u00e9 avoir d\u00e9truit 71 drones de fabrication iranienne sur les 75 lanc\u00e9s depuis la Russie, dont une majorit\u00e9 a cibl\u00e9 Kiev. Le maire de la capitale, Vitali Klitschko a \u00e9galement d\u00e9nonc\u00e9 \u00ab\u00a0l\u2019attaque de drones la plus massive sur Kiev\u00a0\u00bb, et annonc\u00e9 qu\u2019au moins cinq personnes avaient \u00e9t\u00e9 bless\u00e9es.<\/p>\n<p>Selon l\u2019arm\u00e9e de l\u2019air ukrainienne, samedi matin sur T\u00e9l\u00e9gram, \u00ab\u00a0la d\u00e9fense antia\u00e9rienne a fonctionn\u00e9 dans au moins six r\u00e9gions d\u2019Ukraine : Kiev, Soumy, Dnipropetrovsk, Zaporijia, Mykola\u00efv et Kirovohrad\u00a0\u00bb, confirmant avoir d\u00e9truit 71 drones.<\/p>\n<p>En outre, \u00ab\u00a0\u00e0 la suite de la chute de d\u00e9bris de drones\u00a0\u00bb, un incendie s\u2019est d\u00e9clar\u00e9 dans le district de Solomyansk, ainsi que dans les districts de Petchersk et de Podilsk, o\u00f9 les drones neutralis\u00e9s se sont \u00e9cras\u00e9s cette fois dans des \u00ab\u00a0zones d\u00e9gag\u00e9es\u00a0\u00bb.<\/p>\n<p>Des dizaines d\u2019immeubles et b\u00e2timents ont \u00e9t\u00e9 priv\u00e9s de courant \u00e0 Kiev \u00e0 la suite de l\u2019attaque massive de drones dont elle a \u00e9t\u00e9 la cible. Au total, 77 immeubles r\u00e9sidentiels et 120 b\u00e2timents dans la partie centrale de la ville sont priv\u00e9s d\u2019\u00e9lectricit\u00e9 nous ont confirm\u00e9 nos sources pr\u00e9sentes \u00e0 Kiev.<\/p>\n<p>Recrudescence d\u2019attaques russes, attendue !<\/p>\n<p>Les Ukrainiens savaient que la Russie pouvait frapper \u00e0 n\u2019importe quel moment. Samedi 11 novembre 2023, les Ki\u00e9viens avaient renou\u00e9 avec la guerre apr\u00e8s deux mois de calme lorsque les sir\u00e8nes ont brusquement retenti, apr\u00e8s deux mois de calme suite \u00e0 l\u2019explosion de deux missiles russes d\u00e9truits pr\u00e8s de l\u2019a\u00e9roport par le syst\u00e8me de d\u00e9fense a\u00e9rien Patriot.<\/p>\n<p>L\u2019administration militaire de Kiev avait d\u2019ailleurs confirm\u00e9 \u00ab\u00a0qu\u2019il \u00e9tait tr\u00e8s probable que l\u2019ennemi teste le syst\u00e8me de d\u00e9fense de Kiev\u00a0\u00bb dans l\u2019optique d\u2019une recrudescence d\u2019attaques de ce genre cet hiver, apr\u00e8s les frappes de l\u2019hiver dernier qui avaient vis\u00e9 le r\u00e9seau \u00e9nerg\u00e9tique ukrainien.<\/p>\n","protected":false},"excerpt":{"rendered":"<p>La Russie a lanc\u00e9 75 Shahed sur l\u2019Ukraine \u00e0 la veille de la journ\u00e9e de comm\u00e9moration du g\u00e9nocide de l\u2019Holodomor.<\/p>\n","protected":false},"author":3162,"featured_media":248706,"comment_status":"open","ping_status":"closed","sticky":false,"template":"","format":"standard","meta":{"footnotes":""},"categories":[2598],"tags":[3918,7503,2600,7504,3299,3295],"class_list":["post-210371","post","type-post","status-publish","format-standard","has-post-thumbnail","hentry","category-international","tag-attaque","tag-drones","tag-guerre","tag-kiev","tag-russie","tag-ukraine"],"yoast_head":"<!-- This site is optimized with the Yoast SEO Premium plugin v27.5 (Yoast SEO v27.5) - https:\/\/yoast.com\/product\/yoast-seo-premium-wordpress\/ -->\n<title>Ukraine : Kiev cibl\u00e9e par une attaque de drones russes la plus massive depuis le d\u00e9but de la guerre<\/title>\n<meta name=\"description\" content=\"La Russie a lanc\u00e9 75 Shahed sur l\u2019Ukraine \u00e0 la veille de la journ\u00e9e de comm\u00e9moration du g\u00e9nocide de l\u2019Holodomor.\" \/>\n<link rel=\"canonical\" href=\"https:\/\/www.webdo.tn\/fr\/actualite\/international\/ukraine-kiev-ciblee-par-une-attaque-de-drones-russes-la-plus-massive-depuis-le-debut-de-la-guerre\/210371\/\" \/>\n<meta property=\"og:locale\" content=\"fr_FR\" \/>\n<meta property=\"og:type\" content=\"article\" \/>\n<meta property=\"og:title\" content=\"Ukraine : Kiev cibl\u00e9e par &quot;une attaque de drones russes la plus massive&quot; depuis le d\u00e9but de la guerre\" \/>\n<meta property=\"og:description\" content=\"La Russie a lanc\u00e9 75 Shahed sur l\u2019Ukraine \u00e0 la veille de la journ\u00e9e de comm\u00e9moration du g\u00e9nocide de l\u2019Holodomor.\" \/>\n<meta property=\"og:url\" content=\"https:\/\/www.webdo.tn\/fr\/actualite\/international\/ukraine-kiev-ciblee-par-une-attaque-de-drones-russes-la-plus-massive-depuis-le-debut-de-la-guerre\/210371\/\" \/>\n<meta property=\"og:site_name\" content=\"webdo\" \/>\n<meta property=\"article:publisher\" content=\"https:\/\/www.facebook.com\/webdotn\" \/>\n<meta property=\"article:published_time\" content=\"2023-11-25T12:18:00+00:00\" \/>\n<meta property=\"article:modified_time\" content=\"2025-05-20T21:55:24+00:00\" \/>\n<meta property=\"og:image\" content=\"https:\/\/www.webdo.tn\/fr\/wp-content\/uploads\/2023\/11\/ef71ff57309f822a2837361ff4df2998.jpg\" \/>\n\t<meta property=\"og:image:width\" content=\"750\" \/>\n\t<meta property=\"og:image:height\" content=\"400\" \/>\n\t<meta property=\"og:image:type\" content=\"image\/jpeg\" \/>\n<meta name=\"author\" content=\"MC\" \/>\n<meta name=\"twitter:card\" content=\"summary_large_image\" \/>\n<meta name=\"twitter:creator\" content=\"@webdo_tn\" \/>\n<meta name=\"twitter:site\" content=\"@webdo_tn\" \/>\n<meta name=\"twitter:label1\" content=\"\u00c9crit par\" \/>\n\t<meta name=\"twitter:data1\" content=\"MC\" \/>\n\t<meta name=\"twitter:label2\" content=\"Dur\u00e9e de lecture estim\u00e9e\" \/>\n\t<meta name=\"twitter:data2\" content=\"2 minutes\" \/>\n<script type=\"application\/ld+json\" class=\"yoast-schema-graph\">{\"@context\":\"https:\\\/\\\/schema.org\",\"@graph\":[{\"@type\":\"NewsArticle\",\"@id\":\"https:\\\/\\\/www.webdo.tn\\\/fr\\\/actualite\\\/international\\\/ukraine-kiev-ciblee-par-une-attaque-de-drones-russes-la-plus-massive-depuis-le-debut-de-la-guerre\\\/210371\\\/#article\",\"isPartOf\":{\"@id\":\"https:\\\/\\\/www.webdo.tn\\\/fr\\\/actualite\\\/international\\\/ukraine-kiev-ciblee-par-une-attaque-de-drones-russes-la-plus-massive-depuis-le-debut-de-la-guerre\\\/210371\\\/\"},\"author\":{\"name\":\"MC\",\"@id\":\"https:\\\/\\\/www.webdo.tn\\\/fr\\\/#\\\/schema\\\/person\\\/2c4929cbf5a809e3bd38617c6ce150f6\"},\"headline\":\"Ukraine : Kiev cibl\u00e9e par \u00ab\u00a0une attaque de drones russes la plus massive\u00a0\u00bb depuis le d\u00e9but de la guerre\",\"datePublished\":\"2023-11-25T12:18:00+00:00\",\"dateModified\":\"2025-05-20T21:55:24+00:00\",\"mainEntityOfPage\":{\"@id\":\"https:\\\/\\\/www.webdo.tn\\\/fr\\\/actualite\\\/international\\\/ukraine-kiev-ciblee-par-une-attaque-de-drones-russes-la-plus-massive-depuis-le-debut-de-la-guerre\\\/210371\\\/\"},\"wordCount\":465,\"commentCount\":0,\"publisher\":{\"@id\":\"https:\\\/\\\/www.webdo.tn\\\/fr\\\/#organization\"},\"image\":{\"@id\":\"https:\\\/\\\/www.webdo.tn\\\/fr\\\/actualite\\\/international\\\/ukraine-kiev-ciblee-par-une-attaque-de-drones-russes-la-plus-massive-depuis-le-debut-de-la-guerre\\\/210371\\\/#primaryimage\"},\"thumbnailUrl\":\"https:\\\/\\\/www.webdo.tn\\\/fr\\\/wp-content\\\/uploads\\\/2023\\\/11\\\/ef71ff57309f822a2837361ff4df2998.jpg\",\"keywords\":[\"attaque\",\"Drones\",\"guerre\",\"kiev\",\"Russie\",\"Ukraine\"],\"articleSection\":[\"International\"],\"inLanguage\":\"fr-FR\"},{\"@type\":\"WebPage\",\"@id\":\"https:\\\/\\\/www.webdo.tn\\\/fr\\\/actualite\\\/international\\\/ukraine-kiev-ciblee-par-une-attaque-de-drones-russes-la-plus-massive-depuis-le-debut-de-la-guerre\\\/210371\\\/\",\"url\":\"https:\\\/\\\/www.webdo.tn\\\/fr\\\/actualite\\\/international\\\/ukraine-kiev-ciblee-par-une-attaque-de-drones-russes-la-plus-massive-depuis-le-debut-de-la-guerre\\\/210371\\\/\",\"name\":\"Ukraine : Kiev cibl\u00e9e par une attaque de drones russes la plus massive depuis le d\u00e9but de la guerre\",\"isPartOf\":{\"@id\":\"https:\\\/\\\/www.webdo.tn\\\/fr\\\/#website\"},\"primaryImageOfPage\":{\"@id\":\"https:\\\/\\\/www.webdo.tn\\\/fr\\\/actualite\\\/international\\\/ukraine-kiev-ciblee-par-une-attaque-de-drones-russes-la-plus-massive-depuis-le-debut-de-la-guerre\\\/210371\\\/#primaryimage\"},\"image\":{\"@id\":\"https:\\\/\\\/www.webdo.tn\\\/fr\\\/actualite\\\/international\\\/ukraine-kiev-ciblee-par-une-attaque-de-drones-russes-la-plus-massive-depuis-le-debut-de-la-guerre\\\/210371\\\/#primaryimage\"},\"thumbnailUrl\":\"https:\\\/\\\/www.webdo.tn\\\/fr\\\/wp-content\\\/uploads\\\/2023\\\/11\\\/ef71ff57309f822a2837361ff4df2998.jpg\",\"datePublished\":\"2023-11-25T12:18:00+00:00\",\"dateModified\":\"2025-05-20T21:55:24+00:00\",\"description\":\"La Russie a lanc\u00e9 75 Shahed sur l\u2019Ukraine \u00e0 la veille de la journ\u00e9e de comm\u00e9moration du g\u00e9nocide de l\u2019Holodomor.\",\"breadcrumb\":{\"@id\":\"https:\\\/\\\/www.webdo.tn\\\/fr\\\/actualite\\\/international\\\/ukraine-kiev-ciblee-par-une-attaque-de-drones-russes-la-plus-massive-depuis-le-debut-de-la-guerre\\\/210371\\\/#breadcrumb\"},\"inLanguage\":\"fr-FR\",\"potentialAction\":[{\"@type\":\"ReadAction\",\"target\":[\"https:\\\/\\\/www.webdo.tn\\\/fr\\\/actualite\\\/international\\\/ukraine-kiev-ciblee-par-une-attaque-de-drones-russes-la-plus-massive-depuis-le-debut-de-la-guerre\\\/210371\\\/\"]}]},{\"@type\":\"ImageObject\",\"inLanguage\":\"fr-FR\",\"@id\":\"https:\\\/\\\/www.webdo.tn\\\/fr\\\/actualite\\\/international\\\/ukraine-kiev-ciblee-par-une-attaque-de-drones-russes-la-plus-massive-depuis-le-debut-de-la-guerre\\\/210371\\\/#primaryimage\",\"url\":\"https:\\\/\\\/www.webdo.tn\\\/fr\\\/wp-content\\\/uploads\\\/2023\\\/11\\\/ef71ff57309f822a2837361ff4df2998.jpg\",\"contentUrl\":\"https:\\\/\\\/www.webdo.tn\\\/fr\\\/wp-content\\\/uploads\\\/2023\\\/11\\\/ef71ff57309f822a2837361ff4df2998.jpg\",\"width\":750,\"height\":400,\"caption\":\"Ukraine : Kiev cibl\u00e9e par \\\"une attaque de drones russes la plus massive\\\" depuis le d\u00e9but de la guerre\"},{\"@type\":\"BreadcrumbList\",\"@id\":\"https:\\\/\\\/www.webdo.tn\\\/fr\\\/actualite\\\/international\\\/ukraine-kiev-ciblee-par-une-attaque-de-drones-russes-la-plus-massive-depuis-le-debut-de-la-guerre\\\/210371\\\/#breadcrumb\",\"itemListElement\":[{\"@type\":\"ListItem\",\"position\":1,\"name\":\"Accueil\",\"item\":\"https:\\\/\\\/www.webdo.tn\\\/fr\\\/\"},{\"@type\":\"ListItem\",\"position\":2,\"name\":\"Ukraine : Kiev cibl\u00e9e par \u00ab\u00a0une attaque de drones russes la plus massive\u00a0\u00bb depuis le d\u00e9but de la guerre\"}]},{\"@type\":\"WebSite\",\"@id\":\"https:\\\/\\\/www.webdo.tn\\\/fr\\\/#website\",\"url\":\"https:\\\/\\\/www.webdo.tn\\\/fr\\\/\",\"name\":\"webdo\",\"description\":\"Tunisie - News en Tunisie et \u00e0 l&#039;international sur Webdo.tn\",\"publisher\":{\"@id\":\"https:\\\/\\\/www.webdo.tn\\\/fr\\\/#organization\"},\"potentialAction\":[{\"@type\":\"SearchAction\",\"target\":{\"@type\":\"EntryPoint\",\"urlTemplate\":\"https:\\\/\\\/www.webdo.tn\\\/fr\\\/?s={search_term_string}\"},\"query-input\":{\"@type\":\"PropertyValueSpecification\",\"valueRequired\":true,\"valueName\":\"search_term_string\"}}],\"inLanguage\":\"fr-FR\"},{\"@type\":\"Organization\",\"@id\":\"https:\\\/\\\/www.webdo.tn\\\/fr\\\/#organization\",\"name\":\"Webdo\",\"alternateName\":\"Webdo.tn\",\"url\":\"https:\\\/\\\/www.webdo.tn\\\/fr\\\/\",\"logo\":{\"@type\":\"ImageObject\",\"inLanguage\":\"fr-FR\",\"@id\":\"https:\\\/\\\/www.webdo.tn\\\/fr\\\/#\\\/schema\\\/logo\\\/image\\\/\",\"url\":\"https:\\\/\\\/www.webdo.tn\\\/fr\\\/wp-content\\\/uploads\\\/2025\\\/06\\\/Webdo-Tunisie_168377.jpg\",\"contentUrl\":\"https:\\\/\\\/www.webdo.tn\\\/fr\\\/wp-content\\\/uploads\\\/2025\\\/06\\\/Webdo-Tunisie_168377.jpg\",\"width\":301,\"height\":301,\"caption\":\"Webdo\"},\"image\":{\"@id\":\"https:\\\/\\\/www.webdo.tn\\\/fr\\\/#\\\/schema\\\/logo\\\/image\\\/\"},\"sameAs\":[\"https:\\\/\\\/www.facebook.com\\\/webdotn\",\"https:\\\/\\\/x.com\\\/webdo_tn\"],\"description\":\"Webdo est un m\u00e9dia num\u00e9rique tunisien fond\u00e9 en 2010, sp\u00e9cialis\u00e9 dans l\u2019actualit\u00e9 nationale et internationale, l\u2019\u00e9conomie, la soci\u00e9t\u00e9 et les analyses politiques. Le site s\u2019adresse \u00e0 un large public francophone et couvre l\u2019information tunisienne en temps r\u00e9el.\",\"email\":\"redac@webdo.tn\",\"legalName\":\"YNJ SARL\",\"foundingDate\":\"2010-09-06\",\"numberOfEmployees\":{\"@type\":\"QuantitativeValue\",\"minValue\":\"11\",\"maxValue\":\"50\"}},{\"@type\":\"Person\",\"@id\":\"https:\\\/\\\/www.webdo.tn\\\/fr\\\/#\\\/schema\\\/person\\\/2c4929cbf5a809e3bd38617c6ce150f6\",\"name\":\"MC\",\"image\":{\"@type\":\"ImageObject\",\"inLanguage\":\"fr-FR\",\"@id\":\"https:\\\/\\\/secure.gravatar.com\\\/avatar\\\/a545bbb6f84efdd5553dbbc2895e3ca8f1d12c5215e00a041c9670b54aa9b18a?s=96&d=mm&r=g\",\"url\":\"https:\\\/\\\/secure.gravatar.com\\\/avatar\\\/a545bbb6f84efdd5553dbbc2895e3ca8f1d12c5215e00a041c9670b54aa9b18a?s=96&d=mm&r=g\",\"contentUrl\":\"https:\\\/\\\/secure.gravatar.com\\\/avatar\\\/a545bbb6f84efdd5553dbbc2895e3ca8f1d12c5215e00a041c9670b54aa9b18a?s=96&d=mm&r=g\",\"caption\":\"MC\"},\"url\":\"https:\\\/\\\/www.webdo.tn\\\/fr\\\/actualite\\\/author\\\/mc\\\/\"}]}<\/script>\n<!-- \/ Yoast SEO Premium plugin. -->","yoast_head_json":{"title":"Ukraine : Kiev cibl\u00e9e par une attaque de drones russes la plus massive depuis le d\u00e9but de la guerre","description":"La Russie a lanc\u00e9 75 Shahed sur l\u2019Ukraine \u00e0 la veille de la journ\u00e9e de comm\u00e9moration du g\u00e9nocide de l\u2019Holodomor.","canonical":"https:\/\/www.webdo.tn\/fr\/actualite\/international\/ukraine-kiev-ciblee-par-une-attaque-de-drones-russes-la-plus-massive-depuis-le-debut-de-la-guerre\/210371\/","og_locale":"fr_FR","og_type":"article","og_title":"Ukraine : Kiev cibl\u00e9e par \"une attaque de drones russes la plus massive\" depuis le d\u00e9but de la guerre","og_description":"La Russie a lanc\u00e9 75 Shahed sur l\u2019Ukraine \u00e0 la veille de la journ\u00e9e de comm\u00e9moration du g\u00e9nocide de l\u2019Holodomor.","og_url":"https:\/\/www.webdo.tn\/fr\/actualite\/international\/ukraine-kiev-ciblee-par-une-attaque-de-drones-russes-la-plus-massive-depuis-le-debut-de-la-guerre\/210371\/","og_site_name":"webdo","article_publisher":"https:\/\/www.facebook.com\/webdotn","article_published_time":"2023-11-25T12:18:00+00:00","article_modified_time":"2025-05-20T21:55:24+00:00","og_image":[{"width":750,"height":400,"url":"https:\/\/www.webdo.tn\/fr\/wp-content\/uploads\/2023\/11\/ef71ff57309f822a2837361ff4df2998.jpg","type":"image\/jpeg"}],"author":"MC","twitter_card":"summary_large_image","twitter_creator":"@webdo_tn","twitter_site":"@webdo_tn","twitter_misc":{"\u00c9crit par":"MC","Dur\u00e9e de lecture estim\u00e9e":"2 minutes"},"schema":{"@context":"https:\/\/schema.org","@graph":[{"@type":"NewsArticle","@id":"https:\/\/www.webdo.tn\/fr\/actualite\/international\/ukraine-kiev-ciblee-par-une-attaque-de-drones-russes-la-plus-massive-depuis-le-debut-de-la-guerre\/210371\/#article","isPartOf":{"@id":"https:\/\/www.webdo.tn\/fr\/actualite\/international\/ukraine-kiev-ciblee-par-une-attaque-de-drones-russes-la-plus-massive-depuis-le-debut-de-la-guerre\/210371\/"},"author":{"name":"MC","@id":"https:\/\/www.webdo.tn\/fr\/#\/schema\/person\/2c4929cbf5a809e3bd38617c6ce150f6"},"headline":"Ukraine : Kiev cibl\u00e9e par \u00ab\u00a0une attaque de drones russes la plus massive\u00a0\u00bb depuis le d\u00e9but de la guerre","datePublished":"2023-11-25T12:18:00+00:00","dateModified":"2025-05-20T21:55:24+00:00","mainEntityOfPage":{"@id":"https:\/\/www.webdo.tn\/fr\/actualite\/international\/ukraine-kiev-ciblee-par-une-attaque-de-drones-russes-la-plus-massive-depuis-le-debut-de-la-guerre\/210371\/"},"wordCount":465,"commentCount":0,"publisher":{"@id":"https:\/\/www.webdo.tn\/fr\/#organization"},"image":{"@id":"https:\/\/www.webdo.tn\/fr\/actualite\/international\/ukraine-kiev-ciblee-par-une-attaque-de-drones-russes-la-plus-massive-depuis-le-debut-de-la-guerre\/210371\/#primaryimage"},"thumbnailUrl":"https:\/\/www.webdo.tn\/fr\/wp-content\/uploads\/2023\/11\/ef71ff57309f822a2837361ff4df2998.jpg","keywords":["attaque","Drones","guerre","kiev","Russie","Ukraine"],"articleSection":["International"],"inLanguage":"fr-FR"},{"@type":"WebPage","@id":"https:\/\/www.webdo.tn\/fr\/actualite\/international\/ukraine-kiev-ciblee-par-une-attaque-de-drones-russes-la-plus-massive-depuis-le-debut-de-la-guerre\/210371\/","url":"https:\/\/www.webdo.tn\/fr\/actualite\/international\/ukraine-kiev-ciblee-par-une-attaque-de-drones-russes-la-plus-massive-depuis-le-debut-de-la-guerre\/210371\/","name":"Ukraine : Kiev cibl\u00e9e par une attaque de drones russes la plus massive depuis le d\u00e9but de la guerre","isPartOf":{"@id":"https:\/\/www.webdo.tn\/fr\/#website"},"primaryImageOfPage":{"@id":"https:\/\/www.webdo.tn\/fr\/actualite\/international\/ukraine-kiev-ciblee-par-une-attaque-de-drones-russes-la-plus-massive-depuis-le-debut-de-la-guerre\/210371\/#primaryimage"},"image":{"@id":"https:\/\/www.webdo.tn\/fr\/actualite\/international\/ukraine-kiev-ciblee-par-une-attaque-de-drones-russes-la-plus-massive-depuis-le-debut-de-la-guerre\/210371\/#primaryimage"},"thumbnailUrl":"https:\/\/www.webdo.tn\/fr\/wp-content\/uploads\/2023\/11\/ef71ff57309f822a2837361ff4df2998.jpg","datePublished":"2023-11-25T12:18:00+00:00","dateModified":"2025-05-20T21:55:24+00:00","description":"La Russie a lanc\u00e9 75 Shahed sur l\u2019Ukraine \u00e0 la veille de la journ\u00e9e de comm\u00e9moration du g\u00e9nocide de l\u2019Holodomor.","breadcrumb":{"@id":"https:\/\/www.webdo.tn\/fr\/actualite\/international\/ukraine-kiev-ciblee-par-une-attaque-de-drones-russes-la-plus-massive-depuis-le-debut-de-la-guerre\/210371\/#breadcrumb"},"inLanguage":"fr-FR","potentialAction":[{"@type":"ReadAction","target":["https:\/\/www.webdo.tn\/fr\/actualite\/international\/ukraine-kiev-ciblee-par-une-attaque-de-drones-russes-la-plus-massive-depuis-le-debut-de-la-guerre\/210371\/"]}]},{"@type":"ImageObject","inLanguage":"fr-FR","@id":"https:\/\/www.webdo.tn\/fr\/actualite\/international\/ukraine-kiev-ciblee-par-une-attaque-de-drones-russes-la-plus-massive-depuis-le-debut-de-la-guerre\/210371\/#primaryimage","url":"https:\/\/www.webdo.tn\/fr\/wp-content\/uploads\/2023\/11\/ef71ff57309f822a2837361ff4df2998.jpg","contentUrl":"https:\/\/www.webdo.tn\/fr\/wp-content\/uploads\/2023\/11\/ef71ff57309f822a2837361ff4df2998.jpg","width":750,"height":400,"caption":"Ukraine : Kiev cibl\u00e9e par \"une attaque de drones russes la plus massive\" depuis le d\u00e9but de la guerre"},{"@type":"BreadcrumbList","@id":"https:\/\/www.webdo.tn\/fr\/actualite\/international\/ukraine-kiev-ciblee-par-une-attaque-de-drones-russes-la-plus-massive-depuis-le-debut-de-la-guerre\/210371\/#breadcrumb","itemListElement":[{"@type":"ListItem","position":1,"name":"Accueil","item":"https:\/\/www.webdo.tn\/fr\/"},{"@type":"ListItem","position":2,"name":"Ukraine : Kiev cibl\u00e9e par \u00ab\u00a0une attaque de drones russes la plus massive\u00a0\u00bb depuis le d\u00e9but de la guerre"}]},{"@type":"WebSite","@id":"https:\/\/www.webdo.tn\/fr\/#website","url":"https:\/\/www.webdo.tn\/fr\/","name":"webdo","description":"Tunisie - News en Tunisie et \u00e0 l&#039;international sur Webdo.tn","publisher":{"@id":"https:\/\/www.webdo.tn\/fr\/#organization"},"potentialAction":[{"@type":"SearchAction","target":{"@type":"EntryPoint","urlTemplate":"https:\/\/www.webdo.tn\/fr\/?s={search_term_string}"},"query-input":{"@type":"PropertyValueSpecification","valueRequired":true,"valueName":"search_term_string"}}],"inLanguage":"fr-FR"},{"@type":"Organization","@id":"https:\/\/www.webdo.tn\/fr\/#organization","name":"Webdo","alternateName":"Webdo.tn","url":"https:\/\/www.webdo.tn\/fr\/","logo":{"@type":"ImageObject","inLanguage":"fr-FR","@id":"https:\/\/www.webdo.tn\/fr\/#\/schema\/logo\/image\/","url":"https:\/\/www.webdo.tn\/fr\/wp-content\/uploads\/2025\/06\/Webdo-Tunisie_168377.jpg","contentUrl":"https:\/\/www.webdo.tn\/fr\/wp-content\/uploads\/2025\/06\/Webdo-Tunisie_168377.jpg","width":301,"height":301,"caption":"Webdo"},"image":{"@id":"https:\/\/www.webdo.tn\/fr\/#\/schema\/logo\/image\/"},"sameAs":["https:\/\/www.facebook.com\/webdotn","https:\/\/x.com\/webdo_tn"],"description":"Webdo est un m\u00e9dia num\u00e9rique tunisien fond\u00e9 en 2010, sp\u00e9cialis\u00e9 dans l\u2019actualit\u00e9 nationale et internationale, l\u2019\u00e9conomie, la soci\u00e9t\u00e9 et les analyses politiques. Le site s\u2019adresse \u00e0 un large public francophone et couvre l\u2019information tunisienne en temps r\u00e9el.","email":"redac@webdo.tn","legalName":"YNJ SARL","foundingDate":"2010-09-06","numberOfEmployees":{"@type":"QuantitativeValue","minValue":"11","maxValue":"50"}},{"@type":"Person","@id":"https:\/\/www.webdo.tn\/fr\/#\/schema\/person\/2c4929cbf5a809e3bd38617c6ce150f6","name":"MC","image":{"@type":"ImageObject","inLanguage":"fr-FR","@id":"https:\/\/secure.gravatar.com\/avatar\/a545bbb6f84efdd5553dbbc2895e3ca8f1d12c5215e00a041c9670b54aa9b18a?s=96&d=mm&r=g","url":"https:\/\/secure.gravatar.com\/avatar\/a545bbb6f84efdd5553dbbc2895e3ca8f1d12c5215e00a041c9670b54aa9b18a?s=96&d=mm&r=g","contentUrl":"https:\/\/secure.gravatar.com\/avatar\/a545bbb6f84efdd5553dbbc2895e3ca8f1d12c5215e00a041c9670b54aa9b18a?s=96&d=mm&r=g","caption":"MC"},"url":"https:\/\/www.webdo.tn\/fr\/actualite\/author\/mc\/"}]}},"_links":{"self":[{"href":"https:\/\/www.webdo.tn\/fr\/wp-json\/wp\/v2\/posts\/210371","targetHints":{"allow":["GET"]}}],"collection":[{"href":"https:\/\/www.webdo.tn\/fr\/wp-json\/wp\/v2\/posts"}],"about":[{"href":"https:\/\/www.webdo.tn\/fr\/wp-json\/wp\/v2\/types\/post"}],"author":[{"embeddable":true,"href":"https:\/\/www.webdo.tn\/fr\/wp-json\/wp\/v2\/users\/3162"}],"replies":[{"embeddable":true,"href":"https:\/\/www.webdo.tn\/fr\/wp-json\/wp\/v2\/comments?post=210371"}],"version-history":[{"count":0,"href":"https:\/\/www.webdo.tn\/fr\/wp-json\/wp\/v2\/posts\/210371\/revisions"}],"wp:featuredmedia":[{"embeddable":true,"href":"https:\/\/www.webdo.tn\/fr\/wp-json\/wp\/v2\/media\/248706"}],"wp:attachment":[{"href":"https:\/\/www.webdo.tn\/fr\/wp-json\/wp\/v2\/media?parent=210371"}],"wp:term":[{"taxonomy":"category","embeddable":true,"href":"https:\/\/www.webdo.tn\/fr\/wp-json\/wp\/v2\/categories?post=210371"},{"taxonomy":"post_tag","embeddable":true,"href":"https:\/\/www.webdo.tn\/fr\/wp-json\/wp\/v2\/tags?post=210371"}],"curies":[{"name":"wp","href":"https:\/\/api.w.org\/{rel}","templated":true}]}}