{"id":210370,"date":"2023-11-25T11:33:00","date_gmt":"2023-11-25T11:33:00","guid":{"rendered":"https:\/\/www.webdo.tn\/fr\/blog\/un-navire-israelien-attaque-par-un-drone-de-fabrication-iranienne\/210370\/"},"modified":"2025-05-20T21:55:23","modified_gmt":"2025-05-20T21:55:23","slug":"un-navire-israelien-attaque-par-un-drone-de-fabrication-iranienne","status":"publish","type":"post","link":"https:\/\/www.webdo.tn\/fr\/actualite\/international\/un-navire-israelien-attaque-par-un-drone-de-fabrication-iranienne\/210370\/","title":{"rendered":"Un cargo isra\u00e9lien attaqu\u00e9 par un drone de fabrication iranienne"},"content":{"rendered":"<p>Il s\u2019agit du deuxi\u00e8me incident ciblant des navires isra\u00e9liens en repr\u00e9sailles \u00e0 la guerre men\u00e9e par Isra\u00ebl contre le Hamas dans la bande de Gaza.<\/p>\n<p>\t\t\t\t\t\t\t\t\tUn navire appartenant \u00e0 un Isra\u00e9lien, le cargo CMA CGM Symi, a \u00e9t\u00e9 attaqu\u00e9 vendredi 24 novembre 2023 par un drone de fabrication iranienne dans l&rsquo;oc\u00e9an Indien, a confirm\u00e9, aujourd\u2019hui samedi 25 novembre, un responsable militaire am\u00e9ricain.<\/p>\n<p>\u00ab\u00a0Nous sommes au courant d&rsquo;informations selon lesquelles un drone de type \u00ab\u00a0Shahad-136&Prime; a atteint un navire dans l&rsquo;oc\u00e9an Indien\u00a0\u00bb, a d\u00e9clar\u00e9 ce responsable \u00e0 l&rsquo;agence de presse Associated Press, ajoutant que le bateau a subi des d\u00e9g\u00e2ts mais qu&rsquo;il n&rsquo;y a pas eu de bless\u00e9s \u00e0 bord.<\/p>\n<p>Ce navire est l&rsquo;un des plus grands porte-conteneurs au monde. Pour l&rsquo;heure, aucune r\u00e9ponse officielle n&rsquo;a \u00e9t\u00e9 re\u00e7ue de la part de la soci\u00e9t\u00e9 qui l&rsquo;exploite, bas\u00e9e dans la ville de Marseille.<\/p>\n<p>Il s\u2019agit du deuxi\u00e8me incident ciblant des navires isra\u00e9liens en repr\u00e9sailles \u00e0 la guerre men\u00e9e par Isra\u00ebl contre le Hamas dans la bande de Gaza.<\/p>\n<p>Dimanche dernier des Houthis ont pris d\u2019assaut en Mer Rouge un cargo appartenant \u00e0 un Isra\u00e9lien et battant le pavillon des Bahamas, \u00e0 bord duquel se trouvaient 25 membres d\u2019\u00e9quipage, mettant leur menace \u00e0 ex\u00e9cution de prendre pour cible des navires isra\u00e9liens dans cette mer strat\u00e9gique.<\/p>\n","protected":false},"excerpt":{"rendered":"<p> Nous sommes au courant d&rsquo;informations selon lesquelles un drone de type  Shahad-136  a atteint un navire dans l&rsquo;oc\u00e9an Indien .<\/p>\n","protected":false},"author":3162,"featured_media":248704,"comment_status":"open","ping_status":"closed","sticky":false,"template":"","format":"standard","meta":{"footnotes":""},"categories":[2598],"tags":[7502,7501,2636],"class_list":["post-210370","post","type-post","status-publish","format-standard","has-post-thumbnail","hentry","category-international","tag-cargo","tag-drone","tag-israel"],"yoast_head":"<!-- This site is optimized with the Yoast SEO Premium plugin v27.5 (Yoast SEO v27.5) - https:\/\/yoast.com\/product\/yoast-seo-premium-wordpress\/ -->\n<title>Un cargo isra\u00e9lien attaqu\u00e9 par un drone de fabrication iranienne<\/title>\n<meta name=\"description\" content=\"Nous sommes au courant d&#039;informations selon lesquelles un drone de type Shahad-136 a atteint un navire dans l&#039;oc\u00e9an Indien .\" \/>\n<link rel=\"canonical\" href=\"https:\/\/www.webdo.tn\/fr\/actualite\/international\/un-navire-israelien-attaque-par-un-drone-de-fabrication-iranienne\/210370\/\" \/>\n<meta property=\"og:locale\" content=\"fr_FR\" \/>\n<meta property=\"og:type\" content=\"article\" \/>\n<meta property=\"og:title\" content=\"Un cargo isra\u00e9lien attaqu\u00e9 par un drone de fabrication iranienne\" \/>\n<meta property=\"og:description\" content=\"Nous sommes au courant d&#039;informations selon lesquelles un drone de type Shahad-136 a atteint un navire dans l&#039;oc\u00e9an Indien .\" \/>\n<meta property=\"og:url\" content=\"https:\/\/www.webdo.tn\/fr\/actualite\/international\/un-navire-israelien-attaque-par-un-drone-de-fabrication-iranienne\/210370\/\" \/>\n<meta property=\"og:site_name\" content=\"webdo\" \/>\n<meta property=\"article:publisher\" content=\"https:\/\/www.facebook.com\/webdotn\" \/>\n<meta property=\"article:published_time\" content=\"2023-11-25T11:33:00+00:00\" \/>\n<meta property=\"article:modified_time\" content=\"2025-05-20T21:55:23+00:00\" \/>\n<meta property=\"og:image\" content=\"https:\/\/www.webdo.tn\/fr\/wp-content\/uploads\/2023\/11\/e41ab695945bb9dc6be3785f23031fc1.jpg\" \/>\n\t<meta property=\"og:image:width\" content=\"750\" \/>\n\t<meta property=\"og:image:height\" content=\"400\" \/>\n\t<meta property=\"og:image:type\" content=\"image\/jpeg\" \/>\n<meta name=\"author\" content=\"MC\" \/>\n<meta name=\"twitter:card\" content=\"summary_large_image\" \/>\n<meta name=\"twitter:creator\" content=\"@webdo_tn\" \/>\n<meta name=\"twitter:site\" content=\"@webdo_tn\" \/>\n<meta name=\"twitter:label1\" content=\"\u00c9crit par\" \/>\n\t<meta name=\"twitter:data1\" content=\"MC\" \/>\n\t<meta name=\"twitter:label2\" content=\"Dur\u00e9e de lecture estim\u00e9e\" \/>\n\t<meta name=\"twitter:data2\" content=\"1 minute\" \/>\n<script type=\"application\/ld+json\" class=\"yoast-schema-graph\">{\"@context\":\"https:\\\/\\\/schema.org\",\"@graph\":[{\"@type\":\"NewsArticle\",\"@id\":\"https:\\\/\\\/www.webdo.tn\\\/fr\\\/actualite\\\/international\\\/un-navire-israelien-attaque-par-un-drone-de-fabrication-iranienne\\\/210370\\\/#article\",\"isPartOf\":{\"@id\":\"https:\\\/\\\/www.webdo.tn\\\/fr\\\/actualite\\\/international\\\/un-navire-israelien-attaque-par-un-drone-de-fabrication-iranienne\\\/210370\\\/\"},\"author\":{\"name\":\"MC\",\"@id\":\"https:\\\/\\\/www.webdo.tn\\\/fr\\\/#\\\/schema\\\/person\\\/2c4929cbf5a809e3bd38617c6ce150f6\"},\"headline\":\"Un cargo isra\u00e9lien attaqu\u00e9 par un drone de fabrication iranienne\",\"datePublished\":\"2023-11-25T11:33:00+00:00\",\"dateModified\":\"2025-05-20T21:55:23+00:00\",\"mainEntityOfPage\":{\"@id\":\"https:\\\/\\\/www.webdo.tn\\\/fr\\\/actualite\\\/international\\\/un-navire-israelien-attaque-par-un-drone-de-fabrication-iranienne\\\/210370\\\/\"},\"wordCount\":252,\"commentCount\":0,\"publisher\":{\"@id\":\"https:\\\/\\\/www.webdo.tn\\\/fr\\\/#organization\"},\"image\":{\"@id\":\"https:\\\/\\\/www.webdo.tn\\\/fr\\\/actualite\\\/international\\\/un-navire-israelien-attaque-par-un-drone-de-fabrication-iranienne\\\/210370\\\/#primaryimage\"},\"thumbnailUrl\":\"https:\\\/\\\/www.webdo.tn\\\/fr\\\/wp-content\\\/uploads\\\/2023\\\/11\\\/e41ab695945bb9dc6be3785f23031fc1.jpg\",\"keywords\":[\"cargo\",\"Drone\",\"isra\u00ebl\"],\"articleSection\":[\"International\"],\"inLanguage\":\"fr-FR\"},{\"@type\":\"WebPage\",\"@id\":\"https:\\\/\\\/www.webdo.tn\\\/fr\\\/actualite\\\/international\\\/un-navire-israelien-attaque-par-un-drone-de-fabrication-iranienne\\\/210370\\\/\",\"url\":\"https:\\\/\\\/www.webdo.tn\\\/fr\\\/actualite\\\/international\\\/un-navire-israelien-attaque-par-un-drone-de-fabrication-iranienne\\\/210370\\\/\",\"name\":\"Un cargo isra\u00e9lien attaqu\u00e9 par un drone de fabrication iranienne\",\"isPartOf\":{\"@id\":\"https:\\\/\\\/www.webdo.tn\\\/fr\\\/#website\"},\"primaryImageOfPage\":{\"@id\":\"https:\\\/\\\/www.webdo.tn\\\/fr\\\/actualite\\\/international\\\/un-navire-israelien-attaque-par-un-drone-de-fabrication-iranienne\\\/210370\\\/#primaryimage\"},\"image\":{\"@id\":\"https:\\\/\\\/www.webdo.tn\\\/fr\\\/actualite\\\/international\\\/un-navire-israelien-attaque-par-un-drone-de-fabrication-iranienne\\\/210370\\\/#primaryimage\"},\"thumbnailUrl\":\"https:\\\/\\\/www.webdo.tn\\\/fr\\\/wp-content\\\/uploads\\\/2023\\\/11\\\/e41ab695945bb9dc6be3785f23031fc1.jpg\",\"datePublished\":\"2023-11-25T11:33:00+00:00\",\"dateModified\":\"2025-05-20T21:55:23+00:00\",\"description\":\"Nous sommes au courant d'informations selon lesquelles un drone de type Shahad-136 a atteint un navire dans l'oc\u00e9an Indien .\",\"breadcrumb\":{\"@id\":\"https:\\\/\\\/www.webdo.tn\\\/fr\\\/actualite\\\/international\\\/un-navire-israelien-attaque-par-un-drone-de-fabrication-iranienne\\\/210370\\\/#breadcrumb\"},\"inLanguage\":\"fr-FR\",\"potentialAction\":[{\"@type\":\"ReadAction\",\"target\":[\"https:\\\/\\\/www.webdo.tn\\\/fr\\\/actualite\\\/international\\\/un-navire-israelien-attaque-par-un-drone-de-fabrication-iranienne\\\/210370\\\/\"]}]},{\"@type\":\"ImageObject\",\"inLanguage\":\"fr-FR\",\"@id\":\"https:\\\/\\\/www.webdo.tn\\\/fr\\\/actualite\\\/international\\\/un-navire-israelien-attaque-par-un-drone-de-fabrication-iranienne\\\/210370\\\/#primaryimage\",\"url\":\"https:\\\/\\\/www.webdo.tn\\\/fr\\\/wp-content\\\/uploads\\\/2023\\\/11\\\/e41ab695945bb9dc6be3785f23031fc1.jpg\",\"contentUrl\":\"https:\\\/\\\/www.webdo.tn\\\/fr\\\/wp-content\\\/uploads\\\/2023\\\/11\\\/e41ab695945bb9dc6be3785f23031fc1.jpg\",\"width\":750,\"height\":400,\"caption\":\"Un cargo isra\u00e9lien attaqu\u00e9 par un drone de fabrication iranienne\"},{\"@type\":\"BreadcrumbList\",\"@id\":\"https:\\\/\\\/www.webdo.tn\\\/fr\\\/actualite\\\/international\\\/un-navire-israelien-attaque-par-un-drone-de-fabrication-iranienne\\\/210370\\\/#breadcrumb\",\"itemListElement\":[{\"@type\":\"ListItem\",\"position\":1,\"name\":\"Accueil\",\"item\":\"https:\\\/\\\/www.webdo.tn\\\/fr\\\/\"},{\"@type\":\"ListItem\",\"position\":2,\"name\":\"Un cargo isra\u00e9lien attaqu\u00e9 par un drone de fabrication iranienne\"}]},{\"@type\":\"WebSite\",\"@id\":\"https:\\\/\\\/www.webdo.tn\\\/fr\\\/#website\",\"url\":\"https:\\\/\\\/www.webdo.tn\\\/fr\\\/\",\"name\":\"webdo\",\"description\":\"Tunisie - News en Tunisie et \u00e0 l&#039;international sur Webdo.tn\",\"publisher\":{\"@id\":\"https:\\\/\\\/www.webdo.tn\\\/fr\\\/#organization\"},\"potentialAction\":[{\"@type\":\"SearchAction\",\"target\":{\"@type\":\"EntryPoint\",\"urlTemplate\":\"https:\\\/\\\/www.webdo.tn\\\/fr\\\/?s={search_term_string}\"},\"query-input\":{\"@type\":\"PropertyValueSpecification\",\"valueRequired\":true,\"valueName\":\"search_term_string\"}}],\"inLanguage\":\"fr-FR\"},{\"@type\":\"Organization\",\"@id\":\"https:\\\/\\\/www.webdo.tn\\\/fr\\\/#organization\",\"name\":\"Webdo\",\"alternateName\":\"Webdo.tn\",\"url\":\"https:\\\/\\\/www.webdo.tn\\\/fr\\\/\",\"logo\":{\"@type\":\"ImageObject\",\"inLanguage\":\"fr-FR\",\"@id\":\"https:\\\/\\\/www.webdo.tn\\\/fr\\\/#\\\/schema\\\/logo\\\/image\\\/\",\"url\":\"https:\\\/\\\/www.webdo.tn\\\/fr\\\/wp-content\\\/uploads\\\/2025\\\/06\\\/Webdo-Tunisie_168377.jpg\",\"contentUrl\":\"https:\\\/\\\/www.webdo.tn\\\/fr\\\/wp-content\\\/uploads\\\/2025\\\/06\\\/Webdo-Tunisie_168377.jpg\",\"width\":301,\"height\":301,\"caption\":\"Webdo\"},\"image\":{\"@id\":\"https:\\\/\\\/www.webdo.tn\\\/fr\\\/#\\\/schema\\\/logo\\\/image\\\/\"},\"sameAs\":[\"https:\\\/\\\/www.facebook.com\\\/webdotn\",\"https:\\\/\\\/x.com\\\/webdo_tn\"],\"description\":\"Webdo est un m\u00e9dia num\u00e9rique tunisien fond\u00e9 en 2010, sp\u00e9cialis\u00e9 dans l\u2019actualit\u00e9 nationale et internationale, l\u2019\u00e9conomie, la soci\u00e9t\u00e9 et les analyses politiques. Le site s\u2019adresse \u00e0 un large public francophone et couvre l\u2019information tunisienne en temps r\u00e9el.\",\"email\":\"redac@webdo.tn\",\"legalName\":\"YNJ SARL\",\"foundingDate\":\"2010-09-06\",\"numberOfEmployees\":{\"@type\":\"QuantitativeValue\",\"minValue\":\"11\",\"maxValue\":\"50\"}},{\"@type\":\"Person\",\"@id\":\"https:\\\/\\\/www.webdo.tn\\\/fr\\\/#\\\/schema\\\/person\\\/2c4929cbf5a809e3bd38617c6ce150f6\",\"name\":\"MC\",\"image\":{\"@type\":\"ImageObject\",\"inLanguage\":\"fr-FR\",\"@id\":\"https:\\\/\\\/secure.gravatar.com\\\/avatar\\\/a545bbb6f84efdd5553dbbc2895e3ca8f1d12c5215e00a041c9670b54aa9b18a?s=96&d=mm&r=g\",\"url\":\"https:\\\/\\\/secure.gravatar.com\\\/avatar\\\/a545bbb6f84efdd5553dbbc2895e3ca8f1d12c5215e00a041c9670b54aa9b18a?s=96&d=mm&r=g\",\"contentUrl\":\"https:\\\/\\\/secure.gravatar.com\\\/avatar\\\/a545bbb6f84efdd5553dbbc2895e3ca8f1d12c5215e00a041c9670b54aa9b18a?s=96&d=mm&r=g\",\"caption\":\"MC\"},\"url\":\"https:\\\/\\\/www.webdo.tn\\\/fr\\\/actualite\\\/author\\\/mc\\\/\"}]}<\/script>\n<!-- \/ Yoast SEO Premium plugin. -->","yoast_head_json":{"title":"Un cargo isra\u00e9lien attaqu\u00e9 par un drone de fabrication iranienne","description":"Nous sommes au courant d'informations selon lesquelles un drone de type Shahad-136 a atteint un navire dans l'oc\u00e9an Indien .","canonical":"https:\/\/www.webdo.tn\/fr\/actualite\/international\/un-navire-israelien-attaque-par-un-drone-de-fabrication-iranienne\/210370\/","og_locale":"fr_FR","og_type":"article","og_title":"Un cargo isra\u00e9lien attaqu\u00e9 par un drone de fabrication iranienne","og_description":"Nous sommes au courant d'informations selon lesquelles un drone de type Shahad-136 a atteint un navire dans l'oc\u00e9an Indien .","og_url":"https:\/\/www.webdo.tn\/fr\/actualite\/international\/un-navire-israelien-attaque-par-un-drone-de-fabrication-iranienne\/210370\/","og_site_name":"webdo","article_publisher":"https:\/\/www.facebook.com\/webdotn","article_published_time":"2023-11-25T11:33:00+00:00","article_modified_time":"2025-05-20T21:55:23+00:00","og_image":[{"width":750,"height":400,"url":"https:\/\/www.webdo.tn\/fr\/wp-content\/uploads\/2023\/11\/e41ab695945bb9dc6be3785f23031fc1.jpg","type":"image\/jpeg"}],"author":"MC","twitter_card":"summary_large_image","twitter_creator":"@webdo_tn","twitter_site":"@webdo_tn","twitter_misc":{"\u00c9crit par":"MC","Dur\u00e9e de lecture estim\u00e9e":"1 minute"},"schema":{"@context":"https:\/\/schema.org","@graph":[{"@type":"NewsArticle","@id":"https:\/\/www.webdo.tn\/fr\/actualite\/international\/un-navire-israelien-attaque-par-un-drone-de-fabrication-iranienne\/210370\/#article","isPartOf":{"@id":"https:\/\/www.webdo.tn\/fr\/actualite\/international\/un-navire-israelien-attaque-par-un-drone-de-fabrication-iranienne\/210370\/"},"author":{"name":"MC","@id":"https:\/\/www.webdo.tn\/fr\/#\/schema\/person\/2c4929cbf5a809e3bd38617c6ce150f6"},"headline":"Un cargo isra\u00e9lien attaqu\u00e9 par un drone de fabrication iranienne","datePublished":"2023-11-25T11:33:00+00:00","dateModified":"2025-05-20T21:55:23+00:00","mainEntityOfPage":{"@id":"https:\/\/www.webdo.tn\/fr\/actualite\/international\/un-navire-israelien-attaque-par-un-drone-de-fabrication-iranienne\/210370\/"},"wordCount":252,"commentCount":0,"publisher":{"@id":"https:\/\/www.webdo.tn\/fr\/#organization"},"image":{"@id":"https:\/\/www.webdo.tn\/fr\/actualite\/international\/un-navire-israelien-attaque-par-un-drone-de-fabrication-iranienne\/210370\/#primaryimage"},"thumbnailUrl":"https:\/\/www.webdo.tn\/fr\/wp-content\/uploads\/2023\/11\/e41ab695945bb9dc6be3785f23031fc1.jpg","keywords":["cargo","Drone","isra\u00ebl"],"articleSection":["International"],"inLanguage":"fr-FR"},{"@type":"WebPage","@id":"https:\/\/www.webdo.tn\/fr\/actualite\/international\/un-navire-israelien-attaque-par-un-drone-de-fabrication-iranienne\/210370\/","url":"https:\/\/www.webdo.tn\/fr\/actualite\/international\/un-navire-israelien-attaque-par-un-drone-de-fabrication-iranienne\/210370\/","name":"Un cargo isra\u00e9lien attaqu\u00e9 par un drone de fabrication iranienne","isPartOf":{"@id":"https:\/\/www.webdo.tn\/fr\/#website"},"primaryImageOfPage":{"@id":"https:\/\/www.webdo.tn\/fr\/actualite\/international\/un-navire-israelien-attaque-par-un-drone-de-fabrication-iranienne\/210370\/#primaryimage"},"image":{"@id":"https:\/\/www.webdo.tn\/fr\/actualite\/international\/un-navire-israelien-attaque-par-un-drone-de-fabrication-iranienne\/210370\/#primaryimage"},"thumbnailUrl":"https:\/\/www.webdo.tn\/fr\/wp-content\/uploads\/2023\/11\/e41ab695945bb9dc6be3785f23031fc1.jpg","datePublished":"2023-11-25T11:33:00+00:00","dateModified":"2025-05-20T21:55:23+00:00","description":"Nous sommes au courant d'informations selon lesquelles un drone de type Shahad-136 a atteint un navire dans l'oc\u00e9an Indien .","breadcrumb":{"@id":"https:\/\/www.webdo.tn\/fr\/actualite\/international\/un-navire-israelien-attaque-par-un-drone-de-fabrication-iranienne\/210370\/#breadcrumb"},"inLanguage":"fr-FR","potentialAction":[{"@type":"ReadAction","target":["https:\/\/www.webdo.tn\/fr\/actualite\/international\/un-navire-israelien-attaque-par-un-drone-de-fabrication-iranienne\/210370\/"]}]},{"@type":"ImageObject","inLanguage":"fr-FR","@id":"https:\/\/www.webdo.tn\/fr\/actualite\/international\/un-navire-israelien-attaque-par-un-drone-de-fabrication-iranienne\/210370\/#primaryimage","url":"https:\/\/www.webdo.tn\/fr\/wp-content\/uploads\/2023\/11\/e41ab695945bb9dc6be3785f23031fc1.jpg","contentUrl":"https:\/\/www.webdo.tn\/fr\/wp-content\/uploads\/2023\/11\/e41ab695945bb9dc6be3785f23031fc1.jpg","width":750,"height":400,"caption":"Un cargo isra\u00e9lien attaqu\u00e9 par un drone de fabrication iranienne"},{"@type":"BreadcrumbList","@id":"https:\/\/www.webdo.tn\/fr\/actualite\/international\/un-navire-israelien-attaque-par-un-drone-de-fabrication-iranienne\/210370\/#breadcrumb","itemListElement":[{"@type":"ListItem","position":1,"name":"Accueil","item":"https:\/\/www.webdo.tn\/fr\/"},{"@type":"ListItem","position":2,"name":"Un cargo isra\u00e9lien attaqu\u00e9 par un drone de fabrication iranienne"}]},{"@type":"WebSite","@id":"https:\/\/www.webdo.tn\/fr\/#website","url":"https:\/\/www.webdo.tn\/fr\/","name":"webdo","description":"Tunisie - News en Tunisie et \u00e0 l&#039;international sur Webdo.tn","publisher":{"@id":"https:\/\/www.webdo.tn\/fr\/#organization"},"potentialAction":[{"@type":"SearchAction","target":{"@type":"EntryPoint","urlTemplate":"https:\/\/www.webdo.tn\/fr\/?s={search_term_string}"},"query-input":{"@type":"PropertyValueSpecification","valueRequired":true,"valueName":"search_term_string"}}],"inLanguage":"fr-FR"},{"@type":"Organization","@id":"https:\/\/www.webdo.tn\/fr\/#organization","name":"Webdo","alternateName":"Webdo.tn","url":"https:\/\/www.webdo.tn\/fr\/","logo":{"@type":"ImageObject","inLanguage":"fr-FR","@id":"https:\/\/www.webdo.tn\/fr\/#\/schema\/logo\/image\/","url":"https:\/\/www.webdo.tn\/fr\/wp-content\/uploads\/2025\/06\/Webdo-Tunisie_168377.jpg","contentUrl":"https:\/\/www.webdo.tn\/fr\/wp-content\/uploads\/2025\/06\/Webdo-Tunisie_168377.jpg","width":301,"height":301,"caption":"Webdo"},"image":{"@id":"https:\/\/www.webdo.tn\/fr\/#\/schema\/logo\/image\/"},"sameAs":["https:\/\/www.facebook.com\/webdotn","https:\/\/x.com\/webdo_tn"],"description":"Webdo est un m\u00e9dia num\u00e9rique tunisien fond\u00e9 en 2010, sp\u00e9cialis\u00e9 dans l\u2019actualit\u00e9 nationale et internationale, l\u2019\u00e9conomie, la soci\u00e9t\u00e9 et les analyses politiques. Le site s\u2019adresse \u00e0 un large public francophone et couvre l\u2019information tunisienne en temps r\u00e9el.","email":"redac@webdo.tn","legalName":"YNJ SARL","foundingDate":"2010-09-06","numberOfEmployees":{"@type":"QuantitativeValue","minValue":"11","maxValue":"50"}},{"@type":"Person","@id":"https:\/\/www.webdo.tn\/fr\/#\/schema\/person\/2c4929cbf5a809e3bd38617c6ce150f6","name":"MC","image":{"@type":"ImageObject","inLanguage":"fr-FR","@id":"https:\/\/secure.gravatar.com\/avatar\/a545bbb6f84efdd5553dbbc2895e3ca8f1d12c5215e00a041c9670b54aa9b18a?s=96&d=mm&r=g","url":"https:\/\/secure.gravatar.com\/avatar\/a545bbb6f84efdd5553dbbc2895e3ca8f1d12c5215e00a041c9670b54aa9b18a?s=96&d=mm&r=g","contentUrl":"https:\/\/secure.gravatar.com\/avatar\/a545bbb6f84efdd5553dbbc2895e3ca8f1d12c5215e00a041c9670b54aa9b18a?s=96&d=mm&r=g","caption":"MC"},"url":"https:\/\/www.webdo.tn\/fr\/actualite\/author\/mc\/"}]}},"_links":{"self":[{"href":"https:\/\/www.webdo.tn\/fr\/wp-json\/wp\/v2\/posts\/210370","targetHints":{"allow":["GET"]}}],"collection":[{"href":"https:\/\/www.webdo.tn\/fr\/wp-json\/wp\/v2\/posts"}],"about":[{"href":"https:\/\/www.webdo.tn\/fr\/wp-json\/wp\/v2\/types\/post"}],"author":[{"embeddable":true,"href":"https:\/\/www.webdo.tn\/fr\/wp-json\/wp\/v2\/users\/3162"}],"replies":[{"embeddable":true,"href":"https:\/\/www.webdo.tn\/fr\/wp-json\/wp\/v2\/comments?post=210370"}],"version-history":[{"count":0,"href":"https:\/\/www.webdo.tn\/fr\/wp-json\/wp\/v2\/posts\/210370\/revisions"}],"wp:featuredmedia":[{"embeddable":true,"href":"https:\/\/www.webdo.tn\/fr\/wp-json\/wp\/v2\/media\/248704"}],"wp:attachment":[{"href":"https:\/\/www.webdo.tn\/fr\/wp-json\/wp\/v2\/media?parent=210370"}],"wp:term":[{"taxonomy":"category","embeddable":true,"href":"https:\/\/www.webdo.tn\/fr\/wp-json\/wp\/v2\/categories?post=210370"},{"taxonomy":"post_tag","embeddable":true,"href":"https:\/\/www.webdo.tn\/fr\/wp-json\/wp\/v2\/tags?post=210370"}],"curies":[{"name":"wp","href":"https:\/\/api.w.org\/{rel}","templated":true}]}}