{"id":210353,"date":"2023-11-24T20:51:00","date_gmt":"2023-11-24T20:51:00","guid":{"rendered":"https:\/\/www.webdo.tn\/fr\/blog\/les-proces-sur-les-assassinats-de-chokri-belaid-et-mohamed-brahmi-encore-reportes\/210353\/"},"modified":"2025-05-20T22:10:52","modified_gmt":"2025-05-20T22:10:52","slug":"les-proces-sur-les-assassinats-de-chokri-belaid-et-mohamed-brahmi-encore-reportes","status":"publish","type":"post","link":"https:\/\/www.webdo.tn\/fr\/actualite\/national\/les-proces-sur-les-assassinats-de-chokri-belaid-et-mohamed-brahmi-encore-reportes\/210353\/","title":{"rendered":"Les proc\u00e8s sur les assassinats de Chokri Belaid et Mohamed Brahmi encore report\u00e9s"},"content":{"rendered":"<p>Les proc\u00e8s sur les assassinats de Chokri Belaid et Mohamed Brahmi ont \u00e9t\u00e9 respectivement report\u00e9s au 15 d\u00e9cembre 2023 et au 5 janvier 2024.<\/p>\n<p>\t\t\t\t\t\t\t\t\tLes proc\u00e8s sur l&rsquo;assassinat de Chokri Belaid a \u00e9t\u00e9 report\u00e9 au 15 d\u00e9cembre prochain a annonc\u00e9, ce vendredi 24 novembre 2024, la porte-parole du p\u00f4le judiciaire de lutte contre le terrorisme Hanen Gaddes, dans une d\u00e9claration \u00e0 l\u2019agence TAP.<\/p>\n<p>Elle a ajout\u00e9 que le proc\u00e8s sur l&rsquo;assassinat de Mohamed Brahmi a \u00e9galement \u00e9t\u00e9 report\u00e9 au 5 janvier 2024, expliquant ce nouveau report par le besoin, exprim\u00e9 par le collectif de d\u00e9fense de la partie civile, de poursuivre l&rsquo;application des actes pr\u00e9paratoires.<\/p>\n<p>Elle a pr\u00e9cis\u00e9 que toutes les personnes accus\u00e9es ont \u00e9t\u00e9 conduites de leur prison \u00e0 l&rsquo;audience de ce vendredi et qu&rsquo;elles ont comparu devant la chambre p\u00e9nale sp\u00e9cialis\u00e9e, en pr\u00e9sence de leurs avocats respectifs et des membres du collectif de d\u00e9fense des deux martyrs.<\/p>\n<p>Chokri Belaid, secr\u00e9taire g\u00e9n\u00e9ral du Parti des Patriotes D\u00e9mocrates unifi\u00e9 (PPDU), a \u00e9t\u00e9 assassin\u00e9 le 6 f\u00e9vrier 2013 devant son domicile situ\u00e9 \u00e0 El Menzah VI.<\/p>\n<p>Mohamed Brahmi, coordinateur g\u00e9n\u00e9ral du Courant populaire, membre de l&rsquo;Assembl\u00e9e nationale constituante a \u00e9galement assassin\u00e9 devant son domicile \u00e0 la cit\u00e9 Ghazala, le 25 juillet 2013.<\/p>\n","protected":false},"excerpt":{"rendered":"<p>Les proc\u00e8s sur les assassinats de Chokri Belaid et Mohamed Brahmi ont \u00e9t\u00e9 de nouveau report\u00e9s.<\/p>\n","protected":false},"author":3162,"featured_media":289914,"comment_status":"open","ping_status":"closed","sticky":false,"template":"","format":"standard","meta":{"footnotes":""},"categories":[44],"tags":[3260,3262,4050,3261],"class_list":["post-210353","post","type-post","status-publish","format-standard","has-post-thumbnail","hentry","category-national","tag-assassinat","tag-chokri-belaid","tag-mohamed-brahmi","tag-proces"],"yoast_head":"<!-- This site is optimized with the Yoast SEO Premium plugin v27.4 (Yoast SEO v27.5) - https:\/\/yoast.com\/product\/yoast-seo-premium-wordpress\/ -->\n<title>Les proc\u00e8s sur les assassinats de Chokri Belaid et Mohamed Brahmi encore report\u00e9s<\/title>\n<meta name=\"description\" content=\"Les proc\u00e8s sur les assassinats de Chokri Belaid et Mohamed Brahmi ont \u00e9t\u00e9 de nouveau report\u00e9s.\" \/>\n<link rel=\"canonical\" href=\"https:\/\/www.webdo.tn\/fr\/actualite\/national\/les-proces-sur-les-assassinats-de-chokri-belaid-et-mohamed-brahmi-encore-reportes\/210353\/\" \/>\n<meta property=\"og:locale\" content=\"fr_FR\" \/>\n<meta property=\"og:type\" content=\"article\" \/>\n<meta property=\"og:title\" content=\"Les proc\u00e8s sur les assassinats de Chokri Belaid et Mohamed Brahmi encore report\u00e9s\" \/>\n<meta property=\"og:description\" content=\"Les proc\u00e8s sur les assassinats de Chokri Belaid et Mohamed Brahmi ont \u00e9t\u00e9 de nouveau report\u00e9s.\" \/>\n<meta property=\"og:url\" content=\"https:\/\/www.webdo.tn\/fr\/actualite\/national\/les-proces-sur-les-assassinats-de-chokri-belaid-et-mohamed-brahmi-encore-reportes\/210353\/\" \/>\n<meta property=\"og:site_name\" content=\"webdo\" \/>\n<meta property=\"article:publisher\" content=\"https:\/\/www.facebook.com\/webdotn\" \/>\n<meta property=\"article:published_time\" content=\"2023-11-24T20:51:00+00:00\" \/>\n<meta property=\"article:modified_time\" content=\"2025-05-20T22:10:52+00:00\" \/>\n<meta property=\"og:image\" content=\"https:\/\/www.webdo.tn\/fr\/wp-content\/uploads\/2023\/11\/9f7ea3f7f865d4f86ce3012c0b42dc2e.jpg\" \/>\n\t<meta property=\"og:image:width\" content=\"750\" \/>\n\t<meta property=\"og:image:height\" content=\"400\" \/>\n\t<meta property=\"og:image:type\" content=\"image\/jpeg\" \/>\n<meta name=\"author\" content=\"MC\" \/>\n<meta name=\"twitter:card\" content=\"summary_large_image\" \/>\n<meta name=\"twitter:creator\" content=\"@webdo_tn\" \/>\n<meta name=\"twitter:site\" content=\"@webdo_tn\" \/>\n<meta name=\"twitter:label1\" content=\"\u00c9crit par\" \/>\n\t<meta name=\"twitter:data1\" content=\"MC\" \/>\n\t<meta name=\"twitter:label2\" content=\"Dur\u00e9e de lecture estim\u00e9e\" \/>\n\t<meta name=\"twitter:data2\" content=\"1 minute\" \/>\n<script type=\"application\/ld+json\" class=\"yoast-schema-graph\">{\"@context\":\"https:\\\/\\\/schema.org\",\"@graph\":[{\"@type\":\"NewsArticle\",\"@id\":\"https:\\\/\\\/www.webdo.tn\\\/fr\\\/actualite\\\/national\\\/les-proces-sur-les-assassinats-de-chokri-belaid-et-mohamed-brahmi-encore-reportes\\\/210353\\\/#article\",\"isPartOf\":{\"@id\":\"https:\\\/\\\/www.webdo.tn\\\/fr\\\/actualite\\\/national\\\/les-proces-sur-les-assassinats-de-chokri-belaid-et-mohamed-brahmi-encore-reportes\\\/210353\\\/\"},\"author\":{\"name\":\"MC\",\"@id\":\"https:\\\/\\\/www.webdo.tn\\\/fr\\\/#\\\/schema\\\/person\\\/2c4929cbf5a809e3bd38617c6ce150f6\"},\"headline\":\"Les proc\u00e8s sur les assassinats de Chokri Belaid et Mohamed Brahmi encore report\u00e9s\",\"datePublished\":\"2023-11-24T20:51:00+00:00\",\"dateModified\":\"2025-05-20T22:10:52+00:00\",\"mainEntityOfPage\":{\"@id\":\"https:\\\/\\\/www.webdo.tn\\\/fr\\\/actualite\\\/national\\\/les-proces-sur-les-assassinats-de-chokri-belaid-et-mohamed-brahmi-encore-reportes\\\/210353\\\/\"},\"wordCount\":231,\"commentCount\":0,\"publisher\":{\"@id\":\"https:\\\/\\\/www.webdo.tn\\\/fr\\\/#organization\"},\"image\":{\"@id\":\"https:\\\/\\\/www.webdo.tn\\\/fr\\\/actualite\\\/national\\\/les-proces-sur-les-assassinats-de-chokri-belaid-et-mohamed-brahmi-encore-reportes\\\/210353\\\/#primaryimage\"},\"thumbnailUrl\":\"https:\\\/\\\/www.webdo.tn\\\/fr\\\/wp-content\\\/uploads\\\/2023\\\/11\\\/9f7ea3f7f865d4f86ce3012c0b42dc2e.jpg\",\"keywords\":[\"assassinat\",\"chokri belaid\",\"mohamed brahmi\",\"proc\u00e8s\"],\"articleSection\":[\"National\"],\"inLanguage\":\"fr-FR\"},{\"@type\":\"WebPage\",\"@id\":\"https:\\\/\\\/www.webdo.tn\\\/fr\\\/actualite\\\/national\\\/les-proces-sur-les-assassinats-de-chokri-belaid-et-mohamed-brahmi-encore-reportes\\\/210353\\\/\",\"url\":\"https:\\\/\\\/www.webdo.tn\\\/fr\\\/actualite\\\/national\\\/les-proces-sur-les-assassinats-de-chokri-belaid-et-mohamed-brahmi-encore-reportes\\\/210353\\\/\",\"name\":\"Les proc\u00e8s sur les assassinats de Chokri Belaid et Mohamed Brahmi encore report\u00e9s\",\"isPartOf\":{\"@id\":\"https:\\\/\\\/www.webdo.tn\\\/fr\\\/#website\"},\"primaryImageOfPage\":{\"@id\":\"https:\\\/\\\/www.webdo.tn\\\/fr\\\/actualite\\\/national\\\/les-proces-sur-les-assassinats-de-chokri-belaid-et-mohamed-brahmi-encore-reportes\\\/210353\\\/#primaryimage\"},\"image\":{\"@id\":\"https:\\\/\\\/www.webdo.tn\\\/fr\\\/actualite\\\/national\\\/les-proces-sur-les-assassinats-de-chokri-belaid-et-mohamed-brahmi-encore-reportes\\\/210353\\\/#primaryimage\"},\"thumbnailUrl\":\"https:\\\/\\\/www.webdo.tn\\\/fr\\\/wp-content\\\/uploads\\\/2023\\\/11\\\/9f7ea3f7f865d4f86ce3012c0b42dc2e.jpg\",\"datePublished\":\"2023-11-24T20:51:00+00:00\",\"dateModified\":\"2025-05-20T22:10:52+00:00\",\"description\":\"Les proc\u00e8s sur les assassinats de Chokri Belaid et Mohamed Brahmi ont \u00e9t\u00e9 de nouveau report\u00e9s.\",\"breadcrumb\":{\"@id\":\"https:\\\/\\\/www.webdo.tn\\\/fr\\\/actualite\\\/national\\\/les-proces-sur-les-assassinats-de-chokri-belaid-et-mohamed-brahmi-encore-reportes\\\/210353\\\/#breadcrumb\"},\"inLanguage\":\"fr-FR\",\"potentialAction\":[{\"@type\":\"ReadAction\",\"target\":[\"https:\\\/\\\/www.webdo.tn\\\/fr\\\/actualite\\\/national\\\/les-proces-sur-les-assassinats-de-chokri-belaid-et-mohamed-brahmi-encore-reportes\\\/210353\\\/\"]}]},{\"@type\":\"ImageObject\",\"inLanguage\":\"fr-FR\",\"@id\":\"https:\\\/\\\/www.webdo.tn\\\/fr\\\/actualite\\\/national\\\/les-proces-sur-les-assassinats-de-chokri-belaid-et-mohamed-brahmi-encore-reportes\\\/210353\\\/#primaryimage\",\"url\":\"https:\\\/\\\/www.webdo.tn\\\/fr\\\/wp-content\\\/uploads\\\/2023\\\/11\\\/9f7ea3f7f865d4f86ce3012c0b42dc2e.jpg\",\"contentUrl\":\"https:\\\/\\\/www.webdo.tn\\\/fr\\\/wp-content\\\/uploads\\\/2023\\\/11\\\/9f7ea3f7f865d4f86ce3012c0b42dc2e.jpg\",\"width\":750,\"height\":400,\"caption\":\"Les proc\u00e8s sur les assassinats de Chokri Belaid et Mohamed Brahmi encore report\u00e9s\"},{\"@type\":\"BreadcrumbList\",\"@id\":\"https:\\\/\\\/www.webdo.tn\\\/fr\\\/actualite\\\/national\\\/les-proces-sur-les-assassinats-de-chokri-belaid-et-mohamed-brahmi-encore-reportes\\\/210353\\\/#breadcrumb\",\"itemListElement\":[{\"@type\":\"ListItem\",\"position\":1,\"name\":\"Accueil\",\"item\":\"https:\\\/\\\/www.webdo.tn\\\/fr\\\/\"},{\"@type\":\"ListItem\",\"position\":2,\"name\":\"Les proc\u00e8s sur les assassinats de Chokri Belaid et Mohamed Brahmi encore report\u00e9s\"}]},{\"@type\":\"WebSite\",\"@id\":\"https:\\\/\\\/www.webdo.tn\\\/fr\\\/#website\",\"url\":\"https:\\\/\\\/www.webdo.tn\\\/fr\\\/\",\"name\":\"webdo\",\"description\":\"Tunisie - News en Tunisie et \u00e0 l&#039;international sur Webdo.tn\",\"publisher\":{\"@id\":\"https:\\\/\\\/www.webdo.tn\\\/fr\\\/#organization\"},\"potentialAction\":[{\"@type\":\"SearchAction\",\"target\":{\"@type\":\"EntryPoint\",\"urlTemplate\":\"https:\\\/\\\/www.webdo.tn\\\/fr\\\/?s={search_term_string}\"},\"query-input\":{\"@type\":\"PropertyValueSpecification\",\"valueRequired\":true,\"valueName\":\"search_term_string\"}}],\"inLanguage\":\"fr-FR\"},{\"@type\":\"Organization\",\"@id\":\"https:\\\/\\\/www.webdo.tn\\\/fr\\\/#organization\",\"name\":\"Webdo\",\"alternateName\":\"Webdo.tn\",\"url\":\"https:\\\/\\\/www.webdo.tn\\\/fr\\\/\",\"logo\":{\"@type\":\"ImageObject\",\"inLanguage\":\"fr-FR\",\"@id\":\"https:\\\/\\\/www.webdo.tn\\\/fr\\\/#\\\/schema\\\/logo\\\/image\\\/\",\"url\":\"https:\\\/\\\/www.webdo.tn\\\/fr\\\/wp-content\\\/uploads\\\/2025\\\/06\\\/Webdo-Tunisie_168377.jpg\",\"contentUrl\":\"https:\\\/\\\/www.webdo.tn\\\/fr\\\/wp-content\\\/uploads\\\/2025\\\/06\\\/Webdo-Tunisie_168377.jpg\",\"width\":301,\"height\":301,\"caption\":\"Webdo\"},\"image\":{\"@id\":\"https:\\\/\\\/www.webdo.tn\\\/fr\\\/#\\\/schema\\\/logo\\\/image\\\/\"},\"sameAs\":[\"https:\\\/\\\/www.facebook.com\\\/webdotn\",\"https:\\\/\\\/x.com\\\/webdo_tn\"],\"description\":\"Webdo est un m\u00e9dia num\u00e9rique tunisien fond\u00e9 en 2010, sp\u00e9cialis\u00e9 dans l\u2019actualit\u00e9 nationale et internationale, l\u2019\u00e9conomie, la soci\u00e9t\u00e9 et les analyses politiques. Le site s\u2019adresse \u00e0 un large public francophone et couvre l\u2019information tunisienne en temps r\u00e9el.\",\"email\":\"redac@webdo.tn\",\"legalName\":\"YNJ SARL\",\"foundingDate\":\"2010-09-06\",\"numberOfEmployees\":{\"@type\":\"QuantitativeValue\",\"minValue\":\"11\",\"maxValue\":\"50\"}},{\"@type\":\"Person\",\"@id\":\"https:\\\/\\\/www.webdo.tn\\\/fr\\\/#\\\/schema\\\/person\\\/2c4929cbf5a809e3bd38617c6ce150f6\",\"name\":\"MC\",\"image\":{\"@type\":\"ImageObject\",\"inLanguage\":\"fr-FR\",\"@id\":\"https:\\\/\\\/secure.gravatar.com\\\/avatar\\\/a545bbb6f84efdd5553dbbc2895e3ca8f1d12c5215e00a041c9670b54aa9b18a?s=96&d=mm&r=g\",\"url\":\"https:\\\/\\\/secure.gravatar.com\\\/avatar\\\/a545bbb6f84efdd5553dbbc2895e3ca8f1d12c5215e00a041c9670b54aa9b18a?s=96&d=mm&r=g\",\"contentUrl\":\"https:\\\/\\\/secure.gravatar.com\\\/avatar\\\/a545bbb6f84efdd5553dbbc2895e3ca8f1d12c5215e00a041c9670b54aa9b18a?s=96&d=mm&r=g\",\"caption\":\"MC\"},\"url\":\"https:\\\/\\\/www.webdo.tn\\\/fr\\\/actualite\\\/author\\\/mc\\\/\"}]}<\/script>\n<!-- \/ Yoast SEO Premium plugin. -->","yoast_head_json":{"title":"Les proc\u00e8s sur les assassinats de Chokri Belaid et Mohamed Brahmi encore report\u00e9s","description":"Les proc\u00e8s sur les assassinats de Chokri Belaid et Mohamed Brahmi ont \u00e9t\u00e9 de nouveau report\u00e9s.","canonical":"https:\/\/www.webdo.tn\/fr\/actualite\/national\/les-proces-sur-les-assassinats-de-chokri-belaid-et-mohamed-brahmi-encore-reportes\/210353\/","og_locale":"fr_FR","og_type":"article","og_title":"Les proc\u00e8s sur les assassinats de Chokri Belaid et Mohamed Brahmi encore report\u00e9s","og_description":"Les proc\u00e8s sur les assassinats de Chokri Belaid et Mohamed Brahmi ont \u00e9t\u00e9 de nouveau report\u00e9s.","og_url":"https:\/\/www.webdo.tn\/fr\/actualite\/national\/les-proces-sur-les-assassinats-de-chokri-belaid-et-mohamed-brahmi-encore-reportes\/210353\/","og_site_name":"webdo","article_publisher":"https:\/\/www.facebook.com\/webdotn","article_published_time":"2023-11-24T20:51:00+00:00","article_modified_time":"2025-05-20T22:10:52+00:00","og_image":[{"width":750,"height":400,"url":"https:\/\/www.webdo.tn\/fr\/wp-content\/uploads\/2023\/11\/9f7ea3f7f865d4f86ce3012c0b42dc2e.jpg","type":"image\/jpeg"}],"author":"MC","twitter_card":"summary_large_image","twitter_creator":"@webdo_tn","twitter_site":"@webdo_tn","twitter_misc":{"\u00c9crit par":"MC","Dur\u00e9e de lecture estim\u00e9e":"1 minute"},"schema":{"@context":"https:\/\/schema.org","@graph":[{"@type":"NewsArticle","@id":"https:\/\/www.webdo.tn\/fr\/actualite\/national\/les-proces-sur-les-assassinats-de-chokri-belaid-et-mohamed-brahmi-encore-reportes\/210353\/#article","isPartOf":{"@id":"https:\/\/www.webdo.tn\/fr\/actualite\/national\/les-proces-sur-les-assassinats-de-chokri-belaid-et-mohamed-brahmi-encore-reportes\/210353\/"},"author":{"name":"MC","@id":"https:\/\/www.webdo.tn\/fr\/#\/schema\/person\/2c4929cbf5a809e3bd38617c6ce150f6"},"headline":"Les proc\u00e8s sur les assassinats de Chokri Belaid et Mohamed Brahmi encore report\u00e9s","datePublished":"2023-11-24T20:51:00+00:00","dateModified":"2025-05-20T22:10:52+00:00","mainEntityOfPage":{"@id":"https:\/\/www.webdo.tn\/fr\/actualite\/national\/les-proces-sur-les-assassinats-de-chokri-belaid-et-mohamed-brahmi-encore-reportes\/210353\/"},"wordCount":231,"commentCount":0,"publisher":{"@id":"https:\/\/www.webdo.tn\/fr\/#organization"},"image":{"@id":"https:\/\/www.webdo.tn\/fr\/actualite\/national\/les-proces-sur-les-assassinats-de-chokri-belaid-et-mohamed-brahmi-encore-reportes\/210353\/#primaryimage"},"thumbnailUrl":"https:\/\/www.webdo.tn\/fr\/wp-content\/uploads\/2023\/11\/9f7ea3f7f865d4f86ce3012c0b42dc2e.jpg","keywords":["assassinat","chokri belaid","mohamed brahmi","proc\u00e8s"],"articleSection":["National"],"inLanguage":"fr-FR"},{"@type":"WebPage","@id":"https:\/\/www.webdo.tn\/fr\/actualite\/national\/les-proces-sur-les-assassinats-de-chokri-belaid-et-mohamed-brahmi-encore-reportes\/210353\/","url":"https:\/\/www.webdo.tn\/fr\/actualite\/national\/les-proces-sur-les-assassinats-de-chokri-belaid-et-mohamed-brahmi-encore-reportes\/210353\/","name":"Les proc\u00e8s sur les assassinats de Chokri Belaid et Mohamed Brahmi encore report\u00e9s","isPartOf":{"@id":"https:\/\/www.webdo.tn\/fr\/#website"},"primaryImageOfPage":{"@id":"https:\/\/www.webdo.tn\/fr\/actualite\/national\/les-proces-sur-les-assassinats-de-chokri-belaid-et-mohamed-brahmi-encore-reportes\/210353\/#primaryimage"},"image":{"@id":"https:\/\/www.webdo.tn\/fr\/actualite\/national\/les-proces-sur-les-assassinats-de-chokri-belaid-et-mohamed-brahmi-encore-reportes\/210353\/#primaryimage"},"thumbnailUrl":"https:\/\/www.webdo.tn\/fr\/wp-content\/uploads\/2023\/11\/9f7ea3f7f865d4f86ce3012c0b42dc2e.jpg","datePublished":"2023-11-24T20:51:00+00:00","dateModified":"2025-05-20T22:10:52+00:00","description":"Les proc\u00e8s sur les assassinats de Chokri Belaid et Mohamed Brahmi ont \u00e9t\u00e9 de nouveau report\u00e9s.","breadcrumb":{"@id":"https:\/\/www.webdo.tn\/fr\/actualite\/national\/les-proces-sur-les-assassinats-de-chokri-belaid-et-mohamed-brahmi-encore-reportes\/210353\/#breadcrumb"},"inLanguage":"fr-FR","potentialAction":[{"@type":"ReadAction","target":["https:\/\/www.webdo.tn\/fr\/actualite\/national\/les-proces-sur-les-assassinats-de-chokri-belaid-et-mohamed-brahmi-encore-reportes\/210353\/"]}]},{"@type":"ImageObject","inLanguage":"fr-FR","@id":"https:\/\/www.webdo.tn\/fr\/actualite\/national\/les-proces-sur-les-assassinats-de-chokri-belaid-et-mohamed-brahmi-encore-reportes\/210353\/#primaryimage","url":"https:\/\/www.webdo.tn\/fr\/wp-content\/uploads\/2023\/11\/9f7ea3f7f865d4f86ce3012c0b42dc2e.jpg","contentUrl":"https:\/\/www.webdo.tn\/fr\/wp-content\/uploads\/2023\/11\/9f7ea3f7f865d4f86ce3012c0b42dc2e.jpg","width":750,"height":400,"caption":"Les proc\u00e8s sur les assassinats de Chokri Belaid et Mohamed Brahmi encore report\u00e9s"},{"@type":"BreadcrumbList","@id":"https:\/\/www.webdo.tn\/fr\/actualite\/national\/les-proces-sur-les-assassinats-de-chokri-belaid-et-mohamed-brahmi-encore-reportes\/210353\/#breadcrumb","itemListElement":[{"@type":"ListItem","position":1,"name":"Accueil","item":"https:\/\/www.webdo.tn\/fr\/"},{"@type":"ListItem","position":2,"name":"Les proc\u00e8s sur les assassinats de Chokri Belaid et Mohamed Brahmi encore report\u00e9s"}]},{"@type":"WebSite","@id":"https:\/\/www.webdo.tn\/fr\/#website","url":"https:\/\/www.webdo.tn\/fr\/","name":"webdo","description":"Tunisie - News en Tunisie et \u00e0 l&#039;international sur Webdo.tn","publisher":{"@id":"https:\/\/www.webdo.tn\/fr\/#organization"},"potentialAction":[{"@type":"SearchAction","target":{"@type":"EntryPoint","urlTemplate":"https:\/\/www.webdo.tn\/fr\/?s={search_term_string}"},"query-input":{"@type":"PropertyValueSpecification","valueRequired":true,"valueName":"search_term_string"}}],"inLanguage":"fr-FR"},{"@type":"Organization","@id":"https:\/\/www.webdo.tn\/fr\/#organization","name":"Webdo","alternateName":"Webdo.tn","url":"https:\/\/www.webdo.tn\/fr\/","logo":{"@type":"ImageObject","inLanguage":"fr-FR","@id":"https:\/\/www.webdo.tn\/fr\/#\/schema\/logo\/image\/","url":"https:\/\/www.webdo.tn\/fr\/wp-content\/uploads\/2025\/06\/Webdo-Tunisie_168377.jpg","contentUrl":"https:\/\/www.webdo.tn\/fr\/wp-content\/uploads\/2025\/06\/Webdo-Tunisie_168377.jpg","width":301,"height":301,"caption":"Webdo"},"image":{"@id":"https:\/\/www.webdo.tn\/fr\/#\/schema\/logo\/image\/"},"sameAs":["https:\/\/www.facebook.com\/webdotn","https:\/\/x.com\/webdo_tn"],"description":"Webdo est un m\u00e9dia num\u00e9rique tunisien fond\u00e9 en 2010, sp\u00e9cialis\u00e9 dans l\u2019actualit\u00e9 nationale et internationale, l\u2019\u00e9conomie, la soci\u00e9t\u00e9 et les analyses politiques. Le site s\u2019adresse \u00e0 un large public francophone et couvre l\u2019information tunisienne en temps r\u00e9el.","email":"redac@webdo.tn","legalName":"YNJ SARL","foundingDate":"2010-09-06","numberOfEmployees":{"@type":"QuantitativeValue","minValue":"11","maxValue":"50"}},{"@type":"Person","@id":"https:\/\/www.webdo.tn\/fr\/#\/schema\/person\/2c4929cbf5a809e3bd38617c6ce150f6","name":"MC","image":{"@type":"ImageObject","inLanguage":"fr-FR","@id":"https:\/\/secure.gravatar.com\/avatar\/a545bbb6f84efdd5553dbbc2895e3ca8f1d12c5215e00a041c9670b54aa9b18a?s=96&d=mm&r=g","url":"https:\/\/secure.gravatar.com\/avatar\/a545bbb6f84efdd5553dbbc2895e3ca8f1d12c5215e00a041c9670b54aa9b18a?s=96&d=mm&r=g","contentUrl":"https:\/\/secure.gravatar.com\/avatar\/a545bbb6f84efdd5553dbbc2895e3ca8f1d12c5215e00a041c9670b54aa9b18a?s=96&d=mm&r=g","caption":"MC"},"url":"https:\/\/www.webdo.tn\/fr\/actualite\/author\/mc\/"}]}},"_links":{"self":[{"href":"https:\/\/www.webdo.tn\/fr\/wp-json\/wp\/v2\/posts\/210353","targetHints":{"allow":["GET"]}}],"collection":[{"href":"https:\/\/www.webdo.tn\/fr\/wp-json\/wp\/v2\/posts"}],"about":[{"href":"https:\/\/www.webdo.tn\/fr\/wp-json\/wp\/v2\/types\/post"}],"author":[{"embeddable":true,"href":"https:\/\/www.webdo.tn\/fr\/wp-json\/wp\/v2\/users\/3162"}],"replies":[{"embeddable":true,"href":"https:\/\/www.webdo.tn\/fr\/wp-json\/wp\/v2\/comments?post=210353"}],"version-history":[{"count":0,"href":"https:\/\/www.webdo.tn\/fr\/wp-json\/wp\/v2\/posts\/210353\/revisions"}],"wp:featuredmedia":[{"embeddable":true,"href":"https:\/\/www.webdo.tn\/fr\/wp-json\/wp\/v2\/media\/289914"}],"wp:attachment":[{"href":"https:\/\/www.webdo.tn\/fr\/wp-json\/wp\/v2\/media?parent=210353"}],"wp:term":[{"taxonomy":"category","embeddable":true,"href":"https:\/\/www.webdo.tn\/fr\/wp-json\/wp\/v2\/categories?post=210353"},{"taxonomy":"post_tag","embeddable":true,"href":"https:\/\/www.webdo.tn\/fr\/wp-json\/wp\/v2\/tags?post=210353"}],"curies":[{"name":"wp","href":"https:\/\/api.w.org\/{rel}","templated":true}]}}