{"id":210352,"date":"2023-11-24T20:40:00","date_gmt":"2023-11-24T20:40:00","guid":{"rendered":"https:\/\/www.webdo.tn\/fr\/blog\/137-camions-d-aide-humanitaire-decharges-a-gaza\/210352\/"},"modified":"2025-05-20T22:10:52","modified_gmt":"2025-05-20T22:10:52","slug":"137-camions-d-aide-humanitaire-decharges-a-gaza","status":"publish","type":"post","link":"https:\/\/www.webdo.tn\/fr\/actualite\/international\/137-camions-d-aide-humanitaire-decharges-a-gaza\/210352\/","title":{"rendered":"137 camions d\u2019aide humanitaire d\u00e9charg\u00e9s \u00e0 Gaza"},"content":{"rendered":"<p>La tr\u00eave entr\u00e9e en vigueur, ce vendredi \u00e0 Gaza a permis \u00e0 l\u2019ONU d\u2019augmenter la livraison d\u2019aide humanitaire dans l\u2019enclave.<\/p>\n<p>\t\t\t\t\t\t\t\t\tUn total de 137 camions ont d\u00e9j\u00e0 \u00e9t\u00e9 d\u00e9charg\u00e9s, s\u2019est f\u00e9licit\u00e9e l\u2019agence des Nations unies charg\u00e9e de la coordination humanitaire (OCHA).<br \/>\n\u00a0\u00a0 \u00a0<br \/>\nCette livraison constitue le plus gros convoi humanitaire depuis le d\u00e9but le d\u00e9but de la guerre \u00e0 Gaza, le 7 octobre, a soulign\u00e9 l\u2019OCHA, pr\u00e9cisant que 129.000 litres de carburant ont aussi pu passer la fronti\u00e8re vers Gaza, et que 21 patients en situation critique ont \u00e9t\u00e9 \u00e9vacu\u00e9s du nord de l\u2019enclave.<\/p>\n<p>Le cessez-le-feu entre le Hamas et Isra\u00ebl est entr\u00e9 en vigueur, ce vendredi 24 novembre 2023 \u00e0 7 heures, heure locale. L\u2019accord conclu mercredi pr\u00e9voit l\u2019\u00e9change de cinquante femmes et enfants d\u00e9tenus par le Hamas contre 150 prisonniers palestiniens, ainsi qu\u2019une accalmie des combats durant quatre jours.<\/p>\n<p>L\u2019accord trouv\u00e9 pr\u00e9voit \u00e9galement l\u2019acheminement de 130 mille litres de carburant chaque jour et l\u2019entr\u00e9e quotidienne de 200 camions d\u2019aides humanitaires dans l\u2019enclave palestinienne.<\/p>\n<p>Les premiers camions d\u2019aide humanitaire sont d\u2019ailleurs entr\u00e9s dans la bande de Gaza, environ une heure et demie apr\u00e8s le d\u00e9but de la tr\u00eave via le terminal de Rafah.<\/p>\n","protected":false},"excerpt":{"rendered":"<p>Un total de 137 camions ont d\u00e9j\u00e0 \u00e9t\u00e9 d\u00e9charg\u00e9s, s\u2019est f\u00e9licit\u00e9e l\u2019agence des Nations unies charg\u00e9e de la coordination humanitaire (OCHA).<\/p>\n","protected":false},"author":3162,"featured_media":289913,"comment_status":"open","ping_status":"closed","sticky":false,"template":"","format":"standard","meta":{"footnotes":""},"categories":[2598],"tags":[5281,2689,3296,3422,6558],"class_list":["post-210352","post","type-post","status-publish","format-standard","has-post-thumbnail","hentry","category-international","tag-aide-humanitaire","tag-gaza","tag-onu","tag-rafah","tag-treve"],"yoast_head":"<!-- This site is optimized with the Yoast SEO Premium plugin v27.5 (Yoast SEO v27.5) - https:\/\/yoast.com\/product\/yoast-seo-premium-wordpress\/ -->\n<title>137 camions d\u2019aide humanitaire d\u00e9charg\u00e9s \u00e0 Gaza<\/title>\n<meta name=\"description\" content=\"Un total de 137 camions ont d\u00e9j\u00e0 \u00e9t\u00e9 d\u00e9charg\u00e9s, s\u2019est f\u00e9licit\u00e9e l\u2019agence des Nations unies charg\u00e9e de la coordination humanitaire (OCHA).\" \/>\n<link rel=\"canonical\" href=\"https:\/\/www.webdo.tn\/fr\/actualite\/international\/137-camions-d-aide-humanitaire-decharges-a-gaza\/210352\/\" \/>\n<meta property=\"og:locale\" content=\"fr_FR\" \/>\n<meta property=\"og:type\" content=\"article\" \/>\n<meta property=\"og:title\" content=\"137 camions d\u2019aide humanitaire d\u00e9charg\u00e9s \u00e0 Gaza\" \/>\n<meta property=\"og:description\" content=\"Un total de 137 camions ont d\u00e9j\u00e0 \u00e9t\u00e9 d\u00e9charg\u00e9s, s\u2019est f\u00e9licit\u00e9e l\u2019agence des Nations unies charg\u00e9e de la coordination humanitaire (OCHA).\" \/>\n<meta property=\"og:url\" content=\"https:\/\/www.webdo.tn\/fr\/actualite\/international\/137-camions-d-aide-humanitaire-decharges-a-gaza\/210352\/\" \/>\n<meta property=\"og:site_name\" content=\"webdo\" \/>\n<meta property=\"article:publisher\" content=\"https:\/\/www.facebook.com\/webdotn\" \/>\n<meta property=\"article:published_time\" content=\"2023-11-24T20:40:00+00:00\" \/>\n<meta property=\"article:modified_time\" content=\"2025-05-20T22:10:52+00:00\" \/>\n<meta property=\"og:image\" content=\"https:\/\/www.webdo.tn\/fr\/wp-content\/uploads\/2023\/11\/bd9c96961ddf56febb35fe5f1ecb92e0.jpg\" \/>\n\t<meta property=\"og:image:width\" content=\"750\" \/>\n\t<meta property=\"og:image:height\" content=\"400\" \/>\n\t<meta property=\"og:image:type\" content=\"image\/jpeg\" \/>\n<meta name=\"author\" content=\"MC\" \/>\n<meta name=\"twitter:card\" content=\"summary_large_image\" \/>\n<meta name=\"twitter:creator\" content=\"@webdo_tn\" \/>\n<meta name=\"twitter:site\" content=\"@webdo_tn\" \/>\n<meta name=\"twitter:label1\" content=\"\u00c9crit par\" \/>\n\t<meta name=\"twitter:data1\" content=\"MC\" \/>\n\t<meta name=\"twitter:label2\" content=\"Dur\u00e9e de lecture estim\u00e9e\" \/>\n\t<meta name=\"twitter:data2\" content=\"1 minute\" \/>\n<script type=\"application\/ld+json\" class=\"yoast-schema-graph\">{\"@context\":\"https:\\\/\\\/schema.org\",\"@graph\":[{\"@type\":\"NewsArticle\",\"@id\":\"https:\\\/\\\/www.webdo.tn\\\/fr\\\/actualite\\\/international\\\/137-camions-d-aide-humanitaire-decharges-a-gaza\\\/210352\\\/#article\",\"isPartOf\":{\"@id\":\"https:\\\/\\\/www.webdo.tn\\\/fr\\\/actualite\\\/international\\\/137-camions-d-aide-humanitaire-decharges-a-gaza\\\/210352\\\/\"},\"author\":{\"name\":\"MC\",\"@id\":\"https:\\\/\\\/www.webdo.tn\\\/fr\\\/#\\\/schema\\\/person\\\/2c4929cbf5a809e3bd38617c6ce150f6\"},\"headline\":\"137 camions d\u2019aide humanitaire d\u00e9charg\u00e9s \u00e0 Gaza\",\"datePublished\":\"2023-11-24T20:40:00+00:00\",\"dateModified\":\"2025-05-20T22:10:52+00:00\",\"mainEntityOfPage\":{\"@id\":\"https:\\\/\\\/www.webdo.tn\\\/fr\\\/actualite\\\/international\\\/137-camions-d-aide-humanitaire-decharges-a-gaza\\\/210352\\\/\"},\"wordCount\":227,\"commentCount\":0,\"publisher\":{\"@id\":\"https:\\\/\\\/www.webdo.tn\\\/fr\\\/#organization\"},\"image\":{\"@id\":\"https:\\\/\\\/www.webdo.tn\\\/fr\\\/actualite\\\/international\\\/137-camions-d-aide-humanitaire-decharges-a-gaza\\\/210352\\\/#primaryimage\"},\"thumbnailUrl\":\"https:\\\/\\\/www.webdo.tn\\\/fr\\\/wp-content\\\/uploads\\\/2023\\\/11\\\/bd9c96961ddf56febb35fe5f1ecb92e0.jpg\",\"keywords\":[\"aide humanitaire\",\"Gaza\",\"ONU\",\"rafah\",\"Tr\u00eave\"],\"articleSection\":[\"International\"],\"inLanguage\":\"fr-FR\"},{\"@type\":\"WebPage\",\"@id\":\"https:\\\/\\\/www.webdo.tn\\\/fr\\\/actualite\\\/international\\\/137-camions-d-aide-humanitaire-decharges-a-gaza\\\/210352\\\/\",\"url\":\"https:\\\/\\\/www.webdo.tn\\\/fr\\\/actualite\\\/international\\\/137-camions-d-aide-humanitaire-decharges-a-gaza\\\/210352\\\/\",\"name\":\"137 camions d\u2019aide humanitaire d\u00e9charg\u00e9s \u00e0 Gaza\",\"isPartOf\":{\"@id\":\"https:\\\/\\\/www.webdo.tn\\\/fr\\\/#website\"},\"primaryImageOfPage\":{\"@id\":\"https:\\\/\\\/www.webdo.tn\\\/fr\\\/actualite\\\/international\\\/137-camions-d-aide-humanitaire-decharges-a-gaza\\\/210352\\\/#primaryimage\"},\"image\":{\"@id\":\"https:\\\/\\\/www.webdo.tn\\\/fr\\\/actualite\\\/international\\\/137-camions-d-aide-humanitaire-decharges-a-gaza\\\/210352\\\/#primaryimage\"},\"thumbnailUrl\":\"https:\\\/\\\/www.webdo.tn\\\/fr\\\/wp-content\\\/uploads\\\/2023\\\/11\\\/bd9c96961ddf56febb35fe5f1ecb92e0.jpg\",\"datePublished\":\"2023-11-24T20:40:00+00:00\",\"dateModified\":\"2025-05-20T22:10:52+00:00\",\"description\":\"Un total de 137 camions ont d\u00e9j\u00e0 \u00e9t\u00e9 d\u00e9charg\u00e9s, s\u2019est f\u00e9licit\u00e9e l\u2019agence des Nations unies charg\u00e9e de la coordination humanitaire (OCHA).\",\"breadcrumb\":{\"@id\":\"https:\\\/\\\/www.webdo.tn\\\/fr\\\/actualite\\\/international\\\/137-camions-d-aide-humanitaire-decharges-a-gaza\\\/210352\\\/#breadcrumb\"},\"inLanguage\":\"fr-FR\",\"potentialAction\":[{\"@type\":\"ReadAction\",\"target\":[\"https:\\\/\\\/www.webdo.tn\\\/fr\\\/actualite\\\/international\\\/137-camions-d-aide-humanitaire-decharges-a-gaza\\\/210352\\\/\"]}]},{\"@type\":\"ImageObject\",\"inLanguage\":\"fr-FR\",\"@id\":\"https:\\\/\\\/www.webdo.tn\\\/fr\\\/actualite\\\/international\\\/137-camions-d-aide-humanitaire-decharges-a-gaza\\\/210352\\\/#primaryimage\",\"url\":\"https:\\\/\\\/www.webdo.tn\\\/fr\\\/wp-content\\\/uploads\\\/2023\\\/11\\\/bd9c96961ddf56febb35fe5f1ecb92e0.jpg\",\"contentUrl\":\"https:\\\/\\\/www.webdo.tn\\\/fr\\\/wp-content\\\/uploads\\\/2023\\\/11\\\/bd9c96961ddf56febb35fe5f1ecb92e0.jpg\",\"width\":750,\"height\":400,\"caption\":\"137 camions d\u2019aide humanitaire d\u00e9charg\u00e9s \u00e0 Gaza\"},{\"@type\":\"BreadcrumbList\",\"@id\":\"https:\\\/\\\/www.webdo.tn\\\/fr\\\/actualite\\\/international\\\/137-camions-d-aide-humanitaire-decharges-a-gaza\\\/210352\\\/#breadcrumb\",\"itemListElement\":[{\"@type\":\"ListItem\",\"position\":1,\"name\":\"Accueil\",\"item\":\"https:\\\/\\\/www.webdo.tn\\\/fr\\\/\"},{\"@type\":\"ListItem\",\"position\":2,\"name\":\"137 camions d\u2019aide humanitaire d\u00e9charg\u00e9s \u00e0 Gaza\"}]},{\"@type\":\"WebSite\",\"@id\":\"https:\\\/\\\/www.webdo.tn\\\/fr\\\/#website\",\"url\":\"https:\\\/\\\/www.webdo.tn\\\/fr\\\/\",\"name\":\"webdo\",\"description\":\"Tunisie - News en Tunisie et \u00e0 l&#039;international sur Webdo.tn\",\"publisher\":{\"@id\":\"https:\\\/\\\/www.webdo.tn\\\/fr\\\/#organization\"},\"potentialAction\":[{\"@type\":\"SearchAction\",\"target\":{\"@type\":\"EntryPoint\",\"urlTemplate\":\"https:\\\/\\\/www.webdo.tn\\\/fr\\\/?s={search_term_string}\"},\"query-input\":{\"@type\":\"PropertyValueSpecification\",\"valueRequired\":true,\"valueName\":\"search_term_string\"}}],\"inLanguage\":\"fr-FR\"},{\"@type\":\"Organization\",\"@id\":\"https:\\\/\\\/www.webdo.tn\\\/fr\\\/#organization\",\"name\":\"Webdo\",\"alternateName\":\"Webdo.tn\",\"url\":\"https:\\\/\\\/www.webdo.tn\\\/fr\\\/\",\"logo\":{\"@type\":\"ImageObject\",\"inLanguage\":\"fr-FR\",\"@id\":\"https:\\\/\\\/www.webdo.tn\\\/fr\\\/#\\\/schema\\\/logo\\\/image\\\/\",\"url\":\"https:\\\/\\\/www.webdo.tn\\\/fr\\\/wp-content\\\/uploads\\\/2025\\\/06\\\/Webdo-Tunisie_168377.jpg\",\"contentUrl\":\"https:\\\/\\\/www.webdo.tn\\\/fr\\\/wp-content\\\/uploads\\\/2025\\\/06\\\/Webdo-Tunisie_168377.jpg\",\"width\":301,\"height\":301,\"caption\":\"Webdo\"},\"image\":{\"@id\":\"https:\\\/\\\/www.webdo.tn\\\/fr\\\/#\\\/schema\\\/logo\\\/image\\\/\"},\"sameAs\":[\"https:\\\/\\\/www.facebook.com\\\/webdotn\",\"https:\\\/\\\/x.com\\\/webdo_tn\"],\"description\":\"Webdo est un m\u00e9dia num\u00e9rique tunisien fond\u00e9 en 2010, sp\u00e9cialis\u00e9 dans l\u2019actualit\u00e9 nationale et internationale, l\u2019\u00e9conomie, la soci\u00e9t\u00e9 et les analyses politiques. Le site s\u2019adresse \u00e0 un large public francophone et couvre l\u2019information tunisienne en temps r\u00e9el.\",\"email\":\"redac@webdo.tn\",\"legalName\":\"YNJ SARL\",\"foundingDate\":\"2010-09-06\",\"numberOfEmployees\":{\"@type\":\"QuantitativeValue\",\"minValue\":\"11\",\"maxValue\":\"50\"}},{\"@type\":\"Person\",\"@id\":\"https:\\\/\\\/www.webdo.tn\\\/fr\\\/#\\\/schema\\\/person\\\/2c4929cbf5a809e3bd38617c6ce150f6\",\"name\":\"MC\",\"image\":{\"@type\":\"ImageObject\",\"inLanguage\":\"fr-FR\",\"@id\":\"https:\\\/\\\/secure.gravatar.com\\\/avatar\\\/a545bbb6f84efdd5553dbbc2895e3ca8f1d12c5215e00a041c9670b54aa9b18a?s=96&d=mm&r=g\",\"url\":\"https:\\\/\\\/secure.gravatar.com\\\/avatar\\\/a545bbb6f84efdd5553dbbc2895e3ca8f1d12c5215e00a041c9670b54aa9b18a?s=96&d=mm&r=g\",\"contentUrl\":\"https:\\\/\\\/secure.gravatar.com\\\/avatar\\\/a545bbb6f84efdd5553dbbc2895e3ca8f1d12c5215e00a041c9670b54aa9b18a?s=96&d=mm&r=g\",\"caption\":\"MC\"},\"url\":\"https:\\\/\\\/www.webdo.tn\\\/fr\\\/actualite\\\/author\\\/mc\\\/\"}]}<\/script>\n<!-- \/ Yoast SEO Premium plugin. -->","yoast_head_json":{"title":"137 camions d\u2019aide humanitaire d\u00e9charg\u00e9s \u00e0 Gaza","description":"Un total de 137 camions ont d\u00e9j\u00e0 \u00e9t\u00e9 d\u00e9charg\u00e9s, s\u2019est f\u00e9licit\u00e9e l\u2019agence des Nations unies charg\u00e9e de la coordination humanitaire (OCHA).","canonical":"https:\/\/www.webdo.tn\/fr\/actualite\/international\/137-camions-d-aide-humanitaire-decharges-a-gaza\/210352\/","og_locale":"fr_FR","og_type":"article","og_title":"137 camions d\u2019aide humanitaire d\u00e9charg\u00e9s \u00e0 Gaza","og_description":"Un total de 137 camions ont d\u00e9j\u00e0 \u00e9t\u00e9 d\u00e9charg\u00e9s, s\u2019est f\u00e9licit\u00e9e l\u2019agence des Nations unies charg\u00e9e de la coordination humanitaire (OCHA).","og_url":"https:\/\/www.webdo.tn\/fr\/actualite\/international\/137-camions-d-aide-humanitaire-decharges-a-gaza\/210352\/","og_site_name":"webdo","article_publisher":"https:\/\/www.facebook.com\/webdotn","article_published_time":"2023-11-24T20:40:00+00:00","article_modified_time":"2025-05-20T22:10:52+00:00","og_image":[{"width":750,"height":400,"url":"https:\/\/www.webdo.tn\/fr\/wp-content\/uploads\/2023\/11\/bd9c96961ddf56febb35fe5f1ecb92e0.jpg","type":"image\/jpeg"}],"author":"MC","twitter_card":"summary_large_image","twitter_creator":"@webdo_tn","twitter_site":"@webdo_tn","twitter_misc":{"\u00c9crit par":"MC","Dur\u00e9e de lecture estim\u00e9e":"1 minute"},"schema":{"@context":"https:\/\/schema.org","@graph":[{"@type":"NewsArticle","@id":"https:\/\/www.webdo.tn\/fr\/actualite\/international\/137-camions-d-aide-humanitaire-decharges-a-gaza\/210352\/#article","isPartOf":{"@id":"https:\/\/www.webdo.tn\/fr\/actualite\/international\/137-camions-d-aide-humanitaire-decharges-a-gaza\/210352\/"},"author":{"name":"MC","@id":"https:\/\/www.webdo.tn\/fr\/#\/schema\/person\/2c4929cbf5a809e3bd38617c6ce150f6"},"headline":"137 camions d\u2019aide humanitaire d\u00e9charg\u00e9s \u00e0 Gaza","datePublished":"2023-11-24T20:40:00+00:00","dateModified":"2025-05-20T22:10:52+00:00","mainEntityOfPage":{"@id":"https:\/\/www.webdo.tn\/fr\/actualite\/international\/137-camions-d-aide-humanitaire-decharges-a-gaza\/210352\/"},"wordCount":227,"commentCount":0,"publisher":{"@id":"https:\/\/www.webdo.tn\/fr\/#organization"},"image":{"@id":"https:\/\/www.webdo.tn\/fr\/actualite\/international\/137-camions-d-aide-humanitaire-decharges-a-gaza\/210352\/#primaryimage"},"thumbnailUrl":"https:\/\/www.webdo.tn\/fr\/wp-content\/uploads\/2023\/11\/bd9c96961ddf56febb35fe5f1ecb92e0.jpg","keywords":["aide humanitaire","Gaza","ONU","rafah","Tr\u00eave"],"articleSection":["International"],"inLanguage":"fr-FR"},{"@type":"WebPage","@id":"https:\/\/www.webdo.tn\/fr\/actualite\/international\/137-camions-d-aide-humanitaire-decharges-a-gaza\/210352\/","url":"https:\/\/www.webdo.tn\/fr\/actualite\/international\/137-camions-d-aide-humanitaire-decharges-a-gaza\/210352\/","name":"137 camions d\u2019aide humanitaire d\u00e9charg\u00e9s \u00e0 Gaza","isPartOf":{"@id":"https:\/\/www.webdo.tn\/fr\/#website"},"primaryImageOfPage":{"@id":"https:\/\/www.webdo.tn\/fr\/actualite\/international\/137-camions-d-aide-humanitaire-decharges-a-gaza\/210352\/#primaryimage"},"image":{"@id":"https:\/\/www.webdo.tn\/fr\/actualite\/international\/137-camions-d-aide-humanitaire-decharges-a-gaza\/210352\/#primaryimage"},"thumbnailUrl":"https:\/\/www.webdo.tn\/fr\/wp-content\/uploads\/2023\/11\/bd9c96961ddf56febb35fe5f1ecb92e0.jpg","datePublished":"2023-11-24T20:40:00+00:00","dateModified":"2025-05-20T22:10:52+00:00","description":"Un total de 137 camions ont d\u00e9j\u00e0 \u00e9t\u00e9 d\u00e9charg\u00e9s, s\u2019est f\u00e9licit\u00e9e l\u2019agence des Nations unies charg\u00e9e de la coordination humanitaire (OCHA).","breadcrumb":{"@id":"https:\/\/www.webdo.tn\/fr\/actualite\/international\/137-camions-d-aide-humanitaire-decharges-a-gaza\/210352\/#breadcrumb"},"inLanguage":"fr-FR","potentialAction":[{"@type":"ReadAction","target":["https:\/\/www.webdo.tn\/fr\/actualite\/international\/137-camions-d-aide-humanitaire-decharges-a-gaza\/210352\/"]}]},{"@type":"ImageObject","inLanguage":"fr-FR","@id":"https:\/\/www.webdo.tn\/fr\/actualite\/international\/137-camions-d-aide-humanitaire-decharges-a-gaza\/210352\/#primaryimage","url":"https:\/\/www.webdo.tn\/fr\/wp-content\/uploads\/2023\/11\/bd9c96961ddf56febb35fe5f1ecb92e0.jpg","contentUrl":"https:\/\/www.webdo.tn\/fr\/wp-content\/uploads\/2023\/11\/bd9c96961ddf56febb35fe5f1ecb92e0.jpg","width":750,"height":400,"caption":"137 camions d\u2019aide humanitaire d\u00e9charg\u00e9s \u00e0 Gaza"},{"@type":"BreadcrumbList","@id":"https:\/\/www.webdo.tn\/fr\/actualite\/international\/137-camions-d-aide-humanitaire-decharges-a-gaza\/210352\/#breadcrumb","itemListElement":[{"@type":"ListItem","position":1,"name":"Accueil","item":"https:\/\/www.webdo.tn\/fr\/"},{"@type":"ListItem","position":2,"name":"137 camions d\u2019aide humanitaire d\u00e9charg\u00e9s \u00e0 Gaza"}]},{"@type":"WebSite","@id":"https:\/\/www.webdo.tn\/fr\/#website","url":"https:\/\/www.webdo.tn\/fr\/","name":"webdo","description":"Tunisie - News en Tunisie et \u00e0 l&#039;international sur Webdo.tn","publisher":{"@id":"https:\/\/www.webdo.tn\/fr\/#organization"},"potentialAction":[{"@type":"SearchAction","target":{"@type":"EntryPoint","urlTemplate":"https:\/\/www.webdo.tn\/fr\/?s={search_term_string}"},"query-input":{"@type":"PropertyValueSpecification","valueRequired":true,"valueName":"search_term_string"}}],"inLanguage":"fr-FR"},{"@type":"Organization","@id":"https:\/\/www.webdo.tn\/fr\/#organization","name":"Webdo","alternateName":"Webdo.tn","url":"https:\/\/www.webdo.tn\/fr\/","logo":{"@type":"ImageObject","inLanguage":"fr-FR","@id":"https:\/\/www.webdo.tn\/fr\/#\/schema\/logo\/image\/","url":"https:\/\/www.webdo.tn\/fr\/wp-content\/uploads\/2025\/06\/Webdo-Tunisie_168377.jpg","contentUrl":"https:\/\/www.webdo.tn\/fr\/wp-content\/uploads\/2025\/06\/Webdo-Tunisie_168377.jpg","width":301,"height":301,"caption":"Webdo"},"image":{"@id":"https:\/\/www.webdo.tn\/fr\/#\/schema\/logo\/image\/"},"sameAs":["https:\/\/www.facebook.com\/webdotn","https:\/\/x.com\/webdo_tn"],"description":"Webdo est un m\u00e9dia num\u00e9rique tunisien fond\u00e9 en 2010, sp\u00e9cialis\u00e9 dans l\u2019actualit\u00e9 nationale et internationale, l\u2019\u00e9conomie, la soci\u00e9t\u00e9 et les analyses politiques. Le site s\u2019adresse \u00e0 un large public francophone et couvre l\u2019information tunisienne en temps r\u00e9el.","email":"redac@webdo.tn","legalName":"YNJ SARL","foundingDate":"2010-09-06","numberOfEmployees":{"@type":"QuantitativeValue","minValue":"11","maxValue":"50"}},{"@type":"Person","@id":"https:\/\/www.webdo.tn\/fr\/#\/schema\/person\/2c4929cbf5a809e3bd38617c6ce150f6","name":"MC","image":{"@type":"ImageObject","inLanguage":"fr-FR","@id":"https:\/\/secure.gravatar.com\/avatar\/a545bbb6f84efdd5553dbbc2895e3ca8f1d12c5215e00a041c9670b54aa9b18a?s=96&d=mm&r=g","url":"https:\/\/secure.gravatar.com\/avatar\/a545bbb6f84efdd5553dbbc2895e3ca8f1d12c5215e00a041c9670b54aa9b18a?s=96&d=mm&r=g","contentUrl":"https:\/\/secure.gravatar.com\/avatar\/a545bbb6f84efdd5553dbbc2895e3ca8f1d12c5215e00a041c9670b54aa9b18a?s=96&d=mm&r=g","caption":"MC"},"url":"https:\/\/www.webdo.tn\/fr\/actualite\/author\/mc\/"}]}},"_links":{"self":[{"href":"https:\/\/www.webdo.tn\/fr\/wp-json\/wp\/v2\/posts\/210352","targetHints":{"allow":["GET"]}}],"collection":[{"href":"https:\/\/www.webdo.tn\/fr\/wp-json\/wp\/v2\/posts"}],"about":[{"href":"https:\/\/www.webdo.tn\/fr\/wp-json\/wp\/v2\/types\/post"}],"author":[{"embeddable":true,"href":"https:\/\/www.webdo.tn\/fr\/wp-json\/wp\/v2\/users\/3162"}],"replies":[{"embeddable":true,"href":"https:\/\/www.webdo.tn\/fr\/wp-json\/wp\/v2\/comments?post=210352"}],"version-history":[{"count":0,"href":"https:\/\/www.webdo.tn\/fr\/wp-json\/wp\/v2\/posts\/210352\/revisions"}],"wp:featuredmedia":[{"embeddable":true,"href":"https:\/\/www.webdo.tn\/fr\/wp-json\/wp\/v2\/media\/289913"}],"wp:attachment":[{"href":"https:\/\/www.webdo.tn\/fr\/wp-json\/wp\/v2\/media?parent=210352"}],"wp:term":[{"taxonomy":"category","embeddable":true,"href":"https:\/\/www.webdo.tn\/fr\/wp-json\/wp\/v2\/categories?post=210352"},{"taxonomy":"post_tag","embeddable":true,"href":"https:\/\/www.webdo.tn\/fr\/wp-json\/wp\/v2\/tags?post=210352"}],"curies":[{"name":"wp","href":"https:\/\/api.w.org\/{rel}","templated":true}]}}