{"id":210340,"date":"2023-11-24T13:08:00","date_gmt":"2023-11-24T13:08:00","guid":{"rendered":"https:\/\/www.webdo.tn\/fr\/blog\/trois-policiers-francais-interpelles-a-l-aeroport-tunis-carthage\/210340\/"},"modified":"2023-11-24T13:08:00","modified_gmt":"2023-11-24T13:08:00","slug":"trois-policiers-francais-interpelles-a-l-aeroport-tunis-carthage","status":"publish","type":"post","link":"https:\/\/www.webdo.tn\/fr\/actualite\/national\/trois-policiers-francais-interpelles-a-l-aeroport-tunis-carthage\/210340\/","title":{"rendered":"Trois policiers fran\u00e7ais interpell\u00e9s \u00e0 l\u2019a\u00e9roport Tunis-Carthage"},"content":{"rendered":"<p>Les trois officiers de la police aux fronti\u00e8res ont \u00e9t\u00e9 interpell\u00e9s pour des soup\u00e7ons de \u00ab\u00a0violences polici\u00e8res\u00a0\u00bb. Ils ont \u00e9t\u00e9 lib\u00e9r\u00e9s apr\u00e8s six heures pass\u00e9es en garde \u00e0 vue.<\/p>\n<p>\t\t\t\t\t\t\t\t\tLes trois officiers de la police aux fronti\u00e8res (PAF) interpell\u00e9s, mardi 21 novembre 2023, en fin d\u2019apr\u00e8s-midi \u00e0 l\u2019a\u00e9roport Tunis-Carthage, escortaient un Tunisien sous le coup d\u2019une obligation de quitter le territoire fran\u00e7ais (OQTF), rapporte le m\u00e9dia fran\u00e7ais \u00ab\u00a0Le Parisien\u00a0\u00bb de source polici\u00e8re.<\/p>\n<p>Les trois policiers ont \u00e9t\u00e9 interpell\u00e9s pour des soup\u00e7ons de \u00ab\u00a0violences polici\u00e8res\u00a0\u00bb sur cet individu.<\/p>\n<p>Mardi apr\u00e8s-midi, \u00e0 l\u2019a\u00e9roport de Marseille-Provence, un ressortissant tunisien sous OQTF (Ridha A), condamn\u00e9 pour violences avec arme et apologie du terrorisme, s\u2019appr\u00eate \u00e0 monter dans un avion qui va le ramener \u00e0 Tunis.<\/p>\n<p>Ce dernier se serait rebell\u00e9 sur le tarmac de l\u2019a\u00e9roport et s\u2019en serait pris aux agents missionn\u00e9s de l\u2019escorter, indique \u00ab\u00a0Le Parisien\u00a0\u00bb.<\/p>\n<p>Les trois agents de la PAF auraient alors utilis\u00e9 les techniques professionnelles polici\u00e8res pour le ma\u00eetriser. Dans l\u2019avion, l\u2019homme se serait m\u00eame calm\u00e9 et aurait pr\u00e9sent\u00e9 ses excuses.<\/p>\n<p>Seulement, une vid\u00e9o prise de l\u2019altercation aurait \u00e9t\u00e9 prise par une passag\u00e8re de l\u2019avion et transmise aux autorit\u00e9s tunisiennes, qui ont d\u00e9cid\u00e9 d\u2019interpeller les trois officiers peu apr\u00e8s l\u2019atterrissage \u00e0 Tunis.<\/p>\n<p>Les officiers auraient \u00e9t\u00e9 auditionn\u00e9s pendant plus de six heures, puis rel\u00e2ch\u00e9s dans la nuit de mardi \u00e0 mercredi.<\/p>\n<p>Ils ont pu r\u00e9cup\u00e9rer leurs passeports et regagner leurs h\u00f4tels avant de quitter la Tunisie sans incident, a pr\u00e9cis\u00e9 au journal, le minist\u00e8re de l\u2019Int\u00e9rieur fran\u00e7ais. \u00ab\u00a0Ils sont arriv\u00e9s \u00e0 Nice \u00e0 16h20 aujourd\u2019hui\u00a0\u00bb (NDLR : jeudi).<\/p>\n<p>Gr\u00e9gory Joron, secr\u00e9taire g\u00e9n\u00e9ral du syndicat policier SGP FO a r\u00e9agi \u00e0 cet incident dans les colonnes dudit m\u00e9dia : \u00ab\u00a0De parole d\u2019escorteurs anciens, pour certains, c\u2019est la premi\u00e8re fois que cela arrive\u00a0\u00bb.<\/p>\n<p>\u00ab\u00a0Les escorteurs font souvent face \u00e0 des individus qui se rebellent et ne veulent pas \u00eatre reconduits. \u00catre cueillis comme ils l\u2019ont \u00e9t\u00e9 une fois arriv\u00e9s \u00e0 Tunis, avec leurs passeports confisqu\u00e9s car un t\u00e9moin a avanc\u00e9 la th\u00e8se d\u2019un mauvais geste d\u2019un escorteur \u00e0 l\u2019endroit de la police tunisienne est incompr\u00e9hensible\u00a0\u00bb, poursuit-il.<\/p>\n<p>\u00ab\u00a0Nous attendons des minist\u00e8res de l\u2019Int\u00e9rieur et des Affaires \u00e9trang\u00e8res que les choses soient mises \u00e0 plat, dans un contexte o\u00f9 les reconduites s\u2019intensifient avec notamment des profils dangereux\u00a0\u00bb.<\/p>\n<p>Le minist\u00e8re tunisien de l\u2019Int\u00e9rieur n\u2019a pas, pour l\u2019heure, r\u00e9agi \u00e0 cet incident au m\u00eame titre que l\u2019Ambassade de France en Tunisie.<\/p>\n<p>\u00ab\u00a0C&rsquo;est inacceptable que la diplomatie fran\u00e7aise n&rsquo;ait rien fait pour soutenir les policiers de la PAF arr\u00eat\u00e9s en Tunisie alors qu&rsquo;ils ex\u00e9cutaient leur mission dans le cadre de la mise en \u0153uvre d&rsquo;une OQTF\u00a0\u00bb, d\u00e9nonce un ressortissant fran\u00e7ais sur la page facebook de l\u2019Ambassade !<\/p>\n","protected":false},"excerpt":{"rendered":"<p>Les trois officiers de la police aux fronti\u00e8res (PAF) interpell\u00e9s, mardi 21 novembre 2023, en fin d\u2019apr\u00e8s-midi \u00e0 l\u2019a\u00e9roport Tunis-Carthage, escortaient un Tunis&#8230;<\/p>\n","protected":false},"author":3203,"featured_media":289909,"comment_status":"open","ping_status":"closed","sticky":false,"template":"","format":"standard","meta":{"footnotes":""},"categories":[44],"tags":[9868,2998,3571,2643,3458,2608],"class_list":["post-210340","post","type-post","status-publish","format-standard","has-post-thumbnail","hentry","category-national","tag-oqtf","tag-france","tag-frontieres","tag-police","tag-tunis-carthage","tag-tunisie"],"yoast_head":"<!-- This site is optimized with the Yoast SEO Premium plugin v27.5 (Yoast SEO v27.5) - https:\/\/yoast.com\/product\/yoast-seo-premium-wordpress\/ -->\n<title>Trois policiers fran\u00e7ais interpell\u00e9s \u00e0 l\u2019a\u00e9roport Tunis-Carthage<\/title>\n<meta name=\"description\" content=\"Les trois officiers de la police aux fronti\u00e8res (PAF) interpell\u00e9s, mardi 21 novembre 2023, en fin d\u2019apr\u00e8s-midi \u00e0 l\u2019a\u00e9roport Tunis-Carthage, escortaient un Tunis...\" \/>\n<link rel=\"canonical\" href=\"https:\/\/www.webdo.tn\/fr\/actualite\/national\/trois-policiers-francais-interpelles-a-l-aeroport-tunis-carthage\/210340\/\" \/>\n<meta property=\"og:locale\" content=\"fr_FR\" \/>\n<meta property=\"og:type\" content=\"article\" \/>\n<meta property=\"og:title\" content=\"Trois policiers fran\u00e7ais interpell\u00e9s \u00e0 l\u2019a\u00e9roport Tunis-Carthage\" \/>\n<meta property=\"og:description\" content=\"Les trois officiers de la police aux fronti\u00e8res (PAF) interpell\u00e9s, mardi 21 novembre 2023, en fin d\u2019apr\u00e8s-midi \u00e0 l\u2019a\u00e9roport Tunis-Carthage, escortaient un Tunis...\" \/>\n<meta property=\"og:url\" content=\"https:\/\/www.webdo.tn\/fr\/actualite\/national\/trois-policiers-francais-interpelles-a-l-aeroport-tunis-carthage\/210340\/\" \/>\n<meta property=\"og:site_name\" content=\"webdo\" \/>\n<meta property=\"article:publisher\" content=\"https:\/\/www.facebook.com\/webdotn\" \/>\n<meta property=\"article:published_time\" content=\"2023-11-24T13:08:00+00:00\" \/>\n<meta property=\"og:image\" content=\"https:\/\/www.webdo.tn\/fr\/wp-content\/uploads\/2023\/11\/968e56064e015a53461b443f51f029b9.jpg\" \/>\n\t<meta property=\"og:image:width\" content=\"750\" \/>\n\t<meta property=\"og:image:height\" content=\"400\" \/>\n\t<meta property=\"og:image:type\" content=\"image\/jpeg\" \/>\n<meta name=\"author\" content=\"Ramzi Haddad\" \/>\n<meta name=\"twitter:card\" content=\"summary_large_image\" \/>\n<meta name=\"twitter:creator\" content=\"@webdo_tn\" \/>\n<meta name=\"twitter:site\" content=\"@webdo_tn\" \/>\n<meta name=\"twitter:label1\" content=\"\u00c9crit par\" \/>\n\t<meta name=\"twitter:data1\" content=\"Ramzi Haddad\" \/>\n\t<meta name=\"twitter:label2\" content=\"Dur\u00e9e de lecture estim\u00e9e\" \/>\n\t<meta name=\"twitter:data2\" content=\"3 minutes\" \/>\n<script type=\"application\/ld+json\" class=\"yoast-schema-graph\">{\"@context\":\"https:\\\/\\\/schema.org\",\"@graph\":[{\"@type\":\"NewsArticle\",\"@id\":\"https:\\\/\\\/www.webdo.tn\\\/fr\\\/actualite\\\/national\\\/trois-policiers-francais-interpelles-a-l-aeroport-tunis-carthage\\\/210340\\\/#article\",\"isPartOf\":{\"@id\":\"https:\\\/\\\/www.webdo.tn\\\/fr\\\/actualite\\\/national\\\/trois-policiers-francais-interpelles-a-l-aeroport-tunis-carthage\\\/210340\\\/\"},\"author\":{\"name\":\"Ramzi Haddad\",\"@id\":\"https:\\\/\\\/www.webdo.tn\\\/fr\\\/#\\\/schema\\\/person\\\/5663044c25eb36d8f88ba5b653f12f8c\"},\"headline\":\"Trois policiers fran\u00e7ais interpell\u00e9s \u00e0 l\u2019a\u00e9roport Tunis-Carthage\",\"datePublished\":\"2023-11-24T13:08:00+00:00\",\"mainEntityOfPage\":{\"@id\":\"https:\\\/\\\/www.webdo.tn\\\/fr\\\/actualite\\\/national\\\/trois-policiers-francais-interpelles-a-l-aeroport-tunis-carthage\\\/210340\\\/\"},\"wordCount\":532,\"commentCount\":0,\"publisher\":{\"@id\":\"https:\\\/\\\/www.webdo.tn\\\/fr\\\/#organization\"},\"image\":{\"@id\":\"https:\\\/\\\/www.webdo.tn\\\/fr\\\/actualite\\\/national\\\/trois-policiers-francais-interpelles-a-l-aeroport-tunis-carthage\\\/210340\\\/#primaryimage\"},\"thumbnailUrl\":\"https:\\\/\\\/www.webdo.tn\\\/fr\\\/wp-content\\\/uploads\\\/2023\\\/11\\\/968e56064e015a53461b443f51f029b9.jpg\",\"keywords\":[\"'OQTF']\",\"france\",\"fronti\u00e8res\",\"police\",\"Tunis-Carthage\",\"Tunisie\"],\"articleSection\":[\"National\"],\"inLanguage\":\"fr-FR\"},{\"@type\":\"WebPage\",\"@id\":\"https:\\\/\\\/www.webdo.tn\\\/fr\\\/actualite\\\/national\\\/trois-policiers-francais-interpelles-a-l-aeroport-tunis-carthage\\\/210340\\\/\",\"url\":\"https:\\\/\\\/www.webdo.tn\\\/fr\\\/actualite\\\/national\\\/trois-policiers-francais-interpelles-a-l-aeroport-tunis-carthage\\\/210340\\\/\",\"name\":\"Trois policiers fran\u00e7ais interpell\u00e9s \u00e0 l\u2019a\u00e9roport Tunis-Carthage\",\"isPartOf\":{\"@id\":\"https:\\\/\\\/www.webdo.tn\\\/fr\\\/#website\"},\"primaryImageOfPage\":{\"@id\":\"https:\\\/\\\/www.webdo.tn\\\/fr\\\/actualite\\\/national\\\/trois-policiers-francais-interpelles-a-l-aeroport-tunis-carthage\\\/210340\\\/#primaryimage\"},\"image\":{\"@id\":\"https:\\\/\\\/www.webdo.tn\\\/fr\\\/actualite\\\/national\\\/trois-policiers-francais-interpelles-a-l-aeroport-tunis-carthage\\\/210340\\\/#primaryimage\"},\"thumbnailUrl\":\"https:\\\/\\\/www.webdo.tn\\\/fr\\\/wp-content\\\/uploads\\\/2023\\\/11\\\/968e56064e015a53461b443f51f029b9.jpg\",\"datePublished\":\"2023-11-24T13:08:00+00:00\",\"description\":\"Les trois officiers de la police aux fronti\u00e8res (PAF) interpell\u00e9s, mardi 21 novembre 2023, en fin d\u2019apr\u00e8s-midi \u00e0 l\u2019a\u00e9roport Tunis-Carthage, escortaient un Tunis...\",\"breadcrumb\":{\"@id\":\"https:\\\/\\\/www.webdo.tn\\\/fr\\\/actualite\\\/national\\\/trois-policiers-francais-interpelles-a-l-aeroport-tunis-carthage\\\/210340\\\/#breadcrumb\"},\"inLanguage\":\"fr-FR\",\"potentialAction\":[{\"@type\":\"ReadAction\",\"target\":[\"https:\\\/\\\/www.webdo.tn\\\/fr\\\/actualite\\\/national\\\/trois-policiers-francais-interpelles-a-l-aeroport-tunis-carthage\\\/210340\\\/\"]}]},{\"@type\":\"ImageObject\",\"inLanguage\":\"fr-FR\",\"@id\":\"https:\\\/\\\/www.webdo.tn\\\/fr\\\/actualite\\\/national\\\/trois-policiers-francais-interpelles-a-l-aeroport-tunis-carthage\\\/210340\\\/#primaryimage\",\"url\":\"https:\\\/\\\/www.webdo.tn\\\/fr\\\/wp-content\\\/uploads\\\/2023\\\/11\\\/968e56064e015a53461b443f51f029b9.jpg\",\"contentUrl\":\"https:\\\/\\\/www.webdo.tn\\\/fr\\\/wp-content\\\/uploads\\\/2023\\\/11\\\/968e56064e015a53461b443f51f029b9.jpg\",\"width\":750,\"height\":400,\"caption\":\"Trois policiers fran\u00e7ais interpell\u00e9s \u00e0 l\u2019a\u00e9roport Tunis-Carthage\"},{\"@type\":\"BreadcrumbList\",\"@id\":\"https:\\\/\\\/www.webdo.tn\\\/fr\\\/actualite\\\/national\\\/trois-policiers-francais-interpelles-a-l-aeroport-tunis-carthage\\\/210340\\\/#breadcrumb\",\"itemListElement\":[{\"@type\":\"ListItem\",\"position\":1,\"name\":\"Accueil\",\"item\":\"https:\\\/\\\/www.webdo.tn\\\/fr\\\/\"},{\"@type\":\"ListItem\",\"position\":2,\"name\":\"Trois policiers fran\u00e7ais interpell\u00e9s \u00e0 l\u2019a\u00e9roport Tunis-Carthage\"}]},{\"@type\":\"WebSite\",\"@id\":\"https:\\\/\\\/www.webdo.tn\\\/fr\\\/#website\",\"url\":\"https:\\\/\\\/www.webdo.tn\\\/fr\\\/\",\"name\":\"webdo\",\"description\":\"Tunisie - News en Tunisie et \u00e0 l&#039;international sur Webdo.tn\",\"publisher\":{\"@id\":\"https:\\\/\\\/www.webdo.tn\\\/fr\\\/#organization\"},\"potentialAction\":[{\"@type\":\"SearchAction\",\"target\":{\"@type\":\"EntryPoint\",\"urlTemplate\":\"https:\\\/\\\/www.webdo.tn\\\/fr\\\/?s={search_term_string}\"},\"query-input\":{\"@type\":\"PropertyValueSpecification\",\"valueRequired\":true,\"valueName\":\"search_term_string\"}}],\"inLanguage\":\"fr-FR\"},{\"@type\":\"Organization\",\"@id\":\"https:\\\/\\\/www.webdo.tn\\\/fr\\\/#organization\",\"name\":\"Webdo\",\"alternateName\":\"Webdo.tn\",\"url\":\"https:\\\/\\\/www.webdo.tn\\\/fr\\\/\",\"logo\":{\"@type\":\"ImageObject\",\"inLanguage\":\"fr-FR\",\"@id\":\"https:\\\/\\\/www.webdo.tn\\\/fr\\\/#\\\/schema\\\/logo\\\/image\\\/\",\"url\":\"https:\\\/\\\/www.webdo.tn\\\/fr\\\/wp-content\\\/uploads\\\/2025\\\/06\\\/Webdo-Tunisie_168377.jpg\",\"contentUrl\":\"https:\\\/\\\/www.webdo.tn\\\/fr\\\/wp-content\\\/uploads\\\/2025\\\/06\\\/Webdo-Tunisie_168377.jpg\",\"width\":301,\"height\":301,\"caption\":\"Webdo\"},\"image\":{\"@id\":\"https:\\\/\\\/www.webdo.tn\\\/fr\\\/#\\\/schema\\\/logo\\\/image\\\/\"},\"sameAs\":[\"https:\\\/\\\/www.facebook.com\\\/webdotn\",\"https:\\\/\\\/x.com\\\/webdo_tn\"],\"description\":\"Webdo est un m\u00e9dia num\u00e9rique tunisien fond\u00e9 en 2010, sp\u00e9cialis\u00e9 dans l\u2019actualit\u00e9 nationale et internationale, l\u2019\u00e9conomie, la soci\u00e9t\u00e9 et les analyses politiques. Le site s\u2019adresse \u00e0 un large public francophone et couvre l\u2019information tunisienne en temps r\u00e9el.\",\"email\":\"redac@webdo.tn\",\"legalName\":\"YNJ SARL\",\"foundingDate\":\"2010-09-06\",\"numberOfEmployees\":{\"@type\":\"QuantitativeValue\",\"minValue\":\"11\",\"maxValue\":\"50\"}},{\"@type\":\"Person\",\"@id\":\"https:\\\/\\\/www.webdo.tn\\\/fr\\\/#\\\/schema\\\/person\\\/5663044c25eb36d8f88ba5b653f12f8c\",\"name\":\"Ramzi Haddad\",\"image\":{\"@type\":\"ImageObject\",\"inLanguage\":\"fr-FR\",\"@id\":\"https:\\\/\\\/www.webdo.tn\\\/fr\\\/wp-content\\\/uploads\\\/2026\\\/04\\\/ramzi-haddad_avatar-96x96.jpg\",\"url\":\"https:\\\/\\\/www.webdo.tn\\\/fr\\\/wp-content\\\/uploads\\\/2026\\\/04\\\/ramzi-haddad_avatar-96x96.jpg\",\"contentUrl\":\"https:\\\/\\\/www.webdo.tn\\\/fr\\\/wp-content\\\/uploads\\\/2026\\\/04\\\/ramzi-haddad_avatar-96x96.jpg\",\"caption\":\"Ramzi Haddad\"},\"description\":\"Signature \u00e9ditoriale de Walid Ben Youssef Ramzi Haddad est le pseudonyme \u00e9ditorial de Walid Ben Youssef, fondateur et g\u00e9rant de Webdo.tn. Cette signature est d\u00e9di\u00e9e \u00e0 la couverture de l'actualit\u00e9 nationale et internationale, ainsi qu'aux analyses des dynamiques num\u00e9riques. Ce profil b\u00e9n\u00e9ficie de l'expertise de Walid Ben Youssef, pionnier du web en Tunisie depuis 2000 et dipl\u00f4m\u00e9 en Math\u00e9matiques pures de l'Universit\u00e9 d'Oregon. \u00c0 travers cette signature, la r\u00e9daction de Webdo garantit une information structur\u00e9e et v\u00e9rifi\u00e9e, fid\u00e8le aux standards journalistiques du m\u00e9dia.\",\"url\":\"https:\\\/\\\/www.webdo.tn\\\/fr\\\/actualite\\\/author\\\/ramzi-haddad\\\/\"}]}<\/script>\n<!-- \/ Yoast SEO Premium plugin. -->","yoast_head_json":{"title":"Trois policiers fran\u00e7ais interpell\u00e9s \u00e0 l\u2019a\u00e9roport Tunis-Carthage","description":"Les trois officiers de la police aux fronti\u00e8res (PAF) interpell\u00e9s, mardi 21 novembre 2023, en fin d\u2019apr\u00e8s-midi \u00e0 l\u2019a\u00e9roport Tunis-Carthage, escortaient un Tunis...","canonical":"https:\/\/www.webdo.tn\/fr\/actualite\/national\/trois-policiers-francais-interpelles-a-l-aeroport-tunis-carthage\/210340\/","og_locale":"fr_FR","og_type":"article","og_title":"Trois policiers fran\u00e7ais interpell\u00e9s \u00e0 l\u2019a\u00e9roport Tunis-Carthage","og_description":"Les trois officiers de la police aux fronti\u00e8res (PAF) interpell\u00e9s, mardi 21 novembre 2023, en fin d\u2019apr\u00e8s-midi \u00e0 l\u2019a\u00e9roport Tunis-Carthage, escortaient un Tunis...","og_url":"https:\/\/www.webdo.tn\/fr\/actualite\/national\/trois-policiers-francais-interpelles-a-l-aeroport-tunis-carthage\/210340\/","og_site_name":"webdo","article_publisher":"https:\/\/www.facebook.com\/webdotn","article_published_time":"2023-11-24T13:08:00+00:00","og_image":[{"width":750,"height":400,"url":"https:\/\/www.webdo.tn\/fr\/wp-content\/uploads\/2023\/11\/968e56064e015a53461b443f51f029b9.jpg","type":"image\/jpeg"}],"author":"Ramzi Haddad","twitter_card":"summary_large_image","twitter_creator":"@webdo_tn","twitter_site":"@webdo_tn","twitter_misc":{"\u00c9crit par":"Ramzi Haddad","Dur\u00e9e de lecture estim\u00e9e":"3 minutes"},"schema":{"@context":"https:\/\/schema.org","@graph":[{"@type":"NewsArticle","@id":"https:\/\/www.webdo.tn\/fr\/actualite\/national\/trois-policiers-francais-interpelles-a-l-aeroport-tunis-carthage\/210340\/#article","isPartOf":{"@id":"https:\/\/www.webdo.tn\/fr\/actualite\/national\/trois-policiers-francais-interpelles-a-l-aeroport-tunis-carthage\/210340\/"},"author":{"name":"Ramzi Haddad","@id":"https:\/\/www.webdo.tn\/fr\/#\/schema\/person\/5663044c25eb36d8f88ba5b653f12f8c"},"headline":"Trois policiers fran\u00e7ais interpell\u00e9s \u00e0 l\u2019a\u00e9roport Tunis-Carthage","datePublished":"2023-11-24T13:08:00+00:00","mainEntityOfPage":{"@id":"https:\/\/www.webdo.tn\/fr\/actualite\/national\/trois-policiers-francais-interpelles-a-l-aeroport-tunis-carthage\/210340\/"},"wordCount":532,"commentCount":0,"publisher":{"@id":"https:\/\/www.webdo.tn\/fr\/#organization"},"image":{"@id":"https:\/\/www.webdo.tn\/fr\/actualite\/national\/trois-policiers-francais-interpelles-a-l-aeroport-tunis-carthage\/210340\/#primaryimage"},"thumbnailUrl":"https:\/\/www.webdo.tn\/fr\/wp-content\/uploads\/2023\/11\/968e56064e015a53461b443f51f029b9.jpg","keywords":["'OQTF']","france","fronti\u00e8res","police","Tunis-Carthage","Tunisie"],"articleSection":["National"],"inLanguage":"fr-FR"},{"@type":"WebPage","@id":"https:\/\/www.webdo.tn\/fr\/actualite\/national\/trois-policiers-francais-interpelles-a-l-aeroport-tunis-carthage\/210340\/","url":"https:\/\/www.webdo.tn\/fr\/actualite\/national\/trois-policiers-francais-interpelles-a-l-aeroport-tunis-carthage\/210340\/","name":"Trois policiers fran\u00e7ais interpell\u00e9s \u00e0 l\u2019a\u00e9roport Tunis-Carthage","isPartOf":{"@id":"https:\/\/www.webdo.tn\/fr\/#website"},"primaryImageOfPage":{"@id":"https:\/\/www.webdo.tn\/fr\/actualite\/national\/trois-policiers-francais-interpelles-a-l-aeroport-tunis-carthage\/210340\/#primaryimage"},"image":{"@id":"https:\/\/www.webdo.tn\/fr\/actualite\/national\/trois-policiers-francais-interpelles-a-l-aeroport-tunis-carthage\/210340\/#primaryimage"},"thumbnailUrl":"https:\/\/www.webdo.tn\/fr\/wp-content\/uploads\/2023\/11\/968e56064e015a53461b443f51f029b9.jpg","datePublished":"2023-11-24T13:08:00+00:00","description":"Les trois officiers de la police aux fronti\u00e8res (PAF) interpell\u00e9s, mardi 21 novembre 2023, en fin d\u2019apr\u00e8s-midi \u00e0 l\u2019a\u00e9roport Tunis-Carthage, escortaient un Tunis...","breadcrumb":{"@id":"https:\/\/www.webdo.tn\/fr\/actualite\/national\/trois-policiers-francais-interpelles-a-l-aeroport-tunis-carthage\/210340\/#breadcrumb"},"inLanguage":"fr-FR","potentialAction":[{"@type":"ReadAction","target":["https:\/\/www.webdo.tn\/fr\/actualite\/national\/trois-policiers-francais-interpelles-a-l-aeroport-tunis-carthage\/210340\/"]}]},{"@type":"ImageObject","inLanguage":"fr-FR","@id":"https:\/\/www.webdo.tn\/fr\/actualite\/national\/trois-policiers-francais-interpelles-a-l-aeroport-tunis-carthage\/210340\/#primaryimage","url":"https:\/\/www.webdo.tn\/fr\/wp-content\/uploads\/2023\/11\/968e56064e015a53461b443f51f029b9.jpg","contentUrl":"https:\/\/www.webdo.tn\/fr\/wp-content\/uploads\/2023\/11\/968e56064e015a53461b443f51f029b9.jpg","width":750,"height":400,"caption":"Trois policiers fran\u00e7ais interpell\u00e9s \u00e0 l\u2019a\u00e9roport Tunis-Carthage"},{"@type":"BreadcrumbList","@id":"https:\/\/www.webdo.tn\/fr\/actualite\/national\/trois-policiers-francais-interpelles-a-l-aeroport-tunis-carthage\/210340\/#breadcrumb","itemListElement":[{"@type":"ListItem","position":1,"name":"Accueil","item":"https:\/\/www.webdo.tn\/fr\/"},{"@type":"ListItem","position":2,"name":"Trois policiers fran\u00e7ais interpell\u00e9s \u00e0 l\u2019a\u00e9roport Tunis-Carthage"}]},{"@type":"WebSite","@id":"https:\/\/www.webdo.tn\/fr\/#website","url":"https:\/\/www.webdo.tn\/fr\/","name":"webdo","description":"Tunisie - News en Tunisie et \u00e0 l&#039;international sur Webdo.tn","publisher":{"@id":"https:\/\/www.webdo.tn\/fr\/#organization"},"potentialAction":[{"@type":"SearchAction","target":{"@type":"EntryPoint","urlTemplate":"https:\/\/www.webdo.tn\/fr\/?s={search_term_string}"},"query-input":{"@type":"PropertyValueSpecification","valueRequired":true,"valueName":"search_term_string"}}],"inLanguage":"fr-FR"},{"@type":"Organization","@id":"https:\/\/www.webdo.tn\/fr\/#organization","name":"Webdo","alternateName":"Webdo.tn","url":"https:\/\/www.webdo.tn\/fr\/","logo":{"@type":"ImageObject","inLanguage":"fr-FR","@id":"https:\/\/www.webdo.tn\/fr\/#\/schema\/logo\/image\/","url":"https:\/\/www.webdo.tn\/fr\/wp-content\/uploads\/2025\/06\/Webdo-Tunisie_168377.jpg","contentUrl":"https:\/\/www.webdo.tn\/fr\/wp-content\/uploads\/2025\/06\/Webdo-Tunisie_168377.jpg","width":301,"height":301,"caption":"Webdo"},"image":{"@id":"https:\/\/www.webdo.tn\/fr\/#\/schema\/logo\/image\/"},"sameAs":["https:\/\/www.facebook.com\/webdotn","https:\/\/x.com\/webdo_tn"],"description":"Webdo est un m\u00e9dia num\u00e9rique tunisien fond\u00e9 en 2010, sp\u00e9cialis\u00e9 dans l\u2019actualit\u00e9 nationale et internationale, l\u2019\u00e9conomie, la soci\u00e9t\u00e9 et les analyses politiques. Le site s\u2019adresse \u00e0 un large public francophone et couvre l\u2019information tunisienne en temps r\u00e9el.","email":"redac@webdo.tn","legalName":"YNJ SARL","foundingDate":"2010-09-06","numberOfEmployees":{"@type":"QuantitativeValue","minValue":"11","maxValue":"50"}},{"@type":"Person","@id":"https:\/\/www.webdo.tn\/fr\/#\/schema\/person\/5663044c25eb36d8f88ba5b653f12f8c","name":"Ramzi Haddad","image":{"@type":"ImageObject","inLanguage":"fr-FR","@id":"https:\/\/www.webdo.tn\/fr\/wp-content\/uploads\/2026\/04\/ramzi-haddad_avatar-96x96.jpg","url":"https:\/\/www.webdo.tn\/fr\/wp-content\/uploads\/2026\/04\/ramzi-haddad_avatar-96x96.jpg","contentUrl":"https:\/\/www.webdo.tn\/fr\/wp-content\/uploads\/2026\/04\/ramzi-haddad_avatar-96x96.jpg","caption":"Ramzi Haddad"},"description":"Signature \u00e9ditoriale de Walid Ben Youssef Ramzi Haddad est le pseudonyme \u00e9ditorial de Walid Ben Youssef, fondateur et g\u00e9rant de Webdo.tn. Cette signature est d\u00e9di\u00e9e \u00e0 la couverture de l'actualit\u00e9 nationale et internationale, ainsi qu'aux analyses des dynamiques num\u00e9riques. Ce profil b\u00e9n\u00e9ficie de l'expertise de Walid Ben Youssef, pionnier du web en Tunisie depuis 2000 et dipl\u00f4m\u00e9 en Math\u00e9matiques pures de l'Universit\u00e9 d'Oregon. \u00c0 travers cette signature, la r\u00e9daction de Webdo garantit une information structur\u00e9e et v\u00e9rifi\u00e9e, fid\u00e8le aux standards journalistiques du m\u00e9dia.","url":"https:\/\/www.webdo.tn\/fr\/actualite\/author\/ramzi-haddad\/"}]}},"_links":{"self":[{"href":"https:\/\/www.webdo.tn\/fr\/wp-json\/wp\/v2\/posts\/210340","targetHints":{"allow":["GET"]}}],"collection":[{"href":"https:\/\/www.webdo.tn\/fr\/wp-json\/wp\/v2\/posts"}],"about":[{"href":"https:\/\/www.webdo.tn\/fr\/wp-json\/wp\/v2\/types\/post"}],"author":[{"embeddable":true,"href":"https:\/\/www.webdo.tn\/fr\/wp-json\/wp\/v2\/users\/3203"}],"replies":[{"embeddable":true,"href":"https:\/\/www.webdo.tn\/fr\/wp-json\/wp\/v2\/comments?post=210340"}],"version-history":[{"count":0,"href":"https:\/\/www.webdo.tn\/fr\/wp-json\/wp\/v2\/posts\/210340\/revisions"}],"wp:featuredmedia":[{"embeddable":true,"href":"https:\/\/www.webdo.tn\/fr\/wp-json\/wp\/v2\/media\/289909"}],"wp:attachment":[{"href":"https:\/\/www.webdo.tn\/fr\/wp-json\/wp\/v2\/media?parent=210340"}],"wp:term":[{"taxonomy":"category","embeddable":true,"href":"https:\/\/www.webdo.tn\/fr\/wp-json\/wp\/v2\/categories?post=210340"},{"taxonomy":"post_tag","embeddable":true,"href":"https:\/\/www.webdo.tn\/fr\/wp-json\/wp\/v2\/tags?post=210340"}],"curies":[{"name":"wp","href":"https:\/\/api.w.org\/{rel}","templated":true}]}}