{"id":210339,"date":"2023-11-24T12:03:00","date_gmt":"2023-11-24T12:03:00","guid":{"rendered":"https:\/\/www.webdo.tn\/fr\/blog\/115-enfants-palestiniens-tues-chaque-jour-a-gaza-denonce-l-unicef\/210339\/"},"modified":"2023-11-24T12:03:00","modified_gmt":"2023-11-24T12:03:00","slug":"115-enfants-palestiniens-tues-chaque-jour-a-gaza-denonce-l-unicef","status":"publish","type":"post","link":"https:\/\/www.webdo.tn\/fr\/actualite\/international\/115-enfants-palestiniens-tues-chaque-jour-a-gaza-denonce-l-unicef\/210339\/","title":{"rendered":"115 enfants palestiniens tu\u00e9s chaque jour \u00e0 Gaza, d\u00e9nonce l\u2019Unicef"},"content":{"rendered":"<p>La bande de Gaza est aujourd\u2019hui le lieu \u00ab le plus dangereux au monde pour un enfant \u00bb, alerte l\u2019Unicef.<\/p>\n<p>\t\t\t\t\t\t\t\t\tLa patronne de l\u2019Unicef, Catherine Russell, a d\u00e9nonc\u00e9, hier, devant le Conseil de s\u00e9curit\u00e9 le \u00ab\u00a0carnage\u00a0\u00bb dont est victime la population de Gaza soutenant que l\u2019enclave palestinienne est aujourd\u2019hui \u00ab\u00a0l\u2019endroit le plus dangereux au monde pour un enfant\u00a0\u00bb.<\/p>\n<p>La responsable a ajout\u00e9 que les pauses humanitaires ne sont \u00ab\u00a0pas suffisantes\u00a0\u00bb pour arr\u00eater cette tuerie.<\/p>\n<p>\u00ab\u00a0Plus de 5300 enfants palestiniens auraient \u00e9t\u00e9 tu\u00e9s en seulement 46 jours, cela repr\u00e9sente 115 enfants par jour\u00a0\u00bb, a pr\u00e9cis\u00e9 Catherine Russell. \u00ab\u00a0Selon ces chiffres, les enfants repr\u00e9sentent 40% des morts \u00e0 Gaza. C\u2019est sans pr\u00e9c\u00e9dent\u00a0\u00bb.<\/p>\n<p>Elle a \u00e9voqu\u00e9 \u00e9galement 1200 enfants port\u00e9s disparus, certains probablement sous les d\u00e9combres des bombardements.<\/p>\n<p>Au-del\u00e0 des victimes directes des combats, Catherine Russel s\u2019est inqui\u00e9t\u00e9e des risques d\u2019\u00e9pid\u00e9mies, du fait de la quasi-absence d\u2019eau potable, en particulier pour les nouveau-n\u00e9s, et de la malnutrition.<\/p>\n<p>Dans des chiffres actualis\u00e9s, le gouvernement du Hamas a annonc\u00e9, hier, soir, que pr\u00e8s de 14.854 personnes ont \u00e9t\u00e9 tu\u00e9es dans la bande de Gaza depuis le d\u00e9but de la guerre, dont 6150 enfants. En outre, 36.000 personnes auraient \u00e9t\u00e9 bless\u00e9es.<\/p>\n<p>Le minist\u00e8re de la sant\u00e9 du Hamas assure de son c\u00f4t\u00e9 que des dizaines de corps jonchent les rues du nord de la bande de Gaza et qu\u2019il est impossible de les recenser \u00e0 cause de l\u2019intensit\u00e9 des frappes.<\/p>\n","protected":false},"excerpt":{"rendered":"<p>La patronne de l\u2019Unicef, Catherine Russell, a d\u00e9nonc\u00e9, hier, devant le Conseil de s\u00e9curit\u00e9 le  carnage  dont est victime la population de Gaza soutenant que l\u2019e&#8230;<\/p>\n","protected":false},"author":3203,"featured_media":289907,"comment_status":"open","ping_status":"closed","sticky":false,"template":"","format":"standard","meta":{"footnotes":""},"categories":[2598],"tags":[2956,2689,4472,3208,7756],"class_list":["post-210339","post","type-post","status-publish","format-standard","has-post-thumbnail","hentry","category-international","tag-enfants","tag-gaza","tag-martyrs","tag-morts","tag-unicef"],"yoast_head":"<!-- This site is optimized with the Yoast SEO Premium plugin v27.4 (Yoast SEO v27.5) - https:\/\/yoast.com\/product\/yoast-seo-premium-wordpress\/ -->\n<title>115 enfants palestiniens tu\u00e9s chaque jour \u00e0 Gaza, d\u00e9nonce l\u2019Unicef<\/title>\n<meta name=\"description\" content=\"La patronne de l\u2019Unicef, Catherine Russell, a d\u00e9nonc\u00e9, hier, devant le Conseil de s\u00e9curit\u00e9 le carnage dont est victime la population de Gaza soutenant que l\u2019e...\" \/>\n<link rel=\"canonical\" href=\"https:\/\/www.webdo.tn\/fr\/actualite\/international\/115-enfants-palestiniens-tues-chaque-jour-a-gaza-denonce-l-unicef\/210339\/\" \/>\n<meta property=\"og:locale\" content=\"fr_FR\" \/>\n<meta property=\"og:type\" content=\"article\" \/>\n<meta property=\"og:title\" content=\"115 enfants palestiniens tu\u00e9s chaque jour \u00e0 Gaza, d\u00e9nonce l\u2019Unicef\" \/>\n<meta property=\"og:description\" content=\"La patronne de l\u2019Unicef, Catherine Russell, a d\u00e9nonc\u00e9, hier, devant le Conseil de s\u00e9curit\u00e9 le carnage dont est victime la population de Gaza soutenant que l\u2019e...\" \/>\n<meta property=\"og:url\" content=\"https:\/\/www.webdo.tn\/fr\/actualite\/international\/115-enfants-palestiniens-tues-chaque-jour-a-gaza-denonce-l-unicef\/210339\/\" \/>\n<meta property=\"og:site_name\" content=\"webdo\" \/>\n<meta property=\"article:publisher\" content=\"https:\/\/www.facebook.com\/webdotn\" \/>\n<meta property=\"article:published_time\" content=\"2023-11-24T12:03:00+00:00\" \/>\n<meta property=\"og:image\" content=\"https:\/\/www.webdo.tn\/fr\/wp-content\/uploads\/2023\/11\/e2303a3f9ecefcc40f85bf454660d9b1.jpg\" \/>\n\t<meta property=\"og:image:width\" content=\"750\" \/>\n\t<meta property=\"og:image:height\" content=\"400\" \/>\n\t<meta property=\"og:image:type\" content=\"image\/jpeg\" \/>\n<meta name=\"author\" content=\"Ramzi Haddad\" \/>\n<meta name=\"twitter:card\" content=\"summary_large_image\" \/>\n<meta name=\"twitter:creator\" content=\"@webdo_tn\" \/>\n<meta name=\"twitter:site\" content=\"@webdo_tn\" \/>\n<meta name=\"twitter:label1\" content=\"\u00c9crit par\" \/>\n\t<meta name=\"twitter:data1\" content=\"Ramzi Haddad\" \/>\n\t<meta name=\"twitter:label2\" content=\"Dur\u00e9e de lecture estim\u00e9e\" \/>\n\t<meta name=\"twitter:data2\" content=\"1 minute\" \/>\n<script type=\"application\/ld+json\" class=\"yoast-schema-graph\">{\"@context\":\"https:\\\/\\\/schema.org\",\"@graph\":[{\"@type\":\"NewsArticle\",\"@id\":\"https:\\\/\\\/www.webdo.tn\\\/fr\\\/actualite\\\/international\\\/115-enfants-palestiniens-tues-chaque-jour-a-gaza-denonce-l-unicef\\\/210339\\\/#article\",\"isPartOf\":{\"@id\":\"https:\\\/\\\/www.webdo.tn\\\/fr\\\/actualite\\\/international\\\/115-enfants-palestiniens-tues-chaque-jour-a-gaza-denonce-l-unicef\\\/210339\\\/\"},\"author\":{\"name\":\"Ramzi Haddad\",\"@id\":\"https:\\\/\\\/www.webdo.tn\\\/fr\\\/#\\\/schema\\\/person\\\/5663044c25eb36d8f88ba5b653f12f8c\"},\"headline\":\"115 enfants palestiniens tu\u00e9s chaque jour \u00e0 Gaza, d\u00e9nonce l\u2019Unicef\",\"datePublished\":\"2023-11-24T12:03:00+00:00\",\"mainEntityOfPage\":{\"@id\":\"https:\\\/\\\/www.webdo.tn\\\/fr\\\/actualite\\\/international\\\/115-enfants-palestiniens-tues-chaque-jour-a-gaza-denonce-l-unicef\\\/210339\\\/\"},\"wordCount\":267,\"commentCount\":0,\"publisher\":{\"@id\":\"https:\\\/\\\/www.webdo.tn\\\/fr\\\/#organization\"},\"image\":{\"@id\":\"https:\\\/\\\/www.webdo.tn\\\/fr\\\/actualite\\\/international\\\/115-enfants-palestiniens-tues-chaque-jour-a-gaza-denonce-l-unicef\\\/210339\\\/#primaryimage\"},\"thumbnailUrl\":\"https:\\\/\\\/www.webdo.tn\\\/fr\\\/wp-content\\\/uploads\\\/2023\\\/11\\\/e2303a3f9ecefcc40f85bf454660d9b1.jpg\",\"keywords\":[\"enfants\",\"Gaza\",\"Martyrs\",\"morts\",\"unicef\"],\"articleSection\":[\"International\"],\"inLanguage\":\"fr-FR\"},{\"@type\":\"WebPage\",\"@id\":\"https:\\\/\\\/www.webdo.tn\\\/fr\\\/actualite\\\/international\\\/115-enfants-palestiniens-tues-chaque-jour-a-gaza-denonce-l-unicef\\\/210339\\\/\",\"url\":\"https:\\\/\\\/www.webdo.tn\\\/fr\\\/actualite\\\/international\\\/115-enfants-palestiniens-tues-chaque-jour-a-gaza-denonce-l-unicef\\\/210339\\\/\",\"name\":\"115 enfants palestiniens tu\u00e9s chaque jour \u00e0 Gaza, d\u00e9nonce l\u2019Unicef\",\"isPartOf\":{\"@id\":\"https:\\\/\\\/www.webdo.tn\\\/fr\\\/#website\"},\"primaryImageOfPage\":{\"@id\":\"https:\\\/\\\/www.webdo.tn\\\/fr\\\/actualite\\\/international\\\/115-enfants-palestiniens-tues-chaque-jour-a-gaza-denonce-l-unicef\\\/210339\\\/#primaryimage\"},\"image\":{\"@id\":\"https:\\\/\\\/www.webdo.tn\\\/fr\\\/actualite\\\/international\\\/115-enfants-palestiniens-tues-chaque-jour-a-gaza-denonce-l-unicef\\\/210339\\\/#primaryimage\"},\"thumbnailUrl\":\"https:\\\/\\\/www.webdo.tn\\\/fr\\\/wp-content\\\/uploads\\\/2023\\\/11\\\/e2303a3f9ecefcc40f85bf454660d9b1.jpg\",\"datePublished\":\"2023-11-24T12:03:00+00:00\",\"description\":\"La patronne de l\u2019Unicef, Catherine Russell, a d\u00e9nonc\u00e9, hier, devant le Conseil de s\u00e9curit\u00e9 le carnage dont est victime la population de Gaza soutenant que l\u2019e...\",\"breadcrumb\":{\"@id\":\"https:\\\/\\\/www.webdo.tn\\\/fr\\\/actualite\\\/international\\\/115-enfants-palestiniens-tues-chaque-jour-a-gaza-denonce-l-unicef\\\/210339\\\/#breadcrumb\"},\"inLanguage\":\"fr-FR\",\"potentialAction\":[{\"@type\":\"ReadAction\",\"target\":[\"https:\\\/\\\/www.webdo.tn\\\/fr\\\/actualite\\\/international\\\/115-enfants-palestiniens-tues-chaque-jour-a-gaza-denonce-l-unicef\\\/210339\\\/\"]}]},{\"@type\":\"ImageObject\",\"inLanguage\":\"fr-FR\",\"@id\":\"https:\\\/\\\/www.webdo.tn\\\/fr\\\/actualite\\\/international\\\/115-enfants-palestiniens-tues-chaque-jour-a-gaza-denonce-l-unicef\\\/210339\\\/#primaryimage\",\"url\":\"https:\\\/\\\/www.webdo.tn\\\/fr\\\/wp-content\\\/uploads\\\/2023\\\/11\\\/e2303a3f9ecefcc40f85bf454660d9b1.jpg\",\"contentUrl\":\"https:\\\/\\\/www.webdo.tn\\\/fr\\\/wp-content\\\/uploads\\\/2023\\\/11\\\/e2303a3f9ecefcc40f85bf454660d9b1.jpg\",\"width\":750,\"height\":400,\"caption\":\"115 enfants palestiniens tu\u00e9s chaque jour \u00e0 Gaza, d\u00e9nonce l\u2019Unicef\"},{\"@type\":\"BreadcrumbList\",\"@id\":\"https:\\\/\\\/www.webdo.tn\\\/fr\\\/actualite\\\/international\\\/115-enfants-palestiniens-tues-chaque-jour-a-gaza-denonce-l-unicef\\\/210339\\\/#breadcrumb\",\"itemListElement\":[{\"@type\":\"ListItem\",\"position\":1,\"name\":\"Accueil\",\"item\":\"https:\\\/\\\/www.webdo.tn\\\/fr\\\/\"},{\"@type\":\"ListItem\",\"position\":2,\"name\":\"115 enfants palestiniens tu\u00e9s chaque jour \u00e0 Gaza, d\u00e9nonce l\u2019Unicef\"}]},{\"@type\":\"WebSite\",\"@id\":\"https:\\\/\\\/www.webdo.tn\\\/fr\\\/#website\",\"url\":\"https:\\\/\\\/www.webdo.tn\\\/fr\\\/\",\"name\":\"webdo\",\"description\":\"Tunisie - News en Tunisie et \u00e0 l&#039;international sur Webdo.tn\",\"publisher\":{\"@id\":\"https:\\\/\\\/www.webdo.tn\\\/fr\\\/#organization\"},\"potentialAction\":[{\"@type\":\"SearchAction\",\"target\":{\"@type\":\"EntryPoint\",\"urlTemplate\":\"https:\\\/\\\/www.webdo.tn\\\/fr\\\/?s={search_term_string}\"},\"query-input\":{\"@type\":\"PropertyValueSpecification\",\"valueRequired\":true,\"valueName\":\"search_term_string\"}}],\"inLanguage\":\"fr-FR\"},{\"@type\":\"Organization\",\"@id\":\"https:\\\/\\\/www.webdo.tn\\\/fr\\\/#organization\",\"name\":\"Webdo\",\"alternateName\":\"Webdo.tn\",\"url\":\"https:\\\/\\\/www.webdo.tn\\\/fr\\\/\",\"logo\":{\"@type\":\"ImageObject\",\"inLanguage\":\"fr-FR\",\"@id\":\"https:\\\/\\\/www.webdo.tn\\\/fr\\\/#\\\/schema\\\/logo\\\/image\\\/\",\"url\":\"https:\\\/\\\/www.webdo.tn\\\/fr\\\/wp-content\\\/uploads\\\/2025\\\/06\\\/Webdo-Tunisie_168377.jpg\",\"contentUrl\":\"https:\\\/\\\/www.webdo.tn\\\/fr\\\/wp-content\\\/uploads\\\/2025\\\/06\\\/Webdo-Tunisie_168377.jpg\",\"width\":301,\"height\":301,\"caption\":\"Webdo\"},\"image\":{\"@id\":\"https:\\\/\\\/www.webdo.tn\\\/fr\\\/#\\\/schema\\\/logo\\\/image\\\/\"},\"sameAs\":[\"https:\\\/\\\/www.facebook.com\\\/webdotn\",\"https:\\\/\\\/x.com\\\/webdo_tn\"],\"description\":\"Webdo est un m\u00e9dia num\u00e9rique tunisien fond\u00e9 en 2010, sp\u00e9cialis\u00e9 dans l\u2019actualit\u00e9 nationale et internationale, l\u2019\u00e9conomie, la soci\u00e9t\u00e9 et les analyses politiques. Le site s\u2019adresse \u00e0 un large public francophone et couvre l\u2019information tunisienne en temps r\u00e9el.\",\"email\":\"redac@webdo.tn\",\"legalName\":\"YNJ SARL\",\"foundingDate\":\"2010-09-06\",\"numberOfEmployees\":{\"@type\":\"QuantitativeValue\",\"minValue\":\"11\",\"maxValue\":\"50\"}},{\"@type\":\"Person\",\"@id\":\"https:\\\/\\\/www.webdo.tn\\\/fr\\\/#\\\/schema\\\/person\\\/5663044c25eb36d8f88ba5b653f12f8c\",\"name\":\"Ramzi Haddad\",\"image\":{\"@type\":\"ImageObject\",\"inLanguage\":\"fr-FR\",\"@id\":\"https:\\\/\\\/www.webdo.tn\\\/fr\\\/wp-content\\\/uploads\\\/2026\\\/04\\\/ramzi-haddad_avatar-96x96.jpg\",\"url\":\"https:\\\/\\\/www.webdo.tn\\\/fr\\\/wp-content\\\/uploads\\\/2026\\\/04\\\/ramzi-haddad_avatar-96x96.jpg\",\"contentUrl\":\"https:\\\/\\\/www.webdo.tn\\\/fr\\\/wp-content\\\/uploads\\\/2026\\\/04\\\/ramzi-haddad_avatar-96x96.jpg\",\"caption\":\"Ramzi Haddad\"},\"description\":\"Signature \u00e9ditoriale de Walid Ben Youssef Ramzi Haddad est le pseudonyme \u00e9ditorial de Walid Ben Youssef, fondateur et g\u00e9rant de Webdo.tn. Cette signature est d\u00e9di\u00e9e \u00e0 la couverture de l'actualit\u00e9 nationale et internationale, ainsi qu'aux analyses des dynamiques num\u00e9riques. Ce profil b\u00e9n\u00e9ficie de l'expertise de Walid Ben Youssef, pionnier du web en Tunisie depuis 2000 et dipl\u00f4m\u00e9 en Math\u00e9matiques pures de l'Universit\u00e9 d'Oregon. \u00c0 travers cette signature, la r\u00e9daction de Webdo garantit une information structur\u00e9e et v\u00e9rifi\u00e9e, fid\u00e8le aux standards journalistiques du m\u00e9dia.\",\"url\":\"https:\\\/\\\/www.webdo.tn\\\/fr\\\/actualite\\\/author\\\/ramzi-haddad\\\/\"}]}<\/script>\n<!-- \/ Yoast SEO Premium plugin. -->","yoast_head_json":{"title":"115 enfants palestiniens tu\u00e9s chaque jour \u00e0 Gaza, d\u00e9nonce l\u2019Unicef","description":"La patronne de l\u2019Unicef, Catherine Russell, a d\u00e9nonc\u00e9, hier, devant le Conseil de s\u00e9curit\u00e9 le carnage dont est victime la population de Gaza soutenant que l\u2019e...","canonical":"https:\/\/www.webdo.tn\/fr\/actualite\/international\/115-enfants-palestiniens-tues-chaque-jour-a-gaza-denonce-l-unicef\/210339\/","og_locale":"fr_FR","og_type":"article","og_title":"115 enfants palestiniens tu\u00e9s chaque jour \u00e0 Gaza, d\u00e9nonce l\u2019Unicef","og_description":"La patronne de l\u2019Unicef, Catherine Russell, a d\u00e9nonc\u00e9, hier, devant le Conseil de s\u00e9curit\u00e9 le carnage dont est victime la population de Gaza soutenant que l\u2019e...","og_url":"https:\/\/www.webdo.tn\/fr\/actualite\/international\/115-enfants-palestiniens-tues-chaque-jour-a-gaza-denonce-l-unicef\/210339\/","og_site_name":"webdo","article_publisher":"https:\/\/www.facebook.com\/webdotn","article_published_time":"2023-11-24T12:03:00+00:00","og_image":[{"width":750,"height":400,"url":"https:\/\/www.webdo.tn\/fr\/wp-content\/uploads\/2023\/11\/e2303a3f9ecefcc40f85bf454660d9b1.jpg","type":"image\/jpeg"}],"author":"Ramzi Haddad","twitter_card":"summary_large_image","twitter_creator":"@webdo_tn","twitter_site":"@webdo_tn","twitter_misc":{"\u00c9crit par":"Ramzi Haddad","Dur\u00e9e de lecture estim\u00e9e":"1 minute"},"schema":{"@context":"https:\/\/schema.org","@graph":[{"@type":"NewsArticle","@id":"https:\/\/www.webdo.tn\/fr\/actualite\/international\/115-enfants-palestiniens-tues-chaque-jour-a-gaza-denonce-l-unicef\/210339\/#article","isPartOf":{"@id":"https:\/\/www.webdo.tn\/fr\/actualite\/international\/115-enfants-palestiniens-tues-chaque-jour-a-gaza-denonce-l-unicef\/210339\/"},"author":{"name":"Ramzi Haddad","@id":"https:\/\/www.webdo.tn\/fr\/#\/schema\/person\/5663044c25eb36d8f88ba5b653f12f8c"},"headline":"115 enfants palestiniens tu\u00e9s chaque jour \u00e0 Gaza, d\u00e9nonce l\u2019Unicef","datePublished":"2023-11-24T12:03:00+00:00","mainEntityOfPage":{"@id":"https:\/\/www.webdo.tn\/fr\/actualite\/international\/115-enfants-palestiniens-tues-chaque-jour-a-gaza-denonce-l-unicef\/210339\/"},"wordCount":267,"commentCount":0,"publisher":{"@id":"https:\/\/www.webdo.tn\/fr\/#organization"},"image":{"@id":"https:\/\/www.webdo.tn\/fr\/actualite\/international\/115-enfants-palestiniens-tues-chaque-jour-a-gaza-denonce-l-unicef\/210339\/#primaryimage"},"thumbnailUrl":"https:\/\/www.webdo.tn\/fr\/wp-content\/uploads\/2023\/11\/e2303a3f9ecefcc40f85bf454660d9b1.jpg","keywords":["enfants","Gaza","Martyrs","morts","unicef"],"articleSection":["International"],"inLanguage":"fr-FR"},{"@type":"WebPage","@id":"https:\/\/www.webdo.tn\/fr\/actualite\/international\/115-enfants-palestiniens-tues-chaque-jour-a-gaza-denonce-l-unicef\/210339\/","url":"https:\/\/www.webdo.tn\/fr\/actualite\/international\/115-enfants-palestiniens-tues-chaque-jour-a-gaza-denonce-l-unicef\/210339\/","name":"115 enfants palestiniens tu\u00e9s chaque jour \u00e0 Gaza, d\u00e9nonce l\u2019Unicef","isPartOf":{"@id":"https:\/\/www.webdo.tn\/fr\/#website"},"primaryImageOfPage":{"@id":"https:\/\/www.webdo.tn\/fr\/actualite\/international\/115-enfants-palestiniens-tues-chaque-jour-a-gaza-denonce-l-unicef\/210339\/#primaryimage"},"image":{"@id":"https:\/\/www.webdo.tn\/fr\/actualite\/international\/115-enfants-palestiniens-tues-chaque-jour-a-gaza-denonce-l-unicef\/210339\/#primaryimage"},"thumbnailUrl":"https:\/\/www.webdo.tn\/fr\/wp-content\/uploads\/2023\/11\/e2303a3f9ecefcc40f85bf454660d9b1.jpg","datePublished":"2023-11-24T12:03:00+00:00","description":"La patronne de l\u2019Unicef, Catherine Russell, a d\u00e9nonc\u00e9, hier, devant le Conseil de s\u00e9curit\u00e9 le carnage dont est victime la population de Gaza soutenant que l\u2019e...","breadcrumb":{"@id":"https:\/\/www.webdo.tn\/fr\/actualite\/international\/115-enfants-palestiniens-tues-chaque-jour-a-gaza-denonce-l-unicef\/210339\/#breadcrumb"},"inLanguage":"fr-FR","potentialAction":[{"@type":"ReadAction","target":["https:\/\/www.webdo.tn\/fr\/actualite\/international\/115-enfants-palestiniens-tues-chaque-jour-a-gaza-denonce-l-unicef\/210339\/"]}]},{"@type":"ImageObject","inLanguage":"fr-FR","@id":"https:\/\/www.webdo.tn\/fr\/actualite\/international\/115-enfants-palestiniens-tues-chaque-jour-a-gaza-denonce-l-unicef\/210339\/#primaryimage","url":"https:\/\/www.webdo.tn\/fr\/wp-content\/uploads\/2023\/11\/e2303a3f9ecefcc40f85bf454660d9b1.jpg","contentUrl":"https:\/\/www.webdo.tn\/fr\/wp-content\/uploads\/2023\/11\/e2303a3f9ecefcc40f85bf454660d9b1.jpg","width":750,"height":400,"caption":"115 enfants palestiniens tu\u00e9s chaque jour \u00e0 Gaza, d\u00e9nonce l\u2019Unicef"},{"@type":"BreadcrumbList","@id":"https:\/\/www.webdo.tn\/fr\/actualite\/international\/115-enfants-palestiniens-tues-chaque-jour-a-gaza-denonce-l-unicef\/210339\/#breadcrumb","itemListElement":[{"@type":"ListItem","position":1,"name":"Accueil","item":"https:\/\/www.webdo.tn\/fr\/"},{"@type":"ListItem","position":2,"name":"115 enfants palestiniens tu\u00e9s chaque jour \u00e0 Gaza, d\u00e9nonce l\u2019Unicef"}]},{"@type":"WebSite","@id":"https:\/\/www.webdo.tn\/fr\/#website","url":"https:\/\/www.webdo.tn\/fr\/","name":"webdo","description":"Tunisie - News en Tunisie et \u00e0 l&#039;international sur Webdo.tn","publisher":{"@id":"https:\/\/www.webdo.tn\/fr\/#organization"},"potentialAction":[{"@type":"SearchAction","target":{"@type":"EntryPoint","urlTemplate":"https:\/\/www.webdo.tn\/fr\/?s={search_term_string}"},"query-input":{"@type":"PropertyValueSpecification","valueRequired":true,"valueName":"search_term_string"}}],"inLanguage":"fr-FR"},{"@type":"Organization","@id":"https:\/\/www.webdo.tn\/fr\/#organization","name":"Webdo","alternateName":"Webdo.tn","url":"https:\/\/www.webdo.tn\/fr\/","logo":{"@type":"ImageObject","inLanguage":"fr-FR","@id":"https:\/\/www.webdo.tn\/fr\/#\/schema\/logo\/image\/","url":"https:\/\/www.webdo.tn\/fr\/wp-content\/uploads\/2025\/06\/Webdo-Tunisie_168377.jpg","contentUrl":"https:\/\/www.webdo.tn\/fr\/wp-content\/uploads\/2025\/06\/Webdo-Tunisie_168377.jpg","width":301,"height":301,"caption":"Webdo"},"image":{"@id":"https:\/\/www.webdo.tn\/fr\/#\/schema\/logo\/image\/"},"sameAs":["https:\/\/www.facebook.com\/webdotn","https:\/\/x.com\/webdo_tn"],"description":"Webdo est un m\u00e9dia num\u00e9rique tunisien fond\u00e9 en 2010, sp\u00e9cialis\u00e9 dans l\u2019actualit\u00e9 nationale et internationale, l\u2019\u00e9conomie, la soci\u00e9t\u00e9 et les analyses politiques. Le site s\u2019adresse \u00e0 un large public francophone et couvre l\u2019information tunisienne en temps r\u00e9el.","email":"redac@webdo.tn","legalName":"YNJ SARL","foundingDate":"2010-09-06","numberOfEmployees":{"@type":"QuantitativeValue","minValue":"11","maxValue":"50"}},{"@type":"Person","@id":"https:\/\/www.webdo.tn\/fr\/#\/schema\/person\/5663044c25eb36d8f88ba5b653f12f8c","name":"Ramzi Haddad","image":{"@type":"ImageObject","inLanguage":"fr-FR","@id":"https:\/\/www.webdo.tn\/fr\/wp-content\/uploads\/2026\/04\/ramzi-haddad_avatar-96x96.jpg","url":"https:\/\/www.webdo.tn\/fr\/wp-content\/uploads\/2026\/04\/ramzi-haddad_avatar-96x96.jpg","contentUrl":"https:\/\/www.webdo.tn\/fr\/wp-content\/uploads\/2026\/04\/ramzi-haddad_avatar-96x96.jpg","caption":"Ramzi Haddad"},"description":"Signature \u00e9ditoriale de Walid Ben Youssef Ramzi Haddad est le pseudonyme \u00e9ditorial de Walid Ben Youssef, fondateur et g\u00e9rant de Webdo.tn. Cette signature est d\u00e9di\u00e9e \u00e0 la couverture de l'actualit\u00e9 nationale et internationale, ainsi qu'aux analyses des dynamiques num\u00e9riques. Ce profil b\u00e9n\u00e9ficie de l'expertise de Walid Ben Youssef, pionnier du web en Tunisie depuis 2000 et dipl\u00f4m\u00e9 en Math\u00e9matiques pures de l'Universit\u00e9 d'Oregon. \u00c0 travers cette signature, la r\u00e9daction de Webdo garantit une information structur\u00e9e et v\u00e9rifi\u00e9e, fid\u00e8le aux standards journalistiques du m\u00e9dia.","url":"https:\/\/www.webdo.tn\/fr\/actualite\/author\/ramzi-haddad\/"}]}},"_links":{"self":[{"href":"https:\/\/www.webdo.tn\/fr\/wp-json\/wp\/v2\/posts\/210339","targetHints":{"allow":["GET"]}}],"collection":[{"href":"https:\/\/www.webdo.tn\/fr\/wp-json\/wp\/v2\/posts"}],"about":[{"href":"https:\/\/www.webdo.tn\/fr\/wp-json\/wp\/v2\/types\/post"}],"author":[{"embeddable":true,"href":"https:\/\/www.webdo.tn\/fr\/wp-json\/wp\/v2\/users\/3203"}],"replies":[{"embeddable":true,"href":"https:\/\/www.webdo.tn\/fr\/wp-json\/wp\/v2\/comments?post=210339"}],"version-history":[{"count":0,"href":"https:\/\/www.webdo.tn\/fr\/wp-json\/wp\/v2\/posts\/210339\/revisions"}],"wp:featuredmedia":[{"embeddable":true,"href":"https:\/\/www.webdo.tn\/fr\/wp-json\/wp\/v2\/media\/289907"}],"wp:attachment":[{"href":"https:\/\/www.webdo.tn\/fr\/wp-json\/wp\/v2\/media?parent=210339"}],"wp:term":[{"taxonomy":"category","embeddable":true,"href":"https:\/\/www.webdo.tn\/fr\/wp-json\/wp\/v2\/categories?post=210339"},{"taxonomy":"post_tag","embeddable":true,"href":"https:\/\/www.webdo.tn\/fr\/wp-json\/wp\/v2\/tags?post=210339"}],"curies":[{"name":"wp","href":"https:\/\/api.w.org\/{rel}","templated":true}]}}