{"id":210328,"date":"2023-11-24T09:02:00","date_gmt":"2023-11-24T09:02:00","guid":{"rendered":"https:\/\/www.webdo.tn\/fr\/blog\/gaza-le-cessez-le-feu-entre-en-vigueur\/210328\/"},"modified":"2025-05-20T21:55:27","modified_gmt":"2025-05-20T21:55:27","slug":"gaza-le-cessez-le-feu-entre-en-vigueur","status":"publish","type":"post","link":"https:\/\/www.webdo.tn\/fr\/actualite\/international\/gaza-le-cessez-le-feu-entre-en-vigueur\/210328\/","title":{"rendered":"Gaza : Le cessez-le-feu entre en vigueur"},"content":{"rendered":"<p>Le cessez-le-feu entre le Hamas et Isra\u00ebl est entr\u00e9 en vigueur, ce vendredi 24 novembre 2023 \u00e0 7 heures, heure locale. L\u2019accord conclu mercredi pr\u00e9voit l\u2019\u00e9change de cinquante femmes et enfants d\u00e9tenus par le Hamas contre 150 prisonniers palestiniens, ainsi qu\u2019une accalmie des combats durant quatre jours.<\/p>\n<p>\t\t\t\t\t\t\t\t\tUne tr\u00eave de quatre jours entre le Hamas et Isra\u00ebl devant permettre la lib\u00e9ration d\u2019otages retenus dans la bande de Gaza en \u00e9change de prisonniers palestiniens est entr\u00e9e en vigueur officiellement vendredi \u00e0 7 heures locales.<\/p>\n<p>Cette \u00ab\u00a0pause humanitaire\u00a0\u00bb n\u00e9goci\u00e9e sous la houlette du Qatar, de l\u2019Egypte et des Etats-Unis intervient alors que la guerre entre Isra\u00ebl et le Hamas est entr\u00e9e dans son 49e jour. Les premi\u00e8res lib\u00e9rations d\u2019otages (13 femmes et enfants) sont attendues aux alentours de 16 heures locales. Au total 50 otages doivent \u00eatre lib\u00e9r\u00e9s contre 150 prisonniers palestiniens le temps de ce cessez-le-feu de quatre jours.<\/p>\n<p>L\u2019accord trouv\u00e9 pr\u00e9voit \u00e9galement l\u2019acheminement de 130 mille litres de carburant chaque jour et l\u2019entr\u00e9e quotidienne de 200 camions d\u2019aides humanitaires dans l\u2019enclave palestinienne. Des camions d\u2019aide humanitaire venus d\u2019Egypte sont d\u2019ailleurs entr\u00e9s dans la bande de Gaza, environ une heure et demie apr\u00e8s le d\u00e9but de la tr\u00eave via le terminal de Rafah.<\/p>\n<p>Par ailleurs, le gouvernement du Hamas a annonc\u00e9 mercredi que 14.854 Palestiniens avaient \u00e9t\u00e9 tu\u00e9s par les bombardements isra\u00e9liens sur Gaza depuis le d\u00e9but de la guerre. Parmi les morts recens\u00e9s \u00e0 ce jour figurent 6150 enfants, a pr\u00e9cis\u00e9 le gouvernement du Hamas. En outre, 36.000 personnes ont \u00e9t\u00e9 bless\u00e9es.<\/p>\n","protected":false},"excerpt":{"rendered":"<p>Le cessez-le-feu entre le Hamas et Isra\u00ebl est entr\u00e9 en vigueur, ce vendredi 24 novembre 2023 \u00e0 7 heures, heure locale.<\/p>\n","protected":false},"author":3162,"featured_media":248718,"comment_status":"open","ping_status":"closed","sticky":false,"template":"","format":"standard","meta":{"footnotes":""},"categories":[2598],"tags":[2689,3349,2636,4069,6558],"class_list":["post-210328","post","type-post","status-publish","format-standard","has-post-thumbnail","hentry","category-international","tag-gaza","tag-hamas","tag-israel","tag-otages","tag-treve"],"yoast_head":"<!-- This site is optimized with the Yoast SEO Premium plugin v27.5 (Yoast SEO v27.5) - https:\/\/yoast.com\/product\/yoast-seo-premium-wordpress\/ -->\n<title>Gaza : Le cessez-le-feu entre en vigueur<\/title>\n<meta name=\"description\" content=\"Le cessez-le-feu entre le Hamas et Isra\u00ebl est entr\u00e9 en vigueur, ce vendredi 24 novembre 2023 \u00e0 7 heures, heure locale.\" \/>\n<link rel=\"canonical\" href=\"https:\/\/www.webdo.tn\/fr\/actualite\/international\/gaza-le-cessez-le-feu-entre-en-vigueur\/210328\/\" \/>\n<meta property=\"og:locale\" content=\"fr_FR\" \/>\n<meta property=\"og:type\" content=\"article\" \/>\n<meta property=\"og:title\" content=\"Gaza : Le cessez-le-feu entre en vigueur\" \/>\n<meta property=\"og:description\" content=\"Le cessez-le-feu entre le Hamas et Isra\u00ebl est entr\u00e9 en vigueur, ce vendredi 24 novembre 2023 \u00e0 7 heures, heure locale.\" \/>\n<meta property=\"og:url\" content=\"https:\/\/www.webdo.tn\/fr\/actualite\/international\/gaza-le-cessez-le-feu-entre-en-vigueur\/210328\/\" \/>\n<meta property=\"og:site_name\" content=\"webdo\" \/>\n<meta property=\"article:publisher\" content=\"https:\/\/www.facebook.com\/webdotn\" \/>\n<meta property=\"article:published_time\" content=\"2023-11-24T09:02:00+00:00\" \/>\n<meta property=\"article:modified_time\" content=\"2025-05-20T21:55:27+00:00\" \/>\n<meta property=\"og:image\" content=\"https:\/\/www.webdo.tn\/fr\/wp-content\/uploads\/2023\/11\/5b92d6ddefb9229727dd99c3049351a3.jpg\" \/>\n\t<meta property=\"og:image:width\" content=\"750\" \/>\n\t<meta property=\"og:image:height\" content=\"400\" \/>\n\t<meta property=\"og:image:type\" content=\"image\/jpeg\" \/>\n<meta name=\"author\" content=\"MC\" \/>\n<meta name=\"twitter:card\" content=\"summary_large_image\" \/>\n<meta name=\"twitter:creator\" content=\"@webdo_tn\" \/>\n<meta name=\"twitter:site\" content=\"@webdo_tn\" \/>\n<meta name=\"twitter:label1\" content=\"\u00c9crit par\" \/>\n\t<meta name=\"twitter:data1\" content=\"MC\" \/>\n\t<meta name=\"twitter:label2\" content=\"Dur\u00e9e de lecture estim\u00e9e\" \/>\n\t<meta name=\"twitter:data2\" content=\"1 minute\" \/>\n<script type=\"application\/ld+json\" class=\"yoast-schema-graph\">{\"@context\":\"https:\\\/\\\/schema.org\",\"@graph\":[{\"@type\":\"NewsArticle\",\"@id\":\"https:\\\/\\\/www.webdo.tn\\\/fr\\\/actualite\\\/international\\\/gaza-le-cessez-le-feu-entre-en-vigueur\\\/210328\\\/#article\",\"isPartOf\":{\"@id\":\"https:\\\/\\\/www.webdo.tn\\\/fr\\\/actualite\\\/international\\\/gaza-le-cessez-le-feu-entre-en-vigueur\\\/210328\\\/\"},\"author\":{\"name\":\"MC\",\"@id\":\"https:\\\/\\\/www.webdo.tn\\\/fr\\\/#\\\/schema\\\/person\\\/2c4929cbf5a809e3bd38617c6ce150f6\"},\"headline\":\"Gaza : Le cessez-le-feu entre en vigueur\",\"datePublished\":\"2023-11-24T09:02:00+00:00\",\"dateModified\":\"2025-05-20T21:55:27+00:00\",\"mainEntityOfPage\":{\"@id\":\"https:\\\/\\\/www.webdo.tn\\\/fr\\\/actualite\\\/international\\\/gaza-le-cessez-le-feu-entre-en-vigueur\\\/210328\\\/\"},\"wordCount\":282,\"commentCount\":0,\"publisher\":{\"@id\":\"https:\\\/\\\/www.webdo.tn\\\/fr\\\/#organization\"},\"image\":{\"@id\":\"https:\\\/\\\/www.webdo.tn\\\/fr\\\/actualite\\\/international\\\/gaza-le-cessez-le-feu-entre-en-vigueur\\\/210328\\\/#primaryimage\"},\"thumbnailUrl\":\"https:\\\/\\\/www.webdo.tn\\\/fr\\\/wp-content\\\/uploads\\\/2023\\\/11\\\/5b92d6ddefb9229727dd99c3049351a3.jpg\",\"keywords\":[\"Gaza\",\"hamas\",\"isra\u00ebl\",\"otages\",\"Tr\u00eave\"],\"articleSection\":[\"International\"],\"inLanguage\":\"fr-FR\"},{\"@type\":\"WebPage\",\"@id\":\"https:\\\/\\\/www.webdo.tn\\\/fr\\\/actualite\\\/international\\\/gaza-le-cessez-le-feu-entre-en-vigueur\\\/210328\\\/\",\"url\":\"https:\\\/\\\/www.webdo.tn\\\/fr\\\/actualite\\\/international\\\/gaza-le-cessez-le-feu-entre-en-vigueur\\\/210328\\\/\",\"name\":\"Gaza : Le cessez-le-feu entre en vigueur\",\"isPartOf\":{\"@id\":\"https:\\\/\\\/www.webdo.tn\\\/fr\\\/#website\"},\"primaryImageOfPage\":{\"@id\":\"https:\\\/\\\/www.webdo.tn\\\/fr\\\/actualite\\\/international\\\/gaza-le-cessez-le-feu-entre-en-vigueur\\\/210328\\\/#primaryimage\"},\"image\":{\"@id\":\"https:\\\/\\\/www.webdo.tn\\\/fr\\\/actualite\\\/international\\\/gaza-le-cessez-le-feu-entre-en-vigueur\\\/210328\\\/#primaryimage\"},\"thumbnailUrl\":\"https:\\\/\\\/www.webdo.tn\\\/fr\\\/wp-content\\\/uploads\\\/2023\\\/11\\\/5b92d6ddefb9229727dd99c3049351a3.jpg\",\"datePublished\":\"2023-11-24T09:02:00+00:00\",\"dateModified\":\"2025-05-20T21:55:27+00:00\",\"description\":\"Le cessez-le-feu entre le Hamas et Isra\u00ebl est entr\u00e9 en vigueur, ce vendredi 24 novembre 2023 \u00e0 7 heures, heure locale.\",\"breadcrumb\":{\"@id\":\"https:\\\/\\\/www.webdo.tn\\\/fr\\\/actualite\\\/international\\\/gaza-le-cessez-le-feu-entre-en-vigueur\\\/210328\\\/#breadcrumb\"},\"inLanguage\":\"fr-FR\",\"potentialAction\":[{\"@type\":\"ReadAction\",\"target\":[\"https:\\\/\\\/www.webdo.tn\\\/fr\\\/actualite\\\/international\\\/gaza-le-cessez-le-feu-entre-en-vigueur\\\/210328\\\/\"]}]},{\"@type\":\"ImageObject\",\"inLanguage\":\"fr-FR\",\"@id\":\"https:\\\/\\\/www.webdo.tn\\\/fr\\\/actualite\\\/international\\\/gaza-le-cessez-le-feu-entre-en-vigueur\\\/210328\\\/#primaryimage\",\"url\":\"https:\\\/\\\/www.webdo.tn\\\/fr\\\/wp-content\\\/uploads\\\/2023\\\/11\\\/5b92d6ddefb9229727dd99c3049351a3.jpg\",\"contentUrl\":\"https:\\\/\\\/www.webdo.tn\\\/fr\\\/wp-content\\\/uploads\\\/2023\\\/11\\\/5b92d6ddefb9229727dd99c3049351a3.jpg\",\"width\":750,\"height\":400,\"caption\":\"Gaza : Le cessez-le-feu entre en vigueur\"},{\"@type\":\"BreadcrumbList\",\"@id\":\"https:\\\/\\\/www.webdo.tn\\\/fr\\\/actualite\\\/international\\\/gaza-le-cessez-le-feu-entre-en-vigueur\\\/210328\\\/#breadcrumb\",\"itemListElement\":[{\"@type\":\"ListItem\",\"position\":1,\"name\":\"Accueil\",\"item\":\"https:\\\/\\\/www.webdo.tn\\\/fr\\\/\"},{\"@type\":\"ListItem\",\"position\":2,\"name\":\"Gaza : Le cessez-le-feu entre en vigueur\"}]},{\"@type\":\"WebSite\",\"@id\":\"https:\\\/\\\/www.webdo.tn\\\/fr\\\/#website\",\"url\":\"https:\\\/\\\/www.webdo.tn\\\/fr\\\/\",\"name\":\"webdo\",\"description\":\"Tunisie - News en Tunisie et \u00e0 l&#039;international sur Webdo.tn\",\"publisher\":{\"@id\":\"https:\\\/\\\/www.webdo.tn\\\/fr\\\/#organization\"},\"potentialAction\":[{\"@type\":\"SearchAction\",\"target\":{\"@type\":\"EntryPoint\",\"urlTemplate\":\"https:\\\/\\\/www.webdo.tn\\\/fr\\\/?s={search_term_string}\"},\"query-input\":{\"@type\":\"PropertyValueSpecification\",\"valueRequired\":true,\"valueName\":\"search_term_string\"}}],\"inLanguage\":\"fr-FR\"},{\"@type\":\"Organization\",\"@id\":\"https:\\\/\\\/www.webdo.tn\\\/fr\\\/#organization\",\"name\":\"Webdo\",\"alternateName\":\"Webdo.tn\",\"url\":\"https:\\\/\\\/www.webdo.tn\\\/fr\\\/\",\"logo\":{\"@type\":\"ImageObject\",\"inLanguage\":\"fr-FR\",\"@id\":\"https:\\\/\\\/www.webdo.tn\\\/fr\\\/#\\\/schema\\\/logo\\\/image\\\/\",\"url\":\"https:\\\/\\\/www.webdo.tn\\\/fr\\\/wp-content\\\/uploads\\\/2025\\\/06\\\/Webdo-Tunisie_168377.jpg\",\"contentUrl\":\"https:\\\/\\\/www.webdo.tn\\\/fr\\\/wp-content\\\/uploads\\\/2025\\\/06\\\/Webdo-Tunisie_168377.jpg\",\"width\":301,\"height\":301,\"caption\":\"Webdo\"},\"image\":{\"@id\":\"https:\\\/\\\/www.webdo.tn\\\/fr\\\/#\\\/schema\\\/logo\\\/image\\\/\"},\"sameAs\":[\"https:\\\/\\\/www.facebook.com\\\/webdotn\",\"https:\\\/\\\/x.com\\\/webdo_tn\"],\"description\":\"Webdo est un m\u00e9dia num\u00e9rique tunisien fond\u00e9 en 2010, sp\u00e9cialis\u00e9 dans l\u2019actualit\u00e9 nationale et internationale, l\u2019\u00e9conomie, la soci\u00e9t\u00e9 et les analyses politiques. Le site s\u2019adresse \u00e0 un large public francophone et couvre l\u2019information tunisienne en temps r\u00e9el.\",\"email\":\"redac@webdo.tn\",\"legalName\":\"YNJ SARL\",\"foundingDate\":\"2010-09-06\",\"numberOfEmployees\":{\"@type\":\"QuantitativeValue\",\"minValue\":\"11\",\"maxValue\":\"50\"}},{\"@type\":\"Person\",\"@id\":\"https:\\\/\\\/www.webdo.tn\\\/fr\\\/#\\\/schema\\\/person\\\/2c4929cbf5a809e3bd38617c6ce150f6\",\"name\":\"MC\",\"image\":{\"@type\":\"ImageObject\",\"inLanguage\":\"fr-FR\",\"@id\":\"https:\\\/\\\/secure.gravatar.com\\\/avatar\\\/a545bbb6f84efdd5553dbbc2895e3ca8f1d12c5215e00a041c9670b54aa9b18a?s=96&d=mm&r=g\",\"url\":\"https:\\\/\\\/secure.gravatar.com\\\/avatar\\\/a545bbb6f84efdd5553dbbc2895e3ca8f1d12c5215e00a041c9670b54aa9b18a?s=96&d=mm&r=g\",\"contentUrl\":\"https:\\\/\\\/secure.gravatar.com\\\/avatar\\\/a545bbb6f84efdd5553dbbc2895e3ca8f1d12c5215e00a041c9670b54aa9b18a?s=96&d=mm&r=g\",\"caption\":\"MC\"},\"url\":\"https:\\\/\\\/www.webdo.tn\\\/fr\\\/actualite\\\/author\\\/mc\\\/\"}]}<\/script>\n<!-- \/ Yoast SEO Premium plugin. -->","yoast_head_json":{"title":"Gaza : Le cessez-le-feu entre en vigueur","description":"Le cessez-le-feu entre le Hamas et Isra\u00ebl est entr\u00e9 en vigueur, ce vendredi 24 novembre 2023 \u00e0 7 heures, heure locale.","canonical":"https:\/\/www.webdo.tn\/fr\/actualite\/international\/gaza-le-cessez-le-feu-entre-en-vigueur\/210328\/","og_locale":"fr_FR","og_type":"article","og_title":"Gaza : Le cessez-le-feu entre en vigueur","og_description":"Le cessez-le-feu entre le Hamas et Isra\u00ebl est entr\u00e9 en vigueur, ce vendredi 24 novembre 2023 \u00e0 7 heures, heure locale.","og_url":"https:\/\/www.webdo.tn\/fr\/actualite\/international\/gaza-le-cessez-le-feu-entre-en-vigueur\/210328\/","og_site_name":"webdo","article_publisher":"https:\/\/www.facebook.com\/webdotn","article_published_time":"2023-11-24T09:02:00+00:00","article_modified_time":"2025-05-20T21:55:27+00:00","og_image":[{"width":750,"height":400,"url":"https:\/\/www.webdo.tn\/fr\/wp-content\/uploads\/2023\/11\/5b92d6ddefb9229727dd99c3049351a3.jpg","type":"image\/jpeg"}],"author":"MC","twitter_card":"summary_large_image","twitter_creator":"@webdo_tn","twitter_site":"@webdo_tn","twitter_misc":{"\u00c9crit par":"MC","Dur\u00e9e de lecture estim\u00e9e":"1 minute"},"schema":{"@context":"https:\/\/schema.org","@graph":[{"@type":"NewsArticle","@id":"https:\/\/www.webdo.tn\/fr\/actualite\/international\/gaza-le-cessez-le-feu-entre-en-vigueur\/210328\/#article","isPartOf":{"@id":"https:\/\/www.webdo.tn\/fr\/actualite\/international\/gaza-le-cessez-le-feu-entre-en-vigueur\/210328\/"},"author":{"name":"MC","@id":"https:\/\/www.webdo.tn\/fr\/#\/schema\/person\/2c4929cbf5a809e3bd38617c6ce150f6"},"headline":"Gaza : Le cessez-le-feu entre en vigueur","datePublished":"2023-11-24T09:02:00+00:00","dateModified":"2025-05-20T21:55:27+00:00","mainEntityOfPage":{"@id":"https:\/\/www.webdo.tn\/fr\/actualite\/international\/gaza-le-cessez-le-feu-entre-en-vigueur\/210328\/"},"wordCount":282,"commentCount":0,"publisher":{"@id":"https:\/\/www.webdo.tn\/fr\/#organization"},"image":{"@id":"https:\/\/www.webdo.tn\/fr\/actualite\/international\/gaza-le-cessez-le-feu-entre-en-vigueur\/210328\/#primaryimage"},"thumbnailUrl":"https:\/\/www.webdo.tn\/fr\/wp-content\/uploads\/2023\/11\/5b92d6ddefb9229727dd99c3049351a3.jpg","keywords":["Gaza","hamas","isra\u00ebl","otages","Tr\u00eave"],"articleSection":["International"],"inLanguage":"fr-FR"},{"@type":"WebPage","@id":"https:\/\/www.webdo.tn\/fr\/actualite\/international\/gaza-le-cessez-le-feu-entre-en-vigueur\/210328\/","url":"https:\/\/www.webdo.tn\/fr\/actualite\/international\/gaza-le-cessez-le-feu-entre-en-vigueur\/210328\/","name":"Gaza : Le cessez-le-feu entre en vigueur","isPartOf":{"@id":"https:\/\/www.webdo.tn\/fr\/#website"},"primaryImageOfPage":{"@id":"https:\/\/www.webdo.tn\/fr\/actualite\/international\/gaza-le-cessez-le-feu-entre-en-vigueur\/210328\/#primaryimage"},"image":{"@id":"https:\/\/www.webdo.tn\/fr\/actualite\/international\/gaza-le-cessez-le-feu-entre-en-vigueur\/210328\/#primaryimage"},"thumbnailUrl":"https:\/\/www.webdo.tn\/fr\/wp-content\/uploads\/2023\/11\/5b92d6ddefb9229727dd99c3049351a3.jpg","datePublished":"2023-11-24T09:02:00+00:00","dateModified":"2025-05-20T21:55:27+00:00","description":"Le cessez-le-feu entre le Hamas et Isra\u00ebl est entr\u00e9 en vigueur, ce vendredi 24 novembre 2023 \u00e0 7 heures, heure locale.","breadcrumb":{"@id":"https:\/\/www.webdo.tn\/fr\/actualite\/international\/gaza-le-cessez-le-feu-entre-en-vigueur\/210328\/#breadcrumb"},"inLanguage":"fr-FR","potentialAction":[{"@type":"ReadAction","target":["https:\/\/www.webdo.tn\/fr\/actualite\/international\/gaza-le-cessez-le-feu-entre-en-vigueur\/210328\/"]}]},{"@type":"ImageObject","inLanguage":"fr-FR","@id":"https:\/\/www.webdo.tn\/fr\/actualite\/international\/gaza-le-cessez-le-feu-entre-en-vigueur\/210328\/#primaryimage","url":"https:\/\/www.webdo.tn\/fr\/wp-content\/uploads\/2023\/11\/5b92d6ddefb9229727dd99c3049351a3.jpg","contentUrl":"https:\/\/www.webdo.tn\/fr\/wp-content\/uploads\/2023\/11\/5b92d6ddefb9229727dd99c3049351a3.jpg","width":750,"height":400,"caption":"Gaza : Le cessez-le-feu entre en vigueur"},{"@type":"BreadcrumbList","@id":"https:\/\/www.webdo.tn\/fr\/actualite\/international\/gaza-le-cessez-le-feu-entre-en-vigueur\/210328\/#breadcrumb","itemListElement":[{"@type":"ListItem","position":1,"name":"Accueil","item":"https:\/\/www.webdo.tn\/fr\/"},{"@type":"ListItem","position":2,"name":"Gaza : Le cessez-le-feu entre en vigueur"}]},{"@type":"WebSite","@id":"https:\/\/www.webdo.tn\/fr\/#website","url":"https:\/\/www.webdo.tn\/fr\/","name":"webdo","description":"Tunisie - News en Tunisie et \u00e0 l&#039;international sur Webdo.tn","publisher":{"@id":"https:\/\/www.webdo.tn\/fr\/#organization"},"potentialAction":[{"@type":"SearchAction","target":{"@type":"EntryPoint","urlTemplate":"https:\/\/www.webdo.tn\/fr\/?s={search_term_string}"},"query-input":{"@type":"PropertyValueSpecification","valueRequired":true,"valueName":"search_term_string"}}],"inLanguage":"fr-FR"},{"@type":"Organization","@id":"https:\/\/www.webdo.tn\/fr\/#organization","name":"Webdo","alternateName":"Webdo.tn","url":"https:\/\/www.webdo.tn\/fr\/","logo":{"@type":"ImageObject","inLanguage":"fr-FR","@id":"https:\/\/www.webdo.tn\/fr\/#\/schema\/logo\/image\/","url":"https:\/\/www.webdo.tn\/fr\/wp-content\/uploads\/2025\/06\/Webdo-Tunisie_168377.jpg","contentUrl":"https:\/\/www.webdo.tn\/fr\/wp-content\/uploads\/2025\/06\/Webdo-Tunisie_168377.jpg","width":301,"height":301,"caption":"Webdo"},"image":{"@id":"https:\/\/www.webdo.tn\/fr\/#\/schema\/logo\/image\/"},"sameAs":["https:\/\/www.facebook.com\/webdotn","https:\/\/x.com\/webdo_tn"],"description":"Webdo est un m\u00e9dia num\u00e9rique tunisien fond\u00e9 en 2010, sp\u00e9cialis\u00e9 dans l\u2019actualit\u00e9 nationale et internationale, l\u2019\u00e9conomie, la soci\u00e9t\u00e9 et les analyses politiques. Le site s\u2019adresse \u00e0 un large public francophone et couvre l\u2019information tunisienne en temps r\u00e9el.","email":"redac@webdo.tn","legalName":"YNJ SARL","foundingDate":"2010-09-06","numberOfEmployees":{"@type":"QuantitativeValue","minValue":"11","maxValue":"50"}},{"@type":"Person","@id":"https:\/\/www.webdo.tn\/fr\/#\/schema\/person\/2c4929cbf5a809e3bd38617c6ce150f6","name":"MC","image":{"@type":"ImageObject","inLanguage":"fr-FR","@id":"https:\/\/secure.gravatar.com\/avatar\/a545bbb6f84efdd5553dbbc2895e3ca8f1d12c5215e00a041c9670b54aa9b18a?s=96&d=mm&r=g","url":"https:\/\/secure.gravatar.com\/avatar\/a545bbb6f84efdd5553dbbc2895e3ca8f1d12c5215e00a041c9670b54aa9b18a?s=96&d=mm&r=g","contentUrl":"https:\/\/secure.gravatar.com\/avatar\/a545bbb6f84efdd5553dbbc2895e3ca8f1d12c5215e00a041c9670b54aa9b18a?s=96&d=mm&r=g","caption":"MC"},"url":"https:\/\/www.webdo.tn\/fr\/actualite\/author\/mc\/"}]}},"_links":{"self":[{"href":"https:\/\/www.webdo.tn\/fr\/wp-json\/wp\/v2\/posts\/210328","targetHints":{"allow":["GET"]}}],"collection":[{"href":"https:\/\/www.webdo.tn\/fr\/wp-json\/wp\/v2\/posts"}],"about":[{"href":"https:\/\/www.webdo.tn\/fr\/wp-json\/wp\/v2\/types\/post"}],"author":[{"embeddable":true,"href":"https:\/\/www.webdo.tn\/fr\/wp-json\/wp\/v2\/users\/3162"}],"replies":[{"embeddable":true,"href":"https:\/\/www.webdo.tn\/fr\/wp-json\/wp\/v2\/comments?post=210328"}],"version-history":[{"count":0,"href":"https:\/\/www.webdo.tn\/fr\/wp-json\/wp\/v2\/posts\/210328\/revisions"}],"wp:featuredmedia":[{"embeddable":true,"href":"https:\/\/www.webdo.tn\/fr\/wp-json\/wp\/v2\/media\/248718"}],"wp:attachment":[{"href":"https:\/\/www.webdo.tn\/fr\/wp-json\/wp\/v2\/media?parent=210328"}],"wp:term":[{"taxonomy":"category","embeddable":true,"href":"https:\/\/www.webdo.tn\/fr\/wp-json\/wp\/v2\/categories?post=210328"},{"taxonomy":"post_tag","embeddable":true,"href":"https:\/\/www.webdo.tn\/fr\/wp-json\/wp\/v2\/tags?post=210328"}],"curies":[{"name":"wp","href":"https:\/\/api.w.org\/{rel}","templated":true}]}}