{"id":210326,"date":"2023-11-24T07:46:00","date_gmt":"2023-11-24T07:46:00","guid":{"rendered":"https:\/\/www.webdo.tn\/fr\/blog\/une-marche-silencieuse-et-solidaire-les-femmes-de-tunisie-pour-les-femmes-de-palestine\/210326\/"},"modified":"2025-05-20T22:32:37","modified_gmt":"2025-05-20T22:32:37","slug":"une-marche-silencieuse-et-solidaire-les-femmes-de-tunisie-pour-les-femmes-de-palestine","status":"publish","type":"post","link":"https:\/\/www.webdo.tn\/fr\/actualite\/national\/une-marche-silencieuse-et-solidaire-les-femmes-de-tunisie-pour-les-femmes-de-palestine\/210326\/","title":{"rendered":"Une marche silencieuse et solidaire : Les femmes de Tunisie pour les femmes de Palestine"},"content":{"rendered":"<p>UNE MARCHE SILENCIEUSE DES FEMMES DE TUNISIE AUX FEMMES DE  PALESTINE &#8211;<br \/>\n\u00ab\u00a0Pose ton c\u0153ur sur mon c\u0153ur, yammah\u00a0\u00bb &#8211;<br \/>\nSamedi 25 novembre 2023, \u00e0 12h00 &#8211;<br \/>\nPlace des Droits de l&rsquo;Homme, situ\u00e9e \u00e0 l&rsquo;avenue Mohamed V \u00e0 Tunis, en direction du Th\u00e9\u00e2tre Municipal.<\/p>\n<p>\t\t\t\t\t\t\t\t\tLe 25 novembre 2023, \u00e0 midi, au c\u0153ur de Tunis, une manifestation unique en son genre prendra place, \u00e9manant d&rsquo;une profonde solidarit\u00e9 entre les femmes tunisiennes et palestiniennes. Cette marche silencieuse, d\u00e9butant \u00e0 la Place des Droits de l&rsquo;Homme, avenue Mohamed V, en direction du Th\u00e9\u00e2tre Municipal, symbolise un appel vibrant \u00e0 la compassion et \u00e0 l&rsquo;unit\u00e9.<\/p>\n<p>Organis\u00e9e par des femmes d\u00e9termin\u00e9es, cette marche souhaite \u00e9tablir un pont \u00e9motionnel entre les femmes de Tunisie et celles de Palestine. Sous le slogan \u00ab\u00a0Pose ton c\u0153ur sur mon c\u0153ur, yammah,\u00a0\u00bb cette d\u00e9marche est une expression de soutien envers les femmes palestiniennes qui font face \u00e0 des d\u00e9fis insurmontables.<\/p>\n<p>\u00a0<\/p>\n<p>\u00a0<\/p>\n<p>Un acte de Solidarit\u00e9 sans Fronti\u00e8res<\/p>\n<p>Ouverte \u00e0 toutes les femmes, qu&rsquo;elles soient tunisiennes ou r\u00e9sidentes \u00e9trang\u00e8res en Tunisie, cette marche transcende les barri\u00e8res d&rsquo;\u00e2ge, de culture, et de statut social. L&rsquo;objectif est de cr\u00e9er une communaut\u00e9 de femmes unies par un d\u00e9sir commun de justice et de paix, montrant que la solidarit\u00e9 f\u00e9minine n&rsquo;a pas de fronti\u00e8res.<\/p>\n<p>\u00a0<\/p>\n<p>Une r\u00e9ponse \u00e0 l&rsquo;Injustice et \u00e0 la Souffrance<\/p>\n<p>Cette marche trouve ses racines dans la douleur et le d\u00e9sespoir suscit\u00e9s par les actes de terreur, de torture, et d&rsquo;abus d\u00e9lib\u00e9r\u00e9s inflig\u00e9s aux femmes et aux enfants palestiniens. La brutalit\u00e9 de l&rsquo;entit\u00e9 sioniste a sp\u00e9cifiquement cibl\u00e9 ces groupes vuln\u00e9rables, engendrant une indignation partag\u00e9e au sein des femmes tunisiennes. C&rsquo;est un sentiment poignardant de douleur et de d\u00e9sespoir qui \u00e9merge face aux sc\u00e8nes de mort, au courage des m\u00e8res et des enfants, au martyre de milliers d&rsquo;entre eux, et \u00e0 la r\u00e9sistance de milliers d&rsquo;autres pour leur patrie, la s\u00e9curit\u00e9 de leurs enfants, et la satisfaction de besoins fondamentaux tels que la nourriture et l&rsquo;eau.<\/p>\n<p>Le silence initial de la marche symbolise le deuil pour les plus de quatorze mille vies palestiniennes, majoritairement des femmes et des enfants. Elle rend hommage aux milliers de bless\u00e9s et aux nourrissons pr\u00e9matur\u00e9s dont la vie a \u00e9t\u00e9 fauch\u00e9e dans les unit\u00e9s pr\u00e9natales des h\u00f4pitaux bombard\u00e9s et priv\u00e9s de ressources.<\/p>\n<p>\u00a0<\/p>\n<p>Appel \u00e0 l&rsquo;Action et \u00e0 la Solidarit\u00e9 Mondiale<\/p>\n<p>\u00c0 travers cette marche, les femmes tunisiennes, qu&rsquo;elles soient m\u00e8res, grand-m\u00e8res, enseignantes, professeures, agricultrices, avocates, ouvri\u00e8res, m\u00e9decins, cuisini\u00e8res, journalistes, artisanes, \u00e9tudiantes, ch\u00f4meuses ou retrait\u00e9es, expriment une profonde amertume face au massacre inflig\u00e9 \u00e0 des femmes qui partagent leur r\u00e9alit\u00e9 en Palestine, ainsi qu&rsquo;aux enfants qui pourraient \u00eatre les leurs. <\/p>\n<p>Accabl\u00e9es par le poids de l&rsquo;impuissance, les femmes tunisiennes, ressentent l&rsquo;urgence d&rsquo;agir face \u00e0 l&rsquo;horreur de la trag\u00e9die palestinienne. Par le biais de cette marche, elles appellent les journalistes du monde entier \u00e0 soutenir leurs efforts, \u00e0 relayer l&rsquo;appel \u00e0 la participation et \u00e0 faire r\u00e9sonner leur voix \u00e0 l&rsquo;\u00e9chelle mondiale.<\/p>\n<p>L&rsquo;objectif ultime est d&rsquo;apporter un soutien tangible aux femmes de Gaza, d&rsquo;all\u00e9ger leurs fardeaux \u00e9motionnels et de renforcer leurs c\u0153urs face \u00e0 la perte, \u00e0 la terreur et \u00e0 la souffrance persistante.<\/p>\n<p>\u00a0<\/p>\n<p>\u00a0<\/p>\n<p>Dans un geste symbolique, les participantes sont encourag\u00e9es \u00e0 apporter des chaussures d&rsquo;enfants (tailles 19 \u00e0 36) en bon \u00e9tat pour un flashmob et un don aux enfants de Gaza. De plus, un code vestimentaire uni en blanc et noir est sugg\u00e9r\u00e9, honorant ainsi les \u00e2mes des martyrs.<\/p>\n<p>Il est important de noter que la marche restera d\u00e9lib\u00e9r\u00e9ment d\u00e9pourvue de tous slogans politiques, mettant en avant uniquement les drapeaux tunisiens et palestiniens en signe d&rsquo;unit\u00e9 et de solidarit\u00e9.<\/p>\n<p>Pour toute information suppl\u00e9mentaire ou pour prendre rendez-vous avec les organisatrices, pri\u00e8re contacter Hana Trabelsi, coordinatrice des relations presse, au +(216) 22 143 311 ou par email \u00e0 [email\u00a0protected].<\/p>\n<p>Ensemble, les femmes de Tunisie tendent la main aux femmes de Palestine, cr\u00e9ant ainsi une voix collective contre l&rsquo;injustice et en faveur de la paix. <\/p>\n<p>Vive la r\u00e9sistance des femmes palestiniennes, vive la solidarit\u00e9 f\u00e9minine, et vive une Palestine libre et fi\u00e8re, du fleuve \u00e0 la mer.<\/p>\n<p>Communiqu\u00e9.<\/p>\n<p>Interview de Mme\u00a0Faten Abdelkefi, coorganisatrice, au sujet de cette marche:<\/p>\n","protected":false},"excerpt":{"rendered":"<p>UNE MARCHE SILENCIEUSE DES FEMMES DE LA TUNISIE AUX FEMMES DE LA PALESTINE<br \/>\n Pose ton c\u0153ur sur mon c\u0153ur, yammah<br \/>\nSamedi 25 novembre 2023, \u00e0 12h00<br \/>\nPlace des Dr&#8230;<\/p>\n","protected":false},"author":3169,"featured_media":248716,"comment_status":"open","ping_status":"closed","sticky":false,"template":"","format":"standard","meta":{"footnotes":""},"categories":[44],"tags":[3700,2689,2688],"class_list":["post-210326","post","type-post","status-publish","format-standard","has-post-thumbnail","hentry","category-national","tag-femmes","tag-gaza","tag-palestine"],"yoast_head":"<!-- This site is optimized with the Yoast SEO Premium plugin v27.5 (Yoast SEO v27.5) - https:\/\/yoast.com\/product\/yoast-seo-premium-wordpress\/ -->\n<title>Une marche silencieuse et solidaire : Les femmes de Tunisie pour les femmes de Palestine<\/title>\n<meta name=\"description\" content=\"UNE MARCHE SILENCIEUSE DES FEMMES DE LA TUNISIE AUX FEMMES DE LA PALESTINE Pose ton c\u0153ur sur mon c\u0153ur, yammah Samedi 25 novembre 2023, \u00e0 12h00 Place des Dr...\" \/>\n<link rel=\"canonical\" href=\"https:\/\/www.webdo.tn\/fr\/actualite\/national\/une-marche-silencieuse-et-solidaire-les-femmes-de-tunisie-pour-les-femmes-de-palestine\/210326\/\" \/>\n<meta property=\"og:locale\" content=\"fr_FR\" \/>\n<meta property=\"og:type\" content=\"article\" \/>\n<meta property=\"og:title\" content=\"Une marche silencieuse et solidaire : Les femmes de Tunisie pour les femmes de Palestine\" \/>\n<meta property=\"og:description\" content=\"UNE MARCHE SILENCIEUSE DES FEMMES DE LA TUNISIE AUX FEMMES DE LA PALESTINE Pose ton c\u0153ur sur mon c\u0153ur, yammah Samedi 25 novembre 2023, \u00e0 12h00 Place des Dr...\" \/>\n<meta property=\"og:url\" content=\"https:\/\/www.webdo.tn\/fr\/actualite\/national\/une-marche-silencieuse-et-solidaire-les-femmes-de-tunisie-pour-les-femmes-de-palestine\/210326\/\" \/>\n<meta property=\"og:site_name\" content=\"webdo\" \/>\n<meta property=\"article:publisher\" content=\"https:\/\/www.facebook.com\/webdotn\" \/>\n<meta property=\"article:published_time\" content=\"2023-11-24T07:46:00+00:00\" \/>\n<meta property=\"article:modified_time\" content=\"2025-05-20T22:32:37+00:00\" \/>\n<meta property=\"og:image\" content=\"https:\/\/www.webdo.tn\/fr\/wp-content\/uploads\/2023\/11\/e9fd1d807e6acb1236827645f223f202.jpeg\" \/>\n\t<meta property=\"og:image:width\" content=\"750\" \/>\n\t<meta property=\"og:image:height\" content=\"400\" \/>\n\t<meta property=\"og:image:type\" content=\"image\/jpeg\" \/>\n<meta name=\"author\" content=\"Webdo\" \/>\n<meta name=\"twitter:card\" content=\"summary_large_image\" \/>\n<meta name=\"twitter:creator\" content=\"@webdo_tn\" \/>\n<meta name=\"twitter:site\" content=\"@webdo_tn\" \/>\n<meta name=\"twitter:label1\" content=\"\u00c9crit par\" \/>\n\t<meta name=\"twitter:data1\" content=\"Webdo\" \/>\n\t<meta name=\"twitter:label2\" content=\"Dur\u00e9e de lecture estim\u00e9e\" \/>\n\t<meta name=\"twitter:data2\" content=\"4 minutes\" \/>\n<script type=\"application\/ld+json\" class=\"yoast-schema-graph\">{\"@context\":\"https:\\\/\\\/schema.org\",\"@graph\":[{\"@type\":\"NewsArticle\",\"@id\":\"https:\\\/\\\/www.webdo.tn\\\/fr\\\/actualite\\\/national\\\/une-marche-silencieuse-et-solidaire-les-femmes-de-tunisie-pour-les-femmes-de-palestine\\\/210326\\\/#article\",\"isPartOf\":{\"@id\":\"https:\\\/\\\/www.webdo.tn\\\/fr\\\/actualite\\\/national\\\/une-marche-silencieuse-et-solidaire-les-femmes-de-tunisie-pour-les-femmes-de-palestine\\\/210326\\\/\"},\"author\":{\"name\":\"Webdo\",\"@id\":\"https:\\\/\\\/www.webdo.tn\\\/fr\\\/#\\\/schema\\\/person\\\/1f4e491e0907b413d61089e8eb573acc\"},\"headline\":\"Une marche silencieuse et solidaire : Les femmes de Tunisie pour les femmes de Palestine\",\"datePublished\":\"2023-11-24T07:46:00+00:00\",\"dateModified\":\"2025-05-20T22:32:37+00:00\",\"mainEntityOfPage\":{\"@id\":\"https:\\\/\\\/www.webdo.tn\\\/fr\\\/actualite\\\/national\\\/une-marche-silencieuse-et-solidaire-les-femmes-de-tunisie-pour-les-femmes-de-palestine\\\/210326\\\/\"},\"wordCount\":756,\"commentCount\":0,\"publisher\":{\"@id\":\"https:\\\/\\\/www.webdo.tn\\\/fr\\\/#organization\"},\"image\":{\"@id\":\"https:\\\/\\\/www.webdo.tn\\\/fr\\\/actualite\\\/national\\\/une-marche-silencieuse-et-solidaire-les-femmes-de-tunisie-pour-les-femmes-de-palestine\\\/210326\\\/#primaryimage\"},\"thumbnailUrl\":\"https:\\\/\\\/www.webdo.tn\\\/fr\\\/wp-content\\\/uploads\\\/2023\\\/11\\\/e9fd1d807e6acb1236827645f223f202.jpeg\",\"keywords\":[\"femmes\",\"Gaza\",\"Palestine\"],\"articleSection\":[\"National\"],\"inLanguage\":\"fr-FR\"},{\"@type\":\"WebPage\",\"@id\":\"https:\\\/\\\/www.webdo.tn\\\/fr\\\/actualite\\\/national\\\/une-marche-silencieuse-et-solidaire-les-femmes-de-tunisie-pour-les-femmes-de-palestine\\\/210326\\\/\",\"url\":\"https:\\\/\\\/www.webdo.tn\\\/fr\\\/actualite\\\/national\\\/une-marche-silencieuse-et-solidaire-les-femmes-de-tunisie-pour-les-femmes-de-palestine\\\/210326\\\/\",\"name\":\"Une marche silencieuse et solidaire : Les femmes de Tunisie pour les femmes de Palestine\",\"isPartOf\":{\"@id\":\"https:\\\/\\\/www.webdo.tn\\\/fr\\\/#website\"},\"primaryImageOfPage\":{\"@id\":\"https:\\\/\\\/www.webdo.tn\\\/fr\\\/actualite\\\/national\\\/une-marche-silencieuse-et-solidaire-les-femmes-de-tunisie-pour-les-femmes-de-palestine\\\/210326\\\/#primaryimage\"},\"image\":{\"@id\":\"https:\\\/\\\/www.webdo.tn\\\/fr\\\/actualite\\\/national\\\/une-marche-silencieuse-et-solidaire-les-femmes-de-tunisie-pour-les-femmes-de-palestine\\\/210326\\\/#primaryimage\"},\"thumbnailUrl\":\"https:\\\/\\\/www.webdo.tn\\\/fr\\\/wp-content\\\/uploads\\\/2023\\\/11\\\/e9fd1d807e6acb1236827645f223f202.jpeg\",\"datePublished\":\"2023-11-24T07:46:00+00:00\",\"dateModified\":\"2025-05-20T22:32:37+00:00\",\"description\":\"UNE MARCHE SILENCIEUSE DES FEMMES DE LA TUNISIE AUX FEMMES DE LA PALESTINE Pose ton c\u0153ur sur mon c\u0153ur, yammah Samedi 25 novembre 2023, \u00e0 12h00 Place des Dr...\",\"breadcrumb\":{\"@id\":\"https:\\\/\\\/www.webdo.tn\\\/fr\\\/actualite\\\/national\\\/une-marche-silencieuse-et-solidaire-les-femmes-de-tunisie-pour-les-femmes-de-palestine\\\/210326\\\/#breadcrumb\"},\"inLanguage\":\"fr-FR\",\"potentialAction\":[{\"@type\":\"ReadAction\",\"target\":[\"https:\\\/\\\/www.webdo.tn\\\/fr\\\/actualite\\\/national\\\/une-marche-silencieuse-et-solidaire-les-femmes-de-tunisie-pour-les-femmes-de-palestine\\\/210326\\\/\"]}]},{\"@type\":\"ImageObject\",\"inLanguage\":\"fr-FR\",\"@id\":\"https:\\\/\\\/www.webdo.tn\\\/fr\\\/actualite\\\/national\\\/une-marche-silencieuse-et-solidaire-les-femmes-de-tunisie-pour-les-femmes-de-palestine\\\/210326\\\/#primaryimage\",\"url\":\"https:\\\/\\\/www.webdo.tn\\\/fr\\\/wp-content\\\/uploads\\\/2023\\\/11\\\/e9fd1d807e6acb1236827645f223f202.jpeg\",\"contentUrl\":\"https:\\\/\\\/www.webdo.tn\\\/fr\\\/wp-content\\\/uploads\\\/2023\\\/11\\\/e9fd1d807e6acb1236827645f223f202.jpeg\",\"width\":750,\"height\":400,\"caption\":\"Une marche silencieuse et solidaire : Les femmes de Tunisie pour les femmes de Palestine\"},{\"@type\":\"BreadcrumbList\",\"@id\":\"https:\\\/\\\/www.webdo.tn\\\/fr\\\/actualite\\\/national\\\/une-marche-silencieuse-et-solidaire-les-femmes-de-tunisie-pour-les-femmes-de-palestine\\\/210326\\\/#breadcrumb\",\"itemListElement\":[{\"@type\":\"ListItem\",\"position\":1,\"name\":\"Accueil\",\"item\":\"https:\\\/\\\/www.webdo.tn\\\/fr\\\/\"},{\"@type\":\"ListItem\",\"position\":2,\"name\":\"Une marche silencieuse et solidaire : Les femmes de Tunisie pour les femmes de Palestine\"}]},{\"@type\":\"WebSite\",\"@id\":\"https:\\\/\\\/www.webdo.tn\\\/fr\\\/#website\",\"url\":\"https:\\\/\\\/www.webdo.tn\\\/fr\\\/\",\"name\":\"webdo\",\"description\":\"Tunisie - News en Tunisie et \u00e0 l&#039;international sur Webdo.tn\",\"publisher\":{\"@id\":\"https:\\\/\\\/www.webdo.tn\\\/fr\\\/#organization\"},\"potentialAction\":[{\"@type\":\"SearchAction\",\"target\":{\"@type\":\"EntryPoint\",\"urlTemplate\":\"https:\\\/\\\/www.webdo.tn\\\/fr\\\/?s={search_term_string}\"},\"query-input\":{\"@type\":\"PropertyValueSpecification\",\"valueRequired\":true,\"valueName\":\"search_term_string\"}}],\"inLanguage\":\"fr-FR\"},{\"@type\":\"Organization\",\"@id\":\"https:\\\/\\\/www.webdo.tn\\\/fr\\\/#organization\",\"name\":\"Webdo\",\"alternateName\":\"Webdo.tn\",\"url\":\"https:\\\/\\\/www.webdo.tn\\\/fr\\\/\",\"logo\":{\"@type\":\"ImageObject\",\"inLanguage\":\"fr-FR\",\"@id\":\"https:\\\/\\\/www.webdo.tn\\\/fr\\\/#\\\/schema\\\/logo\\\/image\\\/\",\"url\":\"https:\\\/\\\/www.webdo.tn\\\/fr\\\/wp-content\\\/uploads\\\/2025\\\/06\\\/Webdo-Tunisie_168377.jpg\",\"contentUrl\":\"https:\\\/\\\/www.webdo.tn\\\/fr\\\/wp-content\\\/uploads\\\/2025\\\/06\\\/Webdo-Tunisie_168377.jpg\",\"width\":301,\"height\":301,\"caption\":\"Webdo\"},\"image\":{\"@id\":\"https:\\\/\\\/www.webdo.tn\\\/fr\\\/#\\\/schema\\\/logo\\\/image\\\/\"},\"sameAs\":[\"https:\\\/\\\/www.facebook.com\\\/webdotn\",\"https:\\\/\\\/x.com\\\/webdo_tn\"],\"description\":\"Webdo est un m\u00e9dia num\u00e9rique tunisien fond\u00e9 en 2010, sp\u00e9cialis\u00e9 dans l\u2019actualit\u00e9 nationale et internationale, l\u2019\u00e9conomie, la soci\u00e9t\u00e9 et les analyses politiques. Le site s\u2019adresse \u00e0 un large public francophone et couvre l\u2019information tunisienne en temps r\u00e9el.\",\"email\":\"redac@webdo.tn\",\"legalName\":\"YNJ SARL\",\"foundingDate\":\"2010-09-06\",\"numberOfEmployees\":{\"@type\":\"QuantitativeValue\",\"minValue\":\"11\",\"maxValue\":\"50\"}},{\"@type\":\"Person\",\"@id\":\"https:\\\/\\\/www.webdo.tn\\\/fr\\\/#\\\/schema\\\/person\\\/1f4e491e0907b413d61089e8eb573acc\",\"name\":\"Webdo\",\"image\":{\"@type\":\"ImageObject\",\"inLanguage\":\"fr-FR\",\"@id\":\"https:\\\/\\\/secure.gravatar.com\\\/avatar\\\/de97aeec1bb80978a9dbb127e47dfc88aaacb2f3c29aac907d8d3222e3495d49?s=96&d=mm&r=g\",\"url\":\"https:\\\/\\\/secure.gravatar.com\\\/avatar\\\/de97aeec1bb80978a9dbb127e47dfc88aaacb2f3c29aac907d8d3222e3495d49?s=96&d=mm&r=g\",\"contentUrl\":\"https:\\\/\\\/secure.gravatar.com\\\/avatar\\\/de97aeec1bb80978a9dbb127e47dfc88aaacb2f3c29aac907d8d3222e3495d49?s=96&d=mm&r=g\",\"caption\":\"Webdo\"},\"url\":\"https:\\\/\\\/www.webdo.tn\\\/fr\\\/actualite\\\/author\\\/webdo\\\/\"}]}<\/script>\n<!-- \/ Yoast SEO Premium plugin. -->","yoast_head_json":{"title":"Une marche silencieuse et solidaire : Les femmes de Tunisie pour les femmes de Palestine","description":"UNE MARCHE SILENCIEUSE DES FEMMES DE LA TUNISIE AUX FEMMES DE LA PALESTINE Pose ton c\u0153ur sur mon c\u0153ur, yammah Samedi 25 novembre 2023, \u00e0 12h00 Place des Dr...","canonical":"https:\/\/www.webdo.tn\/fr\/actualite\/national\/une-marche-silencieuse-et-solidaire-les-femmes-de-tunisie-pour-les-femmes-de-palestine\/210326\/","og_locale":"fr_FR","og_type":"article","og_title":"Une marche silencieuse et solidaire : Les femmes de Tunisie pour les femmes de Palestine","og_description":"UNE MARCHE SILENCIEUSE DES FEMMES DE LA TUNISIE AUX FEMMES DE LA PALESTINE Pose ton c\u0153ur sur mon c\u0153ur, yammah Samedi 25 novembre 2023, \u00e0 12h00 Place des Dr...","og_url":"https:\/\/www.webdo.tn\/fr\/actualite\/national\/une-marche-silencieuse-et-solidaire-les-femmes-de-tunisie-pour-les-femmes-de-palestine\/210326\/","og_site_name":"webdo","article_publisher":"https:\/\/www.facebook.com\/webdotn","article_published_time":"2023-11-24T07:46:00+00:00","article_modified_time":"2025-05-20T22:32:37+00:00","og_image":[{"width":750,"height":400,"url":"https:\/\/www.webdo.tn\/fr\/wp-content\/uploads\/2023\/11\/e9fd1d807e6acb1236827645f223f202.jpeg","type":"image\/jpeg"}],"author":"Webdo","twitter_card":"summary_large_image","twitter_creator":"@webdo_tn","twitter_site":"@webdo_tn","twitter_misc":{"\u00c9crit par":"Webdo","Dur\u00e9e de lecture estim\u00e9e":"4 minutes"},"schema":{"@context":"https:\/\/schema.org","@graph":[{"@type":"NewsArticle","@id":"https:\/\/www.webdo.tn\/fr\/actualite\/national\/une-marche-silencieuse-et-solidaire-les-femmes-de-tunisie-pour-les-femmes-de-palestine\/210326\/#article","isPartOf":{"@id":"https:\/\/www.webdo.tn\/fr\/actualite\/national\/une-marche-silencieuse-et-solidaire-les-femmes-de-tunisie-pour-les-femmes-de-palestine\/210326\/"},"author":{"name":"Webdo","@id":"https:\/\/www.webdo.tn\/fr\/#\/schema\/person\/1f4e491e0907b413d61089e8eb573acc"},"headline":"Une marche silencieuse et solidaire : Les femmes de Tunisie pour les femmes de Palestine","datePublished":"2023-11-24T07:46:00+00:00","dateModified":"2025-05-20T22:32:37+00:00","mainEntityOfPage":{"@id":"https:\/\/www.webdo.tn\/fr\/actualite\/national\/une-marche-silencieuse-et-solidaire-les-femmes-de-tunisie-pour-les-femmes-de-palestine\/210326\/"},"wordCount":756,"commentCount":0,"publisher":{"@id":"https:\/\/www.webdo.tn\/fr\/#organization"},"image":{"@id":"https:\/\/www.webdo.tn\/fr\/actualite\/national\/une-marche-silencieuse-et-solidaire-les-femmes-de-tunisie-pour-les-femmes-de-palestine\/210326\/#primaryimage"},"thumbnailUrl":"https:\/\/www.webdo.tn\/fr\/wp-content\/uploads\/2023\/11\/e9fd1d807e6acb1236827645f223f202.jpeg","keywords":["femmes","Gaza","Palestine"],"articleSection":["National"],"inLanguage":"fr-FR"},{"@type":"WebPage","@id":"https:\/\/www.webdo.tn\/fr\/actualite\/national\/une-marche-silencieuse-et-solidaire-les-femmes-de-tunisie-pour-les-femmes-de-palestine\/210326\/","url":"https:\/\/www.webdo.tn\/fr\/actualite\/national\/une-marche-silencieuse-et-solidaire-les-femmes-de-tunisie-pour-les-femmes-de-palestine\/210326\/","name":"Une marche silencieuse et solidaire : Les femmes de Tunisie pour les femmes de Palestine","isPartOf":{"@id":"https:\/\/www.webdo.tn\/fr\/#website"},"primaryImageOfPage":{"@id":"https:\/\/www.webdo.tn\/fr\/actualite\/national\/une-marche-silencieuse-et-solidaire-les-femmes-de-tunisie-pour-les-femmes-de-palestine\/210326\/#primaryimage"},"image":{"@id":"https:\/\/www.webdo.tn\/fr\/actualite\/national\/une-marche-silencieuse-et-solidaire-les-femmes-de-tunisie-pour-les-femmes-de-palestine\/210326\/#primaryimage"},"thumbnailUrl":"https:\/\/www.webdo.tn\/fr\/wp-content\/uploads\/2023\/11\/e9fd1d807e6acb1236827645f223f202.jpeg","datePublished":"2023-11-24T07:46:00+00:00","dateModified":"2025-05-20T22:32:37+00:00","description":"UNE MARCHE SILENCIEUSE DES FEMMES DE LA TUNISIE AUX FEMMES DE LA PALESTINE Pose ton c\u0153ur sur mon c\u0153ur, yammah Samedi 25 novembre 2023, \u00e0 12h00 Place des Dr...","breadcrumb":{"@id":"https:\/\/www.webdo.tn\/fr\/actualite\/national\/une-marche-silencieuse-et-solidaire-les-femmes-de-tunisie-pour-les-femmes-de-palestine\/210326\/#breadcrumb"},"inLanguage":"fr-FR","potentialAction":[{"@type":"ReadAction","target":["https:\/\/www.webdo.tn\/fr\/actualite\/national\/une-marche-silencieuse-et-solidaire-les-femmes-de-tunisie-pour-les-femmes-de-palestine\/210326\/"]}]},{"@type":"ImageObject","inLanguage":"fr-FR","@id":"https:\/\/www.webdo.tn\/fr\/actualite\/national\/une-marche-silencieuse-et-solidaire-les-femmes-de-tunisie-pour-les-femmes-de-palestine\/210326\/#primaryimage","url":"https:\/\/www.webdo.tn\/fr\/wp-content\/uploads\/2023\/11\/e9fd1d807e6acb1236827645f223f202.jpeg","contentUrl":"https:\/\/www.webdo.tn\/fr\/wp-content\/uploads\/2023\/11\/e9fd1d807e6acb1236827645f223f202.jpeg","width":750,"height":400,"caption":"Une marche silencieuse et solidaire : Les femmes de Tunisie pour les femmes de Palestine"},{"@type":"BreadcrumbList","@id":"https:\/\/www.webdo.tn\/fr\/actualite\/national\/une-marche-silencieuse-et-solidaire-les-femmes-de-tunisie-pour-les-femmes-de-palestine\/210326\/#breadcrumb","itemListElement":[{"@type":"ListItem","position":1,"name":"Accueil","item":"https:\/\/www.webdo.tn\/fr\/"},{"@type":"ListItem","position":2,"name":"Une marche silencieuse et solidaire : Les femmes de Tunisie pour les femmes de Palestine"}]},{"@type":"WebSite","@id":"https:\/\/www.webdo.tn\/fr\/#website","url":"https:\/\/www.webdo.tn\/fr\/","name":"webdo","description":"Tunisie - News en Tunisie et \u00e0 l&#039;international sur Webdo.tn","publisher":{"@id":"https:\/\/www.webdo.tn\/fr\/#organization"},"potentialAction":[{"@type":"SearchAction","target":{"@type":"EntryPoint","urlTemplate":"https:\/\/www.webdo.tn\/fr\/?s={search_term_string}"},"query-input":{"@type":"PropertyValueSpecification","valueRequired":true,"valueName":"search_term_string"}}],"inLanguage":"fr-FR"},{"@type":"Organization","@id":"https:\/\/www.webdo.tn\/fr\/#organization","name":"Webdo","alternateName":"Webdo.tn","url":"https:\/\/www.webdo.tn\/fr\/","logo":{"@type":"ImageObject","inLanguage":"fr-FR","@id":"https:\/\/www.webdo.tn\/fr\/#\/schema\/logo\/image\/","url":"https:\/\/www.webdo.tn\/fr\/wp-content\/uploads\/2025\/06\/Webdo-Tunisie_168377.jpg","contentUrl":"https:\/\/www.webdo.tn\/fr\/wp-content\/uploads\/2025\/06\/Webdo-Tunisie_168377.jpg","width":301,"height":301,"caption":"Webdo"},"image":{"@id":"https:\/\/www.webdo.tn\/fr\/#\/schema\/logo\/image\/"},"sameAs":["https:\/\/www.facebook.com\/webdotn","https:\/\/x.com\/webdo_tn"],"description":"Webdo est un m\u00e9dia num\u00e9rique tunisien fond\u00e9 en 2010, sp\u00e9cialis\u00e9 dans l\u2019actualit\u00e9 nationale et internationale, l\u2019\u00e9conomie, la soci\u00e9t\u00e9 et les analyses politiques. Le site s\u2019adresse \u00e0 un large public francophone et couvre l\u2019information tunisienne en temps r\u00e9el.","email":"redac@webdo.tn","legalName":"YNJ SARL","foundingDate":"2010-09-06","numberOfEmployees":{"@type":"QuantitativeValue","minValue":"11","maxValue":"50"}},{"@type":"Person","@id":"https:\/\/www.webdo.tn\/fr\/#\/schema\/person\/1f4e491e0907b413d61089e8eb573acc","name":"Webdo","image":{"@type":"ImageObject","inLanguage":"fr-FR","@id":"https:\/\/secure.gravatar.com\/avatar\/de97aeec1bb80978a9dbb127e47dfc88aaacb2f3c29aac907d8d3222e3495d49?s=96&d=mm&r=g","url":"https:\/\/secure.gravatar.com\/avatar\/de97aeec1bb80978a9dbb127e47dfc88aaacb2f3c29aac907d8d3222e3495d49?s=96&d=mm&r=g","contentUrl":"https:\/\/secure.gravatar.com\/avatar\/de97aeec1bb80978a9dbb127e47dfc88aaacb2f3c29aac907d8d3222e3495d49?s=96&d=mm&r=g","caption":"Webdo"},"url":"https:\/\/www.webdo.tn\/fr\/actualite\/author\/webdo\/"}]}},"_links":{"self":[{"href":"https:\/\/www.webdo.tn\/fr\/wp-json\/wp\/v2\/posts\/210326","targetHints":{"allow":["GET"]}}],"collection":[{"href":"https:\/\/www.webdo.tn\/fr\/wp-json\/wp\/v2\/posts"}],"about":[{"href":"https:\/\/www.webdo.tn\/fr\/wp-json\/wp\/v2\/types\/post"}],"author":[{"embeddable":true,"href":"https:\/\/www.webdo.tn\/fr\/wp-json\/wp\/v2\/users\/3169"}],"replies":[{"embeddable":true,"href":"https:\/\/www.webdo.tn\/fr\/wp-json\/wp\/v2\/comments?post=210326"}],"version-history":[{"count":0,"href":"https:\/\/www.webdo.tn\/fr\/wp-json\/wp\/v2\/posts\/210326\/revisions"}],"wp:featuredmedia":[{"embeddable":true,"href":"https:\/\/www.webdo.tn\/fr\/wp-json\/wp\/v2\/media\/248716"}],"wp:attachment":[{"href":"https:\/\/www.webdo.tn\/fr\/wp-json\/wp\/v2\/media?parent=210326"}],"wp:term":[{"taxonomy":"category","embeddable":true,"href":"https:\/\/www.webdo.tn\/fr\/wp-json\/wp\/v2\/categories?post=210326"},{"taxonomy":"post_tag","embeddable":true,"href":"https:\/\/www.webdo.tn\/fr\/wp-json\/wp\/v2\/tags?post=210326"}],"curies":[{"name":"wp","href":"https:\/\/api.w.org\/{rel}","templated":true}]}}