{"id":210321,"date":"2023-11-23T19:27:00","date_gmt":"2023-11-23T19:27:00","guid":{"rendered":"https:\/\/www.webdo.tn\/fr\/blog\/pays-bas-un-parti-d-extreme-droite-islamophobe-remporte-les-legislatives\/210321\/"},"modified":"2025-05-20T22:39:28","modified_gmt":"2025-05-20T22:39:28","slug":"pays-bas-un-parti-d-extreme-droite-islamophobe-remporte-les-legislatives","status":"publish","type":"post","link":"https:\/\/www.webdo.tn\/fr\/actualite\/international\/pays-bas-un-parti-d-extreme-droite-islamophobe-remporte-les-legislatives\/210321\/","title":{"rendered":"Pays-Bas : Un parti d&rsquo;extr\u00eame droite islamophobe remporte les L\u00e9gislatives"},"content":{"rendered":"<p>Le parti n\u00e9erlandais d&rsquo;extr\u00eame droite islamophobe de Geert Wilders a remport\u00e9 largement les \u00e9lections l\u00e9gislatives hier mercredi aux Pays-Bas.\u00a0<\/p>\n<p>Le Parti de la Libert\u00e9 a report\u00e9 35 si\u00e8ges sur 150, une victoire consid\u00e9r\u00e9e comme tr\u00e8s confortable dans une chambre particuli\u00e8rement morcel\u00e9e.<\/p>\n<p>\u00ab Geert Wilders est parfois qualifi\u00e9 de Trump n\u00e9erlandais, sa chevelure contribuant \u00e0 la comparaison, mais en fait il entr\u00e9 en politique longtemps avant l&rsquo;ancien pr\u00e9sident am\u00e9ricain. N&rsquo;h\u00e9sitant pas \u00e0 traiter les Marocains de \u00ab\u00a0racailles\u00a0\u00bb ni \u00e0 proposer des concours de caricatures du proph\u00e8te Mahomet, Geert Wilders a b\u00e2ti sa carri\u00e8re en faisant croisade contre ce qu&rsquo;il nomme une \u00ab\u00a0invasion islamique\u00a0\u00bb de l&rsquo;Occident \u00bb, rapporte France 24.\u00a0<\/p>\n<p>Toutefois, selon des m\u00e9dias locaux, Geert Wilders risque d\u2019avoir du mal \u00e0 former une coalition pour gouverner l\u2019un des pays fondateurs de l\u2019Union europ\u00e9enne, puisque les principaux partis politiques ont annonc\u00e9 qu\u2019ils ne participeront pas \u00e0 une formation gouvernementale avec ce parti.<\/p>\n","protected":false},"excerpt":{"rendered":"<p>Le Parti de la Libert\u00e9 a report\u00e9 35 si\u00e8ges sur 150, une victoire consid\u00e9r\u00e9e comme tr\u00e8s confortable dans une chambre particuli\u00e8rement morcel\u00e9e.<\/p>\n","protected":false},"author":3175,"featured_media":248714,"comment_status":"open","ping_status":"closed","sticky":false,"template":"","format":"standard","meta":{"footnotes":""},"categories":[2598],"tags":[7509,7225,7508],"class_list":["post-210321","post","type-post","status-publish","format-standard","has-post-thumbnail","hentry","category-international","tag-islamophobie","tag-parti","tag-pays-bas"],"yoast_head":"<!-- This site is optimized with the Yoast SEO Premium plugin v27.4 (Yoast SEO v27.5) - https:\/\/yoast.com\/product\/yoast-seo-premium-wordpress\/ -->\n<title>Pays-Bas : Un parti d&#039;extr\u00eame droite islamophobe remporte les L\u00e9gislatives<\/title>\n<meta name=\"description\" content=\"Le Parti de la Libert\u00e9 a report\u00e9 35 si\u00e8ges sur 150, une victoire consid\u00e9r\u00e9e comme tr\u00e8s confortable dans une chambre particuli\u00e8rement morcel\u00e9e.\" \/>\n<link rel=\"canonical\" href=\"https:\/\/www.webdo.tn\/fr\/actualite\/international\/pays-bas-un-parti-d-extreme-droite-islamophobe-remporte-les-legislatives\/210321\/\" \/>\n<meta property=\"og:locale\" content=\"fr_FR\" \/>\n<meta property=\"og:type\" content=\"article\" \/>\n<meta property=\"og:title\" content=\"Pays-Bas : Un parti d&#039;extr\u00eame droite islamophobe remporte les L\u00e9gislatives\" \/>\n<meta property=\"og:description\" content=\"Le Parti de la Libert\u00e9 a report\u00e9 35 si\u00e8ges sur 150, une victoire consid\u00e9r\u00e9e comme tr\u00e8s confortable dans une chambre particuli\u00e8rement morcel\u00e9e.\" \/>\n<meta property=\"og:url\" content=\"https:\/\/www.webdo.tn\/fr\/actualite\/international\/pays-bas-un-parti-d-extreme-droite-islamophobe-remporte-les-legislatives\/210321\/\" \/>\n<meta property=\"og:site_name\" content=\"webdo\" \/>\n<meta property=\"article:publisher\" content=\"https:\/\/www.facebook.com\/webdotn\" \/>\n<meta property=\"article:published_time\" content=\"2023-11-23T19:27:00+00:00\" \/>\n<meta property=\"article:modified_time\" content=\"2025-05-20T22:39:28+00:00\" \/>\n<meta property=\"og:image\" content=\"https:\/\/www.webdo.tn\/fr\/wp-content\/uploads\/2023\/11\/4d401faf825f9acf710b234ba26e0791.png\" \/>\n\t<meta property=\"og:image:width\" content=\"750\" \/>\n\t<meta property=\"og:image:height\" content=\"400\" \/>\n\t<meta property=\"og:image:type\" content=\"image\/png\" \/>\n<meta name=\"author\" content=\"CL\" \/>\n<meta name=\"twitter:card\" content=\"summary_large_image\" \/>\n<meta name=\"twitter:creator\" content=\"@webdo_tn\" \/>\n<meta name=\"twitter:site\" content=\"@webdo_tn\" \/>\n<meta name=\"twitter:label1\" content=\"\u00c9crit par\" \/>\n\t<meta name=\"twitter:data1\" content=\"CL\" \/>\n\t<meta name=\"twitter:label2\" content=\"Dur\u00e9e de lecture estim\u00e9e\" \/>\n\t<meta name=\"twitter:data2\" content=\"1 minute\" \/>\n<script type=\"application\/ld+json\" class=\"yoast-schema-graph\">{\"@context\":\"https:\\\/\\\/schema.org\",\"@graph\":[{\"@type\":\"NewsArticle\",\"@id\":\"https:\\\/\\\/www.webdo.tn\\\/fr\\\/actualite\\\/international\\\/pays-bas-un-parti-d-extreme-droite-islamophobe-remporte-les-legislatives\\\/210321\\\/#article\",\"isPartOf\":{\"@id\":\"https:\\\/\\\/www.webdo.tn\\\/fr\\\/actualite\\\/international\\\/pays-bas-un-parti-d-extreme-droite-islamophobe-remporte-les-legislatives\\\/210321\\\/\"},\"author\":{\"name\":\"CL\",\"@id\":\"https:\\\/\\\/www.webdo.tn\\\/fr\\\/#\\\/schema\\\/person\\\/f35b42a42c5e2511bbd282959d6385cc\"},\"headline\":\"Pays-Bas : Un parti d&rsquo;extr\u00eame droite islamophobe remporte les L\u00e9gislatives\",\"datePublished\":\"2023-11-23T19:27:00+00:00\",\"dateModified\":\"2025-05-20T22:39:28+00:00\",\"mainEntityOfPage\":{\"@id\":\"https:\\\/\\\/www.webdo.tn\\\/fr\\\/actualite\\\/international\\\/pays-bas-un-parti-d-extreme-droite-islamophobe-remporte-les-legislatives\\\/210321\\\/\"},\"wordCount\":179,\"commentCount\":0,\"publisher\":{\"@id\":\"https:\\\/\\\/www.webdo.tn\\\/fr\\\/#organization\"},\"image\":{\"@id\":\"https:\\\/\\\/www.webdo.tn\\\/fr\\\/actualite\\\/international\\\/pays-bas-un-parti-d-extreme-droite-islamophobe-remporte-les-legislatives\\\/210321\\\/#primaryimage\"},\"thumbnailUrl\":\"https:\\\/\\\/www.webdo.tn\\\/fr\\\/wp-content\\\/uploads\\\/2023\\\/11\\\/4d401faf825f9acf710b234ba26e0791.png\",\"keywords\":[\"islamophobie\",\"Parti\",\"Pays-bas\"],\"articleSection\":[\"International\"],\"inLanguage\":\"fr-FR\"},{\"@type\":\"WebPage\",\"@id\":\"https:\\\/\\\/www.webdo.tn\\\/fr\\\/actualite\\\/international\\\/pays-bas-un-parti-d-extreme-droite-islamophobe-remporte-les-legislatives\\\/210321\\\/\",\"url\":\"https:\\\/\\\/www.webdo.tn\\\/fr\\\/actualite\\\/international\\\/pays-bas-un-parti-d-extreme-droite-islamophobe-remporte-les-legislatives\\\/210321\\\/\",\"name\":\"Pays-Bas : Un parti d'extr\u00eame droite islamophobe remporte les L\u00e9gislatives\",\"isPartOf\":{\"@id\":\"https:\\\/\\\/www.webdo.tn\\\/fr\\\/#website\"},\"primaryImageOfPage\":{\"@id\":\"https:\\\/\\\/www.webdo.tn\\\/fr\\\/actualite\\\/international\\\/pays-bas-un-parti-d-extreme-droite-islamophobe-remporte-les-legislatives\\\/210321\\\/#primaryimage\"},\"image\":{\"@id\":\"https:\\\/\\\/www.webdo.tn\\\/fr\\\/actualite\\\/international\\\/pays-bas-un-parti-d-extreme-droite-islamophobe-remporte-les-legislatives\\\/210321\\\/#primaryimage\"},\"thumbnailUrl\":\"https:\\\/\\\/www.webdo.tn\\\/fr\\\/wp-content\\\/uploads\\\/2023\\\/11\\\/4d401faf825f9acf710b234ba26e0791.png\",\"datePublished\":\"2023-11-23T19:27:00+00:00\",\"dateModified\":\"2025-05-20T22:39:28+00:00\",\"description\":\"Le Parti de la Libert\u00e9 a report\u00e9 35 si\u00e8ges sur 150, une victoire consid\u00e9r\u00e9e comme tr\u00e8s confortable dans une chambre particuli\u00e8rement morcel\u00e9e.\",\"breadcrumb\":{\"@id\":\"https:\\\/\\\/www.webdo.tn\\\/fr\\\/actualite\\\/international\\\/pays-bas-un-parti-d-extreme-droite-islamophobe-remporte-les-legislatives\\\/210321\\\/#breadcrumb\"},\"inLanguage\":\"fr-FR\",\"potentialAction\":[{\"@type\":\"ReadAction\",\"target\":[\"https:\\\/\\\/www.webdo.tn\\\/fr\\\/actualite\\\/international\\\/pays-bas-un-parti-d-extreme-droite-islamophobe-remporte-les-legislatives\\\/210321\\\/\"]}]},{\"@type\":\"ImageObject\",\"inLanguage\":\"fr-FR\",\"@id\":\"https:\\\/\\\/www.webdo.tn\\\/fr\\\/actualite\\\/international\\\/pays-bas-un-parti-d-extreme-droite-islamophobe-remporte-les-legislatives\\\/210321\\\/#primaryimage\",\"url\":\"https:\\\/\\\/www.webdo.tn\\\/fr\\\/wp-content\\\/uploads\\\/2023\\\/11\\\/4d401faf825f9acf710b234ba26e0791.png\",\"contentUrl\":\"https:\\\/\\\/www.webdo.tn\\\/fr\\\/wp-content\\\/uploads\\\/2023\\\/11\\\/4d401faf825f9acf710b234ba26e0791.png\",\"width\":750,\"height\":400,\"caption\":\"Pays-Bas : Un parti d'extr\u00eame droite islamophobe remporte les L\u00e9gislatives\"},{\"@type\":\"BreadcrumbList\",\"@id\":\"https:\\\/\\\/www.webdo.tn\\\/fr\\\/actualite\\\/international\\\/pays-bas-un-parti-d-extreme-droite-islamophobe-remporte-les-legislatives\\\/210321\\\/#breadcrumb\",\"itemListElement\":[{\"@type\":\"ListItem\",\"position\":1,\"name\":\"Accueil\",\"item\":\"https:\\\/\\\/www.webdo.tn\\\/fr\\\/\"},{\"@type\":\"ListItem\",\"position\":2,\"name\":\"Pays-Bas : Un parti d&rsquo;extr\u00eame droite islamophobe remporte les L\u00e9gislatives\"}]},{\"@type\":\"WebSite\",\"@id\":\"https:\\\/\\\/www.webdo.tn\\\/fr\\\/#website\",\"url\":\"https:\\\/\\\/www.webdo.tn\\\/fr\\\/\",\"name\":\"webdo\",\"description\":\"Tunisie - News en Tunisie et \u00e0 l&#039;international sur Webdo.tn\",\"publisher\":{\"@id\":\"https:\\\/\\\/www.webdo.tn\\\/fr\\\/#organization\"},\"potentialAction\":[{\"@type\":\"SearchAction\",\"target\":{\"@type\":\"EntryPoint\",\"urlTemplate\":\"https:\\\/\\\/www.webdo.tn\\\/fr\\\/?s={search_term_string}\"},\"query-input\":{\"@type\":\"PropertyValueSpecification\",\"valueRequired\":true,\"valueName\":\"search_term_string\"}}],\"inLanguage\":\"fr-FR\"},{\"@type\":\"Organization\",\"@id\":\"https:\\\/\\\/www.webdo.tn\\\/fr\\\/#organization\",\"name\":\"Webdo\",\"alternateName\":\"Webdo.tn\",\"url\":\"https:\\\/\\\/www.webdo.tn\\\/fr\\\/\",\"logo\":{\"@type\":\"ImageObject\",\"inLanguage\":\"fr-FR\",\"@id\":\"https:\\\/\\\/www.webdo.tn\\\/fr\\\/#\\\/schema\\\/logo\\\/image\\\/\",\"url\":\"https:\\\/\\\/www.webdo.tn\\\/fr\\\/wp-content\\\/uploads\\\/2025\\\/06\\\/Webdo-Tunisie_168377.jpg\",\"contentUrl\":\"https:\\\/\\\/www.webdo.tn\\\/fr\\\/wp-content\\\/uploads\\\/2025\\\/06\\\/Webdo-Tunisie_168377.jpg\",\"width\":301,\"height\":301,\"caption\":\"Webdo\"},\"image\":{\"@id\":\"https:\\\/\\\/www.webdo.tn\\\/fr\\\/#\\\/schema\\\/logo\\\/image\\\/\"},\"sameAs\":[\"https:\\\/\\\/www.facebook.com\\\/webdotn\",\"https:\\\/\\\/x.com\\\/webdo_tn\"],\"description\":\"Webdo est un m\u00e9dia num\u00e9rique tunisien fond\u00e9 en 2010, sp\u00e9cialis\u00e9 dans l\u2019actualit\u00e9 nationale et internationale, l\u2019\u00e9conomie, la soci\u00e9t\u00e9 et les analyses politiques. Le site s\u2019adresse \u00e0 un large public francophone et couvre l\u2019information tunisienne en temps r\u00e9el.\",\"email\":\"redac@webdo.tn\",\"legalName\":\"YNJ SARL\",\"foundingDate\":\"2010-09-06\",\"numberOfEmployees\":{\"@type\":\"QuantitativeValue\",\"minValue\":\"11\",\"maxValue\":\"50\"}},{\"@type\":\"Person\",\"@id\":\"https:\\\/\\\/www.webdo.tn\\\/fr\\\/#\\\/schema\\\/person\\\/f35b42a42c5e2511bbd282959d6385cc\",\"name\":\"CL\",\"image\":{\"@type\":\"ImageObject\",\"inLanguage\":\"fr-FR\",\"@id\":\"https:\\\/\\\/secure.gravatar.com\\\/avatar\\\/1447a49909b67aa657c488aec6512e1dd6143a480c1ecfee9b5b5cd74eb3b59e?s=96&d=mm&r=g\",\"url\":\"https:\\\/\\\/secure.gravatar.com\\\/avatar\\\/1447a49909b67aa657c488aec6512e1dd6143a480c1ecfee9b5b5cd74eb3b59e?s=96&d=mm&r=g\",\"contentUrl\":\"https:\\\/\\\/secure.gravatar.com\\\/avatar\\\/1447a49909b67aa657c488aec6512e1dd6143a480c1ecfee9b5b5cd74eb3b59e?s=96&d=mm&r=g\",\"caption\":\"CL\"},\"url\":\"https:\\\/\\\/www.webdo.tn\\\/fr\\\/actualite\\\/author\\\/cl\\\/\"}]}<\/script>\n<!-- \/ Yoast SEO Premium plugin. -->","yoast_head_json":{"title":"Pays-Bas : Un parti d'extr\u00eame droite islamophobe remporte les L\u00e9gislatives","description":"Le Parti de la Libert\u00e9 a report\u00e9 35 si\u00e8ges sur 150, une victoire consid\u00e9r\u00e9e comme tr\u00e8s confortable dans une chambre particuli\u00e8rement morcel\u00e9e.","canonical":"https:\/\/www.webdo.tn\/fr\/actualite\/international\/pays-bas-un-parti-d-extreme-droite-islamophobe-remporte-les-legislatives\/210321\/","og_locale":"fr_FR","og_type":"article","og_title":"Pays-Bas : Un parti d'extr\u00eame droite islamophobe remporte les L\u00e9gislatives","og_description":"Le Parti de la Libert\u00e9 a report\u00e9 35 si\u00e8ges sur 150, une victoire consid\u00e9r\u00e9e comme tr\u00e8s confortable dans une chambre particuli\u00e8rement morcel\u00e9e.","og_url":"https:\/\/www.webdo.tn\/fr\/actualite\/international\/pays-bas-un-parti-d-extreme-droite-islamophobe-remporte-les-legislatives\/210321\/","og_site_name":"webdo","article_publisher":"https:\/\/www.facebook.com\/webdotn","article_published_time":"2023-11-23T19:27:00+00:00","article_modified_time":"2025-05-20T22:39:28+00:00","og_image":[{"width":750,"height":400,"url":"https:\/\/www.webdo.tn\/fr\/wp-content\/uploads\/2023\/11\/4d401faf825f9acf710b234ba26e0791.png","type":"image\/png"}],"author":"CL","twitter_card":"summary_large_image","twitter_creator":"@webdo_tn","twitter_site":"@webdo_tn","twitter_misc":{"\u00c9crit par":"CL","Dur\u00e9e de lecture estim\u00e9e":"1 minute"},"schema":{"@context":"https:\/\/schema.org","@graph":[{"@type":"NewsArticle","@id":"https:\/\/www.webdo.tn\/fr\/actualite\/international\/pays-bas-un-parti-d-extreme-droite-islamophobe-remporte-les-legislatives\/210321\/#article","isPartOf":{"@id":"https:\/\/www.webdo.tn\/fr\/actualite\/international\/pays-bas-un-parti-d-extreme-droite-islamophobe-remporte-les-legislatives\/210321\/"},"author":{"name":"CL","@id":"https:\/\/www.webdo.tn\/fr\/#\/schema\/person\/f35b42a42c5e2511bbd282959d6385cc"},"headline":"Pays-Bas : Un parti d&rsquo;extr\u00eame droite islamophobe remporte les L\u00e9gislatives","datePublished":"2023-11-23T19:27:00+00:00","dateModified":"2025-05-20T22:39:28+00:00","mainEntityOfPage":{"@id":"https:\/\/www.webdo.tn\/fr\/actualite\/international\/pays-bas-un-parti-d-extreme-droite-islamophobe-remporte-les-legislatives\/210321\/"},"wordCount":179,"commentCount":0,"publisher":{"@id":"https:\/\/www.webdo.tn\/fr\/#organization"},"image":{"@id":"https:\/\/www.webdo.tn\/fr\/actualite\/international\/pays-bas-un-parti-d-extreme-droite-islamophobe-remporte-les-legislatives\/210321\/#primaryimage"},"thumbnailUrl":"https:\/\/www.webdo.tn\/fr\/wp-content\/uploads\/2023\/11\/4d401faf825f9acf710b234ba26e0791.png","keywords":["islamophobie","Parti","Pays-bas"],"articleSection":["International"],"inLanguage":"fr-FR"},{"@type":"WebPage","@id":"https:\/\/www.webdo.tn\/fr\/actualite\/international\/pays-bas-un-parti-d-extreme-droite-islamophobe-remporte-les-legislatives\/210321\/","url":"https:\/\/www.webdo.tn\/fr\/actualite\/international\/pays-bas-un-parti-d-extreme-droite-islamophobe-remporte-les-legislatives\/210321\/","name":"Pays-Bas : Un parti d'extr\u00eame droite islamophobe remporte les L\u00e9gislatives","isPartOf":{"@id":"https:\/\/www.webdo.tn\/fr\/#website"},"primaryImageOfPage":{"@id":"https:\/\/www.webdo.tn\/fr\/actualite\/international\/pays-bas-un-parti-d-extreme-droite-islamophobe-remporte-les-legislatives\/210321\/#primaryimage"},"image":{"@id":"https:\/\/www.webdo.tn\/fr\/actualite\/international\/pays-bas-un-parti-d-extreme-droite-islamophobe-remporte-les-legislatives\/210321\/#primaryimage"},"thumbnailUrl":"https:\/\/www.webdo.tn\/fr\/wp-content\/uploads\/2023\/11\/4d401faf825f9acf710b234ba26e0791.png","datePublished":"2023-11-23T19:27:00+00:00","dateModified":"2025-05-20T22:39:28+00:00","description":"Le Parti de la Libert\u00e9 a report\u00e9 35 si\u00e8ges sur 150, une victoire consid\u00e9r\u00e9e comme tr\u00e8s confortable dans une chambre particuli\u00e8rement morcel\u00e9e.","breadcrumb":{"@id":"https:\/\/www.webdo.tn\/fr\/actualite\/international\/pays-bas-un-parti-d-extreme-droite-islamophobe-remporte-les-legislatives\/210321\/#breadcrumb"},"inLanguage":"fr-FR","potentialAction":[{"@type":"ReadAction","target":["https:\/\/www.webdo.tn\/fr\/actualite\/international\/pays-bas-un-parti-d-extreme-droite-islamophobe-remporte-les-legislatives\/210321\/"]}]},{"@type":"ImageObject","inLanguage":"fr-FR","@id":"https:\/\/www.webdo.tn\/fr\/actualite\/international\/pays-bas-un-parti-d-extreme-droite-islamophobe-remporte-les-legislatives\/210321\/#primaryimage","url":"https:\/\/www.webdo.tn\/fr\/wp-content\/uploads\/2023\/11\/4d401faf825f9acf710b234ba26e0791.png","contentUrl":"https:\/\/www.webdo.tn\/fr\/wp-content\/uploads\/2023\/11\/4d401faf825f9acf710b234ba26e0791.png","width":750,"height":400,"caption":"Pays-Bas : Un parti d'extr\u00eame droite islamophobe remporte les L\u00e9gislatives"},{"@type":"BreadcrumbList","@id":"https:\/\/www.webdo.tn\/fr\/actualite\/international\/pays-bas-un-parti-d-extreme-droite-islamophobe-remporte-les-legislatives\/210321\/#breadcrumb","itemListElement":[{"@type":"ListItem","position":1,"name":"Accueil","item":"https:\/\/www.webdo.tn\/fr\/"},{"@type":"ListItem","position":2,"name":"Pays-Bas : Un parti d&rsquo;extr\u00eame droite islamophobe remporte les L\u00e9gislatives"}]},{"@type":"WebSite","@id":"https:\/\/www.webdo.tn\/fr\/#website","url":"https:\/\/www.webdo.tn\/fr\/","name":"webdo","description":"Tunisie - News en Tunisie et \u00e0 l&#039;international sur Webdo.tn","publisher":{"@id":"https:\/\/www.webdo.tn\/fr\/#organization"},"potentialAction":[{"@type":"SearchAction","target":{"@type":"EntryPoint","urlTemplate":"https:\/\/www.webdo.tn\/fr\/?s={search_term_string}"},"query-input":{"@type":"PropertyValueSpecification","valueRequired":true,"valueName":"search_term_string"}}],"inLanguage":"fr-FR"},{"@type":"Organization","@id":"https:\/\/www.webdo.tn\/fr\/#organization","name":"Webdo","alternateName":"Webdo.tn","url":"https:\/\/www.webdo.tn\/fr\/","logo":{"@type":"ImageObject","inLanguage":"fr-FR","@id":"https:\/\/www.webdo.tn\/fr\/#\/schema\/logo\/image\/","url":"https:\/\/www.webdo.tn\/fr\/wp-content\/uploads\/2025\/06\/Webdo-Tunisie_168377.jpg","contentUrl":"https:\/\/www.webdo.tn\/fr\/wp-content\/uploads\/2025\/06\/Webdo-Tunisie_168377.jpg","width":301,"height":301,"caption":"Webdo"},"image":{"@id":"https:\/\/www.webdo.tn\/fr\/#\/schema\/logo\/image\/"},"sameAs":["https:\/\/www.facebook.com\/webdotn","https:\/\/x.com\/webdo_tn"],"description":"Webdo est un m\u00e9dia num\u00e9rique tunisien fond\u00e9 en 2010, sp\u00e9cialis\u00e9 dans l\u2019actualit\u00e9 nationale et internationale, l\u2019\u00e9conomie, la soci\u00e9t\u00e9 et les analyses politiques. Le site s\u2019adresse \u00e0 un large public francophone et couvre l\u2019information tunisienne en temps r\u00e9el.","email":"redac@webdo.tn","legalName":"YNJ SARL","foundingDate":"2010-09-06","numberOfEmployees":{"@type":"QuantitativeValue","minValue":"11","maxValue":"50"}},{"@type":"Person","@id":"https:\/\/www.webdo.tn\/fr\/#\/schema\/person\/f35b42a42c5e2511bbd282959d6385cc","name":"CL","image":{"@type":"ImageObject","inLanguage":"fr-FR","@id":"https:\/\/secure.gravatar.com\/avatar\/1447a49909b67aa657c488aec6512e1dd6143a480c1ecfee9b5b5cd74eb3b59e?s=96&d=mm&r=g","url":"https:\/\/secure.gravatar.com\/avatar\/1447a49909b67aa657c488aec6512e1dd6143a480c1ecfee9b5b5cd74eb3b59e?s=96&d=mm&r=g","contentUrl":"https:\/\/secure.gravatar.com\/avatar\/1447a49909b67aa657c488aec6512e1dd6143a480c1ecfee9b5b5cd74eb3b59e?s=96&d=mm&r=g","caption":"CL"},"url":"https:\/\/www.webdo.tn\/fr\/actualite\/author\/cl\/"}]}},"_links":{"self":[{"href":"https:\/\/www.webdo.tn\/fr\/wp-json\/wp\/v2\/posts\/210321","targetHints":{"allow":["GET"]}}],"collection":[{"href":"https:\/\/www.webdo.tn\/fr\/wp-json\/wp\/v2\/posts"}],"about":[{"href":"https:\/\/www.webdo.tn\/fr\/wp-json\/wp\/v2\/types\/post"}],"author":[{"embeddable":true,"href":"https:\/\/www.webdo.tn\/fr\/wp-json\/wp\/v2\/users\/3175"}],"replies":[{"embeddable":true,"href":"https:\/\/www.webdo.tn\/fr\/wp-json\/wp\/v2\/comments?post=210321"}],"version-history":[{"count":0,"href":"https:\/\/www.webdo.tn\/fr\/wp-json\/wp\/v2\/posts\/210321\/revisions"}],"wp:featuredmedia":[{"embeddable":true,"href":"https:\/\/www.webdo.tn\/fr\/wp-json\/wp\/v2\/media\/248714"}],"wp:attachment":[{"href":"https:\/\/www.webdo.tn\/fr\/wp-json\/wp\/v2\/media?parent=210321"}],"wp:term":[{"taxonomy":"category","embeddable":true,"href":"https:\/\/www.webdo.tn\/fr\/wp-json\/wp\/v2\/categories?post=210321"},{"taxonomy":"post_tag","embeddable":true,"href":"https:\/\/www.webdo.tn\/fr\/wp-json\/wp\/v2\/tags?post=210321"}],"curies":[{"name":"wp","href":"https:\/\/api.w.org\/{rel}","templated":true}]}}