{"id":210308,"date":"2023-11-23T09:19:00","date_gmt":"2023-11-23T09:19:00","guid":{"rendered":"https:\/\/www.webdo.tn\/fr\/blog\/gaza-hend-sabri-demissionne-de-son-poste-d-ambassadrice-de-bonne-volonte-a-l-onu\/210308\/"},"modified":"2025-05-20T22:10:48","modified_gmt":"2025-05-20T22:10:48","slug":"gaza-hend-sabri-demissionne-de-son-poste-d-ambassadrice-de-bonne-volonte-a-l-onu","status":"publish","type":"post","link":"https:\/\/www.webdo.tn\/fr\/actualite\/culture\/gaza-hend-sabri-demissionne-de-son-poste-d-ambassadrice-de-bonne-volonte-a-l-onu\/210308\/","title":{"rendered":"Gaza : Hend Sabri d\u00e9missionne de son poste d\u2019ambassadrice de bonne volont\u00e9 \u00e0 l\u2019ONU"},"content":{"rendered":"<p>Mercredi 22 novembre 2023, l\u2019actrice tunisienne Hend Sabri a annonc\u00e9 sa d\u00e9mission du Programme alimentaire mondial (PAM) des Nations unies, 13 ans apr\u00e8s avoir rejoint le programme en tant qu&rsquo;ambassadrice de bonne volont\u00e9, en raison de ce qui se passe actuellement \u00e0 Gaza.<\/p>\n<p>\t\t\t\t\t\t\t\t\tHend Sabri a justifi\u00e9 sa d\u00e9mission, dans un message publi\u00e9 sur ses r\u00e9seaux sociaux : \u00ab\u00a0Au cours des derni\u00e8res semaines, j&rsquo;ai \u00e9t\u00e9 t\u00e9moin et partag\u00e9 les exp\u00e9riences de mes d\u00e9vou\u00e9s coll\u00e8gues du PAM, qui se sentent impuissants en raison de leur incapacit\u00e9 \u00e0 s&rsquo;acquitter de leur devoir comme ils le font toujours, envers les enfants, les m\u00e8res, les p\u00e8res et les grands-parents de Gaza. Ils ne pouvaient pas faire grand-chose face \u00e0 l\u2019\u00e9crasante machine de guerre qui n\u2019a aucune piti\u00e9 pour les civils assi\u00e9g\u00e9s par la mort\u00a0\u00bb.<\/p>\n<p>Et d\u2019ajouter : \u00ab\u00a0J&rsquo;ai essay\u00e9 de faire entendre ma voix au plus haut niveau du PAM et de me joindre \u00e0 mes coll\u00e8gues pour appeler \u00e0 utiliser le poids du programme &#8211; comme il l&rsquo;a fait avec succ\u00e8s dans le pass\u00e9 \u2013 afin d\u2019appeler et faire pression avec force en faveur d&rsquo;un un cessez-le-feu humanitaire imm\u00e9diat dans la bande de Gaza, et de profiter de l&rsquo;influence du programme pour emp\u00eacher l&rsquo;utilisation de la famine comme arme de guerre\u00a0\u00bb.<\/p>\n<p>\u00ab\u00a0J&rsquo;\u00e9tais certaine que le PAM &#8211; qui a re\u00e7u le prix Nobel de la paix il y a seulement 3 ans &#8211; apr\u00e8s avoir particip\u00e9 activement \u00e0 la r\u00e9solution n\u00b0 2417 de l&rsquo;ONU, qui condamnait le recours \u00e0 la famine comme m\u00e9thode de guerre &#8211; utiliserait sa voix aussi fortement qu\u2019elle l\u2019a fait dans multiples urgences et crises humanitaires\u00a0\u00bb, a-t-elle ajout\u00e9, exprimant sa d\u00e9ception.<\/p>\n<p>\u00ab\u00a0Cependant, la famine et le si\u00e8ge ont \u00e9t\u00e9 utilis\u00e9s comme armes de guerre au cours des 46 derniers jours contre plus de deux millions de civils \u00e0 Gaza, une arme qui a jusqu&rsquo;\u00e0 pr\u00e9sent tu\u00e9 plus de 14.000 personnes et fait plus de 1,6 million de personnes sans abri. La moiti\u00e9 des b\u00e2timents ont \u00e9t\u00e9 d\u00e9truits et les h\u00f4pitaux et les \u00e9coles qui \u00e9taient cens\u00e9s \u00eatre des abris s\u00fbrs ont \u00e9t\u00e9 bombard\u00e9s\u00a0\u00bb.<\/p>\n<p>\u00ab\u00a0Pour tout cela, j&rsquo;annonce ma d\u00e9mission, et je souhaite \u00e0 tous mes coll\u00e8gues du Programme alimentaire mondial s\u00e9curit\u00e9 et paix, tout en soulignant que je n&rsquo;abandonnerai pas mon r\u00f4le humanitaire et soci\u00e9tal, mais que je l&rsquo;exercerai sous d\u2019autres formes\u00a0\u00bb, a conclu l\u2019actrice tunisienne.<\/p>\n","protected":false},"excerpt":{"rendered":"<p>Hend Sabri a justifi\u00e9 sa d\u00e9mission, dans un message publi\u00e9 sur ses r\u00e9seaux sociaux.<\/p>\n","protected":false},"author":3162,"featured_media":289900,"comment_status":"open","ping_status":"closed","sticky":false,"template":"","format":"standard","meta":{"footnotes":""},"categories":[2594],"tags":[9865,9866,6379,2689,3296],"class_list":["post-210308","post","type-post","status-publish","format-standard","has-post-thumbnail","hentry","category-culture","tag-hend-sabri","tag-programme-alimentaire-mondial","tag-demission","tag-gaza","tag-onu"],"yoast_head":"<!-- This site is optimized with the Yoast SEO Premium plugin v27.5 (Yoast SEO v27.5) - https:\/\/yoast.com\/product\/yoast-seo-premium-wordpress\/ -->\n<title>Gaza : Hend Sabri d\u00e9missionne de son poste d\u2019ambassadrice de bonne volont\u00e9 \u00e0 l\u2019ONU<\/title>\n<meta name=\"description\" content=\"Hend Sabri a justifi\u00e9 sa d\u00e9mission, dans un message publi\u00e9 sur ses r\u00e9seaux sociaux.\" \/>\n<link rel=\"canonical\" href=\"https:\/\/www.webdo.tn\/fr\/actualite\/culture\/gaza-hend-sabri-demissionne-de-son-poste-d-ambassadrice-de-bonne-volonte-a-l-onu\/210308\/\" \/>\n<meta property=\"og:locale\" content=\"fr_FR\" \/>\n<meta property=\"og:type\" content=\"article\" \/>\n<meta property=\"og:title\" content=\"Gaza : Hend Sabri d\u00e9missionne de son poste d\u2019ambassadrice de bonne volont\u00e9 \u00e0 l\u2019ONU\" \/>\n<meta property=\"og:description\" content=\"Hend Sabri a justifi\u00e9 sa d\u00e9mission, dans un message publi\u00e9 sur ses r\u00e9seaux sociaux.\" \/>\n<meta property=\"og:url\" content=\"https:\/\/www.webdo.tn\/fr\/actualite\/culture\/gaza-hend-sabri-demissionne-de-son-poste-d-ambassadrice-de-bonne-volonte-a-l-onu\/210308\/\" \/>\n<meta property=\"og:site_name\" content=\"webdo\" \/>\n<meta property=\"article:publisher\" content=\"https:\/\/www.facebook.com\/webdotn\" \/>\n<meta property=\"article:published_time\" content=\"2023-11-23T09:19:00+00:00\" \/>\n<meta property=\"article:modified_time\" content=\"2025-05-20T22:10:48+00:00\" \/>\n<meta property=\"og:image\" content=\"https:\/\/www.webdo.tn\/fr\/wp-content\/uploads\/2023\/11\/309fa07edc681768b344368ab2e4f05b.jpg\" \/>\n\t<meta property=\"og:image:width\" content=\"750\" \/>\n\t<meta property=\"og:image:height\" content=\"400\" \/>\n\t<meta property=\"og:image:type\" content=\"image\/jpeg\" \/>\n<meta name=\"author\" content=\"MC\" \/>\n<meta name=\"twitter:card\" content=\"summary_large_image\" \/>\n<meta name=\"twitter:creator\" content=\"@webdo_tn\" \/>\n<meta name=\"twitter:site\" content=\"@webdo_tn\" \/>\n<meta name=\"twitter:label1\" content=\"\u00c9crit par\" \/>\n\t<meta name=\"twitter:data1\" content=\"MC\" \/>\n\t<meta name=\"twitter:label2\" content=\"Dur\u00e9e de lecture estim\u00e9e\" \/>\n\t<meta name=\"twitter:data2\" content=\"2 minutes\" \/>\n<script type=\"application\/ld+json\" class=\"yoast-schema-graph\">{\"@context\":\"https:\\\/\\\/schema.org\",\"@graph\":[{\"@type\":\"NewsArticle\",\"@id\":\"https:\\\/\\\/www.webdo.tn\\\/fr\\\/actualite\\\/culture\\\/gaza-hend-sabri-demissionne-de-son-poste-d-ambassadrice-de-bonne-volonte-a-l-onu\\\/210308\\\/#article\",\"isPartOf\":{\"@id\":\"https:\\\/\\\/www.webdo.tn\\\/fr\\\/actualite\\\/culture\\\/gaza-hend-sabri-demissionne-de-son-poste-d-ambassadrice-de-bonne-volonte-a-l-onu\\\/210308\\\/\"},\"author\":{\"name\":\"MC\",\"@id\":\"https:\\\/\\\/www.webdo.tn\\\/fr\\\/#\\\/schema\\\/person\\\/2c4929cbf5a809e3bd38617c6ce150f6\"},\"headline\":\"Gaza : Hend Sabri d\u00e9missionne de son poste d\u2019ambassadrice de bonne volont\u00e9 \u00e0 l\u2019ONU\",\"datePublished\":\"2023-11-23T09:19:00+00:00\",\"dateModified\":\"2025-05-20T22:10:48+00:00\",\"mainEntityOfPage\":{\"@id\":\"https:\\\/\\\/www.webdo.tn\\\/fr\\\/actualite\\\/culture\\\/gaza-hend-sabri-demissionne-de-son-poste-d-ambassadrice-de-bonne-volonte-a-l-onu\\\/210308\\\/\"},\"wordCount\":441,\"commentCount\":0,\"publisher\":{\"@id\":\"https:\\\/\\\/www.webdo.tn\\\/fr\\\/#organization\"},\"image\":{\"@id\":\"https:\\\/\\\/www.webdo.tn\\\/fr\\\/actualite\\\/culture\\\/gaza-hend-sabri-demissionne-de-son-poste-d-ambassadrice-de-bonne-volonte-a-l-onu\\\/210308\\\/#primaryimage\"},\"thumbnailUrl\":\"https:\\\/\\\/www.webdo.tn\\\/fr\\\/wp-content\\\/uploads\\\/2023\\\/11\\\/309fa07edc681768b344368ab2e4f05b.jpg\",\"keywords\":[\"'hend sabri'\",\"'programme alimentaire mondial']\",\"D\u00e9mission\",\"Gaza\",\"ONU\"],\"articleSection\":[\"Culture\"],\"inLanguage\":\"fr-FR\"},{\"@type\":\"WebPage\",\"@id\":\"https:\\\/\\\/www.webdo.tn\\\/fr\\\/actualite\\\/culture\\\/gaza-hend-sabri-demissionne-de-son-poste-d-ambassadrice-de-bonne-volonte-a-l-onu\\\/210308\\\/\",\"url\":\"https:\\\/\\\/www.webdo.tn\\\/fr\\\/actualite\\\/culture\\\/gaza-hend-sabri-demissionne-de-son-poste-d-ambassadrice-de-bonne-volonte-a-l-onu\\\/210308\\\/\",\"name\":\"Gaza : Hend Sabri d\u00e9missionne de son poste d\u2019ambassadrice de bonne volont\u00e9 \u00e0 l\u2019ONU\",\"isPartOf\":{\"@id\":\"https:\\\/\\\/www.webdo.tn\\\/fr\\\/#website\"},\"primaryImageOfPage\":{\"@id\":\"https:\\\/\\\/www.webdo.tn\\\/fr\\\/actualite\\\/culture\\\/gaza-hend-sabri-demissionne-de-son-poste-d-ambassadrice-de-bonne-volonte-a-l-onu\\\/210308\\\/#primaryimage\"},\"image\":{\"@id\":\"https:\\\/\\\/www.webdo.tn\\\/fr\\\/actualite\\\/culture\\\/gaza-hend-sabri-demissionne-de-son-poste-d-ambassadrice-de-bonne-volonte-a-l-onu\\\/210308\\\/#primaryimage\"},\"thumbnailUrl\":\"https:\\\/\\\/www.webdo.tn\\\/fr\\\/wp-content\\\/uploads\\\/2023\\\/11\\\/309fa07edc681768b344368ab2e4f05b.jpg\",\"datePublished\":\"2023-11-23T09:19:00+00:00\",\"dateModified\":\"2025-05-20T22:10:48+00:00\",\"description\":\"Hend Sabri a justifi\u00e9 sa d\u00e9mission, dans un message publi\u00e9 sur ses r\u00e9seaux sociaux.\",\"breadcrumb\":{\"@id\":\"https:\\\/\\\/www.webdo.tn\\\/fr\\\/actualite\\\/culture\\\/gaza-hend-sabri-demissionne-de-son-poste-d-ambassadrice-de-bonne-volonte-a-l-onu\\\/210308\\\/#breadcrumb\"},\"inLanguage\":\"fr-FR\",\"potentialAction\":[{\"@type\":\"ReadAction\",\"target\":[\"https:\\\/\\\/www.webdo.tn\\\/fr\\\/actualite\\\/culture\\\/gaza-hend-sabri-demissionne-de-son-poste-d-ambassadrice-de-bonne-volonte-a-l-onu\\\/210308\\\/\"]}]},{\"@type\":\"ImageObject\",\"inLanguage\":\"fr-FR\",\"@id\":\"https:\\\/\\\/www.webdo.tn\\\/fr\\\/actualite\\\/culture\\\/gaza-hend-sabri-demissionne-de-son-poste-d-ambassadrice-de-bonne-volonte-a-l-onu\\\/210308\\\/#primaryimage\",\"url\":\"https:\\\/\\\/www.webdo.tn\\\/fr\\\/wp-content\\\/uploads\\\/2023\\\/11\\\/309fa07edc681768b344368ab2e4f05b.jpg\",\"contentUrl\":\"https:\\\/\\\/www.webdo.tn\\\/fr\\\/wp-content\\\/uploads\\\/2023\\\/11\\\/309fa07edc681768b344368ab2e4f05b.jpg\",\"width\":750,\"height\":400,\"caption\":\"Gaza : Hend Sabri d\u00e9missionne de son poste d\u2019ambassadrice de bonne volont\u00e9 \u00e0 l\u2019ONU\"},{\"@type\":\"BreadcrumbList\",\"@id\":\"https:\\\/\\\/www.webdo.tn\\\/fr\\\/actualite\\\/culture\\\/gaza-hend-sabri-demissionne-de-son-poste-d-ambassadrice-de-bonne-volonte-a-l-onu\\\/210308\\\/#breadcrumb\",\"itemListElement\":[{\"@type\":\"ListItem\",\"position\":1,\"name\":\"Accueil\",\"item\":\"https:\\\/\\\/www.webdo.tn\\\/fr\\\/\"},{\"@type\":\"ListItem\",\"position\":2,\"name\":\"Gaza : Hend Sabri d\u00e9missionne de son poste d\u2019ambassadrice de bonne volont\u00e9 \u00e0 l\u2019ONU\"}]},{\"@type\":\"WebSite\",\"@id\":\"https:\\\/\\\/www.webdo.tn\\\/fr\\\/#website\",\"url\":\"https:\\\/\\\/www.webdo.tn\\\/fr\\\/\",\"name\":\"webdo\",\"description\":\"Tunisie - News en Tunisie et \u00e0 l&#039;international sur Webdo.tn\",\"publisher\":{\"@id\":\"https:\\\/\\\/www.webdo.tn\\\/fr\\\/#organization\"},\"potentialAction\":[{\"@type\":\"SearchAction\",\"target\":{\"@type\":\"EntryPoint\",\"urlTemplate\":\"https:\\\/\\\/www.webdo.tn\\\/fr\\\/?s={search_term_string}\"},\"query-input\":{\"@type\":\"PropertyValueSpecification\",\"valueRequired\":true,\"valueName\":\"search_term_string\"}}],\"inLanguage\":\"fr-FR\"},{\"@type\":\"Organization\",\"@id\":\"https:\\\/\\\/www.webdo.tn\\\/fr\\\/#organization\",\"name\":\"Webdo\",\"alternateName\":\"Webdo.tn\",\"url\":\"https:\\\/\\\/www.webdo.tn\\\/fr\\\/\",\"logo\":{\"@type\":\"ImageObject\",\"inLanguage\":\"fr-FR\",\"@id\":\"https:\\\/\\\/www.webdo.tn\\\/fr\\\/#\\\/schema\\\/logo\\\/image\\\/\",\"url\":\"https:\\\/\\\/www.webdo.tn\\\/fr\\\/wp-content\\\/uploads\\\/2025\\\/06\\\/Webdo-Tunisie_168377.jpg\",\"contentUrl\":\"https:\\\/\\\/www.webdo.tn\\\/fr\\\/wp-content\\\/uploads\\\/2025\\\/06\\\/Webdo-Tunisie_168377.jpg\",\"width\":301,\"height\":301,\"caption\":\"Webdo\"},\"image\":{\"@id\":\"https:\\\/\\\/www.webdo.tn\\\/fr\\\/#\\\/schema\\\/logo\\\/image\\\/\"},\"sameAs\":[\"https:\\\/\\\/www.facebook.com\\\/webdotn\",\"https:\\\/\\\/x.com\\\/webdo_tn\"],\"description\":\"Webdo est un m\u00e9dia num\u00e9rique tunisien fond\u00e9 en 2010, sp\u00e9cialis\u00e9 dans l\u2019actualit\u00e9 nationale et internationale, l\u2019\u00e9conomie, la soci\u00e9t\u00e9 et les analyses politiques. Le site s\u2019adresse \u00e0 un large public francophone et couvre l\u2019information tunisienne en temps r\u00e9el.\",\"email\":\"redac@webdo.tn\",\"legalName\":\"YNJ SARL\",\"foundingDate\":\"2010-09-06\",\"numberOfEmployees\":{\"@type\":\"QuantitativeValue\",\"minValue\":\"11\",\"maxValue\":\"50\"}},{\"@type\":\"Person\",\"@id\":\"https:\\\/\\\/www.webdo.tn\\\/fr\\\/#\\\/schema\\\/person\\\/2c4929cbf5a809e3bd38617c6ce150f6\",\"name\":\"MC\",\"image\":{\"@type\":\"ImageObject\",\"inLanguage\":\"fr-FR\",\"@id\":\"https:\\\/\\\/secure.gravatar.com\\\/avatar\\\/a545bbb6f84efdd5553dbbc2895e3ca8f1d12c5215e00a041c9670b54aa9b18a?s=96&d=mm&r=g\",\"url\":\"https:\\\/\\\/secure.gravatar.com\\\/avatar\\\/a545bbb6f84efdd5553dbbc2895e3ca8f1d12c5215e00a041c9670b54aa9b18a?s=96&d=mm&r=g\",\"contentUrl\":\"https:\\\/\\\/secure.gravatar.com\\\/avatar\\\/a545bbb6f84efdd5553dbbc2895e3ca8f1d12c5215e00a041c9670b54aa9b18a?s=96&d=mm&r=g\",\"caption\":\"MC\"},\"url\":\"https:\\\/\\\/www.webdo.tn\\\/fr\\\/actualite\\\/author\\\/mc\\\/\"}]}<\/script>\n<!-- \/ Yoast SEO Premium plugin. -->","yoast_head_json":{"title":"Gaza : Hend Sabri d\u00e9missionne de son poste d\u2019ambassadrice de bonne volont\u00e9 \u00e0 l\u2019ONU","description":"Hend Sabri a justifi\u00e9 sa d\u00e9mission, dans un message publi\u00e9 sur ses r\u00e9seaux sociaux.","canonical":"https:\/\/www.webdo.tn\/fr\/actualite\/culture\/gaza-hend-sabri-demissionne-de-son-poste-d-ambassadrice-de-bonne-volonte-a-l-onu\/210308\/","og_locale":"fr_FR","og_type":"article","og_title":"Gaza : Hend Sabri d\u00e9missionne de son poste d\u2019ambassadrice de bonne volont\u00e9 \u00e0 l\u2019ONU","og_description":"Hend Sabri a justifi\u00e9 sa d\u00e9mission, dans un message publi\u00e9 sur ses r\u00e9seaux sociaux.","og_url":"https:\/\/www.webdo.tn\/fr\/actualite\/culture\/gaza-hend-sabri-demissionne-de-son-poste-d-ambassadrice-de-bonne-volonte-a-l-onu\/210308\/","og_site_name":"webdo","article_publisher":"https:\/\/www.facebook.com\/webdotn","article_published_time":"2023-11-23T09:19:00+00:00","article_modified_time":"2025-05-20T22:10:48+00:00","og_image":[{"width":750,"height":400,"url":"https:\/\/www.webdo.tn\/fr\/wp-content\/uploads\/2023\/11\/309fa07edc681768b344368ab2e4f05b.jpg","type":"image\/jpeg"}],"author":"MC","twitter_card":"summary_large_image","twitter_creator":"@webdo_tn","twitter_site":"@webdo_tn","twitter_misc":{"\u00c9crit par":"MC","Dur\u00e9e de lecture estim\u00e9e":"2 minutes"},"schema":{"@context":"https:\/\/schema.org","@graph":[{"@type":"NewsArticle","@id":"https:\/\/www.webdo.tn\/fr\/actualite\/culture\/gaza-hend-sabri-demissionne-de-son-poste-d-ambassadrice-de-bonne-volonte-a-l-onu\/210308\/#article","isPartOf":{"@id":"https:\/\/www.webdo.tn\/fr\/actualite\/culture\/gaza-hend-sabri-demissionne-de-son-poste-d-ambassadrice-de-bonne-volonte-a-l-onu\/210308\/"},"author":{"name":"MC","@id":"https:\/\/www.webdo.tn\/fr\/#\/schema\/person\/2c4929cbf5a809e3bd38617c6ce150f6"},"headline":"Gaza : Hend Sabri d\u00e9missionne de son poste d\u2019ambassadrice de bonne volont\u00e9 \u00e0 l\u2019ONU","datePublished":"2023-11-23T09:19:00+00:00","dateModified":"2025-05-20T22:10:48+00:00","mainEntityOfPage":{"@id":"https:\/\/www.webdo.tn\/fr\/actualite\/culture\/gaza-hend-sabri-demissionne-de-son-poste-d-ambassadrice-de-bonne-volonte-a-l-onu\/210308\/"},"wordCount":441,"commentCount":0,"publisher":{"@id":"https:\/\/www.webdo.tn\/fr\/#organization"},"image":{"@id":"https:\/\/www.webdo.tn\/fr\/actualite\/culture\/gaza-hend-sabri-demissionne-de-son-poste-d-ambassadrice-de-bonne-volonte-a-l-onu\/210308\/#primaryimage"},"thumbnailUrl":"https:\/\/www.webdo.tn\/fr\/wp-content\/uploads\/2023\/11\/309fa07edc681768b344368ab2e4f05b.jpg","keywords":["'hend sabri'","'programme alimentaire mondial']","D\u00e9mission","Gaza","ONU"],"articleSection":["Culture"],"inLanguage":"fr-FR"},{"@type":"WebPage","@id":"https:\/\/www.webdo.tn\/fr\/actualite\/culture\/gaza-hend-sabri-demissionne-de-son-poste-d-ambassadrice-de-bonne-volonte-a-l-onu\/210308\/","url":"https:\/\/www.webdo.tn\/fr\/actualite\/culture\/gaza-hend-sabri-demissionne-de-son-poste-d-ambassadrice-de-bonne-volonte-a-l-onu\/210308\/","name":"Gaza : Hend Sabri d\u00e9missionne de son poste d\u2019ambassadrice de bonne volont\u00e9 \u00e0 l\u2019ONU","isPartOf":{"@id":"https:\/\/www.webdo.tn\/fr\/#website"},"primaryImageOfPage":{"@id":"https:\/\/www.webdo.tn\/fr\/actualite\/culture\/gaza-hend-sabri-demissionne-de-son-poste-d-ambassadrice-de-bonne-volonte-a-l-onu\/210308\/#primaryimage"},"image":{"@id":"https:\/\/www.webdo.tn\/fr\/actualite\/culture\/gaza-hend-sabri-demissionne-de-son-poste-d-ambassadrice-de-bonne-volonte-a-l-onu\/210308\/#primaryimage"},"thumbnailUrl":"https:\/\/www.webdo.tn\/fr\/wp-content\/uploads\/2023\/11\/309fa07edc681768b344368ab2e4f05b.jpg","datePublished":"2023-11-23T09:19:00+00:00","dateModified":"2025-05-20T22:10:48+00:00","description":"Hend Sabri a justifi\u00e9 sa d\u00e9mission, dans un message publi\u00e9 sur ses r\u00e9seaux sociaux.","breadcrumb":{"@id":"https:\/\/www.webdo.tn\/fr\/actualite\/culture\/gaza-hend-sabri-demissionne-de-son-poste-d-ambassadrice-de-bonne-volonte-a-l-onu\/210308\/#breadcrumb"},"inLanguage":"fr-FR","potentialAction":[{"@type":"ReadAction","target":["https:\/\/www.webdo.tn\/fr\/actualite\/culture\/gaza-hend-sabri-demissionne-de-son-poste-d-ambassadrice-de-bonne-volonte-a-l-onu\/210308\/"]}]},{"@type":"ImageObject","inLanguage":"fr-FR","@id":"https:\/\/www.webdo.tn\/fr\/actualite\/culture\/gaza-hend-sabri-demissionne-de-son-poste-d-ambassadrice-de-bonne-volonte-a-l-onu\/210308\/#primaryimage","url":"https:\/\/www.webdo.tn\/fr\/wp-content\/uploads\/2023\/11\/309fa07edc681768b344368ab2e4f05b.jpg","contentUrl":"https:\/\/www.webdo.tn\/fr\/wp-content\/uploads\/2023\/11\/309fa07edc681768b344368ab2e4f05b.jpg","width":750,"height":400,"caption":"Gaza : Hend Sabri d\u00e9missionne de son poste d\u2019ambassadrice de bonne volont\u00e9 \u00e0 l\u2019ONU"},{"@type":"BreadcrumbList","@id":"https:\/\/www.webdo.tn\/fr\/actualite\/culture\/gaza-hend-sabri-demissionne-de-son-poste-d-ambassadrice-de-bonne-volonte-a-l-onu\/210308\/#breadcrumb","itemListElement":[{"@type":"ListItem","position":1,"name":"Accueil","item":"https:\/\/www.webdo.tn\/fr\/"},{"@type":"ListItem","position":2,"name":"Gaza : Hend Sabri d\u00e9missionne de son poste d\u2019ambassadrice de bonne volont\u00e9 \u00e0 l\u2019ONU"}]},{"@type":"WebSite","@id":"https:\/\/www.webdo.tn\/fr\/#website","url":"https:\/\/www.webdo.tn\/fr\/","name":"webdo","description":"Tunisie - News en Tunisie et \u00e0 l&#039;international sur Webdo.tn","publisher":{"@id":"https:\/\/www.webdo.tn\/fr\/#organization"},"potentialAction":[{"@type":"SearchAction","target":{"@type":"EntryPoint","urlTemplate":"https:\/\/www.webdo.tn\/fr\/?s={search_term_string}"},"query-input":{"@type":"PropertyValueSpecification","valueRequired":true,"valueName":"search_term_string"}}],"inLanguage":"fr-FR"},{"@type":"Organization","@id":"https:\/\/www.webdo.tn\/fr\/#organization","name":"Webdo","alternateName":"Webdo.tn","url":"https:\/\/www.webdo.tn\/fr\/","logo":{"@type":"ImageObject","inLanguage":"fr-FR","@id":"https:\/\/www.webdo.tn\/fr\/#\/schema\/logo\/image\/","url":"https:\/\/www.webdo.tn\/fr\/wp-content\/uploads\/2025\/06\/Webdo-Tunisie_168377.jpg","contentUrl":"https:\/\/www.webdo.tn\/fr\/wp-content\/uploads\/2025\/06\/Webdo-Tunisie_168377.jpg","width":301,"height":301,"caption":"Webdo"},"image":{"@id":"https:\/\/www.webdo.tn\/fr\/#\/schema\/logo\/image\/"},"sameAs":["https:\/\/www.facebook.com\/webdotn","https:\/\/x.com\/webdo_tn"],"description":"Webdo est un m\u00e9dia num\u00e9rique tunisien fond\u00e9 en 2010, sp\u00e9cialis\u00e9 dans l\u2019actualit\u00e9 nationale et internationale, l\u2019\u00e9conomie, la soci\u00e9t\u00e9 et les analyses politiques. Le site s\u2019adresse \u00e0 un large public francophone et couvre l\u2019information tunisienne en temps r\u00e9el.","email":"redac@webdo.tn","legalName":"YNJ SARL","foundingDate":"2010-09-06","numberOfEmployees":{"@type":"QuantitativeValue","minValue":"11","maxValue":"50"}},{"@type":"Person","@id":"https:\/\/www.webdo.tn\/fr\/#\/schema\/person\/2c4929cbf5a809e3bd38617c6ce150f6","name":"MC","image":{"@type":"ImageObject","inLanguage":"fr-FR","@id":"https:\/\/secure.gravatar.com\/avatar\/a545bbb6f84efdd5553dbbc2895e3ca8f1d12c5215e00a041c9670b54aa9b18a?s=96&d=mm&r=g","url":"https:\/\/secure.gravatar.com\/avatar\/a545bbb6f84efdd5553dbbc2895e3ca8f1d12c5215e00a041c9670b54aa9b18a?s=96&d=mm&r=g","contentUrl":"https:\/\/secure.gravatar.com\/avatar\/a545bbb6f84efdd5553dbbc2895e3ca8f1d12c5215e00a041c9670b54aa9b18a?s=96&d=mm&r=g","caption":"MC"},"url":"https:\/\/www.webdo.tn\/fr\/actualite\/author\/mc\/"}]}},"_links":{"self":[{"href":"https:\/\/www.webdo.tn\/fr\/wp-json\/wp\/v2\/posts\/210308","targetHints":{"allow":["GET"]}}],"collection":[{"href":"https:\/\/www.webdo.tn\/fr\/wp-json\/wp\/v2\/posts"}],"about":[{"href":"https:\/\/www.webdo.tn\/fr\/wp-json\/wp\/v2\/types\/post"}],"author":[{"embeddable":true,"href":"https:\/\/www.webdo.tn\/fr\/wp-json\/wp\/v2\/users\/3162"}],"replies":[{"embeddable":true,"href":"https:\/\/www.webdo.tn\/fr\/wp-json\/wp\/v2\/comments?post=210308"}],"version-history":[{"count":0,"href":"https:\/\/www.webdo.tn\/fr\/wp-json\/wp\/v2\/posts\/210308\/revisions"}],"wp:featuredmedia":[{"embeddable":true,"href":"https:\/\/www.webdo.tn\/fr\/wp-json\/wp\/v2\/media\/289900"}],"wp:attachment":[{"href":"https:\/\/www.webdo.tn\/fr\/wp-json\/wp\/v2\/media?parent=210308"}],"wp:term":[{"taxonomy":"category","embeddable":true,"href":"https:\/\/www.webdo.tn\/fr\/wp-json\/wp\/v2\/categories?post=210308"},{"taxonomy":"post_tag","embeddable":true,"href":"https:\/\/www.webdo.tn\/fr\/wp-json\/wp\/v2\/tags?post=210308"}],"curies":[{"name":"wp","href":"https:\/\/api.w.org\/{rel}","templated":true}]}}