{"id":210295,"date":"2023-11-22T13:29:00","date_gmt":"2023-11-22T13:29:00","guid":{"rendered":"https:\/\/www.webdo.tn\/fr\/blog\/brouhaha-a-l-arp-des-deputes-se-retirent-nabil-ammar-s-excuse\/210295\/"},"modified":"2025-05-20T22:39:30","modified_gmt":"2025-05-20T22:39:30","slug":"brouhaha-a-l-arp-des-deputes-se-retirent-nabil-ammar-s-excuse","status":"publish","type":"post","link":"https:\/\/www.webdo.tn\/fr\/actualite\/national\/brouhaha-a-l-arp-des-deputes-se-retirent-nabil-ammar-s-excuse\/210295\/","title":{"rendered":"Brouhaha \u00e0 l\u2019ARP : Des d\u00e9put\u00e9s se retirent, Nabil Ammar s\u2019excuse"},"content":{"rendered":"<p>Le chef de la diplomatie tunisienne Nabil Ammar est pr\u00e9sent aujourd\u2019hui mercredi 22 novembre 2023 \u00e0 l\u2019Assembl\u00e9e des repr\u00e9sentants du peuple (ARP) pour revenir sur le budget de son d\u00e9partement, sauf que cette pl\u00e9ni\u00e8re a connu une grosse tension, des d\u00e9put\u00e9s se sont m\u00eame retir\u00e9s.\u00a0<\/p>\n<p>R\u00e9agissant aux questions des parlementaires, Nabil Ammar a accus\u00e9 certains d\u2019entre eux de faire \u00ab un show \u00bb d\u2019autant plus que la pl\u00e9ni\u00e8re est m\u00e9diatis\u00e9e, rapporte Mosa\u00efque FM.\u00a0<\/p>\n<p>Certains d\u00e9put\u00e9s n\u2019ont pas dig\u00e9r\u00e9 les propos du ministre et ont quitt\u00e9 l\u2019h\u00e9micycle appelant \u00e0 l\u2019auditionner devant l\u2019assembl\u00e9e.\u00a0<\/p>\n<p>Notons que Nabil Ammar s\u2019est excus\u00e9 et a poursuivi\u00a0ses r\u00e9ponses pour expliquer les orientations de la diplomatie tunisienne pour la p\u00e9riode \u00e0 venir.<\/p>\n","protected":false},"excerpt":{"rendered":"<p>R\u00e9agissant aux questions des parlementaires, Nabil Ammar a accus\u00e9 certains d\u2019entre eux de faire \u00ab un show \u00bb d\u2019autant plus que la pl\u00e9ni\u00e8re est m\u00e9diatis\u00e9e, rappor&#8230;<\/p>\n","protected":false},"author":3175,"featured_media":248730,"comment_status":"open","ping_status":"closed","sticky":false,"template":"","format":"standard","meta":{"footnotes":""},"categories":[44],"tags":[2813,5912,2608],"class_list":["post-210295","post","type-post","status-publish","format-standard","has-post-thumbnail","hentry","category-national","tag-arp","tag-nabil-ammar","tag-tunisie"],"yoast_head":"<!-- This site is optimized with the Yoast SEO Premium plugin v27.4 (Yoast SEO v27.5) - https:\/\/yoast.com\/product\/yoast-seo-premium-wordpress\/ -->\n<title>Brouhaha \u00e0 l\u2019ARP : Des d\u00e9put\u00e9s se retirent, Nabil Ammar s\u2019excuse<\/title>\n<meta name=\"description\" content=\"R\u00e9agissant aux questions des parlementaires, Nabil Ammar a accus\u00e9 certains d\u2019entre eux de faire \u00ab un show \u00bb d\u2019autant plus que la pl\u00e9ni\u00e8re est m\u00e9diatis\u00e9e, rappor...\" \/>\n<link rel=\"canonical\" href=\"https:\/\/www.webdo.tn\/fr\/actualite\/national\/brouhaha-a-l-arp-des-deputes-se-retirent-nabil-ammar-s-excuse\/210295\/\" \/>\n<meta property=\"og:locale\" content=\"fr_FR\" \/>\n<meta property=\"og:type\" content=\"article\" \/>\n<meta property=\"og:title\" content=\"Brouhaha \u00e0 l\u2019ARP : Des d\u00e9put\u00e9s se retirent, Nabil Ammar s\u2019excuse\" \/>\n<meta property=\"og:description\" content=\"R\u00e9agissant aux questions des parlementaires, Nabil Ammar a accus\u00e9 certains d\u2019entre eux de faire \u00ab un show \u00bb d\u2019autant plus que la pl\u00e9ni\u00e8re est m\u00e9diatis\u00e9e, rappor...\" \/>\n<meta property=\"og:url\" content=\"https:\/\/www.webdo.tn\/fr\/actualite\/national\/brouhaha-a-l-arp-des-deputes-se-retirent-nabil-ammar-s-excuse\/210295\/\" \/>\n<meta property=\"og:site_name\" content=\"webdo\" \/>\n<meta property=\"article:publisher\" content=\"https:\/\/www.facebook.com\/webdotn\" \/>\n<meta property=\"article:published_time\" content=\"2023-11-22T13:29:00+00:00\" \/>\n<meta property=\"article:modified_time\" content=\"2025-05-20T22:39:30+00:00\" \/>\n<meta property=\"og:image\" content=\"https:\/\/www.webdo.tn\/fr\/wp-content\/uploads\/2023\/11\/e40206457a9e93de7f930ed01c78e25b.jpg\" \/>\n\t<meta property=\"og:image:width\" content=\"750\" \/>\n\t<meta property=\"og:image:height\" content=\"400\" \/>\n\t<meta property=\"og:image:type\" content=\"image\/jpeg\" \/>\n<meta name=\"author\" content=\"CL\" \/>\n<meta name=\"twitter:card\" content=\"summary_large_image\" \/>\n<meta name=\"twitter:creator\" content=\"@webdo_tn\" \/>\n<meta name=\"twitter:site\" content=\"@webdo_tn\" \/>\n<meta name=\"twitter:label1\" content=\"\u00c9crit par\" \/>\n\t<meta name=\"twitter:data1\" content=\"CL\" \/>\n\t<meta name=\"twitter:label2\" content=\"Dur\u00e9e de lecture estim\u00e9e\" \/>\n\t<meta name=\"twitter:data2\" content=\"1 minute\" \/>\n<script type=\"application\/ld+json\" class=\"yoast-schema-graph\">{\"@context\":\"https:\\\/\\\/schema.org\",\"@graph\":[{\"@type\":\"NewsArticle\",\"@id\":\"https:\\\/\\\/www.webdo.tn\\\/fr\\\/actualite\\\/national\\\/brouhaha-a-l-arp-des-deputes-se-retirent-nabil-ammar-s-excuse\\\/210295\\\/#article\",\"isPartOf\":{\"@id\":\"https:\\\/\\\/www.webdo.tn\\\/fr\\\/actualite\\\/national\\\/brouhaha-a-l-arp-des-deputes-se-retirent-nabil-ammar-s-excuse\\\/210295\\\/\"},\"author\":{\"name\":\"CL\",\"@id\":\"https:\\\/\\\/www.webdo.tn\\\/fr\\\/#\\\/schema\\\/person\\\/f35b42a42c5e2511bbd282959d6385cc\"},\"headline\":\"Brouhaha \u00e0 l\u2019ARP : Des d\u00e9put\u00e9s se retirent, Nabil Ammar s\u2019excuse\",\"datePublished\":\"2023-11-22T13:29:00+00:00\",\"dateModified\":\"2025-05-20T22:39:30+00:00\",\"mainEntityOfPage\":{\"@id\":\"https:\\\/\\\/www.webdo.tn\\\/fr\\\/actualite\\\/national\\\/brouhaha-a-l-arp-des-deputes-se-retirent-nabil-ammar-s-excuse\\\/210295\\\/\"},\"wordCount\":153,\"commentCount\":0,\"publisher\":{\"@id\":\"https:\\\/\\\/www.webdo.tn\\\/fr\\\/#organization\"},\"image\":{\"@id\":\"https:\\\/\\\/www.webdo.tn\\\/fr\\\/actualite\\\/national\\\/brouhaha-a-l-arp-des-deputes-se-retirent-nabil-ammar-s-excuse\\\/210295\\\/#primaryimage\"},\"thumbnailUrl\":\"https:\\\/\\\/www.webdo.tn\\\/fr\\\/wp-content\\\/uploads\\\/2023\\\/11\\\/e40206457a9e93de7f930ed01c78e25b.jpg\",\"keywords\":[\"ARP\",\"Nabil Ammar\",\"Tunisie\"],\"articleSection\":[\"National\"],\"inLanguage\":\"fr-FR\"},{\"@type\":\"WebPage\",\"@id\":\"https:\\\/\\\/www.webdo.tn\\\/fr\\\/actualite\\\/national\\\/brouhaha-a-l-arp-des-deputes-se-retirent-nabil-ammar-s-excuse\\\/210295\\\/\",\"url\":\"https:\\\/\\\/www.webdo.tn\\\/fr\\\/actualite\\\/national\\\/brouhaha-a-l-arp-des-deputes-se-retirent-nabil-ammar-s-excuse\\\/210295\\\/\",\"name\":\"Brouhaha \u00e0 l\u2019ARP : Des d\u00e9put\u00e9s se retirent, Nabil Ammar s\u2019excuse\",\"isPartOf\":{\"@id\":\"https:\\\/\\\/www.webdo.tn\\\/fr\\\/#website\"},\"primaryImageOfPage\":{\"@id\":\"https:\\\/\\\/www.webdo.tn\\\/fr\\\/actualite\\\/national\\\/brouhaha-a-l-arp-des-deputes-se-retirent-nabil-ammar-s-excuse\\\/210295\\\/#primaryimage\"},\"image\":{\"@id\":\"https:\\\/\\\/www.webdo.tn\\\/fr\\\/actualite\\\/national\\\/brouhaha-a-l-arp-des-deputes-se-retirent-nabil-ammar-s-excuse\\\/210295\\\/#primaryimage\"},\"thumbnailUrl\":\"https:\\\/\\\/www.webdo.tn\\\/fr\\\/wp-content\\\/uploads\\\/2023\\\/11\\\/e40206457a9e93de7f930ed01c78e25b.jpg\",\"datePublished\":\"2023-11-22T13:29:00+00:00\",\"dateModified\":\"2025-05-20T22:39:30+00:00\",\"description\":\"R\u00e9agissant aux questions des parlementaires, Nabil Ammar a accus\u00e9 certains d\u2019entre eux de faire \u00ab un show \u00bb d\u2019autant plus que la pl\u00e9ni\u00e8re est m\u00e9diatis\u00e9e, rappor...\",\"breadcrumb\":{\"@id\":\"https:\\\/\\\/www.webdo.tn\\\/fr\\\/actualite\\\/national\\\/brouhaha-a-l-arp-des-deputes-se-retirent-nabil-ammar-s-excuse\\\/210295\\\/#breadcrumb\"},\"inLanguage\":\"fr-FR\",\"potentialAction\":[{\"@type\":\"ReadAction\",\"target\":[\"https:\\\/\\\/www.webdo.tn\\\/fr\\\/actualite\\\/national\\\/brouhaha-a-l-arp-des-deputes-se-retirent-nabil-ammar-s-excuse\\\/210295\\\/\"]}]},{\"@type\":\"ImageObject\",\"inLanguage\":\"fr-FR\",\"@id\":\"https:\\\/\\\/www.webdo.tn\\\/fr\\\/actualite\\\/national\\\/brouhaha-a-l-arp-des-deputes-se-retirent-nabil-ammar-s-excuse\\\/210295\\\/#primaryimage\",\"url\":\"https:\\\/\\\/www.webdo.tn\\\/fr\\\/wp-content\\\/uploads\\\/2023\\\/11\\\/e40206457a9e93de7f930ed01c78e25b.jpg\",\"contentUrl\":\"https:\\\/\\\/www.webdo.tn\\\/fr\\\/wp-content\\\/uploads\\\/2023\\\/11\\\/e40206457a9e93de7f930ed01c78e25b.jpg\",\"width\":750,\"height\":400,\"caption\":\"Brouhaha \u00e0 l\u2019ARP : Des d\u00e9put\u00e9s se retirent, Nabil Ammar s\u2019excuse\"},{\"@type\":\"BreadcrumbList\",\"@id\":\"https:\\\/\\\/www.webdo.tn\\\/fr\\\/actualite\\\/national\\\/brouhaha-a-l-arp-des-deputes-se-retirent-nabil-ammar-s-excuse\\\/210295\\\/#breadcrumb\",\"itemListElement\":[{\"@type\":\"ListItem\",\"position\":1,\"name\":\"Accueil\",\"item\":\"https:\\\/\\\/www.webdo.tn\\\/fr\\\/\"},{\"@type\":\"ListItem\",\"position\":2,\"name\":\"Brouhaha \u00e0 l\u2019ARP : Des d\u00e9put\u00e9s se retirent, Nabil Ammar s\u2019excuse\"}]},{\"@type\":\"WebSite\",\"@id\":\"https:\\\/\\\/www.webdo.tn\\\/fr\\\/#website\",\"url\":\"https:\\\/\\\/www.webdo.tn\\\/fr\\\/\",\"name\":\"webdo\",\"description\":\"Tunisie - News en Tunisie et \u00e0 l&#039;international sur Webdo.tn\",\"publisher\":{\"@id\":\"https:\\\/\\\/www.webdo.tn\\\/fr\\\/#organization\"},\"potentialAction\":[{\"@type\":\"SearchAction\",\"target\":{\"@type\":\"EntryPoint\",\"urlTemplate\":\"https:\\\/\\\/www.webdo.tn\\\/fr\\\/?s={search_term_string}\"},\"query-input\":{\"@type\":\"PropertyValueSpecification\",\"valueRequired\":true,\"valueName\":\"search_term_string\"}}],\"inLanguage\":\"fr-FR\"},{\"@type\":\"Organization\",\"@id\":\"https:\\\/\\\/www.webdo.tn\\\/fr\\\/#organization\",\"name\":\"Webdo\",\"alternateName\":\"Webdo.tn\",\"url\":\"https:\\\/\\\/www.webdo.tn\\\/fr\\\/\",\"logo\":{\"@type\":\"ImageObject\",\"inLanguage\":\"fr-FR\",\"@id\":\"https:\\\/\\\/www.webdo.tn\\\/fr\\\/#\\\/schema\\\/logo\\\/image\\\/\",\"url\":\"https:\\\/\\\/www.webdo.tn\\\/fr\\\/wp-content\\\/uploads\\\/2025\\\/06\\\/Webdo-Tunisie_168377.jpg\",\"contentUrl\":\"https:\\\/\\\/www.webdo.tn\\\/fr\\\/wp-content\\\/uploads\\\/2025\\\/06\\\/Webdo-Tunisie_168377.jpg\",\"width\":301,\"height\":301,\"caption\":\"Webdo\"},\"image\":{\"@id\":\"https:\\\/\\\/www.webdo.tn\\\/fr\\\/#\\\/schema\\\/logo\\\/image\\\/\"},\"sameAs\":[\"https:\\\/\\\/www.facebook.com\\\/webdotn\",\"https:\\\/\\\/x.com\\\/webdo_tn\"],\"description\":\"Webdo est un m\u00e9dia num\u00e9rique tunisien fond\u00e9 en 2010, sp\u00e9cialis\u00e9 dans l\u2019actualit\u00e9 nationale et internationale, l\u2019\u00e9conomie, la soci\u00e9t\u00e9 et les analyses politiques. Le site s\u2019adresse \u00e0 un large public francophone et couvre l\u2019information tunisienne en temps r\u00e9el.\",\"email\":\"redac@webdo.tn\",\"legalName\":\"YNJ SARL\",\"foundingDate\":\"2010-09-06\",\"numberOfEmployees\":{\"@type\":\"QuantitativeValue\",\"minValue\":\"11\",\"maxValue\":\"50\"}},{\"@type\":\"Person\",\"@id\":\"https:\\\/\\\/www.webdo.tn\\\/fr\\\/#\\\/schema\\\/person\\\/f35b42a42c5e2511bbd282959d6385cc\",\"name\":\"CL\",\"image\":{\"@type\":\"ImageObject\",\"inLanguage\":\"fr-FR\",\"@id\":\"https:\\\/\\\/secure.gravatar.com\\\/avatar\\\/1447a49909b67aa657c488aec6512e1dd6143a480c1ecfee9b5b5cd74eb3b59e?s=96&d=mm&r=g\",\"url\":\"https:\\\/\\\/secure.gravatar.com\\\/avatar\\\/1447a49909b67aa657c488aec6512e1dd6143a480c1ecfee9b5b5cd74eb3b59e?s=96&d=mm&r=g\",\"contentUrl\":\"https:\\\/\\\/secure.gravatar.com\\\/avatar\\\/1447a49909b67aa657c488aec6512e1dd6143a480c1ecfee9b5b5cd74eb3b59e?s=96&d=mm&r=g\",\"caption\":\"CL\"},\"url\":\"https:\\\/\\\/www.webdo.tn\\\/fr\\\/actualite\\\/author\\\/cl\\\/\"}]}<\/script>\n<!-- \/ Yoast SEO Premium plugin. -->","yoast_head_json":{"title":"Brouhaha \u00e0 l\u2019ARP : Des d\u00e9put\u00e9s se retirent, Nabil Ammar s\u2019excuse","description":"R\u00e9agissant aux questions des parlementaires, Nabil Ammar a accus\u00e9 certains d\u2019entre eux de faire \u00ab un show \u00bb d\u2019autant plus que la pl\u00e9ni\u00e8re est m\u00e9diatis\u00e9e, rappor...","canonical":"https:\/\/www.webdo.tn\/fr\/actualite\/national\/brouhaha-a-l-arp-des-deputes-se-retirent-nabil-ammar-s-excuse\/210295\/","og_locale":"fr_FR","og_type":"article","og_title":"Brouhaha \u00e0 l\u2019ARP : Des d\u00e9put\u00e9s se retirent, Nabil Ammar s\u2019excuse","og_description":"R\u00e9agissant aux questions des parlementaires, Nabil Ammar a accus\u00e9 certains d\u2019entre eux de faire \u00ab un show \u00bb d\u2019autant plus que la pl\u00e9ni\u00e8re est m\u00e9diatis\u00e9e, rappor...","og_url":"https:\/\/www.webdo.tn\/fr\/actualite\/national\/brouhaha-a-l-arp-des-deputes-se-retirent-nabil-ammar-s-excuse\/210295\/","og_site_name":"webdo","article_publisher":"https:\/\/www.facebook.com\/webdotn","article_published_time":"2023-11-22T13:29:00+00:00","article_modified_time":"2025-05-20T22:39:30+00:00","og_image":[{"width":750,"height":400,"url":"https:\/\/www.webdo.tn\/fr\/wp-content\/uploads\/2023\/11\/e40206457a9e93de7f930ed01c78e25b.jpg","type":"image\/jpeg"}],"author":"CL","twitter_card":"summary_large_image","twitter_creator":"@webdo_tn","twitter_site":"@webdo_tn","twitter_misc":{"\u00c9crit par":"CL","Dur\u00e9e de lecture estim\u00e9e":"1 minute"},"schema":{"@context":"https:\/\/schema.org","@graph":[{"@type":"NewsArticle","@id":"https:\/\/www.webdo.tn\/fr\/actualite\/national\/brouhaha-a-l-arp-des-deputes-se-retirent-nabil-ammar-s-excuse\/210295\/#article","isPartOf":{"@id":"https:\/\/www.webdo.tn\/fr\/actualite\/national\/brouhaha-a-l-arp-des-deputes-se-retirent-nabil-ammar-s-excuse\/210295\/"},"author":{"name":"CL","@id":"https:\/\/www.webdo.tn\/fr\/#\/schema\/person\/f35b42a42c5e2511bbd282959d6385cc"},"headline":"Brouhaha \u00e0 l\u2019ARP : Des d\u00e9put\u00e9s se retirent, Nabil Ammar s\u2019excuse","datePublished":"2023-11-22T13:29:00+00:00","dateModified":"2025-05-20T22:39:30+00:00","mainEntityOfPage":{"@id":"https:\/\/www.webdo.tn\/fr\/actualite\/national\/brouhaha-a-l-arp-des-deputes-se-retirent-nabil-ammar-s-excuse\/210295\/"},"wordCount":153,"commentCount":0,"publisher":{"@id":"https:\/\/www.webdo.tn\/fr\/#organization"},"image":{"@id":"https:\/\/www.webdo.tn\/fr\/actualite\/national\/brouhaha-a-l-arp-des-deputes-se-retirent-nabil-ammar-s-excuse\/210295\/#primaryimage"},"thumbnailUrl":"https:\/\/www.webdo.tn\/fr\/wp-content\/uploads\/2023\/11\/e40206457a9e93de7f930ed01c78e25b.jpg","keywords":["ARP","Nabil Ammar","Tunisie"],"articleSection":["National"],"inLanguage":"fr-FR"},{"@type":"WebPage","@id":"https:\/\/www.webdo.tn\/fr\/actualite\/national\/brouhaha-a-l-arp-des-deputes-se-retirent-nabil-ammar-s-excuse\/210295\/","url":"https:\/\/www.webdo.tn\/fr\/actualite\/national\/brouhaha-a-l-arp-des-deputes-se-retirent-nabil-ammar-s-excuse\/210295\/","name":"Brouhaha \u00e0 l\u2019ARP : Des d\u00e9put\u00e9s se retirent, Nabil Ammar s\u2019excuse","isPartOf":{"@id":"https:\/\/www.webdo.tn\/fr\/#website"},"primaryImageOfPage":{"@id":"https:\/\/www.webdo.tn\/fr\/actualite\/national\/brouhaha-a-l-arp-des-deputes-se-retirent-nabil-ammar-s-excuse\/210295\/#primaryimage"},"image":{"@id":"https:\/\/www.webdo.tn\/fr\/actualite\/national\/brouhaha-a-l-arp-des-deputes-se-retirent-nabil-ammar-s-excuse\/210295\/#primaryimage"},"thumbnailUrl":"https:\/\/www.webdo.tn\/fr\/wp-content\/uploads\/2023\/11\/e40206457a9e93de7f930ed01c78e25b.jpg","datePublished":"2023-11-22T13:29:00+00:00","dateModified":"2025-05-20T22:39:30+00:00","description":"R\u00e9agissant aux questions des parlementaires, Nabil Ammar a accus\u00e9 certains d\u2019entre eux de faire \u00ab un show \u00bb d\u2019autant plus que la pl\u00e9ni\u00e8re est m\u00e9diatis\u00e9e, rappor...","breadcrumb":{"@id":"https:\/\/www.webdo.tn\/fr\/actualite\/national\/brouhaha-a-l-arp-des-deputes-se-retirent-nabil-ammar-s-excuse\/210295\/#breadcrumb"},"inLanguage":"fr-FR","potentialAction":[{"@type":"ReadAction","target":["https:\/\/www.webdo.tn\/fr\/actualite\/national\/brouhaha-a-l-arp-des-deputes-se-retirent-nabil-ammar-s-excuse\/210295\/"]}]},{"@type":"ImageObject","inLanguage":"fr-FR","@id":"https:\/\/www.webdo.tn\/fr\/actualite\/national\/brouhaha-a-l-arp-des-deputes-se-retirent-nabil-ammar-s-excuse\/210295\/#primaryimage","url":"https:\/\/www.webdo.tn\/fr\/wp-content\/uploads\/2023\/11\/e40206457a9e93de7f930ed01c78e25b.jpg","contentUrl":"https:\/\/www.webdo.tn\/fr\/wp-content\/uploads\/2023\/11\/e40206457a9e93de7f930ed01c78e25b.jpg","width":750,"height":400,"caption":"Brouhaha \u00e0 l\u2019ARP : Des d\u00e9put\u00e9s se retirent, Nabil Ammar s\u2019excuse"},{"@type":"BreadcrumbList","@id":"https:\/\/www.webdo.tn\/fr\/actualite\/national\/brouhaha-a-l-arp-des-deputes-se-retirent-nabil-ammar-s-excuse\/210295\/#breadcrumb","itemListElement":[{"@type":"ListItem","position":1,"name":"Accueil","item":"https:\/\/www.webdo.tn\/fr\/"},{"@type":"ListItem","position":2,"name":"Brouhaha \u00e0 l\u2019ARP : Des d\u00e9put\u00e9s se retirent, Nabil Ammar s\u2019excuse"}]},{"@type":"WebSite","@id":"https:\/\/www.webdo.tn\/fr\/#website","url":"https:\/\/www.webdo.tn\/fr\/","name":"webdo","description":"Tunisie - News en Tunisie et \u00e0 l&#039;international sur Webdo.tn","publisher":{"@id":"https:\/\/www.webdo.tn\/fr\/#organization"},"potentialAction":[{"@type":"SearchAction","target":{"@type":"EntryPoint","urlTemplate":"https:\/\/www.webdo.tn\/fr\/?s={search_term_string}"},"query-input":{"@type":"PropertyValueSpecification","valueRequired":true,"valueName":"search_term_string"}}],"inLanguage":"fr-FR"},{"@type":"Organization","@id":"https:\/\/www.webdo.tn\/fr\/#organization","name":"Webdo","alternateName":"Webdo.tn","url":"https:\/\/www.webdo.tn\/fr\/","logo":{"@type":"ImageObject","inLanguage":"fr-FR","@id":"https:\/\/www.webdo.tn\/fr\/#\/schema\/logo\/image\/","url":"https:\/\/www.webdo.tn\/fr\/wp-content\/uploads\/2025\/06\/Webdo-Tunisie_168377.jpg","contentUrl":"https:\/\/www.webdo.tn\/fr\/wp-content\/uploads\/2025\/06\/Webdo-Tunisie_168377.jpg","width":301,"height":301,"caption":"Webdo"},"image":{"@id":"https:\/\/www.webdo.tn\/fr\/#\/schema\/logo\/image\/"},"sameAs":["https:\/\/www.facebook.com\/webdotn","https:\/\/x.com\/webdo_tn"],"description":"Webdo est un m\u00e9dia num\u00e9rique tunisien fond\u00e9 en 2010, sp\u00e9cialis\u00e9 dans l\u2019actualit\u00e9 nationale et internationale, l\u2019\u00e9conomie, la soci\u00e9t\u00e9 et les analyses politiques. Le site s\u2019adresse \u00e0 un large public francophone et couvre l\u2019information tunisienne en temps r\u00e9el.","email":"redac@webdo.tn","legalName":"YNJ SARL","foundingDate":"2010-09-06","numberOfEmployees":{"@type":"QuantitativeValue","minValue":"11","maxValue":"50"}},{"@type":"Person","@id":"https:\/\/www.webdo.tn\/fr\/#\/schema\/person\/f35b42a42c5e2511bbd282959d6385cc","name":"CL","image":{"@type":"ImageObject","inLanguage":"fr-FR","@id":"https:\/\/secure.gravatar.com\/avatar\/1447a49909b67aa657c488aec6512e1dd6143a480c1ecfee9b5b5cd74eb3b59e?s=96&d=mm&r=g","url":"https:\/\/secure.gravatar.com\/avatar\/1447a49909b67aa657c488aec6512e1dd6143a480c1ecfee9b5b5cd74eb3b59e?s=96&d=mm&r=g","contentUrl":"https:\/\/secure.gravatar.com\/avatar\/1447a49909b67aa657c488aec6512e1dd6143a480c1ecfee9b5b5cd74eb3b59e?s=96&d=mm&r=g","caption":"CL"},"url":"https:\/\/www.webdo.tn\/fr\/actualite\/author\/cl\/"}]}},"_links":{"self":[{"href":"https:\/\/www.webdo.tn\/fr\/wp-json\/wp\/v2\/posts\/210295","targetHints":{"allow":["GET"]}}],"collection":[{"href":"https:\/\/www.webdo.tn\/fr\/wp-json\/wp\/v2\/posts"}],"about":[{"href":"https:\/\/www.webdo.tn\/fr\/wp-json\/wp\/v2\/types\/post"}],"author":[{"embeddable":true,"href":"https:\/\/www.webdo.tn\/fr\/wp-json\/wp\/v2\/users\/3175"}],"replies":[{"embeddable":true,"href":"https:\/\/www.webdo.tn\/fr\/wp-json\/wp\/v2\/comments?post=210295"}],"version-history":[{"count":0,"href":"https:\/\/www.webdo.tn\/fr\/wp-json\/wp\/v2\/posts\/210295\/revisions"}],"wp:featuredmedia":[{"embeddable":true,"href":"https:\/\/www.webdo.tn\/fr\/wp-json\/wp\/v2\/media\/248730"}],"wp:attachment":[{"href":"https:\/\/www.webdo.tn\/fr\/wp-json\/wp\/v2\/media?parent=210295"}],"wp:term":[{"taxonomy":"category","embeddable":true,"href":"https:\/\/www.webdo.tn\/fr\/wp-json\/wp\/v2\/categories?post=210295"},{"taxonomy":"post_tag","embeddable":true,"href":"https:\/\/www.webdo.tn\/fr\/wp-json\/wp\/v2\/tags?post=210295"}],"curies":[{"name":"wp","href":"https:\/\/api.w.org\/{rel}","templated":true}]}}