{"id":210283,"date":"2023-11-22T09:11:00","date_gmt":"2023-11-22T09:11:00","guid":{"rendered":"https:\/\/www.webdo.tn\/fr\/blog\/les-budget-de-l-interieur-et-de-la-justice-adoptes-a-l-arp\/210283\/"},"modified":"2025-05-20T21:55:28","modified_gmt":"2025-05-20T21:55:28","slug":"les-budget-de-l-interieur-et-de-la-justice-adoptes-a-l-arp","status":"publish","type":"post","link":"https:\/\/www.webdo.tn\/fr\/actualite\/national\/les-budget-de-l-interieur-et-de-la-justice-adoptes-a-l-arp\/210283\/","title":{"rendered":"Les budgets de l\u2019Int\u00e9rieur et de la Justice adopt\u00e9s \u00e0 l\u2019ARP"},"content":{"rendered":"<p>Apr\u00e8s avoir vot\u00e9 les budgets des pr\u00e9sidences de la R\u00e9publique et du Gouvernement pour l\u2019ann\u00e9e 2024, l\u2019examen du budget de l&rsquo;Etat a d\u00e9marr\u00e9 \u00e0 l\u2019ARP avec l\u2019adoption des budgets des minist\u00e8res de l\u2019Int\u00e9rieur et de la Justice.<\/p>\n<p>\t\t\t\t\t\t\t\t\tL\u2019Assembl\u00e9e des repr\u00e9sentants du peuple a adopt\u00e9, lundi 20 novembre 2023, le budget de la pr\u00e9sidence de la R\u00e9publique, estim\u00e9 \u00e0 200,4 millions de dinars et le budget de la pr\u00e9sidence du Gouvernement s\u2019\u00e9levant \u00e0 272,3 millions de dinars.<\/p>\n<p>Hier, mardi 21 novembre, les d\u00e9put\u00e9s ont examin\u00e9 et adopt\u00e9 le projet de budget du minist\u00e8re de l&rsquo;Int\u00e9rieur au titre de l&rsquo;ann\u00e9e 2024 avec 140 voix pour, sept abstentions et une voix contre. Le budget du minist\u00e8re de l&rsquo;Int\u00e9rieur s&rsquo;\u00e9l\u00e8ve \u00e0 5796.779 millions de dinars, enregistrant une hausse de 2%, par rapport \u00e0 2023.<\/p>\n<p>Le budget du minist\u00e8re de la Justice a \u00e9galement \u00e9t\u00e9 approuv\u00e9, hier, par les d\u00e9put\u00e9s avec 136 voix pour et une abstention. Un budget estim\u00e9 \u00e0 939.594 millions de dinars.<\/p>\n","protected":false},"excerpt":{"rendered":"<p>L\u2019examen du budget de l&rsquo;Etat a d\u00e9marr\u00e9 \u00e0 l\u2019ARP avec l\u2019adoption des budgets des minist\u00e8res de l\u2019Int\u00e9rieur et de la Justice.<\/p>\n","protected":false},"author":3162,"featured_media":248720,"comment_status":"open","ping_status":"closed","sticky":false,"template":"","format":"standard","meta":{"footnotes":""},"categories":[44],"tags":[2813,4980,4636,2619],"class_list":["post-210283","post","type-post","status-publish","format-standard","has-post-thumbnail","hentry","category-national","tag-arp","tag-budget-de-letat","tag-interieur","tag-justice"],"yoast_head":"<!-- This site is optimized with the Yoast SEO Premium plugin v27.5 (Yoast SEO v27.5) - https:\/\/yoast.com\/product\/yoast-seo-premium-wordpress\/ -->\n<title>Les budgets de l\u2019Int\u00e9rieur et de la Justice adopt\u00e9s \u00e0 l\u2019ARP<\/title>\n<meta name=\"description\" content=\"L\u2019examen du budget de l&#039;Etat a d\u00e9marr\u00e9 \u00e0 l\u2019ARP avec l\u2019adoption des budgets des minist\u00e8res de l\u2019Int\u00e9rieur et de la Justice.\" \/>\n<link rel=\"canonical\" href=\"https:\/\/www.webdo.tn\/fr\/actualite\/national\/les-budget-de-l-interieur-et-de-la-justice-adoptes-a-l-arp\/210283\/\" \/>\n<meta property=\"og:locale\" content=\"fr_FR\" \/>\n<meta property=\"og:type\" content=\"article\" \/>\n<meta property=\"og:title\" content=\"Les budgets de l\u2019Int\u00e9rieur et de la Justice adopt\u00e9s \u00e0 l\u2019ARP\" \/>\n<meta property=\"og:description\" content=\"L\u2019examen du budget de l&#039;Etat a d\u00e9marr\u00e9 \u00e0 l\u2019ARP avec l\u2019adoption des budgets des minist\u00e8res de l\u2019Int\u00e9rieur et de la Justice.\" \/>\n<meta property=\"og:url\" content=\"https:\/\/www.webdo.tn\/fr\/actualite\/national\/les-budget-de-l-interieur-et-de-la-justice-adoptes-a-l-arp\/210283\/\" \/>\n<meta property=\"og:site_name\" content=\"webdo\" \/>\n<meta property=\"article:publisher\" content=\"https:\/\/www.facebook.com\/webdotn\" \/>\n<meta property=\"article:published_time\" content=\"2023-11-22T09:11:00+00:00\" \/>\n<meta property=\"article:modified_time\" content=\"2025-05-20T21:55:28+00:00\" \/>\n<meta property=\"og:image\" content=\"https:\/\/www.webdo.tn\/fr\/wp-content\/uploads\/2023\/11\/2112d2263150f785292931f0089abf6d.jpg\" \/>\n\t<meta property=\"og:image:width\" content=\"750\" \/>\n\t<meta property=\"og:image:height\" content=\"400\" \/>\n\t<meta property=\"og:image:type\" content=\"image\/jpeg\" \/>\n<meta name=\"author\" content=\"MC\" \/>\n<meta name=\"twitter:card\" content=\"summary_large_image\" \/>\n<meta name=\"twitter:creator\" content=\"@webdo_tn\" \/>\n<meta name=\"twitter:site\" content=\"@webdo_tn\" \/>\n<meta name=\"twitter:label1\" content=\"\u00c9crit par\" \/>\n\t<meta name=\"twitter:data1\" content=\"MC\" \/>\n\t<meta name=\"twitter:label2\" content=\"Dur\u00e9e de lecture estim\u00e9e\" \/>\n\t<meta name=\"twitter:data2\" content=\"1 minute\" \/>\n<script type=\"application\/ld+json\" class=\"yoast-schema-graph\">{\"@context\":\"https:\\\/\\\/schema.org\",\"@graph\":[{\"@type\":\"NewsArticle\",\"@id\":\"https:\\\/\\\/www.webdo.tn\\\/fr\\\/actualite\\\/national\\\/les-budget-de-l-interieur-et-de-la-justice-adoptes-a-l-arp\\\/210283\\\/#article\",\"isPartOf\":{\"@id\":\"https:\\\/\\\/www.webdo.tn\\\/fr\\\/actualite\\\/national\\\/les-budget-de-l-interieur-et-de-la-justice-adoptes-a-l-arp\\\/210283\\\/\"},\"author\":{\"name\":\"MC\",\"@id\":\"https:\\\/\\\/www.webdo.tn\\\/fr\\\/#\\\/schema\\\/person\\\/2c4929cbf5a809e3bd38617c6ce150f6\"},\"headline\":\"Les budgets de l\u2019Int\u00e9rieur et de la Justice adopt\u00e9s \u00e0 l\u2019ARP\",\"datePublished\":\"2023-11-22T09:11:00+00:00\",\"dateModified\":\"2025-05-20T21:55:28+00:00\",\"mainEntityOfPage\":{\"@id\":\"https:\\\/\\\/www.webdo.tn\\\/fr\\\/actualite\\\/national\\\/les-budget-de-l-interieur-et-de-la-justice-adoptes-a-l-arp\\\/210283\\\/\"},\"wordCount\":190,\"commentCount\":0,\"publisher\":{\"@id\":\"https:\\\/\\\/www.webdo.tn\\\/fr\\\/#organization\"},\"image\":{\"@id\":\"https:\\\/\\\/www.webdo.tn\\\/fr\\\/actualite\\\/national\\\/les-budget-de-l-interieur-et-de-la-justice-adoptes-a-l-arp\\\/210283\\\/#primaryimage\"},\"thumbnailUrl\":\"https:\\\/\\\/www.webdo.tn\\\/fr\\\/wp-content\\\/uploads\\\/2023\\\/11\\\/2112d2263150f785292931f0089abf6d.jpg\",\"keywords\":[\"ARP\",\"Budget de l'Etat\",\"int\u00e9rieur\",\"justice\"],\"articleSection\":[\"National\"],\"inLanguage\":\"fr-FR\"},{\"@type\":\"WebPage\",\"@id\":\"https:\\\/\\\/www.webdo.tn\\\/fr\\\/actualite\\\/national\\\/les-budget-de-l-interieur-et-de-la-justice-adoptes-a-l-arp\\\/210283\\\/\",\"url\":\"https:\\\/\\\/www.webdo.tn\\\/fr\\\/actualite\\\/national\\\/les-budget-de-l-interieur-et-de-la-justice-adoptes-a-l-arp\\\/210283\\\/\",\"name\":\"Les budgets de l\u2019Int\u00e9rieur et de la Justice adopt\u00e9s \u00e0 l\u2019ARP\",\"isPartOf\":{\"@id\":\"https:\\\/\\\/www.webdo.tn\\\/fr\\\/#website\"},\"primaryImageOfPage\":{\"@id\":\"https:\\\/\\\/www.webdo.tn\\\/fr\\\/actualite\\\/national\\\/les-budget-de-l-interieur-et-de-la-justice-adoptes-a-l-arp\\\/210283\\\/#primaryimage\"},\"image\":{\"@id\":\"https:\\\/\\\/www.webdo.tn\\\/fr\\\/actualite\\\/national\\\/les-budget-de-l-interieur-et-de-la-justice-adoptes-a-l-arp\\\/210283\\\/#primaryimage\"},\"thumbnailUrl\":\"https:\\\/\\\/www.webdo.tn\\\/fr\\\/wp-content\\\/uploads\\\/2023\\\/11\\\/2112d2263150f785292931f0089abf6d.jpg\",\"datePublished\":\"2023-11-22T09:11:00+00:00\",\"dateModified\":\"2025-05-20T21:55:28+00:00\",\"description\":\"L\u2019examen du budget de l'Etat a d\u00e9marr\u00e9 \u00e0 l\u2019ARP avec l\u2019adoption des budgets des minist\u00e8res de l\u2019Int\u00e9rieur et de la Justice.\",\"breadcrumb\":{\"@id\":\"https:\\\/\\\/www.webdo.tn\\\/fr\\\/actualite\\\/national\\\/les-budget-de-l-interieur-et-de-la-justice-adoptes-a-l-arp\\\/210283\\\/#breadcrumb\"},\"inLanguage\":\"fr-FR\",\"potentialAction\":[{\"@type\":\"ReadAction\",\"target\":[\"https:\\\/\\\/www.webdo.tn\\\/fr\\\/actualite\\\/national\\\/les-budget-de-l-interieur-et-de-la-justice-adoptes-a-l-arp\\\/210283\\\/\"]}]},{\"@type\":\"ImageObject\",\"inLanguage\":\"fr-FR\",\"@id\":\"https:\\\/\\\/www.webdo.tn\\\/fr\\\/actualite\\\/national\\\/les-budget-de-l-interieur-et-de-la-justice-adoptes-a-l-arp\\\/210283\\\/#primaryimage\",\"url\":\"https:\\\/\\\/www.webdo.tn\\\/fr\\\/wp-content\\\/uploads\\\/2023\\\/11\\\/2112d2263150f785292931f0089abf6d.jpg\",\"contentUrl\":\"https:\\\/\\\/www.webdo.tn\\\/fr\\\/wp-content\\\/uploads\\\/2023\\\/11\\\/2112d2263150f785292931f0089abf6d.jpg\",\"width\":750,\"height\":400,\"caption\":\"Les budgets de l\u2019Int\u00e9rieur et de la Justice adopt\u00e9s \u00e0 l\u2019ARP\"},{\"@type\":\"BreadcrumbList\",\"@id\":\"https:\\\/\\\/www.webdo.tn\\\/fr\\\/actualite\\\/national\\\/les-budget-de-l-interieur-et-de-la-justice-adoptes-a-l-arp\\\/210283\\\/#breadcrumb\",\"itemListElement\":[{\"@type\":\"ListItem\",\"position\":1,\"name\":\"Accueil\",\"item\":\"https:\\\/\\\/www.webdo.tn\\\/fr\\\/\"},{\"@type\":\"ListItem\",\"position\":2,\"name\":\"Les budgets de l\u2019Int\u00e9rieur et de la Justice adopt\u00e9s \u00e0 l\u2019ARP\"}]},{\"@type\":\"WebSite\",\"@id\":\"https:\\\/\\\/www.webdo.tn\\\/fr\\\/#website\",\"url\":\"https:\\\/\\\/www.webdo.tn\\\/fr\\\/\",\"name\":\"webdo\",\"description\":\"Tunisie - News en Tunisie et \u00e0 l&#039;international sur Webdo.tn\",\"publisher\":{\"@id\":\"https:\\\/\\\/www.webdo.tn\\\/fr\\\/#organization\"},\"potentialAction\":[{\"@type\":\"SearchAction\",\"target\":{\"@type\":\"EntryPoint\",\"urlTemplate\":\"https:\\\/\\\/www.webdo.tn\\\/fr\\\/?s={search_term_string}\"},\"query-input\":{\"@type\":\"PropertyValueSpecification\",\"valueRequired\":true,\"valueName\":\"search_term_string\"}}],\"inLanguage\":\"fr-FR\"},{\"@type\":\"Organization\",\"@id\":\"https:\\\/\\\/www.webdo.tn\\\/fr\\\/#organization\",\"name\":\"Webdo\",\"alternateName\":\"Webdo.tn\",\"url\":\"https:\\\/\\\/www.webdo.tn\\\/fr\\\/\",\"logo\":{\"@type\":\"ImageObject\",\"inLanguage\":\"fr-FR\",\"@id\":\"https:\\\/\\\/www.webdo.tn\\\/fr\\\/#\\\/schema\\\/logo\\\/image\\\/\",\"url\":\"https:\\\/\\\/www.webdo.tn\\\/fr\\\/wp-content\\\/uploads\\\/2025\\\/06\\\/Webdo-Tunisie_168377.jpg\",\"contentUrl\":\"https:\\\/\\\/www.webdo.tn\\\/fr\\\/wp-content\\\/uploads\\\/2025\\\/06\\\/Webdo-Tunisie_168377.jpg\",\"width\":301,\"height\":301,\"caption\":\"Webdo\"},\"image\":{\"@id\":\"https:\\\/\\\/www.webdo.tn\\\/fr\\\/#\\\/schema\\\/logo\\\/image\\\/\"},\"sameAs\":[\"https:\\\/\\\/www.facebook.com\\\/webdotn\",\"https:\\\/\\\/x.com\\\/webdo_tn\"],\"description\":\"Webdo est un m\u00e9dia num\u00e9rique tunisien fond\u00e9 en 2010, sp\u00e9cialis\u00e9 dans l\u2019actualit\u00e9 nationale et internationale, l\u2019\u00e9conomie, la soci\u00e9t\u00e9 et les analyses politiques. Le site s\u2019adresse \u00e0 un large public francophone et couvre l\u2019information tunisienne en temps r\u00e9el.\",\"email\":\"redac@webdo.tn\",\"legalName\":\"YNJ SARL\",\"foundingDate\":\"2010-09-06\",\"numberOfEmployees\":{\"@type\":\"QuantitativeValue\",\"minValue\":\"11\",\"maxValue\":\"50\"}},{\"@type\":\"Person\",\"@id\":\"https:\\\/\\\/www.webdo.tn\\\/fr\\\/#\\\/schema\\\/person\\\/2c4929cbf5a809e3bd38617c6ce150f6\",\"name\":\"MC\",\"image\":{\"@type\":\"ImageObject\",\"inLanguage\":\"fr-FR\",\"@id\":\"https:\\\/\\\/secure.gravatar.com\\\/avatar\\\/a545bbb6f84efdd5553dbbc2895e3ca8f1d12c5215e00a041c9670b54aa9b18a?s=96&d=mm&r=g\",\"url\":\"https:\\\/\\\/secure.gravatar.com\\\/avatar\\\/a545bbb6f84efdd5553dbbc2895e3ca8f1d12c5215e00a041c9670b54aa9b18a?s=96&d=mm&r=g\",\"contentUrl\":\"https:\\\/\\\/secure.gravatar.com\\\/avatar\\\/a545bbb6f84efdd5553dbbc2895e3ca8f1d12c5215e00a041c9670b54aa9b18a?s=96&d=mm&r=g\",\"caption\":\"MC\"},\"url\":\"https:\\\/\\\/www.webdo.tn\\\/fr\\\/actualite\\\/author\\\/mc\\\/\"}]}<\/script>\n<!-- \/ Yoast SEO Premium plugin. -->","yoast_head_json":{"title":"Les budgets de l\u2019Int\u00e9rieur et de la Justice adopt\u00e9s \u00e0 l\u2019ARP","description":"L\u2019examen du budget de l'Etat a d\u00e9marr\u00e9 \u00e0 l\u2019ARP avec l\u2019adoption des budgets des minist\u00e8res de l\u2019Int\u00e9rieur et de la Justice.","canonical":"https:\/\/www.webdo.tn\/fr\/actualite\/national\/les-budget-de-l-interieur-et-de-la-justice-adoptes-a-l-arp\/210283\/","og_locale":"fr_FR","og_type":"article","og_title":"Les budgets de l\u2019Int\u00e9rieur et de la Justice adopt\u00e9s \u00e0 l\u2019ARP","og_description":"L\u2019examen du budget de l'Etat a d\u00e9marr\u00e9 \u00e0 l\u2019ARP avec l\u2019adoption des budgets des minist\u00e8res de l\u2019Int\u00e9rieur et de la Justice.","og_url":"https:\/\/www.webdo.tn\/fr\/actualite\/national\/les-budget-de-l-interieur-et-de-la-justice-adoptes-a-l-arp\/210283\/","og_site_name":"webdo","article_publisher":"https:\/\/www.facebook.com\/webdotn","article_published_time":"2023-11-22T09:11:00+00:00","article_modified_time":"2025-05-20T21:55:28+00:00","og_image":[{"width":750,"height":400,"url":"https:\/\/www.webdo.tn\/fr\/wp-content\/uploads\/2023\/11\/2112d2263150f785292931f0089abf6d.jpg","type":"image\/jpeg"}],"author":"MC","twitter_card":"summary_large_image","twitter_creator":"@webdo_tn","twitter_site":"@webdo_tn","twitter_misc":{"\u00c9crit par":"MC","Dur\u00e9e de lecture estim\u00e9e":"1 minute"},"schema":{"@context":"https:\/\/schema.org","@graph":[{"@type":"NewsArticle","@id":"https:\/\/www.webdo.tn\/fr\/actualite\/national\/les-budget-de-l-interieur-et-de-la-justice-adoptes-a-l-arp\/210283\/#article","isPartOf":{"@id":"https:\/\/www.webdo.tn\/fr\/actualite\/national\/les-budget-de-l-interieur-et-de-la-justice-adoptes-a-l-arp\/210283\/"},"author":{"name":"MC","@id":"https:\/\/www.webdo.tn\/fr\/#\/schema\/person\/2c4929cbf5a809e3bd38617c6ce150f6"},"headline":"Les budgets de l\u2019Int\u00e9rieur et de la Justice adopt\u00e9s \u00e0 l\u2019ARP","datePublished":"2023-11-22T09:11:00+00:00","dateModified":"2025-05-20T21:55:28+00:00","mainEntityOfPage":{"@id":"https:\/\/www.webdo.tn\/fr\/actualite\/national\/les-budget-de-l-interieur-et-de-la-justice-adoptes-a-l-arp\/210283\/"},"wordCount":190,"commentCount":0,"publisher":{"@id":"https:\/\/www.webdo.tn\/fr\/#organization"},"image":{"@id":"https:\/\/www.webdo.tn\/fr\/actualite\/national\/les-budget-de-l-interieur-et-de-la-justice-adoptes-a-l-arp\/210283\/#primaryimage"},"thumbnailUrl":"https:\/\/www.webdo.tn\/fr\/wp-content\/uploads\/2023\/11\/2112d2263150f785292931f0089abf6d.jpg","keywords":["ARP","Budget de l'Etat","int\u00e9rieur","justice"],"articleSection":["National"],"inLanguage":"fr-FR"},{"@type":"WebPage","@id":"https:\/\/www.webdo.tn\/fr\/actualite\/national\/les-budget-de-l-interieur-et-de-la-justice-adoptes-a-l-arp\/210283\/","url":"https:\/\/www.webdo.tn\/fr\/actualite\/national\/les-budget-de-l-interieur-et-de-la-justice-adoptes-a-l-arp\/210283\/","name":"Les budgets de l\u2019Int\u00e9rieur et de la Justice adopt\u00e9s \u00e0 l\u2019ARP","isPartOf":{"@id":"https:\/\/www.webdo.tn\/fr\/#website"},"primaryImageOfPage":{"@id":"https:\/\/www.webdo.tn\/fr\/actualite\/national\/les-budget-de-l-interieur-et-de-la-justice-adoptes-a-l-arp\/210283\/#primaryimage"},"image":{"@id":"https:\/\/www.webdo.tn\/fr\/actualite\/national\/les-budget-de-l-interieur-et-de-la-justice-adoptes-a-l-arp\/210283\/#primaryimage"},"thumbnailUrl":"https:\/\/www.webdo.tn\/fr\/wp-content\/uploads\/2023\/11\/2112d2263150f785292931f0089abf6d.jpg","datePublished":"2023-11-22T09:11:00+00:00","dateModified":"2025-05-20T21:55:28+00:00","description":"L\u2019examen du budget de l'Etat a d\u00e9marr\u00e9 \u00e0 l\u2019ARP avec l\u2019adoption des budgets des minist\u00e8res de l\u2019Int\u00e9rieur et de la Justice.","breadcrumb":{"@id":"https:\/\/www.webdo.tn\/fr\/actualite\/national\/les-budget-de-l-interieur-et-de-la-justice-adoptes-a-l-arp\/210283\/#breadcrumb"},"inLanguage":"fr-FR","potentialAction":[{"@type":"ReadAction","target":["https:\/\/www.webdo.tn\/fr\/actualite\/national\/les-budget-de-l-interieur-et-de-la-justice-adoptes-a-l-arp\/210283\/"]}]},{"@type":"ImageObject","inLanguage":"fr-FR","@id":"https:\/\/www.webdo.tn\/fr\/actualite\/national\/les-budget-de-l-interieur-et-de-la-justice-adoptes-a-l-arp\/210283\/#primaryimage","url":"https:\/\/www.webdo.tn\/fr\/wp-content\/uploads\/2023\/11\/2112d2263150f785292931f0089abf6d.jpg","contentUrl":"https:\/\/www.webdo.tn\/fr\/wp-content\/uploads\/2023\/11\/2112d2263150f785292931f0089abf6d.jpg","width":750,"height":400,"caption":"Les budgets de l\u2019Int\u00e9rieur et de la Justice adopt\u00e9s \u00e0 l\u2019ARP"},{"@type":"BreadcrumbList","@id":"https:\/\/www.webdo.tn\/fr\/actualite\/national\/les-budget-de-l-interieur-et-de-la-justice-adoptes-a-l-arp\/210283\/#breadcrumb","itemListElement":[{"@type":"ListItem","position":1,"name":"Accueil","item":"https:\/\/www.webdo.tn\/fr\/"},{"@type":"ListItem","position":2,"name":"Les budgets de l\u2019Int\u00e9rieur et de la Justice adopt\u00e9s \u00e0 l\u2019ARP"}]},{"@type":"WebSite","@id":"https:\/\/www.webdo.tn\/fr\/#website","url":"https:\/\/www.webdo.tn\/fr\/","name":"webdo","description":"Tunisie - News en Tunisie et \u00e0 l&#039;international sur Webdo.tn","publisher":{"@id":"https:\/\/www.webdo.tn\/fr\/#organization"},"potentialAction":[{"@type":"SearchAction","target":{"@type":"EntryPoint","urlTemplate":"https:\/\/www.webdo.tn\/fr\/?s={search_term_string}"},"query-input":{"@type":"PropertyValueSpecification","valueRequired":true,"valueName":"search_term_string"}}],"inLanguage":"fr-FR"},{"@type":"Organization","@id":"https:\/\/www.webdo.tn\/fr\/#organization","name":"Webdo","alternateName":"Webdo.tn","url":"https:\/\/www.webdo.tn\/fr\/","logo":{"@type":"ImageObject","inLanguage":"fr-FR","@id":"https:\/\/www.webdo.tn\/fr\/#\/schema\/logo\/image\/","url":"https:\/\/www.webdo.tn\/fr\/wp-content\/uploads\/2025\/06\/Webdo-Tunisie_168377.jpg","contentUrl":"https:\/\/www.webdo.tn\/fr\/wp-content\/uploads\/2025\/06\/Webdo-Tunisie_168377.jpg","width":301,"height":301,"caption":"Webdo"},"image":{"@id":"https:\/\/www.webdo.tn\/fr\/#\/schema\/logo\/image\/"},"sameAs":["https:\/\/www.facebook.com\/webdotn","https:\/\/x.com\/webdo_tn"],"description":"Webdo est un m\u00e9dia num\u00e9rique tunisien fond\u00e9 en 2010, sp\u00e9cialis\u00e9 dans l\u2019actualit\u00e9 nationale et internationale, l\u2019\u00e9conomie, la soci\u00e9t\u00e9 et les analyses politiques. Le site s\u2019adresse \u00e0 un large public francophone et couvre l\u2019information tunisienne en temps r\u00e9el.","email":"redac@webdo.tn","legalName":"YNJ SARL","foundingDate":"2010-09-06","numberOfEmployees":{"@type":"QuantitativeValue","minValue":"11","maxValue":"50"}},{"@type":"Person","@id":"https:\/\/www.webdo.tn\/fr\/#\/schema\/person\/2c4929cbf5a809e3bd38617c6ce150f6","name":"MC","image":{"@type":"ImageObject","inLanguage":"fr-FR","@id":"https:\/\/secure.gravatar.com\/avatar\/a545bbb6f84efdd5553dbbc2895e3ca8f1d12c5215e00a041c9670b54aa9b18a?s=96&d=mm&r=g","url":"https:\/\/secure.gravatar.com\/avatar\/a545bbb6f84efdd5553dbbc2895e3ca8f1d12c5215e00a041c9670b54aa9b18a?s=96&d=mm&r=g","contentUrl":"https:\/\/secure.gravatar.com\/avatar\/a545bbb6f84efdd5553dbbc2895e3ca8f1d12c5215e00a041c9670b54aa9b18a?s=96&d=mm&r=g","caption":"MC"},"url":"https:\/\/www.webdo.tn\/fr\/actualite\/author\/mc\/"}]}},"_links":{"self":[{"href":"https:\/\/www.webdo.tn\/fr\/wp-json\/wp\/v2\/posts\/210283","targetHints":{"allow":["GET"]}}],"collection":[{"href":"https:\/\/www.webdo.tn\/fr\/wp-json\/wp\/v2\/posts"}],"about":[{"href":"https:\/\/www.webdo.tn\/fr\/wp-json\/wp\/v2\/types\/post"}],"author":[{"embeddable":true,"href":"https:\/\/www.webdo.tn\/fr\/wp-json\/wp\/v2\/users\/3162"}],"replies":[{"embeddable":true,"href":"https:\/\/www.webdo.tn\/fr\/wp-json\/wp\/v2\/comments?post=210283"}],"version-history":[{"count":0,"href":"https:\/\/www.webdo.tn\/fr\/wp-json\/wp\/v2\/posts\/210283\/revisions"}],"wp:featuredmedia":[{"embeddable":true,"href":"https:\/\/www.webdo.tn\/fr\/wp-json\/wp\/v2\/media\/248720"}],"wp:attachment":[{"href":"https:\/\/www.webdo.tn\/fr\/wp-json\/wp\/v2\/media?parent=210283"}],"wp:term":[{"taxonomy":"category","embeddable":true,"href":"https:\/\/www.webdo.tn\/fr\/wp-json\/wp\/v2\/categories?post=210283"},{"taxonomy":"post_tag","embeddable":true,"href":"https:\/\/www.webdo.tn\/fr\/wp-json\/wp\/v2\/tags?post=210283"}],"curies":[{"name":"wp","href":"https:\/\/api.w.org\/{rel}","templated":true}]}}