{"id":210282,"date":"2023-11-22T08:57:00","date_gmt":"2023-11-22T08:57:00","guid":{"rendered":"https:\/\/www.webdo.tn\/fr\/blog\/tunisie-la-pluie-redonne-vie-apres-plusieurs-mois-de-secheresse\/210282\/"},"modified":"2025-05-20T22:39:30","modified_gmt":"2025-05-20T22:39:30","slug":"tunisie-la-pluie-redonne-vie-apres-plusieurs-mois-de-secheresse","status":"publish","type":"post","link":"https:\/\/www.webdo.tn\/fr\/actualite\/national\/tunisie-la-pluie-redonne-vie-apres-plusieurs-mois-de-secheresse\/210282\/","title":{"rendered":"Tunisie : La pluie redonne vie apr\u00e8s plusieurs mois de s\u00e9cheresse"},"content":{"rendered":"<p>La Tunisie a accueilli avec soulagement et enthousiasme le retour bienvenu de la pluie. Apr\u00e8s des s\u00e9quences prolong\u00e9es de s\u00e9cheresse qui ont mis \u00e0 rude \u00e9preuve les ressources hydriques du pays, les r\u00e9centes pr\u00e9cipitations ont apport\u00e9 un r\u00e9pit tant attendu.\u00a0<\/p>\n<p>\t\t\t\t\t\t\t\t\tEn effet, les derniers mois ont \u00e9t\u00e9 marqu\u00e9s par des p\u00e9riodes de s\u00e9cheresse s\u00e9v\u00e8re en Tunisie, affectant gravement l&rsquo;agriculture, les r\u00e9serves d&rsquo;eau et la vie quotidienne des habitants.<\/p>\n<p>La diminution des pr\u00e9cipitations a entra\u00een\u00e9 des p\u00e9nuries d&rsquo;eau, des restrictions d&rsquo;irrigation et des r\u00e9percussions \u00e9conomiques importantes, notamment dans le secteur agricole.<\/p>\n<p>Cependant, ces derniers temps ont apport\u00e9 un changement avec le retour de la pluie en Tunisie. Les pr\u00e9cipitations ont permis une bouff\u00e9e d&rsquo;oxyg\u00e8ne pour l&rsquo;agriculture.\u00a0<\/p>\n<p>Pour ce mercredi 22 novembre 2023, des pluies \u00e9parses et orageuses se poursuivent sur le nord, le centre et localement le sud. Ces pluies seront parfois intenses sur l\u2019extr\u00eame nord-ouest.<\/p>\n","protected":false},"excerpt":{"rendered":"<p>En effet, les derniers mois ont \u00e9t\u00e9 marqu\u00e9s par des p\u00e9riodes de s\u00e9cheresse s\u00e9v\u00e8re en Tunisie, affectant gravement l&rsquo;agriculture, les r\u00e9serves d&rsquo;eau et la vie qu&#8230;<\/p>\n","protected":false},"author":3175,"featured_media":248734,"comment_status":"open","ping_status":"closed","sticky":false,"template":"","format":"standard","meta":{"footnotes":""},"categories":[44],"tags":[3271,2671,2608],"class_list":["post-210282","post","type-post","status-publish","format-standard","has-post-thumbnail","hentry","category-national","tag-agriculture","tag-pluie","tag-tunisie"],"yoast_head":"<!-- This site is optimized with the Yoast SEO Premium plugin v27.5 (Yoast SEO v27.5) - https:\/\/yoast.com\/product\/yoast-seo-premium-wordpress\/ -->\n<title>Tunisie : La pluie redonne vie apr\u00e8s plusieurs mois de s\u00e9cheresse<\/title>\n<meta name=\"description\" content=\"En effet, les derniers mois ont \u00e9t\u00e9 marqu\u00e9s par des p\u00e9riodes de s\u00e9cheresse s\u00e9v\u00e8re en Tunisie, affectant gravement l&#039;agriculture, les r\u00e9serves d&#039;eau et la vie qu...\" \/>\n<link rel=\"canonical\" href=\"https:\/\/www.webdo.tn\/fr\/actualite\/national\/tunisie-la-pluie-redonne-vie-apres-plusieurs-mois-de-secheresse\/210282\/\" \/>\n<meta property=\"og:locale\" content=\"fr_FR\" \/>\n<meta property=\"og:type\" content=\"article\" \/>\n<meta property=\"og:title\" content=\"Tunisie : La pluie redonne vie apr\u00e8s plusieurs mois de s\u00e9cheresse\" \/>\n<meta property=\"og:description\" content=\"En effet, les derniers mois ont \u00e9t\u00e9 marqu\u00e9s par des p\u00e9riodes de s\u00e9cheresse s\u00e9v\u00e8re en Tunisie, affectant gravement l&#039;agriculture, les r\u00e9serves d&#039;eau et la vie qu...\" \/>\n<meta property=\"og:url\" content=\"https:\/\/www.webdo.tn\/fr\/actualite\/national\/tunisie-la-pluie-redonne-vie-apres-plusieurs-mois-de-secheresse\/210282\/\" \/>\n<meta property=\"og:site_name\" content=\"webdo\" \/>\n<meta property=\"article:publisher\" content=\"https:\/\/www.facebook.com\/webdotn\" \/>\n<meta property=\"article:published_time\" content=\"2023-11-22T08:57:00+00:00\" \/>\n<meta property=\"article:modified_time\" content=\"2025-05-20T22:39:30+00:00\" \/>\n<meta property=\"og:image\" content=\"https:\/\/www.webdo.tn\/fr\/wp-content\/uploads\/2023\/11\/7e54fb691cbc63751d1b1ba8f5b212de.png\" \/>\n\t<meta property=\"og:image:width\" content=\"750\" \/>\n\t<meta property=\"og:image:height\" content=\"400\" \/>\n\t<meta property=\"og:image:type\" content=\"image\/png\" \/>\n<meta name=\"author\" content=\"CL\" \/>\n<meta name=\"twitter:card\" content=\"summary_large_image\" \/>\n<meta name=\"twitter:creator\" content=\"@webdo_tn\" \/>\n<meta name=\"twitter:site\" content=\"@webdo_tn\" \/>\n<meta name=\"twitter:label1\" content=\"\u00c9crit par\" \/>\n\t<meta name=\"twitter:data1\" content=\"CL\" \/>\n\t<meta name=\"twitter:label2\" content=\"Dur\u00e9e de lecture estim\u00e9e\" \/>\n\t<meta name=\"twitter:data2\" content=\"1 minute\" \/>\n<script type=\"application\/ld+json\" class=\"yoast-schema-graph\">{\"@context\":\"https:\\\/\\\/schema.org\",\"@graph\":[{\"@type\":\"NewsArticle\",\"@id\":\"https:\\\/\\\/www.webdo.tn\\\/fr\\\/actualite\\\/national\\\/tunisie-la-pluie-redonne-vie-apres-plusieurs-mois-de-secheresse\\\/210282\\\/#article\",\"isPartOf\":{\"@id\":\"https:\\\/\\\/www.webdo.tn\\\/fr\\\/actualite\\\/national\\\/tunisie-la-pluie-redonne-vie-apres-plusieurs-mois-de-secheresse\\\/210282\\\/\"},\"author\":{\"name\":\"CL\",\"@id\":\"https:\\\/\\\/www.webdo.tn\\\/fr\\\/#\\\/schema\\\/person\\\/f35b42a42c5e2511bbd282959d6385cc\"},\"headline\":\"Tunisie : La pluie redonne vie apr\u00e8s plusieurs mois de s\u00e9cheresse\",\"datePublished\":\"2023-11-22T08:57:00+00:00\",\"dateModified\":\"2025-05-20T22:39:30+00:00\",\"mainEntityOfPage\":{\"@id\":\"https:\\\/\\\/www.webdo.tn\\\/fr\\\/actualite\\\/national\\\/tunisie-la-pluie-redonne-vie-apres-plusieurs-mois-de-secheresse\\\/210282\\\/\"},\"wordCount\":182,\"commentCount\":0,\"publisher\":{\"@id\":\"https:\\\/\\\/www.webdo.tn\\\/fr\\\/#organization\"},\"image\":{\"@id\":\"https:\\\/\\\/www.webdo.tn\\\/fr\\\/actualite\\\/national\\\/tunisie-la-pluie-redonne-vie-apres-plusieurs-mois-de-secheresse\\\/210282\\\/#primaryimage\"},\"thumbnailUrl\":\"https:\\\/\\\/www.webdo.tn\\\/fr\\\/wp-content\\\/uploads\\\/2023\\\/11\\\/7e54fb691cbc63751d1b1ba8f5b212de.png\",\"keywords\":[\"agriculture\",\"Pluie\",\"Tunisie\"],\"articleSection\":[\"National\"],\"inLanguage\":\"fr-FR\"},{\"@type\":\"WebPage\",\"@id\":\"https:\\\/\\\/www.webdo.tn\\\/fr\\\/actualite\\\/national\\\/tunisie-la-pluie-redonne-vie-apres-plusieurs-mois-de-secheresse\\\/210282\\\/\",\"url\":\"https:\\\/\\\/www.webdo.tn\\\/fr\\\/actualite\\\/national\\\/tunisie-la-pluie-redonne-vie-apres-plusieurs-mois-de-secheresse\\\/210282\\\/\",\"name\":\"Tunisie : La pluie redonne vie apr\u00e8s plusieurs mois de s\u00e9cheresse\",\"isPartOf\":{\"@id\":\"https:\\\/\\\/www.webdo.tn\\\/fr\\\/#website\"},\"primaryImageOfPage\":{\"@id\":\"https:\\\/\\\/www.webdo.tn\\\/fr\\\/actualite\\\/national\\\/tunisie-la-pluie-redonne-vie-apres-plusieurs-mois-de-secheresse\\\/210282\\\/#primaryimage\"},\"image\":{\"@id\":\"https:\\\/\\\/www.webdo.tn\\\/fr\\\/actualite\\\/national\\\/tunisie-la-pluie-redonne-vie-apres-plusieurs-mois-de-secheresse\\\/210282\\\/#primaryimage\"},\"thumbnailUrl\":\"https:\\\/\\\/www.webdo.tn\\\/fr\\\/wp-content\\\/uploads\\\/2023\\\/11\\\/7e54fb691cbc63751d1b1ba8f5b212de.png\",\"datePublished\":\"2023-11-22T08:57:00+00:00\",\"dateModified\":\"2025-05-20T22:39:30+00:00\",\"description\":\"En effet, les derniers mois ont \u00e9t\u00e9 marqu\u00e9s par des p\u00e9riodes de s\u00e9cheresse s\u00e9v\u00e8re en Tunisie, affectant gravement l'agriculture, les r\u00e9serves d'eau et la vie qu...\",\"breadcrumb\":{\"@id\":\"https:\\\/\\\/www.webdo.tn\\\/fr\\\/actualite\\\/national\\\/tunisie-la-pluie-redonne-vie-apres-plusieurs-mois-de-secheresse\\\/210282\\\/#breadcrumb\"},\"inLanguage\":\"fr-FR\",\"potentialAction\":[{\"@type\":\"ReadAction\",\"target\":[\"https:\\\/\\\/www.webdo.tn\\\/fr\\\/actualite\\\/national\\\/tunisie-la-pluie-redonne-vie-apres-plusieurs-mois-de-secheresse\\\/210282\\\/\"]}]},{\"@type\":\"ImageObject\",\"inLanguage\":\"fr-FR\",\"@id\":\"https:\\\/\\\/www.webdo.tn\\\/fr\\\/actualite\\\/national\\\/tunisie-la-pluie-redonne-vie-apres-plusieurs-mois-de-secheresse\\\/210282\\\/#primaryimage\",\"url\":\"https:\\\/\\\/www.webdo.tn\\\/fr\\\/wp-content\\\/uploads\\\/2023\\\/11\\\/7e54fb691cbc63751d1b1ba8f5b212de.png\",\"contentUrl\":\"https:\\\/\\\/www.webdo.tn\\\/fr\\\/wp-content\\\/uploads\\\/2023\\\/11\\\/7e54fb691cbc63751d1b1ba8f5b212de.png\",\"width\":750,\"height\":400,\"caption\":\"Tunisie : La pluie redonne vie apr\u00e8s plusieurs mois de s\u00e9cheresse\"},{\"@type\":\"BreadcrumbList\",\"@id\":\"https:\\\/\\\/www.webdo.tn\\\/fr\\\/actualite\\\/national\\\/tunisie-la-pluie-redonne-vie-apres-plusieurs-mois-de-secheresse\\\/210282\\\/#breadcrumb\",\"itemListElement\":[{\"@type\":\"ListItem\",\"position\":1,\"name\":\"Accueil\",\"item\":\"https:\\\/\\\/www.webdo.tn\\\/fr\\\/\"},{\"@type\":\"ListItem\",\"position\":2,\"name\":\"Tunisie : La pluie redonne vie apr\u00e8s plusieurs mois de s\u00e9cheresse\"}]},{\"@type\":\"WebSite\",\"@id\":\"https:\\\/\\\/www.webdo.tn\\\/fr\\\/#website\",\"url\":\"https:\\\/\\\/www.webdo.tn\\\/fr\\\/\",\"name\":\"webdo\",\"description\":\"Tunisie - News en Tunisie et \u00e0 l&#039;international sur Webdo.tn\",\"publisher\":{\"@id\":\"https:\\\/\\\/www.webdo.tn\\\/fr\\\/#organization\"},\"potentialAction\":[{\"@type\":\"SearchAction\",\"target\":{\"@type\":\"EntryPoint\",\"urlTemplate\":\"https:\\\/\\\/www.webdo.tn\\\/fr\\\/?s={search_term_string}\"},\"query-input\":{\"@type\":\"PropertyValueSpecification\",\"valueRequired\":true,\"valueName\":\"search_term_string\"}}],\"inLanguage\":\"fr-FR\"},{\"@type\":\"Organization\",\"@id\":\"https:\\\/\\\/www.webdo.tn\\\/fr\\\/#organization\",\"name\":\"Webdo\",\"alternateName\":\"Webdo.tn\",\"url\":\"https:\\\/\\\/www.webdo.tn\\\/fr\\\/\",\"logo\":{\"@type\":\"ImageObject\",\"inLanguage\":\"fr-FR\",\"@id\":\"https:\\\/\\\/www.webdo.tn\\\/fr\\\/#\\\/schema\\\/logo\\\/image\\\/\",\"url\":\"https:\\\/\\\/www.webdo.tn\\\/fr\\\/wp-content\\\/uploads\\\/2025\\\/06\\\/Webdo-Tunisie_168377.jpg\",\"contentUrl\":\"https:\\\/\\\/www.webdo.tn\\\/fr\\\/wp-content\\\/uploads\\\/2025\\\/06\\\/Webdo-Tunisie_168377.jpg\",\"width\":301,\"height\":301,\"caption\":\"Webdo\"},\"image\":{\"@id\":\"https:\\\/\\\/www.webdo.tn\\\/fr\\\/#\\\/schema\\\/logo\\\/image\\\/\"},\"sameAs\":[\"https:\\\/\\\/www.facebook.com\\\/webdotn\",\"https:\\\/\\\/x.com\\\/webdo_tn\"],\"description\":\"Webdo est un m\u00e9dia num\u00e9rique tunisien fond\u00e9 en 2010, sp\u00e9cialis\u00e9 dans l\u2019actualit\u00e9 nationale et internationale, l\u2019\u00e9conomie, la soci\u00e9t\u00e9 et les analyses politiques. Le site s\u2019adresse \u00e0 un large public francophone et couvre l\u2019information tunisienne en temps r\u00e9el.\",\"email\":\"redac@webdo.tn\",\"legalName\":\"YNJ SARL\",\"foundingDate\":\"2010-09-06\",\"numberOfEmployees\":{\"@type\":\"QuantitativeValue\",\"minValue\":\"11\",\"maxValue\":\"50\"}},{\"@type\":\"Person\",\"@id\":\"https:\\\/\\\/www.webdo.tn\\\/fr\\\/#\\\/schema\\\/person\\\/f35b42a42c5e2511bbd282959d6385cc\",\"name\":\"CL\",\"image\":{\"@type\":\"ImageObject\",\"inLanguage\":\"fr-FR\",\"@id\":\"https:\\\/\\\/secure.gravatar.com\\\/avatar\\\/1447a49909b67aa657c488aec6512e1dd6143a480c1ecfee9b5b5cd74eb3b59e?s=96&d=mm&r=g\",\"url\":\"https:\\\/\\\/secure.gravatar.com\\\/avatar\\\/1447a49909b67aa657c488aec6512e1dd6143a480c1ecfee9b5b5cd74eb3b59e?s=96&d=mm&r=g\",\"contentUrl\":\"https:\\\/\\\/secure.gravatar.com\\\/avatar\\\/1447a49909b67aa657c488aec6512e1dd6143a480c1ecfee9b5b5cd74eb3b59e?s=96&d=mm&r=g\",\"caption\":\"CL\"},\"url\":\"https:\\\/\\\/www.webdo.tn\\\/fr\\\/actualite\\\/author\\\/cl\\\/\"}]}<\/script>\n<!-- \/ Yoast SEO Premium plugin. -->","yoast_head_json":{"title":"Tunisie : La pluie redonne vie apr\u00e8s plusieurs mois de s\u00e9cheresse","description":"En effet, les derniers mois ont \u00e9t\u00e9 marqu\u00e9s par des p\u00e9riodes de s\u00e9cheresse s\u00e9v\u00e8re en Tunisie, affectant gravement l'agriculture, les r\u00e9serves d'eau et la vie qu...","canonical":"https:\/\/www.webdo.tn\/fr\/actualite\/national\/tunisie-la-pluie-redonne-vie-apres-plusieurs-mois-de-secheresse\/210282\/","og_locale":"fr_FR","og_type":"article","og_title":"Tunisie : La pluie redonne vie apr\u00e8s plusieurs mois de s\u00e9cheresse","og_description":"En effet, les derniers mois ont \u00e9t\u00e9 marqu\u00e9s par des p\u00e9riodes de s\u00e9cheresse s\u00e9v\u00e8re en Tunisie, affectant gravement l'agriculture, les r\u00e9serves d'eau et la vie qu...","og_url":"https:\/\/www.webdo.tn\/fr\/actualite\/national\/tunisie-la-pluie-redonne-vie-apres-plusieurs-mois-de-secheresse\/210282\/","og_site_name":"webdo","article_publisher":"https:\/\/www.facebook.com\/webdotn","article_published_time":"2023-11-22T08:57:00+00:00","article_modified_time":"2025-05-20T22:39:30+00:00","og_image":[{"width":750,"height":400,"url":"https:\/\/www.webdo.tn\/fr\/wp-content\/uploads\/2023\/11\/7e54fb691cbc63751d1b1ba8f5b212de.png","type":"image\/png"}],"author":"CL","twitter_card":"summary_large_image","twitter_creator":"@webdo_tn","twitter_site":"@webdo_tn","twitter_misc":{"\u00c9crit par":"CL","Dur\u00e9e de lecture estim\u00e9e":"1 minute"},"schema":{"@context":"https:\/\/schema.org","@graph":[{"@type":"NewsArticle","@id":"https:\/\/www.webdo.tn\/fr\/actualite\/national\/tunisie-la-pluie-redonne-vie-apres-plusieurs-mois-de-secheresse\/210282\/#article","isPartOf":{"@id":"https:\/\/www.webdo.tn\/fr\/actualite\/national\/tunisie-la-pluie-redonne-vie-apres-plusieurs-mois-de-secheresse\/210282\/"},"author":{"name":"CL","@id":"https:\/\/www.webdo.tn\/fr\/#\/schema\/person\/f35b42a42c5e2511bbd282959d6385cc"},"headline":"Tunisie : La pluie redonne vie apr\u00e8s plusieurs mois de s\u00e9cheresse","datePublished":"2023-11-22T08:57:00+00:00","dateModified":"2025-05-20T22:39:30+00:00","mainEntityOfPage":{"@id":"https:\/\/www.webdo.tn\/fr\/actualite\/national\/tunisie-la-pluie-redonne-vie-apres-plusieurs-mois-de-secheresse\/210282\/"},"wordCount":182,"commentCount":0,"publisher":{"@id":"https:\/\/www.webdo.tn\/fr\/#organization"},"image":{"@id":"https:\/\/www.webdo.tn\/fr\/actualite\/national\/tunisie-la-pluie-redonne-vie-apres-plusieurs-mois-de-secheresse\/210282\/#primaryimage"},"thumbnailUrl":"https:\/\/www.webdo.tn\/fr\/wp-content\/uploads\/2023\/11\/7e54fb691cbc63751d1b1ba8f5b212de.png","keywords":["agriculture","Pluie","Tunisie"],"articleSection":["National"],"inLanguage":"fr-FR"},{"@type":"WebPage","@id":"https:\/\/www.webdo.tn\/fr\/actualite\/national\/tunisie-la-pluie-redonne-vie-apres-plusieurs-mois-de-secheresse\/210282\/","url":"https:\/\/www.webdo.tn\/fr\/actualite\/national\/tunisie-la-pluie-redonne-vie-apres-plusieurs-mois-de-secheresse\/210282\/","name":"Tunisie : La pluie redonne vie apr\u00e8s plusieurs mois de s\u00e9cheresse","isPartOf":{"@id":"https:\/\/www.webdo.tn\/fr\/#website"},"primaryImageOfPage":{"@id":"https:\/\/www.webdo.tn\/fr\/actualite\/national\/tunisie-la-pluie-redonne-vie-apres-plusieurs-mois-de-secheresse\/210282\/#primaryimage"},"image":{"@id":"https:\/\/www.webdo.tn\/fr\/actualite\/national\/tunisie-la-pluie-redonne-vie-apres-plusieurs-mois-de-secheresse\/210282\/#primaryimage"},"thumbnailUrl":"https:\/\/www.webdo.tn\/fr\/wp-content\/uploads\/2023\/11\/7e54fb691cbc63751d1b1ba8f5b212de.png","datePublished":"2023-11-22T08:57:00+00:00","dateModified":"2025-05-20T22:39:30+00:00","description":"En effet, les derniers mois ont \u00e9t\u00e9 marqu\u00e9s par des p\u00e9riodes de s\u00e9cheresse s\u00e9v\u00e8re en Tunisie, affectant gravement l'agriculture, les r\u00e9serves d'eau et la vie qu...","breadcrumb":{"@id":"https:\/\/www.webdo.tn\/fr\/actualite\/national\/tunisie-la-pluie-redonne-vie-apres-plusieurs-mois-de-secheresse\/210282\/#breadcrumb"},"inLanguage":"fr-FR","potentialAction":[{"@type":"ReadAction","target":["https:\/\/www.webdo.tn\/fr\/actualite\/national\/tunisie-la-pluie-redonne-vie-apres-plusieurs-mois-de-secheresse\/210282\/"]}]},{"@type":"ImageObject","inLanguage":"fr-FR","@id":"https:\/\/www.webdo.tn\/fr\/actualite\/national\/tunisie-la-pluie-redonne-vie-apres-plusieurs-mois-de-secheresse\/210282\/#primaryimage","url":"https:\/\/www.webdo.tn\/fr\/wp-content\/uploads\/2023\/11\/7e54fb691cbc63751d1b1ba8f5b212de.png","contentUrl":"https:\/\/www.webdo.tn\/fr\/wp-content\/uploads\/2023\/11\/7e54fb691cbc63751d1b1ba8f5b212de.png","width":750,"height":400,"caption":"Tunisie : La pluie redonne vie apr\u00e8s plusieurs mois de s\u00e9cheresse"},{"@type":"BreadcrumbList","@id":"https:\/\/www.webdo.tn\/fr\/actualite\/national\/tunisie-la-pluie-redonne-vie-apres-plusieurs-mois-de-secheresse\/210282\/#breadcrumb","itemListElement":[{"@type":"ListItem","position":1,"name":"Accueil","item":"https:\/\/www.webdo.tn\/fr\/"},{"@type":"ListItem","position":2,"name":"Tunisie : La pluie redonne vie apr\u00e8s plusieurs mois de s\u00e9cheresse"}]},{"@type":"WebSite","@id":"https:\/\/www.webdo.tn\/fr\/#website","url":"https:\/\/www.webdo.tn\/fr\/","name":"webdo","description":"Tunisie - News en Tunisie et \u00e0 l&#039;international sur Webdo.tn","publisher":{"@id":"https:\/\/www.webdo.tn\/fr\/#organization"},"potentialAction":[{"@type":"SearchAction","target":{"@type":"EntryPoint","urlTemplate":"https:\/\/www.webdo.tn\/fr\/?s={search_term_string}"},"query-input":{"@type":"PropertyValueSpecification","valueRequired":true,"valueName":"search_term_string"}}],"inLanguage":"fr-FR"},{"@type":"Organization","@id":"https:\/\/www.webdo.tn\/fr\/#organization","name":"Webdo","alternateName":"Webdo.tn","url":"https:\/\/www.webdo.tn\/fr\/","logo":{"@type":"ImageObject","inLanguage":"fr-FR","@id":"https:\/\/www.webdo.tn\/fr\/#\/schema\/logo\/image\/","url":"https:\/\/www.webdo.tn\/fr\/wp-content\/uploads\/2025\/06\/Webdo-Tunisie_168377.jpg","contentUrl":"https:\/\/www.webdo.tn\/fr\/wp-content\/uploads\/2025\/06\/Webdo-Tunisie_168377.jpg","width":301,"height":301,"caption":"Webdo"},"image":{"@id":"https:\/\/www.webdo.tn\/fr\/#\/schema\/logo\/image\/"},"sameAs":["https:\/\/www.facebook.com\/webdotn","https:\/\/x.com\/webdo_tn"],"description":"Webdo est un m\u00e9dia num\u00e9rique tunisien fond\u00e9 en 2010, sp\u00e9cialis\u00e9 dans l\u2019actualit\u00e9 nationale et internationale, l\u2019\u00e9conomie, la soci\u00e9t\u00e9 et les analyses politiques. Le site s\u2019adresse \u00e0 un large public francophone et couvre l\u2019information tunisienne en temps r\u00e9el.","email":"redac@webdo.tn","legalName":"YNJ SARL","foundingDate":"2010-09-06","numberOfEmployees":{"@type":"QuantitativeValue","minValue":"11","maxValue":"50"}},{"@type":"Person","@id":"https:\/\/www.webdo.tn\/fr\/#\/schema\/person\/f35b42a42c5e2511bbd282959d6385cc","name":"CL","image":{"@type":"ImageObject","inLanguage":"fr-FR","@id":"https:\/\/secure.gravatar.com\/avatar\/1447a49909b67aa657c488aec6512e1dd6143a480c1ecfee9b5b5cd74eb3b59e?s=96&d=mm&r=g","url":"https:\/\/secure.gravatar.com\/avatar\/1447a49909b67aa657c488aec6512e1dd6143a480c1ecfee9b5b5cd74eb3b59e?s=96&d=mm&r=g","contentUrl":"https:\/\/secure.gravatar.com\/avatar\/1447a49909b67aa657c488aec6512e1dd6143a480c1ecfee9b5b5cd74eb3b59e?s=96&d=mm&r=g","caption":"CL"},"url":"https:\/\/www.webdo.tn\/fr\/actualite\/author\/cl\/"}]}},"_links":{"self":[{"href":"https:\/\/www.webdo.tn\/fr\/wp-json\/wp\/v2\/posts\/210282","targetHints":{"allow":["GET"]}}],"collection":[{"href":"https:\/\/www.webdo.tn\/fr\/wp-json\/wp\/v2\/posts"}],"about":[{"href":"https:\/\/www.webdo.tn\/fr\/wp-json\/wp\/v2\/types\/post"}],"author":[{"embeddable":true,"href":"https:\/\/www.webdo.tn\/fr\/wp-json\/wp\/v2\/users\/3175"}],"replies":[{"embeddable":true,"href":"https:\/\/www.webdo.tn\/fr\/wp-json\/wp\/v2\/comments?post=210282"}],"version-history":[{"count":0,"href":"https:\/\/www.webdo.tn\/fr\/wp-json\/wp\/v2\/posts\/210282\/revisions"}],"wp:featuredmedia":[{"embeddable":true,"href":"https:\/\/www.webdo.tn\/fr\/wp-json\/wp\/v2\/media\/248734"}],"wp:attachment":[{"href":"https:\/\/www.webdo.tn\/fr\/wp-json\/wp\/v2\/media?parent=210282"}],"wp:term":[{"taxonomy":"category","embeddable":true,"href":"https:\/\/www.webdo.tn\/fr\/wp-json\/wp\/v2\/categories?post=210282"},{"taxonomy":"post_tag","embeddable":true,"href":"https:\/\/www.webdo.tn\/fr\/wp-json\/wp\/v2\/tags?post=210282"}],"curies":[{"name":"wp","href":"https:\/\/api.w.org\/{rel}","templated":true}]}}