{"id":210274,"date":"2023-11-21T18:52:00","date_gmt":"2023-11-21T18:52:00","guid":{"rendered":"https:\/\/www.webdo.tn\/fr\/blog\/les-enseignants-suppleants-poursuivent-leur-boycott-des-cours\/210274\/"},"modified":"2023-11-21T18:52:00","modified_gmt":"2023-11-21T18:52:00","slug":"les-enseignants-suppleants-poursuivent-leur-boycott-des-cours","status":"publish","type":"post","link":"https:\/\/www.webdo.tn\/fr\/actualite\/national\/les-enseignants-suppleants-poursuivent-leur-boycott-des-cours\/210274\/","title":{"rendered":"Les enseignants suppl\u00e9ants poursuivent leur boycott des cours"},"content":{"rendered":"<p>Le porte-parole de la coordination nationale des enseignants suppl\u00e9ants, Chiheb Mosbah, a expliqu\u00e9, \u00e0 l&rsquo;agence TAP que Le boycott des cours, entam\u00e9, lundi 20 novembre 2023, par les enseignants suppl\u00e9ants pour revendiquer la r\u00e9gularisation de leur situation, va se poursuivra.<\/p>\n<p>\t\t\t\t\t\t\t\t\tDe plus, les enseignants observeront une journ\u00e9e \u00ab\u00a0de col\u00e8re nationale\u00a0\u00bb,\u00a0jeudi prochain, devant le si\u00e8ge du minist\u00e8re de l\u2019Education.<\/p>\n<p>Cette d\u00e9cision a \u00e9t\u00e9\u00a0prise en commun accord avec les syndicats r\u00e9gionaux, pr\u00e9cise Chiheb Mosbah, et vient en r\u00e9pr\u00e9sente une forme de protestation contre l\u2019atermoiement du minist\u00e8re de tutelle et la non-application de l\u2019accord du 16 novembre 2022.<\/p>\n<p>Chiheb Mosbah a \u00e9galement confi\u00e9 que\u00a0la coordination pourrait recourir au boycott des examens du premier trimestre outre le boycott partiel ou total des cours, si un accord n&rsquo;est pas trouv\u00e9 avec le minist\u00e8re.<\/p>\n","protected":false},"excerpt":{"rendered":"<p>Le porte-parole de la coordination nationale des enseignants suppl\u00e9ants, Chiheb Mosbah, a expliqu\u00e9, \u00e0 l&rsquo;agence TAP que Le boycott des cours, entam\u00e9, lundi 20 no&#8230;<\/p>\n","protected":false},"author":3169,"featured_media":289894,"comment_status":"open","ping_status":"closed","sticky":false,"template":"","format":"standard","meta":{"footnotes":""},"categories":[44],"tags":[3509,2634,4458,2608],"class_list":["post-210274","post","type-post","status-publish","format-standard","has-post-thumbnail","hentry","category-national","tag-boycott","tag-education","tag-enseignants-suppleants","tag-tunisie"],"yoast_head":"<!-- This site is optimized with the Yoast SEO Premium plugin v27.5 (Yoast SEO v27.5) - https:\/\/yoast.com\/product\/yoast-seo-premium-wordpress\/ -->\n<title>Les enseignants suppl\u00e9ants poursuivent leur boycott des cours<\/title>\n<meta name=\"description\" content=\"Le porte-parole de la coordination nationale des enseignants suppl\u00e9ants, Chiheb Mosbah, a expliqu\u00e9, \u00e0 l&#039;agence TAP que Le boycott des cours, entam\u00e9, lundi 20 no...\" \/>\n<link rel=\"canonical\" href=\"https:\/\/www.webdo.tn\/fr\/actualite\/national\/les-enseignants-suppleants-poursuivent-leur-boycott-des-cours\/210274\/\" \/>\n<meta property=\"og:locale\" content=\"fr_FR\" \/>\n<meta property=\"og:type\" content=\"article\" \/>\n<meta property=\"og:title\" content=\"Les enseignants suppl\u00e9ants poursuivent leur boycott des cours\" \/>\n<meta property=\"og:description\" content=\"Le porte-parole de la coordination nationale des enseignants suppl\u00e9ants, Chiheb Mosbah, a expliqu\u00e9, \u00e0 l&#039;agence TAP que Le boycott des cours, entam\u00e9, lundi 20 no...\" \/>\n<meta property=\"og:url\" content=\"https:\/\/www.webdo.tn\/fr\/actualite\/national\/les-enseignants-suppleants-poursuivent-leur-boycott-des-cours\/210274\/\" \/>\n<meta property=\"og:site_name\" content=\"webdo\" \/>\n<meta property=\"article:publisher\" content=\"https:\/\/www.facebook.com\/webdotn\" \/>\n<meta property=\"article:published_time\" content=\"2023-11-21T18:52:00+00:00\" \/>\n<meta property=\"og:image\" content=\"https:\/\/www.webdo.tn\/fr\/wp-content\/uploads\/2023\/11\/7be769a80290f7bf1f5f990db2e612a1.jpg\" \/>\n\t<meta property=\"og:image:width\" content=\"750\" \/>\n\t<meta property=\"og:image:height\" content=\"400\" \/>\n\t<meta property=\"og:image:type\" content=\"image\/jpeg\" \/>\n<meta name=\"author\" content=\"Webdo\" \/>\n<meta name=\"twitter:card\" content=\"summary_large_image\" \/>\n<meta name=\"twitter:creator\" content=\"@webdo_tn\" \/>\n<meta name=\"twitter:site\" content=\"@webdo_tn\" \/>\n<meta name=\"twitter:label1\" content=\"\u00c9crit par\" \/>\n\t<meta name=\"twitter:data1\" content=\"Webdo\" \/>\n\t<meta name=\"twitter:label2\" content=\"Dur\u00e9e de lecture estim\u00e9e\" \/>\n\t<meta name=\"twitter:data2\" content=\"1 minute\" \/>\n<script type=\"application\/ld+json\" class=\"yoast-schema-graph\">{\"@context\":\"https:\\\/\\\/schema.org\",\"@graph\":[{\"@type\":\"NewsArticle\",\"@id\":\"https:\\\/\\\/www.webdo.tn\\\/fr\\\/actualite\\\/national\\\/les-enseignants-suppleants-poursuivent-leur-boycott-des-cours\\\/210274\\\/#article\",\"isPartOf\":{\"@id\":\"https:\\\/\\\/www.webdo.tn\\\/fr\\\/actualite\\\/national\\\/les-enseignants-suppleants-poursuivent-leur-boycott-des-cours\\\/210274\\\/\"},\"author\":{\"name\":\"Webdo\",\"@id\":\"https:\\\/\\\/www.webdo.tn\\\/fr\\\/#\\\/schema\\\/person\\\/1f4e491e0907b413d61089e8eb573acc\"},\"headline\":\"Les enseignants suppl\u00e9ants poursuivent leur boycott des cours\",\"datePublished\":\"2023-11-21T18:52:00+00:00\",\"mainEntityOfPage\":{\"@id\":\"https:\\\/\\\/www.webdo.tn\\\/fr\\\/actualite\\\/national\\\/les-enseignants-suppleants-poursuivent-leur-boycott-des-cours\\\/210274\\\/\"},\"wordCount\":154,\"commentCount\":0,\"publisher\":{\"@id\":\"https:\\\/\\\/www.webdo.tn\\\/fr\\\/#organization\"},\"image\":{\"@id\":\"https:\\\/\\\/www.webdo.tn\\\/fr\\\/actualite\\\/national\\\/les-enseignants-suppleants-poursuivent-leur-boycott-des-cours\\\/210274\\\/#primaryimage\"},\"thumbnailUrl\":\"https:\\\/\\\/www.webdo.tn\\\/fr\\\/wp-content\\\/uploads\\\/2023\\\/11\\\/7be769a80290f7bf1f5f990db2e612a1.jpg\",\"keywords\":[\"Boycott\",\"\u00e9ducation\",\"enseignants suppl\u00e9ants\",\"Tunisie\"],\"articleSection\":[\"National\"],\"inLanguage\":\"fr-FR\"},{\"@type\":\"WebPage\",\"@id\":\"https:\\\/\\\/www.webdo.tn\\\/fr\\\/actualite\\\/national\\\/les-enseignants-suppleants-poursuivent-leur-boycott-des-cours\\\/210274\\\/\",\"url\":\"https:\\\/\\\/www.webdo.tn\\\/fr\\\/actualite\\\/national\\\/les-enseignants-suppleants-poursuivent-leur-boycott-des-cours\\\/210274\\\/\",\"name\":\"Les enseignants suppl\u00e9ants poursuivent leur boycott des cours\",\"isPartOf\":{\"@id\":\"https:\\\/\\\/www.webdo.tn\\\/fr\\\/#website\"},\"primaryImageOfPage\":{\"@id\":\"https:\\\/\\\/www.webdo.tn\\\/fr\\\/actualite\\\/national\\\/les-enseignants-suppleants-poursuivent-leur-boycott-des-cours\\\/210274\\\/#primaryimage\"},\"image\":{\"@id\":\"https:\\\/\\\/www.webdo.tn\\\/fr\\\/actualite\\\/national\\\/les-enseignants-suppleants-poursuivent-leur-boycott-des-cours\\\/210274\\\/#primaryimage\"},\"thumbnailUrl\":\"https:\\\/\\\/www.webdo.tn\\\/fr\\\/wp-content\\\/uploads\\\/2023\\\/11\\\/7be769a80290f7bf1f5f990db2e612a1.jpg\",\"datePublished\":\"2023-11-21T18:52:00+00:00\",\"description\":\"Le porte-parole de la coordination nationale des enseignants suppl\u00e9ants, Chiheb Mosbah, a expliqu\u00e9, \u00e0 l'agence TAP que Le boycott des cours, entam\u00e9, lundi 20 no...\",\"breadcrumb\":{\"@id\":\"https:\\\/\\\/www.webdo.tn\\\/fr\\\/actualite\\\/national\\\/les-enseignants-suppleants-poursuivent-leur-boycott-des-cours\\\/210274\\\/#breadcrumb\"},\"inLanguage\":\"fr-FR\",\"potentialAction\":[{\"@type\":\"ReadAction\",\"target\":[\"https:\\\/\\\/www.webdo.tn\\\/fr\\\/actualite\\\/national\\\/les-enseignants-suppleants-poursuivent-leur-boycott-des-cours\\\/210274\\\/\"]}]},{\"@type\":\"ImageObject\",\"inLanguage\":\"fr-FR\",\"@id\":\"https:\\\/\\\/www.webdo.tn\\\/fr\\\/actualite\\\/national\\\/les-enseignants-suppleants-poursuivent-leur-boycott-des-cours\\\/210274\\\/#primaryimage\",\"url\":\"https:\\\/\\\/www.webdo.tn\\\/fr\\\/wp-content\\\/uploads\\\/2023\\\/11\\\/7be769a80290f7bf1f5f990db2e612a1.jpg\",\"contentUrl\":\"https:\\\/\\\/www.webdo.tn\\\/fr\\\/wp-content\\\/uploads\\\/2023\\\/11\\\/7be769a80290f7bf1f5f990db2e612a1.jpg\",\"width\":750,\"height\":400,\"caption\":\"Les enseignants suppl\u00e9ants poursuivent leur boycott des cours\"},{\"@type\":\"BreadcrumbList\",\"@id\":\"https:\\\/\\\/www.webdo.tn\\\/fr\\\/actualite\\\/national\\\/les-enseignants-suppleants-poursuivent-leur-boycott-des-cours\\\/210274\\\/#breadcrumb\",\"itemListElement\":[{\"@type\":\"ListItem\",\"position\":1,\"name\":\"Accueil\",\"item\":\"https:\\\/\\\/www.webdo.tn\\\/fr\\\/\"},{\"@type\":\"ListItem\",\"position\":2,\"name\":\"Les enseignants suppl\u00e9ants poursuivent leur boycott des cours\"}]},{\"@type\":\"WebSite\",\"@id\":\"https:\\\/\\\/www.webdo.tn\\\/fr\\\/#website\",\"url\":\"https:\\\/\\\/www.webdo.tn\\\/fr\\\/\",\"name\":\"webdo\",\"description\":\"Tunisie - News en Tunisie et \u00e0 l&#039;international sur Webdo.tn\",\"publisher\":{\"@id\":\"https:\\\/\\\/www.webdo.tn\\\/fr\\\/#organization\"},\"potentialAction\":[{\"@type\":\"SearchAction\",\"target\":{\"@type\":\"EntryPoint\",\"urlTemplate\":\"https:\\\/\\\/www.webdo.tn\\\/fr\\\/?s={search_term_string}\"},\"query-input\":{\"@type\":\"PropertyValueSpecification\",\"valueRequired\":true,\"valueName\":\"search_term_string\"}}],\"inLanguage\":\"fr-FR\"},{\"@type\":\"Organization\",\"@id\":\"https:\\\/\\\/www.webdo.tn\\\/fr\\\/#organization\",\"name\":\"Webdo\",\"alternateName\":\"Webdo.tn\",\"url\":\"https:\\\/\\\/www.webdo.tn\\\/fr\\\/\",\"logo\":{\"@type\":\"ImageObject\",\"inLanguage\":\"fr-FR\",\"@id\":\"https:\\\/\\\/www.webdo.tn\\\/fr\\\/#\\\/schema\\\/logo\\\/image\\\/\",\"url\":\"https:\\\/\\\/www.webdo.tn\\\/fr\\\/wp-content\\\/uploads\\\/2025\\\/06\\\/Webdo-Tunisie_168377.jpg\",\"contentUrl\":\"https:\\\/\\\/www.webdo.tn\\\/fr\\\/wp-content\\\/uploads\\\/2025\\\/06\\\/Webdo-Tunisie_168377.jpg\",\"width\":301,\"height\":301,\"caption\":\"Webdo\"},\"image\":{\"@id\":\"https:\\\/\\\/www.webdo.tn\\\/fr\\\/#\\\/schema\\\/logo\\\/image\\\/\"},\"sameAs\":[\"https:\\\/\\\/www.facebook.com\\\/webdotn\",\"https:\\\/\\\/x.com\\\/webdo_tn\"],\"description\":\"Webdo est un m\u00e9dia num\u00e9rique tunisien fond\u00e9 en 2010, sp\u00e9cialis\u00e9 dans l\u2019actualit\u00e9 nationale et internationale, l\u2019\u00e9conomie, la soci\u00e9t\u00e9 et les analyses politiques. Le site s\u2019adresse \u00e0 un large public francophone et couvre l\u2019information tunisienne en temps r\u00e9el.\",\"email\":\"redac@webdo.tn\",\"legalName\":\"YNJ SARL\",\"foundingDate\":\"2010-09-06\",\"numberOfEmployees\":{\"@type\":\"QuantitativeValue\",\"minValue\":\"11\",\"maxValue\":\"50\"}},{\"@type\":\"Person\",\"@id\":\"https:\\\/\\\/www.webdo.tn\\\/fr\\\/#\\\/schema\\\/person\\\/1f4e491e0907b413d61089e8eb573acc\",\"name\":\"Webdo\",\"image\":{\"@type\":\"ImageObject\",\"inLanguage\":\"fr-FR\",\"@id\":\"https:\\\/\\\/secure.gravatar.com\\\/avatar\\\/de97aeec1bb80978a9dbb127e47dfc88aaacb2f3c29aac907d8d3222e3495d49?s=96&d=mm&r=g\",\"url\":\"https:\\\/\\\/secure.gravatar.com\\\/avatar\\\/de97aeec1bb80978a9dbb127e47dfc88aaacb2f3c29aac907d8d3222e3495d49?s=96&d=mm&r=g\",\"contentUrl\":\"https:\\\/\\\/secure.gravatar.com\\\/avatar\\\/de97aeec1bb80978a9dbb127e47dfc88aaacb2f3c29aac907d8d3222e3495d49?s=96&d=mm&r=g\",\"caption\":\"Webdo\"},\"url\":\"https:\\\/\\\/www.webdo.tn\\\/fr\\\/actualite\\\/author\\\/webdo\\\/\"}]}<\/script>\n<!-- \/ Yoast SEO Premium plugin. -->","yoast_head_json":{"title":"Les enseignants suppl\u00e9ants poursuivent leur boycott des cours","description":"Le porte-parole de la coordination nationale des enseignants suppl\u00e9ants, Chiheb Mosbah, a expliqu\u00e9, \u00e0 l'agence TAP que Le boycott des cours, entam\u00e9, lundi 20 no...","canonical":"https:\/\/www.webdo.tn\/fr\/actualite\/national\/les-enseignants-suppleants-poursuivent-leur-boycott-des-cours\/210274\/","og_locale":"fr_FR","og_type":"article","og_title":"Les enseignants suppl\u00e9ants poursuivent leur boycott des cours","og_description":"Le porte-parole de la coordination nationale des enseignants suppl\u00e9ants, Chiheb Mosbah, a expliqu\u00e9, \u00e0 l'agence TAP que Le boycott des cours, entam\u00e9, lundi 20 no...","og_url":"https:\/\/www.webdo.tn\/fr\/actualite\/national\/les-enseignants-suppleants-poursuivent-leur-boycott-des-cours\/210274\/","og_site_name":"webdo","article_publisher":"https:\/\/www.facebook.com\/webdotn","article_published_time":"2023-11-21T18:52:00+00:00","og_image":[{"width":750,"height":400,"url":"https:\/\/www.webdo.tn\/fr\/wp-content\/uploads\/2023\/11\/7be769a80290f7bf1f5f990db2e612a1.jpg","type":"image\/jpeg"}],"author":"Webdo","twitter_card":"summary_large_image","twitter_creator":"@webdo_tn","twitter_site":"@webdo_tn","twitter_misc":{"\u00c9crit par":"Webdo","Dur\u00e9e de lecture estim\u00e9e":"1 minute"},"schema":{"@context":"https:\/\/schema.org","@graph":[{"@type":"NewsArticle","@id":"https:\/\/www.webdo.tn\/fr\/actualite\/national\/les-enseignants-suppleants-poursuivent-leur-boycott-des-cours\/210274\/#article","isPartOf":{"@id":"https:\/\/www.webdo.tn\/fr\/actualite\/national\/les-enseignants-suppleants-poursuivent-leur-boycott-des-cours\/210274\/"},"author":{"name":"Webdo","@id":"https:\/\/www.webdo.tn\/fr\/#\/schema\/person\/1f4e491e0907b413d61089e8eb573acc"},"headline":"Les enseignants suppl\u00e9ants poursuivent leur boycott des cours","datePublished":"2023-11-21T18:52:00+00:00","mainEntityOfPage":{"@id":"https:\/\/www.webdo.tn\/fr\/actualite\/national\/les-enseignants-suppleants-poursuivent-leur-boycott-des-cours\/210274\/"},"wordCount":154,"commentCount":0,"publisher":{"@id":"https:\/\/www.webdo.tn\/fr\/#organization"},"image":{"@id":"https:\/\/www.webdo.tn\/fr\/actualite\/national\/les-enseignants-suppleants-poursuivent-leur-boycott-des-cours\/210274\/#primaryimage"},"thumbnailUrl":"https:\/\/www.webdo.tn\/fr\/wp-content\/uploads\/2023\/11\/7be769a80290f7bf1f5f990db2e612a1.jpg","keywords":["Boycott","\u00e9ducation","enseignants suppl\u00e9ants","Tunisie"],"articleSection":["National"],"inLanguage":"fr-FR"},{"@type":"WebPage","@id":"https:\/\/www.webdo.tn\/fr\/actualite\/national\/les-enseignants-suppleants-poursuivent-leur-boycott-des-cours\/210274\/","url":"https:\/\/www.webdo.tn\/fr\/actualite\/national\/les-enseignants-suppleants-poursuivent-leur-boycott-des-cours\/210274\/","name":"Les enseignants suppl\u00e9ants poursuivent leur boycott des cours","isPartOf":{"@id":"https:\/\/www.webdo.tn\/fr\/#website"},"primaryImageOfPage":{"@id":"https:\/\/www.webdo.tn\/fr\/actualite\/national\/les-enseignants-suppleants-poursuivent-leur-boycott-des-cours\/210274\/#primaryimage"},"image":{"@id":"https:\/\/www.webdo.tn\/fr\/actualite\/national\/les-enseignants-suppleants-poursuivent-leur-boycott-des-cours\/210274\/#primaryimage"},"thumbnailUrl":"https:\/\/www.webdo.tn\/fr\/wp-content\/uploads\/2023\/11\/7be769a80290f7bf1f5f990db2e612a1.jpg","datePublished":"2023-11-21T18:52:00+00:00","description":"Le porte-parole de la coordination nationale des enseignants suppl\u00e9ants, Chiheb Mosbah, a expliqu\u00e9, \u00e0 l'agence TAP que Le boycott des cours, entam\u00e9, lundi 20 no...","breadcrumb":{"@id":"https:\/\/www.webdo.tn\/fr\/actualite\/national\/les-enseignants-suppleants-poursuivent-leur-boycott-des-cours\/210274\/#breadcrumb"},"inLanguage":"fr-FR","potentialAction":[{"@type":"ReadAction","target":["https:\/\/www.webdo.tn\/fr\/actualite\/national\/les-enseignants-suppleants-poursuivent-leur-boycott-des-cours\/210274\/"]}]},{"@type":"ImageObject","inLanguage":"fr-FR","@id":"https:\/\/www.webdo.tn\/fr\/actualite\/national\/les-enseignants-suppleants-poursuivent-leur-boycott-des-cours\/210274\/#primaryimage","url":"https:\/\/www.webdo.tn\/fr\/wp-content\/uploads\/2023\/11\/7be769a80290f7bf1f5f990db2e612a1.jpg","contentUrl":"https:\/\/www.webdo.tn\/fr\/wp-content\/uploads\/2023\/11\/7be769a80290f7bf1f5f990db2e612a1.jpg","width":750,"height":400,"caption":"Les enseignants suppl\u00e9ants poursuivent leur boycott des cours"},{"@type":"BreadcrumbList","@id":"https:\/\/www.webdo.tn\/fr\/actualite\/national\/les-enseignants-suppleants-poursuivent-leur-boycott-des-cours\/210274\/#breadcrumb","itemListElement":[{"@type":"ListItem","position":1,"name":"Accueil","item":"https:\/\/www.webdo.tn\/fr\/"},{"@type":"ListItem","position":2,"name":"Les enseignants suppl\u00e9ants poursuivent leur boycott des cours"}]},{"@type":"WebSite","@id":"https:\/\/www.webdo.tn\/fr\/#website","url":"https:\/\/www.webdo.tn\/fr\/","name":"webdo","description":"Tunisie - News en Tunisie et \u00e0 l&#039;international sur Webdo.tn","publisher":{"@id":"https:\/\/www.webdo.tn\/fr\/#organization"},"potentialAction":[{"@type":"SearchAction","target":{"@type":"EntryPoint","urlTemplate":"https:\/\/www.webdo.tn\/fr\/?s={search_term_string}"},"query-input":{"@type":"PropertyValueSpecification","valueRequired":true,"valueName":"search_term_string"}}],"inLanguage":"fr-FR"},{"@type":"Organization","@id":"https:\/\/www.webdo.tn\/fr\/#organization","name":"Webdo","alternateName":"Webdo.tn","url":"https:\/\/www.webdo.tn\/fr\/","logo":{"@type":"ImageObject","inLanguage":"fr-FR","@id":"https:\/\/www.webdo.tn\/fr\/#\/schema\/logo\/image\/","url":"https:\/\/www.webdo.tn\/fr\/wp-content\/uploads\/2025\/06\/Webdo-Tunisie_168377.jpg","contentUrl":"https:\/\/www.webdo.tn\/fr\/wp-content\/uploads\/2025\/06\/Webdo-Tunisie_168377.jpg","width":301,"height":301,"caption":"Webdo"},"image":{"@id":"https:\/\/www.webdo.tn\/fr\/#\/schema\/logo\/image\/"},"sameAs":["https:\/\/www.facebook.com\/webdotn","https:\/\/x.com\/webdo_tn"],"description":"Webdo est un m\u00e9dia num\u00e9rique tunisien fond\u00e9 en 2010, sp\u00e9cialis\u00e9 dans l\u2019actualit\u00e9 nationale et internationale, l\u2019\u00e9conomie, la soci\u00e9t\u00e9 et les analyses politiques. Le site s\u2019adresse \u00e0 un large public francophone et couvre l\u2019information tunisienne en temps r\u00e9el.","email":"redac@webdo.tn","legalName":"YNJ SARL","foundingDate":"2010-09-06","numberOfEmployees":{"@type":"QuantitativeValue","minValue":"11","maxValue":"50"}},{"@type":"Person","@id":"https:\/\/www.webdo.tn\/fr\/#\/schema\/person\/1f4e491e0907b413d61089e8eb573acc","name":"Webdo","image":{"@type":"ImageObject","inLanguage":"fr-FR","@id":"https:\/\/secure.gravatar.com\/avatar\/de97aeec1bb80978a9dbb127e47dfc88aaacb2f3c29aac907d8d3222e3495d49?s=96&d=mm&r=g","url":"https:\/\/secure.gravatar.com\/avatar\/de97aeec1bb80978a9dbb127e47dfc88aaacb2f3c29aac907d8d3222e3495d49?s=96&d=mm&r=g","contentUrl":"https:\/\/secure.gravatar.com\/avatar\/de97aeec1bb80978a9dbb127e47dfc88aaacb2f3c29aac907d8d3222e3495d49?s=96&d=mm&r=g","caption":"Webdo"},"url":"https:\/\/www.webdo.tn\/fr\/actualite\/author\/webdo\/"}]}},"_links":{"self":[{"href":"https:\/\/www.webdo.tn\/fr\/wp-json\/wp\/v2\/posts\/210274","targetHints":{"allow":["GET"]}}],"collection":[{"href":"https:\/\/www.webdo.tn\/fr\/wp-json\/wp\/v2\/posts"}],"about":[{"href":"https:\/\/www.webdo.tn\/fr\/wp-json\/wp\/v2\/types\/post"}],"author":[{"embeddable":true,"href":"https:\/\/www.webdo.tn\/fr\/wp-json\/wp\/v2\/users\/3169"}],"replies":[{"embeddable":true,"href":"https:\/\/www.webdo.tn\/fr\/wp-json\/wp\/v2\/comments?post=210274"}],"version-history":[{"count":0,"href":"https:\/\/www.webdo.tn\/fr\/wp-json\/wp\/v2\/posts\/210274\/revisions"}],"wp:featuredmedia":[{"embeddable":true,"href":"https:\/\/www.webdo.tn\/fr\/wp-json\/wp\/v2\/media\/289894"}],"wp:attachment":[{"href":"https:\/\/www.webdo.tn\/fr\/wp-json\/wp\/v2\/media?parent=210274"}],"wp:term":[{"taxonomy":"category","embeddable":true,"href":"https:\/\/www.webdo.tn\/fr\/wp-json\/wp\/v2\/categories?post=210274"},{"taxonomy":"post_tag","embeddable":true,"href":"https:\/\/www.webdo.tn\/fr\/wp-json\/wp\/v2\/tags?post=210274"}],"curies":[{"name":"wp","href":"https:\/\/api.w.org\/{rel}","templated":true}]}}