{"id":210245,"date":"2023-11-20T18:17:00","date_gmt":"2023-11-20T18:17:00","guid":{"rendered":"https:\/\/www.webdo.tn\/fr\/blog\/en-video-comment-les-houthis-se-sont-empares-d-un-navire-israelien-en-mer-rouge\/210245\/"},"modified":"2025-05-20T22:39:31","modified_gmt":"2025-05-20T22:39:31","slug":"en-video-comment-les-houthis-se-sont-empares-d-un-navire-israelien-en-mer-rouge","status":"publish","type":"post","link":"https:\/\/www.webdo.tn\/fr\/actualite\/international\/en-video-comment-les-houthis-se-sont-empares-d-un-navire-israelien-en-mer-rouge\/210245\/","title":{"rendered":"En vid\u00e9o : Comment les Houthis se sont empar\u00e9s d\u2019un navire isra\u00e9lien en mer Rouge"},"content":{"rendered":"<p>Les Houthis du Y\u00e9men ont saisi samedi le \u00ab Galaxy Leader \u00bb, un cargo transportant des automobiles, qu\u2019ils pr\u00e9sentent comme un \u00ab navire isra\u00e9lien \u00bb, ce que l\u2019Etat h\u00e9breu d\u00e9ment.\u00a0<\/p>\n<p>\t\t\t\t\t\t\t\t\t\u00a0<\/p>\n<p>En effet, les houthistes ont affirm\u00e9 dimanche 19 novembre s\u2019\u00eatre empar\u00e9s en mer Rouge d\u2019un navire commercial, propri\u00e9t\u00e9 d\u2019un homme d\u2019affaires isra\u00e9lien, et de l\u2019avoir d\u00e9tourn\u00e9 vers la c\u00f4te y\u00e9m\u00e9nite.\u00a0<\/p>\n<p>L\u2019annonce des houthistes intervient quelques jours apr\u00e8s la menace des rebelles soutenus par l\u2019Iran de prendre pour cible des navires isra\u00e9liens dans cette mer strat\u00e9gique.\u00a0<\/p>\n<p>Ce lundi 20 novembre 2023, ces forces arm\u00e9es d\u00e9voilent les premi\u00e8res images de cette op\u00e9ration montrant comment un h\u00e9licopt\u00e8re a atterri sur le navire et comment des individus arm\u00e9s se sont introduits dans le cockpit pour d\u00e9tourner le grand navire.<\/p>\n","protected":false},"excerpt":{"rendered":"<p>En effet, les houthistes ont affirm\u00e9 dimanche 19 novembre s\u2019\u00eatre empar\u00e9s en mer Rouge d\u2019un navire commercial, propri\u00e9t\u00e9 d\u2019un homme d\u2019affaires isra\u00e9lien, et de l&#8230;<\/p>\n","protected":false},"author":3175,"featured_media":248737,"comment_status":"open","ping_status":"closed","sticky":false,"template":"","format":"standard","meta":{"footnotes":""},"categories":[2598],"tags":[2638,2636,4282,2637],"class_list":["post-210245","post","type-post","status-publish","format-standard","has-post-thumbnail","hentry","category-international","tag-houthis","tag-israel","tag-navire","tag-yemen"],"yoast_head":"<!-- This site is optimized with the Yoast SEO Premium plugin v27.5 (Yoast SEO v27.5) - https:\/\/yoast.com\/product\/yoast-seo-premium-wordpress\/ -->\n<title>En vid\u00e9o : Comment les Houthis se sont empar\u00e9s d\u2019un navire isra\u00e9lien en mer Rouge<\/title>\n<meta name=\"description\" content=\"En effet, les houthistes ont affirm\u00e9 dimanche 19 novembre s\u2019\u00eatre empar\u00e9s en mer Rouge d\u2019un navire commercial, propri\u00e9t\u00e9 d\u2019un homme d\u2019affaires isra\u00e9lien, et de l...\" \/>\n<link rel=\"canonical\" href=\"https:\/\/www.webdo.tn\/fr\/actualite\/international\/en-video-comment-les-houthis-se-sont-empares-d-un-navire-israelien-en-mer-rouge\/210245\/\" \/>\n<meta property=\"og:locale\" content=\"fr_FR\" \/>\n<meta property=\"og:type\" content=\"article\" \/>\n<meta property=\"og:title\" content=\"En vid\u00e9o : Comment les Houthis se sont empar\u00e9s d\u2019un navire isra\u00e9lien en mer Rouge\" \/>\n<meta property=\"og:description\" content=\"En effet, les houthistes ont affirm\u00e9 dimanche 19 novembre s\u2019\u00eatre empar\u00e9s en mer Rouge d\u2019un navire commercial, propri\u00e9t\u00e9 d\u2019un homme d\u2019affaires isra\u00e9lien, et de l...\" \/>\n<meta property=\"og:url\" content=\"https:\/\/www.webdo.tn\/fr\/actualite\/international\/en-video-comment-les-houthis-se-sont-empares-d-un-navire-israelien-en-mer-rouge\/210245\/\" \/>\n<meta property=\"og:site_name\" content=\"webdo\" \/>\n<meta property=\"article:publisher\" content=\"https:\/\/www.facebook.com\/webdotn\" \/>\n<meta property=\"article:published_time\" content=\"2023-11-20T18:17:00+00:00\" \/>\n<meta property=\"article:modified_time\" content=\"2025-05-20T22:39:31+00:00\" \/>\n<meta property=\"og:image\" content=\"https:\/\/www.webdo.tn\/fr\/wp-content\/uploads\/2023\/11\/42e9714ccd3c9cb721f30d6d4593abb8.jpeg\" \/>\n\t<meta property=\"og:image:width\" content=\"750\" \/>\n\t<meta property=\"og:image:height\" content=\"400\" \/>\n\t<meta property=\"og:image:type\" content=\"image\/jpeg\" \/>\n<meta name=\"author\" content=\"CL\" \/>\n<meta name=\"twitter:card\" content=\"summary_large_image\" \/>\n<meta name=\"twitter:creator\" content=\"@webdo_tn\" \/>\n<meta name=\"twitter:site\" content=\"@webdo_tn\" \/>\n<meta name=\"twitter:label1\" content=\"\u00c9crit par\" \/>\n\t<meta name=\"twitter:data1\" content=\"CL\" \/>\n\t<meta name=\"twitter:label2\" content=\"Dur\u00e9e de lecture estim\u00e9e\" \/>\n\t<meta name=\"twitter:data2\" content=\"1 minute\" \/>\n<script type=\"application\/ld+json\" class=\"yoast-schema-graph\">{\"@context\":\"https:\\\/\\\/schema.org\",\"@graph\":[{\"@type\":\"NewsArticle\",\"@id\":\"https:\\\/\\\/www.webdo.tn\\\/fr\\\/actualite\\\/international\\\/en-video-comment-les-houthis-se-sont-empares-d-un-navire-israelien-en-mer-rouge\\\/210245\\\/#article\",\"isPartOf\":{\"@id\":\"https:\\\/\\\/www.webdo.tn\\\/fr\\\/actualite\\\/international\\\/en-video-comment-les-houthis-se-sont-empares-d-un-navire-israelien-en-mer-rouge\\\/210245\\\/\"},\"author\":{\"name\":\"CL\",\"@id\":\"https:\\\/\\\/www.webdo.tn\\\/fr\\\/#\\\/schema\\\/person\\\/f35b42a42c5e2511bbd282959d6385cc\"},\"headline\":\"En vid\u00e9o : Comment les Houthis se sont empar\u00e9s d\u2019un navire isra\u00e9lien en mer Rouge\",\"datePublished\":\"2023-11-20T18:17:00+00:00\",\"dateModified\":\"2025-05-20T22:39:31+00:00\",\"mainEntityOfPage\":{\"@id\":\"https:\\\/\\\/www.webdo.tn\\\/fr\\\/actualite\\\/international\\\/en-video-comment-les-houthis-se-sont-empares-d-un-navire-israelien-en-mer-rouge\\\/210245\\\/\"},\"wordCount\":168,\"commentCount\":0,\"publisher\":{\"@id\":\"https:\\\/\\\/www.webdo.tn\\\/fr\\\/#organization\"},\"image\":{\"@id\":\"https:\\\/\\\/www.webdo.tn\\\/fr\\\/actualite\\\/international\\\/en-video-comment-les-houthis-se-sont-empares-d-un-navire-israelien-en-mer-rouge\\\/210245\\\/#primaryimage\"},\"thumbnailUrl\":\"https:\\\/\\\/www.webdo.tn\\\/fr\\\/wp-content\\\/uploads\\\/2023\\\/11\\\/42e9714ccd3c9cb721f30d6d4593abb8.jpeg\",\"keywords\":[\"houthis\",\"isra\u00ebl\",\"navire\",\"y\u00e9men\"],\"articleSection\":[\"International\"],\"inLanguage\":\"fr-FR\"},{\"@type\":\"WebPage\",\"@id\":\"https:\\\/\\\/www.webdo.tn\\\/fr\\\/actualite\\\/international\\\/en-video-comment-les-houthis-se-sont-empares-d-un-navire-israelien-en-mer-rouge\\\/210245\\\/\",\"url\":\"https:\\\/\\\/www.webdo.tn\\\/fr\\\/actualite\\\/international\\\/en-video-comment-les-houthis-se-sont-empares-d-un-navire-israelien-en-mer-rouge\\\/210245\\\/\",\"name\":\"En vid\u00e9o : Comment les Houthis se sont empar\u00e9s d\u2019un navire isra\u00e9lien en mer Rouge\",\"isPartOf\":{\"@id\":\"https:\\\/\\\/www.webdo.tn\\\/fr\\\/#website\"},\"primaryImageOfPage\":{\"@id\":\"https:\\\/\\\/www.webdo.tn\\\/fr\\\/actualite\\\/international\\\/en-video-comment-les-houthis-se-sont-empares-d-un-navire-israelien-en-mer-rouge\\\/210245\\\/#primaryimage\"},\"image\":{\"@id\":\"https:\\\/\\\/www.webdo.tn\\\/fr\\\/actualite\\\/international\\\/en-video-comment-les-houthis-se-sont-empares-d-un-navire-israelien-en-mer-rouge\\\/210245\\\/#primaryimage\"},\"thumbnailUrl\":\"https:\\\/\\\/www.webdo.tn\\\/fr\\\/wp-content\\\/uploads\\\/2023\\\/11\\\/42e9714ccd3c9cb721f30d6d4593abb8.jpeg\",\"datePublished\":\"2023-11-20T18:17:00+00:00\",\"dateModified\":\"2025-05-20T22:39:31+00:00\",\"description\":\"En effet, les houthistes ont affirm\u00e9 dimanche 19 novembre s\u2019\u00eatre empar\u00e9s en mer Rouge d\u2019un navire commercial, propri\u00e9t\u00e9 d\u2019un homme d\u2019affaires isra\u00e9lien, et de l...\",\"breadcrumb\":{\"@id\":\"https:\\\/\\\/www.webdo.tn\\\/fr\\\/actualite\\\/international\\\/en-video-comment-les-houthis-se-sont-empares-d-un-navire-israelien-en-mer-rouge\\\/210245\\\/#breadcrumb\"},\"inLanguage\":\"fr-FR\",\"potentialAction\":[{\"@type\":\"ReadAction\",\"target\":[\"https:\\\/\\\/www.webdo.tn\\\/fr\\\/actualite\\\/international\\\/en-video-comment-les-houthis-se-sont-empares-d-un-navire-israelien-en-mer-rouge\\\/210245\\\/\"]}]},{\"@type\":\"ImageObject\",\"inLanguage\":\"fr-FR\",\"@id\":\"https:\\\/\\\/www.webdo.tn\\\/fr\\\/actualite\\\/international\\\/en-video-comment-les-houthis-se-sont-empares-d-un-navire-israelien-en-mer-rouge\\\/210245\\\/#primaryimage\",\"url\":\"https:\\\/\\\/www.webdo.tn\\\/fr\\\/wp-content\\\/uploads\\\/2023\\\/11\\\/42e9714ccd3c9cb721f30d6d4593abb8.jpeg\",\"contentUrl\":\"https:\\\/\\\/www.webdo.tn\\\/fr\\\/wp-content\\\/uploads\\\/2023\\\/11\\\/42e9714ccd3c9cb721f30d6d4593abb8.jpeg\",\"width\":750,\"height\":400,\"caption\":\"En vid\u00e9o : Comment les Houthis se sont empar\u00e9s d\u2019un navire isra\u00e9lien en mer Rouge\"},{\"@type\":\"BreadcrumbList\",\"@id\":\"https:\\\/\\\/www.webdo.tn\\\/fr\\\/actualite\\\/international\\\/en-video-comment-les-houthis-se-sont-empares-d-un-navire-israelien-en-mer-rouge\\\/210245\\\/#breadcrumb\",\"itemListElement\":[{\"@type\":\"ListItem\",\"position\":1,\"name\":\"Accueil\",\"item\":\"https:\\\/\\\/www.webdo.tn\\\/fr\\\/\"},{\"@type\":\"ListItem\",\"position\":2,\"name\":\"En vid\u00e9o : Comment les Houthis se sont empar\u00e9s d\u2019un navire isra\u00e9lien en mer Rouge\"}]},{\"@type\":\"WebSite\",\"@id\":\"https:\\\/\\\/www.webdo.tn\\\/fr\\\/#website\",\"url\":\"https:\\\/\\\/www.webdo.tn\\\/fr\\\/\",\"name\":\"webdo\",\"description\":\"Tunisie - News en Tunisie et \u00e0 l&#039;international sur Webdo.tn\",\"publisher\":{\"@id\":\"https:\\\/\\\/www.webdo.tn\\\/fr\\\/#organization\"},\"potentialAction\":[{\"@type\":\"SearchAction\",\"target\":{\"@type\":\"EntryPoint\",\"urlTemplate\":\"https:\\\/\\\/www.webdo.tn\\\/fr\\\/?s={search_term_string}\"},\"query-input\":{\"@type\":\"PropertyValueSpecification\",\"valueRequired\":true,\"valueName\":\"search_term_string\"}}],\"inLanguage\":\"fr-FR\"},{\"@type\":\"Organization\",\"@id\":\"https:\\\/\\\/www.webdo.tn\\\/fr\\\/#organization\",\"name\":\"Webdo\",\"alternateName\":\"Webdo.tn\",\"url\":\"https:\\\/\\\/www.webdo.tn\\\/fr\\\/\",\"logo\":{\"@type\":\"ImageObject\",\"inLanguage\":\"fr-FR\",\"@id\":\"https:\\\/\\\/www.webdo.tn\\\/fr\\\/#\\\/schema\\\/logo\\\/image\\\/\",\"url\":\"https:\\\/\\\/www.webdo.tn\\\/fr\\\/wp-content\\\/uploads\\\/2025\\\/06\\\/Webdo-Tunisie_168377.jpg\",\"contentUrl\":\"https:\\\/\\\/www.webdo.tn\\\/fr\\\/wp-content\\\/uploads\\\/2025\\\/06\\\/Webdo-Tunisie_168377.jpg\",\"width\":301,\"height\":301,\"caption\":\"Webdo\"},\"image\":{\"@id\":\"https:\\\/\\\/www.webdo.tn\\\/fr\\\/#\\\/schema\\\/logo\\\/image\\\/\"},\"sameAs\":[\"https:\\\/\\\/www.facebook.com\\\/webdotn\",\"https:\\\/\\\/x.com\\\/webdo_tn\"],\"description\":\"Webdo est un m\u00e9dia num\u00e9rique tunisien fond\u00e9 en 2010, sp\u00e9cialis\u00e9 dans l\u2019actualit\u00e9 nationale et internationale, l\u2019\u00e9conomie, la soci\u00e9t\u00e9 et les analyses politiques. Le site s\u2019adresse \u00e0 un large public francophone et couvre l\u2019information tunisienne en temps r\u00e9el.\",\"email\":\"redac@webdo.tn\",\"legalName\":\"YNJ SARL\",\"foundingDate\":\"2010-09-06\",\"numberOfEmployees\":{\"@type\":\"QuantitativeValue\",\"minValue\":\"11\",\"maxValue\":\"50\"}},{\"@type\":\"Person\",\"@id\":\"https:\\\/\\\/www.webdo.tn\\\/fr\\\/#\\\/schema\\\/person\\\/f35b42a42c5e2511bbd282959d6385cc\",\"name\":\"CL\",\"image\":{\"@type\":\"ImageObject\",\"inLanguage\":\"fr-FR\",\"@id\":\"https:\\\/\\\/secure.gravatar.com\\\/avatar\\\/1447a49909b67aa657c488aec6512e1dd6143a480c1ecfee9b5b5cd74eb3b59e?s=96&d=mm&r=g\",\"url\":\"https:\\\/\\\/secure.gravatar.com\\\/avatar\\\/1447a49909b67aa657c488aec6512e1dd6143a480c1ecfee9b5b5cd74eb3b59e?s=96&d=mm&r=g\",\"contentUrl\":\"https:\\\/\\\/secure.gravatar.com\\\/avatar\\\/1447a49909b67aa657c488aec6512e1dd6143a480c1ecfee9b5b5cd74eb3b59e?s=96&d=mm&r=g\",\"caption\":\"CL\"},\"url\":\"https:\\\/\\\/www.webdo.tn\\\/fr\\\/actualite\\\/author\\\/cl\\\/\"}]}<\/script>\n<!-- \/ Yoast SEO Premium plugin. -->","yoast_head_json":{"title":"En vid\u00e9o : Comment les Houthis se sont empar\u00e9s d\u2019un navire isra\u00e9lien en mer Rouge","description":"En effet, les houthistes ont affirm\u00e9 dimanche 19 novembre s\u2019\u00eatre empar\u00e9s en mer Rouge d\u2019un navire commercial, propri\u00e9t\u00e9 d\u2019un homme d\u2019affaires isra\u00e9lien, et de l...","canonical":"https:\/\/www.webdo.tn\/fr\/actualite\/international\/en-video-comment-les-houthis-se-sont-empares-d-un-navire-israelien-en-mer-rouge\/210245\/","og_locale":"fr_FR","og_type":"article","og_title":"En vid\u00e9o : Comment les Houthis se sont empar\u00e9s d\u2019un navire isra\u00e9lien en mer Rouge","og_description":"En effet, les houthistes ont affirm\u00e9 dimanche 19 novembre s\u2019\u00eatre empar\u00e9s en mer Rouge d\u2019un navire commercial, propri\u00e9t\u00e9 d\u2019un homme d\u2019affaires isra\u00e9lien, et de l...","og_url":"https:\/\/www.webdo.tn\/fr\/actualite\/international\/en-video-comment-les-houthis-se-sont-empares-d-un-navire-israelien-en-mer-rouge\/210245\/","og_site_name":"webdo","article_publisher":"https:\/\/www.facebook.com\/webdotn","article_published_time":"2023-11-20T18:17:00+00:00","article_modified_time":"2025-05-20T22:39:31+00:00","og_image":[{"width":750,"height":400,"url":"https:\/\/www.webdo.tn\/fr\/wp-content\/uploads\/2023\/11\/42e9714ccd3c9cb721f30d6d4593abb8.jpeg","type":"image\/jpeg"}],"author":"CL","twitter_card":"summary_large_image","twitter_creator":"@webdo_tn","twitter_site":"@webdo_tn","twitter_misc":{"\u00c9crit par":"CL","Dur\u00e9e de lecture estim\u00e9e":"1 minute"},"schema":{"@context":"https:\/\/schema.org","@graph":[{"@type":"NewsArticle","@id":"https:\/\/www.webdo.tn\/fr\/actualite\/international\/en-video-comment-les-houthis-se-sont-empares-d-un-navire-israelien-en-mer-rouge\/210245\/#article","isPartOf":{"@id":"https:\/\/www.webdo.tn\/fr\/actualite\/international\/en-video-comment-les-houthis-se-sont-empares-d-un-navire-israelien-en-mer-rouge\/210245\/"},"author":{"name":"CL","@id":"https:\/\/www.webdo.tn\/fr\/#\/schema\/person\/f35b42a42c5e2511bbd282959d6385cc"},"headline":"En vid\u00e9o : Comment les Houthis se sont empar\u00e9s d\u2019un navire isra\u00e9lien en mer Rouge","datePublished":"2023-11-20T18:17:00+00:00","dateModified":"2025-05-20T22:39:31+00:00","mainEntityOfPage":{"@id":"https:\/\/www.webdo.tn\/fr\/actualite\/international\/en-video-comment-les-houthis-se-sont-empares-d-un-navire-israelien-en-mer-rouge\/210245\/"},"wordCount":168,"commentCount":0,"publisher":{"@id":"https:\/\/www.webdo.tn\/fr\/#organization"},"image":{"@id":"https:\/\/www.webdo.tn\/fr\/actualite\/international\/en-video-comment-les-houthis-se-sont-empares-d-un-navire-israelien-en-mer-rouge\/210245\/#primaryimage"},"thumbnailUrl":"https:\/\/www.webdo.tn\/fr\/wp-content\/uploads\/2023\/11\/42e9714ccd3c9cb721f30d6d4593abb8.jpeg","keywords":["houthis","isra\u00ebl","navire","y\u00e9men"],"articleSection":["International"],"inLanguage":"fr-FR"},{"@type":"WebPage","@id":"https:\/\/www.webdo.tn\/fr\/actualite\/international\/en-video-comment-les-houthis-se-sont-empares-d-un-navire-israelien-en-mer-rouge\/210245\/","url":"https:\/\/www.webdo.tn\/fr\/actualite\/international\/en-video-comment-les-houthis-se-sont-empares-d-un-navire-israelien-en-mer-rouge\/210245\/","name":"En vid\u00e9o : Comment les Houthis se sont empar\u00e9s d\u2019un navire isra\u00e9lien en mer Rouge","isPartOf":{"@id":"https:\/\/www.webdo.tn\/fr\/#website"},"primaryImageOfPage":{"@id":"https:\/\/www.webdo.tn\/fr\/actualite\/international\/en-video-comment-les-houthis-se-sont-empares-d-un-navire-israelien-en-mer-rouge\/210245\/#primaryimage"},"image":{"@id":"https:\/\/www.webdo.tn\/fr\/actualite\/international\/en-video-comment-les-houthis-se-sont-empares-d-un-navire-israelien-en-mer-rouge\/210245\/#primaryimage"},"thumbnailUrl":"https:\/\/www.webdo.tn\/fr\/wp-content\/uploads\/2023\/11\/42e9714ccd3c9cb721f30d6d4593abb8.jpeg","datePublished":"2023-11-20T18:17:00+00:00","dateModified":"2025-05-20T22:39:31+00:00","description":"En effet, les houthistes ont affirm\u00e9 dimanche 19 novembre s\u2019\u00eatre empar\u00e9s en mer Rouge d\u2019un navire commercial, propri\u00e9t\u00e9 d\u2019un homme d\u2019affaires isra\u00e9lien, et de l...","breadcrumb":{"@id":"https:\/\/www.webdo.tn\/fr\/actualite\/international\/en-video-comment-les-houthis-se-sont-empares-d-un-navire-israelien-en-mer-rouge\/210245\/#breadcrumb"},"inLanguage":"fr-FR","potentialAction":[{"@type":"ReadAction","target":["https:\/\/www.webdo.tn\/fr\/actualite\/international\/en-video-comment-les-houthis-se-sont-empares-d-un-navire-israelien-en-mer-rouge\/210245\/"]}]},{"@type":"ImageObject","inLanguage":"fr-FR","@id":"https:\/\/www.webdo.tn\/fr\/actualite\/international\/en-video-comment-les-houthis-se-sont-empares-d-un-navire-israelien-en-mer-rouge\/210245\/#primaryimage","url":"https:\/\/www.webdo.tn\/fr\/wp-content\/uploads\/2023\/11\/42e9714ccd3c9cb721f30d6d4593abb8.jpeg","contentUrl":"https:\/\/www.webdo.tn\/fr\/wp-content\/uploads\/2023\/11\/42e9714ccd3c9cb721f30d6d4593abb8.jpeg","width":750,"height":400,"caption":"En vid\u00e9o : Comment les Houthis se sont empar\u00e9s d\u2019un navire isra\u00e9lien en mer Rouge"},{"@type":"BreadcrumbList","@id":"https:\/\/www.webdo.tn\/fr\/actualite\/international\/en-video-comment-les-houthis-se-sont-empares-d-un-navire-israelien-en-mer-rouge\/210245\/#breadcrumb","itemListElement":[{"@type":"ListItem","position":1,"name":"Accueil","item":"https:\/\/www.webdo.tn\/fr\/"},{"@type":"ListItem","position":2,"name":"En vid\u00e9o : Comment les Houthis se sont empar\u00e9s d\u2019un navire isra\u00e9lien en mer Rouge"}]},{"@type":"WebSite","@id":"https:\/\/www.webdo.tn\/fr\/#website","url":"https:\/\/www.webdo.tn\/fr\/","name":"webdo","description":"Tunisie - News en Tunisie et \u00e0 l&#039;international sur Webdo.tn","publisher":{"@id":"https:\/\/www.webdo.tn\/fr\/#organization"},"potentialAction":[{"@type":"SearchAction","target":{"@type":"EntryPoint","urlTemplate":"https:\/\/www.webdo.tn\/fr\/?s={search_term_string}"},"query-input":{"@type":"PropertyValueSpecification","valueRequired":true,"valueName":"search_term_string"}}],"inLanguage":"fr-FR"},{"@type":"Organization","@id":"https:\/\/www.webdo.tn\/fr\/#organization","name":"Webdo","alternateName":"Webdo.tn","url":"https:\/\/www.webdo.tn\/fr\/","logo":{"@type":"ImageObject","inLanguage":"fr-FR","@id":"https:\/\/www.webdo.tn\/fr\/#\/schema\/logo\/image\/","url":"https:\/\/www.webdo.tn\/fr\/wp-content\/uploads\/2025\/06\/Webdo-Tunisie_168377.jpg","contentUrl":"https:\/\/www.webdo.tn\/fr\/wp-content\/uploads\/2025\/06\/Webdo-Tunisie_168377.jpg","width":301,"height":301,"caption":"Webdo"},"image":{"@id":"https:\/\/www.webdo.tn\/fr\/#\/schema\/logo\/image\/"},"sameAs":["https:\/\/www.facebook.com\/webdotn","https:\/\/x.com\/webdo_tn"],"description":"Webdo est un m\u00e9dia num\u00e9rique tunisien fond\u00e9 en 2010, sp\u00e9cialis\u00e9 dans l\u2019actualit\u00e9 nationale et internationale, l\u2019\u00e9conomie, la soci\u00e9t\u00e9 et les analyses politiques. Le site s\u2019adresse \u00e0 un large public francophone et couvre l\u2019information tunisienne en temps r\u00e9el.","email":"redac@webdo.tn","legalName":"YNJ SARL","foundingDate":"2010-09-06","numberOfEmployees":{"@type":"QuantitativeValue","minValue":"11","maxValue":"50"}},{"@type":"Person","@id":"https:\/\/www.webdo.tn\/fr\/#\/schema\/person\/f35b42a42c5e2511bbd282959d6385cc","name":"CL","image":{"@type":"ImageObject","inLanguage":"fr-FR","@id":"https:\/\/secure.gravatar.com\/avatar\/1447a49909b67aa657c488aec6512e1dd6143a480c1ecfee9b5b5cd74eb3b59e?s=96&d=mm&r=g","url":"https:\/\/secure.gravatar.com\/avatar\/1447a49909b67aa657c488aec6512e1dd6143a480c1ecfee9b5b5cd74eb3b59e?s=96&d=mm&r=g","contentUrl":"https:\/\/secure.gravatar.com\/avatar\/1447a49909b67aa657c488aec6512e1dd6143a480c1ecfee9b5b5cd74eb3b59e?s=96&d=mm&r=g","caption":"CL"},"url":"https:\/\/www.webdo.tn\/fr\/actualite\/author\/cl\/"}]}},"_links":{"self":[{"href":"https:\/\/www.webdo.tn\/fr\/wp-json\/wp\/v2\/posts\/210245","targetHints":{"allow":["GET"]}}],"collection":[{"href":"https:\/\/www.webdo.tn\/fr\/wp-json\/wp\/v2\/posts"}],"about":[{"href":"https:\/\/www.webdo.tn\/fr\/wp-json\/wp\/v2\/types\/post"}],"author":[{"embeddable":true,"href":"https:\/\/www.webdo.tn\/fr\/wp-json\/wp\/v2\/users\/3175"}],"replies":[{"embeddable":true,"href":"https:\/\/www.webdo.tn\/fr\/wp-json\/wp\/v2\/comments?post=210245"}],"version-history":[{"count":0,"href":"https:\/\/www.webdo.tn\/fr\/wp-json\/wp\/v2\/posts\/210245\/revisions"}],"wp:featuredmedia":[{"embeddable":true,"href":"https:\/\/www.webdo.tn\/fr\/wp-json\/wp\/v2\/media\/248737"}],"wp:attachment":[{"href":"https:\/\/www.webdo.tn\/fr\/wp-json\/wp\/v2\/media?parent=210245"}],"wp:term":[{"taxonomy":"category","embeddable":true,"href":"https:\/\/www.webdo.tn\/fr\/wp-json\/wp\/v2\/categories?post=210245"},{"taxonomy":"post_tag","embeddable":true,"href":"https:\/\/www.webdo.tn\/fr\/wp-json\/wp\/v2\/tags?post=210245"}],"curies":[{"name":"wp","href":"https:\/\/api.w.org\/{rel}","templated":true}]}}