{"id":210237,"date":"2023-11-20T13:49:00","date_gmt":"2023-11-20T13:49:00","guid":{"rendered":"https:\/\/www.webdo.tn\/fr\/blog\/tunisie-hausse-de-24-5-du-trafic-aerien-via-les-aeroports-tunisiens\/210237\/"},"modified":"2025-05-20T22:10:45","modified_gmt":"2025-05-20T22:10:45","slug":"tunisie-hausse-de-24-5-du-trafic-aerien-via-les-aeroports-tunisiens","status":"publish","type":"post","link":"https:\/\/www.webdo.tn\/fr\/actualite\/national\/tunisie-hausse-de-24-5-du-trafic-aerien-via-les-aeroports-tunisiens\/210237\/","title":{"rendered":"Tunisie : Hausse de 24,5% du trafic a\u00e9rien via les a\u00e9roports tunisiens"},"content":{"rendered":"<p>Le trafic a\u00e9rien des passagers via les a\u00e9roports tunisiens a augment\u00e9 de 24,5% durant les dix premiers mois de l\u2019ann\u00e9e 2023, par rapport \u00e0 la m\u00eame p\u00e9riode de 2022.<\/p>\n<p>\t\t\t\t\t\t\t\t\tSelon les statistiques de l\u2019Office de l\u2019aviation civile et des a\u00e9roports (OACA), publi\u00e9es ce lundi 20 novembre 7.611.650 \u00ab\u00a0mouvements passagers\u00a0\u00bb ont \u00e9t\u00e9 enregistr\u00e9s durant cette p\u00e9riode.<\/p>\n<p>Dans le d\u00e9tail, l\u2019a\u00e9roport international de Tunis Carthage a enregistr\u00e9 une hausse de 22,5% avec 5.657.301 mouvements passagers), l\u2019a\u00e9roport international de Djerba-Zarzis a enregistr\u00e9 une hausse de de 29,8% pour 1.790.233 mouvements passagers).<\/p>\n<p>La plus forte augmentation est \u00e0 mettre \u00e0 l\u2019actif de l\u2019a\u00e9roport international de Sfax-Thyna, 50,3% pour 146.470 mouvements alors que l\u2019a\u00e9roport international de Gab\u00e8s-Matmata a enregistr\u00e9 une hausse de 9,1% (3232 mouvements).<\/p>\n<p>Le trafic a en revanche, baiss\u00e9 de 13,7% \u00e0 l\u2019a\u00e9roport international de Tozeur-Nefta (11.635 mouvements) et de 12% \u00e0 l\u2019a\u00e9roport international de Tabarka-Ain Draham (2259 mouvements).<\/p>\n<p>Les statistiques de l\u2019OACA font \u00e9galement, \u00e9tat d\u2019une hausse de 17,81% du trafic commercial \u00ab\u00a0mouvements avions\u00a0\u00bb durant les dix premiers mois de 2023, par rapport \u00e0 la m\u00eame p\u00e9riode de 2022, avec 64.445 mouvements avions enregistr\u00e9s.<\/p>\n<p>Le trafic de Survol (Avions transitant par l\u2019espace a\u00e9rien tunisien) a atteint 44.197 mouvements durant les dix premiers mois de l\u2019ann\u00e9e, en hausse de 44,6%.<\/p>\n","protected":false},"excerpt":{"rendered":"<p>Selon les statistiques de l\u2019Office de l\u2019aviation civile et des a\u00e9roports (OACA), publi\u00e9es ce lundi 20 novembre 7.611.650  mouvements passagers  ont \u00e9t\u00e9 enregist&#8230;<\/p>\n","protected":false},"author":3162,"featured_media":289887,"comment_status":"open","ping_status":"closed","sticky":false,"template":"","format":"standard","meta":{"footnotes":""},"categories":[44],"tags":[3974,4826,3688],"class_list":["post-210237","post","type-post","status-publish","format-standard","has-post-thumbnail","hentry","category-national","tag-aeroport","tag-passagers","tag-trafic"],"yoast_head":"<!-- This site is optimized with the Yoast SEO Premium plugin v27.5 (Yoast SEO v27.5) - https:\/\/yoast.com\/product\/yoast-seo-premium-wordpress\/ -->\n<title>Tunisie : Hausse de 24,5% du trafic a\u00e9rien via les a\u00e9roports tunisiens<\/title>\n<meta name=\"description\" content=\"Selon les statistiques de l\u2019Office de l\u2019aviation civile et des a\u00e9roports (OACA), publi\u00e9es ce lundi 20 novembre 7.611.650 mouvements passagers ont \u00e9t\u00e9 enregist...\" \/>\n<link rel=\"canonical\" href=\"https:\/\/www.webdo.tn\/fr\/actualite\/national\/tunisie-hausse-de-24-5-du-trafic-aerien-via-les-aeroports-tunisiens\/210237\/\" \/>\n<meta property=\"og:locale\" content=\"fr_FR\" \/>\n<meta property=\"og:type\" content=\"article\" \/>\n<meta property=\"og:title\" content=\"Tunisie : Hausse de 24,5% du trafic a\u00e9rien via les a\u00e9roports tunisiens\" \/>\n<meta property=\"og:description\" content=\"Selon les statistiques de l\u2019Office de l\u2019aviation civile et des a\u00e9roports (OACA), publi\u00e9es ce lundi 20 novembre 7.611.650 mouvements passagers ont \u00e9t\u00e9 enregist...\" \/>\n<meta property=\"og:url\" content=\"https:\/\/www.webdo.tn\/fr\/actualite\/national\/tunisie-hausse-de-24-5-du-trafic-aerien-via-les-aeroports-tunisiens\/210237\/\" \/>\n<meta property=\"og:site_name\" content=\"webdo\" \/>\n<meta property=\"article:publisher\" content=\"https:\/\/www.facebook.com\/webdotn\" \/>\n<meta property=\"article:published_time\" content=\"2023-11-20T13:49:00+00:00\" \/>\n<meta property=\"article:modified_time\" content=\"2025-05-20T22:10:45+00:00\" \/>\n<meta property=\"og:image\" content=\"https:\/\/www.webdo.tn\/fr\/wp-content\/uploads\/2023\/11\/b704f53334a5eca22578c0a3d357a907.jpg\" \/>\n\t<meta property=\"og:image:width\" content=\"750\" \/>\n\t<meta property=\"og:image:height\" content=\"400\" \/>\n\t<meta property=\"og:image:type\" content=\"image\/jpeg\" \/>\n<meta name=\"author\" content=\"MC\" \/>\n<meta name=\"twitter:card\" content=\"summary_large_image\" \/>\n<meta name=\"twitter:creator\" content=\"@webdo_tn\" \/>\n<meta name=\"twitter:site\" content=\"@webdo_tn\" \/>\n<meta name=\"twitter:label1\" content=\"\u00c9crit par\" \/>\n\t<meta name=\"twitter:data1\" content=\"MC\" \/>\n\t<meta name=\"twitter:label2\" content=\"Dur\u00e9e de lecture estim\u00e9e\" \/>\n\t<meta name=\"twitter:data2\" content=\"1 minute\" \/>\n<script type=\"application\/ld+json\" class=\"yoast-schema-graph\">{\"@context\":\"https:\\\/\\\/schema.org\",\"@graph\":[{\"@type\":\"NewsArticle\",\"@id\":\"https:\\\/\\\/www.webdo.tn\\\/fr\\\/actualite\\\/national\\\/tunisie-hausse-de-24-5-du-trafic-aerien-via-les-aeroports-tunisiens\\\/210237\\\/#article\",\"isPartOf\":{\"@id\":\"https:\\\/\\\/www.webdo.tn\\\/fr\\\/actualite\\\/national\\\/tunisie-hausse-de-24-5-du-trafic-aerien-via-les-aeroports-tunisiens\\\/210237\\\/\"},\"author\":{\"name\":\"MC\",\"@id\":\"https:\\\/\\\/www.webdo.tn\\\/fr\\\/#\\\/schema\\\/person\\\/2c4929cbf5a809e3bd38617c6ce150f6\"},\"headline\":\"Tunisie : Hausse de 24,5% du trafic a\u00e9rien via les a\u00e9roports tunisiens\",\"datePublished\":\"2023-11-20T13:49:00+00:00\",\"dateModified\":\"2025-05-20T22:10:45+00:00\",\"mainEntityOfPage\":{\"@id\":\"https:\\\/\\\/www.webdo.tn\\\/fr\\\/actualite\\\/national\\\/tunisie-hausse-de-24-5-du-trafic-aerien-via-les-aeroports-tunisiens\\\/210237\\\/\"},\"wordCount\":226,\"commentCount\":0,\"publisher\":{\"@id\":\"https:\\\/\\\/www.webdo.tn\\\/fr\\\/#organization\"},\"image\":{\"@id\":\"https:\\\/\\\/www.webdo.tn\\\/fr\\\/actualite\\\/national\\\/tunisie-hausse-de-24-5-du-trafic-aerien-via-les-aeroports-tunisiens\\\/210237\\\/#primaryimage\"},\"thumbnailUrl\":\"https:\\\/\\\/www.webdo.tn\\\/fr\\\/wp-content\\\/uploads\\\/2023\\\/11\\\/b704f53334a5eca22578c0a3d357a907.jpg\",\"keywords\":[\"a\u00e9roport\",\"passagers\",\"trafic\"],\"articleSection\":[\"National\"],\"inLanguage\":\"fr-FR\"},{\"@type\":\"WebPage\",\"@id\":\"https:\\\/\\\/www.webdo.tn\\\/fr\\\/actualite\\\/national\\\/tunisie-hausse-de-24-5-du-trafic-aerien-via-les-aeroports-tunisiens\\\/210237\\\/\",\"url\":\"https:\\\/\\\/www.webdo.tn\\\/fr\\\/actualite\\\/national\\\/tunisie-hausse-de-24-5-du-trafic-aerien-via-les-aeroports-tunisiens\\\/210237\\\/\",\"name\":\"Tunisie : Hausse de 24,5% du trafic a\u00e9rien via les a\u00e9roports tunisiens\",\"isPartOf\":{\"@id\":\"https:\\\/\\\/www.webdo.tn\\\/fr\\\/#website\"},\"primaryImageOfPage\":{\"@id\":\"https:\\\/\\\/www.webdo.tn\\\/fr\\\/actualite\\\/national\\\/tunisie-hausse-de-24-5-du-trafic-aerien-via-les-aeroports-tunisiens\\\/210237\\\/#primaryimage\"},\"image\":{\"@id\":\"https:\\\/\\\/www.webdo.tn\\\/fr\\\/actualite\\\/national\\\/tunisie-hausse-de-24-5-du-trafic-aerien-via-les-aeroports-tunisiens\\\/210237\\\/#primaryimage\"},\"thumbnailUrl\":\"https:\\\/\\\/www.webdo.tn\\\/fr\\\/wp-content\\\/uploads\\\/2023\\\/11\\\/b704f53334a5eca22578c0a3d357a907.jpg\",\"datePublished\":\"2023-11-20T13:49:00+00:00\",\"dateModified\":\"2025-05-20T22:10:45+00:00\",\"description\":\"Selon les statistiques de l\u2019Office de l\u2019aviation civile et des a\u00e9roports (OACA), publi\u00e9es ce lundi 20 novembre 7.611.650 mouvements passagers ont \u00e9t\u00e9 enregist...\",\"breadcrumb\":{\"@id\":\"https:\\\/\\\/www.webdo.tn\\\/fr\\\/actualite\\\/national\\\/tunisie-hausse-de-24-5-du-trafic-aerien-via-les-aeroports-tunisiens\\\/210237\\\/#breadcrumb\"},\"inLanguage\":\"fr-FR\",\"potentialAction\":[{\"@type\":\"ReadAction\",\"target\":[\"https:\\\/\\\/www.webdo.tn\\\/fr\\\/actualite\\\/national\\\/tunisie-hausse-de-24-5-du-trafic-aerien-via-les-aeroports-tunisiens\\\/210237\\\/\"]}]},{\"@type\":\"ImageObject\",\"inLanguage\":\"fr-FR\",\"@id\":\"https:\\\/\\\/www.webdo.tn\\\/fr\\\/actualite\\\/national\\\/tunisie-hausse-de-24-5-du-trafic-aerien-via-les-aeroports-tunisiens\\\/210237\\\/#primaryimage\",\"url\":\"https:\\\/\\\/www.webdo.tn\\\/fr\\\/wp-content\\\/uploads\\\/2023\\\/11\\\/b704f53334a5eca22578c0a3d357a907.jpg\",\"contentUrl\":\"https:\\\/\\\/www.webdo.tn\\\/fr\\\/wp-content\\\/uploads\\\/2023\\\/11\\\/b704f53334a5eca22578c0a3d357a907.jpg\",\"width\":750,\"height\":400,\"caption\":\"Tunisie : Hausse de 24,5% du trafic a\u00e9rien via les a\u00e9roports tunisiens\"},{\"@type\":\"BreadcrumbList\",\"@id\":\"https:\\\/\\\/www.webdo.tn\\\/fr\\\/actualite\\\/national\\\/tunisie-hausse-de-24-5-du-trafic-aerien-via-les-aeroports-tunisiens\\\/210237\\\/#breadcrumb\",\"itemListElement\":[{\"@type\":\"ListItem\",\"position\":1,\"name\":\"Accueil\",\"item\":\"https:\\\/\\\/www.webdo.tn\\\/fr\\\/\"},{\"@type\":\"ListItem\",\"position\":2,\"name\":\"Tunisie : Hausse de 24,5% du trafic a\u00e9rien via les a\u00e9roports tunisiens\"}]},{\"@type\":\"WebSite\",\"@id\":\"https:\\\/\\\/www.webdo.tn\\\/fr\\\/#website\",\"url\":\"https:\\\/\\\/www.webdo.tn\\\/fr\\\/\",\"name\":\"webdo\",\"description\":\"Tunisie - News en Tunisie et \u00e0 l&#039;international sur Webdo.tn\",\"publisher\":{\"@id\":\"https:\\\/\\\/www.webdo.tn\\\/fr\\\/#organization\"},\"potentialAction\":[{\"@type\":\"SearchAction\",\"target\":{\"@type\":\"EntryPoint\",\"urlTemplate\":\"https:\\\/\\\/www.webdo.tn\\\/fr\\\/?s={search_term_string}\"},\"query-input\":{\"@type\":\"PropertyValueSpecification\",\"valueRequired\":true,\"valueName\":\"search_term_string\"}}],\"inLanguage\":\"fr-FR\"},{\"@type\":\"Organization\",\"@id\":\"https:\\\/\\\/www.webdo.tn\\\/fr\\\/#organization\",\"name\":\"Webdo\",\"alternateName\":\"Webdo.tn\",\"url\":\"https:\\\/\\\/www.webdo.tn\\\/fr\\\/\",\"logo\":{\"@type\":\"ImageObject\",\"inLanguage\":\"fr-FR\",\"@id\":\"https:\\\/\\\/www.webdo.tn\\\/fr\\\/#\\\/schema\\\/logo\\\/image\\\/\",\"url\":\"https:\\\/\\\/www.webdo.tn\\\/fr\\\/wp-content\\\/uploads\\\/2025\\\/06\\\/Webdo-Tunisie_168377.jpg\",\"contentUrl\":\"https:\\\/\\\/www.webdo.tn\\\/fr\\\/wp-content\\\/uploads\\\/2025\\\/06\\\/Webdo-Tunisie_168377.jpg\",\"width\":301,\"height\":301,\"caption\":\"Webdo\"},\"image\":{\"@id\":\"https:\\\/\\\/www.webdo.tn\\\/fr\\\/#\\\/schema\\\/logo\\\/image\\\/\"},\"sameAs\":[\"https:\\\/\\\/www.facebook.com\\\/webdotn\",\"https:\\\/\\\/x.com\\\/webdo_tn\"],\"description\":\"Webdo est un m\u00e9dia num\u00e9rique tunisien fond\u00e9 en 2010, sp\u00e9cialis\u00e9 dans l\u2019actualit\u00e9 nationale et internationale, l\u2019\u00e9conomie, la soci\u00e9t\u00e9 et les analyses politiques. Le site s\u2019adresse \u00e0 un large public francophone et couvre l\u2019information tunisienne en temps r\u00e9el.\",\"email\":\"redac@webdo.tn\",\"legalName\":\"YNJ SARL\",\"foundingDate\":\"2010-09-06\",\"numberOfEmployees\":{\"@type\":\"QuantitativeValue\",\"minValue\":\"11\",\"maxValue\":\"50\"}},{\"@type\":\"Person\",\"@id\":\"https:\\\/\\\/www.webdo.tn\\\/fr\\\/#\\\/schema\\\/person\\\/2c4929cbf5a809e3bd38617c6ce150f6\",\"name\":\"MC\",\"image\":{\"@type\":\"ImageObject\",\"inLanguage\":\"fr-FR\",\"@id\":\"https:\\\/\\\/secure.gravatar.com\\\/avatar\\\/a545bbb6f84efdd5553dbbc2895e3ca8f1d12c5215e00a041c9670b54aa9b18a?s=96&d=mm&r=g\",\"url\":\"https:\\\/\\\/secure.gravatar.com\\\/avatar\\\/a545bbb6f84efdd5553dbbc2895e3ca8f1d12c5215e00a041c9670b54aa9b18a?s=96&d=mm&r=g\",\"contentUrl\":\"https:\\\/\\\/secure.gravatar.com\\\/avatar\\\/a545bbb6f84efdd5553dbbc2895e3ca8f1d12c5215e00a041c9670b54aa9b18a?s=96&d=mm&r=g\",\"caption\":\"MC\"},\"url\":\"https:\\\/\\\/www.webdo.tn\\\/fr\\\/actualite\\\/author\\\/mc\\\/\"}]}<\/script>\n<!-- \/ Yoast SEO Premium plugin. -->","yoast_head_json":{"title":"Tunisie : Hausse de 24,5% du trafic a\u00e9rien via les a\u00e9roports tunisiens","description":"Selon les statistiques de l\u2019Office de l\u2019aviation civile et des a\u00e9roports (OACA), publi\u00e9es ce lundi 20 novembre 7.611.650 mouvements passagers ont \u00e9t\u00e9 enregist...","canonical":"https:\/\/www.webdo.tn\/fr\/actualite\/national\/tunisie-hausse-de-24-5-du-trafic-aerien-via-les-aeroports-tunisiens\/210237\/","og_locale":"fr_FR","og_type":"article","og_title":"Tunisie : Hausse de 24,5% du trafic a\u00e9rien via les a\u00e9roports tunisiens","og_description":"Selon les statistiques de l\u2019Office de l\u2019aviation civile et des a\u00e9roports (OACA), publi\u00e9es ce lundi 20 novembre 7.611.650 mouvements passagers ont \u00e9t\u00e9 enregist...","og_url":"https:\/\/www.webdo.tn\/fr\/actualite\/national\/tunisie-hausse-de-24-5-du-trafic-aerien-via-les-aeroports-tunisiens\/210237\/","og_site_name":"webdo","article_publisher":"https:\/\/www.facebook.com\/webdotn","article_published_time":"2023-11-20T13:49:00+00:00","article_modified_time":"2025-05-20T22:10:45+00:00","og_image":[{"width":750,"height":400,"url":"https:\/\/www.webdo.tn\/fr\/wp-content\/uploads\/2023\/11\/b704f53334a5eca22578c0a3d357a907.jpg","type":"image\/jpeg"}],"author":"MC","twitter_card":"summary_large_image","twitter_creator":"@webdo_tn","twitter_site":"@webdo_tn","twitter_misc":{"\u00c9crit par":"MC","Dur\u00e9e de lecture estim\u00e9e":"1 minute"},"schema":{"@context":"https:\/\/schema.org","@graph":[{"@type":"NewsArticle","@id":"https:\/\/www.webdo.tn\/fr\/actualite\/national\/tunisie-hausse-de-24-5-du-trafic-aerien-via-les-aeroports-tunisiens\/210237\/#article","isPartOf":{"@id":"https:\/\/www.webdo.tn\/fr\/actualite\/national\/tunisie-hausse-de-24-5-du-trafic-aerien-via-les-aeroports-tunisiens\/210237\/"},"author":{"name":"MC","@id":"https:\/\/www.webdo.tn\/fr\/#\/schema\/person\/2c4929cbf5a809e3bd38617c6ce150f6"},"headline":"Tunisie : Hausse de 24,5% du trafic a\u00e9rien via les a\u00e9roports tunisiens","datePublished":"2023-11-20T13:49:00+00:00","dateModified":"2025-05-20T22:10:45+00:00","mainEntityOfPage":{"@id":"https:\/\/www.webdo.tn\/fr\/actualite\/national\/tunisie-hausse-de-24-5-du-trafic-aerien-via-les-aeroports-tunisiens\/210237\/"},"wordCount":226,"commentCount":0,"publisher":{"@id":"https:\/\/www.webdo.tn\/fr\/#organization"},"image":{"@id":"https:\/\/www.webdo.tn\/fr\/actualite\/national\/tunisie-hausse-de-24-5-du-trafic-aerien-via-les-aeroports-tunisiens\/210237\/#primaryimage"},"thumbnailUrl":"https:\/\/www.webdo.tn\/fr\/wp-content\/uploads\/2023\/11\/b704f53334a5eca22578c0a3d357a907.jpg","keywords":["a\u00e9roport","passagers","trafic"],"articleSection":["National"],"inLanguage":"fr-FR"},{"@type":"WebPage","@id":"https:\/\/www.webdo.tn\/fr\/actualite\/national\/tunisie-hausse-de-24-5-du-trafic-aerien-via-les-aeroports-tunisiens\/210237\/","url":"https:\/\/www.webdo.tn\/fr\/actualite\/national\/tunisie-hausse-de-24-5-du-trafic-aerien-via-les-aeroports-tunisiens\/210237\/","name":"Tunisie : Hausse de 24,5% du trafic a\u00e9rien via les a\u00e9roports tunisiens","isPartOf":{"@id":"https:\/\/www.webdo.tn\/fr\/#website"},"primaryImageOfPage":{"@id":"https:\/\/www.webdo.tn\/fr\/actualite\/national\/tunisie-hausse-de-24-5-du-trafic-aerien-via-les-aeroports-tunisiens\/210237\/#primaryimage"},"image":{"@id":"https:\/\/www.webdo.tn\/fr\/actualite\/national\/tunisie-hausse-de-24-5-du-trafic-aerien-via-les-aeroports-tunisiens\/210237\/#primaryimage"},"thumbnailUrl":"https:\/\/www.webdo.tn\/fr\/wp-content\/uploads\/2023\/11\/b704f53334a5eca22578c0a3d357a907.jpg","datePublished":"2023-11-20T13:49:00+00:00","dateModified":"2025-05-20T22:10:45+00:00","description":"Selon les statistiques de l\u2019Office de l\u2019aviation civile et des a\u00e9roports (OACA), publi\u00e9es ce lundi 20 novembre 7.611.650 mouvements passagers ont \u00e9t\u00e9 enregist...","breadcrumb":{"@id":"https:\/\/www.webdo.tn\/fr\/actualite\/national\/tunisie-hausse-de-24-5-du-trafic-aerien-via-les-aeroports-tunisiens\/210237\/#breadcrumb"},"inLanguage":"fr-FR","potentialAction":[{"@type":"ReadAction","target":["https:\/\/www.webdo.tn\/fr\/actualite\/national\/tunisie-hausse-de-24-5-du-trafic-aerien-via-les-aeroports-tunisiens\/210237\/"]}]},{"@type":"ImageObject","inLanguage":"fr-FR","@id":"https:\/\/www.webdo.tn\/fr\/actualite\/national\/tunisie-hausse-de-24-5-du-trafic-aerien-via-les-aeroports-tunisiens\/210237\/#primaryimage","url":"https:\/\/www.webdo.tn\/fr\/wp-content\/uploads\/2023\/11\/b704f53334a5eca22578c0a3d357a907.jpg","contentUrl":"https:\/\/www.webdo.tn\/fr\/wp-content\/uploads\/2023\/11\/b704f53334a5eca22578c0a3d357a907.jpg","width":750,"height":400,"caption":"Tunisie : Hausse de 24,5% du trafic a\u00e9rien via les a\u00e9roports tunisiens"},{"@type":"BreadcrumbList","@id":"https:\/\/www.webdo.tn\/fr\/actualite\/national\/tunisie-hausse-de-24-5-du-trafic-aerien-via-les-aeroports-tunisiens\/210237\/#breadcrumb","itemListElement":[{"@type":"ListItem","position":1,"name":"Accueil","item":"https:\/\/www.webdo.tn\/fr\/"},{"@type":"ListItem","position":2,"name":"Tunisie : Hausse de 24,5% du trafic a\u00e9rien via les a\u00e9roports tunisiens"}]},{"@type":"WebSite","@id":"https:\/\/www.webdo.tn\/fr\/#website","url":"https:\/\/www.webdo.tn\/fr\/","name":"webdo","description":"Tunisie - News en Tunisie et \u00e0 l&#039;international sur Webdo.tn","publisher":{"@id":"https:\/\/www.webdo.tn\/fr\/#organization"},"potentialAction":[{"@type":"SearchAction","target":{"@type":"EntryPoint","urlTemplate":"https:\/\/www.webdo.tn\/fr\/?s={search_term_string}"},"query-input":{"@type":"PropertyValueSpecification","valueRequired":true,"valueName":"search_term_string"}}],"inLanguage":"fr-FR"},{"@type":"Organization","@id":"https:\/\/www.webdo.tn\/fr\/#organization","name":"Webdo","alternateName":"Webdo.tn","url":"https:\/\/www.webdo.tn\/fr\/","logo":{"@type":"ImageObject","inLanguage":"fr-FR","@id":"https:\/\/www.webdo.tn\/fr\/#\/schema\/logo\/image\/","url":"https:\/\/www.webdo.tn\/fr\/wp-content\/uploads\/2025\/06\/Webdo-Tunisie_168377.jpg","contentUrl":"https:\/\/www.webdo.tn\/fr\/wp-content\/uploads\/2025\/06\/Webdo-Tunisie_168377.jpg","width":301,"height":301,"caption":"Webdo"},"image":{"@id":"https:\/\/www.webdo.tn\/fr\/#\/schema\/logo\/image\/"},"sameAs":["https:\/\/www.facebook.com\/webdotn","https:\/\/x.com\/webdo_tn"],"description":"Webdo est un m\u00e9dia num\u00e9rique tunisien fond\u00e9 en 2010, sp\u00e9cialis\u00e9 dans l\u2019actualit\u00e9 nationale et internationale, l\u2019\u00e9conomie, la soci\u00e9t\u00e9 et les analyses politiques. Le site s\u2019adresse \u00e0 un large public francophone et couvre l\u2019information tunisienne en temps r\u00e9el.","email":"redac@webdo.tn","legalName":"YNJ SARL","foundingDate":"2010-09-06","numberOfEmployees":{"@type":"QuantitativeValue","minValue":"11","maxValue":"50"}},{"@type":"Person","@id":"https:\/\/www.webdo.tn\/fr\/#\/schema\/person\/2c4929cbf5a809e3bd38617c6ce150f6","name":"MC","image":{"@type":"ImageObject","inLanguage":"fr-FR","@id":"https:\/\/secure.gravatar.com\/avatar\/a545bbb6f84efdd5553dbbc2895e3ca8f1d12c5215e00a041c9670b54aa9b18a?s=96&d=mm&r=g","url":"https:\/\/secure.gravatar.com\/avatar\/a545bbb6f84efdd5553dbbc2895e3ca8f1d12c5215e00a041c9670b54aa9b18a?s=96&d=mm&r=g","contentUrl":"https:\/\/secure.gravatar.com\/avatar\/a545bbb6f84efdd5553dbbc2895e3ca8f1d12c5215e00a041c9670b54aa9b18a?s=96&d=mm&r=g","caption":"MC"},"url":"https:\/\/www.webdo.tn\/fr\/actualite\/author\/mc\/"}]}},"_links":{"self":[{"href":"https:\/\/www.webdo.tn\/fr\/wp-json\/wp\/v2\/posts\/210237","targetHints":{"allow":["GET"]}}],"collection":[{"href":"https:\/\/www.webdo.tn\/fr\/wp-json\/wp\/v2\/posts"}],"about":[{"href":"https:\/\/www.webdo.tn\/fr\/wp-json\/wp\/v2\/types\/post"}],"author":[{"embeddable":true,"href":"https:\/\/www.webdo.tn\/fr\/wp-json\/wp\/v2\/users\/3162"}],"replies":[{"embeddable":true,"href":"https:\/\/www.webdo.tn\/fr\/wp-json\/wp\/v2\/comments?post=210237"}],"version-history":[{"count":0,"href":"https:\/\/www.webdo.tn\/fr\/wp-json\/wp\/v2\/posts\/210237\/revisions"}],"wp:featuredmedia":[{"embeddable":true,"href":"https:\/\/www.webdo.tn\/fr\/wp-json\/wp\/v2\/media\/289887"}],"wp:attachment":[{"href":"https:\/\/www.webdo.tn\/fr\/wp-json\/wp\/v2\/media?parent=210237"}],"wp:term":[{"taxonomy":"category","embeddable":true,"href":"https:\/\/www.webdo.tn\/fr\/wp-json\/wp\/v2\/categories?post=210237"},{"taxonomy":"post_tag","embeddable":true,"href":"https:\/\/www.webdo.tn\/fr\/wp-json\/wp\/v2\/tags?post=210237"}],"curies":[{"name":"wp","href":"https:\/\/api.w.org\/{rel}","templated":true}]}}