{"id":210223,"date":"2023-11-19T16:22:00","date_gmt":"2023-11-19T16:22:00","guid":{"rendered":"https:\/\/www.webdo.tn\/fr\/blog\/un-cargo-israelien-pris-d-assaut-par-les-houthis\/210223\/"},"modified":"2025-05-20T21:55:38","modified_gmt":"2025-05-20T21:55:38","slug":"un-cargo-israelien-pris-d-assaut-par-les-houthis","status":"publish","type":"post","link":"https:\/\/www.webdo.tn\/fr\/actualite\/international\/un-cargo-israelien-pris-d-assaut-par-les-houthis\/210223\/","title":{"rendered":"Un cargo isra\u00e9lien pris d&rsquo;assaut par les Houthis"},"content":{"rendered":"<p>Le m\u00e9dia saoudien Al Hadath  a annonc\u00e9 que des Houthis se sont empar\u00e9s, ce dimanche 19 novembre 2023 du cargo isra\u00e9lien \u00ab\u00a0Galaxy Leader\u00a0\u00bb dans le golfe d\u2019Aden.<\/p>\n<p>\t\t\t\t\t\t\t\t\tAl HJadath rapporte que des Houthis auraient pris d\u2019assaut un cargo isra\u00e9lien, le \u201dGalaxy Leader\u201d, en Mer Rouge \u00e0 bord duquel cargo se trouvent 52 membres d\u2019\u00e9quipage.<\/p>\n<p>Le navire appartient \u00e0 un Isra\u00e9lien, Ramy Unger et bat le pavillon des Bahamas. Il \u00e9tait en provenance de Port Sa\u00efd en Egypte.<\/p>\n<p>Plus t\u00f4t dans la journ\u00e9e, les Houthis avaient r\u00e9it\u00e9r\u00e9 leur menace d\u2019attaquer des navires isra\u00e9liens en Mer Rouge.<\/p>\n","protected":false},"excerpt":{"rendered":"<p>D\u2019apr\u00e8s Al Hadath, les Houthis auraient pris d\u2019assaut un cargo isra\u00e9lien, le \u201dGalaxy Leader\u201d, en Mer Rouge.<\/p>\n","protected":false},"author":3162,"featured_media":248757,"comment_status":"open","ping_status":"closed","sticky":false,"template":"","format":"standard","meta":{"footnotes":""},"categories":[2598],"tags":[7502,2689,2638,2636],"class_list":["post-210223","post","type-post","status-publish","format-standard","has-post-thumbnail","hentry","category-international","tag-cargo","tag-gaza","tag-houthis","tag-israel"],"yoast_head":"<!-- This site is optimized with the Yoast SEO Premium plugin v27.5 (Yoast SEO v27.5) - https:\/\/yoast.com\/product\/yoast-seo-premium-wordpress\/ -->\n<title>Un cargo isra\u00e9lien pris d&#039;assaut par les Houthis<\/title>\n<meta name=\"description\" content=\"D\u2019apr\u00e8s Al Hadath, les Houthis auraient pris d\u2019assaut un cargo isra\u00e9lien, le \u201dGalaxy Leader\u201d, en Mer Rouge.\" \/>\n<link rel=\"canonical\" href=\"https:\/\/www.webdo.tn\/fr\/actualite\/international\/un-cargo-israelien-pris-d-assaut-par-les-houthis\/210223\/\" \/>\n<meta property=\"og:locale\" content=\"fr_FR\" \/>\n<meta property=\"og:type\" content=\"article\" \/>\n<meta property=\"og:title\" content=\"Un cargo isra\u00e9lien pris d&#039;assaut par les Houthis\" \/>\n<meta property=\"og:description\" content=\"D\u2019apr\u00e8s Al Hadath, les Houthis auraient pris d\u2019assaut un cargo isra\u00e9lien, le \u201dGalaxy Leader\u201d, en Mer Rouge.\" \/>\n<meta property=\"og:url\" content=\"https:\/\/www.webdo.tn\/fr\/actualite\/international\/un-cargo-israelien-pris-d-assaut-par-les-houthis\/210223\/\" \/>\n<meta property=\"og:site_name\" content=\"webdo\" \/>\n<meta property=\"article:publisher\" content=\"https:\/\/www.facebook.com\/webdotn\" \/>\n<meta property=\"article:published_time\" content=\"2023-11-19T16:22:00+00:00\" \/>\n<meta property=\"article:modified_time\" content=\"2025-05-20T21:55:38+00:00\" \/>\n<meta property=\"og:image\" content=\"https:\/\/www.webdo.tn\/fr\/wp-content\/uploads\/2023\/11\/06fbcfd887bf9b33e128c0b734a2bcb4.jpg\" \/>\n\t<meta property=\"og:image:width\" content=\"750\" \/>\n\t<meta property=\"og:image:height\" content=\"400\" \/>\n\t<meta property=\"og:image:type\" content=\"image\/jpeg\" \/>\n<meta name=\"author\" content=\"MC\" \/>\n<meta name=\"twitter:card\" content=\"summary_large_image\" \/>\n<meta name=\"twitter:creator\" content=\"@webdo_tn\" \/>\n<meta name=\"twitter:site\" content=\"@webdo_tn\" \/>\n<meta name=\"twitter:label1\" content=\"\u00c9crit par\" \/>\n\t<meta name=\"twitter:data1\" content=\"MC\" \/>\n\t<meta name=\"twitter:label2\" content=\"Dur\u00e9e de lecture estim\u00e9e\" \/>\n\t<meta name=\"twitter:data2\" content=\"1 minute\" \/>\n<script type=\"application\/ld+json\" class=\"yoast-schema-graph\">{\"@context\":\"https:\\\/\\\/schema.org\",\"@graph\":[{\"@type\":\"NewsArticle\",\"@id\":\"https:\\\/\\\/www.webdo.tn\\\/fr\\\/actualite\\\/international\\\/un-cargo-israelien-pris-d-assaut-par-les-houthis\\\/210223\\\/#article\",\"isPartOf\":{\"@id\":\"https:\\\/\\\/www.webdo.tn\\\/fr\\\/actualite\\\/international\\\/un-cargo-israelien-pris-d-assaut-par-les-houthis\\\/210223\\\/\"},\"author\":{\"name\":\"MC\",\"@id\":\"https:\\\/\\\/www.webdo.tn\\\/fr\\\/#\\\/schema\\\/person\\\/2c4929cbf5a809e3bd38617c6ce150f6\"},\"headline\":\"Un cargo isra\u00e9lien pris d&rsquo;assaut par les Houthis\",\"datePublished\":\"2023-11-19T16:22:00+00:00\",\"dateModified\":\"2025-05-20T21:55:38+00:00\",\"mainEntityOfPage\":{\"@id\":\"https:\\\/\\\/www.webdo.tn\\\/fr\\\/actualite\\\/international\\\/un-cargo-israelien-pris-d-assaut-par-les-houthis\\\/210223\\\/\"},\"wordCount\":115,\"commentCount\":0,\"publisher\":{\"@id\":\"https:\\\/\\\/www.webdo.tn\\\/fr\\\/#organization\"},\"image\":{\"@id\":\"https:\\\/\\\/www.webdo.tn\\\/fr\\\/actualite\\\/international\\\/un-cargo-israelien-pris-d-assaut-par-les-houthis\\\/210223\\\/#primaryimage\"},\"thumbnailUrl\":\"https:\\\/\\\/www.webdo.tn\\\/fr\\\/wp-content\\\/uploads\\\/2023\\\/11\\\/06fbcfd887bf9b33e128c0b734a2bcb4.jpg\",\"keywords\":[\"cargo\",\"Gaza\",\"houthis\",\"isra\u00ebl\"],\"articleSection\":[\"International\"],\"inLanguage\":\"fr-FR\"},{\"@type\":\"WebPage\",\"@id\":\"https:\\\/\\\/www.webdo.tn\\\/fr\\\/actualite\\\/international\\\/un-cargo-israelien-pris-d-assaut-par-les-houthis\\\/210223\\\/\",\"url\":\"https:\\\/\\\/www.webdo.tn\\\/fr\\\/actualite\\\/international\\\/un-cargo-israelien-pris-d-assaut-par-les-houthis\\\/210223\\\/\",\"name\":\"Un cargo isra\u00e9lien pris d'assaut par les Houthis\",\"isPartOf\":{\"@id\":\"https:\\\/\\\/www.webdo.tn\\\/fr\\\/#website\"},\"primaryImageOfPage\":{\"@id\":\"https:\\\/\\\/www.webdo.tn\\\/fr\\\/actualite\\\/international\\\/un-cargo-israelien-pris-d-assaut-par-les-houthis\\\/210223\\\/#primaryimage\"},\"image\":{\"@id\":\"https:\\\/\\\/www.webdo.tn\\\/fr\\\/actualite\\\/international\\\/un-cargo-israelien-pris-d-assaut-par-les-houthis\\\/210223\\\/#primaryimage\"},\"thumbnailUrl\":\"https:\\\/\\\/www.webdo.tn\\\/fr\\\/wp-content\\\/uploads\\\/2023\\\/11\\\/06fbcfd887bf9b33e128c0b734a2bcb4.jpg\",\"datePublished\":\"2023-11-19T16:22:00+00:00\",\"dateModified\":\"2025-05-20T21:55:38+00:00\",\"description\":\"D\u2019apr\u00e8s Al Hadath, les Houthis auraient pris d\u2019assaut un cargo isra\u00e9lien, le \u201dGalaxy Leader\u201d, en Mer Rouge.\",\"breadcrumb\":{\"@id\":\"https:\\\/\\\/www.webdo.tn\\\/fr\\\/actualite\\\/international\\\/un-cargo-israelien-pris-d-assaut-par-les-houthis\\\/210223\\\/#breadcrumb\"},\"inLanguage\":\"fr-FR\",\"potentialAction\":[{\"@type\":\"ReadAction\",\"target\":[\"https:\\\/\\\/www.webdo.tn\\\/fr\\\/actualite\\\/international\\\/un-cargo-israelien-pris-d-assaut-par-les-houthis\\\/210223\\\/\"]}]},{\"@type\":\"ImageObject\",\"inLanguage\":\"fr-FR\",\"@id\":\"https:\\\/\\\/www.webdo.tn\\\/fr\\\/actualite\\\/international\\\/un-cargo-israelien-pris-d-assaut-par-les-houthis\\\/210223\\\/#primaryimage\",\"url\":\"https:\\\/\\\/www.webdo.tn\\\/fr\\\/wp-content\\\/uploads\\\/2023\\\/11\\\/06fbcfd887bf9b33e128c0b734a2bcb4.jpg\",\"contentUrl\":\"https:\\\/\\\/www.webdo.tn\\\/fr\\\/wp-content\\\/uploads\\\/2023\\\/11\\\/06fbcfd887bf9b33e128c0b734a2bcb4.jpg\",\"width\":750,\"height\":400,\"caption\":\"Un cargo isra\u00e9lien pris d'assaut par les Houthis\"},{\"@type\":\"BreadcrumbList\",\"@id\":\"https:\\\/\\\/www.webdo.tn\\\/fr\\\/actualite\\\/international\\\/un-cargo-israelien-pris-d-assaut-par-les-houthis\\\/210223\\\/#breadcrumb\",\"itemListElement\":[{\"@type\":\"ListItem\",\"position\":1,\"name\":\"Accueil\",\"item\":\"https:\\\/\\\/www.webdo.tn\\\/fr\\\/\"},{\"@type\":\"ListItem\",\"position\":2,\"name\":\"Un cargo isra\u00e9lien pris d&rsquo;assaut par les Houthis\"}]},{\"@type\":\"WebSite\",\"@id\":\"https:\\\/\\\/www.webdo.tn\\\/fr\\\/#website\",\"url\":\"https:\\\/\\\/www.webdo.tn\\\/fr\\\/\",\"name\":\"webdo\",\"description\":\"Tunisie - News en Tunisie et \u00e0 l&#039;international sur Webdo.tn\",\"publisher\":{\"@id\":\"https:\\\/\\\/www.webdo.tn\\\/fr\\\/#organization\"},\"potentialAction\":[{\"@type\":\"SearchAction\",\"target\":{\"@type\":\"EntryPoint\",\"urlTemplate\":\"https:\\\/\\\/www.webdo.tn\\\/fr\\\/?s={search_term_string}\"},\"query-input\":{\"@type\":\"PropertyValueSpecification\",\"valueRequired\":true,\"valueName\":\"search_term_string\"}}],\"inLanguage\":\"fr-FR\"},{\"@type\":\"Organization\",\"@id\":\"https:\\\/\\\/www.webdo.tn\\\/fr\\\/#organization\",\"name\":\"Webdo\",\"alternateName\":\"Webdo.tn\",\"url\":\"https:\\\/\\\/www.webdo.tn\\\/fr\\\/\",\"logo\":{\"@type\":\"ImageObject\",\"inLanguage\":\"fr-FR\",\"@id\":\"https:\\\/\\\/www.webdo.tn\\\/fr\\\/#\\\/schema\\\/logo\\\/image\\\/\",\"url\":\"https:\\\/\\\/www.webdo.tn\\\/fr\\\/wp-content\\\/uploads\\\/2025\\\/06\\\/Webdo-Tunisie_168377.jpg\",\"contentUrl\":\"https:\\\/\\\/www.webdo.tn\\\/fr\\\/wp-content\\\/uploads\\\/2025\\\/06\\\/Webdo-Tunisie_168377.jpg\",\"width\":301,\"height\":301,\"caption\":\"Webdo\"},\"image\":{\"@id\":\"https:\\\/\\\/www.webdo.tn\\\/fr\\\/#\\\/schema\\\/logo\\\/image\\\/\"},\"sameAs\":[\"https:\\\/\\\/www.facebook.com\\\/webdotn\",\"https:\\\/\\\/x.com\\\/webdo_tn\"],\"description\":\"Webdo est un m\u00e9dia num\u00e9rique tunisien fond\u00e9 en 2010, sp\u00e9cialis\u00e9 dans l\u2019actualit\u00e9 nationale et internationale, l\u2019\u00e9conomie, la soci\u00e9t\u00e9 et les analyses politiques. Le site s\u2019adresse \u00e0 un large public francophone et couvre l\u2019information tunisienne en temps r\u00e9el.\",\"email\":\"redac@webdo.tn\",\"legalName\":\"YNJ SARL\",\"foundingDate\":\"2010-09-06\",\"numberOfEmployees\":{\"@type\":\"QuantitativeValue\",\"minValue\":\"11\",\"maxValue\":\"50\"}},{\"@type\":\"Person\",\"@id\":\"https:\\\/\\\/www.webdo.tn\\\/fr\\\/#\\\/schema\\\/person\\\/2c4929cbf5a809e3bd38617c6ce150f6\",\"name\":\"MC\",\"image\":{\"@type\":\"ImageObject\",\"inLanguage\":\"fr-FR\",\"@id\":\"https:\\\/\\\/secure.gravatar.com\\\/avatar\\\/a545bbb6f84efdd5553dbbc2895e3ca8f1d12c5215e00a041c9670b54aa9b18a?s=96&d=mm&r=g\",\"url\":\"https:\\\/\\\/secure.gravatar.com\\\/avatar\\\/a545bbb6f84efdd5553dbbc2895e3ca8f1d12c5215e00a041c9670b54aa9b18a?s=96&d=mm&r=g\",\"contentUrl\":\"https:\\\/\\\/secure.gravatar.com\\\/avatar\\\/a545bbb6f84efdd5553dbbc2895e3ca8f1d12c5215e00a041c9670b54aa9b18a?s=96&d=mm&r=g\",\"caption\":\"MC\"},\"url\":\"https:\\\/\\\/www.webdo.tn\\\/fr\\\/actualite\\\/author\\\/mc\\\/\"}]}<\/script>\n<!-- \/ Yoast SEO Premium plugin. -->","yoast_head_json":{"title":"Un cargo isra\u00e9lien pris d'assaut par les Houthis","description":"D\u2019apr\u00e8s Al Hadath, les Houthis auraient pris d\u2019assaut un cargo isra\u00e9lien, le \u201dGalaxy Leader\u201d, en Mer Rouge.","canonical":"https:\/\/www.webdo.tn\/fr\/actualite\/international\/un-cargo-israelien-pris-d-assaut-par-les-houthis\/210223\/","og_locale":"fr_FR","og_type":"article","og_title":"Un cargo isra\u00e9lien pris d'assaut par les Houthis","og_description":"D\u2019apr\u00e8s Al Hadath, les Houthis auraient pris d\u2019assaut un cargo isra\u00e9lien, le \u201dGalaxy Leader\u201d, en Mer Rouge.","og_url":"https:\/\/www.webdo.tn\/fr\/actualite\/international\/un-cargo-israelien-pris-d-assaut-par-les-houthis\/210223\/","og_site_name":"webdo","article_publisher":"https:\/\/www.facebook.com\/webdotn","article_published_time":"2023-11-19T16:22:00+00:00","article_modified_time":"2025-05-20T21:55:38+00:00","og_image":[{"width":750,"height":400,"url":"https:\/\/www.webdo.tn\/fr\/wp-content\/uploads\/2023\/11\/06fbcfd887bf9b33e128c0b734a2bcb4.jpg","type":"image\/jpeg"}],"author":"MC","twitter_card":"summary_large_image","twitter_creator":"@webdo_tn","twitter_site":"@webdo_tn","twitter_misc":{"\u00c9crit par":"MC","Dur\u00e9e de lecture estim\u00e9e":"1 minute"},"schema":{"@context":"https:\/\/schema.org","@graph":[{"@type":"NewsArticle","@id":"https:\/\/www.webdo.tn\/fr\/actualite\/international\/un-cargo-israelien-pris-d-assaut-par-les-houthis\/210223\/#article","isPartOf":{"@id":"https:\/\/www.webdo.tn\/fr\/actualite\/international\/un-cargo-israelien-pris-d-assaut-par-les-houthis\/210223\/"},"author":{"name":"MC","@id":"https:\/\/www.webdo.tn\/fr\/#\/schema\/person\/2c4929cbf5a809e3bd38617c6ce150f6"},"headline":"Un cargo isra\u00e9lien pris d&rsquo;assaut par les Houthis","datePublished":"2023-11-19T16:22:00+00:00","dateModified":"2025-05-20T21:55:38+00:00","mainEntityOfPage":{"@id":"https:\/\/www.webdo.tn\/fr\/actualite\/international\/un-cargo-israelien-pris-d-assaut-par-les-houthis\/210223\/"},"wordCount":115,"commentCount":0,"publisher":{"@id":"https:\/\/www.webdo.tn\/fr\/#organization"},"image":{"@id":"https:\/\/www.webdo.tn\/fr\/actualite\/international\/un-cargo-israelien-pris-d-assaut-par-les-houthis\/210223\/#primaryimage"},"thumbnailUrl":"https:\/\/www.webdo.tn\/fr\/wp-content\/uploads\/2023\/11\/06fbcfd887bf9b33e128c0b734a2bcb4.jpg","keywords":["cargo","Gaza","houthis","isra\u00ebl"],"articleSection":["International"],"inLanguage":"fr-FR"},{"@type":"WebPage","@id":"https:\/\/www.webdo.tn\/fr\/actualite\/international\/un-cargo-israelien-pris-d-assaut-par-les-houthis\/210223\/","url":"https:\/\/www.webdo.tn\/fr\/actualite\/international\/un-cargo-israelien-pris-d-assaut-par-les-houthis\/210223\/","name":"Un cargo isra\u00e9lien pris d'assaut par les Houthis","isPartOf":{"@id":"https:\/\/www.webdo.tn\/fr\/#website"},"primaryImageOfPage":{"@id":"https:\/\/www.webdo.tn\/fr\/actualite\/international\/un-cargo-israelien-pris-d-assaut-par-les-houthis\/210223\/#primaryimage"},"image":{"@id":"https:\/\/www.webdo.tn\/fr\/actualite\/international\/un-cargo-israelien-pris-d-assaut-par-les-houthis\/210223\/#primaryimage"},"thumbnailUrl":"https:\/\/www.webdo.tn\/fr\/wp-content\/uploads\/2023\/11\/06fbcfd887bf9b33e128c0b734a2bcb4.jpg","datePublished":"2023-11-19T16:22:00+00:00","dateModified":"2025-05-20T21:55:38+00:00","description":"D\u2019apr\u00e8s Al Hadath, les Houthis auraient pris d\u2019assaut un cargo isra\u00e9lien, le \u201dGalaxy Leader\u201d, en Mer Rouge.","breadcrumb":{"@id":"https:\/\/www.webdo.tn\/fr\/actualite\/international\/un-cargo-israelien-pris-d-assaut-par-les-houthis\/210223\/#breadcrumb"},"inLanguage":"fr-FR","potentialAction":[{"@type":"ReadAction","target":["https:\/\/www.webdo.tn\/fr\/actualite\/international\/un-cargo-israelien-pris-d-assaut-par-les-houthis\/210223\/"]}]},{"@type":"ImageObject","inLanguage":"fr-FR","@id":"https:\/\/www.webdo.tn\/fr\/actualite\/international\/un-cargo-israelien-pris-d-assaut-par-les-houthis\/210223\/#primaryimage","url":"https:\/\/www.webdo.tn\/fr\/wp-content\/uploads\/2023\/11\/06fbcfd887bf9b33e128c0b734a2bcb4.jpg","contentUrl":"https:\/\/www.webdo.tn\/fr\/wp-content\/uploads\/2023\/11\/06fbcfd887bf9b33e128c0b734a2bcb4.jpg","width":750,"height":400,"caption":"Un cargo isra\u00e9lien pris d'assaut par les Houthis"},{"@type":"BreadcrumbList","@id":"https:\/\/www.webdo.tn\/fr\/actualite\/international\/un-cargo-israelien-pris-d-assaut-par-les-houthis\/210223\/#breadcrumb","itemListElement":[{"@type":"ListItem","position":1,"name":"Accueil","item":"https:\/\/www.webdo.tn\/fr\/"},{"@type":"ListItem","position":2,"name":"Un cargo isra\u00e9lien pris d&rsquo;assaut par les Houthis"}]},{"@type":"WebSite","@id":"https:\/\/www.webdo.tn\/fr\/#website","url":"https:\/\/www.webdo.tn\/fr\/","name":"webdo","description":"Tunisie - News en Tunisie et \u00e0 l&#039;international sur Webdo.tn","publisher":{"@id":"https:\/\/www.webdo.tn\/fr\/#organization"},"potentialAction":[{"@type":"SearchAction","target":{"@type":"EntryPoint","urlTemplate":"https:\/\/www.webdo.tn\/fr\/?s={search_term_string}"},"query-input":{"@type":"PropertyValueSpecification","valueRequired":true,"valueName":"search_term_string"}}],"inLanguage":"fr-FR"},{"@type":"Organization","@id":"https:\/\/www.webdo.tn\/fr\/#organization","name":"Webdo","alternateName":"Webdo.tn","url":"https:\/\/www.webdo.tn\/fr\/","logo":{"@type":"ImageObject","inLanguage":"fr-FR","@id":"https:\/\/www.webdo.tn\/fr\/#\/schema\/logo\/image\/","url":"https:\/\/www.webdo.tn\/fr\/wp-content\/uploads\/2025\/06\/Webdo-Tunisie_168377.jpg","contentUrl":"https:\/\/www.webdo.tn\/fr\/wp-content\/uploads\/2025\/06\/Webdo-Tunisie_168377.jpg","width":301,"height":301,"caption":"Webdo"},"image":{"@id":"https:\/\/www.webdo.tn\/fr\/#\/schema\/logo\/image\/"},"sameAs":["https:\/\/www.facebook.com\/webdotn","https:\/\/x.com\/webdo_tn"],"description":"Webdo est un m\u00e9dia num\u00e9rique tunisien fond\u00e9 en 2010, sp\u00e9cialis\u00e9 dans l\u2019actualit\u00e9 nationale et internationale, l\u2019\u00e9conomie, la soci\u00e9t\u00e9 et les analyses politiques. Le site s\u2019adresse \u00e0 un large public francophone et couvre l\u2019information tunisienne en temps r\u00e9el.","email":"redac@webdo.tn","legalName":"YNJ SARL","foundingDate":"2010-09-06","numberOfEmployees":{"@type":"QuantitativeValue","minValue":"11","maxValue":"50"}},{"@type":"Person","@id":"https:\/\/www.webdo.tn\/fr\/#\/schema\/person\/2c4929cbf5a809e3bd38617c6ce150f6","name":"MC","image":{"@type":"ImageObject","inLanguage":"fr-FR","@id":"https:\/\/secure.gravatar.com\/avatar\/a545bbb6f84efdd5553dbbc2895e3ca8f1d12c5215e00a041c9670b54aa9b18a?s=96&d=mm&r=g","url":"https:\/\/secure.gravatar.com\/avatar\/a545bbb6f84efdd5553dbbc2895e3ca8f1d12c5215e00a041c9670b54aa9b18a?s=96&d=mm&r=g","contentUrl":"https:\/\/secure.gravatar.com\/avatar\/a545bbb6f84efdd5553dbbc2895e3ca8f1d12c5215e00a041c9670b54aa9b18a?s=96&d=mm&r=g","caption":"MC"},"url":"https:\/\/www.webdo.tn\/fr\/actualite\/author\/mc\/"}]}},"_links":{"self":[{"href":"https:\/\/www.webdo.tn\/fr\/wp-json\/wp\/v2\/posts\/210223","targetHints":{"allow":["GET"]}}],"collection":[{"href":"https:\/\/www.webdo.tn\/fr\/wp-json\/wp\/v2\/posts"}],"about":[{"href":"https:\/\/www.webdo.tn\/fr\/wp-json\/wp\/v2\/types\/post"}],"author":[{"embeddable":true,"href":"https:\/\/www.webdo.tn\/fr\/wp-json\/wp\/v2\/users\/3162"}],"replies":[{"embeddable":true,"href":"https:\/\/www.webdo.tn\/fr\/wp-json\/wp\/v2\/comments?post=210223"}],"version-history":[{"count":0,"href":"https:\/\/www.webdo.tn\/fr\/wp-json\/wp\/v2\/posts\/210223\/revisions"}],"wp:featuredmedia":[{"embeddable":true,"href":"https:\/\/www.webdo.tn\/fr\/wp-json\/wp\/v2\/media\/248757"}],"wp:attachment":[{"href":"https:\/\/www.webdo.tn\/fr\/wp-json\/wp\/v2\/media?parent=210223"}],"wp:term":[{"taxonomy":"category","embeddable":true,"href":"https:\/\/www.webdo.tn\/fr\/wp-json\/wp\/v2\/categories?post=210223"},{"taxonomy":"post_tag","embeddable":true,"href":"https:\/\/www.webdo.tn\/fr\/wp-json\/wp\/v2\/tags?post=210223"}],"curies":[{"name":"wp","href":"https:\/\/api.w.org\/{rel}","templated":true}]}}