{"id":210219,"date":"2023-11-19T13:30:00","date_gmt":"2023-11-19T13:30:00","guid":{"rendered":"https:\/\/www.webdo.tn\/fr\/blog\/le-hamas-annonce-50-martyrs-dans-une-ecole\/210219\/"},"modified":"2025-05-20T21:55:37","modified_gmt":"2025-05-20T21:55:37","slug":"le-hamas-annonce-50-martyrs-dans-une-ecole","status":"publish","type":"post","link":"https:\/\/www.webdo.tn\/fr\/actualite\/international\/le-hamas-annonce-50-martyrs-dans-une-ecole\/210219\/","title":{"rendered":"Le Hamas annonce 50 martyrs dans une \u00e9cole"},"content":{"rendered":"<p>Le minist\u00e8re de la sant\u00e9 de la bande de Gaza, a fait \u00e9tat de 50 personnes tu\u00e9es samedi dans une frappe sur une \u00e9cole qui abritait des d\u00e9plac\u00e9s dans un camp de r\u00e9fugi\u00e9s de l\u2019ONU situ\u00e9 dans le nord de l\u2019enclave.<\/p>\n<p>\t\t\t\t\t\t\t\t\tCette frappe s\u2019est produite \u00ab \u00e0 l\u2019aube, sur l\u2019\u00e9cole Al-Fakhoura \u00bb, dans le camp de Jabaliya, a assur\u00e9 \u00e0 l\u2019AFP un responsable du minist\u00e8re.<\/p>\n<p>Jabaliya est le plus grand camp de r\u00e9fugi\u00e9s de la bande de Gaza, dont plus de 80% des habitants sont des r\u00e9fugi\u00e9s ou des descendants de r\u00e9fugi\u00e9s, qui avaient quitt\u00e9 leurs maisons en 1948 \u00e0 la cr\u00e9ation de l\u2019Etat d\u2019Isra\u00ebl.<\/p>\n<p>L\u2019agence onusienne charg\u00e9e des r\u00e9fugi\u00e9s palestiniens (Unrwa) g\u00e8re les huit camps du petit territoire. A Jabaliya, l\u2019Unrwa s\u2019occupe de 26 \u00e9coles et deux centres de sant\u00e9.<\/p>\n<p>Le commissaire g\u00e9n\u00e9ral de l\u2019agence des Nations unies pour les r\u00e9fugi\u00e9s palestiniens (Unrwa), Philippe Lazzarini, a d\u00e9nonc\u00e9 samedi sur X les images \u00ab effroyables \u00bb en provenance de l&rsquo;\u00e9cole.<\/p>\n<p>\u00ab Nous recevons des images effroyables de nombreux morts et bless\u00e9s encore une fois dans une \u00e9cole de l\u2019Unrwa abritant des milliers de d\u00e9plac\u00e9s dans le nord de la bande de Gaza \u00bb, a \u00e9crit le directeur de cette agence onusienne.<\/p>\n<p>\u00ab Ces attaques ne doivent pas devenir monnaie courante, elles doivent cesser. Un cessez-le-feu humanitaire ne peut plus attendre \u00bb, a-t-il estim\u00e9.<\/p>\n","protected":false},"excerpt":{"rendered":"<p>Cette frappe s\u2019est produite \u00ab \u00e0 l\u2019aube, sur l\u2019\u00e9cole Al-Fakhoura \u00bb, dans le camp de Jabaliya.<\/p>\n","protected":false},"author":3162,"featured_media":248754,"comment_status":"open","ping_status":"closed","sticky":false,"template":"","format":"standard","meta":{"footnotes":""},"categories":[2598],"tags":[3038,2689,4472],"class_list":["post-210219","post","type-post","status-publish","format-standard","has-post-thumbnail","hentry","category-international","tag-ecole","tag-gaza","tag-martyrs"],"yoast_head":"<!-- This site is optimized with the Yoast SEO Premium plugin v27.4 (Yoast SEO v27.5) - https:\/\/yoast.com\/product\/yoast-seo-premium-wordpress\/ -->\n<title>Le Hamas annonce 50 martyrs dans une \u00e9cole<\/title>\n<meta name=\"description\" content=\"Cette frappe s\u2019est produite \u00ab \u00e0 l\u2019aube, sur l\u2019\u00e9cole Al-Fakhoura \u00bb, dans le camp de Jabaliya.\" \/>\n<link rel=\"canonical\" href=\"https:\/\/www.webdo.tn\/fr\/actualite\/international\/le-hamas-annonce-50-martyrs-dans-une-ecole\/210219\/\" \/>\n<meta property=\"og:locale\" content=\"fr_FR\" \/>\n<meta property=\"og:type\" content=\"article\" \/>\n<meta property=\"og:title\" content=\"Le Hamas annonce 50 martyrs dans une \u00e9cole\" \/>\n<meta property=\"og:description\" content=\"Cette frappe s\u2019est produite \u00ab \u00e0 l\u2019aube, sur l\u2019\u00e9cole Al-Fakhoura \u00bb, dans le camp de Jabaliya.\" \/>\n<meta property=\"og:url\" content=\"https:\/\/www.webdo.tn\/fr\/actualite\/international\/le-hamas-annonce-50-martyrs-dans-une-ecole\/210219\/\" \/>\n<meta property=\"og:site_name\" content=\"webdo\" \/>\n<meta property=\"article:publisher\" content=\"https:\/\/www.facebook.com\/webdotn\" \/>\n<meta property=\"article:published_time\" content=\"2023-11-19T13:30:00+00:00\" \/>\n<meta property=\"article:modified_time\" content=\"2025-05-20T21:55:37+00:00\" \/>\n<meta property=\"og:image\" content=\"https:\/\/www.webdo.tn\/fr\/wp-content\/uploads\/2023\/11\/247a8cb6209b35aeaf8732096e2d70c7.jpg\" \/>\n\t<meta property=\"og:image:width\" content=\"750\" \/>\n\t<meta property=\"og:image:height\" content=\"400\" \/>\n\t<meta property=\"og:image:type\" content=\"image\/jpeg\" \/>\n<meta name=\"author\" content=\"MC\" \/>\n<meta name=\"twitter:card\" content=\"summary_large_image\" \/>\n<meta name=\"twitter:creator\" content=\"@webdo_tn\" \/>\n<meta name=\"twitter:site\" content=\"@webdo_tn\" \/>\n<meta name=\"twitter:label1\" content=\"\u00c9crit par\" \/>\n\t<meta name=\"twitter:data1\" content=\"MC\" \/>\n\t<meta name=\"twitter:label2\" content=\"Dur\u00e9e de lecture estim\u00e9e\" \/>\n\t<meta name=\"twitter:data2\" content=\"1 minute\" \/>\n<script type=\"application\/ld+json\" class=\"yoast-schema-graph\">{\"@context\":\"https:\\\/\\\/schema.org\",\"@graph\":[{\"@type\":\"NewsArticle\",\"@id\":\"https:\\\/\\\/www.webdo.tn\\\/fr\\\/actualite\\\/international\\\/le-hamas-annonce-50-martyrs-dans-une-ecole\\\/210219\\\/#article\",\"isPartOf\":{\"@id\":\"https:\\\/\\\/www.webdo.tn\\\/fr\\\/actualite\\\/international\\\/le-hamas-annonce-50-martyrs-dans-une-ecole\\\/210219\\\/\"},\"author\":{\"name\":\"MC\",\"@id\":\"https:\\\/\\\/www.webdo.tn\\\/fr\\\/#\\\/schema\\\/person\\\/2c4929cbf5a809e3bd38617c6ce150f6\"},\"headline\":\"Le Hamas annonce 50 martyrs dans une \u00e9cole\",\"datePublished\":\"2023-11-19T13:30:00+00:00\",\"dateModified\":\"2025-05-20T21:55:37+00:00\",\"mainEntityOfPage\":{\"@id\":\"https:\\\/\\\/www.webdo.tn\\\/fr\\\/actualite\\\/international\\\/le-hamas-annonce-50-martyrs-dans-une-ecole\\\/210219\\\/\"},\"wordCount\":256,\"commentCount\":0,\"publisher\":{\"@id\":\"https:\\\/\\\/www.webdo.tn\\\/fr\\\/#organization\"},\"image\":{\"@id\":\"https:\\\/\\\/www.webdo.tn\\\/fr\\\/actualite\\\/international\\\/le-hamas-annonce-50-martyrs-dans-une-ecole\\\/210219\\\/#primaryimage\"},\"thumbnailUrl\":\"https:\\\/\\\/www.webdo.tn\\\/fr\\\/wp-content\\\/uploads\\\/2023\\\/11\\\/247a8cb6209b35aeaf8732096e2d70c7.jpg\",\"keywords\":[\"\u00e9cole\",\"Gaza\",\"Martyrs\"],\"articleSection\":[\"International\"],\"inLanguage\":\"fr-FR\"},{\"@type\":\"WebPage\",\"@id\":\"https:\\\/\\\/www.webdo.tn\\\/fr\\\/actualite\\\/international\\\/le-hamas-annonce-50-martyrs-dans-une-ecole\\\/210219\\\/\",\"url\":\"https:\\\/\\\/www.webdo.tn\\\/fr\\\/actualite\\\/international\\\/le-hamas-annonce-50-martyrs-dans-une-ecole\\\/210219\\\/\",\"name\":\"Le Hamas annonce 50 martyrs dans une \u00e9cole\",\"isPartOf\":{\"@id\":\"https:\\\/\\\/www.webdo.tn\\\/fr\\\/#website\"},\"primaryImageOfPage\":{\"@id\":\"https:\\\/\\\/www.webdo.tn\\\/fr\\\/actualite\\\/international\\\/le-hamas-annonce-50-martyrs-dans-une-ecole\\\/210219\\\/#primaryimage\"},\"image\":{\"@id\":\"https:\\\/\\\/www.webdo.tn\\\/fr\\\/actualite\\\/international\\\/le-hamas-annonce-50-martyrs-dans-une-ecole\\\/210219\\\/#primaryimage\"},\"thumbnailUrl\":\"https:\\\/\\\/www.webdo.tn\\\/fr\\\/wp-content\\\/uploads\\\/2023\\\/11\\\/247a8cb6209b35aeaf8732096e2d70c7.jpg\",\"datePublished\":\"2023-11-19T13:30:00+00:00\",\"dateModified\":\"2025-05-20T21:55:37+00:00\",\"description\":\"Cette frappe s\u2019est produite \u00ab \u00e0 l\u2019aube, sur l\u2019\u00e9cole Al-Fakhoura \u00bb, dans le camp de Jabaliya.\",\"breadcrumb\":{\"@id\":\"https:\\\/\\\/www.webdo.tn\\\/fr\\\/actualite\\\/international\\\/le-hamas-annonce-50-martyrs-dans-une-ecole\\\/210219\\\/#breadcrumb\"},\"inLanguage\":\"fr-FR\",\"potentialAction\":[{\"@type\":\"ReadAction\",\"target\":[\"https:\\\/\\\/www.webdo.tn\\\/fr\\\/actualite\\\/international\\\/le-hamas-annonce-50-martyrs-dans-une-ecole\\\/210219\\\/\"]}]},{\"@type\":\"ImageObject\",\"inLanguage\":\"fr-FR\",\"@id\":\"https:\\\/\\\/www.webdo.tn\\\/fr\\\/actualite\\\/international\\\/le-hamas-annonce-50-martyrs-dans-une-ecole\\\/210219\\\/#primaryimage\",\"url\":\"https:\\\/\\\/www.webdo.tn\\\/fr\\\/wp-content\\\/uploads\\\/2023\\\/11\\\/247a8cb6209b35aeaf8732096e2d70c7.jpg\",\"contentUrl\":\"https:\\\/\\\/www.webdo.tn\\\/fr\\\/wp-content\\\/uploads\\\/2023\\\/11\\\/247a8cb6209b35aeaf8732096e2d70c7.jpg\",\"width\":750,\"height\":400,\"caption\":\"Le Hamas annonce 50 martyrs dans une \u00e9cole\"},{\"@type\":\"BreadcrumbList\",\"@id\":\"https:\\\/\\\/www.webdo.tn\\\/fr\\\/actualite\\\/international\\\/le-hamas-annonce-50-martyrs-dans-une-ecole\\\/210219\\\/#breadcrumb\",\"itemListElement\":[{\"@type\":\"ListItem\",\"position\":1,\"name\":\"Accueil\",\"item\":\"https:\\\/\\\/www.webdo.tn\\\/fr\\\/\"},{\"@type\":\"ListItem\",\"position\":2,\"name\":\"Le Hamas annonce 50 martyrs dans une \u00e9cole\"}]},{\"@type\":\"WebSite\",\"@id\":\"https:\\\/\\\/www.webdo.tn\\\/fr\\\/#website\",\"url\":\"https:\\\/\\\/www.webdo.tn\\\/fr\\\/\",\"name\":\"webdo\",\"description\":\"Tunisie - News en Tunisie et \u00e0 l&#039;international sur Webdo.tn\",\"publisher\":{\"@id\":\"https:\\\/\\\/www.webdo.tn\\\/fr\\\/#organization\"},\"potentialAction\":[{\"@type\":\"SearchAction\",\"target\":{\"@type\":\"EntryPoint\",\"urlTemplate\":\"https:\\\/\\\/www.webdo.tn\\\/fr\\\/?s={search_term_string}\"},\"query-input\":{\"@type\":\"PropertyValueSpecification\",\"valueRequired\":true,\"valueName\":\"search_term_string\"}}],\"inLanguage\":\"fr-FR\"},{\"@type\":\"Organization\",\"@id\":\"https:\\\/\\\/www.webdo.tn\\\/fr\\\/#organization\",\"name\":\"Webdo\",\"alternateName\":\"Webdo.tn\",\"url\":\"https:\\\/\\\/www.webdo.tn\\\/fr\\\/\",\"logo\":{\"@type\":\"ImageObject\",\"inLanguage\":\"fr-FR\",\"@id\":\"https:\\\/\\\/www.webdo.tn\\\/fr\\\/#\\\/schema\\\/logo\\\/image\\\/\",\"url\":\"https:\\\/\\\/www.webdo.tn\\\/fr\\\/wp-content\\\/uploads\\\/2025\\\/06\\\/Webdo-Tunisie_168377.jpg\",\"contentUrl\":\"https:\\\/\\\/www.webdo.tn\\\/fr\\\/wp-content\\\/uploads\\\/2025\\\/06\\\/Webdo-Tunisie_168377.jpg\",\"width\":301,\"height\":301,\"caption\":\"Webdo\"},\"image\":{\"@id\":\"https:\\\/\\\/www.webdo.tn\\\/fr\\\/#\\\/schema\\\/logo\\\/image\\\/\"},\"sameAs\":[\"https:\\\/\\\/www.facebook.com\\\/webdotn\",\"https:\\\/\\\/x.com\\\/webdo_tn\"],\"description\":\"Webdo est un m\u00e9dia num\u00e9rique tunisien fond\u00e9 en 2010, sp\u00e9cialis\u00e9 dans l\u2019actualit\u00e9 nationale et internationale, l\u2019\u00e9conomie, la soci\u00e9t\u00e9 et les analyses politiques. Le site s\u2019adresse \u00e0 un large public francophone et couvre l\u2019information tunisienne en temps r\u00e9el.\",\"email\":\"redac@webdo.tn\",\"legalName\":\"YNJ SARL\",\"foundingDate\":\"2010-09-06\",\"numberOfEmployees\":{\"@type\":\"QuantitativeValue\",\"minValue\":\"11\",\"maxValue\":\"50\"}},{\"@type\":\"Person\",\"@id\":\"https:\\\/\\\/www.webdo.tn\\\/fr\\\/#\\\/schema\\\/person\\\/2c4929cbf5a809e3bd38617c6ce150f6\",\"name\":\"MC\",\"image\":{\"@type\":\"ImageObject\",\"inLanguage\":\"fr-FR\",\"@id\":\"https:\\\/\\\/secure.gravatar.com\\\/avatar\\\/a545bbb6f84efdd5553dbbc2895e3ca8f1d12c5215e00a041c9670b54aa9b18a?s=96&d=mm&r=g\",\"url\":\"https:\\\/\\\/secure.gravatar.com\\\/avatar\\\/a545bbb6f84efdd5553dbbc2895e3ca8f1d12c5215e00a041c9670b54aa9b18a?s=96&d=mm&r=g\",\"contentUrl\":\"https:\\\/\\\/secure.gravatar.com\\\/avatar\\\/a545bbb6f84efdd5553dbbc2895e3ca8f1d12c5215e00a041c9670b54aa9b18a?s=96&d=mm&r=g\",\"caption\":\"MC\"},\"url\":\"https:\\\/\\\/www.webdo.tn\\\/fr\\\/actualite\\\/author\\\/mc\\\/\"}]}<\/script>\n<!-- \/ Yoast SEO Premium plugin. -->","yoast_head_json":{"title":"Le Hamas annonce 50 martyrs dans une \u00e9cole","description":"Cette frappe s\u2019est produite \u00ab \u00e0 l\u2019aube, sur l\u2019\u00e9cole Al-Fakhoura \u00bb, dans le camp de Jabaliya.","canonical":"https:\/\/www.webdo.tn\/fr\/actualite\/international\/le-hamas-annonce-50-martyrs-dans-une-ecole\/210219\/","og_locale":"fr_FR","og_type":"article","og_title":"Le Hamas annonce 50 martyrs dans une \u00e9cole","og_description":"Cette frappe s\u2019est produite \u00ab \u00e0 l\u2019aube, sur l\u2019\u00e9cole Al-Fakhoura \u00bb, dans le camp de Jabaliya.","og_url":"https:\/\/www.webdo.tn\/fr\/actualite\/international\/le-hamas-annonce-50-martyrs-dans-une-ecole\/210219\/","og_site_name":"webdo","article_publisher":"https:\/\/www.facebook.com\/webdotn","article_published_time":"2023-11-19T13:30:00+00:00","article_modified_time":"2025-05-20T21:55:37+00:00","og_image":[{"width":750,"height":400,"url":"https:\/\/www.webdo.tn\/fr\/wp-content\/uploads\/2023\/11\/247a8cb6209b35aeaf8732096e2d70c7.jpg","type":"image\/jpeg"}],"author":"MC","twitter_card":"summary_large_image","twitter_creator":"@webdo_tn","twitter_site":"@webdo_tn","twitter_misc":{"\u00c9crit par":"MC","Dur\u00e9e de lecture estim\u00e9e":"1 minute"},"schema":{"@context":"https:\/\/schema.org","@graph":[{"@type":"NewsArticle","@id":"https:\/\/www.webdo.tn\/fr\/actualite\/international\/le-hamas-annonce-50-martyrs-dans-une-ecole\/210219\/#article","isPartOf":{"@id":"https:\/\/www.webdo.tn\/fr\/actualite\/international\/le-hamas-annonce-50-martyrs-dans-une-ecole\/210219\/"},"author":{"name":"MC","@id":"https:\/\/www.webdo.tn\/fr\/#\/schema\/person\/2c4929cbf5a809e3bd38617c6ce150f6"},"headline":"Le Hamas annonce 50 martyrs dans une \u00e9cole","datePublished":"2023-11-19T13:30:00+00:00","dateModified":"2025-05-20T21:55:37+00:00","mainEntityOfPage":{"@id":"https:\/\/www.webdo.tn\/fr\/actualite\/international\/le-hamas-annonce-50-martyrs-dans-une-ecole\/210219\/"},"wordCount":256,"commentCount":0,"publisher":{"@id":"https:\/\/www.webdo.tn\/fr\/#organization"},"image":{"@id":"https:\/\/www.webdo.tn\/fr\/actualite\/international\/le-hamas-annonce-50-martyrs-dans-une-ecole\/210219\/#primaryimage"},"thumbnailUrl":"https:\/\/www.webdo.tn\/fr\/wp-content\/uploads\/2023\/11\/247a8cb6209b35aeaf8732096e2d70c7.jpg","keywords":["\u00e9cole","Gaza","Martyrs"],"articleSection":["International"],"inLanguage":"fr-FR"},{"@type":"WebPage","@id":"https:\/\/www.webdo.tn\/fr\/actualite\/international\/le-hamas-annonce-50-martyrs-dans-une-ecole\/210219\/","url":"https:\/\/www.webdo.tn\/fr\/actualite\/international\/le-hamas-annonce-50-martyrs-dans-une-ecole\/210219\/","name":"Le Hamas annonce 50 martyrs dans une \u00e9cole","isPartOf":{"@id":"https:\/\/www.webdo.tn\/fr\/#website"},"primaryImageOfPage":{"@id":"https:\/\/www.webdo.tn\/fr\/actualite\/international\/le-hamas-annonce-50-martyrs-dans-une-ecole\/210219\/#primaryimage"},"image":{"@id":"https:\/\/www.webdo.tn\/fr\/actualite\/international\/le-hamas-annonce-50-martyrs-dans-une-ecole\/210219\/#primaryimage"},"thumbnailUrl":"https:\/\/www.webdo.tn\/fr\/wp-content\/uploads\/2023\/11\/247a8cb6209b35aeaf8732096e2d70c7.jpg","datePublished":"2023-11-19T13:30:00+00:00","dateModified":"2025-05-20T21:55:37+00:00","description":"Cette frappe s\u2019est produite \u00ab \u00e0 l\u2019aube, sur l\u2019\u00e9cole Al-Fakhoura \u00bb, dans le camp de Jabaliya.","breadcrumb":{"@id":"https:\/\/www.webdo.tn\/fr\/actualite\/international\/le-hamas-annonce-50-martyrs-dans-une-ecole\/210219\/#breadcrumb"},"inLanguage":"fr-FR","potentialAction":[{"@type":"ReadAction","target":["https:\/\/www.webdo.tn\/fr\/actualite\/international\/le-hamas-annonce-50-martyrs-dans-une-ecole\/210219\/"]}]},{"@type":"ImageObject","inLanguage":"fr-FR","@id":"https:\/\/www.webdo.tn\/fr\/actualite\/international\/le-hamas-annonce-50-martyrs-dans-une-ecole\/210219\/#primaryimage","url":"https:\/\/www.webdo.tn\/fr\/wp-content\/uploads\/2023\/11\/247a8cb6209b35aeaf8732096e2d70c7.jpg","contentUrl":"https:\/\/www.webdo.tn\/fr\/wp-content\/uploads\/2023\/11\/247a8cb6209b35aeaf8732096e2d70c7.jpg","width":750,"height":400,"caption":"Le Hamas annonce 50 martyrs dans une \u00e9cole"},{"@type":"BreadcrumbList","@id":"https:\/\/www.webdo.tn\/fr\/actualite\/international\/le-hamas-annonce-50-martyrs-dans-une-ecole\/210219\/#breadcrumb","itemListElement":[{"@type":"ListItem","position":1,"name":"Accueil","item":"https:\/\/www.webdo.tn\/fr\/"},{"@type":"ListItem","position":2,"name":"Le Hamas annonce 50 martyrs dans une \u00e9cole"}]},{"@type":"WebSite","@id":"https:\/\/www.webdo.tn\/fr\/#website","url":"https:\/\/www.webdo.tn\/fr\/","name":"webdo","description":"Tunisie - News en Tunisie et \u00e0 l&#039;international sur Webdo.tn","publisher":{"@id":"https:\/\/www.webdo.tn\/fr\/#organization"},"potentialAction":[{"@type":"SearchAction","target":{"@type":"EntryPoint","urlTemplate":"https:\/\/www.webdo.tn\/fr\/?s={search_term_string}"},"query-input":{"@type":"PropertyValueSpecification","valueRequired":true,"valueName":"search_term_string"}}],"inLanguage":"fr-FR"},{"@type":"Organization","@id":"https:\/\/www.webdo.tn\/fr\/#organization","name":"Webdo","alternateName":"Webdo.tn","url":"https:\/\/www.webdo.tn\/fr\/","logo":{"@type":"ImageObject","inLanguage":"fr-FR","@id":"https:\/\/www.webdo.tn\/fr\/#\/schema\/logo\/image\/","url":"https:\/\/www.webdo.tn\/fr\/wp-content\/uploads\/2025\/06\/Webdo-Tunisie_168377.jpg","contentUrl":"https:\/\/www.webdo.tn\/fr\/wp-content\/uploads\/2025\/06\/Webdo-Tunisie_168377.jpg","width":301,"height":301,"caption":"Webdo"},"image":{"@id":"https:\/\/www.webdo.tn\/fr\/#\/schema\/logo\/image\/"},"sameAs":["https:\/\/www.facebook.com\/webdotn","https:\/\/x.com\/webdo_tn"],"description":"Webdo est un m\u00e9dia num\u00e9rique tunisien fond\u00e9 en 2010, sp\u00e9cialis\u00e9 dans l\u2019actualit\u00e9 nationale et internationale, l\u2019\u00e9conomie, la soci\u00e9t\u00e9 et les analyses politiques. Le site s\u2019adresse \u00e0 un large public francophone et couvre l\u2019information tunisienne en temps r\u00e9el.","email":"redac@webdo.tn","legalName":"YNJ SARL","foundingDate":"2010-09-06","numberOfEmployees":{"@type":"QuantitativeValue","minValue":"11","maxValue":"50"}},{"@type":"Person","@id":"https:\/\/www.webdo.tn\/fr\/#\/schema\/person\/2c4929cbf5a809e3bd38617c6ce150f6","name":"MC","image":{"@type":"ImageObject","inLanguage":"fr-FR","@id":"https:\/\/secure.gravatar.com\/avatar\/a545bbb6f84efdd5553dbbc2895e3ca8f1d12c5215e00a041c9670b54aa9b18a?s=96&d=mm&r=g","url":"https:\/\/secure.gravatar.com\/avatar\/a545bbb6f84efdd5553dbbc2895e3ca8f1d12c5215e00a041c9670b54aa9b18a?s=96&d=mm&r=g","contentUrl":"https:\/\/secure.gravatar.com\/avatar\/a545bbb6f84efdd5553dbbc2895e3ca8f1d12c5215e00a041c9670b54aa9b18a?s=96&d=mm&r=g","caption":"MC"},"url":"https:\/\/www.webdo.tn\/fr\/actualite\/author\/mc\/"}]}},"_links":{"self":[{"href":"https:\/\/www.webdo.tn\/fr\/wp-json\/wp\/v2\/posts\/210219","targetHints":{"allow":["GET"]}}],"collection":[{"href":"https:\/\/www.webdo.tn\/fr\/wp-json\/wp\/v2\/posts"}],"about":[{"href":"https:\/\/www.webdo.tn\/fr\/wp-json\/wp\/v2\/types\/post"}],"author":[{"embeddable":true,"href":"https:\/\/www.webdo.tn\/fr\/wp-json\/wp\/v2\/users\/3162"}],"replies":[{"embeddable":true,"href":"https:\/\/www.webdo.tn\/fr\/wp-json\/wp\/v2\/comments?post=210219"}],"version-history":[{"count":0,"href":"https:\/\/www.webdo.tn\/fr\/wp-json\/wp\/v2\/posts\/210219\/revisions"}],"wp:featuredmedia":[{"embeddable":true,"href":"https:\/\/www.webdo.tn\/fr\/wp-json\/wp\/v2\/media\/248754"}],"wp:attachment":[{"href":"https:\/\/www.webdo.tn\/fr\/wp-json\/wp\/v2\/media?parent=210219"}],"wp:term":[{"taxonomy":"category","embeddable":true,"href":"https:\/\/www.webdo.tn\/fr\/wp-json\/wp\/v2\/categories?post=210219"},{"taxonomy":"post_tag","embeddable":true,"href":"https:\/\/www.webdo.tn\/fr\/wp-json\/wp\/v2\/tags?post=210219"}],"curies":[{"name":"wp","href":"https:\/\/api.w.org\/{rel}","templated":true}]}}