{"id":210217,"date":"2023-11-19T12:19:00","date_gmt":"2023-11-19T12:19:00","guid":{"rendered":"https:\/\/www.webdo.tn\/fr\/blog\/le-gouvernement-ukrainien-un-melange-des-trois-religions\/210217\/"},"modified":"2025-05-20T22:56:18","modified_gmt":"2025-05-20T22:56:18","slug":"le-gouvernement-ukrainien-un-melange-des-trois-religions","status":"publish","type":"post","link":"https:\/\/www.webdo.tn\/fr\/actualite\/international\/le-gouvernement-ukrainien-un-melange-des-trois-religions\/210217\/","title":{"rendered":"Le gouvernement ukrainien, un m\u00e9lange des trois religions\u2026"},"content":{"rendered":"<p>Accompagn\u00e9 d\u2019une d\u00e9l\u00e9gation de journalistes africains nous continuons notre visite en Ukraine. Mercredi 15 novembre dernier, nous avons eu l\u2019opportunit\u00e9 de nous rendre au cabinet du Premier ministre pour un entretien avec Denys Chmygal, qui \u00e9tait accompagn\u00e9 par le Premier vice-pr\u00e9sident Oleksandr Korniyenko et le d\u00e9put\u00e9 du Ministre Mykola Tochytsky.<\/p>\n<p>\t\t\t\t\t\t\t\t\tReconstruction et adaptation<\/p>\n<p>\u00ab\u00a0La Russie a inflig\u00e9 d&rsquo;importantes pertes \u00e0 notre pays, entra\u00eenant une chute de 30% dans notre \u00e9conomie et notre PIB en raison du conflit arm\u00e9. Cependant, nous avons r\u00e9ussi \u00e0 nous adapter \u00e0 cette situation difficile\u00a0\u00bb, a notamment indiqu\u00e9 le Premier ministre Denys Chmygal. \u00ab\u00a0En 2024, nous anticipons une croissance du PIB de 5%\u00a0\u00bb, a-t-il encore dit.<\/p>\n<p>Et d\u2019ajouter que son gouvernement a d\u00e9j\u00e0 entrepris la reconstruction de plus de 500 \u00e9coles, plus de 700 h\u00f4pitaux et plus de 20 ponts, tout en renfor\u00e7ant le complexe de d\u00e9fense du pays, notamment, la production de drones, qui a \u00e9t\u00e9 multipli\u00e9e par 7.<\/p>\n<p>\u00ab\u00a0On pr\u00e9voit une hausse du PIB<br \/>\nqui devrait atteindre 5% en 2024\u00a0\u00bb<\/p>\n<p>Actuellement, plus de 50.000 habitations sont en ruines en Ukraine, et 900 immeubles sont en cours de reconstruction gr\u00e2ce \u00e0 un investissement de 1 milliard de dollars provenant de fonds \u00e9tatiques et d&rsquo;organisations internationales. La reconstruction rapide, malgr\u00e9 les risques, n\u00e9cessitera 14 milliards de dollars au cours de l&rsquo;ann\u00e9e.<\/p>\n<p>Lire aussi : Entretien avec Volodymyr Zelensky : Perspectives crois\u00e9es sur le conflit, l&rsquo;Afrique et les relations mondiales<\/p>\n<p>La Banque mondiale estime que les pertes de l&rsquo;Ukraine sur les territoires libres s&rsquo;\u00e9l\u00e8vent \u00e0 416 milliards de dollars, un chiffre qui pourrait doubler si l&rsquo;on inclut les territoires occup\u00e9s. Notre collaboration avec la communaut\u00e9 internationale vise \u00e0 \u00e9laborer des projets pour revitaliser notre \u00e9conomie.<\/p>\n<p>S\u00e9curit\u00e9 alimentaire et commerce avec l&rsquo;Afrique<\/p>\n<p>En mati\u00e8re de s\u00e9curit\u00e9 alimentaire, malgr\u00e9 l&rsquo;invasion russe qui a emp\u00each\u00e9 l&rsquo;augmentation des exportations de c\u00e9r\u00e9ales vers l&rsquo;Afrique, l&rsquo;Ukraine demeure un exportateur significatif avec plus de 4 millions de tonnes de c\u00e9r\u00e9ales, a pr\u00e9cis\u00e9 le Premier ministre ukrainien.<\/p>\n<p>Cette ann\u00e9e, la production atteindra pr\u00e8s de 79 millions de tonnes, compar\u00e9s aux 107 millions d&rsquo;avant-guerre, la majorit\u00e9 \u00e9tant destin\u00e9e \u00e0 la consommation interne. Nous offrons aux partenaires africains l&rsquo;opportunit\u00e9 de collaborer en vue de cr\u00e9er des hubs c\u00e9r\u00e9aliers en Ukraine.<\/p>\n<p>\u00ab\u00a0On propose aux partenaires africains de trouver<br \/>\ndes points de contact car l\u2019Ukraine est int\u00e9ress\u00e9e<br \/>\npar la mise en place de hubs c\u00e9r\u00e9aliers\u00a0\u00bb<\/p>\n<p>R\u00e9int\u00e9gration des \u00e9tudiants africains<\/p>\n<p>\u00ab\u00a0En ce qui concerne les \u00e9tudiants africains, nous avons facilit\u00e9 leur \u00e9vacuation au d\u00e9but du conflit et nous sommes pr\u00eats \u00e0 reprendre le programme d&rsquo;\u00e9ducation. Ceux qui ont d\u00e9j\u00e0 pay\u00e9 leurs \u00e9tudes et n&rsquo;ont pas pu les achever seront compens\u00e9s.<\/p>\n<p>Lire aussi : De l\u2019Ukraine vers la Russie : le choix difficile des \u00e9tudiants tunisiens<\/p>\n<p>Nous sommes dispos\u00e9s \u00e0 les accueillir dans la partie ouest du pays et \u00e0 remplir toutes nos obligations envers eux. Un projet a \u00e9t\u00e9 d\u00e9velopp\u00e9, bas\u00e9 sur des subventions et des dons, pour financer leurs \u00e9tudes et les encourager \u00e0 revenir en Ukraine\u00a0\u00bb, a annonc\u00e9 Denys Chmygal.<\/p>\n<p>\u00ab\u00a0Nous sommes pr\u00eats \u00e0 financer les \u00e9tudes de ces \u00e9tudiants pour qu\u2019ils reviennent en Ukraine\u00a0\u00bb<\/p>\n<p>Par ailleurs, \u00ab\u00a0nous observons une revitalisation de la coop\u00e9ration avec les pays africains, symbolis\u00e9e par l&rsquo;ouverture prochaine d&rsquo;ambassades en Tanzanie, au Rwanda, au Botswana, en C\u00f4te d&rsquo;Ivoire, au Cameroun et au Mali, ainsi que la pr\u00e9vision d&rsquo;ouverture de Maisons de commerce dans certains pays africains\u00a0\u00bb, a \u00e9galement annonc\u00e9 le Premier ministre ukrainien.<\/p>\n<p>L&rsquo;Ukraine propose des partenariats avantageux et aspire \u00e0 \u00eatre consid\u00e9r\u00e9e comme un partenaire primordial par tous les pays africains, selon lui.<\/p>\n<p>Le Premier ministre Denys Chmygal \u00e9tait accompagn\u00e9 sur sa gauche du Premier vice-pr\u00e9sident Oleksandr Korniyenko et du d\u00e9put\u00e9 du Ministre Mykola Tochytsky | Cr\u00e9dit Photo : Olexiy Nazaruk &#8211; 15\/11\/2023<\/p>\n<p>Diversit\u00e9 dans le gouvernement<\/p>\n<p>En ce qui concerne la repr\u00e9sentation des minorit\u00e9s dans notre gouvernement, l&rsquo;Ukraine, en tant que pays multinational et multireligieux o\u00f9 il y a m\u00eame un conseil d\u2019\u00e9glise, qui organise et r\u00e9unit les diff\u00e9rentes religions (chr\u00e9tiens, musulmans, juifs), t\u00e9moigne d&rsquo;une tol\u00e9rance totale envers toutes les religions.<\/p>\n<p>Diff\u00e9rentes nationalit\u00e9s et communaut\u00e9s autochtones, telles que les Tatares de Crim\u00e9e, sont int\u00e9gr\u00e9es dans la vie sociale du pays. Le ministre de la D\u00e9fense, Rustem Umerov, en fait partie, et sa pr\u00e9sence en tant qu\u2019issu de cette communaut\u00e9 musulmane, souligne la diversit\u00e9 et la modernit\u00e9 du nationalisme ukrainien.<\/p>\n<p>\u00ab\u00a0La pr\u00e9sence de musulmans, comme le ministre de la D\u00e9fense Rustem Umerov, souligne la diversit\u00e9 et la modernit\u00e9 du nationalisme ukrainien\u00a0\u00bb<\/p>\n<p>Pour rappel, le 6 septembre dernier, le Parlement ukrainien a approuv\u00e9 la nomination de Rustem Umerov comme ministre de la d\u00e9fense. Il est le seul musulman \u00e0 un tel poste sur le continent europ\u00e9en, et d\u00e9sign\u00e9 de surcro\u00eet par un pr\u00e9sident d\u2019origine juive. La promotion d\u2019un Tatar \u00e0 de telles responsabilit\u00e9s met \u00e9galement en lumi\u00e8re le r\u00f4le majeur de cette minorit\u00e9 dans la r\u00e9sistance de l\u2019Ukraine.<\/p>\n<p>Le 6 septembre dernier, le Parlement ukrainien a approuv\u00e9 la nomination de Rustem Umerov comme ministre de la d\u00e9fense. Il est le seul musulman \u00e0 un tel poste sur le continent europ\u00e9en. Il est issu de la communaut\u00e9 des Tatars de Crim\u00e9e | Cr\u00e9dit photo : Chad J. McNeeley<\/p>\n<p>L\u2019engagement ukrainien envers la tol\u00e9rance est encore illustr\u00e9 par la r\u00e9cente reconnaissance de Mustafa Dzhemilev, repr\u00e9sentant des Tatars de Crim\u00e9e, en tant qu\u2019h\u00e9ros de l&rsquo;Ukraine. De plus, la diversit\u00e9 est pr\u00e9sente au sein du parlement, avec un champion olympique, moiti\u00e9 africain, moiti\u00e9 ukrainien, et un vice-ministre des Affaires \u00e9trang\u00e8res appartenant \u00e9galement \u00e0 une minorit\u00e9.<\/p>\n<p>Lire aussi : Kiev en \u00e9tat d\u2019alerte apr\u00e8s deux mois de r\u00e9pit !<\/p>\n<p>Il y a plus d\u2019une cinquantaine de confessions religieuses en Ukraine toute r\u00e9unies au sein du Conseil des \u00e9glises. L\u2019Etat reste s\u00e9par\u00e9 de la religion et le gouvernement dialogue avec ce conseil chaque trimestre. L\u2019Ukraine est \u00e9galement compos\u00e9e de 21 minorit\u00e9s nationales.<\/p>\n<p>\u00ab\u00a0Enfin, l&rsquo;ouverture d&rsquo;ambassades en Afrique n&rsquo;est pas seulement une initiative visant \u00e0 renforcer les liens de l\u2019Ukraine avec le continent, mais aussi \u00e0 contribuer \u00e0 son int\u00e9gration globale au sein de la communaut\u00e9 internationale. Notre pr\u00e9sence en Afrique, en Asie et en Am\u00e9rique latine doit s&rsquo;\u00e9largir bien que la guerre ait temporairement entrav\u00e9 cette r\u00e9alisation\u00a0\u00bb, insiste le Premier ministre ukrainien. \u00ab\u00a0Nous entamons aujourd&rsquo;hui notre \u00e9largissement\u00a0\u00bb, souligne-t-il.<\/p>\n<p>[Walid Ben Youssef est en Ukraine pour une mission d&rsquo;enqu\u00eate pour les journalistes africains, parrain\u00e9e par le gouvernement ukrainien].<\/p>\n","protected":false},"excerpt":{"rendered":"<p>Au cabinet du Premier ministre pour un entretien avec Denys Chmygal, accompagn\u00e9 par le Premier vice-pr\u00e9sident Oleksandr Korniyenko et le d\u00e9put\u00e9 du Ministre Myko&#8230;<\/p>\n","protected":false},"author":3183,"featured_media":248752,"comment_status":"open","ping_status":"closed","sticky":false,"template":"","format":"standard","meta":{"footnotes":""},"categories":[2598],"tags":[3046,3852,7541,7540,3295],"class_list":["post-210217","post","type-post","status-publish","format-standard","has-post-thumbnail","hentry","category-international","tag-afrique","tag-etudiants","tag-minorites","tag-religion","tag-ukraine"],"yoast_head":"<!-- This site is optimized with the Yoast SEO Premium plugin v27.4 (Yoast SEO v27.5) - https:\/\/yoast.com\/product\/yoast-seo-premium-wordpress\/ -->\n<title>Le gouvernement ukrainien, un m\u00e9lange des trois religions\u2026<\/title>\n<meta name=\"description\" content=\"Au cabinet du Premier ministre pour un entretien avec Denys Chmygal, accompagn\u00e9 par le Premier vice-pr\u00e9sident Oleksandr Korniyenko et le d\u00e9put\u00e9 du Ministre Myko...\" \/>\n<link rel=\"canonical\" href=\"https:\/\/www.webdo.tn\/fr\/actualite\/international\/le-gouvernement-ukrainien-un-melange-des-trois-religions\/210217\/\" \/>\n<meta property=\"og:locale\" content=\"fr_FR\" \/>\n<meta property=\"og:type\" content=\"article\" \/>\n<meta property=\"og:title\" content=\"Le gouvernement ukrainien, un m\u00e9lange des trois religions\u2026\" \/>\n<meta property=\"og:description\" content=\"Au cabinet du Premier ministre pour un entretien avec Denys Chmygal, accompagn\u00e9 par le Premier vice-pr\u00e9sident Oleksandr Korniyenko et le d\u00e9put\u00e9 du Ministre Myko...\" \/>\n<meta property=\"og:url\" content=\"https:\/\/www.webdo.tn\/fr\/actualite\/international\/le-gouvernement-ukrainien-un-melange-des-trois-religions\/210217\/\" \/>\n<meta property=\"og:site_name\" content=\"webdo\" \/>\n<meta property=\"article:publisher\" content=\"https:\/\/www.facebook.com\/webdotn\" \/>\n<meta property=\"article:author\" content=\"https:\/\/www.facebook.com\/wby.webdo\" \/>\n<meta property=\"article:published_time\" content=\"2023-11-19T12:19:00+00:00\" \/>\n<meta property=\"article:modified_time\" content=\"2025-05-20T22:56:18+00:00\" \/>\n<meta property=\"og:image\" content=\"https:\/\/www.webdo.tn\/fr\/wp-content\/uploads\/2023\/11\/0d5b277dbb76bbcd66ad05825021a983.jpg\" \/>\n\t<meta property=\"og:image:width\" content=\"750\" \/>\n\t<meta property=\"og:image:height\" content=\"400\" \/>\n\t<meta property=\"og:image:type\" content=\"image\/jpeg\" \/>\n<meta name=\"author\" content=\"Walid Ben Youssef\" \/>\n<meta name=\"twitter:card\" content=\"summary_large_image\" \/>\n<meta name=\"twitter:creator\" content=\"@webdo_tn\" \/>\n<meta name=\"twitter:site\" content=\"@webdo_tn\" \/>\n<meta name=\"twitter:label1\" content=\"\u00c9crit par\" \/>\n\t<meta name=\"twitter:data1\" content=\"Walid Ben Youssef\" \/>\n\t<meta name=\"twitter:label2\" content=\"Dur\u00e9e de lecture estim\u00e9e\" \/>\n\t<meta name=\"twitter:data2\" content=\"6 minutes\" \/>\n<script type=\"application\/ld+json\" class=\"yoast-schema-graph\">{\"@context\":\"https:\\\/\\\/schema.org\",\"@graph\":[{\"@type\":\"NewsArticle\",\"@id\":\"https:\\\/\\\/www.webdo.tn\\\/fr\\\/actualite\\\/international\\\/le-gouvernement-ukrainien-un-melange-des-trois-religions\\\/210217\\\/#article\",\"isPartOf\":{\"@id\":\"https:\\\/\\\/www.webdo.tn\\\/fr\\\/actualite\\\/international\\\/le-gouvernement-ukrainien-un-melange-des-trois-religions\\\/210217\\\/\"},\"author\":{\"name\":\"Walid Ben Youssef\",\"@id\":\"https:\\\/\\\/www.webdo.tn\\\/fr\\\/#\\\/schema\\\/person\\\/2c509d3aeb706736cdf7dc93d76b6fe1\"},\"headline\":\"Le gouvernement ukrainien, un m\u00e9lange des trois religions\u2026\",\"datePublished\":\"2023-11-19T12:19:00+00:00\",\"dateModified\":\"2025-05-20T22:56:18+00:00\",\"mainEntityOfPage\":{\"@id\":\"https:\\\/\\\/www.webdo.tn\\\/fr\\\/actualite\\\/international\\\/le-gouvernement-ukrainien-un-melange-des-trois-religions\\\/210217\\\/\"},\"wordCount\":1148,\"commentCount\":0,\"publisher\":{\"@id\":\"https:\\\/\\\/www.webdo.tn\\\/fr\\\/#organization\"},\"image\":{\"@id\":\"https:\\\/\\\/www.webdo.tn\\\/fr\\\/actualite\\\/international\\\/le-gouvernement-ukrainien-un-melange-des-trois-religions\\\/210217\\\/#primaryimage\"},\"thumbnailUrl\":\"https:\\\/\\\/www.webdo.tn\\\/fr\\\/wp-content\\\/uploads\\\/2023\\\/11\\\/0d5b277dbb76bbcd66ad05825021a983.jpg\",\"keywords\":[\"Afrique\",\"\u00e9tudiants\",\"minorit\u00e9s\",\"religion\",\"Ukraine\"],\"articleSection\":[\"International\"],\"inLanguage\":\"fr-FR\"},{\"@type\":\"WebPage\",\"@id\":\"https:\\\/\\\/www.webdo.tn\\\/fr\\\/actualite\\\/international\\\/le-gouvernement-ukrainien-un-melange-des-trois-religions\\\/210217\\\/\",\"url\":\"https:\\\/\\\/www.webdo.tn\\\/fr\\\/actualite\\\/international\\\/le-gouvernement-ukrainien-un-melange-des-trois-religions\\\/210217\\\/\",\"name\":\"Le gouvernement ukrainien, un m\u00e9lange des trois religions\u2026\",\"isPartOf\":{\"@id\":\"https:\\\/\\\/www.webdo.tn\\\/fr\\\/#website\"},\"primaryImageOfPage\":{\"@id\":\"https:\\\/\\\/www.webdo.tn\\\/fr\\\/actualite\\\/international\\\/le-gouvernement-ukrainien-un-melange-des-trois-religions\\\/210217\\\/#primaryimage\"},\"image\":{\"@id\":\"https:\\\/\\\/www.webdo.tn\\\/fr\\\/actualite\\\/international\\\/le-gouvernement-ukrainien-un-melange-des-trois-religions\\\/210217\\\/#primaryimage\"},\"thumbnailUrl\":\"https:\\\/\\\/www.webdo.tn\\\/fr\\\/wp-content\\\/uploads\\\/2023\\\/11\\\/0d5b277dbb76bbcd66ad05825021a983.jpg\",\"datePublished\":\"2023-11-19T12:19:00+00:00\",\"dateModified\":\"2025-05-20T22:56:18+00:00\",\"description\":\"Au cabinet du Premier ministre pour un entretien avec Denys Chmygal, accompagn\u00e9 par le Premier vice-pr\u00e9sident Oleksandr Korniyenko et le d\u00e9put\u00e9 du Ministre Myko...\",\"breadcrumb\":{\"@id\":\"https:\\\/\\\/www.webdo.tn\\\/fr\\\/actualite\\\/international\\\/le-gouvernement-ukrainien-un-melange-des-trois-religions\\\/210217\\\/#breadcrumb\"},\"inLanguage\":\"fr-FR\",\"potentialAction\":[{\"@type\":\"ReadAction\",\"target\":[\"https:\\\/\\\/www.webdo.tn\\\/fr\\\/actualite\\\/international\\\/le-gouvernement-ukrainien-un-melange-des-trois-religions\\\/210217\\\/\"]}]},{\"@type\":\"ImageObject\",\"inLanguage\":\"fr-FR\",\"@id\":\"https:\\\/\\\/www.webdo.tn\\\/fr\\\/actualite\\\/international\\\/le-gouvernement-ukrainien-un-melange-des-trois-religions\\\/210217\\\/#primaryimage\",\"url\":\"https:\\\/\\\/www.webdo.tn\\\/fr\\\/wp-content\\\/uploads\\\/2023\\\/11\\\/0d5b277dbb76bbcd66ad05825021a983.jpg\",\"contentUrl\":\"https:\\\/\\\/www.webdo.tn\\\/fr\\\/wp-content\\\/uploads\\\/2023\\\/11\\\/0d5b277dbb76bbcd66ad05825021a983.jpg\",\"width\":750,\"height\":400,\"caption\":\"ukraine gvt\"},{\"@type\":\"BreadcrumbList\",\"@id\":\"https:\\\/\\\/www.webdo.tn\\\/fr\\\/actualite\\\/international\\\/le-gouvernement-ukrainien-un-melange-des-trois-religions\\\/210217\\\/#breadcrumb\",\"itemListElement\":[{\"@type\":\"ListItem\",\"position\":1,\"name\":\"Accueil\",\"item\":\"https:\\\/\\\/www.webdo.tn\\\/fr\\\/\"},{\"@type\":\"ListItem\",\"position\":2,\"name\":\"Le gouvernement ukrainien, un m\u00e9lange des trois religions\u2026\"}]},{\"@type\":\"WebSite\",\"@id\":\"https:\\\/\\\/www.webdo.tn\\\/fr\\\/#website\",\"url\":\"https:\\\/\\\/www.webdo.tn\\\/fr\\\/\",\"name\":\"webdo\",\"description\":\"Tunisie - News en Tunisie et \u00e0 l&#039;international sur Webdo.tn\",\"publisher\":{\"@id\":\"https:\\\/\\\/www.webdo.tn\\\/fr\\\/#organization\"},\"potentialAction\":[{\"@type\":\"SearchAction\",\"target\":{\"@type\":\"EntryPoint\",\"urlTemplate\":\"https:\\\/\\\/www.webdo.tn\\\/fr\\\/?s={search_term_string}\"},\"query-input\":{\"@type\":\"PropertyValueSpecification\",\"valueRequired\":true,\"valueName\":\"search_term_string\"}}],\"inLanguage\":\"fr-FR\"},{\"@type\":\"Organization\",\"@id\":\"https:\\\/\\\/www.webdo.tn\\\/fr\\\/#organization\",\"name\":\"Webdo\",\"alternateName\":\"Webdo.tn\",\"url\":\"https:\\\/\\\/www.webdo.tn\\\/fr\\\/\",\"logo\":{\"@type\":\"ImageObject\",\"inLanguage\":\"fr-FR\",\"@id\":\"https:\\\/\\\/www.webdo.tn\\\/fr\\\/#\\\/schema\\\/logo\\\/image\\\/\",\"url\":\"https:\\\/\\\/www.webdo.tn\\\/fr\\\/wp-content\\\/uploads\\\/2025\\\/06\\\/Webdo-Tunisie_168377.jpg\",\"contentUrl\":\"https:\\\/\\\/www.webdo.tn\\\/fr\\\/wp-content\\\/uploads\\\/2025\\\/06\\\/Webdo-Tunisie_168377.jpg\",\"width\":301,\"height\":301,\"caption\":\"Webdo\"},\"image\":{\"@id\":\"https:\\\/\\\/www.webdo.tn\\\/fr\\\/#\\\/schema\\\/logo\\\/image\\\/\"},\"sameAs\":[\"https:\\\/\\\/www.facebook.com\\\/webdotn\",\"https:\\\/\\\/x.com\\\/webdo_tn\"],\"description\":\"Webdo est un m\u00e9dia num\u00e9rique tunisien fond\u00e9 en 2010, sp\u00e9cialis\u00e9 dans l\u2019actualit\u00e9 nationale et internationale, l\u2019\u00e9conomie, la soci\u00e9t\u00e9 et les analyses politiques. Le site s\u2019adresse \u00e0 un large public francophone et couvre l\u2019information tunisienne en temps r\u00e9el.\",\"email\":\"redac@webdo.tn\",\"legalName\":\"YNJ SARL\",\"foundingDate\":\"2010-09-06\",\"numberOfEmployees\":{\"@type\":\"QuantitativeValue\",\"minValue\":\"11\",\"maxValue\":\"50\"}},{\"@type\":\"Person\",\"@id\":\"https:\\\/\\\/www.webdo.tn\\\/fr\\\/#\\\/schema\\\/person\\\/2c509d3aeb706736cdf7dc93d76b6fe1\",\"name\":\"Walid Ben Youssef\",\"image\":{\"@type\":\"ImageObject\",\"inLanguage\":\"fr-FR\",\"@id\":\"https:\\\/\\\/www.webdo.tn\\\/fr\\\/wp-content\\\/uploads\\\/2026\\\/04\\\/walid-ben-youssef_avatar-96x96.jpg\",\"url\":\"https:\\\/\\\/www.webdo.tn\\\/fr\\\/wp-content\\\/uploads\\\/2026\\\/04\\\/walid-ben-youssef_avatar-96x96.jpg\",\"contentUrl\":\"https:\\\/\\\/www.webdo.tn\\\/fr\\\/wp-content\\\/uploads\\\/2026\\\/04\\\/walid-ben-youssef_avatar-96x96.jpg\",\"caption\":\"Walid Ben Youssef\"},\"description\":\"Walid Ben Youssef est fondateur et directeur de publication de Webdo.tn, m\u00e9dia num\u00e9rique tunisien lanc\u00e9 en 2011. Journaliste depuis plus de 20 ans, il a d\u00e9but\u00e9 sa carri\u00e8re au sein du groupe Dar Tunis-Hebdo, o\u00f9 il a contribu\u00e9 d\u00e8s le d\u00e9but des ann\u00e9es 2000 au d\u00e9veloppement des premi\u00e8res initiatives web du titre. Avant de fonder Webdo, il a occup\u00e9 les fonctions de directeur adjoint du groupe Dar Tunis-Hebdo, participant au d\u00e9veloppement \u00e9ditorial, publicitaire et num\u00e9rique du groupe. Sp\u00e9cialis\u00e9 dans les m\u00e9dias num\u00e9riques, la transformation digitale de l\u2019information et l\u2019actualit\u00e9 nationale et internationale, il supervise la ligne \u00e9ditoriale de Webdo et pilote son d\u00e9veloppement strat\u00e9gique. Dipl\u00f4m\u00e9 en math\u00e9matiques de l\u2019Universit\u00e9 d\u2019Oregon (\u00c9tats-Unis), il associe une approche analytique \u00e0 une expertise de terrain du journalisme. \ud83d\udd17 Facebook : https:\\\/\\\/www.facebook.com\\\/wby.webdo\",\"sameAs\":[\"https:\\\/\\\/www.facebook.com\\\/wby.webdo\"],\"knowsAbout\":[\"journalisme\",\"m\u00e9dias num\u00e9riques\",\"transformation digitale\",\"actualit\u00e9 tunisienne\",\"g\u00e9opolitique\"],\"knowsLanguage\":[\"Fran\u00e7ais\",\"Arabe\",\"Anglais\"],\"jobTitle\":\"Fondateur et directeur de publication\",\"worksFor\":\"Webdo.tn\",\"url\":\"https:\\\/\\\/www.webdo.tn\\\/fr\\\/actualite\\\/author\\\/walid-ben-youssef\\\/\"}]}<\/script>\n<!-- \/ Yoast SEO Premium plugin. -->","yoast_head_json":{"title":"Le gouvernement ukrainien, un m\u00e9lange des trois religions\u2026","description":"Au cabinet du Premier ministre pour un entretien avec Denys Chmygal, accompagn\u00e9 par le Premier vice-pr\u00e9sident Oleksandr Korniyenko et le d\u00e9put\u00e9 du Ministre Myko...","canonical":"https:\/\/www.webdo.tn\/fr\/actualite\/international\/le-gouvernement-ukrainien-un-melange-des-trois-religions\/210217\/","og_locale":"fr_FR","og_type":"article","og_title":"Le gouvernement ukrainien, un m\u00e9lange des trois religions\u2026","og_description":"Au cabinet du Premier ministre pour un entretien avec Denys Chmygal, accompagn\u00e9 par le Premier vice-pr\u00e9sident Oleksandr Korniyenko et le d\u00e9put\u00e9 du Ministre Myko...","og_url":"https:\/\/www.webdo.tn\/fr\/actualite\/international\/le-gouvernement-ukrainien-un-melange-des-trois-religions\/210217\/","og_site_name":"webdo","article_publisher":"https:\/\/www.facebook.com\/webdotn","article_author":"https:\/\/www.facebook.com\/wby.webdo","article_published_time":"2023-11-19T12:19:00+00:00","article_modified_time":"2025-05-20T22:56:18+00:00","og_image":[{"width":750,"height":400,"url":"https:\/\/www.webdo.tn\/fr\/wp-content\/uploads\/2023\/11\/0d5b277dbb76bbcd66ad05825021a983.jpg","type":"image\/jpeg"}],"author":"Walid Ben Youssef","twitter_card":"summary_large_image","twitter_creator":"@webdo_tn","twitter_site":"@webdo_tn","twitter_misc":{"\u00c9crit par":"Walid Ben Youssef","Dur\u00e9e de lecture estim\u00e9e":"6 minutes"},"schema":{"@context":"https:\/\/schema.org","@graph":[{"@type":"NewsArticle","@id":"https:\/\/www.webdo.tn\/fr\/actualite\/international\/le-gouvernement-ukrainien-un-melange-des-trois-religions\/210217\/#article","isPartOf":{"@id":"https:\/\/www.webdo.tn\/fr\/actualite\/international\/le-gouvernement-ukrainien-un-melange-des-trois-religions\/210217\/"},"author":{"name":"Walid Ben Youssef","@id":"https:\/\/www.webdo.tn\/fr\/#\/schema\/person\/2c509d3aeb706736cdf7dc93d76b6fe1"},"headline":"Le gouvernement ukrainien, un m\u00e9lange des trois religions\u2026","datePublished":"2023-11-19T12:19:00+00:00","dateModified":"2025-05-20T22:56:18+00:00","mainEntityOfPage":{"@id":"https:\/\/www.webdo.tn\/fr\/actualite\/international\/le-gouvernement-ukrainien-un-melange-des-trois-religions\/210217\/"},"wordCount":1148,"commentCount":0,"publisher":{"@id":"https:\/\/www.webdo.tn\/fr\/#organization"},"image":{"@id":"https:\/\/www.webdo.tn\/fr\/actualite\/international\/le-gouvernement-ukrainien-un-melange-des-trois-religions\/210217\/#primaryimage"},"thumbnailUrl":"https:\/\/www.webdo.tn\/fr\/wp-content\/uploads\/2023\/11\/0d5b277dbb76bbcd66ad05825021a983.jpg","keywords":["Afrique","\u00e9tudiants","minorit\u00e9s","religion","Ukraine"],"articleSection":["International"],"inLanguage":"fr-FR"},{"@type":"WebPage","@id":"https:\/\/www.webdo.tn\/fr\/actualite\/international\/le-gouvernement-ukrainien-un-melange-des-trois-religions\/210217\/","url":"https:\/\/www.webdo.tn\/fr\/actualite\/international\/le-gouvernement-ukrainien-un-melange-des-trois-religions\/210217\/","name":"Le gouvernement ukrainien, un m\u00e9lange des trois religions\u2026","isPartOf":{"@id":"https:\/\/www.webdo.tn\/fr\/#website"},"primaryImageOfPage":{"@id":"https:\/\/www.webdo.tn\/fr\/actualite\/international\/le-gouvernement-ukrainien-un-melange-des-trois-religions\/210217\/#primaryimage"},"image":{"@id":"https:\/\/www.webdo.tn\/fr\/actualite\/international\/le-gouvernement-ukrainien-un-melange-des-trois-religions\/210217\/#primaryimage"},"thumbnailUrl":"https:\/\/www.webdo.tn\/fr\/wp-content\/uploads\/2023\/11\/0d5b277dbb76bbcd66ad05825021a983.jpg","datePublished":"2023-11-19T12:19:00+00:00","dateModified":"2025-05-20T22:56:18+00:00","description":"Au cabinet du Premier ministre pour un entretien avec Denys Chmygal, accompagn\u00e9 par le Premier vice-pr\u00e9sident Oleksandr Korniyenko et le d\u00e9put\u00e9 du Ministre Myko...","breadcrumb":{"@id":"https:\/\/www.webdo.tn\/fr\/actualite\/international\/le-gouvernement-ukrainien-un-melange-des-trois-religions\/210217\/#breadcrumb"},"inLanguage":"fr-FR","potentialAction":[{"@type":"ReadAction","target":["https:\/\/www.webdo.tn\/fr\/actualite\/international\/le-gouvernement-ukrainien-un-melange-des-trois-religions\/210217\/"]}]},{"@type":"ImageObject","inLanguage":"fr-FR","@id":"https:\/\/www.webdo.tn\/fr\/actualite\/international\/le-gouvernement-ukrainien-un-melange-des-trois-religions\/210217\/#primaryimage","url":"https:\/\/www.webdo.tn\/fr\/wp-content\/uploads\/2023\/11\/0d5b277dbb76bbcd66ad05825021a983.jpg","contentUrl":"https:\/\/www.webdo.tn\/fr\/wp-content\/uploads\/2023\/11\/0d5b277dbb76bbcd66ad05825021a983.jpg","width":750,"height":400,"caption":"ukraine gvt"},{"@type":"BreadcrumbList","@id":"https:\/\/www.webdo.tn\/fr\/actualite\/international\/le-gouvernement-ukrainien-un-melange-des-trois-religions\/210217\/#breadcrumb","itemListElement":[{"@type":"ListItem","position":1,"name":"Accueil","item":"https:\/\/www.webdo.tn\/fr\/"},{"@type":"ListItem","position":2,"name":"Le gouvernement ukrainien, un m\u00e9lange des trois religions\u2026"}]},{"@type":"WebSite","@id":"https:\/\/www.webdo.tn\/fr\/#website","url":"https:\/\/www.webdo.tn\/fr\/","name":"webdo","description":"Tunisie - News en Tunisie et \u00e0 l&#039;international sur Webdo.tn","publisher":{"@id":"https:\/\/www.webdo.tn\/fr\/#organization"},"potentialAction":[{"@type":"SearchAction","target":{"@type":"EntryPoint","urlTemplate":"https:\/\/www.webdo.tn\/fr\/?s={search_term_string}"},"query-input":{"@type":"PropertyValueSpecification","valueRequired":true,"valueName":"search_term_string"}}],"inLanguage":"fr-FR"},{"@type":"Organization","@id":"https:\/\/www.webdo.tn\/fr\/#organization","name":"Webdo","alternateName":"Webdo.tn","url":"https:\/\/www.webdo.tn\/fr\/","logo":{"@type":"ImageObject","inLanguage":"fr-FR","@id":"https:\/\/www.webdo.tn\/fr\/#\/schema\/logo\/image\/","url":"https:\/\/www.webdo.tn\/fr\/wp-content\/uploads\/2025\/06\/Webdo-Tunisie_168377.jpg","contentUrl":"https:\/\/www.webdo.tn\/fr\/wp-content\/uploads\/2025\/06\/Webdo-Tunisie_168377.jpg","width":301,"height":301,"caption":"Webdo"},"image":{"@id":"https:\/\/www.webdo.tn\/fr\/#\/schema\/logo\/image\/"},"sameAs":["https:\/\/www.facebook.com\/webdotn","https:\/\/x.com\/webdo_tn"],"description":"Webdo est un m\u00e9dia num\u00e9rique tunisien fond\u00e9 en 2010, sp\u00e9cialis\u00e9 dans l\u2019actualit\u00e9 nationale et internationale, l\u2019\u00e9conomie, la soci\u00e9t\u00e9 et les analyses politiques. Le site s\u2019adresse \u00e0 un large public francophone et couvre l\u2019information tunisienne en temps r\u00e9el.","email":"redac@webdo.tn","legalName":"YNJ SARL","foundingDate":"2010-09-06","numberOfEmployees":{"@type":"QuantitativeValue","minValue":"11","maxValue":"50"}},{"@type":"Person","@id":"https:\/\/www.webdo.tn\/fr\/#\/schema\/person\/2c509d3aeb706736cdf7dc93d76b6fe1","name":"Walid Ben Youssef","image":{"@type":"ImageObject","inLanguage":"fr-FR","@id":"https:\/\/www.webdo.tn\/fr\/wp-content\/uploads\/2026\/04\/walid-ben-youssef_avatar-96x96.jpg","url":"https:\/\/www.webdo.tn\/fr\/wp-content\/uploads\/2026\/04\/walid-ben-youssef_avatar-96x96.jpg","contentUrl":"https:\/\/www.webdo.tn\/fr\/wp-content\/uploads\/2026\/04\/walid-ben-youssef_avatar-96x96.jpg","caption":"Walid Ben Youssef"},"description":"Walid Ben Youssef est fondateur et directeur de publication de Webdo.tn, m\u00e9dia num\u00e9rique tunisien lanc\u00e9 en 2011. Journaliste depuis plus de 20 ans, il a d\u00e9but\u00e9 sa carri\u00e8re au sein du groupe Dar Tunis-Hebdo, o\u00f9 il a contribu\u00e9 d\u00e8s le d\u00e9but des ann\u00e9es 2000 au d\u00e9veloppement des premi\u00e8res initiatives web du titre. Avant de fonder Webdo, il a occup\u00e9 les fonctions de directeur adjoint du groupe Dar Tunis-Hebdo, participant au d\u00e9veloppement \u00e9ditorial, publicitaire et num\u00e9rique du groupe. Sp\u00e9cialis\u00e9 dans les m\u00e9dias num\u00e9riques, la transformation digitale de l\u2019information et l\u2019actualit\u00e9 nationale et internationale, il supervise la ligne \u00e9ditoriale de Webdo et pilote son d\u00e9veloppement strat\u00e9gique. Dipl\u00f4m\u00e9 en math\u00e9matiques de l\u2019Universit\u00e9 d\u2019Oregon (\u00c9tats-Unis), il associe une approche analytique \u00e0 une expertise de terrain du journalisme. \ud83d\udd17 Facebook : https:\/\/www.facebook.com\/wby.webdo","sameAs":["https:\/\/www.facebook.com\/wby.webdo"],"knowsAbout":["journalisme","m\u00e9dias num\u00e9riques","transformation digitale","actualit\u00e9 tunisienne","g\u00e9opolitique"],"knowsLanguage":["Fran\u00e7ais","Arabe","Anglais"],"jobTitle":"Fondateur et directeur de publication","worksFor":"Webdo.tn","url":"https:\/\/www.webdo.tn\/fr\/actualite\/author\/walid-ben-youssef\/"}]}},"_links":{"self":[{"href":"https:\/\/www.webdo.tn\/fr\/wp-json\/wp\/v2\/posts\/210217","targetHints":{"allow":["GET"]}}],"collection":[{"href":"https:\/\/www.webdo.tn\/fr\/wp-json\/wp\/v2\/posts"}],"about":[{"href":"https:\/\/www.webdo.tn\/fr\/wp-json\/wp\/v2\/types\/post"}],"author":[{"embeddable":true,"href":"https:\/\/www.webdo.tn\/fr\/wp-json\/wp\/v2\/users\/3183"}],"replies":[{"embeddable":true,"href":"https:\/\/www.webdo.tn\/fr\/wp-json\/wp\/v2\/comments?post=210217"}],"version-history":[{"count":0,"href":"https:\/\/www.webdo.tn\/fr\/wp-json\/wp\/v2\/posts\/210217\/revisions"}],"wp:featuredmedia":[{"embeddable":true,"href":"https:\/\/www.webdo.tn\/fr\/wp-json\/wp\/v2\/media\/248752"}],"wp:attachment":[{"href":"https:\/\/www.webdo.tn\/fr\/wp-json\/wp\/v2\/media?parent=210217"}],"wp:term":[{"taxonomy":"category","embeddable":true,"href":"https:\/\/www.webdo.tn\/fr\/wp-json\/wp\/v2\/categories?post=210217"},{"taxonomy":"post_tag","embeddable":true,"href":"https:\/\/www.webdo.tn\/fr\/wp-json\/wp\/v2\/tags?post=210217"}],"curies":[{"name":"wp","href":"https:\/\/api.w.org\/{rel}","templated":true}]}}