{"id":210216,"date":"2023-11-19T11:09:00","date_gmt":"2023-11-19T11:09:00","guid":{"rendered":"https:\/\/www.webdo.tn\/fr\/blog\/malek-jaziri-honore-par-l-atp\/210216\/"},"modified":"2025-05-20T21:55:36","modified_gmt":"2025-05-20T21:55:36","slug":"malek-jaziri-honore-par-l-atp","status":"publish","type":"post","link":"https:\/\/www.webdo.tn\/fr\/actualite\/sport\/malek-jaziri-honore-par-l-atp\/210216\/","title":{"rendered":"Malek Jaziri honor\u00e9 par l&rsquo;ATP"},"content":{"rendered":"<p>Malek Jaziri a officiellement mis fin \u00e0 sa carri\u00e8re en mai dernier apr\u00e8s 20 ans de bons et loyaux services. Le tennisman tunisien a \u00e9t\u00e9 honor\u00e9, samedi, par l&rsquo;Association professionnelle de tennis.<\/p>\n<p>\t\t\t\t\t\t\t\t\tIl a \u00e9t\u00e9 honor\u00e9 en marge de l&rsquo;ATP Finals \u00e0 Turin, tout comme un certain nombre de tennismen qui ont pris leur retraite en 2023. Ils ont tous \u00e9t\u00e9 honor\u00e9s lors de cette c\u00e9r\u00e9monie.<\/p>\n<p>Malek Jaziri, \u00e2g\u00e9 de 39 ans a jou\u00e9, cette saison, les derniers matches de sa longue carri\u00e8re. Malek Jaziri avait d\u2019ailleurs annonc\u00e9 que l\u2019Open de Tunis, en mai dernier serait son dernier tournoi en tant que joueur professionnel, lui qui a d\u00e9marr\u00e9 sa carri\u00e8re en 2004 et jou\u00e9 1064 matches officiels pour 574 victoires.<\/p>\n<p>Professionnel depuis 2003, il a remport\u00e9 plusieurs ATP Challenger Tour et de nombreuses m\u00e9dailles en Coupe d&rsquo;Afrique des nations et aux Jeux m\u00e9diterran\u00e9ens et a \u00e9galement particip\u00e9 \u00e0 deux tournois olympiques, \u00e0 Londres en 2012 et \u00e0 Rio de Janeiro en 2016.<\/p>\n<p>Malek Jaziri a atteint sa meilleure position dans le classement ATP, le 7 janvier 2019, se classant 42\u00e8me.<\/p>\n<p>En 2021, il a r\u00e9ussi un exploit historique avec l&rsquo;\u00e9quipe de Tunisie en acc\u00e9dant pour la premi\u00e8re fois au Groupe I de la Coupe Davis.<\/p>\n<p>Au cours de sa carri\u00e8re bien riche, Jaziri a d\u00e9fi\u00e9 des stars mondiales \u00e0 l&rsquo;instar du Suisse Roger Federer, le Serbe Novac Djokovic et le Britannique Andy Murray.<\/p>\n<p>Malek Jaziri a \u00e9t\u00e9 honor\u00e9 en septembre dernier par la F\u00e9d\u00e9ration internationale de tennis, lors de son Assembl\u00e9e g\u00e9n\u00e9rale \u00e9lective organis\u00e9e \u00e0 Canc\u00fan, au Mexique.<\/p>\n","protected":false},"excerpt":{"rendered":"<p>Il a \u00e9t\u00e9 honor\u00e9 en marge de l&rsquo;ATP Finals \u00e0 Turin, tout comme un certain nombre de tennismen qui ont pris leur retraite en 2023. Ils ont tous \u00e9t\u00e9 honor\u00e9s lors de&#8230;<\/p>\n","protected":false},"author":3162,"featured_media":248751,"comment_status":"open","ping_status":"closed","sticky":false,"template":"","format":"standard","meta":{"footnotes":""},"categories":[2593],"tags":[7538,7539,7537],"class_list":["post-210216","post","type-post","status-publish","format-standard","has-post-thumbnail","hentry","category-sport","tag-atp","tag-atp-finals","tag-malek-jaziri"],"yoast_head":"<!-- This site is optimized with the Yoast SEO Premium plugin v27.5 (Yoast SEO v27.5) - https:\/\/yoast.com\/product\/yoast-seo-premium-wordpress\/ -->\n<title>Malek Jaziri honor\u00e9 par l&#039;ATP<\/title>\n<meta name=\"description\" content=\"Il a \u00e9t\u00e9 honor\u00e9 en marge de l&#039;ATP Finals \u00e0 Turin, tout comme un certain nombre de tennismen qui ont pris leur retraite en 2023. Ils ont tous \u00e9t\u00e9 honor\u00e9s lors de...\" \/>\n<link rel=\"canonical\" href=\"https:\/\/www.webdo.tn\/fr\/actualite\/sport\/malek-jaziri-honore-par-l-atp\/210216\/\" \/>\n<meta property=\"og:locale\" content=\"fr_FR\" \/>\n<meta property=\"og:type\" content=\"article\" \/>\n<meta property=\"og:title\" content=\"Malek Jaziri honor\u00e9 par l&#039;ATP\" \/>\n<meta property=\"og:description\" content=\"Il a \u00e9t\u00e9 honor\u00e9 en marge de l&#039;ATP Finals \u00e0 Turin, tout comme un certain nombre de tennismen qui ont pris leur retraite en 2023. Ils ont tous \u00e9t\u00e9 honor\u00e9s lors de...\" \/>\n<meta property=\"og:url\" content=\"https:\/\/www.webdo.tn\/fr\/actualite\/sport\/malek-jaziri-honore-par-l-atp\/210216\/\" \/>\n<meta property=\"og:site_name\" content=\"webdo\" \/>\n<meta property=\"article:publisher\" content=\"https:\/\/www.facebook.com\/webdotn\" \/>\n<meta property=\"article:published_time\" content=\"2023-11-19T11:09:00+00:00\" \/>\n<meta property=\"article:modified_time\" content=\"2025-05-20T21:55:36+00:00\" \/>\n<meta property=\"og:image\" content=\"https:\/\/www.webdo.tn\/fr\/wp-content\/uploads\/2023\/11\/8c71baba870d519dd20305327d2a2e68.jpg\" \/>\n\t<meta property=\"og:image:width\" content=\"750\" \/>\n\t<meta property=\"og:image:height\" content=\"400\" \/>\n\t<meta property=\"og:image:type\" content=\"image\/jpeg\" \/>\n<meta name=\"author\" content=\"MC\" \/>\n<meta name=\"twitter:card\" content=\"summary_large_image\" \/>\n<meta name=\"twitter:creator\" content=\"@webdo_tn\" \/>\n<meta name=\"twitter:site\" content=\"@webdo_tn\" \/>\n<meta name=\"twitter:label1\" content=\"\u00c9crit par\" \/>\n\t<meta name=\"twitter:data1\" content=\"MC\" \/>\n\t<meta name=\"twitter:label2\" content=\"Dur\u00e9e de lecture estim\u00e9e\" \/>\n\t<meta name=\"twitter:data2\" content=\"1 minute\" \/>\n<script type=\"application\/ld+json\" class=\"yoast-schema-graph\">{\"@context\":\"https:\\\/\\\/schema.org\",\"@graph\":[{\"@type\":\"NewsArticle\",\"@id\":\"https:\\\/\\\/www.webdo.tn\\\/fr\\\/actualite\\\/sport\\\/malek-jaziri-honore-par-l-atp\\\/210216\\\/#article\",\"isPartOf\":{\"@id\":\"https:\\\/\\\/www.webdo.tn\\\/fr\\\/actualite\\\/sport\\\/malek-jaziri-honore-par-l-atp\\\/210216\\\/\"},\"author\":{\"name\":\"MC\",\"@id\":\"https:\\\/\\\/www.webdo.tn\\\/fr\\\/#\\\/schema\\\/person\\\/2c4929cbf5a809e3bd38617c6ce150f6\"},\"headline\":\"Malek Jaziri honor\u00e9 par l&rsquo;ATP\",\"datePublished\":\"2023-11-19T11:09:00+00:00\",\"dateModified\":\"2025-05-20T21:55:36+00:00\",\"mainEntityOfPage\":{\"@id\":\"https:\\\/\\\/www.webdo.tn\\\/fr\\\/actualite\\\/sport\\\/malek-jaziri-honore-par-l-atp\\\/210216\\\/\"},\"wordCount\":275,\"commentCount\":0,\"publisher\":{\"@id\":\"https:\\\/\\\/www.webdo.tn\\\/fr\\\/#organization\"},\"image\":{\"@id\":\"https:\\\/\\\/www.webdo.tn\\\/fr\\\/actualite\\\/sport\\\/malek-jaziri-honore-par-l-atp\\\/210216\\\/#primaryimage\"},\"thumbnailUrl\":\"https:\\\/\\\/www.webdo.tn\\\/fr\\\/wp-content\\\/uploads\\\/2023\\\/11\\\/8c71baba870d519dd20305327d2a2e68.jpg\",\"keywords\":[\"ATP\",\"atp finals\",\"malek jaziri\"],\"articleSection\":[\"Sport\"],\"inLanguage\":\"fr-FR\"},{\"@type\":\"WebPage\",\"@id\":\"https:\\\/\\\/www.webdo.tn\\\/fr\\\/actualite\\\/sport\\\/malek-jaziri-honore-par-l-atp\\\/210216\\\/\",\"url\":\"https:\\\/\\\/www.webdo.tn\\\/fr\\\/actualite\\\/sport\\\/malek-jaziri-honore-par-l-atp\\\/210216\\\/\",\"name\":\"Malek Jaziri honor\u00e9 par l'ATP\",\"isPartOf\":{\"@id\":\"https:\\\/\\\/www.webdo.tn\\\/fr\\\/#website\"},\"primaryImageOfPage\":{\"@id\":\"https:\\\/\\\/www.webdo.tn\\\/fr\\\/actualite\\\/sport\\\/malek-jaziri-honore-par-l-atp\\\/210216\\\/#primaryimage\"},\"image\":{\"@id\":\"https:\\\/\\\/www.webdo.tn\\\/fr\\\/actualite\\\/sport\\\/malek-jaziri-honore-par-l-atp\\\/210216\\\/#primaryimage\"},\"thumbnailUrl\":\"https:\\\/\\\/www.webdo.tn\\\/fr\\\/wp-content\\\/uploads\\\/2023\\\/11\\\/8c71baba870d519dd20305327d2a2e68.jpg\",\"datePublished\":\"2023-11-19T11:09:00+00:00\",\"dateModified\":\"2025-05-20T21:55:36+00:00\",\"description\":\"Il a \u00e9t\u00e9 honor\u00e9 en marge de l'ATP Finals \u00e0 Turin, tout comme un certain nombre de tennismen qui ont pris leur retraite en 2023. Ils ont tous \u00e9t\u00e9 honor\u00e9s lors de...\",\"breadcrumb\":{\"@id\":\"https:\\\/\\\/www.webdo.tn\\\/fr\\\/actualite\\\/sport\\\/malek-jaziri-honore-par-l-atp\\\/210216\\\/#breadcrumb\"},\"inLanguage\":\"fr-FR\",\"potentialAction\":[{\"@type\":\"ReadAction\",\"target\":[\"https:\\\/\\\/www.webdo.tn\\\/fr\\\/actualite\\\/sport\\\/malek-jaziri-honore-par-l-atp\\\/210216\\\/\"]}]},{\"@type\":\"ImageObject\",\"inLanguage\":\"fr-FR\",\"@id\":\"https:\\\/\\\/www.webdo.tn\\\/fr\\\/actualite\\\/sport\\\/malek-jaziri-honore-par-l-atp\\\/210216\\\/#primaryimage\",\"url\":\"https:\\\/\\\/www.webdo.tn\\\/fr\\\/wp-content\\\/uploads\\\/2023\\\/11\\\/8c71baba870d519dd20305327d2a2e68.jpg\",\"contentUrl\":\"https:\\\/\\\/www.webdo.tn\\\/fr\\\/wp-content\\\/uploads\\\/2023\\\/11\\\/8c71baba870d519dd20305327d2a2e68.jpg\",\"width\":750,\"height\":400,\"caption\":\"Malek Jaziri honor\u00e9 par l'ATP\"},{\"@type\":\"BreadcrumbList\",\"@id\":\"https:\\\/\\\/www.webdo.tn\\\/fr\\\/actualite\\\/sport\\\/malek-jaziri-honore-par-l-atp\\\/210216\\\/#breadcrumb\",\"itemListElement\":[{\"@type\":\"ListItem\",\"position\":1,\"name\":\"Accueil\",\"item\":\"https:\\\/\\\/www.webdo.tn\\\/fr\\\/\"},{\"@type\":\"ListItem\",\"position\":2,\"name\":\"Malek Jaziri honor\u00e9 par l&rsquo;ATP\"}]},{\"@type\":\"WebSite\",\"@id\":\"https:\\\/\\\/www.webdo.tn\\\/fr\\\/#website\",\"url\":\"https:\\\/\\\/www.webdo.tn\\\/fr\\\/\",\"name\":\"webdo\",\"description\":\"Tunisie - News en Tunisie et \u00e0 l&#039;international sur Webdo.tn\",\"publisher\":{\"@id\":\"https:\\\/\\\/www.webdo.tn\\\/fr\\\/#organization\"},\"potentialAction\":[{\"@type\":\"SearchAction\",\"target\":{\"@type\":\"EntryPoint\",\"urlTemplate\":\"https:\\\/\\\/www.webdo.tn\\\/fr\\\/?s={search_term_string}\"},\"query-input\":{\"@type\":\"PropertyValueSpecification\",\"valueRequired\":true,\"valueName\":\"search_term_string\"}}],\"inLanguage\":\"fr-FR\"},{\"@type\":\"Organization\",\"@id\":\"https:\\\/\\\/www.webdo.tn\\\/fr\\\/#organization\",\"name\":\"Webdo\",\"alternateName\":\"Webdo.tn\",\"url\":\"https:\\\/\\\/www.webdo.tn\\\/fr\\\/\",\"logo\":{\"@type\":\"ImageObject\",\"inLanguage\":\"fr-FR\",\"@id\":\"https:\\\/\\\/www.webdo.tn\\\/fr\\\/#\\\/schema\\\/logo\\\/image\\\/\",\"url\":\"https:\\\/\\\/www.webdo.tn\\\/fr\\\/wp-content\\\/uploads\\\/2025\\\/06\\\/Webdo-Tunisie_168377.jpg\",\"contentUrl\":\"https:\\\/\\\/www.webdo.tn\\\/fr\\\/wp-content\\\/uploads\\\/2025\\\/06\\\/Webdo-Tunisie_168377.jpg\",\"width\":301,\"height\":301,\"caption\":\"Webdo\"},\"image\":{\"@id\":\"https:\\\/\\\/www.webdo.tn\\\/fr\\\/#\\\/schema\\\/logo\\\/image\\\/\"},\"sameAs\":[\"https:\\\/\\\/www.facebook.com\\\/webdotn\",\"https:\\\/\\\/x.com\\\/webdo_tn\"],\"description\":\"Webdo est un m\u00e9dia num\u00e9rique tunisien fond\u00e9 en 2010, sp\u00e9cialis\u00e9 dans l\u2019actualit\u00e9 nationale et internationale, l\u2019\u00e9conomie, la soci\u00e9t\u00e9 et les analyses politiques. Le site s\u2019adresse \u00e0 un large public francophone et couvre l\u2019information tunisienne en temps r\u00e9el.\",\"email\":\"redac@webdo.tn\",\"legalName\":\"YNJ SARL\",\"foundingDate\":\"2010-09-06\",\"numberOfEmployees\":{\"@type\":\"QuantitativeValue\",\"minValue\":\"11\",\"maxValue\":\"50\"}},{\"@type\":\"Person\",\"@id\":\"https:\\\/\\\/www.webdo.tn\\\/fr\\\/#\\\/schema\\\/person\\\/2c4929cbf5a809e3bd38617c6ce150f6\",\"name\":\"MC\",\"image\":{\"@type\":\"ImageObject\",\"inLanguage\":\"fr-FR\",\"@id\":\"https:\\\/\\\/secure.gravatar.com\\\/avatar\\\/a545bbb6f84efdd5553dbbc2895e3ca8f1d12c5215e00a041c9670b54aa9b18a?s=96&d=mm&r=g\",\"url\":\"https:\\\/\\\/secure.gravatar.com\\\/avatar\\\/a545bbb6f84efdd5553dbbc2895e3ca8f1d12c5215e00a041c9670b54aa9b18a?s=96&d=mm&r=g\",\"contentUrl\":\"https:\\\/\\\/secure.gravatar.com\\\/avatar\\\/a545bbb6f84efdd5553dbbc2895e3ca8f1d12c5215e00a041c9670b54aa9b18a?s=96&d=mm&r=g\",\"caption\":\"MC\"},\"url\":\"https:\\\/\\\/www.webdo.tn\\\/fr\\\/actualite\\\/author\\\/mc\\\/\"}]}<\/script>\n<!-- \/ Yoast SEO Premium plugin. -->","yoast_head_json":{"title":"Malek Jaziri honor\u00e9 par l'ATP","description":"Il a \u00e9t\u00e9 honor\u00e9 en marge de l'ATP Finals \u00e0 Turin, tout comme un certain nombre de tennismen qui ont pris leur retraite en 2023. Ils ont tous \u00e9t\u00e9 honor\u00e9s lors de...","canonical":"https:\/\/www.webdo.tn\/fr\/actualite\/sport\/malek-jaziri-honore-par-l-atp\/210216\/","og_locale":"fr_FR","og_type":"article","og_title":"Malek Jaziri honor\u00e9 par l'ATP","og_description":"Il a \u00e9t\u00e9 honor\u00e9 en marge de l'ATP Finals \u00e0 Turin, tout comme un certain nombre de tennismen qui ont pris leur retraite en 2023. Ils ont tous \u00e9t\u00e9 honor\u00e9s lors de...","og_url":"https:\/\/www.webdo.tn\/fr\/actualite\/sport\/malek-jaziri-honore-par-l-atp\/210216\/","og_site_name":"webdo","article_publisher":"https:\/\/www.facebook.com\/webdotn","article_published_time":"2023-11-19T11:09:00+00:00","article_modified_time":"2025-05-20T21:55:36+00:00","og_image":[{"width":750,"height":400,"url":"https:\/\/www.webdo.tn\/fr\/wp-content\/uploads\/2023\/11\/8c71baba870d519dd20305327d2a2e68.jpg","type":"image\/jpeg"}],"author":"MC","twitter_card":"summary_large_image","twitter_creator":"@webdo_tn","twitter_site":"@webdo_tn","twitter_misc":{"\u00c9crit par":"MC","Dur\u00e9e de lecture estim\u00e9e":"1 minute"},"schema":{"@context":"https:\/\/schema.org","@graph":[{"@type":"NewsArticle","@id":"https:\/\/www.webdo.tn\/fr\/actualite\/sport\/malek-jaziri-honore-par-l-atp\/210216\/#article","isPartOf":{"@id":"https:\/\/www.webdo.tn\/fr\/actualite\/sport\/malek-jaziri-honore-par-l-atp\/210216\/"},"author":{"name":"MC","@id":"https:\/\/www.webdo.tn\/fr\/#\/schema\/person\/2c4929cbf5a809e3bd38617c6ce150f6"},"headline":"Malek Jaziri honor\u00e9 par l&rsquo;ATP","datePublished":"2023-11-19T11:09:00+00:00","dateModified":"2025-05-20T21:55:36+00:00","mainEntityOfPage":{"@id":"https:\/\/www.webdo.tn\/fr\/actualite\/sport\/malek-jaziri-honore-par-l-atp\/210216\/"},"wordCount":275,"commentCount":0,"publisher":{"@id":"https:\/\/www.webdo.tn\/fr\/#organization"},"image":{"@id":"https:\/\/www.webdo.tn\/fr\/actualite\/sport\/malek-jaziri-honore-par-l-atp\/210216\/#primaryimage"},"thumbnailUrl":"https:\/\/www.webdo.tn\/fr\/wp-content\/uploads\/2023\/11\/8c71baba870d519dd20305327d2a2e68.jpg","keywords":["ATP","atp finals","malek jaziri"],"articleSection":["Sport"],"inLanguage":"fr-FR"},{"@type":"WebPage","@id":"https:\/\/www.webdo.tn\/fr\/actualite\/sport\/malek-jaziri-honore-par-l-atp\/210216\/","url":"https:\/\/www.webdo.tn\/fr\/actualite\/sport\/malek-jaziri-honore-par-l-atp\/210216\/","name":"Malek Jaziri honor\u00e9 par l'ATP","isPartOf":{"@id":"https:\/\/www.webdo.tn\/fr\/#website"},"primaryImageOfPage":{"@id":"https:\/\/www.webdo.tn\/fr\/actualite\/sport\/malek-jaziri-honore-par-l-atp\/210216\/#primaryimage"},"image":{"@id":"https:\/\/www.webdo.tn\/fr\/actualite\/sport\/malek-jaziri-honore-par-l-atp\/210216\/#primaryimage"},"thumbnailUrl":"https:\/\/www.webdo.tn\/fr\/wp-content\/uploads\/2023\/11\/8c71baba870d519dd20305327d2a2e68.jpg","datePublished":"2023-11-19T11:09:00+00:00","dateModified":"2025-05-20T21:55:36+00:00","description":"Il a \u00e9t\u00e9 honor\u00e9 en marge de l'ATP Finals \u00e0 Turin, tout comme un certain nombre de tennismen qui ont pris leur retraite en 2023. Ils ont tous \u00e9t\u00e9 honor\u00e9s lors de...","breadcrumb":{"@id":"https:\/\/www.webdo.tn\/fr\/actualite\/sport\/malek-jaziri-honore-par-l-atp\/210216\/#breadcrumb"},"inLanguage":"fr-FR","potentialAction":[{"@type":"ReadAction","target":["https:\/\/www.webdo.tn\/fr\/actualite\/sport\/malek-jaziri-honore-par-l-atp\/210216\/"]}]},{"@type":"ImageObject","inLanguage":"fr-FR","@id":"https:\/\/www.webdo.tn\/fr\/actualite\/sport\/malek-jaziri-honore-par-l-atp\/210216\/#primaryimage","url":"https:\/\/www.webdo.tn\/fr\/wp-content\/uploads\/2023\/11\/8c71baba870d519dd20305327d2a2e68.jpg","contentUrl":"https:\/\/www.webdo.tn\/fr\/wp-content\/uploads\/2023\/11\/8c71baba870d519dd20305327d2a2e68.jpg","width":750,"height":400,"caption":"Malek Jaziri honor\u00e9 par l'ATP"},{"@type":"BreadcrumbList","@id":"https:\/\/www.webdo.tn\/fr\/actualite\/sport\/malek-jaziri-honore-par-l-atp\/210216\/#breadcrumb","itemListElement":[{"@type":"ListItem","position":1,"name":"Accueil","item":"https:\/\/www.webdo.tn\/fr\/"},{"@type":"ListItem","position":2,"name":"Malek Jaziri honor\u00e9 par l&rsquo;ATP"}]},{"@type":"WebSite","@id":"https:\/\/www.webdo.tn\/fr\/#website","url":"https:\/\/www.webdo.tn\/fr\/","name":"webdo","description":"Tunisie - News en Tunisie et \u00e0 l&#039;international sur Webdo.tn","publisher":{"@id":"https:\/\/www.webdo.tn\/fr\/#organization"},"potentialAction":[{"@type":"SearchAction","target":{"@type":"EntryPoint","urlTemplate":"https:\/\/www.webdo.tn\/fr\/?s={search_term_string}"},"query-input":{"@type":"PropertyValueSpecification","valueRequired":true,"valueName":"search_term_string"}}],"inLanguage":"fr-FR"},{"@type":"Organization","@id":"https:\/\/www.webdo.tn\/fr\/#organization","name":"Webdo","alternateName":"Webdo.tn","url":"https:\/\/www.webdo.tn\/fr\/","logo":{"@type":"ImageObject","inLanguage":"fr-FR","@id":"https:\/\/www.webdo.tn\/fr\/#\/schema\/logo\/image\/","url":"https:\/\/www.webdo.tn\/fr\/wp-content\/uploads\/2025\/06\/Webdo-Tunisie_168377.jpg","contentUrl":"https:\/\/www.webdo.tn\/fr\/wp-content\/uploads\/2025\/06\/Webdo-Tunisie_168377.jpg","width":301,"height":301,"caption":"Webdo"},"image":{"@id":"https:\/\/www.webdo.tn\/fr\/#\/schema\/logo\/image\/"},"sameAs":["https:\/\/www.facebook.com\/webdotn","https:\/\/x.com\/webdo_tn"],"description":"Webdo est un m\u00e9dia num\u00e9rique tunisien fond\u00e9 en 2010, sp\u00e9cialis\u00e9 dans l\u2019actualit\u00e9 nationale et internationale, l\u2019\u00e9conomie, la soci\u00e9t\u00e9 et les analyses politiques. Le site s\u2019adresse \u00e0 un large public francophone et couvre l\u2019information tunisienne en temps r\u00e9el.","email":"redac@webdo.tn","legalName":"YNJ SARL","foundingDate":"2010-09-06","numberOfEmployees":{"@type":"QuantitativeValue","minValue":"11","maxValue":"50"}},{"@type":"Person","@id":"https:\/\/www.webdo.tn\/fr\/#\/schema\/person\/2c4929cbf5a809e3bd38617c6ce150f6","name":"MC","image":{"@type":"ImageObject","inLanguage":"fr-FR","@id":"https:\/\/secure.gravatar.com\/avatar\/a545bbb6f84efdd5553dbbc2895e3ca8f1d12c5215e00a041c9670b54aa9b18a?s=96&d=mm&r=g","url":"https:\/\/secure.gravatar.com\/avatar\/a545bbb6f84efdd5553dbbc2895e3ca8f1d12c5215e00a041c9670b54aa9b18a?s=96&d=mm&r=g","contentUrl":"https:\/\/secure.gravatar.com\/avatar\/a545bbb6f84efdd5553dbbc2895e3ca8f1d12c5215e00a041c9670b54aa9b18a?s=96&d=mm&r=g","caption":"MC"},"url":"https:\/\/www.webdo.tn\/fr\/actualite\/author\/mc\/"}]}},"_links":{"self":[{"href":"https:\/\/www.webdo.tn\/fr\/wp-json\/wp\/v2\/posts\/210216","targetHints":{"allow":["GET"]}}],"collection":[{"href":"https:\/\/www.webdo.tn\/fr\/wp-json\/wp\/v2\/posts"}],"about":[{"href":"https:\/\/www.webdo.tn\/fr\/wp-json\/wp\/v2\/types\/post"}],"author":[{"embeddable":true,"href":"https:\/\/www.webdo.tn\/fr\/wp-json\/wp\/v2\/users\/3162"}],"replies":[{"embeddable":true,"href":"https:\/\/www.webdo.tn\/fr\/wp-json\/wp\/v2\/comments?post=210216"}],"version-history":[{"count":0,"href":"https:\/\/www.webdo.tn\/fr\/wp-json\/wp\/v2\/posts\/210216\/revisions"}],"wp:featuredmedia":[{"embeddable":true,"href":"https:\/\/www.webdo.tn\/fr\/wp-json\/wp\/v2\/media\/248751"}],"wp:attachment":[{"href":"https:\/\/www.webdo.tn\/fr\/wp-json\/wp\/v2\/media?parent=210216"}],"wp:term":[{"taxonomy":"category","embeddable":true,"href":"https:\/\/www.webdo.tn\/fr\/wp-json\/wp\/v2\/categories?post=210216"},{"taxonomy":"post_tag","embeddable":true,"href":"https:\/\/www.webdo.tn\/fr\/wp-json\/wp\/v2\/tags?post=210216"}],"curies":[{"name":"wp","href":"https:\/\/api.w.org\/{rel}","templated":true}]}}