{"id":210206,"date":"2023-11-18T09:35:00","date_gmt":"2023-11-18T09:35:00","guid":{"rendered":"https:\/\/www.webdo.tn\/fr\/blog\/dribble-par-joseph-boakai-george-weah-perd-la-presidentielle-au-liberia\/210206\/"},"modified":"2025-05-20T21:55:34","modified_gmt":"2025-05-20T21:55:34","slug":"dribble-par-joseph-boakai-george-weah-perd-la-presidentielle-au-liberia","status":"publish","type":"post","link":"https:\/\/www.webdo.tn\/fr\/actualite\/international\/dribble-par-joseph-boakai-george-weah-perd-la-presidentielle-au-liberia\/210206\/","title":{"rendered":"Dribbl\u00e9 par Joseph Boakai, George Weah perd la pr\u00e9sidentielle au Liberia"},"content":{"rendered":"<p>Le pr\u00e9sident sortant du Liberia George Weah, ancienne star du football mondial, a conc\u00e9d\u00e9, hier vendredi 17 novembre, sa d\u00e9faite \u00e0 l&rsquo;\u00e9lection pr\u00e9sidentielle apr\u00e8s une course serr\u00e9e, ce qui devrait assurer une passation de pouvoir en douceur dans ce pays d&rsquo;Afrique de l&rsquo;Ouest.<\/p>\n<p>\t\t\t\t\t\t\t\t\tJoseph Boakai, ancien vice-pr\u00e9sident, a remport\u00e9 le second tour du scrutin avec 50,9% des voix contre 49,1% pour George Weah, a annonc\u00e9 vendredi la commission \u00e9lectorale du Liberia.<\/p>\n<p>\u00ab\u00a0J&rsquo;ai parl\u00e9 il y a quelques instants avec le pr\u00e9sident \u00e9lu Joseph Boakai que j&rsquo;ai f\u00e9licit\u00e9 pour sa victoire\u00a0\u00bb, a d\u00e9clar\u00e9 George Weah \u00e0 la radio nationale. \u00ab\u00a0Je vous appelle \u00e0 suivre mon exemple et \u00e0 accepter le r\u00e9sultat de l&rsquo;\u00e9lection.\u00a0\u00bb<\/p>\n<p>De nombreux \u00e9lecteurs ont estim\u00e9 que George Weah, qui \u00e9tait en poste depuis 2018 et ancienne vedette de l&rsquo;AC Milan, Chelsea et Manchester City, n&rsquo;avait pas honor\u00e9 ses promesses de r\u00e9duire la pauvret\u00e9 et d&rsquo;am\u00e9liorer les infrastructures du pays.<\/p>\n<p>Le Lib\u00e9ria peine toujours \u00e0 se remettre de deux guerres civiles d\u00e9vastatrices entre 1989 et 2003 qui ont fait plus de 250.000 morts. Une \u00e9pid\u00e9mie d&rsquo;Ebola, entre 2013 et 2016, a aussi fait des milliers de morts.<\/p>\n","protected":false},"excerpt":{"rendered":"<p>Joseph Boakai, ancien vice-pr\u00e9sident, a remport\u00e9 le second tour du scrutin avec 50,9% des voix contre 49,1% pour George Weah, a annonc\u00e9 vendredi la commission \u00e9&#8230;<\/p>\n","protected":false},"author":3162,"featured_media":248745,"comment_status":"open","ping_status":"closed","sticky":false,"template":"","format":"standard","meta":{"footnotes":""},"categories":[2598],"tags":[7531,3581,5503],"class_list":["post-210206","post","type-post","status-publish","format-standard","has-post-thumbnail","hentry","category-international","tag-george-weah","tag-liberia","tag-presidentielle"],"yoast_head":"<!-- This site is optimized with the Yoast SEO Premium plugin v27.5 (Yoast SEO v27.5) - https:\/\/yoast.com\/product\/yoast-seo-premium-wordpress\/ -->\n<title>Dribbl\u00e9 par Joseph Boakai, George Weah perd la pr\u00e9sidentielle au Liberia<\/title>\n<meta name=\"description\" content=\"Joseph Boakai, ancien vice-pr\u00e9sident, a remport\u00e9 le second tour du scrutin avec 50,9% des voix contre 49,1% pour George Weah, a annonc\u00e9 vendredi la commission \u00e9...\" \/>\n<link rel=\"canonical\" href=\"https:\/\/www.webdo.tn\/fr\/actualite\/international\/dribble-par-joseph-boakai-george-weah-perd-la-presidentielle-au-liberia\/210206\/\" \/>\n<meta property=\"og:locale\" content=\"fr_FR\" \/>\n<meta property=\"og:type\" content=\"article\" \/>\n<meta property=\"og:title\" content=\"Dribbl\u00e9 par Joseph Boakai, George Weah perd la pr\u00e9sidentielle au Liberia\" \/>\n<meta property=\"og:description\" content=\"Joseph Boakai, ancien vice-pr\u00e9sident, a remport\u00e9 le second tour du scrutin avec 50,9% des voix contre 49,1% pour George Weah, a annonc\u00e9 vendredi la commission \u00e9...\" \/>\n<meta property=\"og:url\" content=\"https:\/\/www.webdo.tn\/fr\/actualite\/international\/dribble-par-joseph-boakai-george-weah-perd-la-presidentielle-au-liberia\/210206\/\" \/>\n<meta property=\"og:site_name\" content=\"webdo\" \/>\n<meta property=\"article:publisher\" content=\"https:\/\/www.facebook.com\/webdotn\" \/>\n<meta property=\"article:published_time\" content=\"2023-11-18T09:35:00+00:00\" \/>\n<meta property=\"article:modified_time\" content=\"2025-05-20T21:55:34+00:00\" \/>\n<meta property=\"og:image\" content=\"https:\/\/www.webdo.tn\/fr\/wp-content\/uploads\/2023\/11\/7becf2c334dc8dfb983a604ac5d0a71d.jpg\" \/>\n\t<meta property=\"og:image:width\" content=\"750\" \/>\n\t<meta property=\"og:image:height\" content=\"400\" \/>\n\t<meta property=\"og:image:type\" content=\"image\/jpeg\" \/>\n<meta name=\"author\" content=\"MC\" \/>\n<meta name=\"twitter:card\" content=\"summary_large_image\" \/>\n<meta name=\"twitter:creator\" content=\"@webdo_tn\" \/>\n<meta name=\"twitter:site\" content=\"@webdo_tn\" \/>\n<meta name=\"twitter:label1\" content=\"\u00c9crit par\" \/>\n\t<meta name=\"twitter:data1\" content=\"MC\" \/>\n\t<meta name=\"twitter:label2\" content=\"Dur\u00e9e de lecture estim\u00e9e\" \/>\n\t<meta name=\"twitter:data2\" content=\"1 minute\" \/>\n<script type=\"application\/ld+json\" class=\"yoast-schema-graph\">{\"@context\":\"https:\\\/\\\/schema.org\",\"@graph\":[{\"@type\":\"NewsArticle\",\"@id\":\"https:\\\/\\\/www.webdo.tn\\\/fr\\\/actualite\\\/international\\\/dribble-par-joseph-boakai-george-weah-perd-la-presidentielle-au-liberia\\\/210206\\\/#article\",\"isPartOf\":{\"@id\":\"https:\\\/\\\/www.webdo.tn\\\/fr\\\/actualite\\\/international\\\/dribble-par-joseph-boakai-george-weah-perd-la-presidentielle-au-liberia\\\/210206\\\/\"},\"author\":{\"name\":\"MC\",\"@id\":\"https:\\\/\\\/www.webdo.tn\\\/fr\\\/#\\\/schema\\\/person\\\/2c4929cbf5a809e3bd38617c6ce150f6\"},\"headline\":\"Dribbl\u00e9 par Joseph Boakai, George Weah perd la pr\u00e9sidentielle au Liberia\",\"datePublished\":\"2023-11-18T09:35:00+00:00\",\"dateModified\":\"2025-05-20T21:55:34+00:00\",\"mainEntityOfPage\":{\"@id\":\"https:\\\/\\\/www.webdo.tn\\\/fr\\\/actualite\\\/international\\\/dribble-par-joseph-boakai-george-weah-perd-la-presidentielle-au-liberia\\\/210206\\\/\"},\"wordCount\":212,\"commentCount\":0,\"publisher\":{\"@id\":\"https:\\\/\\\/www.webdo.tn\\\/fr\\\/#organization\"},\"image\":{\"@id\":\"https:\\\/\\\/www.webdo.tn\\\/fr\\\/actualite\\\/international\\\/dribble-par-joseph-boakai-george-weah-perd-la-presidentielle-au-liberia\\\/210206\\\/#primaryimage\"},\"thumbnailUrl\":\"https:\\\/\\\/www.webdo.tn\\\/fr\\\/wp-content\\\/uploads\\\/2023\\\/11\\\/7becf2c334dc8dfb983a604ac5d0a71d.jpg\",\"keywords\":[\"George Weah\",\"liberia\",\"pr\u00e9sidentielle\"],\"articleSection\":[\"International\"],\"inLanguage\":\"fr-FR\"},{\"@type\":\"WebPage\",\"@id\":\"https:\\\/\\\/www.webdo.tn\\\/fr\\\/actualite\\\/international\\\/dribble-par-joseph-boakai-george-weah-perd-la-presidentielle-au-liberia\\\/210206\\\/\",\"url\":\"https:\\\/\\\/www.webdo.tn\\\/fr\\\/actualite\\\/international\\\/dribble-par-joseph-boakai-george-weah-perd-la-presidentielle-au-liberia\\\/210206\\\/\",\"name\":\"Dribbl\u00e9 par Joseph Boakai, George Weah perd la pr\u00e9sidentielle au Liberia\",\"isPartOf\":{\"@id\":\"https:\\\/\\\/www.webdo.tn\\\/fr\\\/#website\"},\"primaryImageOfPage\":{\"@id\":\"https:\\\/\\\/www.webdo.tn\\\/fr\\\/actualite\\\/international\\\/dribble-par-joseph-boakai-george-weah-perd-la-presidentielle-au-liberia\\\/210206\\\/#primaryimage\"},\"image\":{\"@id\":\"https:\\\/\\\/www.webdo.tn\\\/fr\\\/actualite\\\/international\\\/dribble-par-joseph-boakai-george-weah-perd-la-presidentielle-au-liberia\\\/210206\\\/#primaryimage\"},\"thumbnailUrl\":\"https:\\\/\\\/www.webdo.tn\\\/fr\\\/wp-content\\\/uploads\\\/2023\\\/11\\\/7becf2c334dc8dfb983a604ac5d0a71d.jpg\",\"datePublished\":\"2023-11-18T09:35:00+00:00\",\"dateModified\":\"2025-05-20T21:55:34+00:00\",\"description\":\"Joseph Boakai, ancien vice-pr\u00e9sident, a remport\u00e9 le second tour du scrutin avec 50,9% des voix contre 49,1% pour George Weah, a annonc\u00e9 vendredi la commission \u00e9...\",\"breadcrumb\":{\"@id\":\"https:\\\/\\\/www.webdo.tn\\\/fr\\\/actualite\\\/international\\\/dribble-par-joseph-boakai-george-weah-perd-la-presidentielle-au-liberia\\\/210206\\\/#breadcrumb\"},\"inLanguage\":\"fr-FR\",\"potentialAction\":[{\"@type\":\"ReadAction\",\"target\":[\"https:\\\/\\\/www.webdo.tn\\\/fr\\\/actualite\\\/international\\\/dribble-par-joseph-boakai-george-weah-perd-la-presidentielle-au-liberia\\\/210206\\\/\"]}]},{\"@type\":\"ImageObject\",\"inLanguage\":\"fr-FR\",\"@id\":\"https:\\\/\\\/www.webdo.tn\\\/fr\\\/actualite\\\/international\\\/dribble-par-joseph-boakai-george-weah-perd-la-presidentielle-au-liberia\\\/210206\\\/#primaryimage\",\"url\":\"https:\\\/\\\/www.webdo.tn\\\/fr\\\/wp-content\\\/uploads\\\/2023\\\/11\\\/7becf2c334dc8dfb983a604ac5d0a71d.jpg\",\"contentUrl\":\"https:\\\/\\\/www.webdo.tn\\\/fr\\\/wp-content\\\/uploads\\\/2023\\\/11\\\/7becf2c334dc8dfb983a604ac5d0a71d.jpg\",\"width\":750,\"height\":400,\"caption\":\"Dribbl\u00e9 par Joseph Boakai, George Weah perd la pr\u00e9sidentielle au Liberia\"},{\"@type\":\"BreadcrumbList\",\"@id\":\"https:\\\/\\\/www.webdo.tn\\\/fr\\\/actualite\\\/international\\\/dribble-par-joseph-boakai-george-weah-perd-la-presidentielle-au-liberia\\\/210206\\\/#breadcrumb\",\"itemListElement\":[{\"@type\":\"ListItem\",\"position\":1,\"name\":\"Accueil\",\"item\":\"https:\\\/\\\/www.webdo.tn\\\/fr\\\/\"},{\"@type\":\"ListItem\",\"position\":2,\"name\":\"Dribbl\u00e9 par Joseph Boakai, George Weah perd la pr\u00e9sidentielle au Liberia\"}]},{\"@type\":\"WebSite\",\"@id\":\"https:\\\/\\\/www.webdo.tn\\\/fr\\\/#website\",\"url\":\"https:\\\/\\\/www.webdo.tn\\\/fr\\\/\",\"name\":\"webdo\",\"description\":\"Tunisie - News en Tunisie et \u00e0 l&#039;international sur Webdo.tn\",\"publisher\":{\"@id\":\"https:\\\/\\\/www.webdo.tn\\\/fr\\\/#organization\"},\"potentialAction\":[{\"@type\":\"SearchAction\",\"target\":{\"@type\":\"EntryPoint\",\"urlTemplate\":\"https:\\\/\\\/www.webdo.tn\\\/fr\\\/?s={search_term_string}\"},\"query-input\":{\"@type\":\"PropertyValueSpecification\",\"valueRequired\":true,\"valueName\":\"search_term_string\"}}],\"inLanguage\":\"fr-FR\"},{\"@type\":\"Organization\",\"@id\":\"https:\\\/\\\/www.webdo.tn\\\/fr\\\/#organization\",\"name\":\"Webdo\",\"alternateName\":\"Webdo.tn\",\"url\":\"https:\\\/\\\/www.webdo.tn\\\/fr\\\/\",\"logo\":{\"@type\":\"ImageObject\",\"inLanguage\":\"fr-FR\",\"@id\":\"https:\\\/\\\/www.webdo.tn\\\/fr\\\/#\\\/schema\\\/logo\\\/image\\\/\",\"url\":\"https:\\\/\\\/www.webdo.tn\\\/fr\\\/wp-content\\\/uploads\\\/2025\\\/06\\\/Webdo-Tunisie_168377.jpg\",\"contentUrl\":\"https:\\\/\\\/www.webdo.tn\\\/fr\\\/wp-content\\\/uploads\\\/2025\\\/06\\\/Webdo-Tunisie_168377.jpg\",\"width\":301,\"height\":301,\"caption\":\"Webdo\"},\"image\":{\"@id\":\"https:\\\/\\\/www.webdo.tn\\\/fr\\\/#\\\/schema\\\/logo\\\/image\\\/\"},\"sameAs\":[\"https:\\\/\\\/www.facebook.com\\\/webdotn\",\"https:\\\/\\\/x.com\\\/webdo_tn\"],\"description\":\"Webdo est un m\u00e9dia num\u00e9rique tunisien fond\u00e9 en 2010, sp\u00e9cialis\u00e9 dans l\u2019actualit\u00e9 nationale et internationale, l\u2019\u00e9conomie, la soci\u00e9t\u00e9 et les analyses politiques. Le site s\u2019adresse \u00e0 un large public francophone et couvre l\u2019information tunisienne en temps r\u00e9el.\",\"email\":\"redac@webdo.tn\",\"legalName\":\"YNJ SARL\",\"foundingDate\":\"2010-09-06\",\"numberOfEmployees\":{\"@type\":\"QuantitativeValue\",\"minValue\":\"11\",\"maxValue\":\"50\"}},{\"@type\":\"Person\",\"@id\":\"https:\\\/\\\/www.webdo.tn\\\/fr\\\/#\\\/schema\\\/person\\\/2c4929cbf5a809e3bd38617c6ce150f6\",\"name\":\"MC\",\"image\":{\"@type\":\"ImageObject\",\"inLanguage\":\"fr-FR\",\"@id\":\"https:\\\/\\\/secure.gravatar.com\\\/avatar\\\/a545bbb6f84efdd5553dbbc2895e3ca8f1d12c5215e00a041c9670b54aa9b18a?s=96&d=mm&r=g\",\"url\":\"https:\\\/\\\/secure.gravatar.com\\\/avatar\\\/a545bbb6f84efdd5553dbbc2895e3ca8f1d12c5215e00a041c9670b54aa9b18a?s=96&d=mm&r=g\",\"contentUrl\":\"https:\\\/\\\/secure.gravatar.com\\\/avatar\\\/a545bbb6f84efdd5553dbbc2895e3ca8f1d12c5215e00a041c9670b54aa9b18a?s=96&d=mm&r=g\",\"caption\":\"MC\"},\"url\":\"https:\\\/\\\/www.webdo.tn\\\/fr\\\/actualite\\\/author\\\/mc\\\/\"}]}<\/script>\n<!-- \/ Yoast SEO Premium plugin. -->","yoast_head_json":{"title":"Dribbl\u00e9 par Joseph Boakai, George Weah perd la pr\u00e9sidentielle au Liberia","description":"Joseph Boakai, ancien vice-pr\u00e9sident, a remport\u00e9 le second tour du scrutin avec 50,9% des voix contre 49,1% pour George Weah, a annonc\u00e9 vendredi la commission \u00e9...","canonical":"https:\/\/www.webdo.tn\/fr\/actualite\/international\/dribble-par-joseph-boakai-george-weah-perd-la-presidentielle-au-liberia\/210206\/","og_locale":"fr_FR","og_type":"article","og_title":"Dribbl\u00e9 par Joseph Boakai, George Weah perd la pr\u00e9sidentielle au Liberia","og_description":"Joseph Boakai, ancien vice-pr\u00e9sident, a remport\u00e9 le second tour du scrutin avec 50,9% des voix contre 49,1% pour George Weah, a annonc\u00e9 vendredi la commission \u00e9...","og_url":"https:\/\/www.webdo.tn\/fr\/actualite\/international\/dribble-par-joseph-boakai-george-weah-perd-la-presidentielle-au-liberia\/210206\/","og_site_name":"webdo","article_publisher":"https:\/\/www.facebook.com\/webdotn","article_published_time":"2023-11-18T09:35:00+00:00","article_modified_time":"2025-05-20T21:55:34+00:00","og_image":[{"width":750,"height":400,"url":"https:\/\/www.webdo.tn\/fr\/wp-content\/uploads\/2023\/11\/7becf2c334dc8dfb983a604ac5d0a71d.jpg","type":"image\/jpeg"}],"author":"MC","twitter_card":"summary_large_image","twitter_creator":"@webdo_tn","twitter_site":"@webdo_tn","twitter_misc":{"\u00c9crit par":"MC","Dur\u00e9e de lecture estim\u00e9e":"1 minute"},"schema":{"@context":"https:\/\/schema.org","@graph":[{"@type":"NewsArticle","@id":"https:\/\/www.webdo.tn\/fr\/actualite\/international\/dribble-par-joseph-boakai-george-weah-perd-la-presidentielle-au-liberia\/210206\/#article","isPartOf":{"@id":"https:\/\/www.webdo.tn\/fr\/actualite\/international\/dribble-par-joseph-boakai-george-weah-perd-la-presidentielle-au-liberia\/210206\/"},"author":{"name":"MC","@id":"https:\/\/www.webdo.tn\/fr\/#\/schema\/person\/2c4929cbf5a809e3bd38617c6ce150f6"},"headline":"Dribbl\u00e9 par Joseph Boakai, George Weah perd la pr\u00e9sidentielle au Liberia","datePublished":"2023-11-18T09:35:00+00:00","dateModified":"2025-05-20T21:55:34+00:00","mainEntityOfPage":{"@id":"https:\/\/www.webdo.tn\/fr\/actualite\/international\/dribble-par-joseph-boakai-george-weah-perd-la-presidentielle-au-liberia\/210206\/"},"wordCount":212,"commentCount":0,"publisher":{"@id":"https:\/\/www.webdo.tn\/fr\/#organization"},"image":{"@id":"https:\/\/www.webdo.tn\/fr\/actualite\/international\/dribble-par-joseph-boakai-george-weah-perd-la-presidentielle-au-liberia\/210206\/#primaryimage"},"thumbnailUrl":"https:\/\/www.webdo.tn\/fr\/wp-content\/uploads\/2023\/11\/7becf2c334dc8dfb983a604ac5d0a71d.jpg","keywords":["George Weah","liberia","pr\u00e9sidentielle"],"articleSection":["International"],"inLanguage":"fr-FR"},{"@type":"WebPage","@id":"https:\/\/www.webdo.tn\/fr\/actualite\/international\/dribble-par-joseph-boakai-george-weah-perd-la-presidentielle-au-liberia\/210206\/","url":"https:\/\/www.webdo.tn\/fr\/actualite\/international\/dribble-par-joseph-boakai-george-weah-perd-la-presidentielle-au-liberia\/210206\/","name":"Dribbl\u00e9 par Joseph Boakai, George Weah perd la pr\u00e9sidentielle au Liberia","isPartOf":{"@id":"https:\/\/www.webdo.tn\/fr\/#website"},"primaryImageOfPage":{"@id":"https:\/\/www.webdo.tn\/fr\/actualite\/international\/dribble-par-joseph-boakai-george-weah-perd-la-presidentielle-au-liberia\/210206\/#primaryimage"},"image":{"@id":"https:\/\/www.webdo.tn\/fr\/actualite\/international\/dribble-par-joseph-boakai-george-weah-perd-la-presidentielle-au-liberia\/210206\/#primaryimage"},"thumbnailUrl":"https:\/\/www.webdo.tn\/fr\/wp-content\/uploads\/2023\/11\/7becf2c334dc8dfb983a604ac5d0a71d.jpg","datePublished":"2023-11-18T09:35:00+00:00","dateModified":"2025-05-20T21:55:34+00:00","description":"Joseph Boakai, ancien vice-pr\u00e9sident, a remport\u00e9 le second tour du scrutin avec 50,9% des voix contre 49,1% pour George Weah, a annonc\u00e9 vendredi la commission \u00e9...","breadcrumb":{"@id":"https:\/\/www.webdo.tn\/fr\/actualite\/international\/dribble-par-joseph-boakai-george-weah-perd-la-presidentielle-au-liberia\/210206\/#breadcrumb"},"inLanguage":"fr-FR","potentialAction":[{"@type":"ReadAction","target":["https:\/\/www.webdo.tn\/fr\/actualite\/international\/dribble-par-joseph-boakai-george-weah-perd-la-presidentielle-au-liberia\/210206\/"]}]},{"@type":"ImageObject","inLanguage":"fr-FR","@id":"https:\/\/www.webdo.tn\/fr\/actualite\/international\/dribble-par-joseph-boakai-george-weah-perd-la-presidentielle-au-liberia\/210206\/#primaryimage","url":"https:\/\/www.webdo.tn\/fr\/wp-content\/uploads\/2023\/11\/7becf2c334dc8dfb983a604ac5d0a71d.jpg","contentUrl":"https:\/\/www.webdo.tn\/fr\/wp-content\/uploads\/2023\/11\/7becf2c334dc8dfb983a604ac5d0a71d.jpg","width":750,"height":400,"caption":"Dribbl\u00e9 par Joseph Boakai, George Weah perd la pr\u00e9sidentielle au Liberia"},{"@type":"BreadcrumbList","@id":"https:\/\/www.webdo.tn\/fr\/actualite\/international\/dribble-par-joseph-boakai-george-weah-perd-la-presidentielle-au-liberia\/210206\/#breadcrumb","itemListElement":[{"@type":"ListItem","position":1,"name":"Accueil","item":"https:\/\/www.webdo.tn\/fr\/"},{"@type":"ListItem","position":2,"name":"Dribbl\u00e9 par Joseph Boakai, George Weah perd la pr\u00e9sidentielle au Liberia"}]},{"@type":"WebSite","@id":"https:\/\/www.webdo.tn\/fr\/#website","url":"https:\/\/www.webdo.tn\/fr\/","name":"webdo","description":"Tunisie - News en Tunisie et \u00e0 l&#039;international sur Webdo.tn","publisher":{"@id":"https:\/\/www.webdo.tn\/fr\/#organization"},"potentialAction":[{"@type":"SearchAction","target":{"@type":"EntryPoint","urlTemplate":"https:\/\/www.webdo.tn\/fr\/?s={search_term_string}"},"query-input":{"@type":"PropertyValueSpecification","valueRequired":true,"valueName":"search_term_string"}}],"inLanguage":"fr-FR"},{"@type":"Organization","@id":"https:\/\/www.webdo.tn\/fr\/#organization","name":"Webdo","alternateName":"Webdo.tn","url":"https:\/\/www.webdo.tn\/fr\/","logo":{"@type":"ImageObject","inLanguage":"fr-FR","@id":"https:\/\/www.webdo.tn\/fr\/#\/schema\/logo\/image\/","url":"https:\/\/www.webdo.tn\/fr\/wp-content\/uploads\/2025\/06\/Webdo-Tunisie_168377.jpg","contentUrl":"https:\/\/www.webdo.tn\/fr\/wp-content\/uploads\/2025\/06\/Webdo-Tunisie_168377.jpg","width":301,"height":301,"caption":"Webdo"},"image":{"@id":"https:\/\/www.webdo.tn\/fr\/#\/schema\/logo\/image\/"},"sameAs":["https:\/\/www.facebook.com\/webdotn","https:\/\/x.com\/webdo_tn"],"description":"Webdo est un m\u00e9dia num\u00e9rique tunisien fond\u00e9 en 2010, sp\u00e9cialis\u00e9 dans l\u2019actualit\u00e9 nationale et internationale, l\u2019\u00e9conomie, la soci\u00e9t\u00e9 et les analyses politiques. Le site s\u2019adresse \u00e0 un large public francophone et couvre l\u2019information tunisienne en temps r\u00e9el.","email":"redac@webdo.tn","legalName":"YNJ SARL","foundingDate":"2010-09-06","numberOfEmployees":{"@type":"QuantitativeValue","minValue":"11","maxValue":"50"}},{"@type":"Person","@id":"https:\/\/www.webdo.tn\/fr\/#\/schema\/person\/2c4929cbf5a809e3bd38617c6ce150f6","name":"MC","image":{"@type":"ImageObject","inLanguage":"fr-FR","@id":"https:\/\/secure.gravatar.com\/avatar\/a545bbb6f84efdd5553dbbc2895e3ca8f1d12c5215e00a041c9670b54aa9b18a?s=96&d=mm&r=g","url":"https:\/\/secure.gravatar.com\/avatar\/a545bbb6f84efdd5553dbbc2895e3ca8f1d12c5215e00a041c9670b54aa9b18a?s=96&d=mm&r=g","contentUrl":"https:\/\/secure.gravatar.com\/avatar\/a545bbb6f84efdd5553dbbc2895e3ca8f1d12c5215e00a041c9670b54aa9b18a?s=96&d=mm&r=g","caption":"MC"},"url":"https:\/\/www.webdo.tn\/fr\/actualite\/author\/mc\/"}]}},"_links":{"self":[{"href":"https:\/\/www.webdo.tn\/fr\/wp-json\/wp\/v2\/posts\/210206","targetHints":{"allow":["GET"]}}],"collection":[{"href":"https:\/\/www.webdo.tn\/fr\/wp-json\/wp\/v2\/posts"}],"about":[{"href":"https:\/\/www.webdo.tn\/fr\/wp-json\/wp\/v2\/types\/post"}],"author":[{"embeddable":true,"href":"https:\/\/www.webdo.tn\/fr\/wp-json\/wp\/v2\/users\/3162"}],"replies":[{"embeddable":true,"href":"https:\/\/www.webdo.tn\/fr\/wp-json\/wp\/v2\/comments?post=210206"}],"version-history":[{"count":0,"href":"https:\/\/www.webdo.tn\/fr\/wp-json\/wp\/v2\/posts\/210206\/revisions"}],"wp:featuredmedia":[{"embeddable":true,"href":"https:\/\/www.webdo.tn\/fr\/wp-json\/wp\/v2\/media\/248745"}],"wp:attachment":[{"href":"https:\/\/www.webdo.tn\/fr\/wp-json\/wp\/v2\/media?parent=210206"}],"wp:term":[{"taxonomy":"category","embeddable":true,"href":"https:\/\/www.webdo.tn\/fr\/wp-json\/wp\/v2\/categories?post=210206"},{"taxonomy":"post_tag","embeddable":true,"href":"https:\/\/www.webdo.tn\/fr\/wp-json\/wp\/v2\/tags?post=210206"}],"curies":[{"name":"wp","href":"https:\/\/api.w.org\/{rel}","templated":true}]}}