{"id":210187,"date":"2023-11-17T13:04:00","date_gmt":"2023-11-17T13:04:00","guid":{"rendered":"https:\/\/www.webdo.tn\/fr\/blog\/36eme-marathon-comar-de-tunis-carthage-plus-de-5-mille-participants-de-30-nationalites\/210187\/"},"modified":"2025-05-20T22:57:31","modified_gmt":"2025-05-20T22:57:31","slug":"36eme-marathon-comar-de-tunis-carthage-plus-de-5-mille-participants-de-30-nationalites","status":"publish","type":"post","link":"https:\/\/www.webdo.tn\/fr\/actualite\/sport\/36eme-marathon-comar-de-tunis-carthage-plus-de-5-mille-participants-de-30-nationalites\/210187\/","title":{"rendered":"36\u00e8me Marathon Comar : plus de 5 mille participants de 30 nationalit\u00e9s"},"content":{"rendered":"<p>La nouvelle \u00e9dition du Marathon Comar de Tunis-Carthage aura lieu le dimanche 3 d\u00e9cembre prochain, comme annonc\u00e9 dans la matin\u00e9e d\u2019aujourd\u2019hui vendredi 17 novembre 2023 lors d\u2019une conf\u00e9rence de presse tenue par les organisateurs, pr\u00e9sentant les grandes lignes de de ce rendez-vous sportif annuel.<\/p>\n<p>\t\t\t\t\t\t\t\t\tCe marathon qui se tiendra autour du Lac de Tunis et sur l\u2019avenue Mohamed V, aura comme \u00e0 l\u2019accoutum\u00e9e trois parcours, le premier de 5 km, le deuxi\u00e8me de 21,1 km et le troisi\u00e8me de 42,195 km. Cela en plus d\u2019un mini circuit pour kids.<\/p>\n<p>Pour le premier, il partira de la Place de la R\u00e9volution, au niveau de l\u2019horloge de l\u2019avenue Habib Bourguiba, \u00a0sur un circuit qui contournera le Parc de l\u2019Esp\u00e9rance. Le deuxi\u00e8me partira du m\u00eame lieu pour parcourir la voie du TGM jusqu\u2019au pont La Goulette-Rad\u00e8s en aller-retour.<\/p>\n<p>Le parcours des \u00ab professionnels \u00bb, sur 42,195 kms partira de la m\u00eame place pour contourner le Lac de Tunis par le nord, jusqu\u2019\u00e0 La Marsa, le retour se faisant par le sud, sur la route Tunis-La Goulette.<\/p>\n<p>En plus de son objectif sportif, le Marathon Comar de Tunis-Carthage compte d\u2019autres activit\u00e9s qui traduisent son engagement social, culturel et environnemental.\u00a0<\/p>\n<p>Ainsi, en plus de son \u00ab Village marathon \u00bb, une exposition polyvalente qui se tiendra \u00e0 l\u2019avenue Habib Bourguiba du 1er au 3 d\u00e9cembre prochain, c\u2019est particuli\u00e8rement le volet environnemental qui retiendra l\u2019attention avec le reboisement des for\u00eats incendi\u00e9es dont l\u2019objectif \u00e0 moyen terme est le \u00ab z\u00e9ro empreinte carbone \u00bb.<\/p>\n<p>Il est \u00e0 signaler que les inscriptions seront lanc\u00e9es \u00e0 partir du 20 novembre pour \u00eatre closes le 1er d\u00e9cembre, et ce, sur le site www.marathon.comar.tn, au si\u00e8ge de la Comar et aux magasins D\u00e9cathlon de Tunis et sa banlieue, et du Mall of Sousse.<\/p>\n","protected":false},"excerpt":{"rendered":"<p>Ce marathon qui se tiendra autour du Lac de Tunis et sur l\u2019avenue Mohamed V, aura comme \u00e0 l\u2019accoutum\u00e9e trois parcours, le premier de 5 km, le deuxi\u00e8me de 21,1 k&#8230;<\/p>\n","protected":false},"author":3185,"featured_media":289875,"comment_status":"open","ping_status":"closed","sticky":false,"template":"","format":"standard","meta":{"footnotes":""},"categories":[2593],"tags":[9852,8112,8111],"class_list":["post-210187","post","type-post","status-publish","format-standard","has-post-thumbnail","hentry","category-sport","tag-marathon-comar","tag-36eme-edition","tag-conference"],"yoast_head":"<!-- This site is optimized with the Yoast SEO Premium plugin v27.4 (Yoast SEO v27.4) - https:\/\/yoast.com\/product\/yoast-seo-premium-wordpress\/ -->\n<title>36\u00e8me Marathon Comar : plus de 5 mille participants de 30 nationalit\u00e9s<\/title>\n<meta name=\"description\" content=\"Ce marathon qui se tiendra autour du Lac de Tunis et sur l\u2019avenue Mohamed V, aura comme \u00e0 l\u2019accoutum\u00e9e trois parcours, le premier de 5 km, le deuxi\u00e8me de 21,1 k...\" \/>\n<link rel=\"canonical\" href=\"https:\/\/www.webdo.tn\/fr\/actualite\/sport\/36eme-marathon-comar-de-tunis-carthage-plus-de-5-mille-participants-de-30-nationalites\/210187\/\" \/>\n<meta property=\"og:locale\" content=\"fr_FR\" \/>\n<meta property=\"og:type\" content=\"article\" \/>\n<meta property=\"og:title\" content=\"36\u00e8me Marathon Comar : plus de 5 mille participants de 30 nationalit\u00e9s\" \/>\n<meta property=\"og:description\" content=\"Ce marathon qui se tiendra autour du Lac de Tunis et sur l\u2019avenue Mohamed V, aura comme \u00e0 l\u2019accoutum\u00e9e trois parcours, le premier de 5 km, le deuxi\u00e8me de 21,1 k...\" \/>\n<meta property=\"og:url\" content=\"https:\/\/www.webdo.tn\/fr\/actualite\/sport\/36eme-marathon-comar-de-tunis-carthage-plus-de-5-mille-participants-de-30-nationalites\/210187\/\" \/>\n<meta property=\"og:site_name\" content=\"webdo\" \/>\n<meta property=\"article:publisher\" content=\"https:\/\/www.facebook.com\/webdotn\" \/>\n<meta property=\"article:published_time\" content=\"2023-11-17T13:04:00+00:00\" \/>\n<meta property=\"article:modified_time\" content=\"2025-05-20T22:57:31+00:00\" \/>\n<meta property=\"og:image\" content=\"https:\/\/www.webdo.tn\/fr\/wp-content\/uploads\/2023\/11\/9b92ab929a936ba23a58c3c6dcaf7603.jpg\" \/>\n\t<meta property=\"og:image:width\" content=\"750\" \/>\n\t<meta property=\"og:image:height\" content=\"400\" \/>\n\t<meta property=\"og:image:type\" content=\"image\/jpeg\" \/>\n<meta name=\"author\" content=\"WDA\" \/>\n<meta name=\"twitter:card\" content=\"summary_large_image\" \/>\n<meta name=\"twitter:creator\" content=\"@webdo_tn\" \/>\n<meta name=\"twitter:site\" content=\"@webdo_tn\" \/>\n<meta name=\"twitter:label1\" content=\"\u00c9crit par\" \/>\n\t<meta name=\"twitter:data1\" content=\"WDA\" \/>\n\t<meta name=\"twitter:label2\" content=\"Dur\u00e9e de lecture estim\u00e9e\" \/>\n\t<meta name=\"twitter:data2\" content=\"2 minutes\" \/>\n<script type=\"application\/ld+json\" class=\"yoast-schema-graph\">{\"@context\":\"https:\\\/\\\/schema.org\",\"@graph\":[{\"@type\":\"NewsArticle\",\"@id\":\"https:\\\/\\\/www.webdo.tn\\\/fr\\\/actualite\\\/sport\\\/36eme-marathon-comar-de-tunis-carthage-plus-de-5-mille-participants-de-30-nationalites\\\/210187\\\/#article\",\"isPartOf\":{\"@id\":\"https:\\\/\\\/www.webdo.tn\\\/fr\\\/actualite\\\/sport\\\/36eme-marathon-comar-de-tunis-carthage-plus-de-5-mille-participants-de-30-nationalites\\\/210187\\\/\"},\"author\":{\"name\":\"WDA\",\"@id\":\"https:\\\/\\\/www.webdo.tn\\\/fr\\\/#\\\/schema\\\/person\\\/ae999f6cc68c323955dd7bb23b41f2dd\"},\"headline\":\"36\u00e8me Marathon Comar : plus de 5 mille participants de 30 nationalit\u00e9s\",\"datePublished\":\"2023-11-17T13:04:00+00:00\",\"dateModified\":\"2025-05-20T22:57:31+00:00\",\"mainEntityOfPage\":{\"@id\":\"https:\\\/\\\/www.webdo.tn\\\/fr\\\/actualite\\\/sport\\\/36eme-marathon-comar-de-tunis-carthage-plus-de-5-mille-participants-de-30-nationalites\\\/210187\\\/\"},\"wordCount\":322,\"commentCount\":0,\"publisher\":{\"@id\":\"https:\\\/\\\/www.webdo.tn\\\/fr\\\/#organization\"},\"image\":{\"@id\":\"https:\\\/\\\/www.webdo.tn\\\/fr\\\/actualite\\\/sport\\\/36eme-marathon-comar-de-tunis-carthage-plus-de-5-mille-participants-de-30-nationalites\\\/210187\\\/#primaryimage\"},\"thumbnailUrl\":\"https:\\\/\\\/www.webdo.tn\\\/fr\\\/wp-content\\\/uploads\\\/2023\\\/11\\\/9b92ab929a936ba23a58c3c6dcaf7603.jpg\",\"keywords\":[\"'Marathon Comar']\",\"36\u00e8me \u00e9dition\",\"Conf\u00e9rence\"],\"articleSection\":[\"Sport\"],\"inLanguage\":\"fr-FR\"},{\"@type\":\"WebPage\",\"@id\":\"https:\\\/\\\/www.webdo.tn\\\/fr\\\/actualite\\\/sport\\\/36eme-marathon-comar-de-tunis-carthage-plus-de-5-mille-participants-de-30-nationalites\\\/210187\\\/\",\"url\":\"https:\\\/\\\/www.webdo.tn\\\/fr\\\/actualite\\\/sport\\\/36eme-marathon-comar-de-tunis-carthage-plus-de-5-mille-participants-de-30-nationalites\\\/210187\\\/\",\"name\":\"36\u00e8me Marathon Comar : plus de 5 mille participants de 30 nationalit\u00e9s\",\"isPartOf\":{\"@id\":\"https:\\\/\\\/www.webdo.tn\\\/fr\\\/#website\"},\"primaryImageOfPage\":{\"@id\":\"https:\\\/\\\/www.webdo.tn\\\/fr\\\/actualite\\\/sport\\\/36eme-marathon-comar-de-tunis-carthage-plus-de-5-mille-participants-de-30-nationalites\\\/210187\\\/#primaryimage\"},\"image\":{\"@id\":\"https:\\\/\\\/www.webdo.tn\\\/fr\\\/actualite\\\/sport\\\/36eme-marathon-comar-de-tunis-carthage-plus-de-5-mille-participants-de-30-nationalites\\\/210187\\\/#primaryimage\"},\"thumbnailUrl\":\"https:\\\/\\\/www.webdo.tn\\\/fr\\\/wp-content\\\/uploads\\\/2023\\\/11\\\/9b92ab929a936ba23a58c3c6dcaf7603.jpg\",\"datePublished\":\"2023-11-17T13:04:00+00:00\",\"dateModified\":\"2025-05-20T22:57:31+00:00\",\"description\":\"Ce marathon qui se tiendra autour du Lac de Tunis et sur l\u2019avenue Mohamed V, aura comme \u00e0 l\u2019accoutum\u00e9e trois parcours, le premier de 5 km, le deuxi\u00e8me de 21,1 k...\",\"breadcrumb\":{\"@id\":\"https:\\\/\\\/www.webdo.tn\\\/fr\\\/actualite\\\/sport\\\/36eme-marathon-comar-de-tunis-carthage-plus-de-5-mille-participants-de-30-nationalites\\\/210187\\\/#breadcrumb\"},\"inLanguage\":\"fr-FR\",\"potentialAction\":[{\"@type\":\"ReadAction\",\"target\":[\"https:\\\/\\\/www.webdo.tn\\\/fr\\\/actualite\\\/sport\\\/36eme-marathon-comar-de-tunis-carthage-plus-de-5-mille-participants-de-30-nationalites\\\/210187\\\/\"]}]},{\"@type\":\"ImageObject\",\"inLanguage\":\"fr-FR\",\"@id\":\"https:\\\/\\\/www.webdo.tn\\\/fr\\\/actualite\\\/sport\\\/36eme-marathon-comar-de-tunis-carthage-plus-de-5-mille-participants-de-30-nationalites\\\/210187\\\/#primaryimage\",\"url\":\"https:\\\/\\\/www.webdo.tn\\\/fr\\\/wp-content\\\/uploads\\\/2023\\\/11\\\/9b92ab929a936ba23a58c3c6dcaf7603.jpg\",\"contentUrl\":\"https:\\\/\\\/www.webdo.tn\\\/fr\\\/wp-content\\\/uploads\\\/2023\\\/11\\\/9b92ab929a936ba23a58c3c6dcaf7603.jpg\",\"width\":750,\"height\":400,\"caption\":\"36\u00e8me Marathon Comar : plus de 5 mille participants de 30 nationalit\u00e9s\"},{\"@type\":\"BreadcrumbList\",\"@id\":\"https:\\\/\\\/www.webdo.tn\\\/fr\\\/actualite\\\/sport\\\/36eme-marathon-comar-de-tunis-carthage-plus-de-5-mille-participants-de-30-nationalites\\\/210187\\\/#breadcrumb\",\"itemListElement\":[{\"@type\":\"ListItem\",\"position\":1,\"name\":\"Accueil\",\"item\":\"https:\\\/\\\/www.webdo.tn\\\/fr\\\/\"},{\"@type\":\"ListItem\",\"position\":2,\"name\":\"36\u00e8me Marathon Comar : plus de 5 mille participants de 30 nationalit\u00e9s\"}]},{\"@type\":\"WebSite\",\"@id\":\"https:\\\/\\\/www.webdo.tn\\\/fr\\\/#website\",\"url\":\"https:\\\/\\\/www.webdo.tn\\\/fr\\\/\",\"name\":\"webdo\",\"description\":\"Tunisie - News en Tunisie et \u00e0 l&#039;international sur Webdo.tn\",\"publisher\":{\"@id\":\"https:\\\/\\\/www.webdo.tn\\\/fr\\\/#organization\"},\"potentialAction\":[{\"@type\":\"SearchAction\",\"target\":{\"@type\":\"EntryPoint\",\"urlTemplate\":\"https:\\\/\\\/www.webdo.tn\\\/fr\\\/?s={search_term_string}\"},\"query-input\":{\"@type\":\"PropertyValueSpecification\",\"valueRequired\":true,\"valueName\":\"search_term_string\"}}],\"inLanguage\":\"fr-FR\"},{\"@type\":\"Organization\",\"@id\":\"https:\\\/\\\/www.webdo.tn\\\/fr\\\/#organization\",\"name\":\"Webdo\",\"alternateName\":\"Webdo.tn\",\"url\":\"https:\\\/\\\/www.webdo.tn\\\/fr\\\/\",\"logo\":{\"@type\":\"ImageObject\",\"inLanguage\":\"fr-FR\",\"@id\":\"https:\\\/\\\/www.webdo.tn\\\/fr\\\/#\\\/schema\\\/logo\\\/image\\\/\",\"url\":\"https:\\\/\\\/www.webdo.tn\\\/fr\\\/wp-content\\\/uploads\\\/2025\\\/06\\\/Webdo-Tunisie_168377.jpg\",\"contentUrl\":\"https:\\\/\\\/www.webdo.tn\\\/fr\\\/wp-content\\\/uploads\\\/2025\\\/06\\\/Webdo-Tunisie_168377.jpg\",\"width\":301,\"height\":301,\"caption\":\"Webdo\"},\"image\":{\"@id\":\"https:\\\/\\\/www.webdo.tn\\\/fr\\\/#\\\/schema\\\/logo\\\/image\\\/\"},\"sameAs\":[\"https:\\\/\\\/www.facebook.com\\\/webdotn\",\"https:\\\/\\\/x.com\\\/webdo_tn\"],\"description\":\"Webdo est un m\u00e9dia num\u00e9rique tunisien fond\u00e9 en 2010, sp\u00e9cialis\u00e9 dans l\u2019actualit\u00e9 nationale et internationale, l\u2019\u00e9conomie, la soci\u00e9t\u00e9 et les analyses politiques. Le site s\u2019adresse \u00e0 un large public francophone et couvre l\u2019information tunisienne en temps r\u00e9el.\",\"email\":\"redac@webdo.tn\",\"legalName\":\"YNJ SARL\",\"foundingDate\":\"2010-09-06\",\"numberOfEmployees\":{\"@type\":\"QuantitativeValue\",\"minValue\":\"11\",\"maxValue\":\"50\"}},{\"@type\":\"Person\",\"@id\":\"https:\\\/\\\/www.webdo.tn\\\/fr\\\/#\\\/schema\\\/person\\\/ae999f6cc68c323955dd7bb23b41f2dd\",\"name\":\"WDA\",\"image\":{\"@type\":\"ImageObject\",\"inLanguage\":\"fr-FR\",\"@id\":\"https:\\\/\\\/secure.gravatar.com\\\/avatar\\\/008e9c4da3bbf467e76fbd05ea8a140d6f047be3ff32b495e3a42ecd99d95622?s=96&d=mm&r=g\",\"url\":\"https:\\\/\\\/secure.gravatar.com\\\/avatar\\\/008e9c4da3bbf467e76fbd05ea8a140d6f047be3ff32b495e3a42ecd99d95622?s=96&d=mm&r=g\",\"contentUrl\":\"https:\\\/\\\/secure.gravatar.com\\\/avatar\\\/008e9c4da3bbf467e76fbd05ea8a140d6f047be3ff32b495e3a42ecd99d95622?s=96&d=mm&r=g\",\"caption\":\"WDA\"},\"url\":\"https:\\\/\\\/www.webdo.tn\\\/fr\\\/actualite\\\/author\\\/wda\\\/\"}]}<\/script>\n<!-- \/ Yoast SEO Premium plugin. -->","yoast_head_json":{"title":"36\u00e8me Marathon Comar : plus de 5 mille participants de 30 nationalit\u00e9s","description":"Ce marathon qui se tiendra autour du Lac de Tunis et sur l\u2019avenue Mohamed V, aura comme \u00e0 l\u2019accoutum\u00e9e trois parcours, le premier de 5 km, le deuxi\u00e8me de 21,1 k...","canonical":"https:\/\/www.webdo.tn\/fr\/actualite\/sport\/36eme-marathon-comar-de-tunis-carthage-plus-de-5-mille-participants-de-30-nationalites\/210187\/","og_locale":"fr_FR","og_type":"article","og_title":"36\u00e8me Marathon Comar : plus de 5 mille participants de 30 nationalit\u00e9s","og_description":"Ce marathon qui se tiendra autour du Lac de Tunis et sur l\u2019avenue Mohamed V, aura comme \u00e0 l\u2019accoutum\u00e9e trois parcours, le premier de 5 km, le deuxi\u00e8me de 21,1 k...","og_url":"https:\/\/www.webdo.tn\/fr\/actualite\/sport\/36eme-marathon-comar-de-tunis-carthage-plus-de-5-mille-participants-de-30-nationalites\/210187\/","og_site_name":"webdo","article_publisher":"https:\/\/www.facebook.com\/webdotn","article_published_time":"2023-11-17T13:04:00+00:00","article_modified_time":"2025-05-20T22:57:31+00:00","og_image":[{"width":750,"height":400,"url":"https:\/\/www.webdo.tn\/fr\/wp-content\/uploads\/2023\/11\/9b92ab929a936ba23a58c3c6dcaf7603.jpg","type":"image\/jpeg"}],"author":"WDA","twitter_card":"summary_large_image","twitter_creator":"@webdo_tn","twitter_site":"@webdo_tn","twitter_misc":{"\u00c9crit par":"WDA","Dur\u00e9e de lecture estim\u00e9e":"2 minutes"},"schema":{"@context":"https:\/\/schema.org","@graph":[{"@type":"NewsArticle","@id":"https:\/\/www.webdo.tn\/fr\/actualite\/sport\/36eme-marathon-comar-de-tunis-carthage-plus-de-5-mille-participants-de-30-nationalites\/210187\/#article","isPartOf":{"@id":"https:\/\/www.webdo.tn\/fr\/actualite\/sport\/36eme-marathon-comar-de-tunis-carthage-plus-de-5-mille-participants-de-30-nationalites\/210187\/"},"author":{"name":"WDA","@id":"https:\/\/www.webdo.tn\/fr\/#\/schema\/person\/ae999f6cc68c323955dd7bb23b41f2dd"},"headline":"36\u00e8me Marathon Comar : plus de 5 mille participants de 30 nationalit\u00e9s","datePublished":"2023-11-17T13:04:00+00:00","dateModified":"2025-05-20T22:57:31+00:00","mainEntityOfPage":{"@id":"https:\/\/www.webdo.tn\/fr\/actualite\/sport\/36eme-marathon-comar-de-tunis-carthage-plus-de-5-mille-participants-de-30-nationalites\/210187\/"},"wordCount":322,"commentCount":0,"publisher":{"@id":"https:\/\/www.webdo.tn\/fr\/#organization"},"image":{"@id":"https:\/\/www.webdo.tn\/fr\/actualite\/sport\/36eme-marathon-comar-de-tunis-carthage-plus-de-5-mille-participants-de-30-nationalites\/210187\/#primaryimage"},"thumbnailUrl":"https:\/\/www.webdo.tn\/fr\/wp-content\/uploads\/2023\/11\/9b92ab929a936ba23a58c3c6dcaf7603.jpg","keywords":["'Marathon Comar']","36\u00e8me \u00e9dition","Conf\u00e9rence"],"articleSection":["Sport"],"inLanguage":"fr-FR"},{"@type":"WebPage","@id":"https:\/\/www.webdo.tn\/fr\/actualite\/sport\/36eme-marathon-comar-de-tunis-carthage-plus-de-5-mille-participants-de-30-nationalites\/210187\/","url":"https:\/\/www.webdo.tn\/fr\/actualite\/sport\/36eme-marathon-comar-de-tunis-carthage-plus-de-5-mille-participants-de-30-nationalites\/210187\/","name":"36\u00e8me Marathon Comar : plus de 5 mille participants de 30 nationalit\u00e9s","isPartOf":{"@id":"https:\/\/www.webdo.tn\/fr\/#website"},"primaryImageOfPage":{"@id":"https:\/\/www.webdo.tn\/fr\/actualite\/sport\/36eme-marathon-comar-de-tunis-carthage-plus-de-5-mille-participants-de-30-nationalites\/210187\/#primaryimage"},"image":{"@id":"https:\/\/www.webdo.tn\/fr\/actualite\/sport\/36eme-marathon-comar-de-tunis-carthage-plus-de-5-mille-participants-de-30-nationalites\/210187\/#primaryimage"},"thumbnailUrl":"https:\/\/www.webdo.tn\/fr\/wp-content\/uploads\/2023\/11\/9b92ab929a936ba23a58c3c6dcaf7603.jpg","datePublished":"2023-11-17T13:04:00+00:00","dateModified":"2025-05-20T22:57:31+00:00","description":"Ce marathon qui se tiendra autour du Lac de Tunis et sur l\u2019avenue Mohamed V, aura comme \u00e0 l\u2019accoutum\u00e9e trois parcours, le premier de 5 km, le deuxi\u00e8me de 21,1 k...","breadcrumb":{"@id":"https:\/\/www.webdo.tn\/fr\/actualite\/sport\/36eme-marathon-comar-de-tunis-carthage-plus-de-5-mille-participants-de-30-nationalites\/210187\/#breadcrumb"},"inLanguage":"fr-FR","potentialAction":[{"@type":"ReadAction","target":["https:\/\/www.webdo.tn\/fr\/actualite\/sport\/36eme-marathon-comar-de-tunis-carthage-plus-de-5-mille-participants-de-30-nationalites\/210187\/"]}]},{"@type":"ImageObject","inLanguage":"fr-FR","@id":"https:\/\/www.webdo.tn\/fr\/actualite\/sport\/36eme-marathon-comar-de-tunis-carthage-plus-de-5-mille-participants-de-30-nationalites\/210187\/#primaryimage","url":"https:\/\/www.webdo.tn\/fr\/wp-content\/uploads\/2023\/11\/9b92ab929a936ba23a58c3c6dcaf7603.jpg","contentUrl":"https:\/\/www.webdo.tn\/fr\/wp-content\/uploads\/2023\/11\/9b92ab929a936ba23a58c3c6dcaf7603.jpg","width":750,"height":400,"caption":"36\u00e8me Marathon Comar : plus de 5 mille participants de 30 nationalit\u00e9s"},{"@type":"BreadcrumbList","@id":"https:\/\/www.webdo.tn\/fr\/actualite\/sport\/36eme-marathon-comar-de-tunis-carthage-plus-de-5-mille-participants-de-30-nationalites\/210187\/#breadcrumb","itemListElement":[{"@type":"ListItem","position":1,"name":"Accueil","item":"https:\/\/www.webdo.tn\/fr\/"},{"@type":"ListItem","position":2,"name":"36\u00e8me Marathon Comar : plus de 5 mille participants de 30 nationalit\u00e9s"}]},{"@type":"WebSite","@id":"https:\/\/www.webdo.tn\/fr\/#website","url":"https:\/\/www.webdo.tn\/fr\/","name":"webdo","description":"Tunisie - News en Tunisie et \u00e0 l&#039;international sur Webdo.tn","publisher":{"@id":"https:\/\/www.webdo.tn\/fr\/#organization"},"potentialAction":[{"@type":"SearchAction","target":{"@type":"EntryPoint","urlTemplate":"https:\/\/www.webdo.tn\/fr\/?s={search_term_string}"},"query-input":{"@type":"PropertyValueSpecification","valueRequired":true,"valueName":"search_term_string"}}],"inLanguage":"fr-FR"},{"@type":"Organization","@id":"https:\/\/www.webdo.tn\/fr\/#organization","name":"Webdo","alternateName":"Webdo.tn","url":"https:\/\/www.webdo.tn\/fr\/","logo":{"@type":"ImageObject","inLanguage":"fr-FR","@id":"https:\/\/www.webdo.tn\/fr\/#\/schema\/logo\/image\/","url":"https:\/\/www.webdo.tn\/fr\/wp-content\/uploads\/2025\/06\/Webdo-Tunisie_168377.jpg","contentUrl":"https:\/\/www.webdo.tn\/fr\/wp-content\/uploads\/2025\/06\/Webdo-Tunisie_168377.jpg","width":301,"height":301,"caption":"Webdo"},"image":{"@id":"https:\/\/www.webdo.tn\/fr\/#\/schema\/logo\/image\/"},"sameAs":["https:\/\/www.facebook.com\/webdotn","https:\/\/x.com\/webdo_tn"],"description":"Webdo est un m\u00e9dia num\u00e9rique tunisien fond\u00e9 en 2010, sp\u00e9cialis\u00e9 dans l\u2019actualit\u00e9 nationale et internationale, l\u2019\u00e9conomie, la soci\u00e9t\u00e9 et les analyses politiques. Le site s\u2019adresse \u00e0 un large public francophone et couvre l\u2019information tunisienne en temps r\u00e9el.","email":"redac@webdo.tn","legalName":"YNJ SARL","foundingDate":"2010-09-06","numberOfEmployees":{"@type":"QuantitativeValue","minValue":"11","maxValue":"50"}},{"@type":"Person","@id":"https:\/\/www.webdo.tn\/fr\/#\/schema\/person\/ae999f6cc68c323955dd7bb23b41f2dd","name":"WDA","image":{"@type":"ImageObject","inLanguage":"fr-FR","@id":"https:\/\/secure.gravatar.com\/avatar\/008e9c4da3bbf467e76fbd05ea8a140d6f047be3ff32b495e3a42ecd99d95622?s=96&d=mm&r=g","url":"https:\/\/secure.gravatar.com\/avatar\/008e9c4da3bbf467e76fbd05ea8a140d6f047be3ff32b495e3a42ecd99d95622?s=96&d=mm&r=g","contentUrl":"https:\/\/secure.gravatar.com\/avatar\/008e9c4da3bbf467e76fbd05ea8a140d6f047be3ff32b495e3a42ecd99d95622?s=96&d=mm&r=g","caption":"WDA"},"url":"https:\/\/www.webdo.tn\/fr\/actualite\/author\/wda\/"}]}},"_links":{"self":[{"href":"https:\/\/www.webdo.tn\/fr\/wp-json\/wp\/v2\/posts\/210187","targetHints":{"allow":["GET"]}}],"collection":[{"href":"https:\/\/www.webdo.tn\/fr\/wp-json\/wp\/v2\/posts"}],"about":[{"href":"https:\/\/www.webdo.tn\/fr\/wp-json\/wp\/v2\/types\/post"}],"author":[{"embeddable":true,"href":"https:\/\/www.webdo.tn\/fr\/wp-json\/wp\/v2\/users\/3185"}],"replies":[{"embeddable":true,"href":"https:\/\/www.webdo.tn\/fr\/wp-json\/wp\/v2\/comments?post=210187"}],"version-history":[{"count":0,"href":"https:\/\/www.webdo.tn\/fr\/wp-json\/wp\/v2\/posts\/210187\/revisions"}],"wp:featuredmedia":[{"embeddable":true,"href":"https:\/\/www.webdo.tn\/fr\/wp-json\/wp\/v2\/media\/289875"}],"wp:attachment":[{"href":"https:\/\/www.webdo.tn\/fr\/wp-json\/wp\/v2\/media?parent=210187"}],"wp:term":[{"taxonomy":"category","embeddable":true,"href":"https:\/\/www.webdo.tn\/fr\/wp-json\/wp\/v2\/categories?post=210187"},{"taxonomy":"post_tag","embeddable":true,"href":"https:\/\/www.webdo.tn\/fr\/wp-json\/wp\/v2\/tags?post=210187"}],"curies":[{"name":"wp","href":"https:\/\/api.w.org\/{rel}","templated":true}]}}