{"id":210186,"date":"2023-11-17T12:43:00","date_gmt":"2023-11-17T12:43:00","guid":{"rendered":"https:\/\/www.webdo.tn\/fr\/blog\/litterature-le-prix-gisele-halimi-decerne-a-cecile-tlili\/210186\/"},"modified":"2023-11-17T12:43:00","modified_gmt":"2023-11-17T12:43:00","slug":"litterature-le-prix-gisele-halimi-decerne-a-cecile-tlili","status":"publish","type":"post","link":"https:\/\/www.webdo.tn\/fr\/actualite\/culture\/litterature-le-prix-gisele-halimi-decerne-a-cecile-tlili\/210186\/","title":{"rendered":"Litt\u00e9rature : Le prix Gis\u00e8le Halimi d\u00e9cern\u00e9 \u00e0 C\u00e9cile Tlili"},"content":{"rendered":"<p>Pr\u00e9sid\u00e9 par l&rsquo;avocate Samia Maktouf, le jury du prix Gis\u00e8le Halimi vient de distinguer C\u00e9cile Tlili et son roman \u00ab\u00a0Un simple d\u00eener\u00a0\u00bb.<\/p>\n<p>\t\t\t\t\t\t\t\t\tLa premi\u00e8re \u00e9dition du prix Gis\u00e8le Halimi vient de se tenir \u00e0 Paris \u00e0 l&rsquo;initiative de l&rsquo;Association des avocats franco-tunisiens pr\u00e9sid\u00e9e par Samia Maktouf, \u00e9galement pr\u00e9sidente du jury de ce nouveau prix litt\u00e9raire cr\u00e9\u00e9 en partenariat avec l&rsquo;Institut fran\u00e7ais de Tunisie.<\/p>\n<p>Le prix Gis\u00e8le Halimi r\u00e9compense l&rsquo;auteur ou l&rsquo;autrice d&rsquo;une \u0153uvre de fiction \u00e9voquant le combat des femmes pour la libert\u00e9 mais aussi pour l&rsquo;\u00e9galit\u00e9 et la fraternit\u00e9 entre les hommes et les femmes.<\/p>\n<p>C&rsquo;est le livre \u00ab\u00a0Un simple d\u00eener\u00a0\u00bb, le premier roman de C\u00e9cile Tlili, paru aux \u00e9ditions Calmann Levy qui est le r\u00e9cipiendaire du prix Gis\u00e8le Halimi pour l&rsquo;ann\u00e9e 2023.<\/p>\n<p>Ce roman met en sc\u00e8ne \u00ab\u00a0un huis clos se d\u00e9roulant un soir de canicule, lors d\u2019un diner entre deux couples. La tension est palpable, presque aucun des protagonistes ne se r\u00e9jouit de cette soir\u00e9e et pourtant l\u2019heure sera \u00e0 la remise en question et aux r\u00e9v\u00e9lations.<\/p>\n<p>Un premier roman au style maitris\u00e9 qui pose un regard juste sur les liens sociaux, la maternit\u00e9, les ambitions professionnelles, le sexisme\u00a0\u00bb.<\/p>\n<p>Un cycle de rencontres autour de cet ouvrage est pr\u00e9vu prochainement dans le r\u00e9seau de l&rsquo;Institut fran\u00e7ais de Tunisie.<\/p>\n","protected":false},"excerpt":{"rendered":"<p>La premi\u00e8re \u00e9dition du prix Gis\u00e8le Halimi vient de se tenir \u00e0 Paris \u00e0 l&rsquo;initiative de l&rsquo;Association des avocats franco-tunisiens pr\u00e9sid\u00e9e par Samia Maktouf, \u00e9ga&#8230;<\/p>\n","protected":false},"author":3229,"featured_media":289874,"comment_status":"open","ping_status":"closed","sticky":false,"template":"","format":"standard","meta":{"footnotes":""},"categories":[2594],"tags":[9851,9850,2609,8501],"class_list":["post-210186","post","type-post","status-publish","format-standard","has-post-thumbnail","hentry","category-culture","tag-cecile-tlili","tag-gisele-halimi","tag-prix","tag-roman"],"yoast_head":"<!-- This site is optimized with the Yoast SEO Premium plugin v27.5 (Yoast SEO v27.5) - https:\/\/yoast.com\/product\/yoast-seo-premium-wordpress\/ -->\n<title>Litt\u00e9rature : Le prix Gis\u00e8le Halimi d\u00e9cern\u00e9 \u00e0 C\u00e9cile Tlili<\/title>\n<meta name=\"description\" content=\"La premi\u00e8re \u00e9dition du prix Gis\u00e8le Halimi vient de se tenir \u00e0 Paris \u00e0 l&#039;initiative de l&#039;Association des avocats franco-tunisiens pr\u00e9sid\u00e9e par Samia Maktouf, \u00e9ga...\" \/>\n<link rel=\"canonical\" href=\"https:\/\/www.webdo.tn\/fr\/actualite\/culture\/litterature-le-prix-gisele-halimi-decerne-a-cecile-tlili\/210186\/\" \/>\n<meta property=\"og:locale\" content=\"fr_FR\" \/>\n<meta property=\"og:type\" content=\"article\" \/>\n<meta property=\"og:title\" content=\"Litt\u00e9rature : Le prix Gis\u00e8le Halimi d\u00e9cern\u00e9 \u00e0 C\u00e9cile Tlili\" \/>\n<meta property=\"og:description\" content=\"La premi\u00e8re \u00e9dition du prix Gis\u00e8le Halimi vient de se tenir \u00e0 Paris \u00e0 l&#039;initiative de l&#039;Association des avocats franco-tunisiens pr\u00e9sid\u00e9e par Samia Maktouf, \u00e9ga...\" \/>\n<meta property=\"og:url\" content=\"https:\/\/www.webdo.tn\/fr\/actualite\/culture\/litterature-le-prix-gisele-halimi-decerne-a-cecile-tlili\/210186\/\" \/>\n<meta property=\"og:site_name\" content=\"webdo\" \/>\n<meta property=\"article:publisher\" content=\"https:\/\/www.facebook.com\/webdotn\" \/>\n<meta property=\"article:author\" content=\"https:\/\/www.facebook.com\/hatem.bourial.2025\" \/>\n<meta property=\"article:published_time\" content=\"2023-11-17T12:43:00+00:00\" \/>\n<meta property=\"og:image\" content=\"https:\/\/www.webdo.tn\/fr\/wp-content\/uploads\/2023\/11\/b95f5763a40bc0a5afb585e22de9ef4a.jpg\" \/>\n\t<meta property=\"og:image:width\" content=\"750\" \/>\n\t<meta property=\"og:image:height\" content=\"400\" \/>\n\t<meta property=\"og:image:type\" content=\"image\/jpeg\" \/>\n<meta name=\"author\" content=\"Hatem Bourial\" \/>\n<meta name=\"twitter:card\" content=\"summary_large_image\" \/>\n<meta name=\"twitter:creator\" content=\"@webdo_tn\" \/>\n<meta name=\"twitter:site\" content=\"@webdo_tn\" \/>\n<meta name=\"twitter:label1\" content=\"\u00c9crit par\" \/>\n\t<meta name=\"twitter:data1\" content=\"Hatem Bourial\" \/>\n\t<meta name=\"twitter:label2\" content=\"Dur\u00e9e de lecture estim\u00e9e\" \/>\n\t<meta name=\"twitter:data2\" content=\"1 minute\" \/>\n<script type=\"application\/ld+json\" class=\"yoast-schema-graph\">{\"@context\":\"https:\\\/\\\/schema.org\",\"@graph\":[{\"@type\":\"NewsArticle\",\"@id\":\"https:\\\/\\\/www.webdo.tn\\\/fr\\\/actualite\\\/culture\\\/litterature-le-prix-gisele-halimi-decerne-a-cecile-tlili\\\/210186\\\/#article\",\"isPartOf\":{\"@id\":\"https:\\\/\\\/www.webdo.tn\\\/fr\\\/actualite\\\/culture\\\/litterature-le-prix-gisele-halimi-decerne-a-cecile-tlili\\\/210186\\\/\"},\"author\":{\"name\":\"Hatem Bourial\",\"@id\":\"https:\\\/\\\/www.webdo.tn\\\/fr\\\/#\\\/schema\\\/person\\\/6bc0beba2cd23aec27cb5df85ca2554f\"},\"headline\":\"Litt\u00e9rature : Le prix Gis\u00e8le Halimi d\u00e9cern\u00e9 \u00e0 C\u00e9cile Tlili\",\"datePublished\":\"2023-11-17T12:43:00+00:00\",\"mainEntityOfPage\":{\"@id\":\"https:\\\/\\\/www.webdo.tn\\\/fr\\\/actualite\\\/culture\\\/litterature-le-prix-gisele-halimi-decerne-a-cecile-tlili\\\/210186\\\/\"},\"wordCount\":259,\"commentCount\":0,\"publisher\":{\"@id\":\"https:\\\/\\\/www.webdo.tn\\\/fr\\\/#organization\"},\"image\":{\"@id\":\"https:\\\/\\\/www.webdo.tn\\\/fr\\\/actualite\\\/culture\\\/litterature-le-prix-gisele-halimi-decerne-a-cecile-tlili\\\/210186\\\/#primaryimage\"},\"thumbnailUrl\":\"https:\\\/\\\/www.webdo.tn\\\/fr\\\/wp-content\\\/uploads\\\/2023\\\/11\\\/b95f5763a40bc0a5afb585e22de9ef4a.jpg\",\"keywords\":[\"'C\u00e9cile Tlili']\",\"'Gis\u00e8le Halimi'\",\"prix\",\"roman\"],\"articleSection\":[\"Culture\"],\"inLanguage\":\"fr-FR\"},{\"@type\":\"WebPage\",\"@id\":\"https:\\\/\\\/www.webdo.tn\\\/fr\\\/actualite\\\/culture\\\/litterature-le-prix-gisele-halimi-decerne-a-cecile-tlili\\\/210186\\\/\",\"url\":\"https:\\\/\\\/www.webdo.tn\\\/fr\\\/actualite\\\/culture\\\/litterature-le-prix-gisele-halimi-decerne-a-cecile-tlili\\\/210186\\\/\",\"name\":\"Litt\u00e9rature : Le prix Gis\u00e8le Halimi d\u00e9cern\u00e9 \u00e0 C\u00e9cile Tlili\",\"isPartOf\":{\"@id\":\"https:\\\/\\\/www.webdo.tn\\\/fr\\\/#website\"},\"primaryImageOfPage\":{\"@id\":\"https:\\\/\\\/www.webdo.tn\\\/fr\\\/actualite\\\/culture\\\/litterature-le-prix-gisele-halimi-decerne-a-cecile-tlili\\\/210186\\\/#primaryimage\"},\"image\":{\"@id\":\"https:\\\/\\\/www.webdo.tn\\\/fr\\\/actualite\\\/culture\\\/litterature-le-prix-gisele-halimi-decerne-a-cecile-tlili\\\/210186\\\/#primaryimage\"},\"thumbnailUrl\":\"https:\\\/\\\/www.webdo.tn\\\/fr\\\/wp-content\\\/uploads\\\/2023\\\/11\\\/b95f5763a40bc0a5afb585e22de9ef4a.jpg\",\"datePublished\":\"2023-11-17T12:43:00+00:00\",\"description\":\"La premi\u00e8re \u00e9dition du prix Gis\u00e8le Halimi vient de se tenir \u00e0 Paris \u00e0 l'initiative de l'Association des avocats franco-tunisiens pr\u00e9sid\u00e9e par Samia Maktouf, \u00e9ga...\",\"breadcrumb\":{\"@id\":\"https:\\\/\\\/www.webdo.tn\\\/fr\\\/actualite\\\/culture\\\/litterature-le-prix-gisele-halimi-decerne-a-cecile-tlili\\\/210186\\\/#breadcrumb\"},\"inLanguage\":\"fr-FR\",\"potentialAction\":[{\"@type\":\"ReadAction\",\"target\":[\"https:\\\/\\\/www.webdo.tn\\\/fr\\\/actualite\\\/culture\\\/litterature-le-prix-gisele-halimi-decerne-a-cecile-tlili\\\/210186\\\/\"]}]},{\"@type\":\"ImageObject\",\"inLanguage\":\"fr-FR\",\"@id\":\"https:\\\/\\\/www.webdo.tn\\\/fr\\\/actualite\\\/culture\\\/litterature-le-prix-gisele-halimi-decerne-a-cecile-tlili\\\/210186\\\/#primaryimage\",\"url\":\"https:\\\/\\\/www.webdo.tn\\\/fr\\\/wp-content\\\/uploads\\\/2023\\\/11\\\/b95f5763a40bc0a5afb585e22de9ef4a.jpg\",\"contentUrl\":\"https:\\\/\\\/www.webdo.tn\\\/fr\\\/wp-content\\\/uploads\\\/2023\\\/11\\\/b95f5763a40bc0a5afb585e22de9ef4a.jpg\",\"width\":750,\"height\":400,\"caption\":\"Litt\u00e9rature : Le prix Gis\u00e8le Halimi d\u00e9cern\u00e9 \u00e0 C\u00e9cile Tlili\"},{\"@type\":\"BreadcrumbList\",\"@id\":\"https:\\\/\\\/www.webdo.tn\\\/fr\\\/actualite\\\/culture\\\/litterature-le-prix-gisele-halimi-decerne-a-cecile-tlili\\\/210186\\\/#breadcrumb\",\"itemListElement\":[{\"@type\":\"ListItem\",\"position\":1,\"name\":\"Accueil\",\"item\":\"https:\\\/\\\/www.webdo.tn\\\/fr\\\/\"},{\"@type\":\"ListItem\",\"position\":2,\"name\":\"Litt\u00e9rature : Le prix Gis\u00e8le Halimi d\u00e9cern\u00e9 \u00e0 C\u00e9cile Tlili\"}]},{\"@type\":\"WebSite\",\"@id\":\"https:\\\/\\\/www.webdo.tn\\\/fr\\\/#website\",\"url\":\"https:\\\/\\\/www.webdo.tn\\\/fr\\\/\",\"name\":\"webdo\",\"description\":\"Tunisie - News en Tunisie et \u00e0 l&#039;international sur Webdo.tn\",\"publisher\":{\"@id\":\"https:\\\/\\\/www.webdo.tn\\\/fr\\\/#organization\"},\"potentialAction\":[{\"@type\":\"SearchAction\",\"target\":{\"@type\":\"EntryPoint\",\"urlTemplate\":\"https:\\\/\\\/www.webdo.tn\\\/fr\\\/?s={search_term_string}\"},\"query-input\":{\"@type\":\"PropertyValueSpecification\",\"valueRequired\":true,\"valueName\":\"search_term_string\"}}],\"inLanguage\":\"fr-FR\"},{\"@type\":\"Organization\",\"@id\":\"https:\\\/\\\/www.webdo.tn\\\/fr\\\/#organization\",\"name\":\"Webdo\",\"alternateName\":\"Webdo.tn\",\"url\":\"https:\\\/\\\/www.webdo.tn\\\/fr\\\/\",\"logo\":{\"@type\":\"ImageObject\",\"inLanguage\":\"fr-FR\",\"@id\":\"https:\\\/\\\/www.webdo.tn\\\/fr\\\/#\\\/schema\\\/logo\\\/image\\\/\",\"url\":\"https:\\\/\\\/www.webdo.tn\\\/fr\\\/wp-content\\\/uploads\\\/2025\\\/06\\\/Webdo-Tunisie_168377.jpg\",\"contentUrl\":\"https:\\\/\\\/www.webdo.tn\\\/fr\\\/wp-content\\\/uploads\\\/2025\\\/06\\\/Webdo-Tunisie_168377.jpg\",\"width\":301,\"height\":301,\"caption\":\"Webdo\"},\"image\":{\"@id\":\"https:\\\/\\\/www.webdo.tn\\\/fr\\\/#\\\/schema\\\/logo\\\/image\\\/\"},\"sameAs\":[\"https:\\\/\\\/www.facebook.com\\\/webdotn\",\"https:\\\/\\\/x.com\\\/webdo_tn\"],\"description\":\"Webdo est un m\u00e9dia num\u00e9rique tunisien fond\u00e9 en 2010, sp\u00e9cialis\u00e9 dans l\u2019actualit\u00e9 nationale et internationale, l\u2019\u00e9conomie, la soci\u00e9t\u00e9 et les analyses politiques. Le site s\u2019adresse \u00e0 un large public francophone et couvre l\u2019information tunisienne en temps r\u00e9el.\",\"email\":\"redac@webdo.tn\",\"legalName\":\"YNJ SARL\",\"foundingDate\":\"2010-09-06\",\"numberOfEmployees\":{\"@type\":\"QuantitativeValue\",\"minValue\":\"11\",\"maxValue\":\"50\"}},{\"@type\":\"Person\",\"@id\":\"https:\\\/\\\/www.webdo.tn\\\/fr\\\/#\\\/schema\\\/person\\\/6bc0beba2cd23aec27cb5df85ca2554f\",\"name\":\"Hatem Bourial\",\"image\":{\"@type\":\"ImageObject\",\"inLanguage\":\"fr-FR\",\"@id\":\"https:\\\/\\\/www.webdo.tn\\\/fr\\\/wp-content\\\/uploads\\\/2026\\\/04\\\/hatem-bourial_avatar-96x96.jpg\",\"url\":\"https:\\\/\\\/www.webdo.tn\\\/fr\\\/wp-content\\\/uploads\\\/2026\\\/04\\\/hatem-bourial_avatar-96x96.jpg\",\"contentUrl\":\"https:\\\/\\\/www.webdo.tn\\\/fr\\\/wp-content\\\/uploads\\\/2026\\\/04\\\/hatem-bourial_avatar-96x96.jpg\",\"caption\":\"Hatem Bourial\"},\"description\":\"Hatem Bourial est journaliste, \u00e9crivain et chroniqueur tunisien. Actif depuis plusieurs d\u00e9cennies, il s\u2019est impos\u00e9 comme un observateur attentif de la soci\u00e9t\u00e9 tunisienne, m\u00ealant dans ses \u00e9crits m\u00e9moire, culture et analyse du quotidien. Auteur de nombreux ouvrages, il d\u00e9veloppe une \u0153uvre \u00e0 la crois\u00e9e du r\u00e9cit, de la po\u00e9sie et de l\u2019observation sociologique. Parall\u00e8lement \u00e0 ses contributions dans la presse, il intervient r\u00e9guli\u00e8rement \u00e0 la radio et dans des espaces culturels, o\u00f9 il explore les enjeux li\u00e9s au patrimoine, \u00e0 l\u2019identit\u00e9 et aux transformations du monde contemporain. \u00c0 travers ses chroniques, Hatem Bourial propose une lecture sensible et approfondie de l\u2019actualit\u00e9, nourrie par une exp\u00e9rience journalistique et litt\u00e9raire reconnue. \ud83d\udd17 Facebook : https:\\\/\\\/www.facebook.com\\\/hatem.bourial.2025\",\"sameAs\":[\"https:\\\/\\\/www.facebook.com\\\/hatem.bourial.2025\",\"https:\\\/\\\/fr.wikipedia.org\\\/wiki\\\/Fichier:Hatem_Bourial.jpg\"],\"knowsAbout\":[\"Culture & patrimoine tunisien\",\"Chronique soci\u00e9tale\",\"Litt\u00e9rature & m\u00e9moire\",\"Cin\u00e9ma & critique culturelle\",\"Identit\u00e9 & mutations sociales\"],\"knowsLanguage\":[\"Arabe\",\"Fran\u00e7ais\",\"Anglais\",\"Italien\",\"Polonais\"],\"jobTitle\":\"Journaliste, \u00e9crivain et chroniqueur culturel\",\"worksFor\":\"Webdo\",\"url\":\"https:\\\/\\\/www.webdo.tn\\\/fr\\\/actualite\\\/author\\\/hatem-bourial-2\\\/\"}]}<\/script>\n<!-- \/ Yoast SEO Premium plugin. -->","yoast_head_json":{"title":"Litt\u00e9rature : Le prix Gis\u00e8le Halimi d\u00e9cern\u00e9 \u00e0 C\u00e9cile Tlili","description":"La premi\u00e8re \u00e9dition du prix Gis\u00e8le Halimi vient de se tenir \u00e0 Paris \u00e0 l'initiative de l'Association des avocats franco-tunisiens pr\u00e9sid\u00e9e par Samia Maktouf, \u00e9ga...","canonical":"https:\/\/www.webdo.tn\/fr\/actualite\/culture\/litterature-le-prix-gisele-halimi-decerne-a-cecile-tlili\/210186\/","og_locale":"fr_FR","og_type":"article","og_title":"Litt\u00e9rature : Le prix Gis\u00e8le Halimi d\u00e9cern\u00e9 \u00e0 C\u00e9cile Tlili","og_description":"La premi\u00e8re \u00e9dition du prix Gis\u00e8le Halimi vient de se tenir \u00e0 Paris \u00e0 l'initiative de l'Association des avocats franco-tunisiens pr\u00e9sid\u00e9e par Samia Maktouf, \u00e9ga...","og_url":"https:\/\/www.webdo.tn\/fr\/actualite\/culture\/litterature-le-prix-gisele-halimi-decerne-a-cecile-tlili\/210186\/","og_site_name":"webdo","article_publisher":"https:\/\/www.facebook.com\/webdotn","article_author":"https:\/\/www.facebook.com\/hatem.bourial.2025","article_published_time":"2023-11-17T12:43:00+00:00","og_image":[{"width":750,"height":400,"url":"https:\/\/www.webdo.tn\/fr\/wp-content\/uploads\/2023\/11\/b95f5763a40bc0a5afb585e22de9ef4a.jpg","type":"image\/jpeg"}],"author":"Hatem Bourial","twitter_card":"summary_large_image","twitter_creator":"@webdo_tn","twitter_site":"@webdo_tn","twitter_misc":{"\u00c9crit par":"Hatem Bourial","Dur\u00e9e de lecture estim\u00e9e":"1 minute"},"schema":{"@context":"https:\/\/schema.org","@graph":[{"@type":"NewsArticle","@id":"https:\/\/www.webdo.tn\/fr\/actualite\/culture\/litterature-le-prix-gisele-halimi-decerne-a-cecile-tlili\/210186\/#article","isPartOf":{"@id":"https:\/\/www.webdo.tn\/fr\/actualite\/culture\/litterature-le-prix-gisele-halimi-decerne-a-cecile-tlili\/210186\/"},"author":{"name":"Hatem Bourial","@id":"https:\/\/www.webdo.tn\/fr\/#\/schema\/person\/6bc0beba2cd23aec27cb5df85ca2554f"},"headline":"Litt\u00e9rature : Le prix Gis\u00e8le Halimi d\u00e9cern\u00e9 \u00e0 C\u00e9cile Tlili","datePublished":"2023-11-17T12:43:00+00:00","mainEntityOfPage":{"@id":"https:\/\/www.webdo.tn\/fr\/actualite\/culture\/litterature-le-prix-gisele-halimi-decerne-a-cecile-tlili\/210186\/"},"wordCount":259,"commentCount":0,"publisher":{"@id":"https:\/\/www.webdo.tn\/fr\/#organization"},"image":{"@id":"https:\/\/www.webdo.tn\/fr\/actualite\/culture\/litterature-le-prix-gisele-halimi-decerne-a-cecile-tlili\/210186\/#primaryimage"},"thumbnailUrl":"https:\/\/www.webdo.tn\/fr\/wp-content\/uploads\/2023\/11\/b95f5763a40bc0a5afb585e22de9ef4a.jpg","keywords":["'C\u00e9cile Tlili']","'Gis\u00e8le Halimi'","prix","roman"],"articleSection":["Culture"],"inLanguage":"fr-FR"},{"@type":"WebPage","@id":"https:\/\/www.webdo.tn\/fr\/actualite\/culture\/litterature-le-prix-gisele-halimi-decerne-a-cecile-tlili\/210186\/","url":"https:\/\/www.webdo.tn\/fr\/actualite\/culture\/litterature-le-prix-gisele-halimi-decerne-a-cecile-tlili\/210186\/","name":"Litt\u00e9rature : Le prix Gis\u00e8le Halimi d\u00e9cern\u00e9 \u00e0 C\u00e9cile Tlili","isPartOf":{"@id":"https:\/\/www.webdo.tn\/fr\/#website"},"primaryImageOfPage":{"@id":"https:\/\/www.webdo.tn\/fr\/actualite\/culture\/litterature-le-prix-gisele-halimi-decerne-a-cecile-tlili\/210186\/#primaryimage"},"image":{"@id":"https:\/\/www.webdo.tn\/fr\/actualite\/culture\/litterature-le-prix-gisele-halimi-decerne-a-cecile-tlili\/210186\/#primaryimage"},"thumbnailUrl":"https:\/\/www.webdo.tn\/fr\/wp-content\/uploads\/2023\/11\/b95f5763a40bc0a5afb585e22de9ef4a.jpg","datePublished":"2023-11-17T12:43:00+00:00","description":"La premi\u00e8re \u00e9dition du prix Gis\u00e8le Halimi vient de se tenir \u00e0 Paris \u00e0 l'initiative de l'Association des avocats franco-tunisiens pr\u00e9sid\u00e9e par Samia Maktouf, \u00e9ga...","breadcrumb":{"@id":"https:\/\/www.webdo.tn\/fr\/actualite\/culture\/litterature-le-prix-gisele-halimi-decerne-a-cecile-tlili\/210186\/#breadcrumb"},"inLanguage":"fr-FR","potentialAction":[{"@type":"ReadAction","target":["https:\/\/www.webdo.tn\/fr\/actualite\/culture\/litterature-le-prix-gisele-halimi-decerne-a-cecile-tlili\/210186\/"]}]},{"@type":"ImageObject","inLanguage":"fr-FR","@id":"https:\/\/www.webdo.tn\/fr\/actualite\/culture\/litterature-le-prix-gisele-halimi-decerne-a-cecile-tlili\/210186\/#primaryimage","url":"https:\/\/www.webdo.tn\/fr\/wp-content\/uploads\/2023\/11\/b95f5763a40bc0a5afb585e22de9ef4a.jpg","contentUrl":"https:\/\/www.webdo.tn\/fr\/wp-content\/uploads\/2023\/11\/b95f5763a40bc0a5afb585e22de9ef4a.jpg","width":750,"height":400,"caption":"Litt\u00e9rature : Le prix Gis\u00e8le Halimi d\u00e9cern\u00e9 \u00e0 C\u00e9cile Tlili"},{"@type":"BreadcrumbList","@id":"https:\/\/www.webdo.tn\/fr\/actualite\/culture\/litterature-le-prix-gisele-halimi-decerne-a-cecile-tlili\/210186\/#breadcrumb","itemListElement":[{"@type":"ListItem","position":1,"name":"Accueil","item":"https:\/\/www.webdo.tn\/fr\/"},{"@type":"ListItem","position":2,"name":"Litt\u00e9rature : Le prix Gis\u00e8le Halimi d\u00e9cern\u00e9 \u00e0 C\u00e9cile Tlili"}]},{"@type":"WebSite","@id":"https:\/\/www.webdo.tn\/fr\/#website","url":"https:\/\/www.webdo.tn\/fr\/","name":"webdo","description":"Tunisie - News en Tunisie et \u00e0 l&#039;international sur Webdo.tn","publisher":{"@id":"https:\/\/www.webdo.tn\/fr\/#organization"},"potentialAction":[{"@type":"SearchAction","target":{"@type":"EntryPoint","urlTemplate":"https:\/\/www.webdo.tn\/fr\/?s={search_term_string}"},"query-input":{"@type":"PropertyValueSpecification","valueRequired":true,"valueName":"search_term_string"}}],"inLanguage":"fr-FR"},{"@type":"Organization","@id":"https:\/\/www.webdo.tn\/fr\/#organization","name":"Webdo","alternateName":"Webdo.tn","url":"https:\/\/www.webdo.tn\/fr\/","logo":{"@type":"ImageObject","inLanguage":"fr-FR","@id":"https:\/\/www.webdo.tn\/fr\/#\/schema\/logo\/image\/","url":"https:\/\/www.webdo.tn\/fr\/wp-content\/uploads\/2025\/06\/Webdo-Tunisie_168377.jpg","contentUrl":"https:\/\/www.webdo.tn\/fr\/wp-content\/uploads\/2025\/06\/Webdo-Tunisie_168377.jpg","width":301,"height":301,"caption":"Webdo"},"image":{"@id":"https:\/\/www.webdo.tn\/fr\/#\/schema\/logo\/image\/"},"sameAs":["https:\/\/www.facebook.com\/webdotn","https:\/\/x.com\/webdo_tn"],"description":"Webdo est un m\u00e9dia num\u00e9rique tunisien fond\u00e9 en 2010, sp\u00e9cialis\u00e9 dans l\u2019actualit\u00e9 nationale et internationale, l\u2019\u00e9conomie, la soci\u00e9t\u00e9 et les analyses politiques. Le site s\u2019adresse \u00e0 un large public francophone et couvre l\u2019information tunisienne en temps r\u00e9el.","email":"redac@webdo.tn","legalName":"YNJ SARL","foundingDate":"2010-09-06","numberOfEmployees":{"@type":"QuantitativeValue","minValue":"11","maxValue":"50"}},{"@type":"Person","@id":"https:\/\/www.webdo.tn\/fr\/#\/schema\/person\/6bc0beba2cd23aec27cb5df85ca2554f","name":"Hatem Bourial","image":{"@type":"ImageObject","inLanguage":"fr-FR","@id":"https:\/\/www.webdo.tn\/fr\/wp-content\/uploads\/2026\/04\/hatem-bourial_avatar-96x96.jpg","url":"https:\/\/www.webdo.tn\/fr\/wp-content\/uploads\/2026\/04\/hatem-bourial_avatar-96x96.jpg","contentUrl":"https:\/\/www.webdo.tn\/fr\/wp-content\/uploads\/2026\/04\/hatem-bourial_avatar-96x96.jpg","caption":"Hatem Bourial"},"description":"Hatem Bourial est journaliste, \u00e9crivain et chroniqueur tunisien. Actif depuis plusieurs d\u00e9cennies, il s\u2019est impos\u00e9 comme un observateur attentif de la soci\u00e9t\u00e9 tunisienne, m\u00ealant dans ses \u00e9crits m\u00e9moire, culture et analyse du quotidien. Auteur de nombreux ouvrages, il d\u00e9veloppe une \u0153uvre \u00e0 la crois\u00e9e du r\u00e9cit, de la po\u00e9sie et de l\u2019observation sociologique. Parall\u00e8lement \u00e0 ses contributions dans la presse, il intervient r\u00e9guli\u00e8rement \u00e0 la radio et dans des espaces culturels, o\u00f9 il explore les enjeux li\u00e9s au patrimoine, \u00e0 l\u2019identit\u00e9 et aux transformations du monde contemporain. \u00c0 travers ses chroniques, Hatem Bourial propose une lecture sensible et approfondie de l\u2019actualit\u00e9, nourrie par une exp\u00e9rience journalistique et litt\u00e9raire reconnue. \ud83d\udd17 Facebook : https:\/\/www.facebook.com\/hatem.bourial.2025","sameAs":["https:\/\/www.facebook.com\/hatem.bourial.2025","https:\/\/fr.wikipedia.org\/wiki\/Fichier:Hatem_Bourial.jpg"],"knowsAbout":["Culture & patrimoine tunisien","Chronique soci\u00e9tale","Litt\u00e9rature & m\u00e9moire","Cin\u00e9ma & critique culturelle","Identit\u00e9 & mutations sociales"],"knowsLanguage":["Arabe","Fran\u00e7ais","Anglais","Italien","Polonais"],"jobTitle":"Journaliste, \u00e9crivain et chroniqueur culturel","worksFor":"Webdo","url":"https:\/\/www.webdo.tn\/fr\/actualite\/author\/hatem-bourial-2\/"}]}},"_links":{"self":[{"href":"https:\/\/www.webdo.tn\/fr\/wp-json\/wp\/v2\/posts\/210186","targetHints":{"allow":["GET"]}}],"collection":[{"href":"https:\/\/www.webdo.tn\/fr\/wp-json\/wp\/v2\/posts"}],"about":[{"href":"https:\/\/www.webdo.tn\/fr\/wp-json\/wp\/v2\/types\/post"}],"author":[{"embeddable":true,"href":"https:\/\/www.webdo.tn\/fr\/wp-json\/wp\/v2\/users\/3229"}],"replies":[{"embeddable":true,"href":"https:\/\/www.webdo.tn\/fr\/wp-json\/wp\/v2\/comments?post=210186"}],"version-history":[{"count":0,"href":"https:\/\/www.webdo.tn\/fr\/wp-json\/wp\/v2\/posts\/210186\/revisions"}],"wp:featuredmedia":[{"embeddable":true,"href":"https:\/\/www.webdo.tn\/fr\/wp-json\/wp\/v2\/media\/289874"}],"wp:attachment":[{"href":"https:\/\/www.webdo.tn\/fr\/wp-json\/wp\/v2\/media?parent=210186"}],"wp:term":[{"taxonomy":"category","embeddable":true,"href":"https:\/\/www.webdo.tn\/fr\/wp-json\/wp\/v2\/categories?post=210186"},{"taxonomy":"post_tag","embeddable":true,"href":"https:\/\/www.webdo.tn\/fr\/wp-json\/wp\/v2\/tags?post=210186"}],"curies":[{"name":"wp","href":"https:\/\/api.w.org\/{rel}","templated":true}]}}