{"id":210183,"date":"2023-11-17T11:40:00","date_gmt":"2023-11-17T11:40:00","guid":{"rendered":"https:\/\/www.webdo.tn\/fr\/blog\/hachani-la-tunisie-va-depasser-cette-conjoncture-je-suis-tres-optimiste\/210183\/"},"modified":"2025-05-20T22:39:36","modified_gmt":"2025-05-20T22:39:36","slug":"hachani-la-tunisie-va-depasser-cette-conjoncture-je-suis-tres-optimiste","status":"publish","type":"post","link":"https:\/\/www.webdo.tn\/fr\/actualite\/national\/hachani-la-tunisie-va-depasser-cette-conjoncture-je-suis-tres-optimiste\/210183\/","title":{"rendered":"Ahmed Hachani : \u00ab\u00a0La Tunisie va d\u00e9passer cette conjoncture, je suis tr\u00e8s optimiste\u00a0\u00bb"},"content":{"rendered":"<p>Le chef du gouvernement Ahmed Hachani accompagn\u00e9 de ses ministres pr\u00e9sente ce vendredi 17 novembre 2023, les projets de budget de l\u2019Etat et de la loi des Finances \u00e0 l\u2019Assembl\u00e9e des repr\u00e9sentants du peuple (ARP).\u00a0<\/p>\n<p>\t\t\t\t\t\t\t\t\tA l\u2019ouverture de son discours, le locataire de la Kasbah a adress\u00e9 un message d\u2019espoir aux d\u00e9put\u00e9s ind\u00e9pendamment de la \u00ab conjoncture sp\u00e9ciale que connait la Tunisie \u00bb.\u00a0<\/p>\n<p>\u00ab Le travail et les accomplissements importent le plus. La Tunisie a besoin plus que tout du travail car nous avons perdu beaucoup de temps notamment pendant la derni\u00e8re d\u00e9cennie qui a nui au pays, mais je reste tr\u00e8s optimiste malgr\u00e9 tout\u00bb, a-t-il dit, affirmant que son gouvernement d\u00e9ploie tous les efforts pour faire avancer le pays notamment sur le plan l\u00e9gislatif. \u00a0<\/p>\n<p>Et de promettre que la Tunisie va d\u00e9passer cette conjoncture difficile gr\u00e2ce \u00e0 la culture du travail et \u00e0 la confiance. Le chef de l\u2019Etat qui a soulign\u00e9 l\u2019importance de la stabilit\u00e9 politique depuis juillet 2021, a pr\u00e9cis\u00e9 que le gouvernement poursuit les diff\u00e9rentes r\u00e9formes dans le cadre des politiques g\u00e9n\u00e9rales trac\u00e9es par le chef de l\u2019Etat Kais Saied.<\/p>\n","protected":false},"excerpt":{"rendered":"<p>A l\u2019ouverture de son discours, le locataire de la Kasbah a adress\u00e9 un message d\u2019espoir aux d\u00e9put\u00e9s ind\u00e9pendamment de la \u00ab conjoncture sp\u00e9ciale que connait la Tu&#8230;<\/p>\n","protected":false},"author":3175,"featured_media":248767,"comment_status":"open","ping_status":"closed","sticky":false,"template":"","format":"standard","meta":{"footnotes":""},"categories":[44],"tags":[2813,6926,2608],"class_list":["post-210183","post","type-post","status-publish","format-standard","has-post-thumbnail","hentry","category-national","tag-arp","tag-hachani","tag-tunisie"],"yoast_head":"<!-- This site is optimized with the Yoast SEO Premium plugin v27.5 (Yoast SEO v27.5) - https:\/\/yoast.com\/product\/yoast-seo-premium-wordpress\/ -->\n<title>Ahmed Hachani : La Tunisie va d\u00e9passer cette conjoncture, je suis tr\u00e8s optimiste<\/title>\n<meta name=\"description\" content=\"A l\u2019ouverture de son discours, le locataire de la Kasbah a adress\u00e9 un message d\u2019espoir aux d\u00e9put\u00e9s ind\u00e9pendamment de la \u00ab conjoncture sp\u00e9ciale que connait la Tu...\" \/>\n<link rel=\"canonical\" href=\"https:\/\/www.webdo.tn\/fr\/actualite\/national\/hachani-la-tunisie-va-depasser-cette-conjoncture-je-suis-tres-optimiste\/210183\/\" \/>\n<meta property=\"og:locale\" content=\"fr_FR\" \/>\n<meta property=\"og:type\" content=\"article\" \/>\n<meta property=\"og:title\" content=\"Ahmed Hachani : &quot;La Tunisie va d\u00e9passer cette conjoncture, je suis tr\u00e8s optimiste&quot;\" \/>\n<meta property=\"og:description\" content=\"A l\u2019ouverture de son discours, le locataire de la Kasbah a adress\u00e9 un message d\u2019espoir aux d\u00e9put\u00e9s ind\u00e9pendamment de la \u00ab conjoncture sp\u00e9ciale que connait la Tu...\" \/>\n<meta property=\"og:url\" content=\"https:\/\/www.webdo.tn\/fr\/actualite\/national\/hachani-la-tunisie-va-depasser-cette-conjoncture-je-suis-tres-optimiste\/210183\/\" \/>\n<meta property=\"og:site_name\" content=\"webdo\" \/>\n<meta property=\"article:publisher\" content=\"https:\/\/www.facebook.com\/webdotn\" \/>\n<meta property=\"article:published_time\" content=\"2023-11-17T11:40:00+00:00\" \/>\n<meta property=\"article:modified_time\" content=\"2025-05-20T22:39:36+00:00\" \/>\n<meta property=\"og:image\" content=\"https:\/\/www.webdo.tn\/fr\/wp-content\/uploads\/2023\/11\/29befab06f3ed09a5c2bc63d98e64241.jpg\" \/>\n\t<meta property=\"og:image:width\" content=\"750\" \/>\n\t<meta property=\"og:image:height\" content=\"400\" \/>\n\t<meta property=\"og:image:type\" content=\"image\/jpeg\" \/>\n<meta name=\"author\" content=\"CL\" \/>\n<meta name=\"twitter:card\" content=\"summary_large_image\" \/>\n<meta name=\"twitter:creator\" content=\"@webdo_tn\" \/>\n<meta name=\"twitter:site\" content=\"@webdo_tn\" \/>\n<meta name=\"twitter:label1\" content=\"\u00c9crit par\" \/>\n\t<meta name=\"twitter:data1\" content=\"CL\" \/>\n\t<meta name=\"twitter:label2\" content=\"Dur\u00e9e de lecture estim\u00e9e\" \/>\n\t<meta name=\"twitter:data2\" content=\"1 minute\" \/>\n<script type=\"application\/ld+json\" class=\"yoast-schema-graph\">{\"@context\":\"https:\\\/\\\/schema.org\",\"@graph\":[{\"@type\":\"NewsArticle\",\"@id\":\"https:\\\/\\\/www.webdo.tn\\\/fr\\\/actualite\\\/national\\\/hachani-la-tunisie-va-depasser-cette-conjoncture-je-suis-tres-optimiste\\\/210183\\\/#article\",\"isPartOf\":{\"@id\":\"https:\\\/\\\/www.webdo.tn\\\/fr\\\/actualite\\\/national\\\/hachani-la-tunisie-va-depasser-cette-conjoncture-je-suis-tres-optimiste\\\/210183\\\/\"},\"author\":{\"name\":\"CL\",\"@id\":\"https:\\\/\\\/www.webdo.tn\\\/fr\\\/#\\\/schema\\\/person\\\/f35b42a42c5e2511bbd282959d6385cc\"},\"headline\":\"Ahmed Hachani : \u00ab\u00a0La Tunisie va d\u00e9passer cette conjoncture, je suis tr\u00e8s optimiste\u00a0\u00bb\",\"datePublished\":\"2023-11-17T11:40:00+00:00\",\"dateModified\":\"2025-05-20T22:39:36+00:00\",\"mainEntityOfPage\":{\"@id\":\"https:\\\/\\\/www.webdo.tn\\\/fr\\\/actualite\\\/national\\\/hachani-la-tunisie-va-depasser-cette-conjoncture-je-suis-tres-optimiste\\\/210183\\\/\"},\"wordCount\":216,\"commentCount\":0,\"publisher\":{\"@id\":\"https:\\\/\\\/www.webdo.tn\\\/fr\\\/#organization\"},\"image\":{\"@id\":\"https:\\\/\\\/www.webdo.tn\\\/fr\\\/actualite\\\/national\\\/hachani-la-tunisie-va-depasser-cette-conjoncture-je-suis-tres-optimiste\\\/210183\\\/#primaryimage\"},\"thumbnailUrl\":\"https:\\\/\\\/www.webdo.tn\\\/fr\\\/wp-content\\\/uploads\\\/2023\\\/11\\\/29befab06f3ed09a5c2bc63d98e64241.jpg\",\"keywords\":[\"ARP\",\"Hachani\",\"Tunisie\"],\"articleSection\":[\"National\"],\"inLanguage\":\"fr-FR\"},{\"@type\":\"WebPage\",\"@id\":\"https:\\\/\\\/www.webdo.tn\\\/fr\\\/actualite\\\/national\\\/hachani-la-tunisie-va-depasser-cette-conjoncture-je-suis-tres-optimiste\\\/210183\\\/\",\"url\":\"https:\\\/\\\/www.webdo.tn\\\/fr\\\/actualite\\\/national\\\/hachani-la-tunisie-va-depasser-cette-conjoncture-je-suis-tres-optimiste\\\/210183\\\/\",\"name\":\"Ahmed Hachani : La Tunisie va d\u00e9passer cette conjoncture, je suis tr\u00e8s optimiste\",\"isPartOf\":{\"@id\":\"https:\\\/\\\/www.webdo.tn\\\/fr\\\/#website\"},\"primaryImageOfPage\":{\"@id\":\"https:\\\/\\\/www.webdo.tn\\\/fr\\\/actualite\\\/national\\\/hachani-la-tunisie-va-depasser-cette-conjoncture-je-suis-tres-optimiste\\\/210183\\\/#primaryimage\"},\"image\":{\"@id\":\"https:\\\/\\\/www.webdo.tn\\\/fr\\\/actualite\\\/national\\\/hachani-la-tunisie-va-depasser-cette-conjoncture-je-suis-tres-optimiste\\\/210183\\\/#primaryimage\"},\"thumbnailUrl\":\"https:\\\/\\\/www.webdo.tn\\\/fr\\\/wp-content\\\/uploads\\\/2023\\\/11\\\/29befab06f3ed09a5c2bc63d98e64241.jpg\",\"datePublished\":\"2023-11-17T11:40:00+00:00\",\"dateModified\":\"2025-05-20T22:39:36+00:00\",\"description\":\"A l\u2019ouverture de son discours, le locataire de la Kasbah a adress\u00e9 un message d\u2019espoir aux d\u00e9put\u00e9s ind\u00e9pendamment de la \u00ab conjoncture sp\u00e9ciale que connait la Tu...\",\"breadcrumb\":{\"@id\":\"https:\\\/\\\/www.webdo.tn\\\/fr\\\/actualite\\\/national\\\/hachani-la-tunisie-va-depasser-cette-conjoncture-je-suis-tres-optimiste\\\/210183\\\/#breadcrumb\"},\"inLanguage\":\"fr-FR\",\"potentialAction\":[{\"@type\":\"ReadAction\",\"target\":[\"https:\\\/\\\/www.webdo.tn\\\/fr\\\/actualite\\\/national\\\/hachani-la-tunisie-va-depasser-cette-conjoncture-je-suis-tres-optimiste\\\/210183\\\/\"]}]},{\"@type\":\"ImageObject\",\"inLanguage\":\"fr-FR\",\"@id\":\"https:\\\/\\\/www.webdo.tn\\\/fr\\\/actualite\\\/national\\\/hachani-la-tunisie-va-depasser-cette-conjoncture-je-suis-tres-optimiste\\\/210183\\\/#primaryimage\",\"url\":\"https:\\\/\\\/www.webdo.tn\\\/fr\\\/wp-content\\\/uploads\\\/2023\\\/11\\\/29befab06f3ed09a5c2bc63d98e64241.jpg\",\"contentUrl\":\"https:\\\/\\\/www.webdo.tn\\\/fr\\\/wp-content\\\/uploads\\\/2023\\\/11\\\/29befab06f3ed09a5c2bc63d98e64241.jpg\",\"width\":750,\"height\":400,\"caption\":\"Ahmed Hachani : \\\"La Tunisie va d\u00e9passer cette conjoncture, je suis tr\u00e8s optimiste\\\"\"},{\"@type\":\"BreadcrumbList\",\"@id\":\"https:\\\/\\\/www.webdo.tn\\\/fr\\\/actualite\\\/national\\\/hachani-la-tunisie-va-depasser-cette-conjoncture-je-suis-tres-optimiste\\\/210183\\\/#breadcrumb\",\"itemListElement\":[{\"@type\":\"ListItem\",\"position\":1,\"name\":\"Accueil\",\"item\":\"https:\\\/\\\/www.webdo.tn\\\/fr\\\/\"},{\"@type\":\"ListItem\",\"position\":2,\"name\":\"Ahmed Hachani : &#8220;La Tunisie va d\u00e9passer cette conjoncture, je suis tr\u00e8s optimiste&#8221;\"}]},{\"@type\":\"WebSite\",\"@id\":\"https:\\\/\\\/www.webdo.tn\\\/fr\\\/#website\",\"url\":\"https:\\\/\\\/www.webdo.tn\\\/fr\\\/\",\"name\":\"webdo\",\"description\":\"Tunisie - News en Tunisie et \u00e0 l&#039;international sur Webdo.tn\",\"publisher\":{\"@id\":\"https:\\\/\\\/www.webdo.tn\\\/fr\\\/#organization\"},\"potentialAction\":[{\"@type\":\"SearchAction\",\"target\":{\"@type\":\"EntryPoint\",\"urlTemplate\":\"https:\\\/\\\/www.webdo.tn\\\/fr\\\/?s={search_term_string}\"},\"query-input\":{\"@type\":\"PropertyValueSpecification\",\"valueRequired\":true,\"valueName\":\"search_term_string\"}}],\"inLanguage\":\"fr-FR\"},{\"@type\":\"Organization\",\"@id\":\"https:\\\/\\\/www.webdo.tn\\\/fr\\\/#organization\",\"name\":\"Webdo\",\"alternateName\":\"Webdo.tn\",\"url\":\"https:\\\/\\\/www.webdo.tn\\\/fr\\\/\",\"logo\":{\"@type\":\"ImageObject\",\"inLanguage\":\"fr-FR\",\"@id\":\"https:\\\/\\\/www.webdo.tn\\\/fr\\\/#\\\/schema\\\/logo\\\/image\\\/\",\"url\":\"https:\\\/\\\/www.webdo.tn\\\/fr\\\/wp-content\\\/uploads\\\/2025\\\/06\\\/Webdo-Tunisie_168377.jpg\",\"contentUrl\":\"https:\\\/\\\/www.webdo.tn\\\/fr\\\/wp-content\\\/uploads\\\/2025\\\/06\\\/Webdo-Tunisie_168377.jpg\",\"width\":301,\"height\":301,\"caption\":\"Webdo\"},\"image\":{\"@id\":\"https:\\\/\\\/www.webdo.tn\\\/fr\\\/#\\\/schema\\\/logo\\\/image\\\/\"},\"sameAs\":[\"https:\\\/\\\/www.facebook.com\\\/webdotn\",\"https:\\\/\\\/x.com\\\/webdo_tn\"],\"description\":\"Webdo est un m\u00e9dia num\u00e9rique tunisien fond\u00e9 en 2010, sp\u00e9cialis\u00e9 dans l\u2019actualit\u00e9 nationale et internationale, l\u2019\u00e9conomie, la soci\u00e9t\u00e9 et les analyses politiques. Le site s\u2019adresse \u00e0 un large public francophone et couvre l\u2019information tunisienne en temps r\u00e9el.\",\"email\":\"redac@webdo.tn\",\"legalName\":\"YNJ SARL\",\"foundingDate\":\"2010-09-06\",\"numberOfEmployees\":{\"@type\":\"QuantitativeValue\",\"minValue\":\"11\",\"maxValue\":\"50\"}},{\"@type\":\"Person\",\"@id\":\"https:\\\/\\\/www.webdo.tn\\\/fr\\\/#\\\/schema\\\/person\\\/f35b42a42c5e2511bbd282959d6385cc\",\"name\":\"CL\",\"image\":{\"@type\":\"ImageObject\",\"inLanguage\":\"fr-FR\",\"@id\":\"https:\\\/\\\/secure.gravatar.com\\\/avatar\\\/1447a49909b67aa657c488aec6512e1dd6143a480c1ecfee9b5b5cd74eb3b59e?s=96&d=mm&r=g\",\"url\":\"https:\\\/\\\/secure.gravatar.com\\\/avatar\\\/1447a49909b67aa657c488aec6512e1dd6143a480c1ecfee9b5b5cd74eb3b59e?s=96&d=mm&r=g\",\"contentUrl\":\"https:\\\/\\\/secure.gravatar.com\\\/avatar\\\/1447a49909b67aa657c488aec6512e1dd6143a480c1ecfee9b5b5cd74eb3b59e?s=96&d=mm&r=g\",\"caption\":\"CL\"},\"url\":\"https:\\\/\\\/www.webdo.tn\\\/fr\\\/actualite\\\/author\\\/cl\\\/\"}]}<\/script>\n<!-- \/ Yoast SEO Premium plugin. -->","yoast_head_json":{"title":"Ahmed Hachani : La Tunisie va d\u00e9passer cette conjoncture, je suis tr\u00e8s optimiste","description":"A l\u2019ouverture de son discours, le locataire de la Kasbah a adress\u00e9 un message d\u2019espoir aux d\u00e9put\u00e9s ind\u00e9pendamment de la \u00ab conjoncture sp\u00e9ciale que connait la Tu...","canonical":"https:\/\/www.webdo.tn\/fr\/actualite\/national\/hachani-la-tunisie-va-depasser-cette-conjoncture-je-suis-tres-optimiste\/210183\/","og_locale":"fr_FR","og_type":"article","og_title":"Ahmed Hachani : \"La Tunisie va d\u00e9passer cette conjoncture, je suis tr\u00e8s optimiste\"","og_description":"A l\u2019ouverture de son discours, le locataire de la Kasbah a adress\u00e9 un message d\u2019espoir aux d\u00e9put\u00e9s ind\u00e9pendamment de la \u00ab conjoncture sp\u00e9ciale que connait la Tu...","og_url":"https:\/\/www.webdo.tn\/fr\/actualite\/national\/hachani-la-tunisie-va-depasser-cette-conjoncture-je-suis-tres-optimiste\/210183\/","og_site_name":"webdo","article_publisher":"https:\/\/www.facebook.com\/webdotn","article_published_time":"2023-11-17T11:40:00+00:00","article_modified_time":"2025-05-20T22:39:36+00:00","og_image":[{"width":750,"height":400,"url":"https:\/\/www.webdo.tn\/fr\/wp-content\/uploads\/2023\/11\/29befab06f3ed09a5c2bc63d98e64241.jpg","type":"image\/jpeg"}],"author":"CL","twitter_card":"summary_large_image","twitter_creator":"@webdo_tn","twitter_site":"@webdo_tn","twitter_misc":{"\u00c9crit par":"CL","Dur\u00e9e de lecture estim\u00e9e":"1 minute"},"schema":{"@context":"https:\/\/schema.org","@graph":[{"@type":"NewsArticle","@id":"https:\/\/www.webdo.tn\/fr\/actualite\/national\/hachani-la-tunisie-va-depasser-cette-conjoncture-je-suis-tres-optimiste\/210183\/#article","isPartOf":{"@id":"https:\/\/www.webdo.tn\/fr\/actualite\/national\/hachani-la-tunisie-va-depasser-cette-conjoncture-je-suis-tres-optimiste\/210183\/"},"author":{"name":"CL","@id":"https:\/\/www.webdo.tn\/fr\/#\/schema\/person\/f35b42a42c5e2511bbd282959d6385cc"},"headline":"Ahmed Hachani : \u00ab\u00a0La Tunisie va d\u00e9passer cette conjoncture, je suis tr\u00e8s optimiste\u00a0\u00bb","datePublished":"2023-11-17T11:40:00+00:00","dateModified":"2025-05-20T22:39:36+00:00","mainEntityOfPage":{"@id":"https:\/\/www.webdo.tn\/fr\/actualite\/national\/hachani-la-tunisie-va-depasser-cette-conjoncture-je-suis-tres-optimiste\/210183\/"},"wordCount":216,"commentCount":0,"publisher":{"@id":"https:\/\/www.webdo.tn\/fr\/#organization"},"image":{"@id":"https:\/\/www.webdo.tn\/fr\/actualite\/national\/hachani-la-tunisie-va-depasser-cette-conjoncture-je-suis-tres-optimiste\/210183\/#primaryimage"},"thumbnailUrl":"https:\/\/www.webdo.tn\/fr\/wp-content\/uploads\/2023\/11\/29befab06f3ed09a5c2bc63d98e64241.jpg","keywords":["ARP","Hachani","Tunisie"],"articleSection":["National"],"inLanguage":"fr-FR"},{"@type":"WebPage","@id":"https:\/\/www.webdo.tn\/fr\/actualite\/national\/hachani-la-tunisie-va-depasser-cette-conjoncture-je-suis-tres-optimiste\/210183\/","url":"https:\/\/www.webdo.tn\/fr\/actualite\/national\/hachani-la-tunisie-va-depasser-cette-conjoncture-je-suis-tres-optimiste\/210183\/","name":"Ahmed Hachani : La Tunisie va d\u00e9passer cette conjoncture, je suis tr\u00e8s optimiste","isPartOf":{"@id":"https:\/\/www.webdo.tn\/fr\/#website"},"primaryImageOfPage":{"@id":"https:\/\/www.webdo.tn\/fr\/actualite\/national\/hachani-la-tunisie-va-depasser-cette-conjoncture-je-suis-tres-optimiste\/210183\/#primaryimage"},"image":{"@id":"https:\/\/www.webdo.tn\/fr\/actualite\/national\/hachani-la-tunisie-va-depasser-cette-conjoncture-je-suis-tres-optimiste\/210183\/#primaryimage"},"thumbnailUrl":"https:\/\/www.webdo.tn\/fr\/wp-content\/uploads\/2023\/11\/29befab06f3ed09a5c2bc63d98e64241.jpg","datePublished":"2023-11-17T11:40:00+00:00","dateModified":"2025-05-20T22:39:36+00:00","description":"A l\u2019ouverture de son discours, le locataire de la Kasbah a adress\u00e9 un message d\u2019espoir aux d\u00e9put\u00e9s ind\u00e9pendamment de la \u00ab conjoncture sp\u00e9ciale que connait la Tu...","breadcrumb":{"@id":"https:\/\/www.webdo.tn\/fr\/actualite\/national\/hachani-la-tunisie-va-depasser-cette-conjoncture-je-suis-tres-optimiste\/210183\/#breadcrumb"},"inLanguage":"fr-FR","potentialAction":[{"@type":"ReadAction","target":["https:\/\/www.webdo.tn\/fr\/actualite\/national\/hachani-la-tunisie-va-depasser-cette-conjoncture-je-suis-tres-optimiste\/210183\/"]}]},{"@type":"ImageObject","inLanguage":"fr-FR","@id":"https:\/\/www.webdo.tn\/fr\/actualite\/national\/hachani-la-tunisie-va-depasser-cette-conjoncture-je-suis-tres-optimiste\/210183\/#primaryimage","url":"https:\/\/www.webdo.tn\/fr\/wp-content\/uploads\/2023\/11\/29befab06f3ed09a5c2bc63d98e64241.jpg","contentUrl":"https:\/\/www.webdo.tn\/fr\/wp-content\/uploads\/2023\/11\/29befab06f3ed09a5c2bc63d98e64241.jpg","width":750,"height":400,"caption":"Ahmed Hachani : \"La Tunisie va d\u00e9passer cette conjoncture, je suis tr\u00e8s optimiste\""},{"@type":"BreadcrumbList","@id":"https:\/\/www.webdo.tn\/fr\/actualite\/national\/hachani-la-tunisie-va-depasser-cette-conjoncture-je-suis-tres-optimiste\/210183\/#breadcrumb","itemListElement":[{"@type":"ListItem","position":1,"name":"Accueil","item":"https:\/\/www.webdo.tn\/fr\/"},{"@type":"ListItem","position":2,"name":"Ahmed Hachani : &#8220;La Tunisie va d\u00e9passer cette conjoncture, je suis tr\u00e8s optimiste&#8221;"}]},{"@type":"WebSite","@id":"https:\/\/www.webdo.tn\/fr\/#website","url":"https:\/\/www.webdo.tn\/fr\/","name":"webdo","description":"Tunisie - News en Tunisie et \u00e0 l&#039;international sur Webdo.tn","publisher":{"@id":"https:\/\/www.webdo.tn\/fr\/#organization"},"potentialAction":[{"@type":"SearchAction","target":{"@type":"EntryPoint","urlTemplate":"https:\/\/www.webdo.tn\/fr\/?s={search_term_string}"},"query-input":{"@type":"PropertyValueSpecification","valueRequired":true,"valueName":"search_term_string"}}],"inLanguage":"fr-FR"},{"@type":"Organization","@id":"https:\/\/www.webdo.tn\/fr\/#organization","name":"Webdo","alternateName":"Webdo.tn","url":"https:\/\/www.webdo.tn\/fr\/","logo":{"@type":"ImageObject","inLanguage":"fr-FR","@id":"https:\/\/www.webdo.tn\/fr\/#\/schema\/logo\/image\/","url":"https:\/\/www.webdo.tn\/fr\/wp-content\/uploads\/2025\/06\/Webdo-Tunisie_168377.jpg","contentUrl":"https:\/\/www.webdo.tn\/fr\/wp-content\/uploads\/2025\/06\/Webdo-Tunisie_168377.jpg","width":301,"height":301,"caption":"Webdo"},"image":{"@id":"https:\/\/www.webdo.tn\/fr\/#\/schema\/logo\/image\/"},"sameAs":["https:\/\/www.facebook.com\/webdotn","https:\/\/x.com\/webdo_tn"],"description":"Webdo est un m\u00e9dia num\u00e9rique tunisien fond\u00e9 en 2010, sp\u00e9cialis\u00e9 dans l\u2019actualit\u00e9 nationale et internationale, l\u2019\u00e9conomie, la soci\u00e9t\u00e9 et les analyses politiques. Le site s\u2019adresse \u00e0 un large public francophone et couvre l\u2019information tunisienne en temps r\u00e9el.","email":"redac@webdo.tn","legalName":"YNJ SARL","foundingDate":"2010-09-06","numberOfEmployees":{"@type":"QuantitativeValue","minValue":"11","maxValue":"50"}},{"@type":"Person","@id":"https:\/\/www.webdo.tn\/fr\/#\/schema\/person\/f35b42a42c5e2511bbd282959d6385cc","name":"CL","image":{"@type":"ImageObject","inLanguage":"fr-FR","@id":"https:\/\/secure.gravatar.com\/avatar\/1447a49909b67aa657c488aec6512e1dd6143a480c1ecfee9b5b5cd74eb3b59e?s=96&d=mm&r=g","url":"https:\/\/secure.gravatar.com\/avatar\/1447a49909b67aa657c488aec6512e1dd6143a480c1ecfee9b5b5cd74eb3b59e?s=96&d=mm&r=g","contentUrl":"https:\/\/secure.gravatar.com\/avatar\/1447a49909b67aa657c488aec6512e1dd6143a480c1ecfee9b5b5cd74eb3b59e?s=96&d=mm&r=g","caption":"CL"},"url":"https:\/\/www.webdo.tn\/fr\/actualite\/author\/cl\/"}]}},"_links":{"self":[{"href":"https:\/\/www.webdo.tn\/fr\/wp-json\/wp\/v2\/posts\/210183","targetHints":{"allow":["GET"]}}],"collection":[{"href":"https:\/\/www.webdo.tn\/fr\/wp-json\/wp\/v2\/posts"}],"about":[{"href":"https:\/\/www.webdo.tn\/fr\/wp-json\/wp\/v2\/types\/post"}],"author":[{"embeddable":true,"href":"https:\/\/www.webdo.tn\/fr\/wp-json\/wp\/v2\/users\/3175"}],"replies":[{"embeddable":true,"href":"https:\/\/www.webdo.tn\/fr\/wp-json\/wp\/v2\/comments?post=210183"}],"version-history":[{"count":0,"href":"https:\/\/www.webdo.tn\/fr\/wp-json\/wp\/v2\/posts\/210183\/revisions"}],"wp:featuredmedia":[{"embeddable":true,"href":"https:\/\/www.webdo.tn\/fr\/wp-json\/wp\/v2\/media\/248767"}],"wp:attachment":[{"href":"https:\/\/www.webdo.tn\/fr\/wp-json\/wp\/v2\/media?parent=210183"}],"wp:term":[{"taxonomy":"category","embeddable":true,"href":"https:\/\/www.webdo.tn\/fr\/wp-json\/wp\/v2\/categories?post=210183"},{"taxonomy":"post_tag","embeddable":true,"href":"https:\/\/www.webdo.tn\/fr\/wp-json\/wp\/v2\/tags?post=210183"}],"curies":[{"name":"wp","href":"https:\/\/api.w.org\/{rel}","templated":true}]}}