{"id":210182,"date":"2023-11-17T11:34:00","date_gmt":"2023-11-17T11:34:00","guid":{"rendered":"https:\/\/www.webdo.tn\/fr\/blog\/les-eleves-peuvent-ils-etre-dispenses-d-education-islamique\/210182\/"},"modified":"2025-05-20T22:56:23","modified_gmt":"2025-05-20T22:56:23","slug":"les-eleves-peuvent-ils-etre-dispenses-d-education-islamique","status":"publish","type":"post","link":"https:\/\/www.webdo.tn\/fr\/actualite\/national\/les-eleves-peuvent-ils-etre-dispenses-d-education-islamique\/210182\/","title":{"rendered":"Les \u00e9l\u00e8ves peuvent-ils \u00eatre dispens\u00e9s d\u2019Education islamique ?"},"content":{"rendered":"<p>Une circulaire des d\u00e9l\u00e9gations r\u00e9gionales de l&rsquo;\u00c9ducation largement partag\u00e9e sur les r\u00e9seaux sociaux annonce la suppression de l\u2019\u00e9ducation islamique dans nos \u00e9coles. Qu\u2019en est-il ?<\/p>\n<p>\t\t\t\t\t\t\t\t\tEntre les d\u00e9nonciations d&rsquo;une \u00ab\u00a0nouvelle r\u00e9forme \u00e9ducative\u00a0\u00bb et les accusations \u00ab\u00a0de tentative d&rsquo;atteinte \u00e0 l&rsquo;identit\u00e9 islamique et zitounique du pays\u00a0\u00bb, la toile s\u2019enflamme et les r\u00e9actions sont partag\u00e9es.<\/p>\n<p>La r\u00e9alit\u00e9 est bien diff\u00e9rente. En effet, cette d\u00e9marche, loin de supprimer la mati\u00e8re, vise simplement \u00e0 recenser le nombre pr\u00e9cis d&rsquo;\u00e9l\u00e8ves qui ont le droit d&rsquo;\u00eatre dispens\u00e9s de ces cours religieux. Notons que cette proc\u00e9dure, un rituel annuel bien \u00e9tabli depuis longtemps, ne concerne que les \u00e9l\u00e8ves de confession non musulmane.<\/p>\n<p>L&rsquo;objectif n&rsquo;est en aucun cas d&rsquo;\u00e9roder l&rsquo;identit\u00e9 islamique du pays, mais plut\u00f4t de garantir la libert\u00e9 religieuse, offrant aux \u00e9l\u00e8ves non-musulmans la possibilit\u00e9 l\u00e9gale d&rsquo;\u00eatre dispens\u00e9s de cours qui ne correspondent pas \u00e0 leur foi.<\/p>\n<p>Quant \u00e0 la pol\u00e9mique, est-elle sans foi ?<\/p>\n","protected":false},"excerpt":{"rendered":"<p>Entre les d\u00e9nonciations d&rsquo;une  nouvelle r\u00e9forme \u00e9ducative  et les accusations  de tentative d&rsquo;atteinte \u00e0 l&rsquo;identit\u00e9 islamique et zitounique du pays , la toile s&#8230;<\/p>\n","protected":false},"author":3184,"featured_media":248766,"comment_status":"open","ping_status":"closed","sticky":false,"template":"","format":"standard","meta":{"footnotes":""},"categories":[44],"tags":[7548,7547,6042,7540],"class_list":["post-210182","post","type-post","status-publish","format-standard","has-post-thumbnail","hentry","category-national","tag-dispense","tag-education-islamique","tag-polemique","tag-religion"],"yoast_head":"<!-- This site is optimized with the Yoast SEO Premium plugin v27.4 (Yoast SEO v27.5) - https:\/\/yoast.com\/product\/yoast-seo-premium-wordpress\/ -->\n<title>Les \u00e9l\u00e8ves peuvent-ils \u00eatre dispens\u00e9s d\u2019Education islamique ?<\/title>\n<meta name=\"description\" content=\"Entre les d\u00e9nonciations d&#039;une nouvelle r\u00e9forme \u00e9ducative et les accusations de tentative d&#039;atteinte \u00e0 l&#039;identit\u00e9 islamique et zitounique du pays , la toile s...\" \/>\n<link rel=\"canonical\" href=\"https:\/\/www.webdo.tn\/fr\/actualite\/national\/les-eleves-peuvent-ils-etre-dispenses-d-education-islamique\/210182\/\" \/>\n<meta property=\"og:locale\" content=\"fr_FR\" \/>\n<meta property=\"og:type\" content=\"article\" \/>\n<meta property=\"og:title\" content=\"Les \u00e9l\u00e8ves peuvent-ils \u00eatre dispens\u00e9s d\u2019Education islamique ?\" \/>\n<meta property=\"og:description\" content=\"Entre les d\u00e9nonciations d&#039;une nouvelle r\u00e9forme \u00e9ducative et les accusations de tentative d&#039;atteinte \u00e0 l&#039;identit\u00e9 islamique et zitounique du pays , la toile s...\" \/>\n<meta property=\"og:url\" content=\"https:\/\/www.webdo.tn\/fr\/actualite\/national\/les-eleves-peuvent-ils-etre-dispenses-d-education-islamique\/210182\/\" \/>\n<meta property=\"og:site_name\" content=\"webdo\" \/>\n<meta property=\"article:publisher\" content=\"https:\/\/www.facebook.com\/webdotn\" \/>\n<meta property=\"article:published_time\" content=\"2023-11-17T11:34:00+00:00\" \/>\n<meta property=\"article:modified_time\" content=\"2025-05-20T22:56:23+00:00\" \/>\n<meta property=\"og:image\" content=\"https:\/\/www.webdo.tn\/fr\/wp-content\/uploads\/2023\/11\/8cdd61167b7faf8939a265a2bb7c6273.jpg\" \/>\n\t<meta property=\"og:image:width\" content=\"750\" \/>\n\t<meta property=\"og:image:height\" content=\"400\" \/>\n\t<meta property=\"og:image:type\" content=\"image\/jpeg\" \/>\n<meta name=\"author\" content=\"Wided Belhaj\" \/>\n<meta name=\"twitter:card\" content=\"summary_large_image\" \/>\n<meta name=\"twitter:creator\" content=\"@webdo_tn\" \/>\n<meta name=\"twitter:site\" content=\"@webdo_tn\" \/>\n<meta name=\"twitter:label1\" content=\"\u00c9crit par\" \/>\n\t<meta name=\"twitter:data1\" content=\"Wided Belhaj\" \/>\n\t<meta name=\"twitter:label2\" content=\"Dur\u00e9e de lecture estim\u00e9e\" \/>\n\t<meta name=\"twitter:data2\" content=\"1 minute\" \/>\n<script type=\"application\/ld+json\" class=\"yoast-schema-graph\">{\"@context\":\"https:\\\/\\\/schema.org\",\"@graph\":[{\"@type\":\"NewsArticle\",\"@id\":\"https:\\\/\\\/www.webdo.tn\\\/fr\\\/actualite\\\/national\\\/les-eleves-peuvent-ils-etre-dispenses-d-education-islamique\\\/210182\\\/#article\",\"isPartOf\":{\"@id\":\"https:\\\/\\\/www.webdo.tn\\\/fr\\\/actualite\\\/national\\\/les-eleves-peuvent-ils-etre-dispenses-d-education-islamique\\\/210182\\\/\"},\"author\":{\"name\":\"Wided Belhaj\",\"@id\":\"https:\\\/\\\/www.webdo.tn\\\/fr\\\/#\\\/schema\\\/person\\\/b9ecde7a5574cb4fcf4b496ea5fadb15\"},\"headline\":\"Les \u00e9l\u00e8ves peuvent-ils \u00eatre dispens\u00e9s d\u2019Education islamique ?\",\"datePublished\":\"2023-11-17T11:34:00+00:00\",\"dateModified\":\"2025-05-20T22:56:23+00:00\",\"mainEntityOfPage\":{\"@id\":\"https:\\\/\\\/www.webdo.tn\\\/fr\\\/actualite\\\/national\\\/les-eleves-peuvent-ils-etre-dispenses-d-education-islamique\\\/210182\\\/\"},\"wordCount\":189,\"commentCount\":0,\"publisher\":{\"@id\":\"https:\\\/\\\/www.webdo.tn\\\/fr\\\/#organization\"},\"image\":{\"@id\":\"https:\\\/\\\/www.webdo.tn\\\/fr\\\/actualite\\\/national\\\/les-eleves-peuvent-ils-etre-dispenses-d-education-islamique\\\/210182\\\/#primaryimage\"},\"thumbnailUrl\":\"https:\\\/\\\/www.webdo.tn\\\/fr\\\/wp-content\\\/uploads\\\/2023\\\/11\\\/8cdd61167b7faf8939a265a2bb7c6273.jpg\",\"keywords\":[\"dispense\",\"\u00e9ducation islamique\",\"pol\u00e9mique\",\"religion\"],\"articleSection\":[\"National\"],\"inLanguage\":\"fr-FR\"},{\"@type\":\"WebPage\",\"@id\":\"https:\\\/\\\/www.webdo.tn\\\/fr\\\/actualite\\\/national\\\/les-eleves-peuvent-ils-etre-dispenses-d-education-islamique\\\/210182\\\/\",\"url\":\"https:\\\/\\\/www.webdo.tn\\\/fr\\\/actualite\\\/national\\\/les-eleves-peuvent-ils-etre-dispenses-d-education-islamique\\\/210182\\\/\",\"name\":\"Les \u00e9l\u00e8ves peuvent-ils \u00eatre dispens\u00e9s d\u2019Education islamique ?\",\"isPartOf\":{\"@id\":\"https:\\\/\\\/www.webdo.tn\\\/fr\\\/#website\"},\"primaryImageOfPage\":{\"@id\":\"https:\\\/\\\/www.webdo.tn\\\/fr\\\/actualite\\\/national\\\/les-eleves-peuvent-ils-etre-dispenses-d-education-islamique\\\/210182\\\/#primaryimage\"},\"image\":{\"@id\":\"https:\\\/\\\/www.webdo.tn\\\/fr\\\/actualite\\\/national\\\/les-eleves-peuvent-ils-etre-dispenses-d-education-islamique\\\/210182\\\/#primaryimage\"},\"thumbnailUrl\":\"https:\\\/\\\/www.webdo.tn\\\/fr\\\/wp-content\\\/uploads\\\/2023\\\/11\\\/8cdd61167b7faf8939a265a2bb7c6273.jpg\",\"datePublished\":\"2023-11-17T11:34:00+00:00\",\"dateModified\":\"2025-05-20T22:56:23+00:00\",\"description\":\"Entre les d\u00e9nonciations d'une nouvelle r\u00e9forme \u00e9ducative et les accusations de tentative d'atteinte \u00e0 l'identit\u00e9 islamique et zitounique du pays , la toile s...\",\"breadcrumb\":{\"@id\":\"https:\\\/\\\/www.webdo.tn\\\/fr\\\/actualite\\\/national\\\/les-eleves-peuvent-ils-etre-dispenses-d-education-islamique\\\/210182\\\/#breadcrumb\"},\"inLanguage\":\"fr-FR\",\"potentialAction\":[{\"@type\":\"ReadAction\",\"target\":[\"https:\\\/\\\/www.webdo.tn\\\/fr\\\/actualite\\\/national\\\/les-eleves-peuvent-ils-etre-dispenses-d-education-islamique\\\/210182\\\/\"]}]},{\"@type\":\"ImageObject\",\"inLanguage\":\"fr-FR\",\"@id\":\"https:\\\/\\\/www.webdo.tn\\\/fr\\\/actualite\\\/national\\\/les-eleves-peuvent-ils-etre-dispenses-d-education-islamique\\\/210182\\\/#primaryimage\",\"url\":\"https:\\\/\\\/www.webdo.tn\\\/fr\\\/wp-content\\\/uploads\\\/2023\\\/11\\\/8cdd61167b7faf8939a265a2bb7c6273.jpg\",\"contentUrl\":\"https:\\\/\\\/www.webdo.tn\\\/fr\\\/wp-content\\\/uploads\\\/2023\\\/11\\\/8cdd61167b7faf8939a265a2bb7c6273.jpg\",\"width\":750,\"height\":400,\"caption\":\"Les \u00e9l\u00e8ves peuvent-ils \u00eatre dispens\u00e9s d\u2019Education islamique ?\"},{\"@type\":\"BreadcrumbList\",\"@id\":\"https:\\\/\\\/www.webdo.tn\\\/fr\\\/actualite\\\/national\\\/les-eleves-peuvent-ils-etre-dispenses-d-education-islamique\\\/210182\\\/#breadcrumb\",\"itemListElement\":[{\"@type\":\"ListItem\",\"position\":1,\"name\":\"Accueil\",\"item\":\"https:\\\/\\\/www.webdo.tn\\\/fr\\\/\"},{\"@type\":\"ListItem\",\"position\":2,\"name\":\"Les \u00e9l\u00e8ves peuvent-ils \u00eatre dispens\u00e9s d\u2019Education islamique ?\"}]},{\"@type\":\"WebSite\",\"@id\":\"https:\\\/\\\/www.webdo.tn\\\/fr\\\/#website\",\"url\":\"https:\\\/\\\/www.webdo.tn\\\/fr\\\/\",\"name\":\"webdo\",\"description\":\"Tunisie - News en Tunisie et \u00e0 l&#039;international sur Webdo.tn\",\"publisher\":{\"@id\":\"https:\\\/\\\/www.webdo.tn\\\/fr\\\/#organization\"},\"potentialAction\":[{\"@type\":\"SearchAction\",\"target\":{\"@type\":\"EntryPoint\",\"urlTemplate\":\"https:\\\/\\\/www.webdo.tn\\\/fr\\\/?s={search_term_string}\"},\"query-input\":{\"@type\":\"PropertyValueSpecification\",\"valueRequired\":true,\"valueName\":\"search_term_string\"}}],\"inLanguage\":\"fr-FR\"},{\"@type\":\"Organization\",\"@id\":\"https:\\\/\\\/www.webdo.tn\\\/fr\\\/#organization\",\"name\":\"Webdo\",\"alternateName\":\"Webdo.tn\",\"url\":\"https:\\\/\\\/www.webdo.tn\\\/fr\\\/\",\"logo\":{\"@type\":\"ImageObject\",\"inLanguage\":\"fr-FR\",\"@id\":\"https:\\\/\\\/www.webdo.tn\\\/fr\\\/#\\\/schema\\\/logo\\\/image\\\/\",\"url\":\"https:\\\/\\\/www.webdo.tn\\\/fr\\\/wp-content\\\/uploads\\\/2025\\\/06\\\/Webdo-Tunisie_168377.jpg\",\"contentUrl\":\"https:\\\/\\\/www.webdo.tn\\\/fr\\\/wp-content\\\/uploads\\\/2025\\\/06\\\/Webdo-Tunisie_168377.jpg\",\"width\":301,\"height\":301,\"caption\":\"Webdo\"},\"image\":{\"@id\":\"https:\\\/\\\/www.webdo.tn\\\/fr\\\/#\\\/schema\\\/logo\\\/image\\\/\"},\"sameAs\":[\"https:\\\/\\\/www.facebook.com\\\/webdotn\",\"https:\\\/\\\/x.com\\\/webdo_tn\"],\"description\":\"Webdo est un m\u00e9dia num\u00e9rique tunisien fond\u00e9 en 2010, sp\u00e9cialis\u00e9 dans l\u2019actualit\u00e9 nationale et internationale, l\u2019\u00e9conomie, la soci\u00e9t\u00e9 et les analyses politiques. Le site s\u2019adresse \u00e0 un large public francophone et couvre l\u2019information tunisienne en temps r\u00e9el.\",\"email\":\"redac@webdo.tn\",\"legalName\":\"YNJ SARL\",\"foundingDate\":\"2010-09-06\",\"numberOfEmployees\":{\"@type\":\"QuantitativeValue\",\"minValue\":\"11\",\"maxValue\":\"50\"}},{\"@type\":\"Person\",\"@id\":\"https:\\\/\\\/www.webdo.tn\\\/fr\\\/#\\\/schema\\\/person\\\/b9ecde7a5574cb4fcf4b496ea5fadb15\",\"name\":\"Wided Belhaj\",\"image\":{\"@type\":\"ImageObject\",\"inLanguage\":\"fr-FR\",\"@id\":\"https:\\\/\\\/www.webdo.tn\\\/fr\\\/wp-content\\\/uploads\\\/2026\\\/04\\\/wided-belhaj_avatar-96x96.jpg\",\"url\":\"https:\\\/\\\/www.webdo.tn\\\/fr\\\/wp-content\\\/uploads\\\/2026\\\/04\\\/wided-belhaj_avatar-96x96.jpg\",\"contentUrl\":\"https:\\\/\\\/www.webdo.tn\\\/fr\\\/wp-content\\\/uploads\\\/2026\\\/04\\\/wided-belhaj_avatar-96x96.jpg\",\"caption\":\"Wided Belhaj\"},\"description\":\"Wided Belhaj est le pseudonyme \u00e9ditorial utilis\u00e9 par Khalil Jelassi, journaliste, ma\u00eetre-assistant \u00e0 l\u2019Institut de presse et des sciences de l\u2019information (IPSI) et chercheur en sciences de l\u2019information et de la communication. Cette signature est d\u00e9di\u00e9e \u00e0 l\u2019analyse des m\u00e9dias, des pratiques journalistiques et des mutations de l\u2019information \u00e0 l\u2019\u00e8re digitale. \u00c0 travers ses contributions, Wided Belhaj propose une lecture analytique de l\u2019actualit\u00e9, en croisant regard critique et expertise acad\u00e9mique.\",\"knowsAbout\":[\"m\u00e9dias\",\"journalisme\",\"communication\",\"information\",\"transformation num\u00e9rique\",\"analyse des m\u00e9dias\"],\"knowsLanguage\":[\"Fran\u00e7ais\",\"Arabe\"],\"jobTitle\":\"Webdo.tn\",\"worksFor\":\"Journaliste \u2013 Analyse des m\u00e9dias\",\"url\":\"https:\\\/\\\/www.webdo.tn\\\/fr\\\/actualite\\\/author\\\/wided-belhaj\\\/\"}]}<\/script>\n<!-- \/ Yoast SEO Premium plugin. -->","yoast_head_json":{"title":"Les \u00e9l\u00e8ves peuvent-ils \u00eatre dispens\u00e9s d\u2019Education islamique ?","description":"Entre les d\u00e9nonciations d'une nouvelle r\u00e9forme \u00e9ducative et les accusations de tentative d'atteinte \u00e0 l'identit\u00e9 islamique et zitounique du pays , la toile s...","canonical":"https:\/\/www.webdo.tn\/fr\/actualite\/national\/les-eleves-peuvent-ils-etre-dispenses-d-education-islamique\/210182\/","og_locale":"fr_FR","og_type":"article","og_title":"Les \u00e9l\u00e8ves peuvent-ils \u00eatre dispens\u00e9s d\u2019Education islamique ?","og_description":"Entre les d\u00e9nonciations d'une nouvelle r\u00e9forme \u00e9ducative et les accusations de tentative d'atteinte \u00e0 l'identit\u00e9 islamique et zitounique du pays , la toile s...","og_url":"https:\/\/www.webdo.tn\/fr\/actualite\/national\/les-eleves-peuvent-ils-etre-dispenses-d-education-islamique\/210182\/","og_site_name":"webdo","article_publisher":"https:\/\/www.facebook.com\/webdotn","article_published_time":"2023-11-17T11:34:00+00:00","article_modified_time":"2025-05-20T22:56:23+00:00","og_image":[{"width":750,"height":400,"url":"https:\/\/www.webdo.tn\/fr\/wp-content\/uploads\/2023\/11\/8cdd61167b7faf8939a265a2bb7c6273.jpg","type":"image\/jpeg"}],"author":"Wided Belhaj","twitter_card":"summary_large_image","twitter_creator":"@webdo_tn","twitter_site":"@webdo_tn","twitter_misc":{"\u00c9crit par":"Wided Belhaj","Dur\u00e9e de lecture estim\u00e9e":"1 minute"},"schema":{"@context":"https:\/\/schema.org","@graph":[{"@type":"NewsArticle","@id":"https:\/\/www.webdo.tn\/fr\/actualite\/national\/les-eleves-peuvent-ils-etre-dispenses-d-education-islamique\/210182\/#article","isPartOf":{"@id":"https:\/\/www.webdo.tn\/fr\/actualite\/national\/les-eleves-peuvent-ils-etre-dispenses-d-education-islamique\/210182\/"},"author":{"name":"Wided Belhaj","@id":"https:\/\/www.webdo.tn\/fr\/#\/schema\/person\/b9ecde7a5574cb4fcf4b496ea5fadb15"},"headline":"Les \u00e9l\u00e8ves peuvent-ils \u00eatre dispens\u00e9s d\u2019Education islamique ?","datePublished":"2023-11-17T11:34:00+00:00","dateModified":"2025-05-20T22:56:23+00:00","mainEntityOfPage":{"@id":"https:\/\/www.webdo.tn\/fr\/actualite\/national\/les-eleves-peuvent-ils-etre-dispenses-d-education-islamique\/210182\/"},"wordCount":189,"commentCount":0,"publisher":{"@id":"https:\/\/www.webdo.tn\/fr\/#organization"},"image":{"@id":"https:\/\/www.webdo.tn\/fr\/actualite\/national\/les-eleves-peuvent-ils-etre-dispenses-d-education-islamique\/210182\/#primaryimage"},"thumbnailUrl":"https:\/\/www.webdo.tn\/fr\/wp-content\/uploads\/2023\/11\/8cdd61167b7faf8939a265a2bb7c6273.jpg","keywords":["dispense","\u00e9ducation islamique","pol\u00e9mique","religion"],"articleSection":["National"],"inLanguage":"fr-FR"},{"@type":"WebPage","@id":"https:\/\/www.webdo.tn\/fr\/actualite\/national\/les-eleves-peuvent-ils-etre-dispenses-d-education-islamique\/210182\/","url":"https:\/\/www.webdo.tn\/fr\/actualite\/national\/les-eleves-peuvent-ils-etre-dispenses-d-education-islamique\/210182\/","name":"Les \u00e9l\u00e8ves peuvent-ils \u00eatre dispens\u00e9s d\u2019Education islamique ?","isPartOf":{"@id":"https:\/\/www.webdo.tn\/fr\/#website"},"primaryImageOfPage":{"@id":"https:\/\/www.webdo.tn\/fr\/actualite\/national\/les-eleves-peuvent-ils-etre-dispenses-d-education-islamique\/210182\/#primaryimage"},"image":{"@id":"https:\/\/www.webdo.tn\/fr\/actualite\/national\/les-eleves-peuvent-ils-etre-dispenses-d-education-islamique\/210182\/#primaryimage"},"thumbnailUrl":"https:\/\/www.webdo.tn\/fr\/wp-content\/uploads\/2023\/11\/8cdd61167b7faf8939a265a2bb7c6273.jpg","datePublished":"2023-11-17T11:34:00+00:00","dateModified":"2025-05-20T22:56:23+00:00","description":"Entre les d\u00e9nonciations d'une nouvelle r\u00e9forme \u00e9ducative et les accusations de tentative d'atteinte \u00e0 l'identit\u00e9 islamique et zitounique du pays , la toile s...","breadcrumb":{"@id":"https:\/\/www.webdo.tn\/fr\/actualite\/national\/les-eleves-peuvent-ils-etre-dispenses-d-education-islamique\/210182\/#breadcrumb"},"inLanguage":"fr-FR","potentialAction":[{"@type":"ReadAction","target":["https:\/\/www.webdo.tn\/fr\/actualite\/national\/les-eleves-peuvent-ils-etre-dispenses-d-education-islamique\/210182\/"]}]},{"@type":"ImageObject","inLanguage":"fr-FR","@id":"https:\/\/www.webdo.tn\/fr\/actualite\/national\/les-eleves-peuvent-ils-etre-dispenses-d-education-islamique\/210182\/#primaryimage","url":"https:\/\/www.webdo.tn\/fr\/wp-content\/uploads\/2023\/11\/8cdd61167b7faf8939a265a2bb7c6273.jpg","contentUrl":"https:\/\/www.webdo.tn\/fr\/wp-content\/uploads\/2023\/11\/8cdd61167b7faf8939a265a2bb7c6273.jpg","width":750,"height":400,"caption":"Les \u00e9l\u00e8ves peuvent-ils \u00eatre dispens\u00e9s d\u2019Education islamique ?"},{"@type":"BreadcrumbList","@id":"https:\/\/www.webdo.tn\/fr\/actualite\/national\/les-eleves-peuvent-ils-etre-dispenses-d-education-islamique\/210182\/#breadcrumb","itemListElement":[{"@type":"ListItem","position":1,"name":"Accueil","item":"https:\/\/www.webdo.tn\/fr\/"},{"@type":"ListItem","position":2,"name":"Les \u00e9l\u00e8ves peuvent-ils \u00eatre dispens\u00e9s d\u2019Education islamique ?"}]},{"@type":"WebSite","@id":"https:\/\/www.webdo.tn\/fr\/#website","url":"https:\/\/www.webdo.tn\/fr\/","name":"webdo","description":"Tunisie - News en Tunisie et \u00e0 l&#039;international sur Webdo.tn","publisher":{"@id":"https:\/\/www.webdo.tn\/fr\/#organization"},"potentialAction":[{"@type":"SearchAction","target":{"@type":"EntryPoint","urlTemplate":"https:\/\/www.webdo.tn\/fr\/?s={search_term_string}"},"query-input":{"@type":"PropertyValueSpecification","valueRequired":true,"valueName":"search_term_string"}}],"inLanguage":"fr-FR"},{"@type":"Organization","@id":"https:\/\/www.webdo.tn\/fr\/#organization","name":"Webdo","alternateName":"Webdo.tn","url":"https:\/\/www.webdo.tn\/fr\/","logo":{"@type":"ImageObject","inLanguage":"fr-FR","@id":"https:\/\/www.webdo.tn\/fr\/#\/schema\/logo\/image\/","url":"https:\/\/www.webdo.tn\/fr\/wp-content\/uploads\/2025\/06\/Webdo-Tunisie_168377.jpg","contentUrl":"https:\/\/www.webdo.tn\/fr\/wp-content\/uploads\/2025\/06\/Webdo-Tunisie_168377.jpg","width":301,"height":301,"caption":"Webdo"},"image":{"@id":"https:\/\/www.webdo.tn\/fr\/#\/schema\/logo\/image\/"},"sameAs":["https:\/\/www.facebook.com\/webdotn","https:\/\/x.com\/webdo_tn"],"description":"Webdo est un m\u00e9dia num\u00e9rique tunisien fond\u00e9 en 2010, sp\u00e9cialis\u00e9 dans l\u2019actualit\u00e9 nationale et internationale, l\u2019\u00e9conomie, la soci\u00e9t\u00e9 et les analyses politiques. Le site s\u2019adresse \u00e0 un large public francophone et couvre l\u2019information tunisienne en temps r\u00e9el.","email":"redac@webdo.tn","legalName":"YNJ SARL","foundingDate":"2010-09-06","numberOfEmployees":{"@type":"QuantitativeValue","minValue":"11","maxValue":"50"}},{"@type":"Person","@id":"https:\/\/www.webdo.tn\/fr\/#\/schema\/person\/b9ecde7a5574cb4fcf4b496ea5fadb15","name":"Wided Belhaj","image":{"@type":"ImageObject","inLanguage":"fr-FR","@id":"https:\/\/www.webdo.tn\/fr\/wp-content\/uploads\/2026\/04\/wided-belhaj_avatar-96x96.jpg","url":"https:\/\/www.webdo.tn\/fr\/wp-content\/uploads\/2026\/04\/wided-belhaj_avatar-96x96.jpg","contentUrl":"https:\/\/www.webdo.tn\/fr\/wp-content\/uploads\/2026\/04\/wided-belhaj_avatar-96x96.jpg","caption":"Wided Belhaj"},"description":"Wided Belhaj est le pseudonyme \u00e9ditorial utilis\u00e9 par Khalil Jelassi, journaliste, ma\u00eetre-assistant \u00e0 l\u2019Institut de presse et des sciences de l\u2019information (IPSI) et chercheur en sciences de l\u2019information et de la communication. Cette signature est d\u00e9di\u00e9e \u00e0 l\u2019analyse des m\u00e9dias, des pratiques journalistiques et des mutations de l\u2019information \u00e0 l\u2019\u00e8re digitale. \u00c0 travers ses contributions, Wided Belhaj propose une lecture analytique de l\u2019actualit\u00e9, en croisant regard critique et expertise acad\u00e9mique.","knowsAbout":["m\u00e9dias","journalisme","communication","information","transformation num\u00e9rique","analyse des m\u00e9dias"],"knowsLanguage":["Fran\u00e7ais","Arabe"],"jobTitle":"Webdo.tn","worksFor":"Journaliste \u2013 Analyse des m\u00e9dias","url":"https:\/\/www.webdo.tn\/fr\/actualite\/author\/wided-belhaj\/"}]}},"_links":{"self":[{"href":"https:\/\/www.webdo.tn\/fr\/wp-json\/wp\/v2\/posts\/210182","targetHints":{"allow":["GET"]}}],"collection":[{"href":"https:\/\/www.webdo.tn\/fr\/wp-json\/wp\/v2\/posts"}],"about":[{"href":"https:\/\/www.webdo.tn\/fr\/wp-json\/wp\/v2\/types\/post"}],"author":[{"embeddable":true,"href":"https:\/\/www.webdo.tn\/fr\/wp-json\/wp\/v2\/users\/3184"}],"replies":[{"embeddable":true,"href":"https:\/\/www.webdo.tn\/fr\/wp-json\/wp\/v2\/comments?post=210182"}],"version-history":[{"count":0,"href":"https:\/\/www.webdo.tn\/fr\/wp-json\/wp\/v2\/posts\/210182\/revisions"}],"wp:featuredmedia":[{"embeddable":true,"href":"https:\/\/www.webdo.tn\/fr\/wp-json\/wp\/v2\/media\/248766"}],"wp:attachment":[{"href":"https:\/\/www.webdo.tn\/fr\/wp-json\/wp\/v2\/media?parent=210182"}],"wp:term":[{"taxonomy":"category","embeddable":true,"href":"https:\/\/www.webdo.tn\/fr\/wp-json\/wp\/v2\/categories?post=210182"},{"taxonomy":"post_tag","embeddable":true,"href":"https:\/\/www.webdo.tn\/fr\/wp-json\/wp\/v2\/tags?post=210182"}],"curies":[{"name":"wp","href":"https:\/\/api.w.org\/{rel}","templated":true}]}}