{"id":210179,"date":"2023-11-17T10:12:00","date_gmt":"2023-11-17T10:12:00","guid":{"rendered":"https:\/\/www.webdo.tn\/fr\/blog\/djerba-austeres-et-depouillees-les-mosquees-sont-aussi-des-chateaux-d-eau\/210179\/"},"modified":"2023-11-17T10:12:00","modified_gmt":"2023-11-17T10:12:00","slug":"djerba-austeres-et-depouillees-les-mosquees-sont-aussi-des-chateaux-d-eau","status":"publish","type":"post","link":"https:\/\/www.webdo.tn\/fr\/actualite\/chroniques\/djerba-austeres-et-depouillees-les-mosquees-sont-aussi-des-chateaux-d-eau\/210179\/","title":{"rendered":"Djerba : Aust\u00e8res et d\u00e9pouill\u00e9es, les mosqu\u00e9es sont aussi des ch\u00e2teaux d&rsquo;eau"},"content":{"rendered":"<p>Dans l&rsquo;architecture des mosqu\u00e9es et des menzels de Djerba, la pr\u00e9sence de citernes est un \u00e9l\u00e9ment fondamental dans l&rsquo;\u00e9conomie de l&rsquo;eau.<\/p>\n<p>\t\t\t\t\t\t\t\t\tDans leur architecture, les mosqu\u00e9es de Djerba sont clairement apparent\u00e9es aux menzels. Elles appartiennent \u00e0 la m\u00eame architecture d\u00e9fensive et au m\u00eame vocabulaire. On y retrouve aussi bien les vastes murs blanchis \u00e0 la chaux que des minarets qui peuvent parfois ressembler \u00e0 des vigies.<\/p>\n<p>Ces mosqu\u00e9es \u00e0 Djerba se comptent par centaines et occupent tout l&rsquo;espace rural. On raconte qu&rsquo;en des temps anciens, l&rsquo;on creusait un puits \u00e0 c\u00f4t\u00e9 duquel \u00e9tait ensuite construite une mosqu\u00e9e. Apr\u00e8s un certain temps, l&rsquo;eau du puits devenant saum\u00e2tre, la petite communaut\u00e9 se d\u00e9pla\u00e7ait plus loin et reprenait le cycle.<\/p>\n<p>Cette anecdote appartient-elle \u00e0 la l\u00e9gende de l&rsquo;\u00eele ou bien serait-elle av\u00e9r\u00e9e ? Si elle peut avancer une explication quant \u00e0 la quantit\u00e9 impressionnante de mosqu\u00e9es djerbiennes, elle reste insuffisante. En effet, d&rsquo;autres explications avancent que les mosqu\u00e9es avaient pour fonction de quadriller le territoire et offrir des points d&rsquo;appui aux communaut\u00e9s rurales.<\/p>\n<p>Leur taille plus ou moins importante d\u00e9pendait de leur r\u00f4le dans ce vaste r\u00e9seau d\u00e9fensif qui conditionnait l&rsquo;am\u00e9nagement du territoire. Ainsi aux forts qui commandaient l&rsquo;acc\u00e8s \u00e0 l&rsquo;\u00eele venaient se greffer des \u00ab\u00a0ribats\u00a0\u00bb c\u00f4tiers, en g\u00e9n\u00e9ral de petits sanctuaires comme par exemple \u00e0 Sidi Jmour. Ensuite, mosqu\u00e9es et \u00ab\u00a0menzels\u00a0\u00bb compl\u00e9taient ce complexe d\u00e9fensif.<\/p>\n<p>En ce sens, ces \u00e9difices \u00e9taient souvent con\u00e7us dans la compl\u00e9mentarit\u00e9 et pouvaient rapidement communiquer entre eux pour passer le mot, organiser une riposte ou d\u00e9router un adversaire qui se serait aventur\u00e9 trop loin dans les terres.<\/p>\n<p>Parfois, il est permis de r\u00eaver \u00e0 un plan de l&rsquo;\u00eele qui fasse abstraction de tout et ne repr\u00e9senterait que les monuments d\u00e9fensifs dans leur diversit\u00e9 de tailles et de fonctions.<\/p>\n<p>Cela permettrait de poser un regard in\u00e9dit et totalement diff\u00e9rent sur un r\u00e9seau architectural qui n&rsquo;a pas encore livr\u00e9 tous ses secrets.<\/p>\n<p>Dans la logique du territoire djerbien, l&rsquo;eau et sa gestion ont une importance capitale. Les puits et les citernes sont ainsi le compl\u00e9ment naturel de tous les ouvrages d\u00e9fensifs et sont tout aussi diss\u00e9min\u00e9s.<\/p>\n<p>La moindre goutte d&rsquo;eau a une valeur inestimable et les technologies appropri\u00e9es des terroirs locaux rivalisent d&rsquo;audace et d&rsquo;ing\u00e9niosit\u00e9 pour am\u00e9nager \u00ab\u00a0birs\u00a0\u00bb et \u00ab\u00a0majens\u00a0\u00bb.<\/p>\n<p>Les puits sont reconnaissables entre tous et surprennent par leur aspect monumental. R\u00e9pondant \u00e0 un mod\u00e8le tr\u00e8s r\u00e9pandu, ces puits ont leur esth\u00e9tique propre et des structures utilitaires. Sur\u00e9lev\u00e9s, surplomb\u00e9s par des constructions cr\u00e9nel\u00e9es, ces puits sont ins\u00e9parables du paysage \u00eelien.<\/p>\n<p>Leur r\u00e9seau assez dense est compl\u00e9t\u00e9 par des citernes en \u00ab\u00a0impluvium\u00a0\u00bb qui sont quasiment partout o\u00f9 existe un \u00e9difice.<br \/>\nConstruites sous les mosqu\u00e9es ou sous les demeures, ces citernes sont invisibles au regard non initi\u00e9 et rendent de nos jours encore d&rsquo;\u00e9minents services.<\/p>\n<p>R\u00e9guli\u00e8rement chaul\u00e9es et r\u00e9cur\u00e9es, elles permettent de conserver de l&rsquo;eau de pluie. Leur existence et leur gestion r\u00e9sonne comme une le\u00e7on d&rsquo;\u00e9cologie \u00e0 l&rsquo;usage de ceux qui, sous des cieux plus cl\u00e9ments, dilapident cette pr\u00e9cieuse ressource.<\/p>\n<p>Les citernes de Djerba, \u00e9l\u00e9ment incontournable et m\u00e9connu du paysage posent ainsi des questions \u00e0 notre conscience environnementale, dans un pays o\u00f9 la grande hydraulique a supplant\u00e9 les mille et une techniques traditionnelles de captation de l&rsquo;eau.<\/p>\n<p>Car si la gestion de l&rsquo;eau dans le sud est caract\u00e9ris\u00e9e par les \u00ab\u00a0majen\u00a0\u00bb et les \u00ab\u00a0jessour\u00a0\u00bb, la Tunisie a une longue histoire dans ce domaine, depuis les aqueducs romains aux bassins aghlabides en passant par l&rsquo;\u00e9quation d&rsquo;Ibn Chabbat.<\/p>\n","protected":false},"excerpt":{"rendered":"<p>Dans leur architecture, les mosqu\u00e9es de Djerba sont clairement apparent\u00e9es aux menzels.<\/p>\n","protected":false},"author":3229,"featured_media":248761,"comment_status":"open","ping_status":"closed","sticky":false,"template":"","format":"standard","meta":{"footnotes":""},"categories":[2596],"tags":[3696,2631,7545],"class_list":["post-210179","post","type-post","status-publish","format-standard","has-post-thumbnail","hentry","category-chroniques","tag-djerba","tag-eau","tag-mosquees"],"yoast_head":"<!-- This site is optimized with the Yoast SEO Premium plugin v27.4 (Yoast SEO v27.4) - https:\/\/yoast.com\/product\/yoast-seo-premium-wordpress\/ -->\n<title>Djerba : Aust\u00e8res et d\u00e9pouill\u00e9es, les mosqu\u00e9es sont aussi des ch\u00e2teaux d&#039;eau<\/title>\n<meta name=\"description\" content=\"Dans leur architecture, les mosqu\u00e9es de Djerba sont clairement apparent\u00e9es aux menzels.\" \/>\n<link rel=\"canonical\" href=\"https:\/\/www.webdo.tn\/fr\/actualite\/chroniques\/djerba-austeres-et-depouillees-les-mosquees-sont-aussi-des-chateaux-d-eau\/210179\/\" \/>\n<meta property=\"og:locale\" content=\"fr_FR\" \/>\n<meta property=\"og:type\" content=\"article\" \/>\n<meta property=\"og:title\" content=\"Djerba : Aust\u00e8res et d\u00e9pouill\u00e9es, les mosqu\u00e9es sont aussi des ch\u00e2teaux d&#039;eau\" \/>\n<meta property=\"og:description\" content=\"Dans leur architecture, les mosqu\u00e9es de Djerba sont clairement apparent\u00e9es aux menzels.\" \/>\n<meta property=\"og:url\" content=\"https:\/\/www.webdo.tn\/fr\/actualite\/chroniques\/djerba-austeres-et-depouillees-les-mosquees-sont-aussi-des-chateaux-d-eau\/210179\/\" \/>\n<meta property=\"og:site_name\" content=\"webdo\" \/>\n<meta property=\"article:publisher\" content=\"https:\/\/www.facebook.com\/webdotn\" \/>\n<meta property=\"article:author\" content=\"https:\/\/www.facebook.com\/hatem.bourial.2025\" \/>\n<meta property=\"article:published_time\" content=\"2023-11-17T10:12:00+00:00\" \/>\n<meta property=\"og:image\" content=\"https:\/\/www.webdo.tn\/fr\/wp-content\/uploads\/2023\/11\/26571627ad08c0cedab66a40f55e3525.jpg\" \/>\n\t<meta property=\"og:image:width\" content=\"704\" \/>\n\t<meta property=\"og:image:height\" content=\"375\" \/>\n\t<meta property=\"og:image:type\" content=\"image\/jpeg\" \/>\n<meta name=\"author\" content=\"Hatem Bourial\" \/>\n<meta name=\"twitter:card\" content=\"summary_large_image\" \/>\n<meta name=\"twitter:creator\" content=\"@webdo_tn\" \/>\n<meta name=\"twitter:site\" content=\"@webdo_tn\" \/>\n<meta name=\"twitter:label1\" content=\"\u00c9crit par\" \/>\n\t<meta name=\"twitter:data1\" content=\"Hatem Bourial\" \/>\n\t<meta name=\"twitter:label2\" content=\"Dur\u00e9e de lecture estim\u00e9e\" \/>\n\t<meta name=\"twitter:data2\" content=\"3 minutes\" \/>\n<script type=\"application\/ld+json\" class=\"yoast-schema-graph\">{\"@context\":\"https:\\\/\\\/schema.org\",\"@graph\":[{\"@type\":\"NewsArticle\",\"@id\":\"https:\\\/\\\/www.webdo.tn\\\/fr\\\/actualite\\\/chroniques\\\/djerba-austeres-et-depouillees-les-mosquees-sont-aussi-des-chateaux-d-eau\\\/210179\\\/#article\",\"isPartOf\":{\"@id\":\"https:\\\/\\\/www.webdo.tn\\\/fr\\\/actualite\\\/chroniques\\\/djerba-austeres-et-depouillees-les-mosquees-sont-aussi-des-chateaux-d-eau\\\/210179\\\/\"},\"author\":{\"name\":\"Hatem Bourial\",\"@id\":\"https:\\\/\\\/www.webdo.tn\\\/fr\\\/#\\\/schema\\\/person\\\/6bc0beba2cd23aec27cb5df85ca2554f\"},\"headline\":\"Djerba : Aust\u00e8res et d\u00e9pouill\u00e9es, les mosqu\u00e9es sont aussi des ch\u00e2teaux d&rsquo;eau\",\"datePublished\":\"2023-11-17T10:12:00+00:00\",\"mainEntityOfPage\":{\"@id\":\"https:\\\/\\\/www.webdo.tn\\\/fr\\\/actualite\\\/chroniques\\\/djerba-austeres-et-depouillees-les-mosquees-sont-aussi-des-chateaux-d-eau\\\/210179\\\/\"},\"wordCount\":673,\"commentCount\":0,\"publisher\":{\"@id\":\"https:\\\/\\\/www.webdo.tn\\\/fr\\\/#organization\"},\"image\":{\"@id\":\"https:\\\/\\\/www.webdo.tn\\\/fr\\\/actualite\\\/chroniques\\\/djerba-austeres-et-depouillees-les-mosquees-sont-aussi-des-chateaux-d-eau\\\/210179\\\/#primaryimage\"},\"thumbnailUrl\":\"https:\\\/\\\/www.webdo.tn\\\/fr\\\/wp-content\\\/uploads\\\/2023\\\/11\\\/26571627ad08c0cedab66a40f55e3525.jpg\",\"keywords\":[\"djerba\",\"eau\",\"mosqu\u00e9es\"],\"articleSection\":[\"Chroniques\"],\"inLanguage\":\"fr-FR\"},{\"@type\":\"WebPage\",\"@id\":\"https:\\\/\\\/www.webdo.tn\\\/fr\\\/actualite\\\/chroniques\\\/djerba-austeres-et-depouillees-les-mosquees-sont-aussi-des-chateaux-d-eau\\\/210179\\\/\",\"url\":\"https:\\\/\\\/www.webdo.tn\\\/fr\\\/actualite\\\/chroniques\\\/djerba-austeres-et-depouillees-les-mosquees-sont-aussi-des-chateaux-d-eau\\\/210179\\\/\",\"name\":\"Djerba : Aust\u00e8res et d\u00e9pouill\u00e9es, les mosqu\u00e9es sont aussi des ch\u00e2teaux d'eau\",\"isPartOf\":{\"@id\":\"https:\\\/\\\/www.webdo.tn\\\/fr\\\/#website\"},\"primaryImageOfPage\":{\"@id\":\"https:\\\/\\\/www.webdo.tn\\\/fr\\\/actualite\\\/chroniques\\\/djerba-austeres-et-depouillees-les-mosquees-sont-aussi-des-chateaux-d-eau\\\/210179\\\/#primaryimage\"},\"image\":{\"@id\":\"https:\\\/\\\/www.webdo.tn\\\/fr\\\/actualite\\\/chroniques\\\/djerba-austeres-et-depouillees-les-mosquees-sont-aussi-des-chateaux-d-eau\\\/210179\\\/#primaryimage\"},\"thumbnailUrl\":\"https:\\\/\\\/www.webdo.tn\\\/fr\\\/wp-content\\\/uploads\\\/2023\\\/11\\\/26571627ad08c0cedab66a40f55e3525.jpg\",\"datePublished\":\"2023-11-17T10:12:00+00:00\",\"description\":\"Dans leur architecture, les mosqu\u00e9es de Djerba sont clairement apparent\u00e9es aux menzels.\",\"breadcrumb\":{\"@id\":\"https:\\\/\\\/www.webdo.tn\\\/fr\\\/actualite\\\/chroniques\\\/djerba-austeres-et-depouillees-les-mosquees-sont-aussi-des-chateaux-d-eau\\\/210179\\\/#breadcrumb\"},\"inLanguage\":\"fr-FR\",\"potentialAction\":[{\"@type\":\"ReadAction\",\"target\":[\"https:\\\/\\\/www.webdo.tn\\\/fr\\\/actualite\\\/chroniques\\\/djerba-austeres-et-depouillees-les-mosquees-sont-aussi-des-chateaux-d-eau\\\/210179\\\/\"]}]},{\"@type\":\"ImageObject\",\"inLanguage\":\"fr-FR\",\"@id\":\"https:\\\/\\\/www.webdo.tn\\\/fr\\\/actualite\\\/chroniques\\\/djerba-austeres-et-depouillees-les-mosquees-sont-aussi-des-chateaux-d-eau\\\/210179\\\/#primaryimage\",\"url\":\"https:\\\/\\\/www.webdo.tn\\\/fr\\\/wp-content\\\/uploads\\\/2023\\\/11\\\/26571627ad08c0cedab66a40f55e3525.jpg\",\"contentUrl\":\"https:\\\/\\\/www.webdo.tn\\\/fr\\\/wp-content\\\/uploads\\\/2023\\\/11\\\/26571627ad08c0cedab66a40f55e3525.jpg\",\"width\":704,\"height\":375,\"caption\":\"Djerba : Aust\u00e8res et d\u00e9pouill\u00e9es, les mosqu\u00e9es sont aussi des ch\u00e2teaux d'eau\"},{\"@type\":\"BreadcrumbList\",\"@id\":\"https:\\\/\\\/www.webdo.tn\\\/fr\\\/actualite\\\/chroniques\\\/djerba-austeres-et-depouillees-les-mosquees-sont-aussi-des-chateaux-d-eau\\\/210179\\\/#breadcrumb\",\"itemListElement\":[{\"@type\":\"ListItem\",\"position\":1,\"name\":\"Accueil\",\"item\":\"https:\\\/\\\/www.webdo.tn\\\/fr\\\/\"},{\"@type\":\"ListItem\",\"position\":2,\"name\":\"Djerba : Aust\u00e8res et d\u00e9pouill\u00e9es, les mosqu\u00e9es sont aussi des ch\u00e2teaux d&#8217;eau\"}]},{\"@type\":\"WebSite\",\"@id\":\"https:\\\/\\\/www.webdo.tn\\\/fr\\\/#website\",\"url\":\"https:\\\/\\\/www.webdo.tn\\\/fr\\\/\",\"name\":\"webdo\",\"description\":\"Tunisie - News en Tunisie et \u00e0 l&#039;international sur Webdo.tn\",\"publisher\":{\"@id\":\"https:\\\/\\\/www.webdo.tn\\\/fr\\\/#organization\"},\"potentialAction\":[{\"@type\":\"SearchAction\",\"target\":{\"@type\":\"EntryPoint\",\"urlTemplate\":\"https:\\\/\\\/www.webdo.tn\\\/fr\\\/?s={search_term_string}\"},\"query-input\":{\"@type\":\"PropertyValueSpecification\",\"valueRequired\":true,\"valueName\":\"search_term_string\"}}],\"inLanguage\":\"fr-FR\"},{\"@type\":\"Organization\",\"@id\":\"https:\\\/\\\/www.webdo.tn\\\/fr\\\/#organization\",\"name\":\"Webdo\",\"alternateName\":\"Webdo.tn\",\"url\":\"https:\\\/\\\/www.webdo.tn\\\/fr\\\/\",\"logo\":{\"@type\":\"ImageObject\",\"inLanguage\":\"fr-FR\",\"@id\":\"https:\\\/\\\/www.webdo.tn\\\/fr\\\/#\\\/schema\\\/logo\\\/image\\\/\",\"url\":\"https:\\\/\\\/www.webdo.tn\\\/fr\\\/wp-content\\\/uploads\\\/2025\\\/06\\\/Webdo-Tunisie_168377.jpg\",\"contentUrl\":\"https:\\\/\\\/www.webdo.tn\\\/fr\\\/wp-content\\\/uploads\\\/2025\\\/06\\\/Webdo-Tunisie_168377.jpg\",\"width\":301,\"height\":301,\"caption\":\"Webdo\"},\"image\":{\"@id\":\"https:\\\/\\\/www.webdo.tn\\\/fr\\\/#\\\/schema\\\/logo\\\/image\\\/\"},\"sameAs\":[\"https:\\\/\\\/www.facebook.com\\\/webdotn\",\"https:\\\/\\\/x.com\\\/webdo_tn\"],\"description\":\"Webdo est un m\u00e9dia num\u00e9rique tunisien fond\u00e9 en 2010, sp\u00e9cialis\u00e9 dans l\u2019actualit\u00e9 nationale et internationale, l\u2019\u00e9conomie, la soci\u00e9t\u00e9 et les analyses politiques. Le site s\u2019adresse \u00e0 un large public francophone et couvre l\u2019information tunisienne en temps r\u00e9el.\",\"email\":\"redac@webdo.tn\",\"legalName\":\"YNJ SARL\",\"foundingDate\":\"2010-09-06\",\"numberOfEmployees\":{\"@type\":\"QuantitativeValue\",\"minValue\":\"11\",\"maxValue\":\"50\"}},{\"@type\":\"Person\",\"@id\":\"https:\\\/\\\/www.webdo.tn\\\/fr\\\/#\\\/schema\\\/person\\\/6bc0beba2cd23aec27cb5df85ca2554f\",\"name\":\"Hatem Bourial\",\"image\":{\"@type\":\"ImageObject\",\"inLanguage\":\"fr-FR\",\"@id\":\"https:\\\/\\\/www.webdo.tn\\\/fr\\\/wp-content\\\/uploads\\\/2026\\\/04\\\/hatem-bourial_avatar-96x96.jpg\",\"url\":\"https:\\\/\\\/www.webdo.tn\\\/fr\\\/wp-content\\\/uploads\\\/2026\\\/04\\\/hatem-bourial_avatar-96x96.jpg\",\"contentUrl\":\"https:\\\/\\\/www.webdo.tn\\\/fr\\\/wp-content\\\/uploads\\\/2026\\\/04\\\/hatem-bourial_avatar-96x96.jpg\",\"caption\":\"Hatem Bourial\"},\"description\":\"Hatem Bourial est journaliste, \u00e9crivain et chroniqueur tunisien. Actif depuis plusieurs d\u00e9cennies, il s\u2019est impos\u00e9 comme un observateur attentif de la soci\u00e9t\u00e9 tunisienne, m\u00ealant dans ses \u00e9crits m\u00e9moire, culture et analyse du quotidien. Auteur de nombreux ouvrages, il d\u00e9veloppe une \u0153uvre \u00e0 la crois\u00e9e du r\u00e9cit, de la po\u00e9sie et de l\u2019observation sociologique. Parall\u00e8lement \u00e0 ses contributions dans la presse, il intervient r\u00e9guli\u00e8rement \u00e0 la radio et dans des espaces culturels, o\u00f9 il explore les enjeux li\u00e9s au patrimoine, \u00e0 l\u2019identit\u00e9 et aux transformations du monde contemporain. \u00c0 travers ses chroniques, Hatem Bourial propose une lecture sensible et approfondie de l\u2019actualit\u00e9, nourrie par une exp\u00e9rience journalistique et litt\u00e9raire reconnue. \ud83d\udd17 Facebook : https:\\\/\\\/www.facebook.com\\\/hatem.bourial.2025\",\"sameAs\":[\"https:\\\/\\\/www.facebook.com\\\/hatem.bourial.2025\",\"https:\\\/\\\/fr.wikipedia.org\\\/wiki\\\/Fichier:Hatem_Bourial.jpg\"],\"knowsAbout\":[\"Culture & patrimoine tunisien\",\"Chronique soci\u00e9tale\",\"Litt\u00e9rature & m\u00e9moire\",\"Cin\u00e9ma & critique culturelle\",\"Identit\u00e9 & mutations sociales\"],\"knowsLanguage\":[\"Arabe\",\"Fran\u00e7ais\",\"Anglais\",\"Italien\",\"Polonais\"],\"jobTitle\":\"Journaliste, \u00e9crivain et chroniqueur culturel\",\"worksFor\":\"Webdo\",\"url\":\"https:\\\/\\\/www.webdo.tn\\\/fr\\\/actualite\\\/author\\\/hatem-bourial-2\\\/\"}]}<\/script>\n<!-- \/ Yoast SEO Premium plugin. -->","yoast_head_json":{"title":"Djerba : Aust\u00e8res et d\u00e9pouill\u00e9es, les mosqu\u00e9es sont aussi des ch\u00e2teaux d'eau","description":"Dans leur architecture, les mosqu\u00e9es de Djerba sont clairement apparent\u00e9es aux menzels.","canonical":"https:\/\/www.webdo.tn\/fr\/actualite\/chroniques\/djerba-austeres-et-depouillees-les-mosquees-sont-aussi-des-chateaux-d-eau\/210179\/","og_locale":"fr_FR","og_type":"article","og_title":"Djerba : Aust\u00e8res et d\u00e9pouill\u00e9es, les mosqu\u00e9es sont aussi des ch\u00e2teaux d'eau","og_description":"Dans leur architecture, les mosqu\u00e9es de Djerba sont clairement apparent\u00e9es aux menzels.","og_url":"https:\/\/www.webdo.tn\/fr\/actualite\/chroniques\/djerba-austeres-et-depouillees-les-mosquees-sont-aussi-des-chateaux-d-eau\/210179\/","og_site_name":"webdo","article_publisher":"https:\/\/www.facebook.com\/webdotn","article_author":"https:\/\/www.facebook.com\/hatem.bourial.2025","article_published_time":"2023-11-17T10:12:00+00:00","og_image":[{"width":704,"height":375,"url":"https:\/\/www.webdo.tn\/fr\/wp-content\/uploads\/2023\/11\/26571627ad08c0cedab66a40f55e3525.jpg","type":"image\/jpeg"}],"author":"Hatem Bourial","twitter_card":"summary_large_image","twitter_creator":"@webdo_tn","twitter_site":"@webdo_tn","twitter_misc":{"\u00c9crit par":"Hatem Bourial","Dur\u00e9e de lecture estim\u00e9e":"3 minutes"},"schema":{"@context":"https:\/\/schema.org","@graph":[{"@type":"NewsArticle","@id":"https:\/\/www.webdo.tn\/fr\/actualite\/chroniques\/djerba-austeres-et-depouillees-les-mosquees-sont-aussi-des-chateaux-d-eau\/210179\/#article","isPartOf":{"@id":"https:\/\/www.webdo.tn\/fr\/actualite\/chroniques\/djerba-austeres-et-depouillees-les-mosquees-sont-aussi-des-chateaux-d-eau\/210179\/"},"author":{"name":"Hatem Bourial","@id":"https:\/\/www.webdo.tn\/fr\/#\/schema\/person\/6bc0beba2cd23aec27cb5df85ca2554f"},"headline":"Djerba : Aust\u00e8res et d\u00e9pouill\u00e9es, les mosqu\u00e9es sont aussi des ch\u00e2teaux d&rsquo;eau","datePublished":"2023-11-17T10:12:00+00:00","mainEntityOfPage":{"@id":"https:\/\/www.webdo.tn\/fr\/actualite\/chroniques\/djerba-austeres-et-depouillees-les-mosquees-sont-aussi-des-chateaux-d-eau\/210179\/"},"wordCount":673,"commentCount":0,"publisher":{"@id":"https:\/\/www.webdo.tn\/fr\/#organization"},"image":{"@id":"https:\/\/www.webdo.tn\/fr\/actualite\/chroniques\/djerba-austeres-et-depouillees-les-mosquees-sont-aussi-des-chateaux-d-eau\/210179\/#primaryimage"},"thumbnailUrl":"https:\/\/www.webdo.tn\/fr\/wp-content\/uploads\/2023\/11\/26571627ad08c0cedab66a40f55e3525.jpg","keywords":["djerba","eau","mosqu\u00e9es"],"articleSection":["Chroniques"],"inLanguage":"fr-FR"},{"@type":"WebPage","@id":"https:\/\/www.webdo.tn\/fr\/actualite\/chroniques\/djerba-austeres-et-depouillees-les-mosquees-sont-aussi-des-chateaux-d-eau\/210179\/","url":"https:\/\/www.webdo.tn\/fr\/actualite\/chroniques\/djerba-austeres-et-depouillees-les-mosquees-sont-aussi-des-chateaux-d-eau\/210179\/","name":"Djerba : Aust\u00e8res et d\u00e9pouill\u00e9es, les mosqu\u00e9es sont aussi des ch\u00e2teaux d'eau","isPartOf":{"@id":"https:\/\/www.webdo.tn\/fr\/#website"},"primaryImageOfPage":{"@id":"https:\/\/www.webdo.tn\/fr\/actualite\/chroniques\/djerba-austeres-et-depouillees-les-mosquees-sont-aussi-des-chateaux-d-eau\/210179\/#primaryimage"},"image":{"@id":"https:\/\/www.webdo.tn\/fr\/actualite\/chroniques\/djerba-austeres-et-depouillees-les-mosquees-sont-aussi-des-chateaux-d-eau\/210179\/#primaryimage"},"thumbnailUrl":"https:\/\/www.webdo.tn\/fr\/wp-content\/uploads\/2023\/11\/26571627ad08c0cedab66a40f55e3525.jpg","datePublished":"2023-11-17T10:12:00+00:00","description":"Dans leur architecture, les mosqu\u00e9es de Djerba sont clairement apparent\u00e9es aux menzels.","breadcrumb":{"@id":"https:\/\/www.webdo.tn\/fr\/actualite\/chroniques\/djerba-austeres-et-depouillees-les-mosquees-sont-aussi-des-chateaux-d-eau\/210179\/#breadcrumb"},"inLanguage":"fr-FR","potentialAction":[{"@type":"ReadAction","target":["https:\/\/www.webdo.tn\/fr\/actualite\/chroniques\/djerba-austeres-et-depouillees-les-mosquees-sont-aussi-des-chateaux-d-eau\/210179\/"]}]},{"@type":"ImageObject","inLanguage":"fr-FR","@id":"https:\/\/www.webdo.tn\/fr\/actualite\/chroniques\/djerba-austeres-et-depouillees-les-mosquees-sont-aussi-des-chateaux-d-eau\/210179\/#primaryimage","url":"https:\/\/www.webdo.tn\/fr\/wp-content\/uploads\/2023\/11\/26571627ad08c0cedab66a40f55e3525.jpg","contentUrl":"https:\/\/www.webdo.tn\/fr\/wp-content\/uploads\/2023\/11\/26571627ad08c0cedab66a40f55e3525.jpg","width":704,"height":375,"caption":"Djerba : Aust\u00e8res et d\u00e9pouill\u00e9es, les mosqu\u00e9es sont aussi des ch\u00e2teaux d'eau"},{"@type":"BreadcrumbList","@id":"https:\/\/www.webdo.tn\/fr\/actualite\/chroniques\/djerba-austeres-et-depouillees-les-mosquees-sont-aussi-des-chateaux-d-eau\/210179\/#breadcrumb","itemListElement":[{"@type":"ListItem","position":1,"name":"Accueil","item":"https:\/\/www.webdo.tn\/fr\/"},{"@type":"ListItem","position":2,"name":"Djerba : Aust\u00e8res et d\u00e9pouill\u00e9es, les mosqu\u00e9es sont aussi des ch\u00e2teaux d&#8217;eau"}]},{"@type":"WebSite","@id":"https:\/\/www.webdo.tn\/fr\/#website","url":"https:\/\/www.webdo.tn\/fr\/","name":"webdo","description":"Tunisie - News en Tunisie et \u00e0 l&#039;international sur Webdo.tn","publisher":{"@id":"https:\/\/www.webdo.tn\/fr\/#organization"},"potentialAction":[{"@type":"SearchAction","target":{"@type":"EntryPoint","urlTemplate":"https:\/\/www.webdo.tn\/fr\/?s={search_term_string}"},"query-input":{"@type":"PropertyValueSpecification","valueRequired":true,"valueName":"search_term_string"}}],"inLanguage":"fr-FR"},{"@type":"Organization","@id":"https:\/\/www.webdo.tn\/fr\/#organization","name":"Webdo","alternateName":"Webdo.tn","url":"https:\/\/www.webdo.tn\/fr\/","logo":{"@type":"ImageObject","inLanguage":"fr-FR","@id":"https:\/\/www.webdo.tn\/fr\/#\/schema\/logo\/image\/","url":"https:\/\/www.webdo.tn\/fr\/wp-content\/uploads\/2025\/06\/Webdo-Tunisie_168377.jpg","contentUrl":"https:\/\/www.webdo.tn\/fr\/wp-content\/uploads\/2025\/06\/Webdo-Tunisie_168377.jpg","width":301,"height":301,"caption":"Webdo"},"image":{"@id":"https:\/\/www.webdo.tn\/fr\/#\/schema\/logo\/image\/"},"sameAs":["https:\/\/www.facebook.com\/webdotn","https:\/\/x.com\/webdo_tn"],"description":"Webdo est un m\u00e9dia num\u00e9rique tunisien fond\u00e9 en 2010, sp\u00e9cialis\u00e9 dans l\u2019actualit\u00e9 nationale et internationale, l\u2019\u00e9conomie, la soci\u00e9t\u00e9 et les analyses politiques. Le site s\u2019adresse \u00e0 un large public francophone et couvre l\u2019information tunisienne en temps r\u00e9el.","email":"redac@webdo.tn","legalName":"YNJ SARL","foundingDate":"2010-09-06","numberOfEmployees":{"@type":"QuantitativeValue","minValue":"11","maxValue":"50"}},{"@type":"Person","@id":"https:\/\/www.webdo.tn\/fr\/#\/schema\/person\/6bc0beba2cd23aec27cb5df85ca2554f","name":"Hatem Bourial","image":{"@type":"ImageObject","inLanguage":"fr-FR","@id":"https:\/\/www.webdo.tn\/fr\/wp-content\/uploads\/2026\/04\/hatem-bourial_avatar-96x96.jpg","url":"https:\/\/www.webdo.tn\/fr\/wp-content\/uploads\/2026\/04\/hatem-bourial_avatar-96x96.jpg","contentUrl":"https:\/\/www.webdo.tn\/fr\/wp-content\/uploads\/2026\/04\/hatem-bourial_avatar-96x96.jpg","caption":"Hatem Bourial"},"description":"Hatem Bourial est journaliste, \u00e9crivain et chroniqueur tunisien. Actif depuis plusieurs d\u00e9cennies, il s\u2019est impos\u00e9 comme un observateur attentif de la soci\u00e9t\u00e9 tunisienne, m\u00ealant dans ses \u00e9crits m\u00e9moire, culture et analyse du quotidien. Auteur de nombreux ouvrages, il d\u00e9veloppe une \u0153uvre \u00e0 la crois\u00e9e du r\u00e9cit, de la po\u00e9sie et de l\u2019observation sociologique. Parall\u00e8lement \u00e0 ses contributions dans la presse, il intervient r\u00e9guli\u00e8rement \u00e0 la radio et dans des espaces culturels, o\u00f9 il explore les enjeux li\u00e9s au patrimoine, \u00e0 l\u2019identit\u00e9 et aux transformations du monde contemporain. \u00c0 travers ses chroniques, Hatem Bourial propose une lecture sensible et approfondie de l\u2019actualit\u00e9, nourrie par une exp\u00e9rience journalistique et litt\u00e9raire reconnue. \ud83d\udd17 Facebook : https:\/\/www.facebook.com\/hatem.bourial.2025","sameAs":["https:\/\/www.facebook.com\/hatem.bourial.2025","https:\/\/fr.wikipedia.org\/wiki\/Fichier:Hatem_Bourial.jpg"],"knowsAbout":["Culture & patrimoine tunisien","Chronique soci\u00e9tale","Litt\u00e9rature & m\u00e9moire","Cin\u00e9ma & critique culturelle","Identit\u00e9 & mutations sociales"],"knowsLanguage":["Arabe","Fran\u00e7ais","Anglais","Italien","Polonais"],"jobTitle":"Journaliste, \u00e9crivain et chroniqueur culturel","worksFor":"Webdo","url":"https:\/\/www.webdo.tn\/fr\/actualite\/author\/hatem-bourial-2\/"}]}},"_links":{"self":[{"href":"https:\/\/www.webdo.tn\/fr\/wp-json\/wp\/v2\/posts\/210179","targetHints":{"allow":["GET"]}}],"collection":[{"href":"https:\/\/www.webdo.tn\/fr\/wp-json\/wp\/v2\/posts"}],"about":[{"href":"https:\/\/www.webdo.tn\/fr\/wp-json\/wp\/v2\/types\/post"}],"author":[{"embeddable":true,"href":"https:\/\/www.webdo.tn\/fr\/wp-json\/wp\/v2\/users\/3229"}],"replies":[{"embeddable":true,"href":"https:\/\/www.webdo.tn\/fr\/wp-json\/wp\/v2\/comments?post=210179"}],"version-history":[{"count":0,"href":"https:\/\/www.webdo.tn\/fr\/wp-json\/wp\/v2\/posts\/210179\/revisions"}],"wp:featuredmedia":[{"embeddable":true,"href":"https:\/\/www.webdo.tn\/fr\/wp-json\/wp\/v2\/media\/248761"}],"wp:attachment":[{"href":"https:\/\/www.webdo.tn\/fr\/wp-json\/wp\/v2\/media?parent=210179"}],"wp:term":[{"taxonomy":"category","embeddable":true,"href":"https:\/\/www.webdo.tn\/fr\/wp-json\/wp\/v2\/categories?post=210179"},{"taxonomy":"post_tag","embeddable":true,"href":"https:\/\/www.webdo.tn\/fr\/wp-json\/wp\/v2\/tags?post=210179"}],"curies":[{"name":"wp","href":"https:\/\/api.w.org\/{rel}","templated":true}]}}