{"id":210174,"date":"2023-11-17T08:10:00","date_gmt":"2023-11-17T08:10:00","guid":{"rendered":"https:\/\/www.webdo.tn\/fr\/blog\/tunisie-arrestation-d-un-terroriste-planifiant-une-attaque-dans-un-pays-europeen\/210174\/"},"modified":"2025-05-20T22:39:33","modified_gmt":"2025-05-20T22:39:33","slug":"tunisie-arrestation-d-un-terroriste-planifiant-une-attaque-dans-un-pays-europeen","status":"publish","type":"post","link":"https:\/\/www.webdo.tn\/fr\/actualite\/national\/tunisie-arrestation-d-un-terroriste-planifiant-une-attaque-dans-un-pays-europeen\/210174\/","title":{"rendered":"Tunisie : Arrestation d\u2019un terroriste planifiant une attaque dans un pays europ\u00e9en"},"content":{"rendered":"<p>Dans un communiqu\u00e9 rendu public hier jeudi 16 novembre, le minist\u00e8re de l\u2019Int\u00e9rieur annonce l\u2019arrestation d\u2019un terroriste qui planifiait de commettre un attentat dans un pays europ\u00e9en.\u00a0<\/p>\n<p>\t\t\t\t\t\t\t\t\t\u00a0<\/p>\n<p>Selon la m\u00eame source, l\u2019\u00e9l\u00e9ment en question a \u00e9chou\u00e9 \u00e0 se d\u00e9placer dans l\u2019une des zones de tension avant d\u2019entrer en communication avec des terroristes \u00e0 l\u2019\u00e9tranger.\u00a0<\/p>\n<p>Le minist\u00e8re de l\u2019Int\u00e9rieur pr\u00e9cise encore que ce terroriste appartenant \u00e0 Daech a glorifi\u00e9 plusieurs attaques terroristes.<\/p>\n","protected":false},"excerpt":{"rendered":"<p>Dans un communiqu\u00e9 rendu public hier jeudi 16 novembre, le minist\u00e8re de l\u2019Int\u00e9rieur annonce l\u2019arrestation d\u2019un terroriste qui planifiait de commettre un attenta&#8230;<\/p>\n","protected":false},"author":3175,"featured_media":248762,"comment_status":"open","ping_status":"closed","sticky":false,"template":"","format":"standard","meta":{"footnotes":""},"categories":[44],"tags":[2966,4655,2845,2608],"class_list":["post-210174","post","type-post","status-publish","format-standard","has-post-thumbnail","hentry","category-national","tag-arrestation","tag-attentat","tag-terrorisme","tag-tunisie"],"yoast_head":"<!-- This site is optimized with the Yoast SEO Premium plugin v27.4 (Yoast SEO v27.5) - https:\/\/yoast.com\/product\/yoast-seo-premium-wordpress\/ -->\n<title>Tunisie : Arrestation d\u2019un terroriste planifiant une attaque dans un pays europ\u00e9en<\/title>\n<meta name=\"description\" content=\"Dans un communiqu\u00e9 rendu public hier jeudi 16 novembre, le minist\u00e8re de l\u2019Int\u00e9rieur annonce l\u2019arrestation d\u2019un terroriste qui planifiait de commettre un attenta...\" \/>\n<link rel=\"canonical\" href=\"https:\/\/www.webdo.tn\/fr\/actualite\/national\/tunisie-arrestation-d-un-terroriste-planifiant-une-attaque-dans-un-pays-europeen\/210174\/\" \/>\n<meta property=\"og:locale\" content=\"fr_FR\" \/>\n<meta property=\"og:type\" content=\"article\" \/>\n<meta property=\"og:title\" content=\"Tunisie : Arrestation d\u2019un terroriste planifiant une attaque dans un pays europ\u00e9en\" \/>\n<meta property=\"og:description\" content=\"Dans un communiqu\u00e9 rendu public hier jeudi 16 novembre, le minist\u00e8re de l\u2019Int\u00e9rieur annonce l\u2019arrestation d\u2019un terroriste qui planifiait de commettre un attenta...\" \/>\n<meta property=\"og:url\" content=\"https:\/\/www.webdo.tn\/fr\/actualite\/national\/tunisie-arrestation-d-un-terroriste-planifiant-une-attaque-dans-un-pays-europeen\/210174\/\" \/>\n<meta property=\"og:site_name\" content=\"webdo\" \/>\n<meta property=\"article:publisher\" content=\"https:\/\/www.facebook.com\/webdotn\" \/>\n<meta property=\"article:published_time\" content=\"2023-11-17T08:10:00+00:00\" \/>\n<meta property=\"article:modified_time\" content=\"2025-05-20T22:39:33+00:00\" \/>\n<meta property=\"og:image\" content=\"https:\/\/www.webdo.tn\/fr\/wp-content\/uploads\/2023\/11\/7b3485f79a06219d52831e3c292fea57.jpeg\" \/>\n\t<meta property=\"og:image:width\" content=\"750\" \/>\n\t<meta property=\"og:image:height\" content=\"400\" \/>\n\t<meta property=\"og:image:type\" content=\"image\/jpeg\" \/>\n<meta name=\"author\" content=\"CL\" \/>\n<meta name=\"twitter:card\" content=\"summary_large_image\" \/>\n<meta name=\"twitter:creator\" content=\"@webdo_tn\" \/>\n<meta name=\"twitter:site\" content=\"@webdo_tn\" \/>\n<meta name=\"twitter:label1\" content=\"\u00c9crit par\" \/>\n\t<meta name=\"twitter:data1\" content=\"CL\" \/>\n<script type=\"application\/ld+json\" class=\"yoast-schema-graph\">{\"@context\":\"https:\\\/\\\/schema.org\",\"@graph\":[{\"@type\":\"NewsArticle\",\"@id\":\"https:\\\/\\\/www.webdo.tn\\\/fr\\\/actualite\\\/national\\\/tunisie-arrestation-d-un-terroriste-planifiant-une-attaque-dans-un-pays-europeen\\\/210174\\\/#article\",\"isPartOf\":{\"@id\":\"https:\\\/\\\/www.webdo.tn\\\/fr\\\/actualite\\\/national\\\/tunisie-arrestation-d-un-terroriste-planifiant-une-attaque-dans-un-pays-europeen\\\/210174\\\/\"},\"author\":{\"name\":\"CL\",\"@id\":\"https:\\\/\\\/www.webdo.tn\\\/fr\\\/#\\\/schema\\\/person\\\/f35b42a42c5e2511bbd282959d6385cc\"},\"headline\":\"Tunisie : Arrestation d\u2019un terroriste planifiant une attaque dans un pays europ\u00e9en\",\"datePublished\":\"2023-11-17T08:10:00+00:00\",\"dateModified\":\"2025-05-20T22:39:33+00:00\",\"mainEntityOfPage\":{\"@id\":\"https:\\\/\\\/www.webdo.tn\\\/fr\\\/actualite\\\/national\\\/tunisie-arrestation-d-un-terroriste-planifiant-une-attaque-dans-un-pays-europeen\\\/210174\\\/\"},\"wordCount\":97,\"commentCount\":0,\"publisher\":{\"@id\":\"https:\\\/\\\/www.webdo.tn\\\/fr\\\/#organization\"},\"image\":{\"@id\":\"https:\\\/\\\/www.webdo.tn\\\/fr\\\/actualite\\\/national\\\/tunisie-arrestation-d-un-terroriste-planifiant-une-attaque-dans-un-pays-europeen\\\/210174\\\/#primaryimage\"},\"thumbnailUrl\":\"https:\\\/\\\/www.webdo.tn\\\/fr\\\/wp-content\\\/uploads\\\/2023\\\/11\\\/7b3485f79a06219d52831e3c292fea57.jpeg\",\"keywords\":[\"arrestation\",\"attentat\",\"Terrorisme\",\"Tunisie\"],\"articleSection\":[\"National\"],\"inLanguage\":\"fr-FR\"},{\"@type\":\"WebPage\",\"@id\":\"https:\\\/\\\/www.webdo.tn\\\/fr\\\/actualite\\\/national\\\/tunisie-arrestation-d-un-terroriste-planifiant-une-attaque-dans-un-pays-europeen\\\/210174\\\/\",\"url\":\"https:\\\/\\\/www.webdo.tn\\\/fr\\\/actualite\\\/national\\\/tunisie-arrestation-d-un-terroriste-planifiant-une-attaque-dans-un-pays-europeen\\\/210174\\\/\",\"name\":\"Tunisie : Arrestation d\u2019un terroriste planifiant une attaque dans un pays europ\u00e9en\",\"isPartOf\":{\"@id\":\"https:\\\/\\\/www.webdo.tn\\\/fr\\\/#website\"},\"primaryImageOfPage\":{\"@id\":\"https:\\\/\\\/www.webdo.tn\\\/fr\\\/actualite\\\/national\\\/tunisie-arrestation-d-un-terroriste-planifiant-une-attaque-dans-un-pays-europeen\\\/210174\\\/#primaryimage\"},\"image\":{\"@id\":\"https:\\\/\\\/www.webdo.tn\\\/fr\\\/actualite\\\/national\\\/tunisie-arrestation-d-un-terroriste-planifiant-une-attaque-dans-un-pays-europeen\\\/210174\\\/#primaryimage\"},\"thumbnailUrl\":\"https:\\\/\\\/www.webdo.tn\\\/fr\\\/wp-content\\\/uploads\\\/2023\\\/11\\\/7b3485f79a06219d52831e3c292fea57.jpeg\",\"datePublished\":\"2023-11-17T08:10:00+00:00\",\"dateModified\":\"2025-05-20T22:39:33+00:00\",\"description\":\"Dans un communiqu\u00e9 rendu public hier jeudi 16 novembre, le minist\u00e8re de l\u2019Int\u00e9rieur annonce l\u2019arrestation d\u2019un terroriste qui planifiait de commettre un attenta...\",\"breadcrumb\":{\"@id\":\"https:\\\/\\\/www.webdo.tn\\\/fr\\\/actualite\\\/national\\\/tunisie-arrestation-d-un-terroriste-planifiant-une-attaque-dans-un-pays-europeen\\\/210174\\\/#breadcrumb\"},\"inLanguage\":\"fr-FR\",\"potentialAction\":[{\"@type\":\"ReadAction\",\"target\":[\"https:\\\/\\\/www.webdo.tn\\\/fr\\\/actualite\\\/national\\\/tunisie-arrestation-d-un-terroriste-planifiant-une-attaque-dans-un-pays-europeen\\\/210174\\\/\"]}]},{\"@type\":\"ImageObject\",\"inLanguage\":\"fr-FR\",\"@id\":\"https:\\\/\\\/www.webdo.tn\\\/fr\\\/actualite\\\/national\\\/tunisie-arrestation-d-un-terroriste-planifiant-une-attaque-dans-un-pays-europeen\\\/210174\\\/#primaryimage\",\"url\":\"https:\\\/\\\/www.webdo.tn\\\/fr\\\/wp-content\\\/uploads\\\/2023\\\/11\\\/7b3485f79a06219d52831e3c292fea57.jpeg\",\"contentUrl\":\"https:\\\/\\\/www.webdo.tn\\\/fr\\\/wp-content\\\/uploads\\\/2023\\\/11\\\/7b3485f79a06219d52831e3c292fea57.jpeg\",\"width\":750,\"height\":400,\"caption\":\"Tunisie : Arrestation d\u2019un terroriste planifiant une attaque dans un pays europ\u00e9en\"},{\"@type\":\"BreadcrumbList\",\"@id\":\"https:\\\/\\\/www.webdo.tn\\\/fr\\\/actualite\\\/national\\\/tunisie-arrestation-d-un-terroriste-planifiant-une-attaque-dans-un-pays-europeen\\\/210174\\\/#breadcrumb\",\"itemListElement\":[{\"@type\":\"ListItem\",\"position\":1,\"name\":\"Accueil\",\"item\":\"https:\\\/\\\/www.webdo.tn\\\/fr\\\/\"},{\"@type\":\"ListItem\",\"position\":2,\"name\":\"Tunisie : Arrestation d\u2019un terroriste planifiant une attaque dans un pays europ\u00e9en\"}]},{\"@type\":\"WebSite\",\"@id\":\"https:\\\/\\\/www.webdo.tn\\\/fr\\\/#website\",\"url\":\"https:\\\/\\\/www.webdo.tn\\\/fr\\\/\",\"name\":\"webdo\",\"description\":\"Tunisie - News en Tunisie et \u00e0 l&#039;international sur Webdo.tn\",\"publisher\":{\"@id\":\"https:\\\/\\\/www.webdo.tn\\\/fr\\\/#organization\"},\"potentialAction\":[{\"@type\":\"SearchAction\",\"target\":{\"@type\":\"EntryPoint\",\"urlTemplate\":\"https:\\\/\\\/www.webdo.tn\\\/fr\\\/?s={search_term_string}\"},\"query-input\":{\"@type\":\"PropertyValueSpecification\",\"valueRequired\":true,\"valueName\":\"search_term_string\"}}],\"inLanguage\":\"fr-FR\"},{\"@type\":\"Organization\",\"@id\":\"https:\\\/\\\/www.webdo.tn\\\/fr\\\/#organization\",\"name\":\"Webdo\",\"alternateName\":\"Webdo.tn\",\"url\":\"https:\\\/\\\/www.webdo.tn\\\/fr\\\/\",\"logo\":{\"@type\":\"ImageObject\",\"inLanguage\":\"fr-FR\",\"@id\":\"https:\\\/\\\/www.webdo.tn\\\/fr\\\/#\\\/schema\\\/logo\\\/image\\\/\",\"url\":\"https:\\\/\\\/www.webdo.tn\\\/fr\\\/wp-content\\\/uploads\\\/2025\\\/06\\\/Webdo-Tunisie_168377.jpg\",\"contentUrl\":\"https:\\\/\\\/www.webdo.tn\\\/fr\\\/wp-content\\\/uploads\\\/2025\\\/06\\\/Webdo-Tunisie_168377.jpg\",\"width\":301,\"height\":301,\"caption\":\"Webdo\"},\"image\":{\"@id\":\"https:\\\/\\\/www.webdo.tn\\\/fr\\\/#\\\/schema\\\/logo\\\/image\\\/\"},\"sameAs\":[\"https:\\\/\\\/www.facebook.com\\\/webdotn\",\"https:\\\/\\\/x.com\\\/webdo_tn\"],\"description\":\"Webdo est un m\u00e9dia num\u00e9rique tunisien fond\u00e9 en 2010, sp\u00e9cialis\u00e9 dans l\u2019actualit\u00e9 nationale et internationale, l\u2019\u00e9conomie, la soci\u00e9t\u00e9 et les analyses politiques. Le site s\u2019adresse \u00e0 un large public francophone et couvre l\u2019information tunisienne en temps r\u00e9el.\",\"email\":\"redac@webdo.tn\",\"legalName\":\"YNJ SARL\",\"foundingDate\":\"2010-09-06\",\"numberOfEmployees\":{\"@type\":\"QuantitativeValue\",\"minValue\":\"11\",\"maxValue\":\"50\"}},{\"@type\":\"Person\",\"@id\":\"https:\\\/\\\/www.webdo.tn\\\/fr\\\/#\\\/schema\\\/person\\\/f35b42a42c5e2511bbd282959d6385cc\",\"name\":\"CL\",\"image\":{\"@type\":\"ImageObject\",\"inLanguage\":\"fr-FR\",\"@id\":\"https:\\\/\\\/secure.gravatar.com\\\/avatar\\\/1447a49909b67aa657c488aec6512e1dd6143a480c1ecfee9b5b5cd74eb3b59e?s=96&d=mm&r=g\",\"url\":\"https:\\\/\\\/secure.gravatar.com\\\/avatar\\\/1447a49909b67aa657c488aec6512e1dd6143a480c1ecfee9b5b5cd74eb3b59e?s=96&d=mm&r=g\",\"contentUrl\":\"https:\\\/\\\/secure.gravatar.com\\\/avatar\\\/1447a49909b67aa657c488aec6512e1dd6143a480c1ecfee9b5b5cd74eb3b59e?s=96&d=mm&r=g\",\"caption\":\"CL\"},\"url\":\"https:\\\/\\\/www.webdo.tn\\\/fr\\\/actualite\\\/author\\\/cl\\\/\"}]}<\/script>\n<!-- \/ Yoast SEO Premium plugin. -->","yoast_head_json":{"title":"Tunisie : Arrestation d\u2019un terroriste planifiant une attaque dans un pays europ\u00e9en","description":"Dans un communiqu\u00e9 rendu public hier jeudi 16 novembre, le minist\u00e8re de l\u2019Int\u00e9rieur annonce l\u2019arrestation d\u2019un terroriste qui planifiait de commettre un attenta...","canonical":"https:\/\/www.webdo.tn\/fr\/actualite\/national\/tunisie-arrestation-d-un-terroriste-planifiant-une-attaque-dans-un-pays-europeen\/210174\/","og_locale":"fr_FR","og_type":"article","og_title":"Tunisie : Arrestation d\u2019un terroriste planifiant une attaque dans un pays europ\u00e9en","og_description":"Dans un communiqu\u00e9 rendu public hier jeudi 16 novembre, le minist\u00e8re de l\u2019Int\u00e9rieur annonce l\u2019arrestation d\u2019un terroriste qui planifiait de commettre un attenta...","og_url":"https:\/\/www.webdo.tn\/fr\/actualite\/national\/tunisie-arrestation-d-un-terroriste-planifiant-une-attaque-dans-un-pays-europeen\/210174\/","og_site_name":"webdo","article_publisher":"https:\/\/www.facebook.com\/webdotn","article_published_time":"2023-11-17T08:10:00+00:00","article_modified_time":"2025-05-20T22:39:33+00:00","og_image":[{"width":750,"height":400,"url":"https:\/\/www.webdo.tn\/fr\/wp-content\/uploads\/2023\/11\/7b3485f79a06219d52831e3c292fea57.jpeg","type":"image\/jpeg"}],"author":"CL","twitter_card":"summary_large_image","twitter_creator":"@webdo_tn","twitter_site":"@webdo_tn","twitter_misc":{"\u00c9crit par":"CL"},"schema":{"@context":"https:\/\/schema.org","@graph":[{"@type":"NewsArticle","@id":"https:\/\/www.webdo.tn\/fr\/actualite\/national\/tunisie-arrestation-d-un-terroriste-planifiant-une-attaque-dans-un-pays-europeen\/210174\/#article","isPartOf":{"@id":"https:\/\/www.webdo.tn\/fr\/actualite\/national\/tunisie-arrestation-d-un-terroriste-planifiant-une-attaque-dans-un-pays-europeen\/210174\/"},"author":{"name":"CL","@id":"https:\/\/www.webdo.tn\/fr\/#\/schema\/person\/f35b42a42c5e2511bbd282959d6385cc"},"headline":"Tunisie : Arrestation d\u2019un terroriste planifiant une attaque dans un pays europ\u00e9en","datePublished":"2023-11-17T08:10:00+00:00","dateModified":"2025-05-20T22:39:33+00:00","mainEntityOfPage":{"@id":"https:\/\/www.webdo.tn\/fr\/actualite\/national\/tunisie-arrestation-d-un-terroriste-planifiant-une-attaque-dans-un-pays-europeen\/210174\/"},"wordCount":97,"commentCount":0,"publisher":{"@id":"https:\/\/www.webdo.tn\/fr\/#organization"},"image":{"@id":"https:\/\/www.webdo.tn\/fr\/actualite\/national\/tunisie-arrestation-d-un-terroriste-planifiant-une-attaque-dans-un-pays-europeen\/210174\/#primaryimage"},"thumbnailUrl":"https:\/\/www.webdo.tn\/fr\/wp-content\/uploads\/2023\/11\/7b3485f79a06219d52831e3c292fea57.jpeg","keywords":["arrestation","attentat","Terrorisme","Tunisie"],"articleSection":["National"],"inLanguage":"fr-FR"},{"@type":"WebPage","@id":"https:\/\/www.webdo.tn\/fr\/actualite\/national\/tunisie-arrestation-d-un-terroriste-planifiant-une-attaque-dans-un-pays-europeen\/210174\/","url":"https:\/\/www.webdo.tn\/fr\/actualite\/national\/tunisie-arrestation-d-un-terroriste-planifiant-une-attaque-dans-un-pays-europeen\/210174\/","name":"Tunisie : Arrestation d\u2019un terroriste planifiant une attaque dans un pays europ\u00e9en","isPartOf":{"@id":"https:\/\/www.webdo.tn\/fr\/#website"},"primaryImageOfPage":{"@id":"https:\/\/www.webdo.tn\/fr\/actualite\/national\/tunisie-arrestation-d-un-terroriste-planifiant-une-attaque-dans-un-pays-europeen\/210174\/#primaryimage"},"image":{"@id":"https:\/\/www.webdo.tn\/fr\/actualite\/national\/tunisie-arrestation-d-un-terroriste-planifiant-une-attaque-dans-un-pays-europeen\/210174\/#primaryimage"},"thumbnailUrl":"https:\/\/www.webdo.tn\/fr\/wp-content\/uploads\/2023\/11\/7b3485f79a06219d52831e3c292fea57.jpeg","datePublished":"2023-11-17T08:10:00+00:00","dateModified":"2025-05-20T22:39:33+00:00","description":"Dans un communiqu\u00e9 rendu public hier jeudi 16 novembre, le minist\u00e8re de l\u2019Int\u00e9rieur annonce l\u2019arrestation d\u2019un terroriste qui planifiait de commettre un attenta...","breadcrumb":{"@id":"https:\/\/www.webdo.tn\/fr\/actualite\/national\/tunisie-arrestation-d-un-terroriste-planifiant-une-attaque-dans-un-pays-europeen\/210174\/#breadcrumb"},"inLanguage":"fr-FR","potentialAction":[{"@type":"ReadAction","target":["https:\/\/www.webdo.tn\/fr\/actualite\/national\/tunisie-arrestation-d-un-terroriste-planifiant-une-attaque-dans-un-pays-europeen\/210174\/"]}]},{"@type":"ImageObject","inLanguage":"fr-FR","@id":"https:\/\/www.webdo.tn\/fr\/actualite\/national\/tunisie-arrestation-d-un-terroriste-planifiant-une-attaque-dans-un-pays-europeen\/210174\/#primaryimage","url":"https:\/\/www.webdo.tn\/fr\/wp-content\/uploads\/2023\/11\/7b3485f79a06219d52831e3c292fea57.jpeg","contentUrl":"https:\/\/www.webdo.tn\/fr\/wp-content\/uploads\/2023\/11\/7b3485f79a06219d52831e3c292fea57.jpeg","width":750,"height":400,"caption":"Tunisie : Arrestation d\u2019un terroriste planifiant une attaque dans un pays europ\u00e9en"},{"@type":"BreadcrumbList","@id":"https:\/\/www.webdo.tn\/fr\/actualite\/national\/tunisie-arrestation-d-un-terroriste-planifiant-une-attaque-dans-un-pays-europeen\/210174\/#breadcrumb","itemListElement":[{"@type":"ListItem","position":1,"name":"Accueil","item":"https:\/\/www.webdo.tn\/fr\/"},{"@type":"ListItem","position":2,"name":"Tunisie : Arrestation d\u2019un terroriste planifiant une attaque dans un pays europ\u00e9en"}]},{"@type":"WebSite","@id":"https:\/\/www.webdo.tn\/fr\/#website","url":"https:\/\/www.webdo.tn\/fr\/","name":"webdo","description":"Tunisie - News en Tunisie et \u00e0 l&#039;international sur Webdo.tn","publisher":{"@id":"https:\/\/www.webdo.tn\/fr\/#organization"},"potentialAction":[{"@type":"SearchAction","target":{"@type":"EntryPoint","urlTemplate":"https:\/\/www.webdo.tn\/fr\/?s={search_term_string}"},"query-input":{"@type":"PropertyValueSpecification","valueRequired":true,"valueName":"search_term_string"}}],"inLanguage":"fr-FR"},{"@type":"Organization","@id":"https:\/\/www.webdo.tn\/fr\/#organization","name":"Webdo","alternateName":"Webdo.tn","url":"https:\/\/www.webdo.tn\/fr\/","logo":{"@type":"ImageObject","inLanguage":"fr-FR","@id":"https:\/\/www.webdo.tn\/fr\/#\/schema\/logo\/image\/","url":"https:\/\/www.webdo.tn\/fr\/wp-content\/uploads\/2025\/06\/Webdo-Tunisie_168377.jpg","contentUrl":"https:\/\/www.webdo.tn\/fr\/wp-content\/uploads\/2025\/06\/Webdo-Tunisie_168377.jpg","width":301,"height":301,"caption":"Webdo"},"image":{"@id":"https:\/\/www.webdo.tn\/fr\/#\/schema\/logo\/image\/"},"sameAs":["https:\/\/www.facebook.com\/webdotn","https:\/\/x.com\/webdo_tn"],"description":"Webdo est un m\u00e9dia num\u00e9rique tunisien fond\u00e9 en 2010, sp\u00e9cialis\u00e9 dans l\u2019actualit\u00e9 nationale et internationale, l\u2019\u00e9conomie, la soci\u00e9t\u00e9 et les analyses politiques. Le site s\u2019adresse \u00e0 un large public francophone et couvre l\u2019information tunisienne en temps r\u00e9el.","email":"redac@webdo.tn","legalName":"YNJ SARL","foundingDate":"2010-09-06","numberOfEmployees":{"@type":"QuantitativeValue","minValue":"11","maxValue":"50"}},{"@type":"Person","@id":"https:\/\/www.webdo.tn\/fr\/#\/schema\/person\/f35b42a42c5e2511bbd282959d6385cc","name":"CL","image":{"@type":"ImageObject","inLanguage":"fr-FR","@id":"https:\/\/secure.gravatar.com\/avatar\/1447a49909b67aa657c488aec6512e1dd6143a480c1ecfee9b5b5cd74eb3b59e?s=96&d=mm&r=g","url":"https:\/\/secure.gravatar.com\/avatar\/1447a49909b67aa657c488aec6512e1dd6143a480c1ecfee9b5b5cd74eb3b59e?s=96&d=mm&r=g","contentUrl":"https:\/\/secure.gravatar.com\/avatar\/1447a49909b67aa657c488aec6512e1dd6143a480c1ecfee9b5b5cd74eb3b59e?s=96&d=mm&r=g","caption":"CL"},"url":"https:\/\/www.webdo.tn\/fr\/actualite\/author\/cl\/"}]}},"_links":{"self":[{"href":"https:\/\/www.webdo.tn\/fr\/wp-json\/wp\/v2\/posts\/210174","targetHints":{"allow":["GET"]}}],"collection":[{"href":"https:\/\/www.webdo.tn\/fr\/wp-json\/wp\/v2\/posts"}],"about":[{"href":"https:\/\/www.webdo.tn\/fr\/wp-json\/wp\/v2\/types\/post"}],"author":[{"embeddable":true,"href":"https:\/\/www.webdo.tn\/fr\/wp-json\/wp\/v2\/users\/3175"}],"replies":[{"embeddable":true,"href":"https:\/\/www.webdo.tn\/fr\/wp-json\/wp\/v2\/comments?post=210174"}],"version-history":[{"count":0,"href":"https:\/\/www.webdo.tn\/fr\/wp-json\/wp\/v2\/posts\/210174\/revisions"}],"wp:featuredmedia":[{"embeddable":true,"href":"https:\/\/www.webdo.tn\/fr\/wp-json\/wp\/v2\/media\/248762"}],"wp:attachment":[{"href":"https:\/\/www.webdo.tn\/fr\/wp-json\/wp\/v2\/media?parent=210174"}],"wp:term":[{"taxonomy":"category","embeddable":true,"href":"https:\/\/www.webdo.tn\/fr\/wp-json\/wp\/v2\/categories?post=210174"},{"taxonomy":"post_tag","embeddable":true,"href":"https:\/\/www.webdo.tn\/fr\/wp-json\/wp\/v2\/tags?post=210174"}],"curies":[{"name":"wp","href":"https:\/\/api.w.org\/{rel}","templated":true}]}}